{"id":53677,"date":"2024-06-18T16:51:40","date_gmt":"2024-06-18T19:51:40","guid":{"rendered":"https:\/\/ismaelcolosi.com.br\/index.php\/2024\/06\/18\/vaga-para-analista-contabil-em-ribeirao-preto-spha-1-dia\/"},"modified":"2024-06-18T16:51:40","modified_gmt":"2024-06-18T19:51:40","slug":"vaga-para-analista-contabil-em-ribeirao-preto-spha-1-dia","status":"publish","type":"post","link":"https:\/\/ismaelcolosi.com.br\/index.php\/2024\/06\/18\/vaga-para-analista-contabil-em-ribeirao-preto-spha-1-dia\/","title":{"rendered":"Vaga para Analista Cont\u00e1bil em Ribeir\u00e3o Preto &#8211; SPh\u00e1 1 dia"},"content":{"rendered":"<div class=\"box\"><span class=\"marker\"><\/span><a href=\"https:\/\/eventosrh.selecty.com.br\/vaga\/1775\/vaga-para-assistente-administrativo-temporario-em-ribeirao-preto\"><span>Vaga para <strong>Assistente Administrativo (tempor\u00e1rio)<\/strong> em Ribeir\u00e3o Preto<\/span><\/a><\/div>\n<div class=\"box\"><span class=\"marker\"><\/span><a href=\"https:\/\/eventosrh.selecty.com.br\/vaga\/2052\/vaga-para-analista-contabil-em-ribeirao-preto-sp\"><span>Vaga para <strong>Analista Cont\u00e1bil<\/strong> em Ribeir\u00e3o Preto &#8211; SP<\/span><small title=\"17\/06\/2024 11:19:20\">h\u00e1 1 dia<\/small><\/a><\/div>\n<div class=\"box\"><span class=\"marker\"><\/span><a href=\"https:\/\/eventosrh.selecty.com.br\/vaga\/2053\/vaga-para-auxiliar-de-servicos-gerais-em-monte-alto-sp\"><span>5 vagas para <strong>Auxiliar de Servi\u00e7os Gerais<\/strong> em Monte Alto &#8211; SP<\/span><small title=\"17\/06\/2024 10:23:07\">h\u00e1 1 dia<\/small><\/a><\/div>\n<div class=\"box\"><span class=\"marker\"><\/span><a href=\"https:\/\/eventosrh.selecty.com.br\/vaga\/2051\/vaga-para-motorista-entregador-em-ribeirao-preto-sp\"><span>1 vaga para <strong>Motorista Entregador<\/strong> em Ribeir\u00e3o Preto &#8211; SP<\/span><small title=\"14\/06\/2024 15:29:00\">h\u00e1 4 dias<\/small><\/a><\/div>\n<div class=\"box\"><span class=\"marker\"><\/span><a href=\"https:\/\/eventosrh.selecty.com.br\/vaga\/2050\/vaga-para-auxiliar-operacional-de-logistica-estoque-em-ribeirao-preto\"><span>Vaga para <strong>Auxiliar Operacional de Log\u00edstica ( Estoque)<\/strong> em Ribeir\u00e3o Preto<\/span><\/a><\/div>\n<div class=\"box\"><span class=\"marker\"><\/span><a href=\"https:\/\/eventosrh.selecty.com.br\/vaga\/2046\/vaga-para-vendedor-interno-em-ribeirao-preto-sp\"><span>Vaga para <strong>Vendedor Interno<\/strong> em Ribeir\u00e3o Preto &#8211; SP<\/span><small title=\"13\/06\/2024 11:41:09\">h\u00e1 5 dias<\/small><\/a><\/div>\n<div class=\"box\"><span class=\"marker\"><\/span><a href=\"https:\/\/eventosrh.selecty.com.br\/vaga\/2049\/vaga-para-vendedor-interno-em-ribeirao-preto-sp\"><span>5 vagas para <strong>Vendedor Interno<\/strong> em Ribeir\u00e3o Preto &#8211; SP<\/span><small title=\"13\/06\/2024 10:59:34\">h\u00e1 5 dias<\/small><\/a><\/div>\n<div class='code-block code-block-4' style='margin: 8px auto 8px 0; text-align: left; display: block; clear: both;'>\n\ud83d\udce2 Aviso Legal\n\nO site ismaelcolosi.com.br atua apenas como um canal de divulga\u00e7\u00e3o de oportunidades de emprego e n\u00e3o se responsabiliza pelo processo seletivo, contrata\u00e7\u00e3o ou qualquer outra etapa relacionada \u00e0s vagas publicadas. Todas as informa\u00e7\u00f5es s\u00e3o de responsabilidade dos anunciantes.\n\n\u26a0\ufe0f Aten\u00e7\u00e3o! Nunca pague por promessas de emprego nem compre cursos que garantam contrata\u00e7\u00e3o. Desconfie de qualquer cobran\u00e7a para participar de sele\u00e7\u00f5es.\n\n\n\n<\/div>\n<!-- CONTENT END 1 -->\n","protected":false},"excerpt":{"rendered":"<p>Vaga para Assistente Administrativo (tempor\u00e1rio) em Ribeir\u00e3o Preto Vaga para Analista Cont\u00e1bil em Ribeir\u00e3o Preto &#8211; SPh\u00e1 1 dia 5 vagas para Auxiliar de Servi\u00e7os&#8230;<\/p>\n","protected":false},"author":1,"featured_media":0,"comment_status":"open","ping_status":"open","sticky":false,"template":"","format":"standard","meta":{"_uag_custom_page_level_css":"","advanced_seo_description":"","jetpack_seo_html_title":"","jetpack_seo_noindex":false,"jetpack_post_was_ever_published":false,"_jetpack_newsletter_access":"","_jetpack_dont_email_post_to_subs":false,"_jetpack_newsletter_tier_id":0,"_jetpack_memberships_contains_paywalled_content":false,"_jetpack_memberships_contains_paid_content":false,"footnotes":"","jetpack_publicize_message":"","jetpack_publicize_feature_enabled":true,"jetpack_social_post_already_shared":true,"jetpack_social_options":{"image_generator_settings":{"template":"highway","default_image_id":0,"font":"","enabled":false},"version":2}},"categories":[7],"tags":[],"class_list":["post-53677","post","type-post","status-publish","format-standard","hentry","category-vagas-de-empregos-em-ribeirao-preto-regiao-brasil"],"jetpack_publicize_connections":[],"jetpack_featured_media_url":"","uagb_featured_image_src":{"full":false,"thumbnail":false,"medium":false,"medium_large":false,"large":false,"1536x1536":false,"2048x2048":false,"really-simple-thumb":false},"uagb_author_info":{"display_name":"ismaelcolosi.com.br","author_link":"https:\/\/ismaelcolosi.com.br\/index.php\/author\/vidareal-online\/"},"uagb_comment_info":0,"uagb_excerpt":"Vaga para Assistente Administrativo (tempor\u00e1rio) em Ribeir\u00e3o Preto Vaga para Analista Cont\u00e1bil em Ribeir\u00e3o Preto &#8211; SPh\u00e1 1 dia 5 vagas para Auxiliar de Servi\u00e7os...","jetpack-related-posts":[{"id":19922,"url":"https:\/\/ismaelcolosi.com.br\/index.php\/2023\/12\/23\/vaga-para-analista-operacional-de-riscos-em-ribeirao-preto-spha-1-dia\/","url_meta":{"origin":53677,"position":0},"title":"Vaga para Analista Operacional de Riscos em Ribeir\u00e3o Preto &#8211; SPh\u00e1 1 dia","author":"ismaelcolosi.com.br","date":"23 de December de 2023","format":false,"excerpt":"Vaga para Assistente de Vendas J\u00fanior em Ribeir\u00e3o Pretoh\u00e1 1 dia 1 vaga para Vendedora Externa em Sert\u00e3ozinho - SPh\u00e1 1 dia Vaga para Analista Operacional de Riscos em Ribeir\u00e3o Preto - SPh\u00e1 1 dia Vaga para Assistente Financeiro PCD em Ribeir\u00e3o Preto Vaga para Recepcionista em Ribeir\u00e3o Preto Vaga\u2026","rel":"","context":"In &quot;Vagas de Emprego em Ribeir\u00e3o Preto-SP&quot;","block_context":{"text":"Vagas de Emprego em Ribeir\u00e3o Preto-SP","link":"https:\/\/ismaelcolosi.com.br\/index.php\/category\/empregos-classificados-vagas-trabalho\/vagas-de-empregos-em-ribeirao-preto-regiao-brasil\/"},"img":{"alt_text":"","src":"","width":0,"height":0},"classes":[]},{"id":19923,"url":"https:\/\/ismaelcolosi.com.br\/index.php\/2023\/12\/23\/1-vaga-para-vendedora-externa-em-sertaozinho-spha-1-dia\/","url_meta":{"origin":53677,"position":1},"title":"1 vaga para Vendedora Externa em Sert\u00e3ozinho &#8211; SPh\u00e1 1 dia","author":"ismaelcolosi.com.br","date":"23 de December de 2023","format":false,"excerpt":"Vaga para Assistente de Vendas J\u00fanior em Ribeir\u00e3o Pretoh\u00e1 1 dia 1 vaga para Vendedora Externa em Sert\u00e3ozinho - SPh\u00e1 1 dia Vaga para Analista Operacional de Riscos em Ribeir\u00e3o Preto - SPh\u00e1 1 dia Vaga para Assistente Financeiro PCD em Ribeir\u00e3o Preto Vaga para Recepcionista em Ribeir\u00e3o Preto Vaga\u2026","rel":"","context":"In &quot;Vagas de Emprego em Ribeir\u00e3o Preto-SP&quot;","block_context":{"text":"Vagas de Emprego em Ribeir\u00e3o Preto-SP","link":"https:\/\/ismaelcolosi.com.br\/index.php\/category\/empregos-classificados-vagas-trabalho\/vagas-de-empregos-em-ribeirao-preto-regiao-brasil\/"},"img":{"alt_text":"","src":"","width":0,"height":0},"classes":[]},{"id":28823,"url":"https:\/\/ismaelcolosi.com.br\/index.php\/2024\/01\/16\/vaga-para-secretaria-executiva-em-ribeirao-preto-spha-1-dia\/","url_meta":{"origin":53677,"position":2},"title":"Vaga para Secret\u00e1ria Executiva em Ribeir\u00e3o Preto &#8211; SPh\u00e1 1 dia","author":"ismaelcolosi.com.br","date":"16 de January de 2024","format":false,"excerpt":"1 vaga para Polidor Automotivo em Ribeir\u00e3o Preto - SPh\u00e1 3 horas 1 vaga para Vendedor de Servi\u00e7os de Est\u00e9tica Automotiva em Ribeir\u00e3o Preto - SPh\u00e1 9 horas Vaga para Secret\u00e1ria Executiva em Ribeir\u00e3o Preto - SPh\u00e1 1 dia 1 vaga para Operador Moagem I em Mat\u00e3o - SPh\u00e1 4\u2026","rel":"","context":"In &quot;Vagas de Emprego em Ribeir\u00e3o Preto-SP&quot;","block_context":{"text":"Vagas de Emprego em Ribeir\u00e3o Preto-SP","link":"https:\/\/ismaelcolosi.com.br\/index.php\/category\/empregos-classificados-vagas-trabalho\/vagas-de-empregos-em-ribeirao-preto-regiao-brasil\/"},"img":{"alt_text":"","src":"","width":0,"height":0},"classes":[]},{"id":27900,"url":"https:\/\/ismaelcolosi.com.br\/index.php\/2024\/01\/13\/1-vaga-para-operador-moagem-i-em-matao-spha-1-dia\/","url_meta":{"origin":53677,"position":3},"title":"1 vaga para Operador Moagem I em Mat\u00e3o &#8211; SPh\u00e1 1 dia","author":"ismaelcolosi.com.br","date":"13 de January de 2024","format":false,"excerpt":"1 vaga para Operador Moagem I em Mat\u00e3o - SPh\u00e1 1 dia Vaga para Analista Financeiro - Tesouraria em Ribeir\u00e3o Preto Vaga para Assistente Administrativo PCD em Ribeir\u00e3o Preto Vaga para Ajudante Geral de Produ\u00e7\u00e3o em Monte Alto - SP - Brasil Vaga para Assistente Administrativo de Vendas em Ribeir\u00e3o\u2026","rel":"","context":"In &quot;Vagas de Emprego em Ribeir\u00e3o Preto-SP&quot;","block_context":{"text":"Vagas de Emprego em Ribeir\u00e3o Preto-SP","link":"https:\/\/ismaelcolosi.com.br\/index.php\/category\/empregos-classificados-vagas-trabalho\/vagas-de-empregos-em-ribeirao-preto-regiao-brasil\/"},"img":{"alt_text":"","src":"https:\/\/i0.wp.com\/ismaelcolosi.com.br\/wp-content\/uploads\/2024\/01\/1705184144_8228989.jpg?fit=1200%2C675&ssl=1&resize=350%2C200","width":350,"height":200,"srcset":"https:\/\/i0.wp.com\/ismaelcolosi.com.br\/wp-content\/uploads\/2024\/01\/1705184144_8228989.jpg?fit=1200%2C675&ssl=1&resize=350%2C200 1x, https:\/\/i0.wp.com\/ismaelcolosi.com.br\/wp-content\/uploads\/2024\/01\/1705184144_8228989.jpg?fit=1200%2C675&ssl=1&resize=525%2C300 1.5x, https:\/\/i0.wp.com\/ismaelcolosi.com.br\/wp-content\/uploads\/2024\/01\/1705184144_8228989.jpg?fit=1200%2C675&ssl=1&resize=700%2C400 2x, https:\/\/i0.wp.com\/ismaelcolosi.com.br\/wp-content\/uploads\/2024\/01\/1705184144_8228989.jpg?fit=1200%2C675&ssl=1&resize=1050%2C600 3x"},"classes":[]},{"id":15934,"url":"https:\/\/ismaelcolosi.com.br\/index.php\/2023\/12\/14\/1-vaga-para-pintor-de-veiculos-em-ribeirao-preto-spha-1-dia\/","url_meta":{"origin":53677,"position":4},"title":"1 vaga para Pintor de Ve\u00edculos em Ribeir\u00e3o Preto &#8211; SPh\u00e1 1 dia","author":"ismaelcolosi.com.br","date":"14 de December de 2023","format":false,"excerpt":"Vaga para Auxiliar de Expedi\u00e7\u00e3o em Ribeir\u00e3o Preto 1 vaga para Pintor de Ve\u00edculos em Ribeir\u00e3o Preto - SPh\u00e1 1 dia Vaga para Auxiliar Administrativo de Log\u00edstica em Ribeir\u00e3o Pretoh\u00e1 2 dias Vaga para Analista de Garantia da Qualidade Jr. em Ribeir\u00e3o Preto - SP Vaga para T\u00e9cnico em Equipamento\u2026","rel":"","context":"In &quot;Vagas de Emprego em Ribeir\u00e3o Preto-SP&quot;","block_context":{"text":"Vagas de Emprego em Ribeir\u00e3o Preto-SP","link":"https:\/\/ismaelcolosi.com.br\/index.php\/category\/empregos-classificados-vagas-trabalho\/vagas-de-empregos-em-ribeirao-preto-regiao-brasil\/"},"img":{"alt_text":"","src":"","width":0,"height":0},"classes":[]},{"id":12789,"url":"https:\/\/ismaelcolosi.com.br\/index.php\/2023\/12\/08\/1-vaga-para-auxiliar-de-refrigeracao-em-andradina-spha-1-dia\/","url_meta":{"origin":53677,"position":5},"title":"1 vaga para Auxiliar de Refrigera\u00e7\u00e3o em Andradina &#8211; SPh\u00e1 1 dia","author":"ismaelcolosi.com.br","date":"8 de December de 2023","format":false,"excerpt":"1 vaga para Auxiliar de Refrigera\u00e7\u00e3o em Andradina - SPh\u00e1 1 dia 1 vaga para T\u00e9cnico de Refrigera\u00e7\u00e3o em Andradina - SPh\u00e1 1 dia Vaga para Estagi\u00e1rio Marketing Estrat\u00e9gico em Ribeir\u00e3o Preto Vaga para Estagi\u00e1rio em Com\u00e9rcio Exterior em Ribeir\u00e3o Preto Vaga para Auxiliar de Dep\u00f3sito (tempor\u00e1rio) em Ribeir\u00e3o Preto\u2026","rel":"","context":"In &quot;Vagas de Emprego em Ribeir\u00e3o Preto-SP&quot;","block_context":{"text":"Vagas de Emprego em Ribeir\u00e3o Preto-SP","link":"https:\/\/ismaelcolosi.com.br\/index.php\/category\/empregos-classificados-vagas-trabalho\/vagas-de-empregos-em-ribeirao-preto-regiao-brasil\/"},"img":{"alt_text":"","src":"https:\/\/i0.wp.com\/ismaelcolosi.com.br\/wp-content\/uploads\/2023\/12\/1702060944_8228989.jpg?fit=1200%2C675&ssl=1&resize=350%2C200","width":350,"height":200,"srcset":"https:\/\/i0.wp.com\/ismaelcolosi.com.br\/wp-content\/uploads\/2023\/12\/1702060944_8228989.jpg?fit=1200%2C675&ssl=1&resize=350%2C200 1x, https:\/\/i0.wp.com\/ismaelcolosi.com.br\/wp-content\/uploads\/2023\/12\/1702060944_8228989.jpg?fit=1200%2C675&ssl=1&resize=525%2C300 1.5x, https:\/\/i0.wp.com\/ismaelcolosi.com.br\/wp-content\/uploads\/2023\/12\/1702060944_8228989.jpg?fit=1200%2C675&ssl=1&resize=700%2C400 2x, https:\/\/i0.wp.com\/ismaelcolosi.com.br\/wp-content\/uploads\/2023\/12\/1702060944_8228989.jpg?fit=1200%2C675&ssl=1&resize=1050%2C600 3x"},"classes":[]}],"jetpack_sharing_enabled":true,"jetpack_shortlink":"https:\/\/wp.me\/pfMlyK-dXL","_links":{"self":[{"href":"https:\/\/ismaelcolosi.com.br\/index.php\/wp-json\/wp\/v2\/posts\/53677","targetHints":{"allow":["GET"]}}],"collection":[{"href":"https:\/\/ismaelcolosi.com.br\/index.php\/wp-json\/wp\/v2\/posts"}],"about":[{"href":"https:\/\/ismaelcolosi.com.br\/index.php\/wp-json\/wp\/v2\/types\/post"}],"author":[{"embeddable":true,"href":"https:\/\/ismaelcolosi.com.br\/index.php\/wp-json\/wp\/v2\/users\/1"}],"replies":[{"embeddable":true,"href":"https:\/\/ismaelcolosi.com.br\/index.php\/wp-json\/wp\/v2\/comments?post=53677"}],"version-history":[{"count":0,"href":"https:\/\/ismaelcolosi.com.br\/index.php\/wp-json\/wp\/v2\/posts\/53677\/revisions"}],"wp:attachment":[{"href":"https:\/\/ismaelcolosi.com.br\/index.php\/wp-json\/wp\/v2\/media?parent=53677"}],"wp:term":[{"taxonomy":"category","embeddable":true,"href":"https:\/\/ismaelcolosi.com.br\/index.php\/wp-json\/wp\/v2\/categories?post=53677"},{"taxonomy":"post_tag","embeddable":true,"href":"https:\/\/ismaelcolosi.com.br\/index.php\/wp-json\/wp\/v2\/tags?post=53677"}],"curies":[{"name":"wp","href":"https:\/\/api.w.org\/{rel}","templated":true}]}}