{"id":53675,"date":"2024-06-18T16:47:36","date_gmt":"2024-06-18T19:47:36","guid":{"rendered":"https:\/\/ismaelcolosi.com.br\/index.php\/2024\/06\/18\/fabrica-de-alimentos-pega-fogo-na-regiao-de-ribeirao-preto-veja-o-video\/"},"modified":"2024-06-18T16:47:36","modified_gmt":"2024-06-18T19:47:36","slug":"fabrica-de-alimentos-pega-fogo-na-regiao-de-ribeirao-preto-veja-o-video","status":"publish","type":"post","link":"https:\/\/ismaelcolosi.com.br\/index.php\/2024\/06\/18\/fabrica-de-alimentos-pega-fogo-na-regiao-de-ribeirao-preto-veja-o-video\/","title":{"rendered":"F\u00e1brica de alimentos pega fogo na regi\u00e3o de Ribeir\u00e3o Preto; Veja o v\u00eddeo"},"content":{"rendered":"<p> <br \/>\n<\/p>\n<div data-td-block-uid=\"tdi_106\">\n<div class=\"tdb-block-inner td-fix-index\">\n<p>Uma f\u00e1brica da <strong>Fugini <\/strong>pegou fogo, na tarde desta ter\u00e7a-feira (18), em <strong>Monte Alto<\/strong>, cidade na regi\u00e3o de <strong>Ribeir\u00e3o Preto<\/strong>.<\/p>\n<p>O local fica na avenida Fugita, no Jardim Novo Para\u00edso. <mark style=\"background-color:#fcb900\" class=\"has-inline-color\">De acordo com as informa\u00e7\u00f5es do <strong>Corpo de Bombeiros<\/strong> do munic\u00edpio, o fogo come\u00e7ou na <strong>parte interna da f\u00e1brica de alimentos<\/strong>.<\/mark><\/p>\n<p>Nas redes sociais, diversos v\u00eddeos compartilhados mostram que as chamas formaram uma <strong>grande nuvem de fuma\u00e7a preta no c\u00e9u<\/strong> \u2013 veja o v\u00eddeo abaixo. <strong>Os bombeiros foram acionados e controlaram as chamas.<\/strong><\/p>\n<p>Por meio de nota enviada a imprensa, a empresa informou que, devido ao inc\u00eandio, \u201ca produ\u00e7\u00e3o foi temporariamente pausada apenas na \u00e1rea afetada, mas j\u00e1 foi normalizada\u201d.<\/p>\n<p>A empresa tamb\u00e9m informou que o incidente <strong>n\u00e3o resultou em feridos<\/strong> ou danos significativos \u00e0s instala\u00e7\u00f5es da companhia. <strong>As causas do inc\u00eandio<\/strong>, contudo, <strong>dever\u00e3o ser apuradas<\/strong>.<\/p>\n<blockquote class=\"instagram-media\" data-instgrm-permalink=\"https:\/\/www.instagram.com\/reel\/C8Xi1PGuM1O\/?utm_source=ig_embed&amp;utm_campaign=loading\" data-instgrm-version=\"14\" style=\" background:#FFF; border:0; border-radius:3px; box-shadow:0 0 1px 0 rgba(0,0,0,0.5),0 1px 10px 0 rgba(0,0,0,0.15); margin: 1px; max-width:540px; min-width:326px; padding:0; width:99.375%; width:-webkit-calc(100% - 2px); width:calc(100% - 2px);\"\/>\n<hr class=\"wp-block-separator has-alpha-channel-opacity\"\/>\n<p>SAIBA MAIS<\/p>\n<p>Bairros da zona Norte de Ribeir\u00e3o Preto ficam sem \u00e1gua<\/p>\n<h4 class=\"wp-block-heading\"><strong>FIQUE ON<\/strong><\/h4>\n<p>Fique ligado em tudo que acontece em Ribeir\u00e3o Preto e regi\u00e3o. Siga os perfis do\u00a0<strong>acidade on\u00a0<\/strong>no\u00a0<a href=\"https:\/\/www.instagram.com\/acidadeonribeirao\" target=\"_blank\" rel=\"noreferrer noopener\">Instagram<\/a>\u00a0e no\u00a0<a href=\"https:\/\/www.facebook.com\/acidadeonribeirao\" target=\"_blank\" rel=\"noreferrer noopener\">Facebook<\/a>.<\/p>\n<p>Receba not\u00edcias do acidade on no WhatsApp. Para entrar no grupo, basta\u00a0<a href=\"https:\/\/chat.whatsapp.com\/CdrZ6xrf7quD44Vw3WlPuZ\" target=\"_blank\" rel=\"noreferrer noopener\">clicar aqui<\/a>.<\/p>\n<p>Fa\u00e7a uma den\u00fancia ou sugira uma reportagem sobre Ribeir\u00e3o Preto e regi\u00e3o pelo WhatsApp: 16 99117 7802.<\/p>\n<p>VEJA TAMB\u00c9M<\/p>\n<p>Quem vai ser Odete Roitman em \u201cVale Tudo\u201d?<\/p>\n<p><!-- AI CONTENT END 1 -->\n<\/div>\n<\/div>\n<p><script async src=\"\/\/www.instagram.com\/embed.js\"><\/script><br \/>\n<br \/><br \/>\n<br \/><a href=\"https:\/\/www.acidadeon.com\/ribeiraopreto\/cotidiano\/fabrica-de-alimentos-pega-fogo-na-regiao-de-ribeirao-preto-veja-o-video\/\">Source link <\/a><\/p>\n<div class='code-block code-block-4' style='margin: 8px auto 8px 0; text-align: left; display: block; clear: both;'>\n\ud83d\udce2 Aviso Legal\n\nO site ismaelcolosi.com.br atua apenas como um canal de divulga\u00e7\u00e3o de oportunidades de emprego e n\u00e3o se responsabiliza pelo processo seletivo, contrata\u00e7\u00e3o ou qualquer outra etapa relacionada \u00e0s vagas publicadas. Todas as informa\u00e7\u00f5es s\u00e3o de responsabilidade dos anunciantes.\n\n\u26a0\ufe0f Aten\u00e7\u00e3o! Nunca pague por promessas de emprego nem compre cursos que garantam contrata\u00e7\u00e3o. Desconfie de qualquer cobran\u00e7a para participar de sele\u00e7\u00f5es.\n\n\n\n<\/div>\n<!-- CONTENT END 1 -->\n","protected":false},"excerpt":{"rendered":"<p>Uma f\u00e1brica da Fugini pegou fogo, na tarde desta ter\u00e7a-feira (18), em Monte Alto, cidade na regi\u00e3o de Ribeir\u00e3o Preto. O local fica na avenida&#8230;<\/p>\n","protected":false},"author":1,"featured_media":53676,"comment_status":"open","ping_status":"open","sticky":false,"template":"","format":"standard","meta":{"_uag_custom_page_level_css":"","advanced_seo_description":"","jetpack_seo_html_title":"","jetpack_seo_noindex":false,"jetpack_post_was_ever_published":false,"_jetpack_newsletter_access":"","_jetpack_dont_email_post_to_subs":false,"_jetpack_newsletter_tier_id":0,"_jetpack_memberships_contains_paywalled_content":false,"_jetpack_memberships_contains_paid_content":false,"footnotes":"","jetpack_publicize_message":"","jetpack_publicize_feature_enabled":true,"jetpack_social_post_already_shared":true,"jetpack_social_options":{"image_generator_settings":{"template":"highway","default_image_id":0,"font":"","enabled":false},"version":2}},"categories":[11],"tags":[],"class_list":["post-53675","post","type-post","status-publish","format-standard","has-post-thumbnail","hentry","category-noticias-de-ribeirao-preto-sp-e-regiao-ismael-colosi"],"jetpack_publicize_connections":[],"jetpack_featured_media_url":"https:\/\/i0.wp.com\/ismaelcolosi.com.br\/wp-content\/uploads\/2024\/06\/Copia-de-Copia-de-TAMANHO-EXATO-PARA-FOTOS-NO-SISTEMA-NOVO-82_2024-06-18_19-01-15_png_2024-06-18_19-01-15.webp.webp?fit=1200%2C675&ssl=1","uagb_featured_image_src":{"full":["https:\/\/i0.wp.com\/ismaelcolosi.com.br\/wp-content\/uploads\/2024\/06\/Copia-de-Copia-de-TAMANHO-EXATO-PARA-FOTOS-NO-SISTEMA-NOVO-82_2024-06-18_19-01-15_png_2024-06-18_19-01-15.webp.webp?fit=1200%2C675&ssl=1",1200,675,false],"thumbnail":["https:\/\/i0.wp.com\/ismaelcolosi.com.br\/wp-content\/uploads\/2024\/06\/Copia-de-Copia-de-TAMANHO-EXATO-PARA-FOTOS-NO-SISTEMA-NOVO-82_2024-06-18_19-01-15_png_2024-06-18_19-01-15.webp.webp?resize=150%2C150&ssl=1",150,150,true],"medium":["https:\/\/i0.wp.com\/ismaelcolosi.com.br\/wp-content\/uploads\/2024\/06\/Copia-de-Copia-de-TAMANHO-EXATO-PARA-FOTOS-NO-SISTEMA-NOVO-82_2024-06-18_19-01-15_png_2024-06-18_19-01-15.webp.webp?fit=300%2C169&ssl=1",300,169,true],"medium_large":["https:\/\/i0.wp.com\/ismaelcolosi.com.br\/wp-content\/uploads\/2024\/06\/Copia-de-Copia-de-TAMANHO-EXATO-PARA-FOTOS-NO-SISTEMA-NOVO-82_2024-06-18_19-01-15_png_2024-06-18_19-01-15.webp.webp?fit=768%2C432&ssl=1",768,432,true],"large":["https:\/\/i0.wp.com\/ismaelcolosi.com.br\/wp-content\/uploads\/2024\/06\/Copia-de-Copia-de-TAMANHO-EXATO-PARA-FOTOS-NO-SISTEMA-NOVO-82_2024-06-18_19-01-15_png_2024-06-18_19-01-15.webp.webp?fit=1024%2C576&ssl=1",1024,576,true],"1536x1536":["https:\/\/i0.wp.com\/ismaelcolosi.com.br\/wp-content\/uploads\/2024\/06\/Copia-de-Copia-de-TAMANHO-EXATO-PARA-FOTOS-NO-SISTEMA-NOVO-82_2024-06-18_19-01-15_png_2024-06-18_19-01-15.webp.webp?fit=1200%2C675&ssl=1",1200,675,true],"2048x2048":["https:\/\/i0.wp.com\/ismaelcolosi.com.br\/wp-content\/uploads\/2024\/06\/Copia-de-Copia-de-TAMANHO-EXATO-PARA-FOTOS-NO-SISTEMA-NOVO-82_2024-06-18_19-01-15_png_2024-06-18_19-01-15.webp.webp?fit=1200%2C675&ssl=1",1200,675,true],"really-simple-thumb":["https:\/\/i0.wp.com\/ismaelcolosi.com.br\/wp-content\/uploads\/2024\/06\/Copia-de-Copia-de-TAMANHO-EXATO-PARA-FOTOS-NO-SISTEMA-NOVO-82_2024-06-18_19-01-15_png_2024-06-18_19-01-15.webp.webp?resize=370%2C247&ssl=1",370,247,true]},"uagb_author_info":{"display_name":"ismaelcolosi.com.br","author_link":"https:\/\/ismaelcolosi.com.br\/index.php\/author\/vidareal-online\/"},"uagb_comment_info":0,"uagb_excerpt":"Uma f\u00e1brica da Fugini pegou fogo, na tarde desta ter\u00e7a-feira (18), em Monte Alto, cidade na regi\u00e3o de Ribeir\u00e3o Preto. O local fica na avenida...","jetpack-related-posts":[{"id":47959,"url":"https:\/\/ismaelcolosi.com.br\/index.php\/2024\/04\/29\/incendio-em-academia-na-zona-oeste-de-ribeirao-preto-mobiliza-bombeiros-veja-video\/","url_meta":{"origin":53675,"position":0},"title":"Inc\u00eandio em academia na zona Oeste de Ribeir\u00e3o Preto mobiliza bombeiros; Veja v\u00eddeo","author":"ismaelcolosi.com.br","date":"29 de April de 2024","format":false,"excerpt":"Uma academia que fica na avenida Ant\u00f4nio e Helena Zerrener, na zona Oeste de Ribeir\u00e3o Preto, pegou fogo no in\u00edcio da noite desta segunda-feira (29). Imagens registradas por moradores de um pr\u00e9dio vizinho mostram as chamas altas e muita fuma\u00e7a (veja abaixo). Segundo o Corpo de Bombeiros, n\u00e3o houve v\u00edtimas\u2026","rel":"","context":"In &quot;Not\u00edcias de Ribeir\u00e3o Preto-SP e Regi\u00e3o&quot;","block_context":{"text":"Not\u00edcias de Ribeir\u00e3o Preto-SP e Regi\u00e3o","link":"https:\/\/ismaelcolosi.com.br\/index.php\/category\/noticias-de-ribeirao-preto-sp-e-regiao-ismael-colosi\/"},"img":{"alt_text":"","src":"https:\/\/i0.wp.com\/ismaelcolosi.com.br\/wp-content\/uploads\/2024\/04\/Copia-de-Copia-de-TAMANHO-EXATO-PARA-FOTOS-NO-SISTEMA-NOVO-21-2_2024-04-29_22-16-51_jpg.webp.webp?fit=1200%2C675&ssl=1&resize=350%2C200","width":350,"height":200,"srcset":"https:\/\/i0.wp.com\/ismaelcolosi.com.br\/wp-content\/uploads\/2024\/04\/Copia-de-Copia-de-TAMANHO-EXATO-PARA-FOTOS-NO-SISTEMA-NOVO-21-2_2024-04-29_22-16-51_jpg.webp.webp?fit=1200%2C675&ssl=1&resize=350%2C200 1x, https:\/\/i0.wp.com\/ismaelcolosi.com.br\/wp-content\/uploads\/2024\/04\/Copia-de-Copia-de-TAMANHO-EXATO-PARA-FOTOS-NO-SISTEMA-NOVO-21-2_2024-04-29_22-16-51_jpg.webp.webp?fit=1200%2C675&ssl=1&resize=525%2C300 1.5x, https:\/\/i0.wp.com\/ismaelcolosi.com.br\/wp-content\/uploads\/2024\/04\/Copia-de-Copia-de-TAMANHO-EXATO-PARA-FOTOS-NO-SISTEMA-NOVO-21-2_2024-04-29_22-16-51_jpg.webp.webp?fit=1200%2C675&ssl=1&resize=700%2C400 2x, https:\/\/i0.wp.com\/ismaelcolosi.com.br\/wp-content\/uploads\/2024\/04\/Copia-de-Copia-de-TAMANHO-EXATO-PARA-FOTOS-NO-SISTEMA-NOVO-21-2_2024-04-29_22-16-51_jpg.webp.webp?fit=1200%2C675&ssl=1&resize=1050%2C600 3x"},"classes":[]},{"id":58901,"url":"https:\/\/ismaelcolosi.com.br\/index.php\/2024\/08\/03\/fogo-atinge-area-de-mato-e-assusta-moradores-na-zona-sul-de-ribeirao-veja-video\/","url_meta":{"origin":53675,"position":1},"title":"Fogo atinge \u00e1rea de mato e assusta moradores na zona Sul de Ribeir\u00e3o; Veja v\u00eddeo","author":"ismaelcolosi.com.br","date":"3 de August de 2024","format":false,"excerpt":"Um inc\u00eandio em uma \u00e1rea de mato causou muita fuma\u00e7a e assustou moradores na tarde deste s\u00e1bado (3), no Jardim Nova Alian\u00e7a, zona Sul de Ribeir\u00e3o Preto. Assista ao v\u00eddeo abaixo. O fogo tomou praticamente todo o terreno pela rua Romeu Engracia de Faria, pr\u00f3ximo de uma universidade particular. \u201cFico\u2026","rel":"","context":"In &quot;Not\u00edcias de Ribeir\u00e3o Preto-SP e Regi\u00e3o&quot;","block_context":{"text":"Not\u00edcias de Ribeir\u00e3o Preto-SP e Regi\u00e3o","link":"https:\/\/ismaelcolosi.com.br\/index.php\/category\/noticias-de-ribeirao-preto-sp-e-regiao-ismael-colosi\/"},"img":{"alt_text":"","src":"https:\/\/i0.wp.com\/ismaelcolosi.com.br\/wp-content\/uploads\/2024\/08\/WhatsApp-Image-2024-08-03-at-15.36.51_2024-08-03_18-49-29_jpeg_2024-08-03_18-49-29.webp.webp?fit=1200%2C958&ssl=1&resize=350%2C200","width":350,"height":200,"srcset":"https:\/\/i0.wp.com\/ismaelcolosi.com.br\/wp-content\/uploads\/2024\/08\/WhatsApp-Image-2024-08-03-at-15.36.51_2024-08-03_18-49-29_jpeg_2024-08-03_18-49-29.webp.webp?fit=1200%2C958&ssl=1&resize=350%2C200 1x, https:\/\/i0.wp.com\/ismaelcolosi.com.br\/wp-content\/uploads\/2024\/08\/WhatsApp-Image-2024-08-03-at-15.36.51_2024-08-03_18-49-29_jpeg_2024-08-03_18-49-29.webp.webp?fit=1200%2C958&ssl=1&resize=525%2C300 1.5x, https:\/\/i0.wp.com\/ismaelcolosi.com.br\/wp-content\/uploads\/2024\/08\/WhatsApp-Image-2024-08-03-at-15.36.51_2024-08-03_18-49-29_jpeg_2024-08-03_18-49-29.webp.webp?fit=1200%2C958&ssl=1&resize=700%2C400 2x, https:\/\/i0.wp.com\/ismaelcolosi.com.br\/wp-content\/uploads\/2024\/08\/WhatsApp-Image-2024-08-03-at-15.36.51_2024-08-03_18-49-29_jpeg_2024-08-03_18-49-29.webp.webp?fit=1200%2C958&ssl=1&resize=1050%2C600 3x"},"classes":[]},{"id":62120,"url":"https:\/\/ismaelcolosi.com.br\/index.php\/2024\/08\/25\/regiao-de-ribeirao-preto-tem-mais-de-200-familias-desabrigadas-por-conta-do-fogo\/","url_meta":{"origin":53675,"position":2},"title":"Regi\u00e3o de Ribeir\u00e3o Preto tem mais de 200 fam\u00edlias desabrigadas por conta do fogo","author":"ismaelcolosi.com.br","date":"25 de August de 2024","format":false,"excerpt":"O gabinete de crise criado pelo Governo de S\u00e3o Paulo para a\u00e7\u00f5es contra os inc\u00eandios informou que 270 fam\u00edlias de Prad\u00f3polis, na regi\u00e3o de Ribeir\u00e3o Preto, ficaram desabrigadas por conta do fogo. De acordo com o gabinete de crise, a Defesa Civil e o Fundo Social do Estado enviaram ajuda\u2026","rel":"","context":"In &quot;Not\u00edcias de Ribeir\u00e3o Preto-SP e Regi\u00e3o&quot;","block_context":{"text":"Not\u00edcias de Ribeir\u00e3o Preto-SP e Regi\u00e3o","link":"https:\/\/ismaelcolosi.com.br\/index.php\/category\/noticias-de-ribeirao-preto-sp-e-regiao-ismael-colosi\/"},"img":{"alt_text":"","src":"https:\/\/i0.wp.com\/ismaelcolosi.com.br\/wp-content\/uploads\/2024\/08\/incendio-leo-gomes_2024-08-23_20-31-31_jpg_2024-08-23_20-31-31.webp.webp?fit=861%2C586&ssl=1&resize=350%2C200","width":350,"height":200,"srcset":"https:\/\/i0.wp.com\/ismaelcolosi.com.br\/wp-content\/uploads\/2024\/08\/incendio-leo-gomes_2024-08-23_20-31-31_jpg_2024-08-23_20-31-31.webp.webp?fit=861%2C586&ssl=1&resize=350%2C200 1x, https:\/\/i0.wp.com\/ismaelcolosi.com.br\/wp-content\/uploads\/2024\/08\/incendio-leo-gomes_2024-08-23_20-31-31_jpg_2024-08-23_20-31-31.webp.webp?fit=861%2C586&ssl=1&resize=525%2C300 1.5x, https:\/\/i0.wp.com\/ismaelcolosi.com.br\/wp-content\/uploads\/2024\/08\/incendio-leo-gomes_2024-08-23_20-31-31_jpg_2024-08-23_20-31-31.webp.webp?fit=861%2C586&ssl=1&resize=700%2C400 2x"},"classes":[]},{"id":69089,"url":"https:\/\/ismaelcolosi.com.br\/index.php\/2024\/10\/03\/incendio-atinge-fabrica-ao-lado-de-igreja-na-regiao-de-ribeirao-preto-video\/","url_meta":{"origin":53675,"position":3},"title":"Inc\u00eandio atinge f\u00e1brica ao lado de igreja na regi\u00e3o de Ribeir\u00e3o Preto; V\u00eddeo","author":"ismaelcolosi.com.br","date":"3 de October de 2024","format":false,"excerpt":"Um inc\u00eandio atingiu uma f\u00e1brica de juntas de borracha na manh\u00e3 desta quinta-feira (3), ao lado de uma igreja evang\u00e9lica na avenida Osvaldo Pontes, em Sert\u00e3ozinho, na regi\u00e3o de Ribeir\u00e3o Preto. Assista ao v\u00eddeo abaixo. A prefeitura informou que n\u00e3o houve registro de feridos. Ainda segundo as informa\u00e7\u00f5es, as chamas\u2026","rel":"","context":"In &quot;Not\u00edcias de Ribeir\u00e3o Preto-SP e Regi\u00e3o&quot;","block_context":{"text":"Not\u00edcias de Ribeir\u00e3o Preto-SP e Regi\u00e3o","link":"https:\/\/ismaelcolosi.com.br\/index.php\/category\/noticias-de-ribeirao-preto-sp-e-regiao-ismael-colosi\/"},"img":{"alt_text":"","src":"https:\/\/i0.wp.com\/ismaelcolosi.com.br\/wp-content\/uploads\/2024\/10\/WhatsApp-Image-2024-10-03-at-11.51.12_2024-10-03_14-53-32_jpeg_2024-10-03_14-53-32.webp.webp?fit=1200%2C1069&ssl=1&resize=350%2C200","width":350,"height":200,"srcset":"https:\/\/i0.wp.com\/ismaelcolosi.com.br\/wp-content\/uploads\/2024\/10\/WhatsApp-Image-2024-10-03-at-11.51.12_2024-10-03_14-53-32_jpeg_2024-10-03_14-53-32.webp.webp?fit=1200%2C1069&ssl=1&resize=350%2C200 1x, https:\/\/i0.wp.com\/ismaelcolosi.com.br\/wp-content\/uploads\/2024\/10\/WhatsApp-Image-2024-10-03-at-11.51.12_2024-10-03_14-53-32_jpeg_2024-10-03_14-53-32.webp.webp?fit=1200%2C1069&ssl=1&resize=525%2C300 1.5x, https:\/\/i0.wp.com\/ismaelcolosi.com.br\/wp-content\/uploads\/2024\/10\/WhatsApp-Image-2024-10-03-at-11.51.12_2024-10-03_14-53-32_jpeg_2024-10-03_14-53-32.webp.webp?fit=1200%2C1069&ssl=1&resize=700%2C400 2x, https:\/\/i0.wp.com\/ismaelcolosi.com.br\/wp-content\/uploads\/2024\/10\/WhatsApp-Image-2024-10-03-at-11.51.12_2024-10-03_14-53-32_jpeg_2024-10-03_14-53-32.webp.webp?fit=1200%2C1069&ssl=1&resize=1050%2C600 3x"},"classes":[]},{"id":22375,"url":"https:\/\/ismaelcolosi.com.br\/index.php\/2023\/12\/29\/caminhao-pega-fogo-e-interdita-rodovia-na-regiao-de-ribeirao-preto-veja-o-video\/","url_meta":{"origin":53675,"position":4},"title":"Caminh\u00e3o pega fogo e interdita rodovia na regi\u00e3o de Ribeir\u00e3o Preto; Veja o v\u00eddeo","author":"ismaelcolosi.com.br","date":"29 de December de 2023","format":false,"excerpt":"A parte traseira de um caminh\u00e3o ficou destru\u00edda ap\u00f3s pegar fogo na rodovia C\u00e2ndido Portinari (SP-334), pr\u00f3ximo ao km 319, entre Ribeir\u00e3o Preto e Brodowski, na tarde desta sexta-feira (29). De acordo com a Pol\u00edcia Militar Rodovi\u00e1ria (PMR), trata-se de um caminh\u00e3o trator com semirreboque. O equipamento que transportava sucata\u2026","rel":"","context":"In &quot;Not\u00edcias de Ribeir\u00e3o Preto-SP e Regi\u00e3o&quot;","block_context":{"text":"Not\u00edcias de Ribeir\u00e3o Preto-SP e Regi\u00e3o","link":"https:\/\/ismaelcolosi.com.br\/index.php\/category\/noticias-de-ribeirao-preto-sp-e-regiao-ismael-colosi\/"},"img":{"alt_text":"","src":"https:\/\/i0.wp.com\/ismaelcolosi.com.br\/wp-content\/uploads\/2023\/12\/WhatsApp-Image-2023-12-29-at-17.34.55-scaled.jpeg?fit=1200%2C900&ssl=1&resize=350%2C200","width":350,"height":200,"srcset":"https:\/\/i0.wp.com\/ismaelcolosi.com.br\/wp-content\/uploads\/2023\/12\/WhatsApp-Image-2023-12-29-at-17.34.55-scaled.jpeg?fit=1200%2C900&ssl=1&resize=350%2C200 1x, https:\/\/i0.wp.com\/ismaelcolosi.com.br\/wp-content\/uploads\/2023\/12\/WhatsApp-Image-2023-12-29-at-17.34.55-scaled.jpeg?fit=1200%2C900&ssl=1&resize=525%2C300 1.5x, https:\/\/i0.wp.com\/ismaelcolosi.com.br\/wp-content\/uploads\/2023\/12\/WhatsApp-Image-2023-12-29-at-17.34.55-scaled.jpeg?fit=1200%2C900&ssl=1&resize=700%2C400 2x, https:\/\/i0.wp.com\/ismaelcolosi.com.br\/wp-content\/uploads\/2023\/12\/WhatsApp-Image-2023-12-29-at-17.34.55-scaled.jpeg?fit=1200%2C900&ssl=1&resize=1050%2C600 3x"},"classes":[]},{"id":42400,"url":"https:\/\/ismaelcolosi.com.br\/index.php\/2024\/03\/14\/poste-pega-fogo-na-zona-sul-de-ribeirao-preto-veja-o-video\/","url_meta":{"origin":53675,"position":5},"title":"Poste pega fogo na zona Sul de Ribeir\u00e3o Preto; Veja o v\u00eddeo","author":"ismaelcolosi.com.br","date":"14 de March de 2024","format":false,"excerpt":"Um poste pegou fogo no final da manh\u00e3 desta quinta-feira (14) na rua N\u00e9lio Guim\u00e3raes, no Jardim S\u00e3o Luiz, na zona Sul de Ribeir\u00e3o Preto \u2013 veja o v\u00eddeo abaixo. Ver essa foto no Instagram Uma publica\u00e7\u00e3o compartilhada por acidade on Ribeir\u00e3o (@acidadeonribeirao) Imagens registradas por um internauta mostram que\u2026","rel":"","context":"In &quot;Not\u00edcias de Ribeir\u00e3o Preto-SP e Regi\u00e3o&quot;","block_context":{"text":"Not\u00edcias de Ribeir\u00e3o Preto-SP e Regi\u00e3o","link":"https:\/\/ismaelcolosi.com.br\/index.php\/category\/noticias-de-ribeirao-preto-sp-e-regiao-ismael-colosi\/"},"img":{"alt_text":"","src":"https:\/\/i0.wp.com\/ismaelcolosi.com.br\/wp-content\/uploads\/2024\/03\/AnyConv.com__fogo.webp.webp?fit=1200%2C674&ssl=1&resize=350%2C200","width":350,"height":200,"srcset":"https:\/\/i0.wp.com\/ismaelcolosi.com.br\/wp-content\/uploads\/2024\/03\/AnyConv.com__fogo.webp.webp?fit=1200%2C674&ssl=1&resize=350%2C200 1x, https:\/\/i0.wp.com\/ismaelcolosi.com.br\/wp-content\/uploads\/2024\/03\/AnyConv.com__fogo.webp.webp?fit=1200%2C674&ssl=1&resize=525%2C300 1.5x, https:\/\/i0.wp.com\/ismaelcolosi.com.br\/wp-content\/uploads\/2024\/03\/AnyConv.com__fogo.webp.webp?fit=1200%2C674&ssl=1&resize=700%2C400 2x, https:\/\/i0.wp.com\/ismaelcolosi.com.br\/wp-content\/uploads\/2024\/03\/AnyConv.com__fogo.webp.webp?fit=1200%2C674&ssl=1&resize=1050%2C600 3x"},"classes":[]}],"jetpack_sharing_enabled":true,"jetpack_shortlink":"https:\/\/wp.me\/pfMlyK-dXJ","_links":{"self":[{"href":"https:\/\/ismaelcolosi.com.br\/index.php\/wp-json\/wp\/v2\/posts\/53675","targetHints":{"allow":["GET"]}}],"collection":[{"href":"https:\/\/ismaelcolosi.com.br\/index.php\/wp-json\/wp\/v2\/posts"}],"about":[{"href":"https:\/\/ismaelcolosi.com.br\/index.php\/wp-json\/wp\/v2\/types\/post"}],"author":[{"embeddable":true,"href":"https:\/\/ismaelcolosi.com.br\/index.php\/wp-json\/wp\/v2\/users\/1"}],"replies":[{"embeddable":true,"href":"https:\/\/ismaelcolosi.com.br\/index.php\/wp-json\/wp\/v2\/comments?post=53675"}],"version-history":[{"count":0,"href":"https:\/\/ismaelcolosi.com.br\/index.php\/wp-json\/wp\/v2\/posts\/53675\/revisions"}],"wp:featuredmedia":[{"embeddable":true,"href":"https:\/\/ismaelcolosi.com.br\/index.php\/wp-json\/wp\/v2\/media\/53676"}],"wp:attachment":[{"href":"https:\/\/ismaelcolosi.com.br\/index.php\/wp-json\/wp\/v2\/media?parent=53675"}],"wp:term":[{"taxonomy":"category","embeddable":true,"href":"https:\/\/ismaelcolosi.com.br\/index.php\/wp-json\/wp\/v2\/categories?post=53675"},{"taxonomy":"post_tag","embeddable":true,"href":"https:\/\/ismaelcolosi.com.br\/index.php\/wp-json\/wp\/v2\/tags?post=53675"}],"curies":[{"name":"wp","href":"https:\/\/api.w.org\/{rel}","templated":true}]}}