{"id":53310,"date":"2024-06-15T13:47:20","date_gmt":"2024-06-15T16:47:20","guid":{"rendered":"https:\/\/ismaelcolosi.com.br\/index.php\/2024\/06\/15\/filhote-de-capivara-e-encontrado-em-portao-de-casa-na-zona-oeste-de-ribeirao-veja-video\/"},"modified":"2024-06-15T13:47:20","modified_gmt":"2024-06-15T16:47:20","slug":"filhote-de-capivara-e-encontrado-em-portao-de-casa-na-zona-oeste-de-ribeirao-veja-video","status":"publish","type":"post","link":"https:\/\/ismaelcolosi.com.br\/index.php\/2024\/06\/15\/filhote-de-capivara-e-encontrado-em-portao-de-casa-na-zona-oeste-de-ribeirao-veja-video\/","title":{"rendered":"Filhote de capivara \u00e9 encontrado em port\u00e3o de casa na zona Oeste de Ribeir\u00e3o; Veja v\u00eddeo"},"content":{"rendered":"<p> <br \/>\n<\/p>\n<p><strong>Um filhote de capivara foi encontrado no port\u00e3o de entrada de uma casa na manh\u00e3 deste s\u00e1bado (15), na Vila Tib\u00e9rio, zona Oeste de Ribeir\u00e3o Preto.<\/strong> <strong>Assista <\/strong>ao <strong>v\u00eddeo <\/strong>abaixo. <\/p>\n<p><mark style=\"background-color:#fcb900\" class=\"has-inline-color has-black-color\">A moradora Ivone Finassi contou que percebeu o animal ao abrir o port\u00e3o da garagem da resid\u00eancia, na rua Capit\u00e3o Pereira Lago, pr\u00f3ximo \u00e0 avenida do Caf\u00e9.<\/mark><\/p><div class='code-block code-block-8' style='margin: 8px auto; text-align: center; display: block; clear: both;'>\n<script>\n  atOptions = {\n    'key' : '66e2e2111ca34da796271819fc334058',\n    'format' : 'iframe',\n    'height' : 250,\n    'width' : 300,\n    'params' : {}\n  };\n<\/script>\n<script src=\"https:\/\/www.highperformanceformat.com\/66e2e2111ca34da796271819fc334058\/invoke.js\"><\/script>\n<\/div>\n\n<p>Ela disse que chamou o <strong>Corpo de Bombeiros<\/strong>, que fez o <strong>resgate <\/strong>da <strong>capivara<\/strong>. O <strong>filhote <\/strong>teria vindo de um <strong>c\u00f3rrego <\/strong>nas proximidades e parecia estar <strong>acuado <\/strong>no <strong>muro <\/strong>ao lado do port\u00e3o. <\/p>\n<p>N\u00e3o h\u00e1 informa\u00e7\u00f5es para onde o <strong>animal <\/strong>foi levado. <\/p>\n<blockquote class=\"instagram-media\" data-instgrm-permalink=\"https:\/\/www.instagram.com\/reel\/C8PXGMZI9PI\/?utm_source=ig_embed&amp;utm_campaign=loading\" data-instgrm-version=\"14\" style=\"background:#FFF;border:0;border-radius:3px;margin: 1px;max-width:540px;min-width:326px;padding:0;width:99.375%;width:-webkit-calc(100% - 2px);width:calc(100% - 2px)\">\n<div style=\"padding:16px\"> <a href=\"https:\/\/www.instagram.com\/reel\/C8PXGMZI9PI\/?utm_source=ig_embed&amp;utm_campaign=loading\" style=\"background:#FFFFFF;line-height:0;padding:0 0;text-align:center;text-decoration:none;width:100%\" target=\"_blank\" rel=\"noopener\"> <\/p>\n<div style=\"flex-direction: row;align-items: center\">\n<div style=\"background-color: #F4F4F4;border-radius: 50%;flex-grow: 0;height: 40px;margin-right: 14px;width: 40px\"><\/div>\n<div style=\"flex-direction: column;flex-grow: 1;justify-content: center\">\n<div style=\"background-color: #F4F4F4;border-radius: 4px;flex-grow: 0;height: 14px;margin-bottom: 6px;width: 100px\"><\/div>\n<div style=\"background-color: #F4F4F4;border-radius: 4px;flex-grow: 0;height: 14px;width: 60px\"><\/div>\n<\/div>\n<\/div>\n<div style=\"padding: 19% 0\"><\/div>\n<div style=\"height:50px;margin:0 auto 12px;width:50px\"><\/div>\n<div style=\"padding-top: 8px\">\n<div style=\"color:#3897f0;font-family:Arial,sans-serif;font-size:14px;font-style:normal;font-weight:550;line-height:18px\">Ver essa foto no Instagram<\/div>\n<\/div>\n<div style=\"padding: 12.5% 0\"><\/div>\n<div style=\"flex-direction: row;margin-bottom: 14px;align-items: center\">\n<div>\n<div style=\"background-color: #F4F4F4;border-radius: 50%;height: 12.5px;width: 12.5px\"><\/div>\n<div style=\"background-color: #F4F4F4;height: 12.5px;width: 12.5px;flex-grow: 0;margin-right: 14px;margin-left: 2px\"><\/div>\n<div style=\"background-color: #F4F4F4;border-radius: 50%;height: 12.5px;width: 12.5px\"><\/div>\n<\/div>\n<div style=\"margin-left: 8px\">\n<div style=\"background-color: #F4F4F4;border-radius: 50%;flex-grow: 0;height: 20px;width: 20px\"><\/div>\n<div style=\"width: 0;height: 0;border-top: 2px solid transparent;border-left: 6px solid #f4f4f4;border-bottom: 2px solid transparent\"><\/div>\n<\/div>\n<div style=\"margin-left: auto\">\n<div style=\"width: 0px;border-top: 8px solid #F4F4F4;border-right: 8px solid transparent\"><\/div>\n<div style=\"background-color: #F4F4F4;flex-grow: 0;height: 12px;width: 16px\"><\/div>\n<div style=\"width: 0;height: 0;border-top: 8px solid #F4F4F4;border-left: 8px solid transparent\"><\/div>\n<\/div>\n<\/div>\n<div style=\"flex-direction: column;flex-grow: 1;justify-content: center;margin-bottom: 24px\">\n<div style=\"background-color: #F4F4F4;border-radius: 4px;flex-grow: 0;height: 14px;margin-bottom: 6px;width: 224px\"><\/div>\n<div style=\"background-color: #F4F4F4;border-radius: 4px;flex-grow: 0;height: 14px;width: 144px\"><\/div>\n<\/div>\n<p><\/a><\/p>\n<p style=\"color:#c9c8cd;font-family:Arial,sans-serif;font-size:14px;line-height:17px;margin-bottom:0;margin-top:8px;overflow:hidden;padding:8px 0 7px;text-align:center\"><a href=\"https:\/\/www.instagram.com\/reel\/C8PXGMZI9PI\/?utm_source=ig_embed&amp;utm_campaign=loading\" style=\"color:#c9c8cd;font-family:Arial,sans-serif;font-size:14px;font-style:normal;font-weight:normal;line-height:17px;text-decoration:none\" target=\"_blank\" rel=\"noopener\">Uma publica\u00e7\u00e3o compartilhada por acidade on Ribeir\u00e3o (@acidadeonribeirao)<\/a><\/p>\n<\/div>\n<\/blockquote>\n<p>SAIBA MAIS<\/p>\n<p>Morre idosa que teve o corpo queimado na regi\u00e3o de Ribeir\u00e3o; Ex-marido \u00e9 suspeito<\/p>\n<h4 class=\"wp-block-heading\"><strong>FIQUE ON<\/strong><\/h4>\n<p>Fique ligado em tudo que acontece em Ribeir\u00e3o Preto e regi\u00e3o. Siga os perfis do&nbsp;<strong>acidade on&nbsp;<\/strong>no&nbsp;<a href=\"https:\/\/www.instagram.com\/acidadeonribeirao\" target=\"_blank\" rel=\"noreferrer noopener\">Instagram<\/a>&nbsp;e no&nbsp;<a href=\"https:\/\/www.facebook.com\/acidadeonribeirao\" target=\"_blank\" rel=\"noreferrer noopener\">Facebook<\/a>.<\/p>\n<p>Receba not\u00edcias do acidade on no WhatsApp. Para entrar no grupo, basta&nbsp;<a href=\"https:\/\/chat.whatsapp.com\/CdrZ6xrf7quD44Vw3WlPuZ\" target=\"_blank\" rel=\"noreferrer noopener\">clicar aqui<\/a>.<\/p>\n<p>Fa\u00e7a uma den\u00fancia ou sugira uma reportagem sobre Ribeir\u00e3o Preto e regi\u00e3o pelo WhatsApp: 16 99117 7802.<\/p>\n<p>VEJA TAMB\u00c9M<\/p>\n<p>Quais s\u00e3o as \u00faltimas not\u00edcias sobre Kate Middleton?<\/p>\n<p>O post Filhote de capivara \u00e9 encontrado em port\u00e3o de casa na zona Oeste de Ribeir\u00e3o; Veja v\u00eddeo apareceu primeiro em ACidade ON Ribeir\u00e3o Preto.<\/p>\n<p><script async src=\"\/\/www.instagram.com\/embed.js\"><\/script><br \/>\n<br \/><br \/>\n<br \/><a href=\"https:\/\/www.acidadeon.com\/ribeiraopreto\/cotidiano\/filhote-de-capivara-e-encontrado-em-portao-de-casa-na-zona-oeste-de-ribeirao-veja-video\/\">Source link <\/a><\/p>\n<div class='code-block code-block-4' style='margin: 8px auto 8px 0; text-align: left; display: block; clear: both;'>\n\ud83d\udce2 Aviso Legal\n\nO site ismaelcolosi.com.br atua apenas como um canal de divulga\u00e7\u00e3o de oportunidades de emprego e n\u00e3o se responsabiliza pelo processo seletivo, contrata\u00e7\u00e3o ou qualquer outra etapa relacionada \u00e0s vagas publicadas. Todas as informa\u00e7\u00f5es s\u00e3o de responsabilidade dos anunciantes.\n\n\u26a0\ufe0f Aten\u00e7\u00e3o! Nunca pague por promessas de emprego nem compre cursos que garantam contrata\u00e7\u00e3o. Desconfie de qualquer cobran\u00e7a para participar de sele\u00e7\u00f5es.\n\n\n<div data-type=\"_mgwidget\" data-widget-id=\"2000896\">\n<\/div>\n<script>(function(w,q){w[q]=w[q]||[];w[q].push([\"_mgc.load\"])})(window,\"_mgq\");\n<\/script>\n<\/div>\n<!-- CONTENT END 1 -->\n","protected":false},"excerpt":{"rendered":"<p>Um filhote de capivara foi encontrado no port\u00e3o de entrada de uma casa na manh\u00e3 deste s\u00e1bado (15), na Vila Tib\u00e9rio, zona Oeste de Ribeir\u00e3o&#8230;<\/p>\n","protected":false},"author":1,"featured_media":53311,"comment_status":"open","ping_status":"open","sticky":false,"template":"","format":"standard","meta":{"_uag_custom_page_level_css":"","jetpack_post_was_ever_published":false,"_jetpack_newsletter_access":"","_jetpack_dont_email_post_to_subs":false,"_jetpack_newsletter_tier_id":0,"_jetpack_memberships_contains_paywalled_content":false,"_jetpack_memberships_contains_paid_content":false,"footnotes":"","jetpack_publicize_message":"","jetpack_publicize_feature_enabled":true,"jetpack_social_post_already_shared":true,"jetpack_social_options":{"image_generator_settings":{"template":"highway","default_image_id":0,"font":"","enabled":false},"version":2}},"categories":[11],"tags":[],"class_list":["post-53310","post","type-post","status-publish","format-standard","has-post-thumbnail","hentry","category-noticias-de-ribeirao-preto-sp-e-regiao-ismael-colosi"],"aioseo_notices":[],"jetpack_publicize_connections":[],"jetpack_featured_media_url":"https:\/\/i0.wp.com\/ismaelcolosi.com.br\/wp-content\/uploads\/2024\/06\/CAPIVARA_2024-06-15_16-20-33_jpg_2024-06-15_16-20-33.webp.webp?fit=2000%2C1507&ssl=1","uagb_featured_image_src":{"full":["https:\/\/i0.wp.com\/ismaelcolosi.com.br\/wp-content\/uploads\/2024\/06\/CAPIVARA_2024-06-15_16-20-33_jpg_2024-06-15_16-20-33.webp.webp?fit=2000%2C1507&ssl=1",2000,1507,false],"thumbnail":["https:\/\/i0.wp.com\/ismaelcolosi.com.br\/wp-content\/uploads\/2024\/06\/CAPIVARA_2024-06-15_16-20-33_jpg_2024-06-15_16-20-33.webp.webp?resize=150%2C150&ssl=1",150,150,true],"medium":["https:\/\/i0.wp.com\/ismaelcolosi.com.br\/wp-content\/uploads\/2024\/06\/CAPIVARA_2024-06-15_16-20-33_jpg_2024-06-15_16-20-33.webp.webp?fit=300%2C226&ssl=1",300,226,true],"medium_large":["https:\/\/i0.wp.com\/ismaelcolosi.com.br\/wp-content\/uploads\/2024\/06\/CAPIVARA_2024-06-15_16-20-33_jpg_2024-06-15_16-20-33.webp.webp?fit=768%2C579&ssl=1",768,579,true],"large":["https:\/\/i0.wp.com\/ismaelcolosi.com.br\/wp-content\/uploads\/2024\/06\/CAPIVARA_2024-06-15_16-20-33_jpg_2024-06-15_16-20-33.webp.webp?fit=1024%2C772&ssl=1",1024,772,true],"1536x1536":["https:\/\/i0.wp.com\/ismaelcolosi.com.br\/wp-content\/uploads\/2024\/06\/CAPIVARA_2024-06-15_16-20-33_jpg_2024-06-15_16-20-33.webp.webp?fit=1536%2C1157&ssl=1",1536,1157,true],"2048x2048":["https:\/\/i0.wp.com\/ismaelcolosi.com.br\/wp-content\/uploads\/2024\/06\/CAPIVARA_2024-06-15_16-20-33_jpg_2024-06-15_16-20-33.webp.webp?fit=2000%2C1507&ssl=1",2000,1507,true],"really-simple-thumb":["https:\/\/i0.wp.com\/ismaelcolosi.com.br\/wp-content\/uploads\/2024\/06\/CAPIVARA_2024-06-15_16-20-33_jpg_2024-06-15_16-20-33.webp.webp?resize=370%2C247&ssl=1",370,247,true]},"uagb_author_info":{"display_name":"ismaelcolosi.com.br","author_link":"https:\/\/ismaelcolosi.com.br\/index.php\/author\/vidareal-online\/"},"uagb_comment_info":0,"uagb_excerpt":"Um filhote de capivara foi encontrado no port\u00e3o de entrada de uma casa na manh\u00e3 deste s\u00e1bado (15), na Vila Tib\u00e9rio, zona Oeste de Ribeir\u00e3o...","jetpack-related-posts":[{"id":52618,"url":"https:\/\/ismaelcolosi.com.br\/index.php\/2024\/06\/08\/filhote-de-gato-reaparece-e-continua-preso-em-arvore-na-zona-oeste-de-ribeirao-veja-o-video\/","url_meta":{"origin":53310,"position":0},"title":"Filhote de gato reaparece e continua preso em \u00e1rvore na zona Oeste de Ribeir\u00e3o; Veja o v\u00eddeo","author":"ismaelcolosi.com.br","date":"8 de June de 2024","format":false,"excerpt":"O filhote de gato, que estava desaparecido entre \u00e1rvores com mais de dez metros de altura desde quinta-feira (6), no bairro Parque das Andorinhas, na zona Oeste de Ribeir\u00e3o Preto, foi visto novamente na manh\u00e3 deste s\u00e1bado (8). Moradores da rua Cl\u00e1udio Protti, a um quarteir\u00e3o de onde foi visto\u2026","rel":"","context":"In &quot;Not\u00edcias de Ribeir\u00e3o Preto-SP e Regi\u00e3o&quot;","block_context":{"text":"Not\u00edcias de Ribeir\u00e3o Preto-SP e Regi\u00e3o","link":"https:\/\/ismaelcolosi.com.br\/index.php\/category\/noticias-de-ribeirao-preto-sp-e-regiao-ismael-colosi\/"},"img":{"alt_text":"","src":"https:\/\/i0.wp.com\/ismaelcolosi.com.br\/wp-content\/uploads\/2024\/06\/WhatsApp-Image-2024-06-08-at-12.38.47_2024-06-08_15-46-08_jpeg_2024-06-08_15-46-08.webp.webp?fit=1200%2C675&ssl=1&resize=350%2C200","width":350,"height":200,"srcset":"https:\/\/i0.wp.com\/ismaelcolosi.com.br\/wp-content\/uploads\/2024\/06\/WhatsApp-Image-2024-06-08-at-12.38.47_2024-06-08_15-46-08_jpeg_2024-06-08_15-46-08.webp.webp?fit=1200%2C675&ssl=1&resize=350%2C200 1x, https:\/\/i0.wp.com\/ismaelcolosi.com.br\/wp-content\/uploads\/2024\/06\/WhatsApp-Image-2024-06-08-at-12.38.47_2024-06-08_15-46-08_jpeg_2024-06-08_15-46-08.webp.webp?fit=1200%2C675&ssl=1&resize=525%2C300 1.5x, https:\/\/i0.wp.com\/ismaelcolosi.com.br\/wp-content\/uploads\/2024\/06\/WhatsApp-Image-2024-06-08-at-12.38.47_2024-06-08_15-46-08_jpeg_2024-06-08_15-46-08.webp.webp?fit=1200%2C675&ssl=1&resize=700%2C400 2x, https:\/\/i0.wp.com\/ismaelcolosi.com.br\/wp-content\/uploads\/2024\/06\/WhatsApp-Image-2024-06-08-at-12.38.47_2024-06-08_15-46-08_jpeg_2024-06-08_15-46-08.webp.webp?fit=1200%2C675&ssl=1&resize=1050%2C600 3x"},"classes":[]},{"id":52547,"url":"https:\/\/ismaelcolosi.com.br\/index.php\/2024\/06\/07\/saiba-o-que-aconteceu-com-filhote-de-gato-preso-em-arvore-na-zona-oeste-de-ribeirao-preto\/","url_meta":{"origin":53310,"position":1},"title":"Saiba o que aconteceu com filhote de gato preso em \u00e1rvore na zona Oeste de Ribeir\u00e3o Preto","author":"ismaelcolosi.com.br","date":"7 de June de 2024","format":false,"excerpt":"O filhote de gato que ficou preso em uma \u00e1rvore de aproximadamente 12 metros por mais de tr\u00eas dias desapareceu. A informa\u00e7\u00e3o foi confirmada pela m\u00e9dica veterin\u00e1ria T\u00e2nia Mara Casalli, que acompanhou o caso desde domingo (2), quando o animal foi visto por moradores do bairro Parque das Andorinhas, na\u2026","rel":"","context":"In &quot;Not\u00edcias de Ribeir\u00e3o Preto-SP e Regi\u00e3o&quot;","block_context":{"text":"Not\u00edcias de Ribeir\u00e3o Preto-SP e Regi\u00e3o","link":"https:\/\/ismaelcolosi.com.br\/index.php\/category\/noticias-de-ribeirao-preto-sp-e-regiao-ismael-colosi\/"},"img":{"alt_text":"","src":"https:\/\/i0.wp.com\/ismaelcolosi.com.br\/wp-content\/uploads\/2024\/06\/Copia-de-Copia-de-TAMANHO-EXATO-PARA-FOTOS-NO-SISTEMA-NOVO-65_2024-06-06_00-48-46_png_2024-06-06_00-48-46.webp.webp?fit=1200%2C675&ssl=1&resize=350%2C200","width":350,"height":200,"srcset":"https:\/\/i0.wp.com\/ismaelcolosi.com.br\/wp-content\/uploads\/2024\/06\/Copia-de-Copia-de-TAMANHO-EXATO-PARA-FOTOS-NO-SISTEMA-NOVO-65_2024-06-06_00-48-46_png_2024-06-06_00-48-46.webp.webp?fit=1200%2C675&ssl=1&resize=350%2C200 1x, https:\/\/i0.wp.com\/ismaelcolosi.com.br\/wp-content\/uploads\/2024\/06\/Copia-de-Copia-de-TAMANHO-EXATO-PARA-FOTOS-NO-SISTEMA-NOVO-65_2024-06-06_00-48-46_png_2024-06-06_00-48-46.webp.webp?fit=1200%2C675&ssl=1&resize=525%2C300 1.5x, https:\/\/i0.wp.com\/ismaelcolosi.com.br\/wp-content\/uploads\/2024\/06\/Copia-de-Copia-de-TAMANHO-EXATO-PARA-FOTOS-NO-SISTEMA-NOVO-65_2024-06-06_00-48-46_png_2024-06-06_00-48-46.webp.webp?fit=1200%2C675&ssl=1&resize=700%2C400 2x, https:\/\/i0.wp.com\/ismaelcolosi.com.br\/wp-content\/uploads\/2024\/06\/Copia-de-Copia-de-TAMANHO-EXATO-PARA-FOTOS-NO-SISTEMA-NOVO-65_2024-06-06_00-48-46_png_2024-06-06_00-48-46.webp.webp?fit=1200%2C675&ssl=1&resize=1050%2C600 3x"},"classes":[]},{"id":53315,"url":"https:\/\/ismaelcolosi.com.br\/index.php\/2024\/06\/15\/prefeitura-no-interior-de-sp-prorroga-inscricoes-em-concurso-com-salarios-de-ate-r-7-mil\/","url_meta":{"origin":53310,"position":2},"title":"Prefeitura no interior de SP prorroga inscri\u00e7\u00f5es em concurso com sal\u00e1rios de at\u00e9 R$ 7 mil","author":"ismaelcolosi.com.br","date":"15 de June de 2024","format":false,"excerpt":"O concurso p\u00fablico com vagas na Prefeitura de Guar\u00e1, munic\u00edpio do interior de S\u00e3o Paulo, ampliou o prazo de inscri\u00e7\u00f5es que se encerraria na pr\u00f3xima quinta-feira (20). O novo prazo \u00e9 o pr\u00f3ximo dia 30 de junho. As vagas, que totalizam dez, s\u00e3o para candidatos dos n\u00edveis fundamental e m\u00e9dio.\u2026","rel":"","context":"In &quot;Not\u00edcias de Ribeir\u00e3o Preto-SP e Regi\u00e3o&quot;","block_context":{"text":"Not\u00edcias de Ribeir\u00e3o Preto-SP e Regi\u00e3o","link":"https:\/\/ismaelcolosi.com.br\/index.php\/category\/noticias-de-ribeirao-preto-sp-e-regiao-ismael-colosi\/"},"img":{"alt_text":"","src":"https:\/\/i0.wp.com\/ismaelcolosi.com.br\/wp-content\/uploads\/2024\/05\/AnyConv.com__concurso-publico-5.webp.webp?fit=1200%2C800&ssl=1&resize=350%2C200","width":350,"height":200,"srcset":"https:\/\/i0.wp.com\/ismaelcolosi.com.br\/wp-content\/uploads\/2024\/05\/AnyConv.com__concurso-publico-5.webp.webp?fit=1200%2C800&ssl=1&resize=350%2C200 1x, https:\/\/i0.wp.com\/ismaelcolosi.com.br\/wp-content\/uploads\/2024\/05\/AnyConv.com__concurso-publico-5.webp.webp?fit=1200%2C800&ssl=1&resize=525%2C300 1.5x, https:\/\/i0.wp.com\/ismaelcolosi.com.br\/wp-content\/uploads\/2024\/05\/AnyConv.com__concurso-publico-5.webp.webp?fit=1200%2C800&ssl=1&resize=700%2C400 2x, https:\/\/i0.wp.com\/ismaelcolosi.com.br\/wp-content\/uploads\/2024\/05\/AnyConv.com__concurso-publico-5.webp.webp?fit=1200%2C800&ssl=1&resize=1050%2C600 3x"},"classes":[]},{"id":52540,"url":"https:\/\/ismaelcolosi.com.br\/index.php\/2024\/06\/07\/saiba-o-que-aconteceu-com-filhote-de-gato-preso-em-arvore-na-zona-oeste-de-ribeirao\/","url_meta":{"origin":53310,"position":3},"title":"Saiba o que aconteceu com filhote de gato preso em \u00e1rvore na zona Oeste de Ribeir\u00e3o","author":"ismaelcolosi.com.br","date":"7 de June de 2024","format":false,"excerpt":"O filhote de gato que ficou preso em uma \u00e1rvore de aproximadamente 12 metros por mais de tr\u00eas dias desapareceu. A informa\u00e7\u00e3o foi confirmada pela m\u00e9dica veterin\u00e1ria T\u00e2nia Mara Casalli, que acompanhou o caso desde domingo (2), quando o animal foi visto por moradores do bairro Parque das Andorinhas, na\u2026","rel":"","context":"In &quot;Not\u00edcias de Ribeir\u00e3o Preto-SP e Regi\u00e3o&quot;","block_context":{"text":"Not\u00edcias de Ribeir\u00e3o Preto-SP e Regi\u00e3o","link":"https:\/\/ismaelcolosi.com.br\/index.php\/category\/noticias-de-ribeirao-preto-sp-e-regiao-ismael-colosi\/"},"img":{"alt_text":"","src":"https:\/\/i0.wp.com\/ismaelcolosi.com.br\/wp-content\/uploads\/2024\/06\/Copia-de-Copia-de-TAMANHO-EXATO-PARA-FOTOS-NO-SISTEMA-NOVO-65_2024-06-06_00-48-46_png_2024-06-06_00-48-46.webp.webp?fit=1200%2C675&ssl=1&resize=350%2C200","width":350,"height":200,"srcset":"https:\/\/i0.wp.com\/ismaelcolosi.com.br\/wp-content\/uploads\/2024\/06\/Copia-de-Copia-de-TAMANHO-EXATO-PARA-FOTOS-NO-SISTEMA-NOVO-65_2024-06-06_00-48-46_png_2024-06-06_00-48-46.webp.webp?fit=1200%2C675&ssl=1&resize=350%2C200 1x, https:\/\/i0.wp.com\/ismaelcolosi.com.br\/wp-content\/uploads\/2024\/06\/Copia-de-Copia-de-TAMANHO-EXATO-PARA-FOTOS-NO-SISTEMA-NOVO-65_2024-06-06_00-48-46_png_2024-06-06_00-48-46.webp.webp?fit=1200%2C675&ssl=1&resize=525%2C300 1.5x, https:\/\/i0.wp.com\/ismaelcolosi.com.br\/wp-content\/uploads\/2024\/06\/Copia-de-Copia-de-TAMANHO-EXATO-PARA-FOTOS-NO-SISTEMA-NOVO-65_2024-06-06_00-48-46_png_2024-06-06_00-48-46.webp.webp?fit=1200%2C675&ssl=1&resize=700%2C400 2x, https:\/\/i0.wp.com\/ismaelcolosi.com.br\/wp-content\/uploads\/2024\/06\/Copia-de-Copia-de-TAMANHO-EXATO-PARA-FOTOS-NO-SISTEMA-NOVO-65_2024-06-06_00-48-46_png_2024-06-06_00-48-46.webp.webp?fit=1200%2C675&ssl=1&resize=1050%2C600 3x"},"classes":[]},{"id":70021,"url":"https:\/\/ismaelcolosi.com.br\/index.php\/2024\/10\/09\/filhote-de-veado-resgatado-em-incendio-recebe-tratamento-no-bosque-de-ribeirao\/","url_meta":{"origin":53310,"position":4},"title":"Filhote de veado resgatado em inc\u00eandio recebe tratamento no Bosque de Ribeir\u00e3o","author":"ismaelcolosi.com.br","date":"9 de October de 2024","format":false,"excerpt":"Um filhote de veado v\u00edtima das queimadas passa por reabilita\u00e7\u00e3o no Bosque Zool\u00f3gico F\u00e1bio Barreto, em Ribeir\u00e3o Preto. O animal foi encontrado por um morador em Ipu\u00e3, cidade a aproximadamente 100 quil\u00f4metros de Ribeir\u00e3o. O resgate foi realizado por uma equipe da Defesa Civil e, inicialmente, o filhote foi encaminhado\u2026","rel":"","context":"In &quot;Not\u00edcias de Ribeir\u00e3o Preto-SP e Regi\u00e3o&quot;","block_context":{"text":"Not\u00edcias de Ribeir\u00e3o Preto-SP e Regi\u00e3o","link":"https:\/\/ismaelcolosi.com.br\/index.php\/category\/noticias-de-ribeirao-preto-sp-e-regiao-ismael-colosi\/"},"img":{"alt_text":"","src":"https:\/\/i0.wp.com\/ismaelcolosi.com.br\/wp-content\/uploads\/2024\/10\/WhatsApp-Image-2024-10-09-at-08.44.25_2024-10-09_11-44-43_jpeg_2024-10-09_11-44-43.webp.webp?fit=679%2C354&ssl=1&resize=350%2C200","width":350,"height":200,"srcset":"https:\/\/i0.wp.com\/ismaelcolosi.com.br\/wp-content\/uploads\/2024\/10\/WhatsApp-Image-2024-10-09-at-08.44.25_2024-10-09_11-44-43_jpeg_2024-10-09_11-44-43.webp.webp?fit=679%2C354&ssl=1&resize=350%2C200 1x, https:\/\/i0.wp.com\/ismaelcolosi.com.br\/wp-content\/uploads\/2024\/10\/WhatsApp-Image-2024-10-09-at-08.44.25_2024-10-09_11-44-43_jpeg_2024-10-09_11-44-43.webp.webp?fit=679%2C354&ssl=1&resize=525%2C300 1.5x"},"classes":[]},{"id":63642,"url":"https:\/\/ismaelcolosi.com.br\/index.php\/2024\/09\/03\/filhote-vitima-de-queimadas-recebe-cuidados-do-bosque-de-ribeirao-preto\/","url_meta":{"origin":53310,"position":5},"title":"Filhote v\u00edtima de queimadas recebe cuidados do Bosque de Ribeir\u00e3o Preto","author":"ismaelcolosi.com.br","date":"3 de September de 2024","format":false,"excerpt":"O Cetras (Centro de Triagem e Reabilita\u00e7\u00e3o de Animais Silvestres), do Bosque F\u00e1bio Barreto, em Ribeir\u00e3o Preto, recebeu na segunda-feira (2) um filhote de sa\u00e7uarana que foi v\u00edtima das queimadas em S\u00e3o Joaquim da Barra. O animal foi atropelado enquanto fugia dos inc\u00eandios na regi\u00e3o. Ele perdeu o terceiro dedo\u2026","rel":"","context":"In &quot;Not\u00edcias de Ribeir\u00e3o Preto-SP e Regi\u00e3o&quot;","block_context":{"text":"Not\u00edcias de Ribeir\u00e3o Preto-SP e Regi\u00e3o","link":"https:\/\/ismaelcolosi.com.br\/index.php\/category\/noticias-de-ribeirao-preto-sp-e-regiao-ismael-colosi\/"},"img":{"alt_text":"","src":"https:\/\/i0.wp.com\/ismaelcolosi.com.br\/wp-content\/uploads\/2024\/09\/Copia-de-Copia-de-Copia-de-TAMANHO-EXATO-PARA-FOTOS-NO-SISTEMA-NOVO-2_2024-09-03_14-02-06_jpg_2024-09-03_14-02-07.webp.webp?fit=1200%2C675&ssl=1&resize=350%2C200","width":350,"height":200,"srcset":"https:\/\/i0.wp.com\/ismaelcolosi.com.br\/wp-content\/uploads\/2024\/09\/Copia-de-Copia-de-Copia-de-TAMANHO-EXATO-PARA-FOTOS-NO-SISTEMA-NOVO-2_2024-09-03_14-02-06_jpg_2024-09-03_14-02-07.webp.webp?fit=1200%2C675&ssl=1&resize=350%2C200 1x, https:\/\/i0.wp.com\/ismaelcolosi.com.br\/wp-content\/uploads\/2024\/09\/Copia-de-Copia-de-Copia-de-TAMANHO-EXATO-PARA-FOTOS-NO-SISTEMA-NOVO-2_2024-09-03_14-02-06_jpg_2024-09-03_14-02-07.webp.webp?fit=1200%2C675&ssl=1&resize=525%2C300 1.5x, https:\/\/i0.wp.com\/ismaelcolosi.com.br\/wp-content\/uploads\/2024\/09\/Copia-de-Copia-de-Copia-de-TAMANHO-EXATO-PARA-FOTOS-NO-SISTEMA-NOVO-2_2024-09-03_14-02-06_jpg_2024-09-03_14-02-07.webp.webp?fit=1200%2C675&ssl=1&resize=700%2C400 2x, https:\/\/i0.wp.com\/ismaelcolosi.com.br\/wp-content\/uploads\/2024\/09\/Copia-de-Copia-de-Copia-de-TAMANHO-EXATO-PARA-FOTOS-NO-SISTEMA-NOVO-2_2024-09-03_14-02-06_jpg_2024-09-03_14-02-07.webp.webp?fit=1200%2C675&ssl=1&resize=1050%2C600 3x"},"classes":[]}],"jetpack_sharing_enabled":true,"jetpack_shortlink":"https:\/\/wp.me\/pfMlyK-dRQ","_links":{"self":[{"href":"https:\/\/ismaelcolosi.com.br\/index.php\/wp-json\/wp\/v2\/posts\/53310","targetHints":{"allow":["GET"]}}],"collection":[{"href":"https:\/\/ismaelcolosi.com.br\/index.php\/wp-json\/wp\/v2\/posts"}],"about":[{"href":"https:\/\/ismaelcolosi.com.br\/index.php\/wp-json\/wp\/v2\/types\/post"}],"author":[{"embeddable":true,"href":"https:\/\/ismaelcolosi.com.br\/index.php\/wp-json\/wp\/v2\/users\/1"}],"replies":[{"embeddable":true,"href":"https:\/\/ismaelcolosi.com.br\/index.php\/wp-json\/wp\/v2\/comments?post=53310"}],"version-history":[{"count":0,"href":"https:\/\/ismaelcolosi.com.br\/index.php\/wp-json\/wp\/v2\/posts\/53310\/revisions"}],"wp:featuredmedia":[{"embeddable":true,"href":"https:\/\/ismaelcolosi.com.br\/index.php\/wp-json\/wp\/v2\/media\/53311"}],"wp:attachment":[{"href":"https:\/\/ismaelcolosi.com.br\/index.php\/wp-json\/wp\/v2\/media?parent=53310"}],"wp:term":[{"taxonomy":"category","embeddable":true,"href":"https:\/\/ismaelcolosi.com.br\/index.php\/wp-json\/wp\/v2\/categories?post=53310"},{"taxonomy":"post_tag","embeddable":true,"href":"https:\/\/ismaelcolosi.com.br\/index.php\/wp-json\/wp\/v2\/tags?post=53310"}],"curies":[{"name":"wp","href":"https:\/\/api.w.org\/{rel}","templated":true}]}}