{"id":53308,"date":"2024-06-15T13:05:36","date_gmt":"2024-06-15T16:05:36","guid":{"rendered":"https:\/\/ismaelcolosi.com.br\/index.php\/2024\/06\/15\/morre-idosa-que-teve-o-corpo-queimado-na-regiao-de-ribeirao-ex-marido-e-suspeito\/"},"modified":"2024-06-15T13:05:36","modified_gmt":"2024-06-15T16:05:36","slug":"morre-idosa-que-teve-o-corpo-queimado-na-regiao-de-ribeirao-ex-marido-e-suspeito","status":"publish","type":"post","link":"https:\/\/ismaelcolosi.com.br\/index.php\/2024\/06\/15\/morre-idosa-que-teve-o-corpo-queimado-na-regiao-de-ribeirao-ex-marido-e-suspeito\/","title":{"rendered":"Morre idosa que teve o corpo queimado na regi\u00e3o de Ribeir\u00e3o; Ex-marido \u00e9 suspeito"},"content":{"rendered":"<p> <br \/>\n<\/p>\n<div data-td-block-uid=\"tdi_106\">\n<div class=\"tdb-block-inner td-fix-index\">\n<p><strong>Uma mulher de 64 anos morreu depois de ter o corpo queimado na \u00faltima quinta-feira (13), em Pontal, cidade a aproximadamente 38 quil\u00f4metros de Ribeir\u00e3o Preto. <\/strong><mark style=\"background-color:#fcb900\" class=\"has-inline-color has-black-color\">O ex-marido da idosa \u00e9 o principal suspeito de ter ateado fogo nela, na casa onde a mulher morava, no N\u00facleo Habitacional Jose Pedro Carolo.<\/mark><\/p>\n<p><mark style=\"background-color:#fcb900\" class=\"has-inline-color has-black-color\">A v\u00edtima, identificada como Heloisa Helena de Moraes, sofreu queimaduras de 2\u00aa grau em 64% do corpo. <\/mark>Ela chegou a ser socorrida para a <strong>Santa Casa de Pontal<\/strong> e transferida para o <strong>Hospital das Cl\u00ednicas (HC) de Ribeir\u00e3o Preto<\/strong>, mas n\u00e3o resistiu.<\/p>\n<p>O <strong>delegado Rodrigo Bortoleto<\/strong>, que investiga o caso, disse que uma a <strong>testemunha <\/strong>informou ter visto o <strong>ex-marido<\/strong> da mulher saindo da <strong>resid\u00eancia <\/strong>em uma bicicleta e com um <strong>gal\u00e3o <\/strong>nas m\u00e3os.<\/p>\n<p>O <strong>homem <\/strong>chegou a ser levado para a <strong>delegacia<\/strong>, mas acabou <strong>liberado<\/strong>. N\u00e3o houve <strong>flagrante<\/strong>.<\/p>\n<p>O <strong>caso<\/strong> deve ser <strong>investigado <\/strong>como <strong>feminic\u00eddio <\/strong>pela <strong>Pol\u00edcia Civil<\/strong>.<\/p>\n<p>SAIBA MAIS<\/p>\n<p>Morre ciclista atropelado por carro na Francisco Junqueira em Ribeir\u00e3o Preto<\/p>\n<h4 class=\"wp-block-heading\"><strong>FIQUE ON<\/strong><\/h4>\n<p>Fique ligado em tudo que acontece em Ribeir\u00e3o Preto e regi\u00e3o. Siga os perfis do\u00a0<strong>acidade on\u00a0<\/strong>no\u00a0<a href=\"https:\/\/www.instagram.com\/acidadeonribeirao\" target=\"_blank\" rel=\"noreferrer noopener\">Instagram<\/a>\u00a0e no\u00a0<a href=\"https:\/\/www.facebook.com\/acidadeonribeirao\" target=\"_blank\" rel=\"noreferrer noopener\">Facebook<\/a>.<\/p>\n<p>Receba not\u00edcias do acidade on no WhatsApp. Para entrar no grupo, basta\u00a0<a href=\"https:\/\/chat.whatsapp.com\/CdrZ6xrf7quD44Vw3WlPuZ\" target=\"_blank\" rel=\"noreferrer noopener\">clicar aqui<\/a>.<\/p>\n<p>Fa\u00e7a uma den\u00fancia ou sugira uma reportagem sobre Ribeir\u00e3o Preto e regi\u00e3o pelo WhatsApp: 16 99117 7802.<\/p>\n<p>VEJA TAMB\u00c9M<\/p>\n<p>Quais s\u00e3o as \u00faltimas not\u00edcias sobre Kate Middleton?<\/p>\n<p><!-- AI CONTENT END 1 -->\n<\/div>\n<\/div>\n<p><script async src=\"\/\/www.instagram.com\/embed.js\"><\/script><br \/>\n<br \/><br \/>\n<br \/><a href=\"https:\/\/www.acidadeon.com\/ribeiraopreto\/cotidiano\/morre-idosa-que-teve-o-corpo-queimado-na-regiao-de-ribeirao-ex-marido-e-suspeito\/\">Source link <\/a><\/p>\n<div class='code-block code-block-4' style='margin: 8px auto 8px 0; text-align: left; display: block; clear: both;'>\n\ud83d\udce2 Aviso Legal\n\nO site ismaelcolosi.com.br atua apenas como um canal de divulga\u00e7\u00e3o de oportunidades de emprego e n\u00e3o se responsabiliza pelo processo seletivo, contrata\u00e7\u00e3o ou qualquer outra etapa relacionada \u00e0s vagas publicadas. Todas as informa\u00e7\u00f5es s\u00e3o de responsabilidade dos anunciantes.\n\n\u26a0\ufe0f Aten\u00e7\u00e3o! Nunca pague por promessas de emprego nem compre cursos que garantam contrata\u00e7\u00e3o. Desconfie de qualquer cobran\u00e7a para participar de sele\u00e7\u00f5es.\n\n\n\n<\/div>\n<!-- CONTENT END 1 -->\n","protected":false},"excerpt":{"rendered":"<p>Uma mulher de 64 anos morreu depois de ter o corpo queimado na \u00faltima quinta-feira (13), em Pontal, cidade a aproximadamente 38 quil\u00f4metros de Ribeir\u00e3o&#8230;<\/p>\n","protected":false},"author":1,"featured_media":53309,"comment_status":"open","ping_status":"open","sticky":false,"template":"","format":"standard","meta":{"_uag_custom_page_level_css":"","advanced_seo_description":"","jetpack_seo_html_title":"","jetpack_seo_noindex":false,"jetpack_post_was_ever_published":false,"_jetpack_newsletter_access":"","_jetpack_dont_email_post_to_subs":false,"_jetpack_newsletter_tier_id":0,"_jetpack_memberships_contains_paywalled_content":false,"_jetpack_memberships_contains_paid_content":false,"footnotes":"","jetpack_publicize_message":"","jetpack_publicize_feature_enabled":true,"jetpack_social_post_already_shared":true,"jetpack_social_options":{"image_generator_settings":{"template":"highway","default_image_id":0,"font":"","enabled":false},"version":2}},"categories":[11],"tags":[],"class_list":["post-53308","post","type-post","status-publish","format-standard","has-post-thumbnail","hentry","category-noticias-de-ribeirao-preto-sp-e-regiao-ismael-colosi"],"jetpack_publicize_connections":[],"jetpack_featured_media_url":"https:\/\/i0.wp.com\/ismaelcolosi.com.br\/wp-content\/uploads\/2024\/06\/FEMINICIDIO_2024-06-15_15-48-31_jpg_2024-06-15_15-48-31.webp.webp?fit=2000%2C1517&ssl=1","uagb_featured_image_src":{"full":["https:\/\/i0.wp.com\/ismaelcolosi.com.br\/wp-content\/uploads\/2024\/06\/FEMINICIDIO_2024-06-15_15-48-31_jpg_2024-06-15_15-48-31.webp.webp?fit=2000%2C1517&ssl=1",2000,1517,false],"thumbnail":["https:\/\/i0.wp.com\/ismaelcolosi.com.br\/wp-content\/uploads\/2024\/06\/FEMINICIDIO_2024-06-15_15-48-31_jpg_2024-06-15_15-48-31.webp.webp?resize=150%2C150&ssl=1",150,150,true],"medium":["https:\/\/i0.wp.com\/ismaelcolosi.com.br\/wp-content\/uploads\/2024\/06\/FEMINICIDIO_2024-06-15_15-48-31_jpg_2024-06-15_15-48-31.webp.webp?fit=300%2C228&ssl=1",300,228,true],"medium_large":["https:\/\/i0.wp.com\/ismaelcolosi.com.br\/wp-content\/uploads\/2024\/06\/FEMINICIDIO_2024-06-15_15-48-31_jpg_2024-06-15_15-48-31.webp.webp?fit=768%2C583&ssl=1",768,583,true],"large":["https:\/\/i0.wp.com\/ismaelcolosi.com.br\/wp-content\/uploads\/2024\/06\/FEMINICIDIO_2024-06-15_15-48-31_jpg_2024-06-15_15-48-31.webp.webp?fit=1024%2C777&ssl=1",1024,777,true],"1536x1536":["https:\/\/i0.wp.com\/ismaelcolosi.com.br\/wp-content\/uploads\/2024\/06\/FEMINICIDIO_2024-06-15_15-48-31_jpg_2024-06-15_15-48-31.webp.webp?fit=1536%2C1165&ssl=1",1536,1165,true],"2048x2048":["https:\/\/i0.wp.com\/ismaelcolosi.com.br\/wp-content\/uploads\/2024\/06\/FEMINICIDIO_2024-06-15_15-48-31_jpg_2024-06-15_15-48-31.webp.webp?fit=2000%2C1517&ssl=1",2000,1517,true],"really-simple-thumb":["https:\/\/i0.wp.com\/ismaelcolosi.com.br\/wp-content\/uploads\/2024\/06\/FEMINICIDIO_2024-06-15_15-48-31_jpg_2024-06-15_15-48-31.webp.webp?resize=370%2C247&ssl=1",370,247,true]},"uagb_author_info":{"display_name":"ismaelcolosi.com.br","author_link":"https:\/\/ismaelcolosi.com.br\/index.php\/author\/vidareal-online\/"},"uagb_comment_info":0,"uagb_excerpt":"Uma mulher de 64 anos morreu depois de ter o corpo queimado na \u00faltima quinta-feira (13), em Pontal, cidade a aproximadamente 38 quil\u00f4metros de Ribeir\u00e3o...","jetpack-related-posts":[{"id":53672,"url":"https:\/\/ismaelcolosi.com.br\/index.php\/2024\/06\/18\/preso-suspeito-de-matar-idosa-que-teve-corpo-queimado-na-regiao-de-ribeirao-preto\/","url_meta":{"origin":53308,"position":0},"title":"Preso suspeito de matar idosa que teve corpo queimado na regi\u00e3o de Ribeir\u00e3o Preto","author":"ismaelcolosi.com.br","date":"18 de June de 2024","format":false,"excerpt":"O ex-marido da idosa morta ap\u00f3s ter mais da metade do corpo queimado foi preso, na tarde desta ter\u00e7a-feira (18) em Sert\u00e3ozinho, na regi\u00e3o de Ribeir\u00e3o Preto. O feminic\u00eddio ocorreu no dia 13 de junho em Pontal. Segundo a pol\u00edcia, o mandado de pris\u00e3o foi expedido pela Justi\u00e7a, nesta segunda-feira\u2026","rel":"","context":"In &quot;Not\u00edcias de Ribeir\u00e3o Preto-SP e Regi\u00e3o&quot;","block_context":{"text":"Not\u00edcias de Ribeir\u00e3o Preto-SP e Regi\u00e3o","link":"https:\/\/ismaelcolosi.com.br\/index.php\/category\/noticias-de-ribeirao-preto-sp-e-regiao-ismael-colosi\/"},"img":{"alt_text":"","src":"https:\/\/i0.wp.com\/ismaelcolosi.com.br\/wp-content\/uploads\/2024\/06\/FEMINICIDIO_2024-06-15_15-48-31_jpg_2024-06-15_15-48-31.webp.webp?fit=1200%2C910&ssl=1&resize=350%2C200","width":350,"height":200,"srcset":"https:\/\/i0.wp.com\/ismaelcolosi.com.br\/wp-content\/uploads\/2024\/06\/FEMINICIDIO_2024-06-15_15-48-31_jpg_2024-06-15_15-48-31.webp.webp?fit=1200%2C910&ssl=1&resize=350%2C200 1x, https:\/\/i0.wp.com\/ismaelcolosi.com.br\/wp-content\/uploads\/2024\/06\/FEMINICIDIO_2024-06-15_15-48-31_jpg_2024-06-15_15-48-31.webp.webp?fit=1200%2C910&ssl=1&resize=525%2C300 1.5x, https:\/\/i0.wp.com\/ismaelcolosi.com.br\/wp-content\/uploads\/2024\/06\/FEMINICIDIO_2024-06-15_15-48-31_jpg_2024-06-15_15-48-31.webp.webp?fit=1200%2C910&ssl=1&resize=700%2C400 2x, https:\/\/i0.wp.com\/ismaelcolosi.com.br\/wp-content\/uploads\/2024\/06\/FEMINICIDIO_2024-06-15_15-48-31_jpg_2024-06-15_15-48-31.webp.webp?fit=1200%2C910&ssl=1&resize=1050%2C600 3x"},"classes":[]},{"id":53225,"url":"https:\/\/ismaelcolosi.com.br\/index.php\/2024\/06\/14\/idosa-e-socorrida-apos-ter-corpo-queimado-na-regiao-de-ribeirao-principal-suspeito-e-o-ex-marido\/","url_meta":{"origin":53308,"position":1},"title":"Idosa \u00e9 socorrida ap\u00f3s ter corpo queimado na regi\u00e3o de Ribeir\u00e3o; Principal suspeito \u00e9 o ex-marido","author":"ismaelcolosi.com.br","date":"14 de June de 2024","format":false,"excerpt":"Uma mulher de 64 anos foi socorrida ap\u00f3s ter o corpo queimado nesta quinta-feira (14), em Pontal, munic\u00edpio a aproximadamente 38 quil\u00f4metros de Ribeir\u00e3o Preto. O ex-marido da idosa \u00e9 o principal suspeito de ter ateado fogo nela. De acordo com o boletim de ocorr\u00eancia registrado, um vizinho da v\u00edtima\u2026","rel":"","context":"In &quot;Not\u00edcias de Ribeir\u00e3o Preto-SP e Regi\u00e3o&quot;","block_context":{"text":"Not\u00edcias de Ribeir\u00e3o Preto-SP e Regi\u00e3o","link":"https:\/\/ismaelcolosi.com.br\/index.php\/category\/noticias-de-ribeirao-preto-sp-e-regiao-ismael-colosi\/"},"img":{"alt_text":"","src":"https:\/\/i0.wp.com\/ismaelcolosi.com.br\/wp-content\/uploads\/2024\/06\/Copia-de-Copia-de-TAMANHO-EXATO-PARA-FOTOS-NO-SISTEMA-NOVO-79_2024-06-14_18-01-11_png_2024-06-14_18-01-12.webp.webp?fit=1200%2C675&ssl=1&resize=350%2C200","width":350,"height":200,"srcset":"https:\/\/i0.wp.com\/ismaelcolosi.com.br\/wp-content\/uploads\/2024\/06\/Copia-de-Copia-de-TAMANHO-EXATO-PARA-FOTOS-NO-SISTEMA-NOVO-79_2024-06-14_18-01-11_png_2024-06-14_18-01-12.webp.webp?fit=1200%2C675&ssl=1&resize=350%2C200 1x, https:\/\/i0.wp.com\/ismaelcolosi.com.br\/wp-content\/uploads\/2024\/06\/Copia-de-Copia-de-TAMANHO-EXATO-PARA-FOTOS-NO-SISTEMA-NOVO-79_2024-06-14_18-01-11_png_2024-06-14_18-01-12.webp.webp?fit=1200%2C675&ssl=1&resize=525%2C300 1.5x, https:\/\/i0.wp.com\/ismaelcolosi.com.br\/wp-content\/uploads\/2024\/06\/Copia-de-Copia-de-TAMANHO-EXATO-PARA-FOTOS-NO-SISTEMA-NOVO-79_2024-06-14_18-01-11_png_2024-06-14_18-01-12.webp.webp?fit=1200%2C675&ssl=1&resize=700%2C400 2x, https:\/\/i0.wp.com\/ismaelcolosi.com.br\/wp-content\/uploads\/2024\/06\/Copia-de-Copia-de-TAMANHO-EXATO-PARA-FOTOS-NO-SISTEMA-NOVO-79_2024-06-14_18-01-11_png_2024-06-14_18-01-12.webp.webp?fit=1200%2C675&ssl=1&resize=1050%2C600 3x"},"classes":[]},{"id":53310,"url":"https:\/\/ismaelcolosi.com.br\/index.php\/2024\/06\/15\/filhote-de-capivara-e-encontrado-em-portao-de-casa-na-zona-oeste-de-ribeirao-veja-video\/","url_meta":{"origin":53308,"position":2},"title":"Filhote de capivara \u00e9 encontrado em port\u00e3o de casa na zona Oeste de Ribeir\u00e3o; Veja v\u00eddeo","author":"ismaelcolosi.com.br","date":"15 de June de 2024","format":false,"excerpt":"Um filhote de capivara foi encontrado no port\u00e3o de entrada de uma casa na manh\u00e3 deste s\u00e1bado (15), na Vila Tib\u00e9rio, zona Oeste de Ribeir\u00e3o Preto. Assista ao v\u00eddeo abaixo. A moradora Ivone Finassi contou que percebeu o animal ao abrir o port\u00e3o da garagem da resid\u00eancia, na rua Capit\u00e3o\u2026","rel":"","context":"In &quot;Not\u00edcias de Ribeir\u00e3o Preto-SP e Regi\u00e3o&quot;","block_context":{"text":"Not\u00edcias de Ribeir\u00e3o Preto-SP e Regi\u00e3o","link":"https:\/\/ismaelcolosi.com.br\/index.php\/category\/noticias-de-ribeirao-preto-sp-e-regiao-ismael-colosi\/"},"img":{"alt_text":"","src":"https:\/\/i0.wp.com\/ismaelcolosi.com.br\/wp-content\/uploads\/2024\/06\/CAPIVARA_2024-06-15_16-20-33_jpg_2024-06-15_16-20-33.webp.webp?fit=1200%2C904&ssl=1&resize=350%2C200","width":350,"height":200,"srcset":"https:\/\/i0.wp.com\/ismaelcolosi.com.br\/wp-content\/uploads\/2024\/06\/CAPIVARA_2024-06-15_16-20-33_jpg_2024-06-15_16-20-33.webp.webp?fit=1200%2C904&ssl=1&resize=350%2C200 1x, https:\/\/i0.wp.com\/ismaelcolosi.com.br\/wp-content\/uploads\/2024\/06\/CAPIVARA_2024-06-15_16-20-33_jpg_2024-06-15_16-20-33.webp.webp?fit=1200%2C904&ssl=1&resize=525%2C300 1.5x, https:\/\/i0.wp.com\/ismaelcolosi.com.br\/wp-content\/uploads\/2024\/06\/CAPIVARA_2024-06-15_16-20-33_jpg_2024-06-15_16-20-33.webp.webp?fit=1200%2C904&ssl=1&resize=700%2C400 2x, https:\/\/i0.wp.com\/ismaelcolosi.com.br\/wp-content\/uploads\/2024\/06\/CAPIVARA_2024-06-15_16-20-33_jpg_2024-06-15_16-20-33.webp.webp?fit=1200%2C904&ssl=1&resize=1050%2C600 3x"},"classes":[]},{"id":53316,"url":"https:\/\/ismaelcolosi.com.br\/index.php\/2024\/06\/15\/motorista-atira-em-carro-durante-briga-de-transito-em-rodovia-no-interior-de-sp\/","url_meta":{"origin":53308,"position":3},"title":"Motorista atira em carro durante briga de tr\u00e2nsito em rodovia no interior de SP","author":"ismaelcolosi.com.br","date":"15 de June de 2024","format":false,"excerpt":"Um motorista atirou em dire\u00e7\u00e3o a um carro durante uma briga de tr\u00e2nsito nesta sexta-feira (14), na rodovia Castello Branco (SP-280), em Boituva, cidade no interior de S\u00e3o Paulo. V\u00eddeos que circulam nas redes sociais mostram o suspeito durante os disparos. Dois tiros atingiram o pneu do carro da v\u00edtima,\u2026","rel":"","context":"In &quot;Not\u00edcias de Ribeir\u00e3o Preto-SP e Regi\u00e3o&quot;","block_context":{"text":"Not\u00edcias de Ribeir\u00e3o Preto-SP e Regi\u00e3o","link":"https:\/\/ismaelcolosi.com.br\/index.php\/category\/noticias-de-ribeirao-preto-sp-e-regiao-ismael-colosi\/"},"img":{"alt_text":"","src":"https:\/\/i0.wp.com\/ismaelcolosi.com.br\/wp-content\/uploads\/2024\/06\/WhatsApp-Image-2024-06-15-at-16.06.01_2024-06-15_19-06-22_jpeg_2024-06-15_19-06-22.webp.webp?fit=1200%2C675&ssl=1&resize=350%2C200","width":350,"height":200,"srcset":"https:\/\/i0.wp.com\/ismaelcolosi.com.br\/wp-content\/uploads\/2024\/06\/WhatsApp-Image-2024-06-15-at-16.06.01_2024-06-15_19-06-22_jpeg_2024-06-15_19-06-22.webp.webp?fit=1200%2C675&ssl=1&resize=350%2C200 1x, https:\/\/i0.wp.com\/ismaelcolosi.com.br\/wp-content\/uploads\/2024\/06\/WhatsApp-Image-2024-06-15-at-16.06.01_2024-06-15_19-06-22_jpeg_2024-06-15_19-06-22.webp.webp?fit=1200%2C675&ssl=1&resize=525%2C300 1.5x, https:\/\/i0.wp.com\/ismaelcolosi.com.br\/wp-content\/uploads\/2024\/06\/WhatsApp-Image-2024-06-15-at-16.06.01_2024-06-15_19-06-22_jpeg_2024-06-15_19-06-22.webp.webp?fit=1200%2C675&ssl=1&resize=700%2C400 2x, https:\/\/i0.wp.com\/ismaelcolosi.com.br\/wp-content\/uploads\/2024\/06\/WhatsApp-Image-2024-06-15-at-16.06.01_2024-06-15_19-06-22_jpeg_2024-06-15_19-06-22.webp.webp?fit=1200%2C675&ssl=1&resize=1050%2C600 3x"},"classes":[]},{"id":59663,"url":"https:\/\/ismaelcolosi.com.br\/index.php\/2024\/08\/10\/mulher-morre-apos-ser-agredida-e-mantida-em-carcere-privado-na-regiao-marido-e-suspeito\/","url_meta":{"origin":53308,"position":4},"title":"Mulher morre ap\u00f3s ser agredida e mantida em c\u00e1rcere privado na regi\u00e3o; marido \u00e9 suspeito","author":"ismaelcolosi.com.br","date":"10 de August de 2024","format":false,"excerpt":"Uma mulher de 47 anos morreu na \u00faltima sexta-feira (9) ap\u00f3s ser agredida e mantida em c\u00e1rcere privado em uma fazenda em Aramina, na regi\u00e3o de Ribeir\u00e3o Preto. O marido da v\u00edtima \u00e9 o suspeito. De acordo com apura\u00e7\u00e3o da EPTV, Marlete Maria de Oliveira chegou a ser encaminhada para\u2026","rel":"","context":"In &quot;Not\u00edcias de Ribeir\u00e3o Preto-SP e Regi\u00e3o&quot;","block_context":{"text":"Not\u00edcias de Ribeir\u00e3o Preto-SP e Regi\u00e3o","link":"https:\/\/ismaelcolosi.com.br\/index.php\/category\/noticias-de-ribeirao-preto-sp-e-regiao-ismael-colosi\/"},"img":{"alt_text":"","src":"https:\/\/i0.wp.com\/ismaelcolosi.com.br\/wp-content\/uploads\/2024\/08\/marlete_2024-08-10_18-56-10_jpeg_2024-08-10_18-56-10.webp.webp?fit=1200%2C674&ssl=1&resize=350%2C200","width":350,"height":200,"srcset":"https:\/\/i0.wp.com\/ismaelcolosi.com.br\/wp-content\/uploads\/2024\/08\/marlete_2024-08-10_18-56-10_jpeg_2024-08-10_18-56-10.webp.webp?fit=1200%2C674&ssl=1&resize=350%2C200 1x, https:\/\/i0.wp.com\/ismaelcolosi.com.br\/wp-content\/uploads\/2024\/08\/marlete_2024-08-10_18-56-10_jpeg_2024-08-10_18-56-10.webp.webp?fit=1200%2C674&ssl=1&resize=525%2C300 1.5x, https:\/\/i0.wp.com\/ismaelcolosi.com.br\/wp-content\/uploads\/2024\/08\/marlete_2024-08-10_18-56-10_jpeg_2024-08-10_18-56-10.webp.webp?fit=1200%2C674&ssl=1&resize=700%2C400 2x, https:\/\/i0.wp.com\/ismaelcolosi.com.br\/wp-content\/uploads\/2024\/08\/marlete_2024-08-10_18-56-10_jpeg_2024-08-10_18-56-10.webp.webp?fit=1200%2C674&ssl=1&resize=1050%2C600 3x"},"classes":[]},{"id":38893,"url":"https:\/\/ismaelcolosi.com.br\/index.php\/2024\/02\/22\/mulher-e-morta-com-requintes-de-crueldade-na-regiao\/","url_meta":{"origin":53308,"position":5},"title":"Mulher \u00e9 morta com requintes de crueldade na regi\u00e3o","author":"ismaelcolosi.com.br","date":"22 de February de 2024","format":false,"excerpt":"Companheiro que foi solto da cadeia h\u00e1 quatro meses \u00e9 o principal suspeito de ter ateado fogo no corpo da v\u00edtima; homem fez v\u00eddeochamada para outra mulher ap\u00f3s feminic\u00eddio 22 de fevereiro de 2024 | 10:10 0Por: Adalberto LuqueUma mulher de 24 anos foi morta, na madrugada desta quarta-feira (21),\u2026","rel":"","context":"In &quot;Not\u00edcias de Ribeir\u00e3o Preto-SP e Regi\u00e3o&quot;","block_context":{"text":"Not\u00edcias de Ribeir\u00e3o Preto-SP e Regi\u00e3o","link":"https:\/\/ismaelcolosi.com.br\/index.php\/category\/noticias-de-ribeirao-preto-sp-e-regiao-ismael-colosi\/"},"img":{"alt_text":"","src":"https:\/\/i0.wp.com\/ismaelcolosi.com.br\/wp-content\/uploads\/2024\/02\/00-22-fev-2024-feminicidio-franca-foto-redes-sociais.jpg?fit=554%2C551&ssl=1&resize=350%2C200","width":350,"height":200,"srcset":"https:\/\/i0.wp.com\/ismaelcolosi.com.br\/wp-content\/uploads\/2024\/02\/00-22-fev-2024-feminicidio-franca-foto-redes-sociais.jpg?fit=554%2C551&ssl=1&resize=350%2C200 1x, https:\/\/i0.wp.com\/ismaelcolosi.com.br\/wp-content\/uploads\/2024\/02\/00-22-fev-2024-feminicidio-franca-foto-redes-sociais.jpg?fit=554%2C551&ssl=1&resize=525%2C300 1.5x"},"classes":[]}],"jetpack_sharing_enabled":true,"jetpack_shortlink":"https:\/\/wp.me\/pfMlyK-dRO","_links":{"self":[{"href":"https:\/\/ismaelcolosi.com.br\/index.php\/wp-json\/wp\/v2\/posts\/53308","targetHints":{"allow":["GET"]}}],"collection":[{"href":"https:\/\/ismaelcolosi.com.br\/index.php\/wp-json\/wp\/v2\/posts"}],"about":[{"href":"https:\/\/ismaelcolosi.com.br\/index.php\/wp-json\/wp\/v2\/types\/post"}],"author":[{"embeddable":true,"href":"https:\/\/ismaelcolosi.com.br\/index.php\/wp-json\/wp\/v2\/users\/1"}],"replies":[{"embeddable":true,"href":"https:\/\/ismaelcolosi.com.br\/index.php\/wp-json\/wp\/v2\/comments?post=53308"}],"version-history":[{"count":0,"href":"https:\/\/ismaelcolosi.com.br\/index.php\/wp-json\/wp\/v2\/posts\/53308\/revisions"}],"wp:featuredmedia":[{"embeddable":true,"href":"https:\/\/ismaelcolosi.com.br\/index.php\/wp-json\/wp\/v2\/media\/53309"}],"wp:attachment":[{"href":"https:\/\/ismaelcolosi.com.br\/index.php\/wp-json\/wp\/v2\/media?parent=53308"}],"wp:term":[{"taxonomy":"category","embeddable":true,"href":"https:\/\/ismaelcolosi.com.br\/index.php\/wp-json\/wp\/v2\/categories?post=53308"},{"taxonomy":"post_tag","embeddable":true,"href":"https:\/\/ismaelcolosi.com.br\/index.php\/wp-json\/wp\/v2\/tags?post=53308"}],"curies":[{"name":"wp","href":"https:\/\/api.w.org\/{rel}","templated":true}]}}