{"id":53306,"date":"2024-06-15T12:26:08","date_gmt":"2024-06-15T15:26:08","guid":{"rendered":"https:\/\/ismaelcolosi.com.br\/index.php\/2024\/06\/15\/obra-tem-vazamento-de-agua-limpa-no-centro-de-ribeirao-preto-veja-video\/"},"modified":"2024-06-15T12:26:08","modified_gmt":"2024-06-15T15:26:08","slug":"obra-tem-vazamento-de-agua-limpa-no-centro-de-ribeirao-preto-veja-video","status":"publish","type":"post","link":"https:\/\/ismaelcolosi.com.br\/index.php\/2024\/06\/15\/obra-tem-vazamento-de-agua-limpa-no-centro-de-ribeirao-preto-veja-video\/","title":{"rendered":"Obra tem vazamento de \u00e1gua limpa no Centro de Ribeir\u00e3o Preto; Veja v\u00eddeo"},"content":{"rendered":"<p> <br \/>\n<\/p>\n<p><strong>Um vazamento de \u00e1gua da rede da <a href=\"https:\/\/www.ribeiraopreto.sp.gov.br\/portal\/saerp\/\" target=\"_blank\" rel=\"noreferrer noopener\">Saerp (Secretaria de \u00c1gua e Esgoto de Ribeir\u00e3o Preto)<\/a> foi registrado na manh\u00e3 deste s\u00e1bado (15), em uma obra do corredor de \u00f4nibus no cruzamento das\u00a0ruas Flor\u00eancio de Abreu e Sete de Setembro, no\u00a0Centro da cidade. Assista <\/strong>ao <strong>v\u00eddeo <\/strong>abaixo.<\/p>\n<p>Moradores relataram que o <mark style=\"background-color:#fcb900\" class=\"has-inline-color has-black-color\">vazamento ocorre desde a noite desta sexta-feira (14).<\/mark><\/p>\n<h1 class=\"wp-block-heading\"><strong>O que diz a Saerp<\/strong><\/h1>\n<p>A <strong>Saerp <\/strong>informou, por meio de nota ao <strong>acidade on<\/strong>, que equipes foram enviadas at\u00e9 o local e <mark style=\"background-color:#fcb900\" class=\"has-inline-color has-black-color\">trabalham em manuten\u00e7\u00f5es e outras melhorias no sistema de abastecimento da regi\u00e3o.<\/mark><\/p>\n<p><mark style=\"background-color:#fcb900\" class=\"has-inline-color has-black-color\">A previs\u00e3o de conclus\u00e3o dos trabalhos e a causa do vazamento, por\u00e9m, n\u00e3o foram informadas.<\/mark><\/p>\n<blockquote class=\"instagram-media\" data-instgrm-permalink=\"https:\/\/www.instagram.com\/reel\/C8PbvaUq4AD\/?utm_source=ig_embed&amp;utm_campaign=loading\" data-instgrm-version=\"14\" style=\"background:#FFF;border:0;border-radius:3px;margin: 1px;max-width:540px;min-width:326px;padding:0;width:99.375%;width:-webkit-calc(100% - 2px);width:calc(100% - 2px)\">\n<div style=\"padding:16px\"> <a href=\"https:\/\/www.instagram.com\/reel\/C8PbvaUq4AD\/?utm_source=ig_embed&amp;utm_campaign=loading\" style=\"background:#FFFFFF;line-height:0;padding:0 0;text-align:center;text-decoration:none;width:100%\" target=\"_blank\" rel=\"noopener\"> <\/p>\n<div style=\"flex-direction: row;align-items: center\">\n<div style=\"background-color: #F4F4F4;border-radius: 50%;flex-grow: 0;height: 40px;margin-right: 14px;width: 40px\"><\/div>\n<div style=\"flex-direction: column;flex-grow: 1;justify-content: center\">\n<div style=\"background-color: #F4F4F4;border-radius: 4px;flex-grow: 0;height: 14px;margin-bottom: 6px;width: 100px\"><\/div>\n<div style=\"background-color: #F4F4F4;border-radius: 4px;flex-grow: 0;height: 14px;width: 60px\"><\/div>\n<\/div>\n<\/div>\n<div style=\"padding: 19% 0\"><\/div>\n<div style=\"height:50px;margin:0 auto 12px;width:50px\"><\/div>\n<div style=\"padding-top: 8px\">\n<div style=\"color:#3897f0;font-family:Arial,sans-serif;font-size:14px;font-style:normal;font-weight:550;line-height:18px\">Ver essa foto no Instagram<\/div>\n<\/div>\n<div style=\"padding: 12.5% 0\"><\/div>\n<div style=\"flex-direction: row;margin-bottom: 14px;align-items: center\">\n<div>\n<div style=\"background-color: #F4F4F4;border-radius: 50%;height: 12.5px;width: 12.5px\"><\/div>\n<div style=\"background-color: #F4F4F4;height: 12.5px;width: 12.5px;flex-grow: 0;margin-right: 14px;margin-left: 2px\"><\/div>\n<div style=\"background-color: #F4F4F4;border-radius: 50%;height: 12.5px;width: 12.5px\"><\/div>\n<\/div>\n<div style=\"margin-left: 8px\">\n<div style=\"background-color: #F4F4F4;border-radius: 50%;flex-grow: 0;height: 20px;width: 20px\"><\/div>\n<div style=\"width: 0;height: 0;border-top: 2px solid transparent;border-left: 6px solid #f4f4f4;border-bottom: 2px solid transparent\"><\/div>\n<\/div>\n<div style=\"margin-left: auto\">\n<div style=\"width: 0px;border-top: 8px solid #F4F4F4;border-right: 8px solid transparent\"><\/div>\n<div style=\"background-color: #F4F4F4;flex-grow: 0;height: 12px;width: 16px\"><\/div>\n<div style=\"width: 0;height: 0;border-top: 8px solid #F4F4F4;border-left: 8px solid transparent\"><\/div>\n<\/div>\n<\/div>\n<div style=\"flex-direction: column;flex-grow: 1;justify-content: center;margin-bottom: 24px\">\n<div style=\"background-color: #F4F4F4;border-radius: 4px;flex-grow: 0;height: 14px;margin-bottom: 6px;width: 224px\"><\/div>\n<div style=\"background-color: #F4F4F4;border-radius: 4px;flex-grow: 0;height: 14px;width: 144px\"><\/div>\n<\/div>\n<p><\/a><\/p>\n<p style=\"color:#c9c8cd;font-family:Arial,sans-serif;font-size:14px;line-height:17px;margin-bottom:0;margin-top:8px;overflow:hidden;padding:8px 0 7px;text-align:center\"><a href=\"https:\/\/www.instagram.com\/reel\/C8PbvaUq4AD\/?utm_source=ig_embed&amp;utm_campaign=loading\" style=\"color:#c9c8cd;font-family:Arial,sans-serif;font-size:14px;font-style:normal;font-weight:normal;line-height:17px;text-decoration:none\" target=\"_blank\" rel=\"noopener\">Uma publica\u00e7\u00e3o compartilhada por acidade on Ribeir\u00e3o (@acidadeonribeirao)<\/a><\/p>\n<\/div>\n<\/blockquote>\n<p>SAIBA MAIS<br \/>Morre ciclista atropelado por carro na Francisco Junqueira em Ribeir\u00e3o Preto<\/p>\n<h4 class=\"wp-block-heading\"><strong>FIQUE ON<\/strong><\/h4>\n<p>Fique ligado em tudo que acontece em Ribeir\u00e3o Preto e regi\u00e3o. Siga os perfis do <strong>acidade on <\/strong>no <a href=\"https:\/\/www.instagram.com\/acidadeonribeirao\" target=\"_blank\" rel=\"noreferrer noopener\">Instagram<\/a> e no <a href=\"https:\/\/www.facebook.com\/acidadeonribeirao\" target=\"_blank\" rel=\"noreferrer noopener\">Facebook<\/a>.<\/p>\n<p>Receba not\u00edcias do acidade on no WhatsApp. Para entrar no grupo, basta <a href=\"https:\/\/chat.whatsapp.com\/CdrZ6xrf7quD44Vw3WlPuZ\" target=\"_blank\" rel=\"noreferrer noopener\">clicar aqui<\/a>.<\/p>\n<p>Fa\u00e7a uma den\u00fancia ou sugira uma reportagem sobre Ribeir\u00e3o Preto e regi\u00e3o pelo WhatsApp: 16 99117 7802.<\/p>\n<p>VEJA TAMB\u00c9M<br \/>Quais s\u00e3o as \u00faltimas not\u00edcias sobre Kate Middleton?<\/p>\n<p>O post Obra tem vazamento de \u00e1gua limpa no Centro de Ribeir\u00e3o Preto; Veja v\u00eddeo apareceu primeiro em ACidade ON Ribeir\u00e3o Preto.<\/p>\n<p><script async src=\"\/\/www.instagram.com\/embed.js\"><\/script><br \/>\n<br \/><br \/>\n<br \/><a href=\"https:\/\/www.acidadeon.com\/ribeiraopreto\/cotidiano\/obra-tem-vazamento-de-agua-limpa-no-centro-de-ribeirao-preto\/\">Source link <\/a><\/p>\n<div class='code-block code-block-4' style='margin: 8px auto 8px 0; text-align: left; display: block; clear: both;'>\n\ud83d\udce2 Aviso Legal\n\nO site ismaelcolosi.com.br atua apenas como um canal de divulga\u00e7\u00e3o de oportunidades de emprego e n\u00e3o se responsabiliza pelo processo seletivo, contrata\u00e7\u00e3o ou qualquer outra etapa relacionada \u00e0s vagas publicadas. Todas as informa\u00e7\u00f5es s\u00e3o de responsabilidade dos anunciantes.\n\n\u26a0\ufe0f Aten\u00e7\u00e3o! Nunca pague por promessas de emprego nem compre cursos que garantam contrata\u00e7\u00e3o. Desconfie de qualquer cobran\u00e7a para participar de sele\u00e7\u00f5es.\n\n\n\n<\/div>\n<!-- CONTENT END 1 -->\n","protected":false},"excerpt":{"rendered":"<p>Um vazamento de \u00e1gua da rede da Saerp (Secretaria de \u00c1gua e Esgoto de Ribeir\u00e3o Preto) foi registrado na manh\u00e3 deste s\u00e1bado (15), em uma&#8230;<\/p>\n","protected":false},"author":1,"featured_media":53307,"comment_status":"open","ping_status":"open","sticky":false,"template":"","format":"standard","meta":{"_uag_custom_page_level_css":"","advanced_seo_description":"","jetpack_seo_html_title":"","jetpack_seo_noindex":false,"jetpack_post_was_ever_published":false,"_jetpack_newsletter_access":"","_jetpack_dont_email_post_to_subs":false,"_jetpack_newsletter_tier_id":0,"_jetpack_memberships_contains_paywalled_content":false,"_jetpack_memberships_contains_paid_content":false,"footnotes":"","jetpack_publicize_message":"","jetpack_publicize_feature_enabled":true,"jetpack_social_post_already_shared":true,"jetpack_social_options":{"image_generator_settings":{"template":"highway","default_image_id":0,"font":"","enabled":false},"version":2}},"categories":[11],"tags":[],"class_list":["post-53306","post","type-post","status-publish","format-standard","has-post-thumbnail","hentry","category-noticias-de-ribeirao-preto-sp-e-regiao-ismael-colosi"],"jetpack_publicize_connections":[],"jetpack_featured_media_url":"https:\/\/i0.wp.com\/ismaelcolosi.com.br\/wp-content\/uploads\/2024\/06\/WhatsApp-Image-2024-06-15-at-08.56.27_2024-06-15_14-53-00_jpeg_2024-06-15_14-53-00.webp.webp?fit=1600%2C900&ssl=1","uagb_featured_image_src":{"full":["https:\/\/i0.wp.com\/ismaelcolosi.com.br\/wp-content\/uploads\/2024\/06\/WhatsApp-Image-2024-06-15-at-08.56.27_2024-06-15_14-53-00_jpeg_2024-06-15_14-53-00.webp.webp?fit=1600%2C900&ssl=1",1600,900,false],"thumbnail":["https:\/\/i0.wp.com\/ismaelcolosi.com.br\/wp-content\/uploads\/2024\/06\/WhatsApp-Image-2024-06-15-at-08.56.27_2024-06-15_14-53-00_jpeg_2024-06-15_14-53-00.webp.webp?resize=150%2C150&ssl=1",150,150,true],"medium":["https:\/\/i0.wp.com\/ismaelcolosi.com.br\/wp-content\/uploads\/2024\/06\/WhatsApp-Image-2024-06-15-at-08.56.27_2024-06-15_14-53-00_jpeg_2024-06-15_14-53-00.webp.webp?fit=300%2C169&ssl=1",300,169,true],"medium_large":["https:\/\/i0.wp.com\/ismaelcolosi.com.br\/wp-content\/uploads\/2024\/06\/WhatsApp-Image-2024-06-15-at-08.56.27_2024-06-15_14-53-00_jpeg_2024-06-15_14-53-00.webp.webp?fit=768%2C432&ssl=1",768,432,true],"large":["https:\/\/i0.wp.com\/ismaelcolosi.com.br\/wp-content\/uploads\/2024\/06\/WhatsApp-Image-2024-06-15-at-08.56.27_2024-06-15_14-53-00_jpeg_2024-06-15_14-53-00.webp.webp?fit=1024%2C576&ssl=1",1024,576,true],"1536x1536":["https:\/\/i0.wp.com\/ismaelcolosi.com.br\/wp-content\/uploads\/2024\/06\/WhatsApp-Image-2024-06-15-at-08.56.27_2024-06-15_14-53-00_jpeg_2024-06-15_14-53-00.webp.webp?fit=1536%2C864&ssl=1",1536,864,true],"2048x2048":["https:\/\/i0.wp.com\/ismaelcolosi.com.br\/wp-content\/uploads\/2024\/06\/WhatsApp-Image-2024-06-15-at-08.56.27_2024-06-15_14-53-00_jpeg_2024-06-15_14-53-00.webp.webp?fit=1600%2C900&ssl=1",1600,900,true],"really-simple-thumb":["https:\/\/i0.wp.com\/ismaelcolosi.com.br\/wp-content\/uploads\/2024\/06\/WhatsApp-Image-2024-06-15-at-08.56.27_2024-06-15_14-53-00_jpeg_2024-06-15_14-53-00.webp.webp?resize=370%2C247&ssl=1",370,247,true]},"uagb_author_info":{"display_name":"ismaelcolosi.com.br","author_link":"https:\/\/ismaelcolosi.com.br\/index.php\/author\/vidareal-online\/"},"uagb_comment_info":0,"uagb_excerpt":"Um vazamento de \u00e1gua da rede da Saerp (Secretaria de \u00c1gua e Esgoto de Ribeir\u00e3o Preto) foi registrado na manh\u00e3 deste s\u00e1bado (15), em uma...","jetpack-related-posts":[{"id":9612,"url":"https:\/\/ismaelcolosi.com.br\/index.php\/2023\/12\/02\/obra-no-centro-de-ribeirao-causa-vazamento-de-agua-limpa-veja-o-video\/","url_meta":{"origin":53306,"position":0},"title":"Obra no Centro de Ribeir\u00e3o causa vazamento de \u00e1gua limpa; Veja o v\u00eddeo","author":"ismaelcolosi.com.br","date":"2 de December de 2023","format":false,"excerpt":"O rompimento de uma tubula\u00e7\u00e3o da rede de \u00e1gua em frente \u00e0 pra\u00e7a 7 de Setembro, entre as ruas Lafaiete e Marechal Deodoro, no Centro de Ribeir\u00e3o Preto, chamou a aten\u00e7\u00e3o dos moradores da cidade neste s\u00e1bado (2). O local foi interditado pela Prefeitura de Ribeir\u00e3o, na \u00faltima sexta-feira (1\u00ba),\u2026","rel":"","context":"In &quot;Not\u00edcias de Ribeir\u00e3o Preto-SP e Regi\u00e3o&quot;","block_context":{"text":"Not\u00edcias de Ribeir\u00e3o Preto-SP e Regi\u00e3o","link":"https:\/\/ismaelcolosi.com.br\/index.php\/category\/noticias-de-ribeirao-preto-sp-e-regiao-ismael-colosi\/"},"img":{"alt_text":"","src":"https:\/\/i0.wp.com\/ismaelcolosi.com.br\/wp-content\/uploads\/2023\/12\/WhatsApp-Image-2023-12-02-at-11.11.02.jpeg?fit=1200%2C900&ssl=1&resize=350%2C200","width":350,"height":200,"srcset":"https:\/\/i0.wp.com\/ismaelcolosi.com.br\/wp-content\/uploads\/2023\/12\/WhatsApp-Image-2023-12-02-at-11.11.02.jpeg?fit=1200%2C900&ssl=1&resize=350%2C200 1x, https:\/\/i0.wp.com\/ismaelcolosi.com.br\/wp-content\/uploads\/2023\/12\/WhatsApp-Image-2023-12-02-at-11.11.02.jpeg?fit=1200%2C900&ssl=1&resize=525%2C300 1.5x, https:\/\/i0.wp.com\/ismaelcolosi.com.br\/wp-content\/uploads\/2023\/12\/WhatsApp-Image-2023-12-02-at-11.11.02.jpeg?fit=1200%2C900&ssl=1&resize=700%2C400 2x, https:\/\/i0.wp.com\/ismaelcolosi.com.br\/wp-content\/uploads\/2023\/12\/WhatsApp-Image-2023-12-02-at-11.11.02.jpeg?fit=1200%2C900&ssl=1&resize=1050%2C600 3x"},"classes":[]},{"id":50603,"url":"https:\/\/ismaelcolosi.com.br\/index.php\/2024\/05\/17\/obra-no-centro-de-ribeirao-preto-enfrenta-vazamento-de-agua\/","url_meta":{"origin":53306,"position":1},"title":"Obra no Centro de Ribeir\u00e3o Preto enfrenta vazamento de \u00e1gua","author":"ismaelcolosi.com.br","date":"17 de May de 2024","format":false,"excerpt":"Um morador flagrou um vazamento de \u00e1gua na obra de constru\u00e7\u00e3o do corredor de \u00f4nibus na rua Lafaiete, no Centro de Ribeir\u00e3o Preto. O problema acontece, pelo menos, desde a \u00faltima quarta-feira (15). De acordo com a Saerp (Secretaria de \u00c1gua e Esgoto de Ribeir\u00e3o Preto), equipes foram enviadas at\u00e9\u2026","rel":"","context":"In &quot;Not\u00edcias de Ribeir\u00e3o Preto-SP e Regi\u00e3o&quot;","block_context":{"text":"Not\u00edcias de Ribeir\u00e3o Preto-SP e Regi\u00e3o","link":"https:\/\/ismaelcolosi.com.br\/index.php\/category\/noticias-de-ribeirao-preto-sp-e-regiao-ismael-colosi\/"},"img":{"alt_text":"","src":"https:\/\/i0.wp.com\/ismaelcolosi.com.br\/wp-content\/uploads\/2024\/05\/Copia-de-Copia-de-TAMANHO-EXATO-PARA-FOTOS-NO-SISTEMA-NOVO-4_2024-05-17_14-48-09_jpg_2024-05-17_14-48-09.webp.webp?fit=1200%2C675&ssl=1&resize=350%2C200","width":350,"height":200,"srcset":"https:\/\/i0.wp.com\/ismaelcolosi.com.br\/wp-content\/uploads\/2024\/05\/Copia-de-Copia-de-TAMANHO-EXATO-PARA-FOTOS-NO-SISTEMA-NOVO-4_2024-05-17_14-48-09_jpg_2024-05-17_14-48-09.webp.webp?fit=1200%2C675&ssl=1&resize=350%2C200 1x, https:\/\/i0.wp.com\/ismaelcolosi.com.br\/wp-content\/uploads\/2024\/05\/Copia-de-Copia-de-TAMANHO-EXATO-PARA-FOTOS-NO-SISTEMA-NOVO-4_2024-05-17_14-48-09_jpg_2024-05-17_14-48-09.webp.webp?fit=1200%2C675&ssl=1&resize=525%2C300 1.5x, https:\/\/i0.wp.com\/ismaelcolosi.com.br\/wp-content\/uploads\/2024\/05\/Copia-de-Copia-de-TAMANHO-EXATO-PARA-FOTOS-NO-SISTEMA-NOVO-4_2024-05-17_14-48-09_jpg_2024-05-17_14-48-09.webp.webp?fit=1200%2C675&ssl=1&resize=700%2C400 2x, https:\/\/i0.wp.com\/ismaelcolosi.com.br\/wp-content\/uploads\/2024\/05\/Copia-de-Copia-de-TAMANHO-EXATO-PARA-FOTOS-NO-SISTEMA-NOVO-4_2024-05-17_14-48-09_jpg_2024-05-17_14-48-09.webp.webp?fit=1200%2C675&ssl=1&resize=1050%2C600 3x"},"classes":[]},{"id":46349,"url":"https:\/\/ismaelcolosi.com.br\/index.php\/2024\/04\/11\/rompimento-de-cano-causa-grande-vazamento-de-agua-em-rua-na-zona-acnorte-de-ribeirao\/","url_meta":{"origin":53306,"position":2},"title":"Rompimento de cano causa grande vazamento de \u00e1gua em rua na zona acNorte de Ribeir\u00e3o","author":"ismaelcolosi.com.br","date":"11 de April de 2024","format":false,"excerpt":"O rompimento de um cano provoca um grande vazamento de \u00e1gua limpa na manh\u00e3 desta quinta-feira (11) pela rua Javari, na zona Norte de Ribeir\u00e3o Preto. Assista ao v\u00eddeo abaixo. A \u00e1gua est\u00e1 jorrando forte e forma uma enxurrada pela rua em dire\u00e7\u00e3o \u00e0 avenida Jo\u00e3o Goulart. Segundo as primeiras\u2026","rel":"","context":"In &quot;Not\u00edcias de Ribeir\u00e3o Preto-SP e Regi\u00e3o&quot;","block_context":{"text":"Not\u00edcias de Ribeir\u00e3o Preto-SP e Regi\u00e3o","link":"https:\/\/ismaelcolosi.com.br\/index.php\/category\/noticias-de-ribeirao-preto-sp-e-regiao-ismael-colosi\/"},"img":{"alt_text":"","src":"https:\/\/i0.wp.com\/ismaelcolosi.com.br\/wp-content\/uploads\/2024\/04\/WhatsApp-Image-2024-04-11-at-08.28.48-scaled.jpeg?fit=1200%2C900&ssl=1&resize=350%2C200","width":350,"height":200,"srcset":"https:\/\/i0.wp.com\/ismaelcolosi.com.br\/wp-content\/uploads\/2024\/04\/WhatsApp-Image-2024-04-11-at-08.28.48-scaled.jpeg?fit=1200%2C900&ssl=1&resize=350%2C200 1x, https:\/\/i0.wp.com\/ismaelcolosi.com.br\/wp-content\/uploads\/2024\/04\/WhatsApp-Image-2024-04-11-at-08.28.48-scaled.jpeg?fit=1200%2C900&ssl=1&resize=525%2C300 1.5x, https:\/\/i0.wp.com\/ismaelcolosi.com.br\/wp-content\/uploads\/2024\/04\/WhatsApp-Image-2024-04-11-at-08.28.48-scaled.jpeg?fit=1200%2C900&ssl=1&resize=700%2C400 2x, https:\/\/i0.wp.com\/ismaelcolosi.com.br\/wp-content\/uploads\/2024\/04\/WhatsApp-Image-2024-04-11-at-08.28.48-scaled.jpeg?fit=1200%2C900&ssl=1&resize=1050%2C600 3x"},"classes":[]},{"id":46351,"url":"https:\/\/ismaelcolosi.com.br\/index.php\/2024\/04\/11\/rompimento-de-cano-causa-grande-vazamento-de-agua-em-rua-na-zona-norte-de-ribeirao\/","url_meta":{"origin":53306,"position":3},"title":"Rompimento de cano causa grande vazamento de \u00e1gua em rua na zona Norte de Ribeir\u00e3o","author":"ismaelcolosi.com.br","date":"11 de April de 2024","format":false,"excerpt":"O rompimento de um cano provoca um grande vazamento de \u00e1gua limpa na manh\u00e3 desta quinta-feira (11) pela rua Javari, na zona Norte de Ribeir\u00e3o Preto. Assista ao v\u00eddeo abaixo. A \u00e1gua est\u00e1 jorrando forte e forma uma enxurrada pela rua em dire\u00e7\u00e3o \u00e0 avenida Jo\u00e3o Goulart. Segundo as primeiras\u2026","rel":"","context":"In &quot;Not\u00edcias de Ribeir\u00e3o Preto-SP e Regi\u00e3o&quot;","block_context":{"text":"Not\u00edcias de Ribeir\u00e3o Preto-SP e Regi\u00e3o","link":"https:\/\/ismaelcolosi.com.br\/index.php\/category\/noticias-de-ribeirao-preto-sp-e-regiao-ismael-colosi\/"},"img":{"alt_text":"","src":"https:\/\/i0.wp.com\/ismaelcolosi.com.br\/wp-content\/uploads\/2024\/04\/1712838826_WhatsApp-Image-2024-04-11-at-08.28.48-scaled.jpeg?fit=1200%2C900&ssl=1&resize=350%2C200","width":350,"height":200,"srcset":"https:\/\/i0.wp.com\/ismaelcolosi.com.br\/wp-content\/uploads\/2024\/04\/1712838826_WhatsApp-Image-2024-04-11-at-08.28.48-scaled.jpeg?fit=1200%2C900&ssl=1&resize=350%2C200 1x, https:\/\/i0.wp.com\/ismaelcolosi.com.br\/wp-content\/uploads\/2024\/04\/1712838826_WhatsApp-Image-2024-04-11-at-08.28.48-scaled.jpeg?fit=1200%2C900&ssl=1&resize=525%2C300 1.5x, https:\/\/i0.wp.com\/ismaelcolosi.com.br\/wp-content\/uploads\/2024\/04\/1712838826_WhatsApp-Image-2024-04-11-at-08.28.48-scaled.jpeg?fit=1200%2C900&ssl=1&resize=700%2C400 2x, https:\/\/i0.wp.com\/ismaelcolosi.com.br\/wp-content\/uploads\/2024\/04\/1712838826_WhatsApp-Image-2024-04-11-at-08.28.48-scaled.jpeg?fit=1200%2C900&ssl=1&resize=1050%2C600 3x"},"classes":[]},{"id":47939,"url":"https:\/\/ismaelcolosi.com.br\/index.php\/2024\/04\/29\/vazamento-de-agua-limpa-chama-atencao-de-moradores-na-zona-sul-de-ribeirao-veja-o-video\/","url_meta":{"origin":53306,"position":4},"title":"Vazamento de \u00e1gua limpa chama aten\u00e7\u00e3o de moradores na zona Sul de Ribeir\u00e3o; Veja o v\u00eddeo","author":"ismaelcolosi.com.br","date":"29 de April de 2024","format":false,"excerpt":"Um vazamento de \u00e1gua limpa formou um \u2018chafariz\u2019 na manh\u00e3 desta segunda-feira (29), na rua \u00c9rcole Verri, na Vila Ana Maria, zona Sul de Ribeir\u00e3o Preto. O ocorrido chamou a aten\u00e7\u00e3o de quem passava pelo local e um morador chegou a registrar um v\u00eddeo \u2013 veja abaixo. Nas imagens \u00e9\u2026","rel":"","context":"In &quot;Not\u00edcias de Ribeir\u00e3o Preto-SP e Regi\u00e3o&quot;","block_context":{"text":"Not\u00edcias de Ribeir\u00e3o Preto-SP e Regi\u00e3o","link":"https:\/\/ismaelcolosi.com.br\/index.php\/category\/noticias-de-ribeirao-preto-sp-e-regiao-ismael-colosi\/"},"img":{"alt_text":"","src":"https:\/\/i0.wp.com\/ismaelcolosi.com.br\/wp-content\/uploads\/2024\/04\/AnyConv.com__Copia-de-Copia-de-TAMANHO-EXATO-PARA-FOTOS-NO-SISTEMA-NOVO-20.webp.webp?fit=1200%2C675&ssl=1&resize=350%2C200","width":350,"height":200,"srcset":"https:\/\/i0.wp.com\/ismaelcolosi.com.br\/wp-content\/uploads\/2024\/04\/AnyConv.com__Copia-de-Copia-de-TAMANHO-EXATO-PARA-FOTOS-NO-SISTEMA-NOVO-20.webp.webp?fit=1200%2C675&ssl=1&resize=350%2C200 1x, https:\/\/i0.wp.com\/ismaelcolosi.com.br\/wp-content\/uploads\/2024\/04\/AnyConv.com__Copia-de-Copia-de-TAMANHO-EXATO-PARA-FOTOS-NO-SISTEMA-NOVO-20.webp.webp?fit=1200%2C675&ssl=1&resize=525%2C300 1.5x, https:\/\/i0.wp.com\/ismaelcolosi.com.br\/wp-content\/uploads\/2024\/04\/AnyConv.com__Copia-de-Copia-de-TAMANHO-EXATO-PARA-FOTOS-NO-SISTEMA-NOVO-20.webp.webp?fit=1200%2C675&ssl=1&resize=700%2C400 2x, https:\/\/i0.wp.com\/ismaelcolosi.com.br\/wp-content\/uploads\/2024\/04\/AnyConv.com__Copia-de-Copia-de-TAMANHO-EXATO-PARA-FOTOS-NO-SISTEMA-NOVO-20.webp.webp?fit=1200%2C675&ssl=1&resize=1050%2C600 3x"},"classes":[]},{"id":48974,"url":"https:\/\/ismaelcolosi.com.br\/index.php\/2024\/05\/07\/vazamento-de-agua-limpa-forma-chafariz-na-zona-sul-de-ribeirao-preto-veja-video\/","url_meta":{"origin":53306,"position":5},"title":"Vazamento de \u00e1gua limpa forma &#8216;chafariz&#8217; na zona Sul de Ribeir\u00e3o Preto; Veja v\u00eddeo","author":"ismaelcolosi.com.br","date":"7 de May de 2024","format":false,"excerpt":"Um vazamento de \u00e1gua limpa chamou a aten\u00e7\u00e3o de quem passava pela avenida Braz Olaia Acosta, zona Sul de Ribeir\u00e3o Preto. Um morador da cidade chegou a registrar o \u2018chafariz\u2019, na tarde desta ter\u00e7a-feira (7) \u2013 assista abaixo. Nas imagens \u00e9 poss\u00edvel ver a \u00e1gua jorrando forte no local e\u2026","rel":"","context":"In &quot;Not\u00edcias de Ribeir\u00e3o Preto-SP e Regi\u00e3o&quot;","block_context":{"text":"Not\u00edcias de Ribeir\u00e3o Preto-SP e Regi\u00e3o","link":"https:\/\/ismaelcolosi.com.br\/index.php\/category\/noticias-de-ribeirao-preto-sp-e-regiao-ismael-colosi\/"},"img":{"alt_text":"","src":"https:\/\/i0.wp.com\/ismaelcolosi.com.br\/wp-content\/uploads\/2024\/05\/Copia-de-Copia-de-TAMANHO-EXATO-PARA-FOTOS-NO-SISTEMA-NOVO-29_2024-05-07_22-22-40_png_2024-05-07_22-22-40.webp.webp?fit=1200%2C675&ssl=1&resize=350%2C200","width":350,"height":200,"srcset":"https:\/\/i0.wp.com\/ismaelcolosi.com.br\/wp-content\/uploads\/2024\/05\/Copia-de-Copia-de-TAMANHO-EXATO-PARA-FOTOS-NO-SISTEMA-NOVO-29_2024-05-07_22-22-40_png_2024-05-07_22-22-40.webp.webp?fit=1200%2C675&ssl=1&resize=350%2C200 1x, https:\/\/i0.wp.com\/ismaelcolosi.com.br\/wp-content\/uploads\/2024\/05\/Copia-de-Copia-de-TAMANHO-EXATO-PARA-FOTOS-NO-SISTEMA-NOVO-29_2024-05-07_22-22-40_png_2024-05-07_22-22-40.webp.webp?fit=1200%2C675&ssl=1&resize=525%2C300 1.5x, https:\/\/i0.wp.com\/ismaelcolosi.com.br\/wp-content\/uploads\/2024\/05\/Copia-de-Copia-de-TAMANHO-EXATO-PARA-FOTOS-NO-SISTEMA-NOVO-29_2024-05-07_22-22-40_png_2024-05-07_22-22-40.webp.webp?fit=1200%2C675&ssl=1&resize=700%2C400 2x, https:\/\/i0.wp.com\/ismaelcolosi.com.br\/wp-content\/uploads\/2024\/05\/Copia-de-Copia-de-TAMANHO-EXATO-PARA-FOTOS-NO-SISTEMA-NOVO-29_2024-05-07_22-22-40_png_2024-05-07_22-22-40.webp.webp?fit=1200%2C675&ssl=1&resize=1050%2C600 3x"},"classes":[]}],"jetpack_sharing_enabled":true,"jetpack_shortlink":"https:\/\/wp.me\/pfMlyK-dRM","_links":{"self":[{"href":"https:\/\/ismaelcolosi.com.br\/index.php\/wp-json\/wp\/v2\/posts\/53306","targetHints":{"allow":["GET"]}}],"collection":[{"href":"https:\/\/ismaelcolosi.com.br\/index.php\/wp-json\/wp\/v2\/posts"}],"about":[{"href":"https:\/\/ismaelcolosi.com.br\/index.php\/wp-json\/wp\/v2\/types\/post"}],"author":[{"embeddable":true,"href":"https:\/\/ismaelcolosi.com.br\/index.php\/wp-json\/wp\/v2\/users\/1"}],"replies":[{"embeddable":true,"href":"https:\/\/ismaelcolosi.com.br\/index.php\/wp-json\/wp\/v2\/comments?post=53306"}],"version-history":[{"count":0,"href":"https:\/\/ismaelcolosi.com.br\/index.php\/wp-json\/wp\/v2\/posts\/53306\/revisions"}],"wp:featuredmedia":[{"embeddable":true,"href":"https:\/\/ismaelcolosi.com.br\/index.php\/wp-json\/wp\/v2\/media\/53307"}],"wp:attachment":[{"href":"https:\/\/ismaelcolosi.com.br\/index.php\/wp-json\/wp\/v2\/media?parent=53306"}],"wp:term":[{"taxonomy":"category","embeddable":true,"href":"https:\/\/ismaelcolosi.com.br\/index.php\/wp-json\/wp\/v2\/categories?post=53306"},{"taxonomy":"post_tag","embeddable":true,"href":"https:\/\/ismaelcolosi.com.br\/index.php\/wp-json\/wp\/v2\/tags?post=53306"}],"curies":[{"name":"wp","href":"https:\/\/api.w.org\/{rel}","templated":true}]}}