{"id":53302,"date":"2024-06-15T10:50:04","date_gmt":"2024-06-15T13:50:04","guid":{"rendered":"https:\/\/ismaelcolosi.com.br\/index.php\/2024\/06\/15\/morre-ciclista-atropelado-por-carro-na-francisco-junqueira-em-ribeirao-preto\/"},"modified":"2024-06-15T10:50:04","modified_gmt":"2024-06-15T13:50:04","slug":"morre-ciclista-atropelado-por-carro-na-francisco-junqueira-em-ribeirao-preto","status":"publish","type":"post","link":"https:\/\/ismaelcolosi.com.br\/index.php\/2024\/06\/15\/morre-ciclista-atropelado-por-carro-na-francisco-junqueira-em-ribeirao-preto\/","title":{"rendered":"Morre ciclista atropelado por carro na Francisco Junqueira em Ribeir\u00e3o Preto"},"content":{"rendered":"<p> <br \/>\n<\/p>\n<div data-td-block-uid=\"tdi_106\">\n<div class=\"tdb-block-inner td-fix-index\">\n<p><strong>O ciclista atropelado por um carro na noite desta sexta-feira (14), na avenida Francisco Junqueira, morreu ap\u00f3s ter sido socorrido, em Ribeir\u00e3o Preto.<\/strong><\/p>\n<p>Segundo o boletim de ocorr\u00eancia (BO), <strong>a v\u00edtima, identificada como Denas Aparecido de Souza, de 47 anos<\/strong>, foi parar embaixo do ve\u00edculo, na altura da liga\u00e7\u00e3o da avenida com a rua Am\u00e9rico Brasiliense. O homem, que era carteiro, foi resgatado pelo Corpo de Bombeiros com fratura exposta em uma das pernas e les\u00e3o na regi\u00e3o p\u00e9lvica, e encaminhado ao Hospital das Cl\u00ednicas \u2013 Unidade de Emerg\u00eancia (HC-UE), mas n\u00e3o resistiu.<\/p>\n<p>A motorista do carro disse \u00e0 pol\u00edcia que vinha pela Am\u00e9rico Brasiliense, quando parou, olho para os lados e n\u00e3o observou nenhum ve\u00edculo nem a bicicleta, que somente notou quando houve a colis\u00e3o e n\u00e3o sabia de onde o ciclista havia surgido.<\/p>\n<p>A condutura n\u00e3o apresentava sinais de embriaguez. Ela n\u00e3o sofreu ferimentos.<\/p>\n<p>O BO havia sido registrado como les\u00e3o corporal, mas foi atualizado para homic\u00eddio culposo (sem inten\u00e7\u00e3o) na dire\u00e7\u00e3o de ve\u00edculo automotor.<\/p>\n<p>As causas, contudo, ainda dever\u00e3o ser apuradas pela Pol\u00edcia Civil.<\/p>\n<p>SAIBA MAIS<\/p>\n<p>Quando as chuvas\u00a0retornam ao estado de S\u00e3o Paulo? Confira a previs\u00e3o<\/p>\n<h4 class=\"wp-block-heading\"><strong>FIQUE ON<\/strong><\/h4>\n<p>Fique ligado em tudo que acontece em Ribeir\u00e3o Preto e regi\u00e3o. Siga os perfis do\u00a0<strong>acidade on\u00a0<\/strong>no\u00a0<a href=\"https:\/\/www.instagram.com\/acidadeonribeirao\" target=\"_blank\" rel=\"noreferrer noopener\">Instagram<\/a>\u00a0e no\u00a0<a href=\"https:\/\/www.facebook.com\/acidadeonribeirao\" target=\"_blank\" rel=\"noreferrer noopener\">Facebook<\/a>.<\/p>\n<p>Receba not\u00edcias do acidade on no WhatsApp. Para entrar no grupo, basta\u00a0<a href=\"https:\/\/chat.whatsapp.com\/CdrZ6xrf7quD44Vw3WlPuZ\" target=\"_blank\" rel=\"noreferrer noopener\">clicar aqui<\/a>.<\/p>\n<p>Fa\u00e7a uma den\u00fancia ou sugira uma reportagem sobre Ribeir\u00e3o Preto e regi\u00e3o pelo WhatsApp: 16 99117 7802.<\/p>\n<p>VEJA TAMB\u00c9M<\/p>\n<p>Qual \u00e9 a profecia do bis\u00e3o branco?<\/p>\n<p><!-- AI CONTENT END 3 -->\n<\/div>\n<\/div>\n<p><script async src=\"\/\/www.instagram.com\/embed.js\"><\/script><br \/>\n<br \/><br \/>\n<br \/><a href=\"https:\/\/www.acidadeon.com\/ribeiraopreto\/cotidiano\/morre-ciclista-atropelado-por-carro-na-francisco-junqueira-em-ribeirao-preto\/\">Source link <\/a><\/p>\n<div class='code-block code-block-4' style='margin: 8px auto 8px 0; text-align: left; display: block; clear: both;'>\n\ud83d\udce2 Aviso Legal\n\nO site ismaelcolosi.com.br atua apenas como um canal de divulga\u00e7\u00e3o de oportunidades de emprego e n\u00e3o se responsabiliza pelo processo seletivo, contrata\u00e7\u00e3o ou qualquer outra etapa relacionada \u00e0s vagas publicadas. Todas as informa\u00e7\u00f5es s\u00e3o de responsabilidade dos anunciantes.\n\n\u26a0\ufe0f Aten\u00e7\u00e3o! Nunca pague por promessas de emprego nem compre cursos que garantam contrata\u00e7\u00e3o. Desconfie de qualquer cobran\u00e7a para participar de sele\u00e7\u00f5es.\n\n\n\n<\/div>\n<!-- CONTENT END 1 -->\n","protected":false},"excerpt":{"rendered":"<p>O ciclista atropelado por um carro na noite desta sexta-feira (14), na avenida Francisco Junqueira, morreu ap\u00f3s ter sido socorrido, em Ribeir\u00e3o Preto. Segundo o&#8230;<\/p>\n","protected":false},"author":1,"featured_media":53303,"comment_status":"open","ping_status":"open","sticky":false,"template":"","format":"standard","meta":{"_uag_custom_page_level_css":"","advanced_seo_description":"","jetpack_seo_html_title":"","jetpack_seo_noindex":false,"jetpack_post_was_ever_published":false,"_jetpack_newsletter_access":"","_jetpack_dont_email_post_to_subs":false,"_jetpack_newsletter_tier_id":0,"_jetpack_memberships_contains_paywalled_content":false,"_jetpack_memberships_contains_paid_content":false,"footnotes":"","jetpack_publicize_message":"","jetpack_publicize_feature_enabled":true,"jetpack_social_post_already_shared":true,"jetpack_social_options":{"image_generator_settings":{"template":"highway","default_image_id":0,"font":"","enabled":false},"version":2}},"categories":[11],"tags":[],"class_list":["post-53302","post","type-post","status-publish","format-standard","has-post-thumbnail","hentry","category-noticias-de-ribeirao-preto-sp-e-regiao-ismael-colosi"],"jetpack_publicize_connections":[],"jetpack_featured_media_url":"https:\/\/i0.wp.com\/ismaelcolosi.com.br\/wp-content\/uploads\/2024\/06\/ACIDENTE-2_2024-06-15_13-40-38_jpg_2024-06-15_13-40-38.webp.webp?fit=2000%2C1497&ssl=1","uagb_featured_image_src":{"full":["https:\/\/i0.wp.com\/ismaelcolosi.com.br\/wp-content\/uploads\/2024\/06\/ACIDENTE-2_2024-06-15_13-40-38_jpg_2024-06-15_13-40-38.webp.webp?fit=2000%2C1497&ssl=1",2000,1497,false],"thumbnail":["https:\/\/i0.wp.com\/ismaelcolosi.com.br\/wp-content\/uploads\/2024\/06\/ACIDENTE-2_2024-06-15_13-40-38_jpg_2024-06-15_13-40-38.webp.webp?resize=150%2C150&ssl=1",150,150,true],"medium":["https:\/\/i0.wp.com\/ismaelcolosi.com.br\/wp-content\/uploads\/2024\/06\/ACIDENTE-2_2024-06-15_13-40-38_jpg_2024-06-15_13-40-38.webp.webp?fit=300%2C225&ssl=1",300,225,true],"medium_large":["https:\/\/i0.wp.com\/ismaelcolosi.com.br\/wp-content\/uploads\/2024\/06\/ACIDENTE-2_2024-06-15_13-40-38_jpg_2024-06-15_13-40-38.webp.webp?fit=768%2C575&ssl=1",768,575,true],"large":["https:\/\/i0.wp.com\/ismaelcolosi.com.br\/wp-content\/uploads\/2024\/06\/ACIDENTE-2_2024-06-15_13-40-38_jpg_2024-06-15_13-40-38.webp.webp?fit=1024%2C766&ssl=1",1024,766,true],"1536x1536":["https:\/\/i0.wp.com\/ismaelcolosi.com.br\/wp-content\/uploads\/2024\/06\/ACIDENTE-2_2024-06-15_13-40-38_jpg_2024-06-15_13-40-38.webp.webp?fit=1536%2C1150&ssl=1",1536,1150,true],"2048x2048":["https:\/\/i0.wp.com\/ismaelcolosi.com.br\/wp-content\/uploads\/2024\/06\/ACIDENTE-2_2024-06-15_13-40-38_jpg_2024-06-15_13-40-38.webp.webp?fit=2000%2C1497&ssl=1",2000,1497,true],"really-simple-thumb":["https:\/\/i0.wp.com\/ismaelcolosi.com.br\/wp-content\/uploads\/2024\/06\/ACIDENTE-2_2024-06-15_13-40-38_jpg_2024-06-15_13-40-38.webp.webp?resize=370%2C247&ssl=1",370,247,true]},"uagb_author_info":{"display_name":"ismaelcolosi.com.br","author_link":"https:\/\/ismaelcolosi.com.br\/index.php\/author\/vidareal-online\/"},"uagb_comment_info":0,"uagb_excerpt":"O ciclista atropelado por um carro na noite desta sexta-feira (14), na avenida Francisco Junqueira, morreu ap\u00f3s ter sido socorrido, em Ribeir\u00e3o Preto. Segundo o...","jetpack-related-posts":[{"id":53273,"url":"https:\/\/ismaelcolosi.com.br\/index.php\/2024\/06\/14\/acidente-entre-carro-e-bicicleta-deixa-vitima-em-estado-grave-em-ribeirao-preto\/","url_meta":{"origin":53302,"position":0},"title":"Acidente entre carro e bicicleta deixa v\u00edtima em estado grave em Ribeir\u00e3o Preto","author":"ismaelcolosi.com.br","date":"14 de June de 2024","format":false,"excerpt":"Um acidente entre carro e bicicleta deixou uma v\u00edtima em estado grave, na noite desta sexta-feira (14), na avenida Francisco Junqueira, em Ribeir\u00e3o Preto. A colis\u00e3o ocorreu na altura do cruzamento da via com a rua Am\u00e9rico Brasiliense. De acordo com as informa\u00e7\u00f5es, o ciclista foi parar embaixo do ve\u00edculo.\u2026","rel":"","context":"In &quot;Not\u00edcias de Ribeir\u00e3o Preto-SP e Regi\u00e3o&quot;","block_context":{"text":"Not\u00edcias de Ribeir\u00e3o Preto-SP e Regi\u00e3o","link":"https:\/\/ismaelcolosi.com.br\/index.php\/category\/noticias-de-ribeirao-preto-sp-e-regiao-ismael-colosi\/"},"img":{"alt_text":"","src":"https:\/\/i0.wp.com\/ismaelcolosi.com.br\/wp-content\/uploads\/2024\/06\/WhatsApp-Image-2024-06-14-at-19.57.58_2024-06-14_23-01-10_jpeg_2024-06-14_23-01-10.webp.webp?fit=750%2C421&ssl=1&resize=350%2C200","width":350,"height":200,"srcset":"https:\/\/i0.wp.com\/ismaelcolosi.com.br\/wp-content\/uploads\/2024\/06\/WhatsApp-Image-2024-06-14-at-19.57.58_2024-06-14_23-01-10_jpeg_2024-06-14_23-01-10.webp.webp?fit=750%2C421&ssl=1&resize=350%2C200 1x, https:\/\/i0.wp.com\/ismaelcolosi.com.br\/wp-content\/uploads\/2024\/06\/WhatsApp-Image-2024-06-14-at-19.57.58_2024-06-14_23-01-10_jpeg_2024-06-14_23-01-10.webp.webp?fit=750%2C421&ssl=1&resize=525%2C300 1.5x, https:\/\/i0.wp.com\/ismaelcolosi.com.br\/wp-content\/uploads\/2024\/06\/WhatsApp-Image-2024-06-14-at-19.57.58_2024-06-14_23-01-10_jpeg_2024-06-14_23-01-10.webp.webp?fit=750%2C421&ssl=1&resize=700%2C400 2x"},"classes":[]},{"id":53271,"url":"https:\/\/ismaelcolosi.com.br\/index.php\/2024\/06\/14\/acidente-entre-carro-e-bicicleta-deixa-uma-vitima-em-estado-grave-em-ribeirao-preto\/","url_meta":{"origin":53302,"position":1},"title":"Acidente entre carro e bicicleta deixa uma v\u00edtima em estado grave em Ribeir\u00e3o Preto","author":"ismaelcolosi.com.br","date":"14 de June de 2024","format":false,"excerpt":"Um acidente entre carro e bicicleta deixou uma v\u00edtima em estado grave, na noite desta sexta-feira (14), na avenida Francisco Junqueira, em Ribeir\u00e3o Preto. A colis\u00e3o ocorreu na altura do cruzamento da via com a rua Am\u00e9rico Brasiliense. De acordo com as informa\u00e7\u00f5es, o ciclista foi parar embaixo do ve\u00edculo.\u2026","rel":"","context":"In &quot;Not\u00edcias de Ribeir\u00e3o Preto-SP e Regi\u00e3o&quot;","block_context":{"text":"Not\u00edcias de Ribeir\u00e3o Preto-SP e Regi\u00e3o","link":"https:\/\/ismaelcolosi.com.br\/index.php\/category\/noticias-de-ribeirao-preto-sp-e-regiao-ismael-colosi\/"},"img":{"alt_text":"","src":"https:\/\/i0.wp.com\/ismaelcolosi.com.br\/wp-content\/uploads\/2024\/06\/WhatsApp-Image-2024-06-14-at-19.57.58_2024-06-14_23-01-10_jpeg_2024-06-14_23-01-10.webp.webp?fit=750%2C421&ssl=1&resize=350%2C200","width":350,"height":200,"srcset":"https:\/\/i0.wp.com\/ismaelcolosi.com.br\/wp-content\/uploads\/2024\/06\/WhatsApp-Image-2024-06-14-at-19.57.58_2024-06-14_23-01-10_jpeg_2024-06-14_23-01-10.webp.webp?fit=750%2C421&ssl=1&resize=350%2C200 1x, https:\/\/i0.wp.com\/ismaelcolosi.com.br\/wp-content\/uploads\/2024\/06\/WhatsApp-Image-2024-06-14-at-19.57.58_2024-06-14_23-01-10_jpeg_2024-06-14_23-01-10.webp.webp?fit=750%2C421&ssl=1&resize=525%2C300 1.5x, https:\/\/i0.wp.com\/ismaelcolosi.com.br\/wp-content\/uploads\/2024\/06\/WhatsApp-Image-2024-06-14-at-19.57.58_2024-06-14_23-01-10_jpeg_2024-06-14_23-01-10.webp.webp?fit=750%2C421&ssl=1&resize=700%2C400 2x"},"classes":[]},{"id":47116,"url":"https:\/\/ismaelcolosi.com.br\/index.php\/2024\/04\/22\/ciclista-e-atropelado-por-carro-em-alta-velocidade-e-sobrevive-video\/","url_meta":{"origin":53302,"position":2},"title":"Ciclista \u00e9 atropelado por carro em alta velocidade e sobrevive; V\u00eddeo","author":"ismaelcolosi.com.br","date":"22 de April de 2024","format":false,"excerpt":"Um ciclista foi atropelado por um carro em alta velocidade na avenida Ant\u00f4nio Paschoal, em Sert\u00e3ozinho, regi\u00e3o de Ribeir\u00e3o Preto. A colis\u00e3o aconteceu na madrugada de domingo (21) e foi registrada por c\u00e2meras de seguran\u00e7a. As imagens mostram que o carro vinha na faixa da esquerda, quando perdeu o controle\u2026","rel":"","context":"In &quot;Not\u00edcias de Ribeir\u00e3o Preto-SP e Regi\u00e3o&quot;","block_context":{"text":"Not\u00edcias de Ribeir\u00e3o Preto-SP e Regi\u00e3o","link":"https:\/\/ismaelcolosi.com.br\/index.php\/category\/noticias-de-ribeirao-preto-sp-e-regiao-ismael-colosi\/"},"img":{"alt_text":"","src":"https:\/\/i0.wp.com\/ismaelcolosi.com.br\/wp-content\/uploads\/2024\/04\/sertaozinho.webp.webp?fit=939%2C540&ssl=1&resize=350%2C200","width":350,"height":200,"srcset":"https:\/\/i0.wp.com\/ismaelcolosi.com.br\/wp-content\/uploads\/2024\/04\/sertaozinho.webp.webp?fit=939%2C540&ssl=1&resize=350%2C200 1x, https:\/\/i0.wp.com\/ismaelcolosi.com.br\/wp-content\/uploads\/2024\/04\/sertaozinho.webp.webp?fit=939%2C540&ssl=1&resize=525%2C300 1.5x, https:\/\/i0.wp.com\/ismaelcolosi.com.br\/wp-content\/uploads\/2024\/04\/sertaozinho.webp.webp?fit=939%2C540&ssl=1&resize=700%2C400 2x"},"classes":[]},{"id":56715,"url":"https:\/\/ismaelcolosi.com.br\/index.php\/2024\/07\/14\/ciclista-morre-apos-ser-atropelado-no-anel-viario-sul-em-ribeirao-preto\/","url_meta":{"origin":53302,"position":3},"title":"Ciclista morre ap\u00f3s ser atropelado no Anel Vi\u00e1rio Sul em Ribeir\u00e3o Preto","author":"ismaelcolosi.com.br","date":"14 de July de 2024","format":false,"excerpt":"Um ciclista morreu atropelado, na manh\u00e3 deste domingo (14), ap\u00f3s ser atropelado por um carro. O acidente fatal ocorreu no quil\u00f4metro 312 da rodovia Ant\u00f4nio Duarte Nogueira (SP-322), no Anel Vi\u00e1rio Sul de Ribeir\u00e3o Preto, sentido Sert\u00e3ozinho. Segundo o boletim de ocorr\u00eancia, Luciano da Silva, de 47 anos, estava em\u2026","rel":"","context":"In &quot;Not\u00edcias de Ribeir\u00e3o Preto-SP e Regi\u00e3o&quot;","block_context":{"text":"Not\u00edcias de Ribeir\u00e3o Preto-SP e Regi\u00e3o","link":"https:\/\/ismaelcolosi.com.br\/index.php\/category\/noticias-de-ribeirao-preto-sp-e-regiao-ismael-colosi\/"},"img":{"alt_text":"","src":"https:\/\/i0.wp.com\/ismaelcolosi.com.br\/wp-content\/uploads\/2024\/07\/Copia-de-Copia-de-TAMANHO-EXATO-PARA-FOTOS-NO-SISTEMA-NOVO-17_2024-07-14_21-25-08_jpg_2024-07-14_21-25-08.webp.webp?fit=1200%2C675&ssl=1&resize=350%2C200","width":350,"height":200,"srcset":"https:\/\/i0.wp.com\/ismaelcolosi.com.br\/wp-content\/uploads\/2024\/07\/Copia-de-Copia-de-TAMANHO-EXATO-PARA-FOTOS-NO-SISTEMA-NOVO-17_2024-07-14_21-25-08_jpg_2024-07-14_21-25-08.webp.webp?fit=1200%2C675&ssl=1&resize=350%2C200 1x, https:\/\/i0.wp.com\/ismaelcolosi.com.br\/wp-content\/uploads\/2024\/07\/Copia-de-Copia-de-TAMANHO-EXATO-PARA-FOTOS-NO-SISTEMA-NOVO-17_2024-07-14_21-25-08_jpg_2024-07-14_21-25-08.webp.webp?fit=1200%2C675&ssl=1&resize=525%2C300 1.5x, https:\/\/i0.wp.com\/ismaelcolosi.com.br\/wp-content\/uploads\/2024\/07\/Copia-de-Copia-de-TAMANHO-EXATO-PARA-FOTOS-NO-SISTEMA-NOVO-17_2024-07-14_21-25-08_jpg_2024-07-14_21-25-08.webp.webp?fit=1200%2C675&ssl=1&resize=700%2C400 2x, https:\/\/i0.wp.com\/ismaelcolosi.com.br\/wp-content\/uploads\/2024\/07\/Copia-de-Copia-de-TAMANHO-EXATO-PARA-FOTOS-NO-SISTEMA-NOVO-17_2024-07-14_21-25-08_jpg_2024-07-14_21-25-08.webp.webp?fit=1200%2C675&ssl=1&resize=1050%2C600 3x"},"classes":[]},{"id":78181,"url":"https:\/\/ismaelcolosi.com.br\/index.php\/2024\/12\/03\/casal-de-catadores-de-reciclaveis-e-atropelado-em-ribeirao-preto-imagens-reforcam-alerta-para-seguranca-no-transito\/","url_meta":{"origin":53302,"position":4},"title":"Casal de Catadores de Recicl\u00e1veis \u00e9 Atropelado em Ribeir\u00e3o Preto; Imagens Refor\u00e7am Alerta para Seguran\u00e7a no Tr\u00e2nsito","author":"ismaelcolosi.com.br","date":"3 de December de 2024","format":false,"excerpt":"Um casal de catadores de recicl\u00e1veis foi atropelado por um ve\u00edculo em alta velocidade na manh\u00e3 desta segunda-feira (2) em Ribeir\u00e3o Preto (SP). O acidente aconteceu na Avenida Francisco Junqueira, uma das vias mais movimentadas da cidade, e foi flagrado por c\u00e2meras de seguran\u00e7a de estabelecimentos pr\u00f3ximos. Din\u00e2mica do acidente\u2026","rel":"","context":"In &quot;Not\u00edcias de Ribeir\u00e3o Preto-SP e Regi\u00e3o&quot;","block_context":{"text":"Not\u00edcias de Ribeir\u00e3o Preto-SP e Regi\u00e3o","link":"https:\/\/ismaelcolosi.com.br\/index.php\/category\/noticias-de-ribeirao-preto-sp-e-regiao-ismael-colosi\/"},"img":{"alt_text":"","src":"https:\/\/i0.wp.com\/ismaelcolosi.com.br\/wp-content\/uploads\/2024\/12\/lixao.webp.webp?fit=1170%2C700&ssl=1&resize=350%2C200","width":350,"height":200,"srcset":"https:\/\/i0.wp.com\/ismaelcolosi.com.br\/wp-content\/uploads\/2024\/12\/lixao.webp.webp?fit=1170%2C700&ssl=1&resize=350%2C200 1x, https:\/\/i0.wp.com\/ismaelcolosi.com.br\/wp-content\/uploads\/2024\/12\/lixao.webp.webp?fit=1170%2C700&ssl=1&resize=525%2C300 1.5x, https:\/\/i0.wp.com\/ismaelcolosi.com.br\/wp-content\/uploads\/2024\/12\/lixao.webp.webp?fit=1170%2C700&ssl=1&resize=700%2C400 2x, https:\/\/i0.wp.com\/ismaelcolosi.com.br\/wp-content\/uploads\/2024\/12\/lixao.webp.webp?fit=1170%2C700&ssl=1&resize=1050%2C600 3x"},"classes":[]},{"id":36681,"url":"https:\/\/ismaelcolosi.com.br\/index.php\/2024\/02\/11\/ciclista-fica-ferido-apos-ser-atropelado-por-carro-em-ribeirao-preto\/","url_meta":{"origin":53302,"position":5},"title":"Ciclista fica ferido ap\u00f3s ser atropelado por carro em Ribeir\u00e3o Preto","author":"ismaelcolosi.com.br","date":"11 de February de 2024","format":false,"excerpt":"Um ciclista ficou ferido ap\u00f3s ser atropelado por um carro na manh\u00e3 deste domingo (11), na avenida Luzitana, no Parque Ribeir\u00e3o, na zona Oeste de Ribeir\u00e3o Preto. Por conta do acidente, o tr\u00e2nsito precisou ser interditado na altura da rua Roquete Pinto, no sentido bairro. O Samu (Servi\u00e7o de Atendimento\u2026","rel":"","context":"In &quot;Not\u00edcias de Ribeir\u00e3o Preto-SP e Regi\u00e3o&quot;","block_context":{"text":"Not\u00edcias de Ribeir\u00e3o Preto-SP e Regi\u00e3o","link":"https:\/\/ismaelcolosi.com.br\/index.php\/category\/noticias-de-ribeirao-preto-sp-e-regiao-ismael-colosi\/"},"img":{"alt_text":"","src":"https:\/\/i0.wp.com\/ismaelcolosi.com.br\/wp-content\/uploads\/2024\/02\/acidente-luzitana-1.jpg?fit=1200%2C675&ssl=1&resize=350%2C200","width":350,"height":200,"srcset":"https:\/\/i0.wp.com\/ismaelcolosi.com.br\/wp-content\/uploads\/2024\/02\/acidente-luzitana-1.jpg?fit=1200%2C675&ssl=1&resize=350%2C200 1x, https:\/\/i0.wp.com\/ismaelcolosi.com.br\/wp-content\/uploads\/2024\/02\/acidente-luzitana-1.jpg?fit=1200%2C675&ssl=1&resize=525%2C300 1.5x, https:\/\/i0.wp.com\/ismaelcolosi.com.br\/wp-content\/uploads\/2024\/02\/acidente-luzitana-1.jpg?fit=1200%2C675&ssl=1&resize=700%2C400 2x, https:\/\/i0.wp.com\/ismaelcolosi.com.br\/wp-content\/uploads\/2024\/02\/acidente-luzitana-1.jpg?fit=1200%2C675&ssl=1&resize=1050%2C600 3x"},"classes":[]}],"jetpack_sharing_enabled":true,"jetpack_shortlink":"https:\/\/wp.me\/pfMlyK-dRI","_links":{"self":[{"href":"https:\/\/ismaelcolosi.com.br\/index.php\/wp-json\/wp\/v2\/posts\/53302","targetHints":{"allow":["GET"]}}],"collection":[{"href":"https:\/\/ismaelcolosi.com.br\/index.php\/wp-json\/wp\/v2\/posts"}],"about":[{"href":"https:\/\/ismaelcolosi.com.br\/index.php\/wp-json\/wp\/v2\/types\/post"}],"author":[{"embeddable":true,"href":"https:\/\/ismaelcolosi.com.br\/index.php\/wp-json\/wp\/v2\/users\/1"}],"replies":[{"embeddable":true,"href":"https:\/\/ismaelcolosi.com.br\/index.php\/wp-json\/wp\/v2\/comments?post=53302"}],"version-history":[{"count":0,"href":"https:\/\/ismaelcolosi.com.br\/index.php\/wp-json\/wp\/v2\/posts\/53302\/revisions"}],"wp:featuredmedia":[{"embeddable":true,"href":"https:\/\/ismaelcolosi.com.br\/index.php\/wp-json\/wp\/v2\/media\/53303"}],"wp:attachment":[{"href":"https:\/\/ismaelcolosi.com.br\/index.php\/wp-json\/wp\/v2\/media?parent=53302"}],"wp:term":[{"taxonomy":"category","embeddable":true,"href":"https:\/\/ismaelcolosi.com.br\/index.php\/wp-json\/wp\/v2\/categories?post=53302"},{"taxonomy":"post_tag","embeddable":true,"href":"https:\/\/ismaelcolosi.com.br\/index.php\/wp-json\/wp\/v2\/tags?post=53302"}],"curies":[{"name":"wp","href":"https:\/\/api.w.org\/{rel}","templated":true}]}}