{"id":53264,"date":"2024-06-14T19:12:50","date_gmt":"2024-06-14T22:12:50","guid":{"rendered":"https:\/\/ismaelcolosi.com.br\/index.php\/2024\/06\/14\/bombeiros-sao-acionados-para-atropelamento-na-via-norte-em-ribeirao-preto\/"},"modified":"2024-06-14T19:12:50","modified_gmt":"2024-06-14T22:12:50","slug":"bombeiros-sao-acionados-para-atropelamento-na-via-norte-em-ribeirao-preto","status":"publish","type":"post","link":"https:\/\/ismaelcolosi.com.br\/index.php\/2024\/06\/14\/bombeiros-sao-acionados-para-atropelamento-na-via-norte-em-ribeirao-preto\/","title":{"rendered":"Bombeiros s\u00e3o acionados para atropelamento na Via Norte em Ribeir\u00e3o Preto"},"content":{"rendered":"<p> <br \/>\n<\/p>\n<div data-td-block-uid=\"tdi_106\">\n<div class=\"tdb-block-inner td-fix-index\">\n<p><strong>Duas pessoas foram atropeladas<\/strong> na avenida Eduardo Andr\u00e9ia Matarazzo (<strong>Via Norte<\/strong>), em <strong>Ribeir\u00e3o Preto<\/strong>, na tarde desta sexta-feira (14).<\/p>\n<p>De acordo com as<strong> primeiras informa\u00e7\u00f5es do Corpo de Bombeiros<\/strong>, as v\u00edtimas s\u00e3o irm\u00e3os e possuem 14 e 7 anos. <mark style=\"background-color:#fcb900\" class=\"has-inline-color\"><strong>Ainda n\u00e3o informa\u00e7\u00f5es sobre o estado de sa\u00fade dos envolvidos.<\/strong><\/mark><\/p>\n<p>Os <strong>bombeiros <\/strong>e o <strong>Samu (Servi\u00e7o de Atendimento M\u00f3vel de Urg\u00eancia)<\/strong> est\u00e3o no local atendendo a ocorr\u00eancia. As <strong>causas do atropelamento<\/strong>, contudo, <strong>dever\u00e3o ser apuradas<\/strong>.<\/p>\n<p><strong><em>*O portal acompanha o caso<\/em><\/strong><\/p>\n<hr class=\"wp-block-separator has-alpha-channel-opacity\"\/>\n<p>SAIBA MAIS<\/p>\n<p>Nota Fiscal Paulista premia consumidora com R$ 1 milh\u00e3o; Veja cidades sorteadas<\/p>\n<h4 class=\"wp-block-heading\"><strong>FIQUE ON<\/strong><\/h4>\n<p>Fique ligado em tudo que acontece em Ribeir\u00e3o Preto e regi\u00e3o. Siga os perfis do\u00a0<strong>acidade on\u00a0<\/strong>no\u00a0<a href=\"https:\/\/www.instagram.com\/acidadeonribeirao\" target=\"_blank\" rel=\"noreferrer noopener\">Instagram<\/a>\u00a0e no\u00a0<a href=\"https:\/\/www.facebook.com\/acidadeonribeirao\" target=\"_blank\" rel=\"noreferrer noopener\">Facebook<\/a>.<\/p>\n<p>Receba not\u00edcias do acidade on no WhatsApp. Para entrar no grupo, basta\u00a0<a href=\"https:\/\/chat.whatsapp.com\/CdrZ6xrf7quD44Vw3WlPuZ\" target=\"_blank\" rel=\"noreferrer noopener\">clicar aqui<\/a>.<\/p>\n<p>Fa\u00e7a uma den\u00fancia ou sugira uma reportagem sobre Ribeir\u00e3o Preto e regi\u00e3o pelo WhatsApp: 16 99117 7802.<\/p>\n<p>VEJA TAMB\u00c9M<\/p>\n<p>Que horas vai passar \u201cSons de SP\u201d?<\/p>\n<p><!-- AI CONTENT END 1 -->\n<\/div>\n<\/div>\n<p><script async src=\"\/\/www.instagram.com\/embed.js\"><\/script><br \/>\n<br \/><br \/>\n<br \/><a href=\"https:\/\/www.acidadeon.com\/ribeiraopreto\/cotidiano\/bombeiros-sao-acionados-para-atropelamento-na-via-norte-em-ribeirao-preto\/\">Source link <\/a><\/p>\n<div class='code-block code-block-4' style='margin: 8px auto 8px 0; text-align: left; display: block; clear: both;'>\n\ud83d\udce2 Aviso Legal\n\nO site ismaelcolosi.com.br atua apenas como um canal de divulga\u00e7\u00e3o de oportunidades de emprego e n\u00e3o se responsabiliza pelo processo seletivo, contrata\u00e7\u00e3o ou qualquer outra etapa relacionada \u00e0s vagas publicadas. Todas as informa\u00e7\u00f5es s\u00e3o de responsabilidade dos anunciantes.\n\n\u26a0\ufe0f Aten\u00e7\u00e3o! Nunca pague por promessas de emprego nem compre cursos que garantam contrata\u00e7\u00e3o. Desconfie de qualquer cobran\u00e7a para participar de sele\u00e7\u00f5es.\n\n\n\n<\/div>\n<!-- CONTENT END 1 -->\n","protected":false},"excerpt":{"rendered":"<p>Duas pessoas foram atropeladas na avenida Eduardo Andr\u00e9ia Matarazzo (Via Norte), em Ribeir\u00e3o Preto, na tarde desta sexta-feira (14). De acordo com as primeiras informa\u00e7\u00f5es&#8230;<\/p>\n","protected":false},"author":1,"featured_media":51802,"comment_status":"open","ping_status":"open","sticky":false,"template":"","format":"standard","meta":{"_uag_custom_page_level_css":"","advanced_seo_description":"","jetpack_seo_html_title":"","jetpack_seo_noindex":false,"jetpack_post_was_ever_published":false,"_jetpack_newsletter_access":"","_jetpack_dont_email_post_to_subs":false,"_jetpack_newsletter_tier_id":0,"_jetpack_memberships_contains_paywalled_content":false,"_jetpack_memberships_contains_paid_content":false,"footnotes":"","jetpack_publicize_message":"","jetpack_publicize_feature_enabled":true,"jetpack_social_post_already_shared":true,"jetpack_social_options":{"image_generator_settings":{"template":"highway","default_image_id":0,"font":"","enabled":false},"version":2}},"categories":[11],"tags":[],"class_list":["post-53264","post","type-post","status-publish","format-standard","has-post-thumbnail","hentry","category-noticias-de-ribeirao-preto-sp-e-regiao-ismael-colosi"],"jetpack_publicize_connections":[],"jetpack_featured_media_url":"https:\/\/i0.wp.com\/ismaelcolosi.com.br\/wp-content\/uploads\/2024\/05\/BOMBEIROS-1024x575-1_2024-05-31_13-44-44_jpg_2024-05-31_13-44-44.webp.webp?fit=1024%2C575&ssl=1","uagb_featured_image_src":{"full":["https:\/\/i0.wp.com\/ismaelcolosi.com.br\/wp-content\/uploads\/2024\/05\/BOMBEIROS-1024x575-1_2024-05-31_13-44-44_jpg_2024-05-31_13-44-44.webp.webp?fit=1024%2C575&ssl=1",1024,575,false],"thumbnail":["https:\/\/i0.wp.com\/ismaelcolosi.com.br\/wp-content\/uploads\/2024\/05\/BOMBEIROS-1024x575-1_2024-05-31_13-44-44_jpg_2024-05-31_13-44-44.webp.webp?resize=150%2C150&ssl=1",150,150,true],"medium":["https:\/\/i0.wp.com\/ismaelcolosi.com.br\/wp-content\/uploads\/2024\/05\/BOMBEIROS-1024x575-1_2024-05-31_13-44-44_jpg_2024-05-31_13-44-44.webp.webp?fit=300%2C168&ssl=1",300,168,true],"medium_large":["https:\/\/i0.wp.com\/ismaelcolosi.com.br\/wp-content\/uploads\/2024\/05\/BOMBEIROS-1024x575-1_2024-05-31_13-44-44_jpg_2024-05-31_13-44-44.webp.webp?fit=768%2C431&ssl=1",768,431,true],"large":["https:\/\/i0.wp.com\/ismaelcolosi.com.br\/wp-content\/uploads\/2024\/05\/BOMBEIROS-1024x575-1_2024-05-31_13-44-44_jpg_2024-05-31_13-44-44.webp.webp?fit=1024%2C575&ssl=1",1024,575,true],"1536x1536":["https:\/\/i0.wp.com\/ismaelcolosi.com.br\/wp-content\/uploads\/2024\/05\/BOMBEIROS-1024x575-1_2024-05-31_13-44-44_jpg_2024-05-31_13-44-44.webp.webp?fit=1024%2C575&ssl=1",1024,575,true],"2048x2048":["https:\/\/i0.wp.com\/ismaelcolosi.com.br\/wp-content\/uploads\/2024\/05\/BOMBEIROS-1024x575-1_2024-05-31_13-44-44_jpg_2024-05-31_13-44-44.webp.webp?fit=1024%2C575&ssl=1",1024,575,true],"really-simple-thumb":["https:\/\/i0.wp.com\/ismaelcolosi.com.br\/wp-content\/uploads\/2024\/05\/BOMBEIROS-1024x575-1_2024-05-31_13-44-44_jpg_2024-05-31_13-44-44.webp.webp?resize=370%2C247&ssl=1",370,247,true]},"uagb_author_info":{"display_name":"ismaelcolosi.com.br","author_link":"https:\/\/ismaelcolosi.com.br\/index.php\/author\/vidareal-online\/"},"uagb_comment_info":0,"uagb_excerpt":"Duas pessoas foram atropeladas na avenida Eduardo Andr\u00e9ia Matarazzo (Via Norte), em Ribeir\u00e3o Preto, na tarde desta sexta-feira (14). De acordo com as primeiras informa\u00e7\u00f5es...","jetpack-related-posts":[{"id":48635,"url":"https:\/\/ismaelcolosi.com.br\/index.php\/2024\/05\/04\/equipes-de-socorro-sao-mobilizadas-para-atropelamento-em-avenida-de-ribeirao\/","url_meta":{"origin":53264,"position":0},"title":"Equipes de socorro s\u00e3o mobilizadas para atropelamento em avenida de Ribeir\u00e3o","author":"ismaelcolosi.com.br","date":"4 de May de 2024","format":false,"excerpt":"Uma ocorr\u00eancia de atropelamento de pessoa mobiliza equipes de socorro na tarde deste s\u00e1baddo (4), na avenida Marechal Costa e Silva, zona Norte de Ribeir\u00e3o Preto. Segundo Corpo de Bombeiros, uma v\u00edtima est\u00e1 inconsciente pr\u00f3ximo da altura com a rua Romano Cor\u00f3. Al\u00e9m da corpora\u00e7\u00e3o, o Samu tamb\u00e9m est\u00e1 no\u2026","rel":"","context":"In &quot;Not\u00edcias de Ribeir\u00e3o Preto-SP e Regi\u00e3o&quot;","block_context":{"text":"Not\u00edcias de Ribeir\u00e3o Preto-SP e Regi\u00e3o","link":"https:\/\/ismaelcolosi.com.br\/index.php\/category\/noticias-de-ribeirao-preto-sp-e-regiao-ismael-colosi\/"},"img":{"alt_text":"","src":"https:\/\/i0.wp.com\/ismaelcolosi.com.br\/wp-content\/uploads\/2024\/05\/resgate_socorro_500x320_06052017115718.jpg?fit=500%2C322&ssl=1&resize=350%2C200","width":350,"height":200},"classes":[]},{"id":53273,"url":"https:\/\/ismaelcolosi.com.br\/index.php\/2024\/06\/14\/acidente-entre-carro-e-bicicleta-deixa-vitima-em-estado-grave-em-ribeirao-preto\/","url_meta":{"origin":53264,"position":1},"title":"Acidente entre carro e bicicleta deixa v\u00edtima em estado grave em Ribeir\u00e3o Preto","author":"ismaelcolosi.com.br","date":"14 de June de 2024","format":false,"excerpt":"Um acidente entre carro e bicicleta deixou uma v\u00edtima em estado grave, na noite desta sexta-feira (14), na avenida Francisco Junqueira, em Ribeir\u00e3o Preto. A colis\u00e3o ocorreu na altura do cruzamento da via com a rua Am\u00e9rico Brasiliense. De acordo com as informa\u00e7\u00f5es, o ciclista foi parar embaixo do ve\u00edculo.\u2026","rel":"","context":"In &quot;Not\u00edcias de Ribeir\u00e3o Preto-SP e Regi\u00e3o&quot;","block_context":{"text":"Not\u00edcias de Ribeir\u00e3o Preto-SP e Regi\u00e3o","link":"https:\/\/ismaelcolosi.com.br\/index.php\/category\/noticias-de-ribeirao-preto-sp-e-regiao-ismael-colosi\/"},"img":{"alt_text":"","src":"https:\/\/i0.wp.com\/ismaelcolosi.com.br\/wp-content\/uploads\/2024\/06\/WhatsApp-Image-2024-06-14-at-19.57.58_2024-06-14_23-01-10_jpeg_2024-06-14_23-01-10.webp.webp?fit=750%2C421&ssl=1&resize=350%2C200","width":350,"height":200,"srcset":"https:\/\/i0.wp.com\/ismaelcolosi.com.br\/wp-content\/uploads\/2024\/06\/WhatsApp-Image-2024-06-14-at-19.57.58_2024-06-14_23-01-10_jpeg_2024-06-14_23-01-10.webp.webp?fit=750%2C421&ssl=1&resize=350%2C200 1x, https:\/\/i0.wp.com\/ismaelcolosi.com.br\/wp-content\/uploads\/2024\/06\/WhatsApp-Image-2024-06-14-at-19.57.58_2024-06-14_23-01-10_jpeg_2024-06-14_23-01-10.webp.webp?fit=750%2C421&ssl=1&resize=525%2C300 1.5x, https:\/\/i0.wp.com\/ismaelcolosi.com.br\/wp-content\/uploads\/2024\/06\/WhatsApp-Image-2024-06-14-at-19.57.58_2024-06-14_23-01-10_jpeg_2024-06-14_23-01-10.webp.webp?fit=750%2C421&ssl=1&resize=700%2C400 2x"},"classes":[]},{"id":53271,"url":"https:\/\/ismaelcolosi.com.br\/index.php\/2024\/06\/14\/acidente-entre-carro-e-bicicleta-deixa-uma-vitima-em-estado-grave-em-ribeirao-preto\/","url_meta":{"origin":53264,"position":2},"title":"Acidente entre carro e bicicleta deixa uma v\u00edtima em estado grave em Ribeir\u00e3o Preto","author":"ismaelcolosi.com.br","date":"14 de June de 2024","format":false,"excerpt":"Um acidente entre carro e bicicleta deixou uma v\u00edtima em estado grave, na noite desta sexta-feira (14), na avenida Francisco Junqueira, em Ribeir\u00e3o Preto. A colis\u00e3o ocorreu na altura do cruzamento da via com a rua Am\u00e9rico Brasiliense. De acordo com as informa\u00e7\u00f5es, o ciclista foi parar embaixo do ve\u00edculo.\u2026","rel":"","context":"In &quot;Not\u00edcias de Ribeir\u00e3o Preto-SP e Regi\u00e3o&quot;","block_context":{"text":"Not\u00edcias de Ribeir\u00e3o Preto-SP e Regi\u00e3o","link":"https:\/\/ismaelcolosi.com.br\/index.php\/category\/noticias-de-ribeirao-preto-sp-e-regiao-ismael-colosi\/"},"img":{"alt_text":"","src":"https:\/\/i0.wp.com\/ismaelcolosi.com.br\/wp-content\/uploads\/2024\/06\/WhatsApp-Image-2024-06-14-at-19.57.58_2024-06-14_23-01-10_jpeg_2024-06-14_23-01-10.webp.webp?fit=750%2C421&ssl=1&resize=350%2C200","width":350,"height":200,"srcset":"https:\/\/i0.wp.com\/ismaelcolosi.com.br\/wp-content\/uploads\/2024\/06\/WhatsApp-Image-2024-06-14-at-19.57.58_2024-06-14_23-01-10_jpeg_2024-06-14_23-01-10.webp.webp?fit=750%2C421&ssl=1&resize=350%2C200 1x, https:\/\/i0.wp.com\/ismaelcolosi.com.br\/wp-content\/uploads\/2024\/06\/WhatsApp-Image-2024-06-14-at-19.57.58_2024-06-14_23-01-10_jpeg_2024-06-14_23-01-10.webp.webp?fit=750%2C421&ssl=1&resize=525%2C300 1.5x, https:\/\/i0.wp.com\/ismaelcolosi.com.br\/wp-content\/uploads\/2024\/06\/WhatsApp-Image-2024-06-14-at-19.57.58_2024-06-14_23-01-10_jpeg_2024-06-14_23-01-10.webp.webp?fit=750%2C421&ssl=1&resize=700%2C400 2x"},"classes":[]},{"id":47533,"url":"https:\/\/ismaelcolosi.com.br\/index.php\/2024\/04\/26\/identificada-vitima-morta-apos-atropelamento-em-avenida-de-ribeirao-preto\/","url_meta":{"origin":53264,"position":3},"title":"Identificada v\u00edtima morta ap\u00f3s atropelamento em avenida de Ribeir\u00e3o Preto","author":"ismaelcolosi.com.br","date":"26 de April de 2024","format":false,"excerpt":"Foi identificado como Francisco Charles Costa Silva, de 40 anos, a v\u00edtima do atropelamento na avenida Jer\u00f4nimo Gon\u00e7alves, em frente ao terminal Doutora Evangelina de Carvalho Passig, em Ribeir\u00e3o Preto, na tarde da \u00faltima quinta-feira (25). De acordo com o motorista, ele n\u00e3o teve tempo h\u00e1bil de desviar de Francisco,\u2026","rel":"","context":"In &quot;Not\u00edcias de Ribeir\u00e3o Preto-SP e Regi\u00e3o&quot;","block_context":{"text":"Not\u00edcias de Ribeir\u00e3o Preto-SP e Regi\u00e3o","link":"https:\/\/ismaelcolosi.com.br\/index.php\/category\/noticias-de-ribeirao-preto-sp-e-regiao-ismael-colosi\/"},"img":{"alt_text":"","src":"https:\/\/i0.wp.com\/ismaelcolosi.com.br\/wp-content\/uploads\/2024\/04\/AnyConv.com__atropelamento.webp.webp?fit=1200%2C675&ssl=1&resize=350%2C200","width":350,"height":200,"srcset":"https:\/\/i0.wp.com\/ismaelcolosi.com.br\/wp-content\/uploads\/2024\/04\/AnyConv.com__atropelamento.webp.webp?fit=1200%2C675&ssl=1&resize=350%2C200 1x, https:\/\/i0.wp.com\/ismaelcolosi.com.br\/wp-content\/uploads\/2024\/04\/AnyConv.com__atropelamento.webp.webp?fit=1200%2C675&ssl=1&resize=525%2C300 1.5x, https:\/\/i0.wp.com\/ismaelcolosi.com.br\/wp-content\/uploads\/2024\/04\/AnyConv.com__atropelamento.webp.webp?fit=1200%2C675&ssl=1&resize=700%2C400 2x, https:\/\/i0.wp.com\/ismaelcolosi.com.br\/wp-content\/uploads\/2024\/04\/AnyConv.com__atropelamento.webp.webp?fit=1200%2C675&ssl=1&resize=1050%2C600 3x"},"classes":[]},{"id":47468,"url":"https:\/\/ismaelcolosi.com.br\/index.php\/2024\/04\/25\/homem-morre-apos-ser-atropelado-em-frente-a-rodoviaria-de-ribeirao-preto\/","url_meta":{"origin":53264,"position":4},"title":"Homem morre ap\u00f3s ser atropelado em frente a rodovi\u00e1ria de Ribeir\u00e3o Preto","author":"ismaelcolosi.com.br","date":"25 de April de 2024","format":false,"excerpt":"Um homem morreu ap\u00f3s ser atropelado em frente ao Terminal Rodovi\u00e1rio de Ribeir\u00e3o Preto, na tarde desta quinta-feira (25). De acordo com as informa\u00e7\u00f5es do Corpo de Bombeiros (CB), uma equipe foi acionada para atender uma ocorr\u00eancia de atropelamento no cruzamento da avenida Jer\u00f4nimo Gon\u00e7alves com a alameda Botafogo. Segundo\u2026","rel":"","context":"In &quot;Not\u00edcias de Ribeir\u00e3o Preto-SP e Regi\u00e3o&quot;","block_context":{"text":"Not\u00edcias de Ribeir\u00e3o Preto-SP e Regi\u00e3o","link":"https:\/\/ismaelcolosi.com.br\/index.php\/category\/noticias-de-ribeirao-preto-sp-e-regiao-ismael-colosi\/"},"img":{"alt_text":"","src":"https:\/\/i0.wp.com\/ismaelcolosi.com.br\/wp-content\/uploads\/2024\/04\/AnyConv.com__WhatsApp-Image-2024-04-25-at-17.12.10.webp.webp?fit=1200%2C903&ssl=1&resize=350%2C200","width":350,"height":200,"srcset":"https:\/\/i0.wp.com\/ismaelcolosi.com.br\/wp-content\/uploads\/2024\/04\/AnyConv.com__WhatsApp-Image-2024-04-25-at-17.12.10.webp.webp?fit=1200%2C903&ssl=1&resize=350%2C200 1x, https:\/\/i0.wp.com\/ismaelcolosi.com.br\/wp-content\/uploads\/2024\/04\/AnyConv.com__WhatsApp-Image-2024-04-25-at-17.12.10.webp.webp?fit=1200%2C903&ssl=1&resize=525%2C300 1.5x, https:\/\/i0.wp.com\/ismaelcolosi.com.br\/wp-content\/uploads\/2024\/04\/AnyConv.com__WhatsApp-Image-2024-04-25-at-17.12.10.webp.webp?fit=1200%2C903&ssl=1&resize=700%2C400 2x, https:\/\/i0.wp.com\/ismaelcolosi.com.br\/wp-content\/uploads\/2024\/04\/AnyConv.com__WhatsApp-Image-2024-04-25-at-17.12.10.webp.webp?fit=1200%2C903&ssl=1&resize=1050%2C600 3x"},"classes":[]},{"id":56628,"url":"https:\/\/ismaelcolosi.com.br\/index.php\/2024\/07\/13\/batida-entre-carro-e-onibus-deixa-4-vitimas-em-ribeirao-preto\/","url_meta":{"origin":53264,"position":5},"title":"Batida entre carro e \u00f4nibus deixa 4 v\u00edtimas em Ribeir\u00e3o Preto","author":"ismaelcolosi.com.br","date":"13 de July de 2024","format":false,"excerpt":"Um carro e um \u00f4nibus do transporte p\u00fablico se envolveram em uma batida na manh\u00e3 deste s\u00e1bado (13), no cruzamento das avenidas Guido Golfeto e Paris, no Jardim Independ\u00eancia, zona Norte de Ribeir\u00e3o Preto. Assista ao v\u00eddeo abaixo. Segundo as informa\u00e7\u00f5es iniciais, a motorista teria ficado retida no carro. Outras\u2026","rel":"","context":"In &quot;Not\u00edcias de Ribeir\u00e3o Preto-SP e Regi\u00e3o&quot;","block_context":{"text":"Not\u00edcias de Ribeir\u00e3o Preto-SP e Regi\u00e3o","link":"https:\/\/ismaelcolosi.com.br\/index.php\/category\/noticias-de-ribeirao-preto-sp-e-regiao-ismael-colosi\/"},"img":{"alt_text":"","src":"https:\/\/i0.wp.com\/ismaelcolosi.com.br\/wp-content\/uploads\/2024\/07\/WhatsApp-Image-2024-07-13-at-11.29.41_2024-07-13_14-30-30_jpeg_2024-07-13_14-30-31.webp.webp?fit=1200%2C1069&ssl=1&resize=350%2C200","width":350,"height":200,"srcset":"https:\/\/i0.wp.com\/ismaelcolosi.com.br\/wp-content\/uploads\/2024\/07\/WhatsApp-Image-2024-07-13-at-11.29.41_2024-07-13_14-30-30_jpeg_2024-07-13_14-30-31.webp.webp?fit=1200%2C1069&ssl=1&resize=350%2C200 1x, https:\/\/i0.wp.com\/ismaelcolosi.com.br\/wp-content\/uploads\/2024\/07\/WhatsApp-Image-2024-07-13-at-11.29.41_2024-07-13_14-30-30_jpeg_2024-07-13_14-30-31.webp.webp?fit=1200%2C1069&ssl=1&resize=525%2C300 1.5x, https:\/\/i0.wp.com\/ismaelcolosi.com.br\/wp-content\/uploads\/2024\/07\/WhatsApp-Image-2024-07-13-at-11.29.41_2024-07-13_14-30-30_jpeg_2024-07-13_14-30-31.webp.webp?fit=1200%2C1069&ssl=1&resize=700%2C400 2x, https:\/\/i0.wp.com\/ismaelcolosi.com.br\/wp-content\/uploads\/2024\/07\/WhatsApp-Image-2024-07-13-at-11.29.41_2024-07-13_14-30-30_jpeg_2024-07-13_14-30-31.webp.webp?fit=1200%2C1069&ssl=1&resize=1050%2C600 3x"},"classes":[]}],"jetpack_sharing_enabled":true,"jetpack_shortlink":"https:\/\/wp.me\/pfMlyK-dR6","_links":{"self":[{"href":"https:\/\/ismaelcolosi.com.br\/index.php\/wp-json\/wp\/v2\/posts\/53264","targetHints":{"allow":["GET"]}}],"collection":[{"href":"https:\/\/ismaelcolosi.com.br\/index.php\/wp-json\/wp\/v2\/posts"}],"about":[{"href":"https:\/\/ismaelcolosi.com.br\/index.php\/wp-json\/wp\/v2\/types\/post"}],"author":[{"embeddable":true,"href":"https:\/\/ismaelcolosi.com.br\/index.php\/wp-json\/wp\/v2\/users\/1"}],"replies":[{"embeddable":true,"href":"https:\/\/ismaelcolosi.com.br\/index.php\/wp-json\/wp\/v2\/comments?post=53264"}],"version-history":[{"count":0,"href":"https:\/\/ismaelcolosi.com.br\/index.php\/wp-json\/wp\/v2\/posts\/53264\/revisions"}],"wp:featuredmedia":[{"embeddable":true,"href":"https:\/\/ismaelcolosi.com.br\/index.php\/wp-json\/wp\/v2\/media\/51802"}],"wp:attachment":[{"href":"https:\/\/ismaelcolosi.com.br\/index.php\/wp-json\/wp\/v2\/media?parent=53264"}],"wp:term":[{"taxonomy":"category","embeddable":true,"href":"https:\/\/ismaelcolosi.com.br\/index.php\/wp-json\/wp\/v2\/categories?post=53264"},{"taxonomy":"post_tag","embeddable":true,"href":"https:\/\/ismaelcolosi.com.br\/index.php\/wp-json\/wp\/v2\/tags?post=53264"}],"curies":[{"name":"wp","href":"https:\/\/api.w.org\/{rel}","templated":true}]}}