{"id":5324,"date":"2023-11-23T12:48:41","date_gmt":"2023-11-23T15:48:41","guid":{"rendered":"https:\/\/ismaelcolosi.com.br\/index.php\/2023\/11\/23\/patricia-ramos-toma-sol-a-beira-da-piscina-e-arranca-elogios\/"},"modified":"2023-11-23T12:48:41","modified_gmt":"2023-11-23T15:48:41","slug":"patricia-ramos-toma-sol-a-beira-da-piscina-e-arranca-elogios","status":"publish","type":"post","link":"https:\/\/ismaelcolosi.com.br\/index.php\/2023\/11\/23\/patricia-ramos-toma-sol-a-beira-da-piscina-e-arranca-elogios\/","title":{"rendered":"Patr\u00edcia Ramos toma sol \u00e0 beira da piscina e arranca elogios"},"content":{"rendered":"<p> <br \/>\n<\/p>\n<div itemprop=\"text\">\n<p>Conhecida como \u2018 Musa Fitnes\u2019, Patr\u00edcia Ramos, de 23 anos, arranca elogios nas redes sociais sempre que mostra aos seus seguidores quando tira um dia de folga para usar biqu\u00edni na praia ou piscina.<\/p>\n<p>Na quarta feira 22 de novembro, ensolarada no Rio de Janeiro, onde a influenciadora mora, ela aproveitou o dia para exibir o f\u00edsico invej\u00e1vel nas redes sociais e ganhou muitos elogios dos seguidores.<\/p><div class='code-block code-block-8' style='margin: 8px auto; text-align: center; display: block; clear: both;'>\n<script>\n  atOptions = {\n    'key' : '66e2e2111ca34da796271819fc334058',\n    'format' : 'iframe',\n    'height' : 250,\n    'width' : 300,\n    'params' : {}\n  };\n<\/script>\n<script src=\"https:\/\/www.highperformanceformat.com\/66e2e2111ca34da796271819fc334058\/invoke.js\"><\/script>\n<\/div>\n\n<p><img data-recalc-dims=\"1\" decoding=\"async\" title=\"Image: https:\/\/fnmais.com\/wp-content\/uploads\/2023\/11\/postiimg-655f6d41c6caa3661.jpg\" src=\"https:\/\/i0.wp.com\/fnmais.com\/wp-content\/uploads\/2023\/11\/postiimg-655f6d41c6caa3661.jpg?ssl=1\" alt=\"\"\/><\/p>\n<p>A jovem ficou conhecida nas redes sociais por fazer conte\u00fados sobre autoestima e aceita\u00e7\u00e3o de forma muito bem humorada. Os n\u00fameros em seu Instagram n\u00e3o pararam de subir.<\/p>\n<p>Toda fama lhe rendeu a vaga, muito elogiada por sinal, de apresentadora de um quadro do Big Brother Brasil, o Rede BBB ao lado de Ana Clara, ex participante do programa.<\/p>\n<p>Ela compartilha com o p\u00fablico sua rotina de atividades f\u00edsicas na academia. Recentemente, em um \u2018 antes e depois \u2018 ela mostrou sua evolu\u00e7\u00e3o ao ganhar 25 kg.<\/p>\n<p>Patr\u00edcia contou que toda mudan\u00e7a tamb\u00e9m foi em conjunto com um chip hormonal que usa, o chamado \u2018chip da beleza\u2019, utilizado para o tratamento de endometriose que ela tem.<\/p>\n<p>Ela tamb\u00e9m usa seu espa\u00e7o nas redes para ajudar algumas seguidoras que sofrem do mesmo problema. Ela tem acompanhamento de alguns profissionais que ajudam a manter o corpo em forma, assim como nutricionista e fala sobre a import\u00e2ncia da alimenta\u00e7\u00e3o n\u00e3o somente para manter o f\u00edsico em dia, mas tamb\u00e9m conviver melhor com a condi\u00e7\u00e3o.<\/p>\n<\/div>\n<p><br \/>\n<br \/><a href=\"https:\/\/fnmais.com\/patricia-ramos-toma-sol-beira-piscina-arranca-elogios\/\">Source link <\/a><\/p>\n<div class='code-block code-block-4' style='margin: 8px auto 8px 0; text-align: left; display: block; clear: both;'>\n\ud83d\udce2 Aviso Legal\n\nO site ismaelcolosi.com.br atua apenas como um canal de divulga\u00e7\u00e3o de oportunidades de emprego e n\u00e3o se responsabiliza pelo processo seletivo, contrata\u00e7\u00e3o ou qualquer outra etapa relacionada \u00e0s vagas publicadas. Todas as informa\u00e7\u00f5es s\u00e3o de responsabilidade dos anunciantes.\n\n\u26a0\ufe0f Aten\u00e7\u00e3o! Nunca pague por promessas de emprego nem compre cursos que garantam contrata\u00e7\u00e3o. Desconfie de qualquer cobran\u00e7a para participar de sele\u00e7\u00f5es.\n\n\n<div data-type=\"_mgwidget\" data-widget-id=\"2000896\">\n<\/div>\n<script>(function(w,q){w[q]=w[q]||[];w[q].push([\"_mgc.load\"])})(window,\"_mgq\");\n<\/script>\n<\/div>\n<!-- CONTENT END 1 -->\n","protected":false},"excerpt":{"rendered":"<p>Conhecida como \u2018 Musa Fitnes\u2019, Patr\u00edcia Ramos, de 23 anos, arranca elogios nas redes sociais sempre que mostra aos seus seguidores quando tira um dia&#8230;<\/p>\n","protected":false},"author":1,"featured_media":5325,"comment_status":"open","ping_status":"open","sticky":false,"template":"","format":"standard","meta":{"_uag_custom_page_level_css":"","jetpack_post_was_ever_published":false,"_jetpack_newsletter_access":"","_jetpack_dont_email_post_to_subs":false,"_jetpack_newsletter_tier_id":0,"_jetpack_memberships_contains_paywalled_content":false,"_jetpack_memberships_contains_paid_content":false,"footnotes":"","jetpack_publicize_message":"","jetpack_publicize_feature_enabled":true,"jetpack_social_post_already_shared":true,"jetpack_social_options":{"image_generator_settings":{"template":"highway","default_image_id":0,"font":"","enabled":false},"version":2}},"categories":[1],"tags":[],"class_list":["post-5324","post","type-post","status-publish","format-standard","has-post-thumbnail","hentry","category-blog"],"aioseo_notices":[],"jetpack_publicize_connections":[],"jetpack_featured_media_url":"https:\/\/i0.wp.com\/ismaelcolosi.com.br\/wp-content\/uploads\/2023\/11\/postimg-655f6d42abdc47136.jpg?fit=1200%2C713&ssl=1","uagb_featured_image_src":{"full":["https:\/\/i0.wp.com\/ismaelcolosi.com.br\/wp-content\/uploads\/2023\/11\/postimg-655f6d42abdc47136.jpg?fit=1200%2C713&ssl=1",1200,713,false],"thumbnail":["https:\/\/i0.wp.com\/ismaelcolosi.com.br\/wp-content\/uploads\/2023\/11\/postimg-655f6d42abdc47136.jpg?resize=150%2C150&ssl=1",150,150,true],"medium":["https:\/\/i0.wp.com\/ismaelcolosi.com.br\/wp-content\/uploads\/2023\/11\/postimg-655f6d42abdc47136.jpg?fit=300%2C178&ssl=1",300,178,true],"medium_large":["https:\/\/i0.wp.com\/ismaelcolosi.com.br\/wp-content\/uploads\/2023\/11\/postimg-655f6d42abdc47136.jpg?fit=768%2C456&ssl=1",768,456,true],"large":["https:\/\/i0.wp.com\/ismaelcolosi.com.br\/wp-content\/uploads\/2023\/11\/postimg-655f6d42abdc47136.jpg?fit=1024%2C608&ssl=1",1024,608,true],"1536x1536":["https:\/\/i0.wp.com\/ismaelcolosi.com.br\/wp-content\/uploads\/2023\/11\/postimg-655f6d42abdc47136.jpg?fit=1200%2C713&ssl=1",1200,713,true],"2048x2048":["https:\/\/i0.wp.com\/ismaelcolosi.com.br\/wp-content\/uploads\/2023\/11\/postimg-655f6d42abdc47136.jpg?fit=1200%2C713&ssl=1",1200,713,true],"really-simple-thumb":["https:\/\/i0.wp.com\/ismaelcolosi.com.br\/wp-content\/uploads\/2023\/11\/postimg-655f6d42abdc47136.jpg?resize=370%2C247&ssl=1",370,247,true]},"uagb_author_info":{"display_name":"ismaelcolosi.com.br","author_link":"https:\/\/ismaelcolosi.com.br\/index.php\/author\/vidareal-online\/"},"uagb_comment_info":0,"uagb_excerpt":"Conhecida como \u2018 Musa Fitnes\u2019, Patr\u00edcia Ramos, de 23 anos, arranca elogios nas redes sociais sempre que mostra aos seus seguidores quando tira um dia...","jetpack-related-posts":[{"id":31556,"url":"https:\/\/ismaelcolosi.com.br\/index.php\/2024\/01\/22\/graciele-lacerda-noiva-de-zeze-di-camargo-usa-as-redes-sociais-para-celebrar-novidade-deus-e-maravilhoso\/","url_meta":{"origin":5324,"position":0},"title":"Graciele Lacerda, noiva de Zez\u00e9 Di Camargo, usa as redes sociais para celebrar novidade: \u2018Deus \u00e9 maravilhoso\u2019","author":"ismaelcolosi.com.br","date":"22 de January de 2024","format":false,"excerpt":"Biah Rodrigues, a esposa do cantor sertanejo Sorocaba, compartilhou recentemente uma not\u00edcia extremamente especial. Atrav\u00e9s de sua conta no Instagram, a influenciadora revelou que est\u00e3o aguardando a chegada de g\u00eameos.Graciele Lacerda, esposa de Zez\u00e9 Di Camargo, expressou sua imensa alegria diante da novidade. Ainda nesta segunda-feira, dia 22 de janeiro,\u2026","rel":"","context":"In &quot;Blog&quot;","block_context":{"text":"Blog","link":"https:\/\/ismaelcolosi.com.br\/index.php\/category\/blog\/"},"img":{"alt_text":"","src":"https:\/\/i0.wp.com\/ismaelcolosi.com.br\/wp-content\/uploads\/2024\/01\/postimg-65aecb133d3548438.jpg?fit=1200%2C628&ssl=1&resize=350%2C200","width":350,"height":200,"srcset":"https:\/\/i0.wp.com\/ismaelcolosi.com.br\/wp-content\/uploads\/2024\/01\/postimg-65aecb133d3548438.jpg?fit=1200%2C628&ssl=1&resize=350%2C200 1x, https:\/\/i0.wp.com\/ismaelcolosi.com.br\/wp-content\/uploads\/2024\/01\/postimg-65aecb133d3548438.jpg?fit=1200%2C628&ssl=1&resize=525%2C300 1.5x, https:\/\/i0.wp.com\/ismaelcolosi.com.br\/wp-content\/uploads\/2024\/01\/postimg-65aecb133d3548438.jpg?fit=1200%2C628&ssl=1&resize=700%2C400 2x, https:\/\/i0.wp.com\/ismaelcolosi.com.br\/wp-content\/uploads\/2024\/01\/postimg-65aecb133d3548438.jpg?fit=1200%2C628&ssl=1&resize=1050%2C600 3x"},"classes":[]},{"id":28716,"url":"https:\/\/ismaelcolosi.com.br\/index.php\/2024\/01\/16\/detalhe-pessoal-sobre-yasmin-brunet-rende-comentarios-e-reacao-de-davi-viraliza\/","url_meta":{"origin":5324,"position":1},"title":"Detalhe pessoal sobre Yasmin Brunet rende coment\u00e1rios e rea\u00e7\u00e3o de Davi viraliza","author":"ismaelcolosi.com.br","date":"16 de January de 2024","format":false,"excerpt":"O programa Big Brother Brasil 2024 (BBB24) \u00e9 muito querido pelo p\u00fablico brasileiro. E atualmente, o Reality Show continua a chamar aten\u00e7\u00e3o do p\u00fablico e render muitos coment\u00e1rios nas redes sociais.Com isso, a casa do BBB24 proporcionou um momento inusitado quando o participante Davi descobriu um detalhe pessoal de sua\u2026","rel":"","context":"In &quot;Blog&quot;","block_context":{"text":"Blog","link":"https:\/\/ismaelcolosi.com.br\/index.php\/category\/blog\/"},"img":{"alt_text":"","src":"https:\/\/i0.wp.com\/ismaelcolosi.com.br\/wp-content\/uploads\/2024\/01\/postimg-65a69d85ea8d35935.jpg?fit=1200%2C628&ssl=1&resize=350%2C200","width":350,"height":200,"srcset":"https:\/\/i0.wp.com\/ismaelcolosi.com.br\/wp-content\/uploads\/2024\/01\/postimg-65a69d85ea8d35935.jpg?fit=1200%2C628&ssl=1&resize=350%2C200 1x, https:\/\/i0.wp.com\/ismaelcolosi.com.br\/wp-content\/uploads\/2024\/01\/postimg-65a69d85ea8d35935.jpg?fit=1200%2C628&ssl=1&resize=525%2C300 1.5x, https:\/\/i0.wp.com\/ismaelcolosi.com.br\/wp-content\/uploads\/2024\/01\/postimg-65a69d85ea8d35935.jpg?fit=1200%2C628&ssl=1&resize=700%2C400 2x, https:\/\/i0.wp.com\/ismaelcolosi.com.br\/wp-content\/uploads\/2024\/01\/postimg-65a69d85ea8d35935.jpg?fit=1200%2C628&ssl=1&resize=1050%2C600 3x"},"classes":[]},{"id":24504,"url":"https:\/\/ismaelcolosi.com.br\/index.php\/2024\/01\/04\/tata-estaniecki-sofre-tipo-de-derrame-e-atualiza-estado-de-saude-aflicao-de-me-olhar\/","url_meta":{"origin":5324,"position":2},"title":"Tata Estaniecki sofre tipo de derrame e atualiza estado de sa\u00fade &#8221;afli\u00e7\u00e3o de me olhar&#8221;","author":"ismaelcolosi.com.br","date":"4 de January de 2024","format":false,"excerpt":"A influenciadora digital Thayse Estaniecki Ramos Cocielo, conhecida por Tata Estaniecki, usou as redes sociais nesta quarta feira 3 de dezembro para atualizar o estado de sua condi\u00e7\u00e3o.Ela teve um derrame ocular diagnosticado ap\u00f3s uma veia estourar no seu olho e notar uma vermelhid\u00e3o intensa. Ela procurou uma m\u00e9dica oftalmologista\u2026","rel":"","context":"In &quot;Blog&quot;","block_context":{"text":"Blog","link":"https:\/\/ismaelcolosi.com.br\/index.php\/category\/blog\/"},"img":{"alt_text":"","src":"https:\/\/i0.wp.com\/ismaelcolosi.com.br\/wp-content\/uploads\/2024\/01\/postimg-6596cc58cd75a1536.jpg?fit=1200%2C628&ssl=1&resize=350%2C200","width":350,"height":200,"srcset":"https:\/\/i0.wp.com\/ismaelcolosi.com.br\/wp-content\/uploads\/2024\/01\/postimg-6596cc58cd75a1536.jpg?fit=1200%2C628&ssl=1&resize=350%2C200 1x, https:\/\/i0.wp.com\/ismaelcolosi.com.br\/wp-content\/uploads\/2024\/01\/postimg-6596cc58cd75a1536.jpg?fit=1200%2C628&ssl=1&resize=525%2C300 1.5x, https:\/\/i0.wp.com\/ismaelcolosi.com.br\/wp-content\/uploads\/2024\/01\/postimg-6596cc58cd75a1536.jpg?fit=1200%2C628&ssl=1&resize=700%2C400 2x, https:\/\/i0.wp.com\/ismaelcolosi.com.br\/wp-content\/uploads\/2024\/01\/postimg-6596cc58cd75a1536.jpg?fit=1200%2C628&ssl=1&resize=1050%2C600 3x"},"classes":[]},{"id":14057,"url":"https:\/\/ismaelcolosi.com.br\/index.php\/2023\/12\/11\/carlinhos-maia-e-lucas-guimaraes-agitam-a-web-ao-protagonizam-primeiro-beijo-gay-no-sbt\/","url_meta":{"origin":5324,"position":3},"title":"Carlinhos Maia e Lucas Guimar\u00e3es agitam a web ao protagonizam primeiro beijo gay no SBT","author":"ismaelcolosi.com.br","date":"11 de December de 2023","format":false,"excerpt":"Um dos casais mais acompanhados de todo Instagram, Carlinhos Maia e Lucas Guimar\u00e3es s\u00e3o o casal com n\u00fameros gigantescos de visualiza\u00e7\u00f5es sobre suas vidas expostas nas redes sociais.No \u00faltimo domingo, os dois estavam na companhia de Patr\u00edcia Abravanel para o famoso jogo dos pontinhos. O quiz feito pela apresentadora rendeu\u2026","rel":"","context":"In &quot;Blog&quot;","block_context":{"text":"Blog","link":"https:\/\/ismaelcolosi.com.br\/index.php\/category\/blog\/"},"img":{"alt_text":"","src":"https:\/\/i0.wp.com\/ismaelcolosi.com.br\/wp-content\/uploads\/2023\/12\/postimg-65775abbac8752564.jpg?fit=1200%2C628&ssl=1&resize=350%2C200","width":350,"height":200,"srcset":"https:\/\/i0.wp.com\/ismaelcolosi.com.br\/wp-content\/uploads\/2023\/12\/postimg-65775abbac8752564.jpg?fit=1200%2C628&ssl=1&resize=350%2C200 1x, https:\/\/i0.wp.com\/ismaelcolosi.com.br\/wp-content\/uploads\/2023\/12\/postimg-65775abbac8752564.jpg?fit=1200%2C628&ssl=1&resize=525%2C300 1.5x, https:\/\/i0.wp.com\/ismaelcolosi.com.br\/wp-content\/uploads\/2023\/12\/postimg-65775abbac8752564.jpg?fit=1200%2C628&ssl=1&resize=700%2C400 2x, https:\/\/i0.wp.com\/ismaelcolosi.com.br\/wp-content\/uploads\/2023\/12\/postimg-65775abbac8752564.jpg?fit=1200%2C628&ssl=1&resize=1050%2C600 3x"},"classes":[]},{"id":26640,"url":"https:\/\/ismaelcolosi.com.br\/index.php\/2024\/01\/10\/graciele-lacerda-afirma-ter-provado-na-justica-que-nao-fez-ataques-contra-wanessa\/","url_meta":{"origin":5324,"position":4},"title":"Graciele Lacerda afirma ter provado na Justi\u00e7a que n\u00e3o fez ataques contra Wanessa","author":"ismaelcolosi.com.br","date":"10 de January de 2024","format":false,"excerpt":"Graciele Lacerda voltou a falar publicamente sobre o caso envolvendo um perfil falso que mantinha nas redes sociais. O caso j\u00e1 se arrasta por meses e agora ganhou nova aten\u00e7\u00e3o, pela entrada de Wanessa no BBB24.A noiva de Zez\u00e9 respondeu um coment\u00e1rio nas redes sociais, onde foi questionada sobre o\u2026","rel":"","context":"In &quot;Blog&quot;","block_context":{"text":"Blog","link":"https:\/\/ismaelcolosi.com.br\/index.php\/category\/blog\/"},"img":{"alt_text":"","src":"https:\/\/i0.wp.com\/ismaelcolosi.com.br\/wp-content\/uploads\/2024\/01\/postimg-659ec6f3928bd7555.jpg?fit=1200%2C628&ssl=1&resize=350%2C200","width":350,"height":200,"srcset":"https:\/\/i0.wp.com\/ismaelcolosi.com.br\/wp-content\/uploads\/2024\/01\/postimg-659ec6f3928bd7555.jpg?fit=1200%2C628&ssl=1&resize=350%2C200 1x, https:\/\/i0.wp.com\/ismaelcolosi.com.br\/wp-content\/uploads\/2024\/01\/postimg-659ec6f3928bd7555.jpg?fit=1200%2C628&ssl=1&resize=525%2C300 1.5x, https:\/\/i0.wp.com\/ismaelcolosi.com.br\/wp-content\/uploads\/2024\/01\/postimg-659ec6f3928bd7555.jpg?fit=1200%2C628&ssl=1&resize=700%2C400 2x, https:\/\/i0.wp.com\/ismaelcolosi.com.br\/wp-content\/uploads\/2024\/01\/postimg-659ec6f3928bd7555.jpg?fit=1200%2C628&ssl=1&resize=1050%2C600 3x"},"classes":[]},{"id":26339,"url":"https:\/\/ismaelcolosi.com.br\/index.php\/2024\/01\/09\/video-ana-maria-braga-vive-momento-estarrecedor-e-faz-apelo-nas-redes-sociais-to-pedindo-socorro-aqui\/","url_meta":{"origin":5324,"position":5},"title":"V\u00cdDEO: Ana Maria Braga vive momento estarrecedor e faz apelo nas redes sociais: \u2018to pedindo socorro aqui\u2019","author":"ismaelcolosi.com.br","date":"9 de January de 2024","format":false,"excerpt":"A querida jornalista e apresentadora Ana Maria Braga viveu momentos de muita tens\u00e3o e usou as redes sociais para fazer um apelo em busca de socorro.Ana Maria Braga, que \u00e9 conhecida em todo o Brasil por seu carisma e compet\u00eancia, est\u00e1 h\u00e1 v\u00e1rios anos no comando do atrativo Global, \u2018Mais\u2026","rel":"","context":"In &quot;Blog&quot;","block_context":{"text":"Blog","link":"https:\/\/ismaelcolosi.com.br\/index.php\/category\/blog\/"},"img":{"alt_text":"","src":"https:\/\/i0.wp.com\/ismaelcolosi.com.br\/wp-content\/uploads\/2024\/01\/postimg-659dcf7f927498652.jpg?fit=1200%2C628&ssl=1&resize=350%2C200","width":350,"height":200,"srcset":"https:\/\/i0.wp.com\/ismaelcolosi.com.br\/wp-content\/uploads\/2024\/01\/postimg-659dcf7f927498652.jpg?fit=1200%2C628&ssl=1&resize=350%2C200 1x, https:\/\/i0.wp.com\/ismaelcolosi.com.br\/wp-content\/uploads\/2024\/01\/postimg-659dcf7f927498652.jpg?fit=1200%2C628&ssl=1&resize=525%2C300 1.5x, https:\/\/i0.wp.com\/ismaelcolosi.com.br\/wp-content\/uploads\/2024\/01\/postimg-659dcf7f927498652.jpg?fit=1200%2C628&ssl=1&resize=700%2C400 2x, https:\/\/i0.wp.com\/ismaelcolosi.com.br\/wp-content\/uploads\/2024\/01\/postimg-659dcf7f927498652.jpg?fit=1200%2C628&ssl=1&resize=1050%2C600 3x"},"classes":[]}],"jetpack_sharing_enabled":true,"jetpack_shortlink":"https:\/\/wp.me\/pfMlyK-1nS","_links":{"self":[{"href":"https:\/\/ismaelcolosi.com.br\/index.php\/wp-json\/wp\/v2\/posts\/5324","targetHints":{"allow":["GET"]}}],"collection":[{"href":"https:\/\/ismaelcolosi.com.br\/index.php\/wp-json\/wp\/v2\/posts"}],"about":[{"href":"https:\/\/ismaelcolosi.com.br\/index.php\/wp-json\/wp\/v2\/types\/post"}],"author":[{"embeddable":true,"href":"https:\/\/ismaelcolosi.com.br\/index.php\/wp-json\/wp\/v2\/users\/1"}],"replies":[{"embeddable":true,"href":"https:\/\/ismaelcolosi.com.br\/index.php\/wp-json\/wp\/v2\/comments?post=5324"}],"version-history":[{"count":0,"href":"https:\/\/ismaelcolosi.com.br\/index.php\/wp-json\/wp\/v2\/posts\/5324\/revisions"}],"wp:featuredmedia":[{"embeddable":true,"href":"https:\/\/ismaelcolosi.com.br\/index.php\/wp-json\/wp\/v2\/media\/5325"}],"wp:attachment":[{"href":"https:\/\/ismaelcolosi.com.br\/index.php\/wp-json\/wp\/v2\/media?parent=5324"}],"wp:term":[{"taxonomy":"category","embeddable":true,"href":"https:\/\/ismaelcolosi.com.br\/index.php\/wp-json\/wp\/v2\/categories?post=5324"},{"taxonomy":"post_tag","embeddable":true,"href":"https:\/\/ismaelcolosi.com.br\/index.php\/wp-json\/wp\/v2\/tags?post=5324"}],"curies":[{"name":"wp","href":"https:\/\/api.w.org\/{rel}","templated":true}]}}