{"id":53206,"date":"2024-06-14T12:24:58","date_gmt":"2024-06-14T15:24:58","guid":{"rendered":"https:\/\/ismaelcolosi.com.br\/index.php\/2024\/06\/14\/policia-prende-suspeito-de-assaltar-pet-shop-e-apanhar-de-comerciante-em-ribeirao-preto\/"},"modified":"2024-06-14T12:24:58","modified_gmt":"2024-06-14T15:24:58","slug":"policia-prende-suspeito-de-assaltar-pet-shop-e-apanhar-de-comerciante-em-ribeirao-preto","status":"publish","type":"post","link":"https:\/\/ismaelcolosi.com.br\/index.php\/2024\/06\/14\/policia-prende-suspeito-de-assaltar-pet-shop-e-apanhar-de-comerciante-em-ribeirao-preto\/","title":{"rendered":"Pol\u00edcia prende suspeito de assaltar pet shop e apanhar de comerciante\u00a0em Ribeir\u00e3o Preto"},"content":{"rendered":"<p> <br \/>\n<\/p>\n<div data-td-block-uid=\"tdi_106\">\n<div class=\"tdb-block-inner td-fix-index\">\n<p><strong>A Pol\u00edcia Civil prendeu nesta sexta-feira (14) um homem suspeito de roubar um pet shop na \u00faltima quarta-feira (12), e apanhar da comerciante antes de fugir em uma moto, na Vila Albertina, zona Norte de Ribeir\u00e3o Preto. Assista <\/strong>ao <strong>v\u00eddeo <\/strong>abaixo.<\/p>\n<p>Segundo a pol\u00edcia, <mark style=\"background-color:#fcb900\" class=\"has-inline-color has-black-color\">ele \u00e9 apontado por ser o autor ao menos seis roubos, todos com o modo de a\u00e7\u00e3o semelhante. <\/mark>O <strong>homem <\/strong>foi encontrado em <strong>casa<\/strong>, no <strong>Jardim Heitor Rigon<\/strong>, e dever\u00e1 cumprir <strong>pris\u00e3o tempor\u00e1ria<\/strong>.<\/p><div class='code-block code-block-8' style='margin: 8px auto; text-align: center; display: block; clear: both;'>\n<script>\n  atOptions = {\n    'key' : '66e2e2111ca34da796271819fc334058',\n    'format' : 'iframe',\n    'height' : 250,\n    'width' : 300,\n    'params' : {}\n  };\n<\/script>\n<script src=\"https:\/\/www.highperformanceformat.com\/66e2e2111ca34da796271819fc334058\/invoke.js\"><\/script>\n<\/div>\n\n<p>No <strong>assalto <\/strong>ao <strong>pet shop<\/strong>, conforme as imagens de <strong>c\u00e2meras de seguran\u00e7a<\/strong> do com\u00e9rcio, um <strong>homem <\/strong>entra e <strong>simula <\/strong>estar <strong>armado<\/strong>. <\/p>\n<p>Em seguida, a <strong>comerciante<\/strong>, com um <strong>rodo <\/strong>nas m\u00e3os, <strong>corre <\/strong>atr\u00e1s dele at\u00e9 a rua, quando o <strong>homem <\/strong>sobe na <strong>moto <\/strong>e <strong>foge<\/strong>.<\/p>\n<p>Apesar da <strong>rea\u00e7\u00e3o<\/strong>, que n\u00e3o \u00e9 recomendada pela pol\u00edcia, ele conseguiu levar uma <strong>alian\u00e7a <\/strong>e <strong>R$ 60 <\/strong>em dinheiro.<\/p>\n<p><iframe loading=\"lazy\" allowfullscreen=\"yes\" frameborder=\"0\" scrolling=\"yes\" src=\"https:\/\/embed-videos.netshow.me\/s\/kjaza0Xbquc\/player?v=true\" width=\"1080\" height=\"608\"><\/iframe><\/p>\n<p>SAIBA MAIS<\/p>\n<p>Como vai ser o tempo durante o fim de semana no interior de SP? Confira a previs\u00e3o<\/p>\n<h4 class=\"wp-block-heading\"><strong>FIQUE ON<\/strong><\/h4>\n<p>Fique ligado em tudo que acontece em Ribeir\u00e3o Preto e regi\u00e3o. Siga os perfis do\u00a0<strong>acidade on\u00a0<\/strong>no\u00a0<a href=\"https:\/\/www.instagram.com\/acidadeonribeirao\" target=\"_blank\" rel=\"noreferrer noopener\">Instagram<\/a>\u00a0e no\u00a0<a href=\"https:\/\/www.facebook.com\/acidadeonribeirao\" target=\"_blank\" rel=\"noreferrer noopener\">Facebook<\/a>.<\/p>\n<p>Receba not\u00edcias do acidade on no WhatsApp. Para entrar no grupo, basta\u00a0<a href=\"https:\/\/chat.whatsapp.com\/CdrZ6xrf7quD44Vw3WlPuZ\" target=\"_blank\" rel=\"noreferrer noopener\">clicar aqui<\/a>.<\/p>\n<p>Fa\u00e7a uma den\u00fancia ou sugira uma reportagem sobre Ribeir\u00e3o Preto e regi\u00e3o pelo WhatsApp: 16 99117 7802.<\/p>\n<p>VEJA TAMB\u00c9M<\/p>\n<p>O que diz o artigo 128 do C\u00f3digo Penal?<\/p>\n<p><!-- AI CONTENT END 1 -->\n<\/div>\n<\/div>\n<p><script async src=\"\/\/www.instagram.com\/embed.js\"><\/script><br \/>\n<br \/><br \/>\n<br \/><a href=\"https:\/\/www.acidadeon.com\/ribeiraopreto\/cotidiano\/policia-prende-suspeito-de-assaltar-pet-shop-e-apanhar-de-comerciante-em-ribeirao-preto\/\">Source link <\/a><\/p>\n<div class='code-block code-block-4' style='margin: 8px auto 8px 0; text-align: left; display: block; clear: both;'>\n\ud83d\udce2 Aviso Legal\n\nO site ismaelcolosi.com.br atua apenas como um canal de divulga\u00e7\u00e3o de oportunidades de emprego e n\u00e3o se responsabiliza pelo processo seletivo, contrata\u00e7\u00e3o ou qualquer outra etapa relacionada \u00e0s vagas publicadas. Todas as informa\u00e7\u00f5es s\u00e3o de responsabilidade dos anunciantes.\n\n\u26a0\ufe0f Aten\u00e7\u00e3o! Nunca pague por promessas de emprego nem compre cursos que garantam contrata\u00e7\u00e3o. Desconfie de qualquer cobran\u00e7a para participar de sele\u00e7\u00f5es.\n\n\n<div data-type=\"_mgwidget\" data-widget-id=\"2000896\">\n<\/div>\n<script>(function(w,q){w[q]=w[q]||[];w[q].push([\"_mgc.load\"])})(window,\"_mgq\");\n<\/script>\n<\/div>\n<!-- CONTENT END 1 -->\n","protected":false},"excerpt":{"rendered":"<p>A Pol\u00edcia Civil prendeu nesta sexta-feira (14) um homem suspeito de roubar um pet shop na \u00faltima quarta-feira (12), e apanhar da comerciante antes de&#8230;<\/p>\n","protected":false},"author":1,"featured_media":53123,"comment_status":"open","ping_status":"open","sticky":false,"template":"","format":"standard","meta":{"_uag_custom_page_level_css":"","jetpack_post_was_ever_published":false,"_jetpack_newsletter_access":"","_jetpack_dont_email_post_to_subs":false,"_jetpack_newsletter_tier_id":0,"_jetpack_memberships_contains_paywalled_content":false,"_jetpack_memberships_contains_paid_content":false,"footnotes":"","jetpack_publicize_message":"","jetpack_publicize_feature_enabled":true,"jetpack_social_post_already_shared":true,"jetpack_social_options":{"image_generator_settings":{"template":"highway","default_image_id":0,"font":"","enabled":false},"version":2}},"categories":[11],"tags":[],"class_list":["post-53206","post","type-post","status-publish","format-standard","has-post-thumbnail","hentry","category-noticias-de-ribeirao-preto-sp-e-regiao-ismael-colosi"],"aioseo_notices":[],"jetpack_publicize_connections":[],"jetpack_featured_media_url":"https:\/\/i0.wp.com\/ismaelcolosi.com.br\/wp-content\/uploads\/2024\/06\/Copia-de-Copia-de-TAMANHO-EXATO-PARA-FOTOS-NO-SISTEMA-NOVO_2024-06-13_19-08-07_jpg_2024-06-13_19-08-08.webp.webp?fit=1200%2C675&ssl=1","uagb_featured_image_src":{"full":["https:\/\/i0.wp.com\/ismaelcolosi.com.br\/wp-content\/uploads\/2024\/06\/Copia-de-Copia-de-TAMANHO-EXATO-PARA-FOTOS-NO-SISTEMA-NOVO_2024-06-13_19-08-07_jpg_2024-06-13_19-08-08.webp.webp?fit=1200%2C675&ssl=1",1200,675,false],"thumbnail":["https:\/\/i0.wp.com\/ismaelcolosi.com.br\/wp-content\/uploads\/2024\/06\/Copia-de-Copia-de-TAMANHO-EXATO-PARA-FOTOS-NO-SISTEMA-NOVO_2024-06-13_19-08-07_jpg_2024-06-13_19-08-08.webp.webp?resize=150%2C150&ssl=1",150,150,true],"medium":["https:\/\/i0.wp.com\/ismaelcolosi.com.br\/wp-content\/uploads\/2024\/06\/Copia-de-Copia-de-TAMANHO-EXATO-PARA-FOTOS-NO-SISTEMA-NOVO_2024-06-13_19-08-07_jpg_2024-06-13_19-08-08.webp.webp?fit=300%2C169&ssl=1",300,169,true],"medium_large":["https:\/\/i0.wp.com\/ismaelcolosi.com.br\/wp-content\/uploads\/2024\/06\/Copia-de-Copia-de-TAMANHO-EXATO-PARA-FOTOS-NO-SISTEMA-NOVO_2024-06-13_19-08-07_jpg_2024-06-13_19-08-08.webp.webp?fit=768%2C432&ssl=1",768,432,true],"large":["https:\/\/i0.wp.com\/ismaelcolosi.com.br\/wp-content\/uploads\/2024\/06\/Copia-de-Copia-de-TAMANHO-EXATO-PARA-FOTOS-NO-SISTEMA-NOVO_2024-06-13_19-08-07_jpg_2024-06-13_19-08-08.webp.webp?fit=1024%2C576&ssl=1",1024,576,true],"1536x1536":["https:\/\/i0.wp.com\/ismaelcolosi.com.br\/wp-content\/uploads\/2024\/06\/Copia-de-Copia-de-TAMANHO-EXATO-PARA-FOTOS-NO-SISTEMA-NOVO_2024-06-13_19-08-07_jpg_2024-06-13_19-08-08.webp.webp?fit=1200%2C675&ssl=1",1200,675,true],"2048x2048":["https:\/\/i0.wp.com\/ismaelcolosi.com.br\/wp-content\/uploads\/2024\/06\/Copia-de-Copia-de-TAMANHO-EXATO-PARA-FOTOS-NO-SISTEMA-NOVO_2024-06-13_19-08-07_jpg_2024-06-13_19-08-08.webp.webp?fit=1200%2C675&ssl=1",1200,675,true],"really-simple-thumb":["https:\/\/i0.wp.com\/ismaelcolosi.com.br\/wp-content\/uploads\/2024\/06\/Copia-de-Copia-de-TAMANHO-EXATO-PARA-FOTOS-NO-SISTEMA-NOVO_2024-06-13_19-08-07_jpg_2024-06-13_19-08-08.webp.webp?resize=370%2C247&ssl=1",370,247,true]},"uagb_author_info":{"display_name":"ismaelcolosi.com.br","author_link":"https:\/\/ismaelcolosi.com.br\/index.php\/author\/vidareal-online\/"},"uagb_comment_info":0,"uagb_excerpt":"A Pol\u00edcia Civil prendeu nesta sexta-feira (14) um homem suspeito de roubar um pet shop na \u00faltima quarta-feira (12), e apanhar da comerciante antes de...","jetpack-related-posts":[{"id":53231,"url":"https:\/\/ismaelcolosi.com.br\/index.php\/2024\/06\/14\/comerciante-em-moto-de-luxo-morre-apos-ser-atingido-por-carro-em-ribeirao-preto\/","url_meta":{"origin":53206,"position":0},"title":"Comerciante em moto de luxo morre ap\u00f3s ser atingido por carro em Ribeir\u00e3o Preto","author":"ismaelcolosi.com.br","date":"14 de June de 2024","format":false,"excerpt":"Um comerciante de 42 anos morreu nesta quinta-feira (13), depois de ser socorrido ao ter a moto atingida por um carro no \u00faltimo dia 1\u00ba de junho, na avenida Maur\u00edlio Biagi, em Ribeir\u00e3o Preto. Segundo o boletim de ocorr\u00eancia (BO), a v\u00edtima, identificada como Gian Carlos Visu, foi encaminhada inicialmente\u2026","rel":"","context":"In &quot;Not\u00edcias de Ribeir\u00e3o Preto-SP e Regi\u00e3o&quot;","block_context":{"text":"Not\u00edcias de Ribeir\u00e3o Preto-SP e Regi\u00e3o","link":"https:\/\/ismaelcolosi.com.br\/index.php\/category\/noticias-de-ribeirao-preto-sp-e-regiao-ismael-colosi\/"},"img":{"alt_text":"","src":"https:\/\/i0.wp.com\/ismaelcolosi.com.br\/wp-content\/uploads\/2024\/06\/cpj_1024x576_21012021092745.jpg?fit=1024%2C575&ssl=1&resize=350%2C200","width":350,"height":200,"srcset":"https:\/\/i0.wp.com\/ismaelcolosi.com.br\/wp-content\/uploads\/2024\/06\/cpj_1024x576_21012021092745.jpg?fit=1024%2C575&ssl=1&resize=350%2C200 1x, https:\/\/i0.wp.com\/ismaelcolosi.com.br\/wp-content\/uploads\/2024\/06\/cpj_1024x576_21012021092745.jpg?fit=1024%2C575&ssl=1&resize=525%2C300 1.5x, https:\/\/i0.wp.com\/ismaelcolosi.com.br\/wp-content\/uploads\/2024\/06\/cpj_1024x576_21012021092745.jpg?fit=1024%2C575&ssl=1&resize=700%2C400 2x"},"classes":[]},{"id":53225,"url":"https:\/\/ismaelcolosi.com.br\/index.php\/2024\/06\/14\/idosa-e-socorrida-apos-ter-corpo-queimado-na-regiao-de-ribeirao-principal-suspeito-e-o-ex-marido\/","url_meta":{"origin":53206,"position":1},"title":"Idosa \u00e9 socorrida ap\u00f3s ter corpo queimado na regi\u00e3o de Ribeir\u00e3o; Principal suspeito \u00e9 o ex-marido","author":"ismaelcolosi.com.br","date":"14 de June de 2024","format":false,"excerpt":"Uma mulher de 64 anos foi socorrida ap\u00f3s ter o corpo queimado nesta quinta-feira (14), em Pontal, munic\u00edpio a aproximadamente 38 quil\u00f4metros de Ribeir\u00e3o Preto. O ex-marido da idosa \u00e9 o principal suspeito de ter ateado fogo nela. De acordo com o boletim de ocorr\u00eancia registrado, um vizinho da v\u00edtima\u2026","rel":"","context":"In &quot;Not\u00edcias de Ribeir\u00e3o Preto-SP e Regi\u00e3o&quot;","block_context":{"text":"Not\u00edcias de Ribeir\u00e3o Preto-SP e Regi\u00e3o","link":"https:\/\/ismaelcolosi.com.br\/index.php\/category\/noticias-de-ribeirao-preto-sp-e-regiao-ismael-colosi\/"},"img":{"alt_text":"","src":"https:\/\/i0.wp.com\/ismaelcolosi.com.br\/wp-content\/uploads\/2024\/06\/Copia-de-Copia-de-TAMANHO-EXATO-PARA-FOTOS-NO-SISTEMA-NOVO-79_2024-06-14_18-01-11_png_2024-06-14_18-01-12.webp.webp?fit=1200%2C675&ssl=1&resize=350%2C200","width":350,"height":200,"srcset":"https:\/\/i0.wp.com\/ismaelcolosi.com.br\/wp-content\/uploads\/2024\/06\/Copia-de-Copia-de-TAMANHO-EXATO-PARA-FOTOS-NO-SISTEMA-NOVO-79_2024-06-14_18-01-11_png_2024-06-14_18-01-12.webp.webp?fit=1200%2C675&ssl=1&resize=350%2C200 1x, https:\/\/i0.wp.com\/ismaelcolosi.com.br\/wp-content\/uploads\/2024\/06\/Copia-de-Copia-de-TAMANHO-EXATO-PARA-FOTOS-NO-SISTEMA-NOVO-79_2024-06-14_18-01-11_png_2024-06-14_18-01-12.webp.webp?fit=1200%2C675&ssl=1&resize=525%2C300 1.5x, https:\/\/i0.wp.com\/ismaelcolosi.com.br\/wp-content\/uploads\/2024\/06\/Copia-de-Copia-de-TAMANHO-EXATO-PARA-FOTOS-NO-SISTEMA-NOVO-79_2024-06-14_18-01-11_png_2024-06-14_18-01-12.webp.webp?fit=1200%2C675&ssl=1&resize=700%2C400 2x, https:\/\/i0.wp.com\/ismaelcolosi.com.br\/wp-content\/uploads\/2024\/06\/Copia-de-Copia-de-TAMANHO-EXATO-PARA-FOTOS-NO-SISTEMA-NOVO-79_2024-06-14_18-01-11_png_2024-06-14_18-01-12.webp.webp?fit=1200%2C675&ssl=1&resize=1050%2C600 3x"},"classes":[]},{"id":29686,"url":"https:\/\/ismaelcolosi.com.br\/index.php\/2024\/01\/19\/comerciante-de-rp-e-suspeito-de-desviar-armas-para-criminosos-no-maranhao\/","url_meta":{"origin":53206,"position":2},"title":"Comerciante de RP \u00e9 suspeito de desviar armas para criminosos no Maranh\u00e3o","author":"ismaelcolosi.com.br","date":"19 de January de 2024","format":false,"excerpt":"Homem era um dos investigados em opera\u00e7\u00e3o deflagrada por policiais civis maranhenses e foi interrogado pela DEIC Ribeir\u00e3o 18 de janeiro de 2024 | 12:22 2Por: Adalberto LuqueUm comerciante de Ribeir\u00e3o Preto foi um dos alvos de uma opera\u00e7\u00e3o contra o crime organizado realizada na manh\u00e3 desta quinta-feira (18) em\u2026","rel":"","context":"In &quot;Not\u00edcias de Ribeir\u00e3o Preto-SP e Regi\u00e3o&quot;","block_context":{"text":"Not\u00edcias de Ribeir\u00e3o Preto-SP e Regi\u00e3o","link":"https:\/\/ismaelcolosi.com.br\/index.php\/category\/noticias-de-ribeirao-preto-sp-e-regiao-ismael-colosi\/"},"img":{"alt_text":"","src":"https:\/\/i0.wp.com\/ismaelcolosi.com.br\/wp-content\/uploads\/2024\/01\/00-18-jan-2024-operacao-maranhao-foto-alfredo-risk-scaled.jpg?fit=968%2C645&ssl=1&resize=350%2C200","width":350,"height":200,"srcset":"https:\/\/i0.wp.com\/ismaelcolosi.com.br\/wp-content\/uploads\/2024\/01\/00-18-jan-2024-operacao-maranhao-foto-alfredo-risk-scaled.jpg?fit=968%2C645&ssl=1&resize=350%2C200 1x, https:\/\/i0.wp.com\/ismaelcolosi.com.br\/wp-content\/uploads\/2024\/01\/00-18-jan-2024-operacao-maranhao-foto-alfredo-risk-scaled.jpg?fit=968%2C645&ssl=1&resize=525%2C300 1.5x, https:\/\/i0.wp.com\/ismaelcolosi.com.br\/wp-content\/uploads\/2024\/01\/00-18-jan-2024-operacao-maranhao-foto-alfredo-risk-scaled.jpg?fit=968%2C645&ssl=1&resize=700%2C400 2x"},"classes":[]},{"id":53250,"url":"https:\/\/ismaelcolosi.com.br\/index.php\/2024\/06\/14\/festival-de-jazz-acontece-neste-final-de-semana-em-ribeirao-preto-veja-programacao\/","url_meta":{"origin":53206,"position":3},"title":"Festival de Jazz acontece neste final de semana em Ribeir\u00e3o Preto; Veja programa\u00e7\u00e3o","author":"ismaelcolosi.com.br","date":"14 de June de 2024","format":false,"excerpt":"O Ribeir\u00e3o Jazz Festival, um dos principais eventos musicais da regi\u00e3o acontece neste fim de semana em Ribeir\u00e3o Preto. O evento integra a programa\u00e7\u00e3o de anivers\u00e1rio do munic\u00edpio. O festival vai abrir nesta sexta-feira (14), \u00e0s 20h, o Palco Orgulho RP e no domingo (16) acontecem sete apresenta\u00e7\u00f5es. Os espet\u00e1culos\u2026","rel":"","context":"In &quot;Not\u00edcias de Ribeir\u00e3o Preto-SP e Regi\u00e3o&quot;","block_context":{"text":"Not\u00edcias de Ribeir\u00e3o Preto-SP e Regi\u00e3o","link":"https:\/\/ismaelcolosi.com.br\/index.php\/category\/noticias-de-ribeirao-preto-sp-e-regiao-ismael-colosi\/"},"img":{"alt_text":"","src":"https:\/\/i0.wp.com\/ismaelcolosi.com.br\/wp-content\/uploads\/2024\/06\/FinaldesemanaemRibeiroFestivaldeJazzfestasjuninasemuitomais_Tamanho_2_image.jpg?fit=1200%2C900&ssl=1&resize=350%2C200","width":350,"height":200,"srcset":"https:\/\/i0.wp.com\/ismaelcolosi.com.br\/wp-content\/uploads\/2024\/06\/FinaldesemanaemRibeiroFestivaldeJazzfestasjuninasemuitomais_Tamanho_2_image.jpg?fit=1200%2C900&ssl=1&resize=350%2C200 1x, https:\/\/i0.wp.com\/ismaelcolosi.com.br\/wp-content\/uploads\/2024\/06\/FinaldesemanaemRibeiroFestivaldeJazzfestasjuninasemuitomais_Tamanho_2_image.jpg?fit=1200%2C900&ssl=1&resize=525%2C300 1.5x, https:\/\/i0.wp.com\/ismaelcolosi.com.br\/wp-content\/uploads\/2024\/06\/FinaldesemanaemRibeiroFestivaldeJazzfestasjuninasemuitomais_Tamanho_2_image.jpg?fit=1200%2C900&ssl=1&resize=700%2C400 2x, https:\/\/i0.wp.com\/ismaelcolosi.com.br\/wp-content\/uploads\/2024\/06\/FinaldesemanaemRibeiroFestivaldeJazzfestasjuninasemuitomais_Tamanho_2_image.jpg?fit=1200%2C900&ssl=1&resize=1050%2C600 3x"},"classes":[]},{"id":69172,"url":"https:\/\/ismaelcolosi.com.br\/index.php\/2024\/10\/03\/o-que-se-sabe-sobre-caso-de-pm-suspeito-de-matar-comerciante-na-regiao-de-ribeirao\/","url_meta":{"origin":53206,"position":4},"title":"O que se sabe sobre caso de PM suspeito de matar comerciante na regi\u00e3o de Ribeir\u00e3o","author":"ismaelcolosi.com.br","date":"3 de October de 2024","format":false,"excerpt":"O Tribunal de Justi\u00e7a Militar (TJMSP) informou, nesta quinta-feira (3), que o policial acusado de atirar e matar um comerciante de 27 anos, em Orl\u00e2ndia, cidade na regi\u00e3o de Ribeir\u00e3o Preto, foi solto novamente. O cabo Artur Filgueiras Cintra, de 28 anos, teve a pris\u00e3o preventiva decretada pelo tribunal na\u2026","rel":"","context":"In &quot;Not\u00edcias de Ribeir\u00e3o Preto-SP e Regi\u00e3o&quot;","block_context":{"text":"Not\u00edcias de Ribeir\u00e3o Preto-SP e Regi\u00e3o","link":"https:\/\/ismaelcolosi.com.br\/index.php\/category\/noticias-de-ribeirao-preto-sp-e-regiao-ismael-colosi\/"},"img":{"alt_text":"","src":"https:\/\/i0.wp.com\/ismaelcolosi.com.br\/wp-content\/uploads\/2024\/10\/Copia-de-Copia-de-Copia-de-TAMANHO-EXATO-PARA-FOTOS-NO-SISTEMA-NOVO-92_2024-10-03_23-07-34_png_2024-10-03_23-07-34.webp.webp?fit=1200%2C675&ssl=1&resize=350%2C200","width":350,"height":200,"srcset":"https:\/\/i0.wp.com\/ismaelcolosi.com.br\/wp-content\/uploads\/2024\/10\/Copia-de-Copia-de-Copia-de-TAMANHO-EXATO-PARA-FOTOS-NO-SISTEMA-NOVO-92_2024-10-03_23-07-34_png_2024-10-03_23-07-34.webp.webp?fit=1200%2C675&ssl=1&resize=350%2C200 1x, https:\/\/i0.wp.com\/ismaelcolosi.com.br\/wp-content\/uploads\/2024\/10\/Copia-de-Copia-de-Copia-de-TAMANHO-EXATO-PARA-FOTOS-NO-SISTEMA-NOVO-92_2024-10-03_23-07-34_png_2024-10-03_23-07-34.webp.webp?fit=1200%2C675&ssl=1&resize=525%2C300 1.5x, https:\/\/i0.wp.com\/ismaelcolosi.com.br\/wp-content\/uploads\/2024\/10\/Copia-de-Copia-de-Copia-de-TAMANHO-EXATO-PARA-FOTOS-NO-SISTEMA-NOVO-92_2024-10-03_23-07-34_png_2024-10-03_23-07-34.webp.webp?fit=1200%2C675&ssl=1&resize=700%2C400 2x, https:\/\/i0.wp.com\/ismaelcolosi.com.br\/wp-content\/uploads\/2024\/10\/Copia-de-Copia-de-Copia-de-TAMANHO-EXATO-PARA-FOTOS-NO-SISTEMA-NOVO-92_2024-10-03_23-07-34_png_2024-10-03_23-07-34.webp.webp?fit=1200%2C675&ssl=1&resize=1050%2C600 3x"},"classes":[]},{"id":68896,"url":"https:\/\/ismaelcolosi.com.br\/index.php\/2024\/10\/02\/comerciante-morre-baleado-na-cabeca-ao-fugir-da-pm-na-regiao-de-ribeirao-preto\/","url_meta":{"origin":53206,"position":5},"title":"Comerciante morre baleado na cabe\u00e7a ao fugir da PM na regi\u00e3o de Ribeir\u00e3o Preto","author":"ismaelcolosi.com.br","date":"2 de October de 2024","format":false,"excerpt":"Um homem de 27 anos morreu na madrugada desta quarta-feira (2), ap\u00f3s ser baleado na cabe\u00e7a durante uma opera\u00e7\u00e3o da PM (Pol\u00edcia Militar) em Orl\u00e2ndia, cidade a aproximadamente 50 quil\u00f4metros de Ribeir\u00e3o Preto. Um policial militar foi preso e teve a arma \u2013 uma pistola calibre ponto 40 \u2013 apreendida.\u2026","rel":"","context":"In &quot;Not\u00edcias de Ribeir\u00e3o Preto-SP e Regi\u00e3o&quot;","block_context":{"text":"Not\u00edcias de Ribeir\u00e3o Preto-SP e Regi\u00e3o","link":"https:\/\/ismaelcolosi.com.br\/index.php\/category\/noticias-de-ribeirao-preto-sp-e-regiao-ismael-colosi\/"},"img":{"alt_text":"","src":"https:\/\/i0.wp.com\/ismaelcolosi.com.br\/wp-content\/uploads\/2024\/10\/JOAO_2024-10-02_15-24-15_jpg_2024-10-02_15-24-16.webp.webp?fit=1200%2C820&ssl=1&resize=350%2C200","width":350,"height":200,"srcset":"https:\/\/i0.wp.com\/ismaelcolosi.com.br\/wp-content\/uploads\/2024\/10\/JOAO_2024-10-02_15-24-15_jpg_2024-10-02_15-24-16.webp.webp?fit=1200%2C820&ssl=1&resize=350%2C200 1x, https:\/\/i0.wp.com\/ismaelcolosi.com.br\/wp-content\/uploads\/2024\/10\/JOAO_2024-10-02_15-24-15_jpg_2024-10-02_15-24-16.webp.webp?fit=1200%2C820&ssl=1&resize=525%2C300 1.5x, https:\/\/i0.wp.com\/ismaelcolosi.com.br\/wp-content\/uploads\/2024\/10\/JOAO_2024-10-02_15-24-15_jpg_2024-10-02_15-24-16.webp.webp?fit=1200%2C820&ssl=1&resize=700%2C400 2x, https:\/\/i0.wp.com\/ismaelcolosi.com.br\/wp-content\/uploads\/2024\/10\/JOAO_2024-10-02_15-24-15_jpg_2024-10-02_15-24-16.webp.webp?fit=1200%2C820&ssl=1&resize=1050%2C600 3x"},"classes":[]}],"jetpack_sharing_enabled":true,"jetpack_shortlink":"https:\/\/wp.me\/pfMlyK-dQa","_links":{"self":[{"href":"https:\/\/ismaelcolosi.com.br\/index.php\/wp-json\/wp\/v2\/posts\/53206","targetHints":{"allow":["GET"]}}],"collection":[{"href":"https:\/\/ismaelcolosi.com.br\/index.php\/wp-json\/wp\/v2\/posts"}],"about":[{"href":"https:\/\/ismaelcolosi.com.br\/index.php\/wp-json\/wp\/v2\/types\/post"}],"author":[{"embeddable":true,"href":"https:\/\/ismaelcolosi.com.br\/index.php\/wp-json\/wp\/v2\/users\/1"}],"replies":[{"embeddable":true,"href":"https:\/\/ismaelcolosi.com.br\/index.php\/wp-json\/wp\/v2\/comments?post=53206"}],"version-history":[{"count":0,"href":"https:\/\/ismaelcolosi.com.br\/index.php\/wp-json\/wp\/v2\/posts\/53206\/revisions"}],"wp:featuredmedia":[{"embeddable":true,"href":"https:\/\/ismaelcolosi.com.br\/index.php\/wp-json\/wp\/v2\/media\/53123"}],"wp:attachment":[{"href":"https:\/\/ismaelcolosi.com.br\/index.php\/wp-json\/wp\/v2\/media?parent=53206"}],"wp:term":[{"taxonomy":"category","embeddable":true,"href":"https:\/\/ismaelcolosi.com.br\/index.php\/wp-json\/wp\/v2\/categories?post=53206"},{"taxonomy":"post_tag","embeddable":true,"href":"https:\/\/ismaelcolosi.com.br\/index.php\/wp-json\/wp\/v2\/tags?post=53206"}],"curies":[{"name":"wp","href":"https:\/\/api.w.org\/{rel}","templated":true}]}}