{"id":5304,"date":"2023-11-23T11:55:20","date_gmt":"2023-11-23T14:55:20","guid":{"rendered":"https:\/\/ismaelcolosi.com.br\/index.php\/2023\/11\/23\/rachel-sheherazade-declara-apoio-a-lucas-souza-apos-sua-desistencia-de-a-fazenda-15\/"},"modified":"2023-11-23T11:55:20","modified_gmt":"2023-11-23T14:55:20","slug":"rachel-sheherazade-declara-apoio-a-lucas-souza-apos-sua-desistencia-de-a-fazenda-15","status":"publish","type":"post","link":"https:\/\/ismaelcolosi.com.br\/index.php\/2023\/11\/23\/rachel-sheherazade-declara-apoio-a-lucas-souza-apos-sua-desistencia-de-a-fazenda-15\/","title":{"rendered":"Rachel Sheherazade declara apoio a Lucas Souza ap\u00f3s sua desist\u00eancia de &#8216;A Fazenda 15&#8217;"},"content":{"rendered":"<p> <br \/>\n<\/p>\n<div itemprop=\"text\">\n<p>A participa\u00e7\u00e3o do ex militar Lucas Souza est\u00e1 dando o que falar desde o come\u00e7o da edi\u00e7\u00e3o. O ex de Jojo Todynho atualmente \u00e9 o assunto do momento ap\u00f3s desistir do programa.<\/p>\n<p>Lucas saiu do programa ontem, quarta feira 22 de novembro, alegando n\u00e3o estar se sentindo bem mais dentro da sede. Para ele, o programa n\u00e3o estava mais saud\u00e1vel e ele precisava sair para cuidar de sua sa\u00fade mental.<\/p><div class='code-block code-block-8' style='margin: 8px auto; text-align: center; display: block; clear: both;'>\n<script>\n  atOptions = {\n    'key' : '66e2e2111ca34da796271819fc334058',\n    'format' : 'iframe',\n    'height' : 250,\n    'width' : 300,\n    'params' : {}\n  };\n<\/script>\n<script src=\"https:\/\/www.highperformanceformat.com\/66e2e2111ca34da796271819fc334058\/invoke.js\"><\/script>\n<\/div>\n\n<p>A ex peoa, Rachel Sherazade, al\u00e9m de Jenny Miranda que comemorou, tamb\u00e9m reagiu a sa\u00edda de Lucas. Ela usou suas redes sociais para dar apoio a Lucas e disse ter ficado triste, pois ele tinha sua torcida.<\/p>\n<p><strong>\u201cAcho que ele realmente chegou ao limite, e todo mundo tem o seu. A gente n\u00e3o pode julgar a atitude do Lucas como covarde. Pelo contr\u00e1rio, foi um gigante de bravura, gentileza e lealdade com os seus (\u2026) ele conseguiu mostrar um Lucas que as pessoas e a m\u00eddia n\u00e3o conheciam\u201d<\/strong>, afirmou.<\/p>\n<blockquote class=\"instagram-media\" style=\"background: #FFF; border: 0; border-radius: 3px; box-shadow: 0 0 1px 0 rgba(0,0,0,0.5),0 1px 10px 0 rgba(0,0,0,0.15); margin: 1px; max-width: 540px; min-width: 326px; padding: 0; width: calc(100% - 2px);\" data-instgrm-permalink=\"https:\/\/www.instagram.com\/p\/Cz-F9XYshGG\/?utm_source=ig_embed&amp;utm_campaign=loading\" data-instgrm-version=\"14\">\n<p>\u00a0<\/p>\n<p>Ver essa foto no Instagram<\/p>\n<p>\u00a0<\/p>\n<p style=\"color: #c9c8cd; font-family: Arial,sans-serif; font-size: 14px; line-height: 17px; margin-bottom: 0; margin-top: 8px; overflow: hidden; padding: 8px 0 7px; text-align: center; text-overflow: ellipsis; white-space: nowrap;\"><a style=\"color: #c9c8cd; font-family: Arial,sans-serif; font-size: 14px; font-style: normal; font-weight: normal; line-height: 17px; text-decoration: none;\" href=\"https:\/\/www.instagram.com\/p\/Cz-F9XYshGG\/?utm_source=ig_embed&amp;utm_campaign=loading\" target=\"_blank\" rel=\"noopener\">Uma publica\u00e7\u00e3o compartilhada por S U B C E L E B R I T I E S (@subcelebrities)<\/a><\/p>\n<\/blockquote>\n<p>Na opini\u00e3o dela, ele era um dos favoritos ao pr\u00eamio disputado de 1,5 milh\u00e3o e estava pr\u00f3ximo de de conquistar. Ela tamb\u00e9m deixou a disputa, mas em uma situa\u00e7\u00e3o de expuls\u00e3o.<\/p>\n<p>A jornalista, que sempre estava envolvida em brigas com Jenny Miranda, infligiu uma das regras do programa que fala sobre agress\u00e3o \u00e0 outros participante. Na briga entre as duas, ela levou sua m\u00e3o na boca de Jenny para tentar calar a peoa. A situa\u00e7\u00e3o foi classificada como agress\u00e3o pela dire\u00e7\u00e3o do programa.<\/p>\n<\/div>\n<p><script async src=\"\/\/www.instagram.com\/embed.js\"><\/script><br \/>\n<br \/><br \/>\n<br \/><a href=\"https:\/\/fnmais.com\/rachel-sheherazade-declara-apoio-lucas-souza-desistencia-fazenda-15\/\">Source link <\/a><\/p>\n<div class='code-block code-block-4' style='margin: 8px auto 8px 0; text-align: left; display: block; clear: both;'>\n\ud83d\udce2 Aviso Legal\n\nO site ismaelcolosi.com.br atua apenas como um canal de divulga\u00e7\u00e3o de oportunidades de emprego e n\u00e3o se responsabiliza pelo processo seletivo, contrata\u00e7\u00e3o ou qualquer outra etapa relacionada \u00e0s vagas publicadas. Todas as informa\u00e7\u00f5es s\u00e3o de responsabilidade dos anunciantes.\n\n\u26a0\ufe0f Aten\u00e7\u00e3o! Nunca pague por promessas de emprego nem compre cursos que garantam contrata\u00e7\u00e3o. Desconfie de qualquer cobran\u00e7a para participar de sele\u00e7\u00f5es.\n\n\n\n<\/div>\n<!-- CONTENT END 1 -->\n","protected":false},"excerpt":{"rendered":"<p>A participa\u00e7\u00e3o do ex militar Lucas Souza est\u00e1 dando o que falar desde o come\u00e7o da edi\u00e7\u00e3o. O ex de Jojo Todynho atualmente \u00e9 o&#8230;<\/p>\n","protected":false},"author":1,"featured_media":5305,"comment_status":"open","ping_status":"open","sticky":false,"template":"","format":"standard","meta":{"_uag_custom_page_level_css":"","advanced_seo_description":"","jetpack_seo_html_title":"","jetpack_seo_noindex":false,"jetpack_post_was_ever_published":false,"_jetpack_newsletter_access":"","_jetpack_dont_email_post_to_subs":false,"_jetpack_newsletter_tier_id":0,"_jetpack_memberships_contains_paywalled_content":false,"_jetpack_memberships_contains_paid_content":false,"footnotes":"","jetpack_publicize_message":"","jetpack_publicize_feature_enabled":true,"jetpack_social_post_already_shared":true,"jetpack_social_options":{"image_generator_settings":{"template":"highway","default_image_id":0,"font":"","enabled":false},"version":2}},"categories":[1],"tags":[],"class_list":["post-5304","post","type-post","status-publish","format-standard","has-post-thumbnail","hentry","category-blog"],"jetpack_publicize_connections":[],"jetpack_featured_media_url":"https:\/\/i0.wp.com\/ismaelcolosi.com.br\/wp-content\/uploads\/2023\/11\/postimg-655f60bd3aaec4332.jpg?fit=1200%2C713&ssl=1","uagb_featured_image_src":{"full":["https:\/\/i0.wp.com\/ismaelcolosi.com.br\/wp-content\/uploads\/2023\/11\/postimg-655f60bd3aaec4332.jpg?fit=1200%2C713&ssl=1",1200,713,false],"thumbnail":["https:\/\/i0.wp.com\/ismaelcolosi.com.br\/wp-content\/uploads\/2023\/11\/postimg-655f60bd3aaec4332.jpg?resize=150%2C150&ssl=1",150,150,true],"medium":["https:\/\/i0.wp.com\/ismaelcolosi.com.br\/wp-content\/uploads\/2023\/11\/postimg-655f60bd3aaec4332.jpg?fit=300%2C178&ssl=1",300,178,true],"medium_large":["https:\/\/i0.wp.com\/ismaelcolosi.com.br\/wp-content\/uploads\/2023\/11\/postimg-655f60bd3aaec4332.jpg?fit=768%2C456&ssl=1",768,456,true],"large":["https:\/\/i0.wp.com\/ismaelcolosi.com.br\/wp-content\/uploads\/2023\/11\/postimg-655f60bd3aaec4332.jpg?fit=1024%2C608&ssl=1",1024,608,true],"1536x1536":["https:\/\/i0.wp.com\/ismaelcolosi.com.br\/wp-content\/uploads\/2023\/11\/postimg-655f60bd3aaec4332.jpg?fit=1200%2C713&ssl=1",1200,713,true],"2048x2048":["https:\/\/i0.wp.com\/ismaelcolosi.com.br\/wp-content\/uploads\/2023\/11\/postimg-655f60bd3aaec4332.jpg?fit=1200%2C713&ssl=1",1200,713,true],"really-simple-thumb":["https:\/\/i0.wp.com\/ismaelcolosi.com.br\/wp-content\/uploads\/2023\/11\/postimg-655f60bd3aaec4332.jpg?resize=370%2C247&ssl=1",370,247,true]},"uagb_author_info":{"display_name":"ismaelcolosi.com.br","author_link":"https:\/\/ismaelcolosi.com.br\/index.php\/author\/vidareal-online\/"},"uagb_comment_info":0,"uagb_excerpt":"A participa\u00e7\u00e3o do ex militar Lucas Souza est\u00e1 dando o que falar desde o come\u00e7o da edi\u00e7\u00e3o. O ex de Jojo Todynho atualmente \u00e9 o...","jetpack-related-posts":[{"id":5364,"url":"https:\/\/ismaelcolosi.com.br\/index.php\/2023\/11\/23\/jojo-todynho-toma-dura-decisao-em-meio-aos-ataques-que-tem-sofrido-apos-ter-exposto-lucas-souza\/","url_meta":{"origin":5304,"position":0},"title":"Jojo Todynho toma dura decis\u00e3o em meio aos ataques que tem sofrido ap\u00f3s ter exposto Lucas Souza","author":"ismaelcolosi.com.br","date":"23 de November de 2023","format":false,"excerpt":"Nesta ter\u00e7a-feira, dia 21 de novembro, a famosa cantora e influencer Jojo Todynho realizou um comunicado em suas redes sociais, ap\u00f3s ter exposto o verdadeiro motivo do t\u00e9rmino de seu casamento com Lucas Souza.De acordo com ela, o seu ex-marido estaria conversando com outros homens, durante o casamento dos dois.\u2026","rel":"","context":"In &quot;Blog&quot;","block_context":{"text":"Blog","link":"https:\/\/ismaelcolosi.com.br\/index.php\/category\/blog\/"},"img":{"alt_text":"","src":"https:\/\/i0.wp.com\/ismaelcolosi.com.br\/wp-content\/uploads\/2023\/11\/postimg-655f5f1d1264c5818.jpg?fit=1200%2C628&ssl=1&resize=350%2C200","width":350,"height":200,"srcset":"https:\/\/i0.wp.com\/ismaelcolosi.com.br\/wp-content\/uploads\/2023\/11\/postimg-655f5f1d1264c5818.jpg?fit=1200%2C628&ssl=1&resize=350%2C200 1x, https:\/\/i0.wp.com\/ismaelcolosi.com.br\/wp-content\/uploads\/2023\/11\/postimg-655f5f1d1264c5818.jpg?fit=1200%2C628&ssl=1&resize=525%2C300 1.5x, https:\/\/i0.wp.com\/ismaelcolosi.com.br\/wp-content\/uploads\/2023\/11\/postimg-655f5f1d1264c5818.jpg?fit=1200%2C628&ssl=1&resize=700%2C400 2x, https:\/\/i0.wp.com\/ismaelcolosi.com.br\/wp-content\/uploads\/2023\/11\/postimg-655f5f1d1264c5818.jpg?fit=1200%2C628&ssl=1&resize=1050%2C600 3x"},"classes":[]},{"id":4492,"url":"https:\/\/ismaelcolosi.com.br\/index.php\/2023\/11\/21\/ele-nao-consegue-seguir-em-frente\/","url_meta":{"origin":5304,"position":1},"title":"Ele n\u00e3o consegue seguir em frente","author":"ismaelcolosi.com.br","date":"21 de November de 2023","format":false,"excerpt":"Para muitos casais, ap\u00f3s a separa\u00e7\u00e3o \u00e9 \u2018 cada um pro seu lado\u2019. Mas na pr\u00e1tica, isso fica muito dif\u00edcil se tratando de alguns famosos que se envolvem cada vez mais em exposi\u00e7\u00f5es na m\u00eddia.O ex casal Lucas Souza e Jojo Todynho s\u00e3o um exemplo de que n\u00e3o conseguem estar\u2026","rel":"","context":"In &quot;Blog&quot;","block_context":{"text":"Blog","link":"https:\/\/ismaelcolosi.com.br\/index.php\/category\/blog\/"},"img":{"alt_text":"","src":"https:\/\/i0.wp.com\/ismaelcolosi.com.br\/wp-content\/uploads\/2023\/11\/postimg-655cf2e5a4fc87740.jpg?fit=1200%2C628&ssl=1&resize=350%2C200","width":350,"height":200,"srcset":"https:\/\/i0.wp.com\/ismaelcolosi.com.br\/wp-content\/uploads\/2023\/11\/postimg-655cf2e5a4fc87740.jpg?fit=1200%2C628&ssl=1&resize=350%2C200 1x, https:\/\/i0.wp.com\/ismaelcolosi.com.br\/wp-content\/uploads\/2023\/11\/postimg-655cf2e5a4fc87740.jpg?fit=1200%2C628&ssl=1&resize=525%2C300 1.5x, https:\/\/i0.wp.com\/ismaelcolosi.com.br\/wp-content\/uploads\/2023\/11\/postimg-655cf2e5a4fc87740.jpg?fit=1200%2C628&ssl=1&resize=700%2C400 2x, https:\/\/i0.wp.com\/ismaelcolosi.com.br\/wp-content\/uploads\/2023\/11\/postimg-655cf2e5a4fc87740.jpg?fit=1200%2C628&ssl=1&resize=1050%2C600 3x"},"classes":[]},{"id":4510,"url":"https:\/\/ismaelcolosi.com.br\/index.php\/2023\/11\/21\/de-salto-alto-jaqueline-toma-atitude-em-meio-a-briga-de-cezar-black-e-lucas-souza\/","url_meta":{"origin":5304,"position":2},"title":"De salto alto, Jaqueline toma atitude em meio a briga de C\u00e9zar Black e Lucas Souza","author":"ismaelcolosi.com.br","date":"21 de November de 2023","format":false,"excerpt":"Fogo no feno! Se \u00e9 de pol\u00eamicas que o p\u00fablico gosta, A Fazenda d\u00e1 de sobra. As brigas di\u00e1rias no reality s\u00e3o um ingrediente especial para transformar a sede num grande bolo de confus\u00e3o.A briga entre os participantes C\u00e9zar Black e Lucas Souza rendeu uma confus\u00e3o generalizada, mas quem chamou\u2026","rel":"","context":"In &quot;Blog&quot;","block_context":{"text":"Blog","link":"https:\/\/ismaelcolosi.com.br\/index.php\/category\/blog\/"},"img":{"alt_text":"","src":"https:\/\/i0.wp.com\/ismaelcolosi.com.br\/wp-content\/uploads\/2023\/11\/postimg-655cf214eb6b84745.jpg?fit=1200%2C628&ssl=1&resize=350%2C200","width":350,"height":200,"srcset":"https:\/\/i0.wp.com\/ismaelcolosi.com.br\/wp-content\/uploads\/2023\/11\/postimg-655cf214eb6b84745.jpg?fit=1200%2C628&ssl=1&resize=350%2C200 1x, https:\/\/i0.wp.com\/ismaelcolosi.com.br\/wp-content\/uploads\/2023\/11\/postimg-655cf214eb6b84745.jpg?fit=1200%2C628&ssl=1&resize=525%2C300 1.5x, https:\/\/i0.wp.com\/ismaelcolosi.com.br\/wp-content\/uploads\/2023\/11\/postimg-655cf214eb6b84745.jpg?fit=1200%2C628&ssl=1&resize=700%2C400 2x, https:\/\/i0.wp.com\/ismaelcolosi.com.br\/wp-content\/uploads\/2023\/11\/postimg-655cf214eb6b84745.jpg?fit=1200%2C628&ssl=1&resize=1050%2C600 3x"},"classes":[]},{"id":5822,"url":"https:\/\/ismaelcolosi.com.br\/index.php\/2023\/11\/24\/video-apos-saida-de-lucas-souza-cezar-black-toma-decisao-nunca-mais\/","url_meta":{"origin":5304,"position":3},"title":"V\u00eddeo: Ap\u00f3s sa\u00edda de Lucas Souza, Cez\u00e1r Black toma decis\u00e3o: \u201cNunca mais\u201d","author":"ismaelcolosi.com.br","date":"24 de November de 2023","format":false,"excerpt":"Estar em confinamento influ\u00eancia os participantes a tomarem diversas decis\u00f5es e posicionamentos. As vezes, parte dessas escolhas trazem grandes consequ\u00eancias e grandes impactos.A Fazenda 15 est\u00e1 sendo caracterizada por pol\u00eamicas sucessivas. De puni\u00e7\u00f5es a expuls\u00e3o, o reality chegou a contar tamb\u00e9m com uma desist\u00eancia que chocou os participantes.C\u00e9zar Black e\u2026","rel":"","context":"In &quot;Blog&quot;","block_context":{"text":"Blog","link":"https:\/\/ismaelcolosi.com.br\/index.php\/category\/blog\/"},"img":{"alt_text":"","src":"https:\/\/i0.wp.com\/ismaelcolosi.com.br\/wp-content\/uploads\/2023\/11\/postimg-6560b9d9e69013821.jpg?fit=1200%2C628&ssl=1&resize=350%2C200","width":350,"height":200,"srcset":"https:\/\/i0.wp.com\/ismaelcolosi.com.br\/wp-content\/uploads\/2023\/11\/postimg-6560b9d9e69013821.jpg?fit=1200%2C628&ssl=1&resize=350%2C200 1x, https:\/\/i0.wp.com\/ismaelcolosi.com.br\/wp-content\/uploads\/2023\/11\/postimg-6560b9d9e69013821.jpg?fit=1200%2C628&ssl=1&resize=525%2C300 1.5x, https:\/\/i0.wp.com\/ismaelcolosi.com.br\/wp-content\/uploads\/2023\/11\/postimg-6560b9d9e69013821.jpg?fit=1200%2C628&ssl=1&resize=700%2C400 2x, https:\/\/i0.wp.com\/ismaelcolosi.com.br\/wp-content\/uploads\/2023\/11\/postimg-6560b9d9e69013821.jpg?fit=1200%2C628&ssl=1&resize=1050%2C600 3x"},"classes":[]},{"id":19409,"url":"https:\/\/ismaelcolosi.com.br\/index.php\/2023\/12\/22\/ex-bbb-jaquelline-grohalski-vence-a-fazenda-15-e-recebe-comentario-polemico-de-boninho\/","url_meta":{"origin":5304,"position":4},"title":"Ex-BBB Jaquelline Grohalski vence &#8216;A Fazenda 15&#8217; e recebe coment\u00e1rio pol\u00eamico de Boninho","author":"ismaelcolosi.com.br","date":"22 de December de 2023","format":false,"excerpt":"A Fazenda 15 chegou ao fim na noite de quinta feira. O reality contou com a participa\u00e7\u00e3o de 22 famosos. Entre atores, cantores, influenciadores e ex BBBs, a edi\u00e7\u00e3o entregou o pr\u00eamioA grande campe\u00e3 foi a ex BBB Jaqueline Grohalski foi quem levou para casa o pr\u00eamio de R$ 1,5\u2026","rel":"","context":"In &quot;Blog&quot;","block_context":{"text":"Blog","link":"https:\/\/ismaelcolosi.com.br\/index.php\/category\/blog\/"},"img":{"alt_text":"","src":"https:\/\/i0.wp.com\/ismaelcolosi.com.br\/wp-content\/uploads\/2023\/12\/postimg-658595ed897666082.jpg?fit=1200%2C628&ssl=1&resize=350%2C200","width":350,"height":200,"srcset":"https:\/\/i0.wp.com\/ismaelcolosi.com.br\/wp-content\/uploads\/2023\/12\/postimg-658595ed897666082.jpg?fit=1200%2C628&ssl=1&resize=350%2C200 1x, https:\/\/i0.wp.com\/ismaelcolosi.com.br\/wp-content\/uploads\/2023\/12\/postimg-658595ed897666082.jpg?fit=1200%2C628&ssl=1&resize=525%2C300 1.5x, https:\/\/i0.wp.com\/ismaelcolosi.com.br\/wp-content\/uploads\/2023\/12\/postimg-658595ed897666082.jpg?fit=1200%2C628&ssl=1&resize=700%2C400 2x, https:\/\/i0.wp.com\/ismaelcolosi.com.br\/wp-content\/uploads\/2023\/12\/postimg-658595ed897666082.jpg?fit=1200%2C628&ssl=1&resize=1050%2C600 3x"},"classes":[]},{"id":4418,"url":"https:\/\/ismaelcolosi.com.br\/index.php\/2023\/11\/21\/lucas-guimaraes-abre-o-jogo-e-expoe-verdadeiro-motivo-de-ter-se-separado-de-carlinhos-maia-ajeitava-garotos-de-programa\/","url_meta":{"origin":5304,"position":5},"title":"Lucas Guimar\u00e3es abre o jogo e exp\u00f5e verdadeiro motivo de ter se separado de Carlinhos Maia: &#8216;Ajeitava garotos de programa&#8217;","author":"ismaelcolosi.com.br","date":"21 de November de 2023","format":false,"excerpt":"De forma recente, o influenciador Lucas Guimar\u00e3es resolveu abrir o jogo e revelar o que teria ocasionado a sua separa\u00e7\u00e3o de Carlinhos Maia, que ocorreu em meados do ano passado. A revela\u00e7\u00e3o ocorreu ap\u00f3s o influenciador Dudu Barros ter dito que foi desconvidado da casa do casal.Ao detalhar o assunto,\u2026","rel":"","context":"In &quot;Blog&quot;","block_context":{"text":"Blog","link":"https:\/\/ismaelcolosi.com.br\/index.php\/category\/blog\/"},"img":{"alt_text":"","src":"https:\/\/i0.wp.com\/ismaelcolosi.com.br\/wp-content\/uploads\/2023\/11\/postimg-655cd9cce8e832482.jpg?fit=1200%2C628&ssl=1&resize=350%2C200","width":350,"height":200,"srcset":"https:\/\/i0.wp.com\/ismaelcolosi.com.br\/wp-content\/uploads\/2023\/11\/postimg-655cd9cce8e832482.jpg?fit=1200%2C628&ssl=1&resize=350%2C200 1x, https:\/\/i0.wp.com\/ismaelcolosi.com.br\/wp-content\/uploads\/2023\/11\/postimg-655cd9cce8e832482.jpg?fit=1200%2C628&ssl=1&resize=525%2C300 1.5x, https:\/\/i0.wp.com\/ismaelcolosi.com.br\/wp-content\/uploads\/2023\/11\/postimg-655cd9cce8e832482.jpg?fit=1200%2C628&ssl=1&resize=700%2C400 2x, https:\/\/i0.wp.com\/ismaelcolosi.com.br\/wp-content\/uploads\/2023\/11\/postimg-655cd9cce8e832482.jpg?fit=1200%2C628&ssl=1&resize=1050%2C600 3x"},"classes":[]}],"jetpack_sharing_enabled":true,"jetpack_shortlink":"https:\/\/wp.me\/pfMlyK-1ny","_links":{"self":[{"href":"https:\/\/ismaelcolosi.com.br\/index.php\/wp-json\/wp\/v2\/posts\/5304","targetHints":{"allow":["GET"]}}],"collection":[{"href":"https:\/\/ismaelcolosi.com.br\/index.php\/wp-json\/wp\/v2\/posts"}],"about":[{"href":"https:\/\/ismaelcolosi.com.br\/index.php\/wp-json\/wp\/v2\/types\/post"}],"author":[{"embeddable":true,"href":"https:\/\/ismaelcolosi.com.br\/index.php\/wp-json\/wp\/v2\/users\/1"}],"replies":[{"embeddable":true,"href":"https:\/\/ismaelcolosi.com.br\/index.php\/wp-json\/wp\/v2\/comments?post=5304"}],"version-history":[{"count":0,"href":"https:\/\/ismaelcolosi.com.br\/index.php\/wp-json\/wp\/v2\/posts\/5304\/revisions"}],"wp:featuredmedia":[{"embeddable":true,"href":"https:\/\/ismaelcolosi.com.br\/index.php\/wp-json\/wp\/v2\/media\/5305"}],"wp:attachment":[{"href":"https:\/\/ismaelcolosi.com.br\/index.php\/wp-json\/wp\/v2\/media?parent=5304"}],"wp:term":[{"taxonomy":"category","embeddable":true,"href":"https:\/\/ismaelcolosi.com.br\/index.php\/wp-json\/wp\/v2\/categories?post=5304"},{"taxonomy":"post_tag","embeddable":true,"href":"https:\/\/ismaelcolosi.com.br\/index.php\/wp-json\/wp\/v2\/tags?post=5304"}],"curies":[{"name":"wp","href":"https:\/\/api.w.org\/{rel}","templated":true}]}}