{"id":5282,"date":"2023-11-23T11:03:58","date_gmt":"2023-11-23T14:03:58","guid":{"rendered":"https:\/\/ismaelcolosi.com.br\/index.php\/2023\/11\/23\/predio-em-gramado-desaba-apos-surgirem-grandes-rachaduras-no-solo\/"},"modified":"2023-11-23T11:03:58","modified_gmt":"2023-11-23T14:03:58","slug":"predio-em-gramado-desaba-apos-surgirem-grandes-rachaduras-no-solo","status":"publish","type":"post","link":"https:\/\/ismaelcolosi.com.br\/index.php\/2023\/11\/23\/predio-em-gramado-desaba-apos-surgirem-grandes-rachaduras-no-solo\/","title":{"rendered":"Pr\u00e9dio em Gramado desaba ap\u00f3s surgirem grandes rachaduras no solo"},"content":{"rendered":"<p> <br \/>\n<\/p>\n<div itemprop=\"text\">\n<p>Uma manh\u00e3 dram\u00e1tica marcou Gramado, no Rio Grande do Sul, com o desabamento de um pr\u00e9dio no bairro Tr\u00eas Pinheiros, desencadeando uma s\u00e9rie de eventos preocupantes na regi\u00e3o.<\/p>\n<p>O Residencial Condado Ana Carolina, situado pr\u00f3ximo ao Lago Negro, cedeu, por volta das 6h desta quinta, dia 23 de novembro, sem deixar feridos, gra\u00e7as \u00e0 evacua\u00e7\u00e3o pr\u00e9via dos moradores.<\/p>\n<p>O cen\u00e1rio j\u00e1 era tido como condenado devido \u00e0 instabilidade do solo, o que impossibilitou sua implos\u00e3o controlada. Autoridades confirmam que a \u00e1rea permanece interditada e isolada, uma vez que o solo inst\u00e1vel ainda apresenta riscos iminentes.<\/p>\n<p>Desde o fim de semana, as chuvas castigam a regi\u00e3o, desencadeando rachaduras nas ruas e gerando alarme entre os habitantes locais. Dezenas de residentes tiveram que abandonar suas casas ap\u00f3s o surgimento dessas fissuras, levando a prefeitura a montar abrigos emergenciais, como o instalado no gin\u00e1sio da Escola Senador Salgado Filho.<\/p>\n<p>A preocupa\u00e7\u00e3o com a instabilidade do solo se estende por v\u00e1rios pontos da cidade. Bairros como Planalto, Perimetral e Ladeira das Azaleias tamb\u00e9m est\u00e3o sob avalia\u00e7\u00e3o do Servi\u00e7o Geol\u00f3gico do Brasil devido ao risco de quedas de barreiras.<\/p>\n<p><iframe loading=\"lazy\" title=\"Pr\u00e9dio desaba em Gramado e bairro com rachaduras \u00e9 interditado no RS; v\u00eddeo mostra situa\u00e7\u00e3o\" width=\"500\" height=\"281\" src=\"https:\/\/www.youtube.com\/embed\/tYqky8OxGxQ?feature=oembed\" frameborder=\"0\" allow=\"accelerometer; autoplay; clipboard-write; encrypted-media; gyroscope; picture-in-picture; web-share\" referrerpolicy=\"strict-origin-when-cross-origin\" allowfullscreen><\/iframe><\/p>\n<p>Diante dessa situa\u00e7\u00e3o, a prefeitura destaca que o desabamento \u00e9 apenas um entre v\u00e1rios sinais de risco na regi\u00e3o e ressalta que um relat\u00f3rio est\u00e1 em elabora\u00e7\u00e3o para nortear futuras decis\u00f5es.<\/p>\n<p>Enquanto isso, o isolamento do local do desastre e do bairro Tr\u00eas Pinheiros persiste, refor\u00e7ando a preocupa\u00e7\u00e3o e a necessidade de medidas cautelares.<\/p>\n<p>Gramado permanece em alerta, em meio a um cen\u00e1rio de incertezas sobre a estabilidade do solo que continua a ser monitorado pelas autoridades locais.<\/p>\n<\/div>\n<p><br \/>\n<br \/><a href=\"https:\/\/fnmais.com\/video-predio-em-gramado-desaba-apos-surgirem-grandes-rachaduras-no-solo\/\">Source link <\/a><\/p>\n<div class='code-block code-block-4' style='margin: 8px auto 8px 0; text-align: left; display: block; clear: both;'>\n\ud83d\udce2 Aviso Legal\n\nO site ismaelcolosi.com.br atua apenas como um canal de divulga\u00e7\u00e3o de oportunidades de emprego e n\u00e3o se responsabiliza pelo processo seletivo, contrata\u00e7\u00e3o ou qualquer outra etapa relacionada \u00e0s vagas publicadas. Todas as informa\u00e7\u00f5es s\u00e3o de responsabilidade dos anunciantes.\n\n\u26a0\ufe0f Aten\u00e7\u00e3o! Nunca pague por promessas de emprego nem compre cursos que garantam contrata\u00e7\u00e3o. Desconfie de qualquer cobran\u00e7a para participar de sele\u00e7\u00f5es.\n\n\n\n<\/div>\n<!-- CONTENT END 1 -->\n","protected":false},"excerpt":{"rendered":"<p>Uma manh\u00e3 dram\u00e1tica marcou Gramado, no Rio Grande do Sul, com o desabamento de um pr\u00e9dio no bairro Tr\u00eas Pinheiros, desencadeando uma s\u00e9rie de eventos&#8230;<\/p>\n","protected":false},"author":1,"featured_media":5283,"comment_status":"open","ping_status":"open","sticky":false,"template":"","format":"standard","meta":{"_uag_custom_page_level_css":"","advanced_seo_description":"","jetpack_seo_html_title":"","jetpack_seo_noindex":false,"jetpack_post_was_ever_published":false,"_jetpack_newsletter_access":"","_jetpack_dont_email_post_to_subs":false,"_jetpack_newsletter_tier_id":0,"_jetpack_memberships_contains_paywalled_content":false,"_jetpack_memberships_contains_paid_content":false,"footnotes":"","jetpack_publicize_message":"","jetpack_publicize_feature_enabled":true,"jetpack_social_post_already_shared":true,"jetpack_social_options":{"image_generator_settings":{"template":"highway","default_image_id":0,"font":"","enabled":false},"version":2}},"categories":[1],"tags":[],"class_list":["post-5282","post","type-post","status-publish","format-standard","has-post-thumbnail","hentry","category-blog"],"jetpack_publicize_connections":[],"jetpack_featured_media_url":"https:\/\/i0.wp.com\/ismaelcolosi.com.br\/wp-content\/uploads\/2023\/11\/postimg-655f5a5623e7b8117.jpg?fit=1200%2C628&ssl=1","uagb_featured_image_src":{"full":["https:\/\/i0.wp.com\/ismaelcolosi.com.br\/wp-content\/uploads\/2023\/11\/postimg-655f5a5623e7b8117.jpg?fit=1200%2C628&ssl=1",1200,628,false],"thumbnail":["https:\/\/i0.wp.com\/ismaelcolosi.com.br\/wp-content\/uploads\/2023\/11\/postimg-655f5a5623e7b8117.jpg?resize=150%2C150&ssl=1",150,150,true],"medium":["https:\/\/i0.wp.com\/ismaelcolosi.com.br\/wp-content\/uploads\/2023\/11\/postimg-655f5a5623e7b8117.jpg?fit=300%2C157&ssl=1",300,157,true],"medium_large":["https:\/\/i0.wp.com\/ismaelcolosi.com.br\/wp-content\/uploads\/2023\/11\/postimg-655f5a5623e7b8117.jpg?fit=768%2C402&ssl=1",768,402,true],"large":["https:\/\/i0.wp.com\/ismaelcolosi.com.br\/wp-content\/uploads\/2023\/11\/postimg-655f5a5623e7b8117.jpg?fit=1024%2C536&ssl=1",1024,536,true],"1536x1536":["https:\/\/i0.wp.com\/ismaelcolosi.com.br\/wp-content\/uploads\/2023\/11\/postimg-655f5a5623e7b8117.jpg?fit=1200%2C628&ssl=1",1200,628,true],"2048x2048":["https:\/\/i0.wp.com\/ismaelcolosi.com.br\/wp-content\/uploads\/2023\/11\/postimg-655f5a5623e7b8117.jpg?fit=1200%2C628&ssl=1",1200,628,true],"really-simple-thumb":["https:\/\/i0.wp.com\/ismaelcolosi.com.br\/wp-content\/uploads\/2023\/11\/postimg-655f5a5623e7b8117.jpg?resize=370%2C247&ssl=1",370,247,true]},"uagb_author_info":{"display_name":"ismaelcolosi.com.br","author_link":"https:\/\/ismaelcolosi.com.br\/index.php\/author\/vidareal-online\/"},"uagb_comment_info":0,"uagb_excerpt":"Uma manh\u00e3 dram\u00e1tica marcou Gramado, no Rio Grande do Sul, com o desabamento de um pr\u00e9dio no bairro Tr\u00eas Pinheiros, desencadeando uma s\u00e9rie de eventos...","jetpack-related-posts":[{"id":4476,"url":"https:\/\/ismaelcolosi.com.br\/index.php\/2023\/11\/21\/cezar-e-lucas-brigam-feio-e-producao-precisa-intervir-para-acalmar-os-animos\/","url_meta":{"origin":5282,"position":0},"title":"Cezar e Lucas brigam feio e produ\u00e7\u00e3o precisa intervir para acalmar os \u00e2nimos","author":"ismaelcolosi.com.br","date":"21 de November de 2023","format":false,"excerpt":"O reality show A Fazenda 15, exibido na Record, pegou fogo durante uma din\u00e2mica acirrada, que aconteceu na tarde da \u00faltima segunda,\u00a0dia\u00a020 de\u00a0novembro, resultando em um confronto intenso entre os pe\u00f5es Cezar Black e Lucas Souza.A confus\u00e3o teve in\u00edcio ap\u00f3s a vit\u00f3ria do grupo liderado por Jaquelline, desencadeando a disc\u00f3rdia\u2026","rel":"","context":"In &quot;Blog&quot;","block_context":{"text":"Blog","link":"https:\/\/ismaelcolosi.com.br\/index.php\/category\/blog\/"},"img":{"alt_text":"","src":"https:\/\/i0.wp.com\/ismaelcolosi.com.br\/wp-content\/uploads\/2023\/11\/postimg-655cd5d55f9f61524.jpg?fit=1200%2C628&ssl=1&resize=350%2C200","width":350,"height":200,"srcset":"https:\/\/i0.wp.com\/ismaelcolosi.com.br\/wp-content\/uploads\/2023\/11\/postimg-655cd5d55f9f61524.jpg?fit=1200%2C628&ssl=1&resize=350%2C200 1x, https:\/\/i0.wp.com\/ismaelcolosi.com.br\/wp-content\/uploads\/2023\/11\/postimg-655cd5d55f9f61524.jpg?fit=1200%2C628&ssl=1&resize=525%2C300 1.5x, https:\/\/i0.wp.com\/ismaelcolosi.com.br\/wp-content\/uploads\/2023\/11\/postimg-655cd5d55f9f61524.jpg?fit=1200%2C628&ssl=1&resize=700%2C400 2x, https:\/\/i0.wp.com\/ismaelcolosi.com.br\/wp-content\/uploads\/2023\/11\/postimg-655cd5d55f9f61524.jpg?fit=1200%2C628&ssl=1&resize=1050%2C600 3x"},"classes":[]},{"id":10090,"url":"https:\/\/ismaelcolosi.com.br\/index.php\/2023\/12\/03\/motorista-e-passageiro-pegam-fogo-ate-falecerem-apos-batida-entre-carros-tragedia-aconteceu-apos-manobra-proibida\/","url_meta":{"origin":5282,"position":1},"title":"Motorista e passageiro pegam fogo at\u00e9 falecerem ap\u00f3s batida entre carros; trag\u00e9dia aconteceu ap\u00f3s manobra proibida","author":"ismaelcolosi.com.br","date":"3 de December de 2023","format":false,"excerpt":"Uma trag\u00e9dia ceifou a vida de quatro pessoas em mais um evento registrado pelas rodovias federais brasileiras durante a madrugada deste domingo, dia 03 de dezembro.Dois autom\u00f3veis de passeio bateram de frente em um trecho da BR-050 nas proximidades do munic\u00edpio de Catal\u00e3o, situado na regi\u00e3o sudeste do estado de\u2026","rel":"","context":"In &quot;Blog&quot;","block_context":{"text":"Blog","link":"https:\/\/ismaelcolosi.com.br\/index.php\/category\/blog\/"},"img":{"alt_text":"","src":"https:\/\/i0.wp.com\/ismaelcolosi.com.br\/wp-content\/uploads\/2023\/12\/postimg-656ce7fabe86b6194.jpg?fit=1200%2C628&ssl=1&resize=350%2C200","width":350,"height":200,"srcset":"https:\/\/i0.wp.com\/ismaelcolosi.com.br\/wp-content\/uploads\/2023\/12\/postimg-656ce7fabe86b6194.jpg?fit=1200%2C628&ssl=1&resize=350%2C200 1x, https:\/\/i0.wp.com\/ismaelcolosi.com.br\/wp-content\/uploads\/2023\/12\/postimg-656ce7fabe86b6194.jpg?fit=1200%2C628&ssl=1&resize=525%2C300 1.5x, https:\/\/i0.wp.com\/ismaelcolosi.com.br\/wp-content\/uploads\/2023\/12\/postimg-656ce7fabe86b6194.jpg?fit=1200%2C628&ssl=1&resize=700%2C400 2x, https:\/\/i0.wp.com\/ismaelcolosi.com.br\/wp-content\/uploads\/2023\/12\/postimg-656ce7fabe86b6194.jpg?fit=1200%2C628&ssl=1&resize=1050%2C600 3x"},"classes":[]},{"id":23929,"url":"https:\/\/ismaelcolosi.com.br\/index.php\/2024\/01\/03\/conselho-tutelar-fica-sem-energia-apos-furto-em-ribeirao-preto\/","url_meta":{"origin":5282,"position":2},"title":"Pr\u00e9dio do conselho tutelar fica sem energia ap\u00f3s furto em Ribeir\u00e3o Preto","author":"ismaelcolosi.com.br","date":"3 de January de 2024","format":false,"excerpt":"O pr\u00e9dio do Conselho Tutelar III, da Vila Virg\u00ednia, na zona Oeste de Ribeir\u00e3o Preto, ficou sem energia ap\u00f3s criminosos furtarem a fia\u00e7\u00e3o do im\u00f3vel. O crime foi registrado na \u00faltima ter\u00e7a-feira (2), quando os conselheiros chegavam para trabalhar. O pr\u00e9dio fica na avenida Primeiro de Maio, na Vila Virg\u00ednia.\u2026","rel":"","context":"In &quot;Not\u00edcias de Ribeir\u00e3o Preto-SP e Regi\u00e3o&quot;","block_context":{"text":"Not\u00edcias de Ribeir\u00e3o Preto-SP e Regi\u00e3o","link":"https:\/\/ismaelcolosi.com.br\/index.php\/category\/noticias-de-ribeirao-preto-sp-e-regiao-ismael-colosi\/"},"img":{"alt_text":"","src":"https:\/\/i0.wp.com\/ismaelcolosi.com.br\/wp-content\/uploads\/2024\/01\/conselho-tutelar-iii.jpg?fit=908%2C643&ssl=1&resize=350%2C200","width":350,"height":200,"srcset":"https:\/\/i0.wp.com\/ismaelcolosi.com.br\/wp-content\/uploads\/2024\/01\/conselho-tutelar-iii.jpg?fit=908%2C643&ssl=1&resize=350%2C200 1x, https:\/\/i0.wp.com\/ismaelcolosi.com.br\/wp-content\/uploads\/2024\/01\/conselho-tutelar-iii.jpg?fit=908%2C643&ssl=1&resize=525%2C300 1.5x, https:\/\/i0.wp.com\/ismaelcolosi.com.br\/wp-content\/uploads\/2024\/01\/conselho-tutelar-iii.jpg?fit=908%2C643&ssl=1&resize=700%2C400 2x"},"classes":[]},{"id":49471,"url":"https:\/\/ismaelcolosi.com.br\/index.php\/2024\/05\/10\/homem-morre-apos-cair-de-predio-no-centro-de-ribeirao-preto\/","url_meta":{"origin":5282,"position":3},"title":"Homem morre ap\u00f3s cair de pr\u00e9dio no Centro de Ribeir\u00e3o Preto","author":"ismaelcolosi.com.br","date":"10 de May de 2024","format":false,"excerpt":"Um homem morreu na tarde desta sexta-feira (10), ap\u00f3s cair de uma altura aproximada de dez metros, na rua Amador Bueno, no Centro de Ribeir\u00e3o Preto. De acordo com as primeiras informa\u00e7\u00f5es, o homem estava em um pr\u00e9dio em constru\u00e7\u00e3o que est\u00e1 com as obras paralisadas. Viaturas do Corpo de\u2026","rel":"","context":"In &quot;Not\u00edcias de Ribeir\u00e3o Preto-SP e Regi\u00e3o&quot;","block_context":{"text":"Not\u00edcias de Ribeir\u00e3o Preto-SP e Regi\u00e3o","link":"https:\/\/ismaelcolosi.com.br\/index.php\/category\/noticias-de-ribeirao-preto-sp-e-regiao-ismael-colosi\/"},"img":{"alt_text":"","src":"https:\/\/i0.wp.com\/ismaelcolosi.com.br\/wp-content\/uploads\/2024\/05\/WhatsApp-Image-2024-05-10-at-18.02.48_2024-05-10_21-41-48_jpeg_2024-05-10_21-41-49-scaled-e1715377390468.webp.webp?fit=1200%2C829&ssl=1&resize=350%2C200","width":350,"height":200,"srcset":"https:\/\/i0.wp.com\/ismaelcolosi.com.br\/wp-content\/uploads\/2024\/05\/WhatsApp-Image-2024-05-10-at-18.02.48_2024-05-10_21-41-48_jpeg_2024-05-10_21-41-49-scaled-e1715377390468.webp.webp?fit=1200%2C829&ssl=1&resize=350%2C200 1x, https:\/\/i0.wp.com\/ismaelcolosi.com.br\/wp-content\/uploads\/2024\/05\/WhatsApp-Image-2024-05-10-at-18.02.48_2024-05-10_21-41-48_jpeg_2024-05-10_21-41-49-scaled-e1715377390468.webp.webp?fit=1200%2C829&ssl=1&resize=525%2C300 1.5x, https:\/\/i0.wp.com\/ismaelcolosi.com.br\/wp-content\/uploads\/2024\/05\/WhatsApp-Image-2024-05-10-at-18.02.48_2024-05-10_21-41-48_jpeg_2024-05-10_21-41-49-scaled-e1715377390468.webp.webp?fit=1200%2C829&ssl=1&resize=700%2C400 2x, https:\/\/i0.wp.com\/ismaelcolosi.com.br\/wp-content\/uploads\/2024\/05\/WhatsApp-Image-2024-05-10-at-18.02.48_2024-05-10_21-41-48_jpeg_2024-05-10_21-41-49-scaled-e1715377390468.webp.webp?fit=1200%2C829&ssl=1&resize=1050%2C600 3x"},"classes":[]},{"id":49235,"url":"https:\/\/ismaelcolosi.com.br\/index.php\/2024\/05\/09\/familias-deixam-predio-por-risco-de-desabamento-apos-obra-no-interior-de-sp\/","url_meta":{"origin":5282,"position":4},"title":"Fam\u00edlias deixam pr\u00e9dio por risco de desabamento ap\u00f3s obra no interior de SP","author":"ismaelcolosi.com.br","date":"9 de May de 2024","format":false,"excerpt":"Um pr\u00e9dio residencial foi evacuado em Sert\u00e3ozinho, no interior de S\u00e3o Paulo, na manh\u00e3 desta quinta-feira (9), ap\u00f3s a estrutura da constru\u00e7\u00e3o ter sido danificada durante a reforma de um apartamento. O caso aconteceu em um condom\u00ednio na rua Ernesto Meloni, no Jardim Santa Marta, e 32 fam\u00edlias precisaram ser\u2026","rel":"","context":"In &quot;Not\u00edcias de Ribeir\u00e3o Preto-SP e Regi\u00e3o&quot;","block_context":{"text":"Not\u00edcias de Ribeir\u00e3o Preto-SP e Regi\u00e3o","link":"https:\/\/ismaelcolosi.com.br\/index.php\/category\/noticias-de-ribeirao-preto-sp-e-regiao-ismael-colosi\/"},"img":{"alt_text":"","src":"https:\/\/i0.wp.com\/ismaelcolosi.com.br\/wp-content\/uploads\/2024\/05\/1715271375_acidadeon_logos_Prancheta-1-copia-12_edited.jpg?fit=1199%2C1200&ssl=1&resize=350%2C200","width":350,"height":200,"srcset":"https:\/\/i0.wp.com\/ismaelcolosi.com.br\/wp-content\/uploads\/2024\/05\/1715271375_acidadeon_logos_Prancheta-1-copia-12_edited.jpg?fit=1199%2C1200&ssl=1&resize=350%2C200 1x, https:\/\/i0.wp.com\/ismaelcolosi.com.br\/wp-content\/uploads\/2024\/05\/1715271375_acidadeon_logos_Prancheta-1-copia-12_edited.jpg?fit=1199%2C1200&ssl=1&resize=525%2C300 1.5x, https:\/\/i0.wp.com\/ismaelcolosi.com.br\/wp-content\/uploads\/2024\/05\/1715271375_acidadeon_logos_Prancheta-1-copia-12_edited.jpg?fit=1199%2C1200&ssl=1&resize=700%2C400 2x, https:\/\/i0.wp.com\/ismaelcolosi.com.br\/wp-content\/uploads\/2024\/05\/1715271375_acidadeon_logos_Prancheta-1-copia-12_edited.jpg?fit=1199%2C1200&ssl=1&resize=1050%2C600 3x"},"classes":[]},{"id":50721,"url":"https:\/\/ismaelcolosi.com.br\/index.php\/2024\/05\/18\/carro-invade-loja-apos-se-envolver-em-acidente-no-interior-de-sp\/","url_meta":{"origin":5282,"position":5},"title":"Carro invade loja ap\u00f3s se envolver em acidente no interior de SP","author":"ismaelcolosi.com.br","date":"18 de May de 2024","format":false,"excerpt":"Um carro invadiu uma loja ap\u00f3s se envolver em um acidente em Franca, no interior de S\u00e3o Paulo. O acidente aconteceu na madrugada deste s\u00e1bado (18) na rotat\u00f3ria que liga as avenidas Adhemar de Barros e Brasil. Segundo apura\u00e7\u00e3o da EPTV, o ve\u00edculo trafegava pela Adhemar de Barros, quando foi\u2026","rel":"","context":"In &quot;Not\u00edcias de Ribeir\u00e3o Preto-SP e Regi\u00e3o&quot;","block_context":{"text":"Not\u00edcias de Ribeir\u00e3o Preto-SP e Regi\u00e3o","link":"https:\/\/ismaelcolosi.com.br\/index.php\/category\/noticias-de-ribeirao-preto-sp-e-regiao-ismael-colosi\/"},"img":{"alt_text":"","src":"https:\/\/i0.wp.com\/ismaelcolosi.com.br\/wp-content\/uploads\/2024\/05\/acidente-franca_2024-05-18_16-02-36_jpeg_2024-05-18_16-02-36.webp.webp?fit=900%2C1200&ssl=1&resize=350%2C200","width":350,"height":200,"srcset":"https:\/\/i0.wp.com\/ismaelcolosi.com.br\/wp-content\/uploads\/2024\/05\/acidente-franca_2024-05-18_16-02-36_jpeg_2024-05-18_16-02-36.webp.webp?fit=900%2C1200&ssl=1&resize=350%2C200 1x, https:\/\/i0.wp.com\/ismaelcolosi.com.br\/wp-content\/uploads\/2024\/05\/acidente-franca_2024-05-18_16-02-36_jpeg_2024-05-18_16-02-36.webp.webp?fit=900%2C1200&ssl=1&resize=525%2C300 1.5x, https:\/\/i0.wp.com\/ismaelcolosi.com.br\/wp-content\/uploads\/2024\/05\/acidente-franca_2024-05-18_16-02-36_jpeg_2024-05-18_16-02-36.webp.webp?fit=900%2C1200&ssl=1&resize=700%2C400 2x"},"classes":[]}],"jetpack_sharing_enabled":true,"jetpack_shortlink":"https:\/\/wp.me\/pfMlyK-1nc","_links":{"self":[{"href":"https:\/\/ismaelcolosi.com.br\/index.php\/wp-json\/wp\/v2\/posts\/5282","targetHints":{"allow":["GET"]}}],"collection":[{"href":"https:\/\/ismaelcolosi.com.br\/index.php\/wp-json\/wp\/v2\/posts"}],"about":[{"href":"https:\/\/ismaelcolosi.com.br\/index.php\/wp-json\/wp\/v2\/types\/post"}],"author":[{"embeddable":true,"href":"https:\/\/ismaelcolosi.com.br\/index.php\/wp-json\/wp\/v2\/users\/1"}],"replies":[{"embeddable":true,"href":"https:\/\/ismaelcolosi.com.br\/index.php\/wp-json\/wp\/v2\/comments?post=5282"}],"version-history":[{"count":0,"href":"https:\/\/ismaelcolosi.com.br\/index.php\/wp-json\/wp\/v2\/posts\/5282\/revisions"}],"wp:featuredmedia":[{"embeddable":true,"href":"https:\/\/ismaelcolosi.com.br\/index.php\/wp-json\/wp\/v2\/media\/5283"}],"wp:attachment":[{"href":"https:\/\/ismaelcolosi.com.br\/index.php\/wp-json\/wp\/v2\/media?parent=5282"}],"wp:term":[{"taxonomy":"category","embeddable":true,"href":"https:\/\/ismaelcolosi.com.br\/index.php\/wp-json\/wp\/v2\/categories?post=5282"},{"taxonomy":"post_tag","embeddable":true,"href":"https:\/\/ismaelcolosi.com.br\/index.php\/wp-json\/wp\/v2\/tags?post=5282"}],"curies":[{"name":"wp","href":"https:\/\/api.w.org\/{rel}","templated":true}]}}