{"id":5276,"date":"2023-11-23T10:41:08","date_gmt":"2023-11-23T13:41:08","guid":{"rendered":"https:\/\/ismaelcolosi.com.br\/index.php\/2023\/11\/23\/priscilla-nega-ser-homofobica-e-fala-sobre-relacao-com-a-igreja-medo-de-retaliacao\/"},"modified":"2023-11-23T10:41:08","modified_gmt":"2023-11-23T13:41:08","slug":"priscilla-nega-ser-homofobica-e-fala-sobre-relacao-com-a-igreja-medo-de-retaliacao","status":"publish","type":"post","link":"https:\/\/ismaelcolosi.com.br\/index.php\/2023\/11\/23\/priscilla-nega-ser-homofobica-e-fala-sobre-relacao-com-a-igreja-medo-de-retaliacao\/","title":{"rendered":"Priscilla nega ser homof\u00f3bica e fala sobre rela\u00e7\u00e3o com a igreja &#8216;Medo de retalia\u00e7\u00e3o &#8216;"},"content":{"rendered":"<p> <br \/>\n<\/p>\n<div itemprop=\"text\">\n<p>Em um novo recome\u00e7o, a cantora Priscilla, deu o que falar nas \u00faltimas semanas quando apareceu com um visual totalmente diferente. Com cabelos curtos e pontas avermelhadas, ela passou a exibir suas tatuagens tamb\u00e9m.<\/p>\n<p>Antes conhecida como Priscilla Alc\u00e2ntara, ela come\u00e7ou na TV ao lado de Yudi Tamashiro apresentando o programa infantil do SBT, Bom dia e Companhia.<\/p>\n<p>Crescendo na tv, ela entrou para carreira gospel, onde frequentava igreja evang\u00e9lica. Ela chegou a fazer muito sucesso durante anos com participa\u00e7\u00f5es em programas de tv e at\u00e9 em parceria em uma m\u00fasica com o humorista Whindersson Nunes.<\/p>\n<p>Recentemente, ela fez um pronunciamento em duas redes sociais sobre uma nova fase que estava por vir. Ela mudou seu nome art\u00edstico apenas para Priscilla e recebeu algumas cr\u00edticas.<\/p>\n<p>Ela foi a convidada na quarta feira, 22 de novembro, do Podcast de Rafa Uccman e Lucas Guedes e falou sobre as acusa\u00e7\u00f5es que recebeu sobre ter sido homofobia enquanto frequentava a igreja.<\/p>\n<p>\u201cEu estava em um lugar onde eu tinha muito medo de falar o que eu pensava por medo de retalia\u00e7\u00e3o [\u2026] Conforme eu fui ganhando maturidade, fui crescendo e entendendo que eu poderia construir a minha pr\u00f3pria plataforma para n\u00e3o ser ref\u00e9m de uma outra onde eu era podada, limitada, eu fui me expressando mais\u201d<\/p>\n<p>Ela continuou dizendo que n\u00e3o concorda com as falas de que quem \u00e9 gay vai para o inferno. Ela relembrou que sempre foi aliada da causa LGBTQIA+ e falava sobre o assunto sempre que podia.<\/p>\n<\/div>\n<p><br \/>\n<br \/><a href=\"https:\/\/fnmais.com\/priscilla-nega-ser-homofobica-fala-sobre-relacao-com-igreja-medo-retaliacao\/\">Source link <\/a><\/p>\n<div class='code-block code-block-4' style='margin: 8px auto 8px 0; text-align: left; display: block; clear: both;'>\n\ud83d\udce2 Aviso Legal\n\nO site ismaelcolosi.com.br atua apenas como um canal de divulga\u00e7\u00e3o de oportunidades de emprego e n\u00e3o se responsabiliza pelo processo seletivo, contrata\u00e7\u00e3o ou qualquer outra etapa relacionada \u00e0s vagas publicadas. Todas as informa\u00e7\u00f5es s\u00e3o de responsabilidade dos anunciantes.\n\n\u26a0\ufe0f Aten\u00e7\u00e3o! Nunca pague por promessas de emprego nem compre cursos que garantam contrata\u00e7\u00e3o. Desconfie de qualquer cobran\u00e7a para participar de sele\u00e7\u00f5es.\n\n\n\n<\/div>\n<!-- CONTENT END 1 -->\n","protected":false},"excerpt":{"rendered":"<p>Em um novo recome\u00e7o, a cantora Priscilla, deu o que falar nas \u00faltimas semanas quando apareceu com um visual totalmente diferente. Com cabelos curtos e&#8230;<\/p>\n","protected":false},"author":1,"featured_media":5277,"comment_status":"open","ping_status":"open","sticky":false,"template":"","format":"standard","meta":{"_uag_custom_page_level_css":"","advanced_seo_description":"","jetpack_seo_html_title":"","jetpack_seo_noindex":false,"jetpack_post_was_ever_published":false,"_jetpack_newsletter_access":"","_jetpack_dont_email_post_to_subs":false,"_jetpack_newsletter_tier_id":0,"_jetpack_memberships_contains_paywalled_content":false,"_jetpack_memberships_contains_paid_content":false,"footnotes":"","jetpack_publicize_message":"","jetpack_publicize_feature_enabled":true,"jetpack_social_post_already_shared":true,"jetpack_social_options":{"image_generator_settings":{"template":"highway","default_image_id":0,"font":"","enabled":false},"version":2}},"categories":[1],"tags":[],"class_list":["post-5276","post","type-post","status-publish","format-standard","has-post-thumbnail","hentry","category-blog"],"jetpack_publicize_connections":[],"jetpack_featured_media_url":"https:\/\/i0.wp.com\/ismaelcolosi.com.br\/wp-content\/uploads\/2023\/11\/postimg-655f5055496e01076.jpg?fit=1200%2C713&ssl=1","uagb_featured_image_src":{"full":["https:\/\/i0.wp.com\/ismaelcolosi.com.br\/wp-content\/uploads\/2023\/11\/postimg-655f5055496e01076.jpg?fit=1200%2C713&ssl=1",1200,713,false],"thumbnail":["https:\/\/i0.wp.com\/ismaelcolosi.com.br\/wp-content\/uploads\/2023\/11\/postimg-655f5055496e01076.jpg?resize=150%2C150&ssl=1",150,150,true],"medium":["https:\/\/i0.wp.com\/ismaelcolosi.com.br\/wp-content\/uploads\/2023\/11\/postimg-655f5055496e01076.jpg?fit=300%2C178&ssl=1",300,178,true],"medium_large":["https:\/\/i0.wp.com\/ismaelcolosi.com.br\/wp-content\/uploads\/2023\/11\/postimg-655f5055496e01076.jpg?fit=768%2C456&ssl=1",768,456,true],"large":["https:\/\/i0.wp.com\/ismaelcolosi.com.br\/wp-content\/uploads\/2023\/11\/postimg-655f5055496e01076.jpg?fit=1024%2C608&ssl=1",1024,608,true],"1536x1536":["https:\/\/i0.wp.com\/ismaelcolosi.com.br\/wp-content\/uploads\/2023\/11\/postimg-655f5055496e01076.jpg?fit=1200%2C713&ssl=1",1200,713,true],"2048x2048":["https:\/\/i0.wp.com\/ismaelcolosi.com.br\/wp-content\/uploads\/2023\/11\/postimg-655f5055496e01076.jpg?fit=1200%2C713&ssl=1",1200,713,true],"really-simple-thumb":["https:\/\/i0.wp.com\/ismaelcolosi.com.br\/wp-content\/uploads\/2023\/11\/postimg-655f5055496e01076.jpg?resize=370%2C247&ssl=1",370,247,true]},"uagb_author_info":{"display_name":"ismaelcolosi.com.br","author_link":"https:\/\/ismaelcolosi.com.br\/index.php\/author\/vidareal-online\/"},"uagb_comment_info":0,"uagb_excerpt":"Em um novo recome\u00e7o, a cantora Priscilla, deu o que falar nas \u00faltimas semanas quando apareceu com um visual totalmente diferente. Com cabelos curtos e...","jetpack-related-posts":[{"id":25282,"url":"https:\/\/ismaelcolosi.com.br\/index.php\/2024\/01\/06\/priscilla-de-sofia-coppola-estreou-nos-cinemas-brasileiros\/","url_meta":{"origin":5276,"position":0},"title":"Priscilla, de Sofia Coppola, estreou nos cinemas brasileiros\u00a0","author":"ismaelcolosi.com.br","date":"6 de January de 2024","format":false,"excerpt":"6 de janeiro de 2024 | 15:006 de janeiro de 2024 | 12:44 0Priscilla, o mais recente e aguardado drama da diretora e roteirista vencedora do Oscar, Sofia Coppola, estreou na quinta-feira (04) nos cinemas brasileiros. O longa-metragem fez sua estreia mundial no 80\u00ba Festival Internacional de Veneza, seguido pela\u2026","rel":"","context":"In &quot;Not\u00edcias de Ribeir\u00e3o Preto-SP e Regi\u00e3o&quot;","block_context":{"text":"Not\u00edcias de Ribeir\u00e3o Preto-SP e Regi\u00e3o","link":"https:\/\/ismaelcolosi.com.br\/index.php\/category\/noticias-de-ribeirao-preto-sp-e-regiao-ismael-colosi\/"},"img":{"alt_text":"","src":"https:\/\/i0.wp.com\/ismaelcolosi.com.br\/wp-content\/uploads\/2024\/01\/2-priscilla-scaled.jpg?fit=968%2C645&ssl=1&resize=350%2C200","width":350,"height":200,"srcset":"https:\/\/i0.wp.com\/ismaelcolosi.com.br\/wp-content\/uploads\/2024\/01\/2-priscilla-scaled.jpg?fit=968%2C645&ssl=1&resize=350%2C200 1x, https:\/\/i0.wp.com\/ismaelcolosi.com.br\/wp-content\/uploads\/2024\/01\/2-priscilla-scaled.jpg?fit=968%2C645&ssl=1&resize=525%2C300 1.5x, https:\/\/i0.wp.com\/ismaelcolosi.com.br\/wp-content\/uploads\/2024\/01\/2-priscilla-scaled.jpg?fit=968%2C645&ssl=1&resize=700%2C400 2x"},"classes":[]},{"id":10486,"url":"https:\/\/ismaelcolosi.com.br\/index.php\/2023\/12\/04\/priscilla-revela-reacao-da-familia-diante-de-suas-mudancas-e-abandono-do-alcantara\/","url_meta":{"origin":5276,"position":1},"title":"Priscilla revela rea\u00e7\u00e3o da fam\u00edlia diante de suas mudan\u00e7as e &#8216;abandono&#8217; do Alc\u00e2ntara","author":"ismaelcolosi.com.br","date":"4 de December de 2023","format":false,"excerpt":"Priscilla chamou a aten\u00e7\u00e3o recentemente ao anunciar sua decis\u00e3o de abandonar o sobrenome e assumir apenas o primeiro nome como nome art\u00edstico. A cantora viveu muitas mudan\u00e7as em sua vida pessoal.Com o an\u00fancio, muita gente passou a se questionar sobre o porqu\u00ea da decis\u00e3o. N\u00e3o foram poucas as pessoas que,\u2026","rel":"","context":"In &quot;Blog&quot;","block_context":{"text":"Blog","link":"https:\/\/ismaelcolosi.com.br\/index.php\/category\/blog\/"},"img":{"alt_text":"","src":"https:\/\/i0.wp.com\/ismaelcolosi.com.br\/wp-content\/uploads\/2023\/12\/postimg-656e2201297f74967.jpg?fit=1200%2C628&ssl=1&resize=350%2C200","width":350,"height":200,"srcset":"https:\/\/i0.wp.com\/ismaelcolosi.com.br\/wp-content\/uploads\/2023\/12\/postimg-656e2201297f74967.jpg?fit=1200%2C628&ssl=1&resize=350%2C200 1x, https:\/\/i0.wp.com\/ismaelcolosi.com.br\/wp-content\/uploads\/2023\/12\/postimg-656e2201297f74967.jpg?fit=1200%2C628&ssl=1&resize=525%2C300 1.5x, https:\/\/i0.wp.com\/ismaelcolosi.com.br\/wp-content\/uploads\/2023\/12\/postimg-656e2201297f74967.jpg?fit=1200%2C628&ssl=1&resize=700%2C400 2x, https:\/\/i0.wp.com\/ismaelcolosi.com.br\/wp-content\/uploads\/2023\/12\/postimg-656e2201297f74967.jpg?fit=1200%2C628&ssl=1&resize=1050%2C600 3x"},"classes":[]},{"id":50052,"url":"https:\/\/ismaelcolosi.com.br\/index.php\/2024\/05\/14\/comedia-priscilla-a-rainha-do-sertao-chega-ao-teatro-municipal-de-ribeirao-preto\/","url_meta":{"origin":5276,"position":2},"title":"Com\u00e9dia &#8216;Priscilla, a Rainha do Sert\u00e3o&#8217; chega ao Teatro Municipal de Ribeir\u00e3o Preto","author":"ismaelcolosi.com.br","date":"14 de May de 2024","format":false,"excerpt":"Neste s\u00e1bado (18), o Teatro Municipal de Ribeir\u00e3o Preto recebe a com\u00e9dia \u201cPriscilla, a Rainha do Sert\u00e3o\u201d. Os ingressos podem ser adquiridos online. O espet\u00e1culo mostra quando as drag queens, Chanel Glamour, Teresa, Lylenol e Sheila Monroe embarcam em uma aventura para reencontrar o filho de uma delas no interior\u2026","rel":"","context":"In &quot;Not\u00edcias de Ribeir\u00e3o Preto-SP e Regi\u00e3o&quot;","block_context":{"text":"Not\u00edcias de Ribeir\u00e3o Preto-SP e Regi\u00e3o","link":"https:\/\/ismaelcolosi.com.br\/index.php\/category\/noticias-de-ribeirao-preto-sp-e-regiao-ismael-colosi\/"},"img":{"alt_text":"","src":"https:\/\/i0.wp.com\/ismaelcolosi.com.br\/wp-content\/uploads\/2024\/05\/Copia-de-Copia-de-TAMANHO-EXATO-PARA-FOTOS-NO-SISTEMA-NOVO_2024-05-14_13-51-05_jpg_2024-05-14_13-51-06.webp.webp?fit=1200%2C675&ssl=1&resize=350%2C200","width":350,"height":200,"srcset":"https:\/\/i0.wp.com\/ismaelcolosi.com.br\/wp-content\/uploads\/2024\/05\/Copia-de-Copia-de-TAMANHO-EXATO-PARA-FOTOS-NO-SISTEMA-NOVO_2024-05-14_13-51-05_jpg_2024-05-14_13-51-06.webp.webp?fit=1200%2C675&ssl=1&resize=350%2C200 1x, https:\/\/i0.wp.com\/ismaelcolosi.com.br\/wp-content\/uploads\/2024\/05\/Copia-de-Copia-de-TAMANHO-EXATO-PARA-FOTOS-NO-SISTEMA-NOVO_2024-05-14_13-51-05_jpg_2024-05-14_13-51-06.webp.webp?fit=1200%2C675&ssl=1&resize=525%2C300 1.5x, https:\/\/i0.wp.com\/ismaelcolosi.com.br\/wp-content\/uploads\/2024\/05\/Copia-de-Copia-de-TAMANHO-EXATO-PARA-FOTOS-NO-SISTEMA-NOVO_2024-05-14_13-51-05_jpg_2024-05-14_13-51-06.webp.webp?fit=1200%2C675&ssl=1&resize=700%2C400 2x, https:\/\/i0.wp.com\/ismaelcolosi.com.br\/wp-content\/uploads\/2024\/05\/Copia-de-Copia-de-TAMANHO-EXATO-PARA-FOTOS-NO-SISTEMA-NOVO_2024-05-14_13-51-05_jpg_2024-05-14_13-51-06.webp.webp?fit=1200%2C675&ssl=1&resize=1050%2C600 3x"},"classes":[]},{"id":19690,"url":"https:\/\/ismaelcolosi.com.br\/index.php\/2023\/12\/22\/pastor-davi-passamani-e-alvo-de-nova-denuncia-por-importunacao-sexual\/","url_meta":{"origin":5276,"position":3},"title":"Pastor Davi Passamani \u00e9 alvo de nova den\u00fancia por importuna\u00e7\u00e3o sexual","author":"ismaelcolosi.com.br","date":"22 de December de 2023","format":false,"excerpt":"Nesta sexta-feira (22\/12), o nome do pastor Davi Vieira Passamani voltou a figurar no notici\u00e1rio. Isso porque o religioso foi acusado de importuna\u00e7\u00e3o sexual pela segunda vez. A primeira denuncia aconteceu em 2020, feita por outra mulher.A denunciante procurou a pol\u00edcia na quarta-feira (20\/12) e denunciou o epis\u00f3dio, que teria\u2026","rel":"","context":"In &quot;Blog&quot;","block_context":{"text":"Blog","link":"https:\/\/ismaelcolosi.com.br\/index.php\/category\/blog\/"},"img":{"alt_text":"","src":"https:\/\/i0.wp.com\/ismaelcolosi.com.br\/wp-content\/uploads\/2023\/12\/postimg-65863a3d7f4bf1130.jpg?fit=1200%2C628&ssl=1&resize=350%2C200","width":350,"height":200,"srcset":"https:\/\/i0.wp.com\/ismaelcolosi.com.br\/wp-content\/uploads\/2023\/12\/postimg-65863a3d7f4bf1130.jpg?fit=1200%2C628&ssl=1&resize=350%2C200 1x, https:\/\/i0.wp.com\/ismaelcolosi.com.br\/wp-content\/uploads\/2023\/12\/postimg-65863a3d7f4bf1130.jpg?fit=1200%2C628&ssl=1&resize=525%2C300 1.5x, https:\/\/i0.wp.com\/ismaelcolosi.com.br\/wp-content\/uploads\/2023\/12\/postimg-65863a3d7f4bf1130.jpg?fit=1200%2C628&ssl=1&resize=700%2C400 2x, https:\/\/i0.wp.com\/ismaelcolosi.com.br\/wp-content\/uploads\/2023\/12\/postimg-65863a3d7f4bf1130.jpg?fit=1200%2C628&ssl=1&resize=1050%2C600 3x"},"classes":[]},{"id":20006,"url":"https:\/\/ismaelcolosi.com.br\/index.php\/2023\/12\/23\/triste-noticia-sobre-a-atriz-claudia-alencar-e-exposta-por-seu-filho-em-estado-grave\/","url_meta":{"origin":5276,"position":4},"title":"Triste not\u00edcia sobre a atriz Cl\u00e1udia Alencar \u00e9 exposta por seu filho: em estado grave","author":"ismaelcolosi.com.br","date":"23 de December de 2023","format":false,"excerpt":"Uma triste not\u00edcia sobre a atriz Claudia Alencar, que j\u00e1 participou de v\u00e1rias produ\u00e7\u00f5es de sucesso na TV brasileira, veio \u00e0 tona atrav\u00e9s de seu filho.De acordo com Yann Hatchuel, filho da atriz Claudia Alencar, afirmou que ela est\u00e1 internada em estado grave na Cl\u00ednica S\u00e3o Vicente, localizada na Zona\u2026","rel":"","context":"In &quot;Blog&quot;","block_context":{"text":"Blog","link":"https:\/\/ismaelcolosi.com.br\/index.php\/category\/blog\/"},"img":{"alt_text":"","src":"https:\/\/i0.wp.com\/ismaelcolosi.com.br\/wp-content\/uploads\/2023\/12\/postimg-65876af6465702076.jpg?fit=1200%2C628&ssl=1&resize=350%2C200","width":350,"height":200,"srcset":"https:\/\/i0.wp.com\/ismaelcolosi.com.br\/wp-content\/uploads\/2023\/12\/postimg-65876af6465702076.jpg?fit=1200%2C628&ssl=1&resize=350%2C200 1x, https:\/\/i0.wp.com\/ismaelcolosi.com.br\/wp-content\/uploads\/2023\/12\/postimg-65876af6465702076.jpg?fit=1200%2C628&ssl=1&resize=525%2C300 1.5x, https:\/\/i0.wp.com\/ismaelcolosi.com.br\/wp-content\/uploads\/2023\/12\/postimg-65876af6465702076.jpg?fit=1200%2C628&ssl=1&resize=700%2C400 2x, https:\/\/i0.wp.com\/ismaelcolosi.com.br\/wp-content\/uploads\/2023\/12\/postimg-65876af6465702076.jpg?fit=1200%2C628&ssl=1&resize=1050%2C600 3x"},"classes":[]},{"id":23933,"url":"https:\/\/ismaelcolosi.com.br\/index.php\/2024\/01\/03\/jamile-lima-envolvida-em-boato-sobre-neymar-influenciadora-ja-foi-processada-por-wesley-safadao-saiba-motivo\/","url_meta":{"origin":5276,"position":5},"title":"Jamile Lima, envolvida em boato sobre Neymar, influenciadora j\u00e1 foi processada por Wesley Safad\u00e3o. Saiba motivo","author":"ismaelcolosi.com.br","date":"3 de January de 2024","format":false,"excerpt":"A primeira semana de janeiro tem andado muito agitada na vida do jogador de futebol Neymar Jr. Seu nome foi envolvido em mais uma pol\u00eamica, desta vez, seria um suposto terceiro filho.A influenciadora digital Jamile Lima foi apontada como a respons\u00e1vel pelo boato de haver uma crian\u00e7a sendo gerada como\u2026","rel":"","context":"In &quot;Blog&quot;","block_context":{"text":"Blog","link":"https:\/\/ismaelcolosi.com.br\/index.php\/category\/blog\/"},"img":{"alt_text":"","src":"https:\/\/i0.wp.com\/ismaelcolosi.com.br\/wp-content\/uploads\/2024\/01\/postimg-65956959e69b92115.jpg?fit=1200%2C628&ssl=1&resize=350%2C200","width":350,"height":200,"srcset":"https:\/\/i0.wp.com\/ismaelcolosi.com.br\/wp-content\/uploads\/2024\/01\/postimg-65956959e69b92115.jpg?fit=1200%2C628&ssl=1&resize=350%2C200 1x, https:\/\/i0.wp.com\/ismaelcolosi.com.br\/wp-content\/uploads\/2024\/01\/postimg-65956959e69b92115.jpg?fit=1200%2C628&ssl=1&resize=525%2C300 1.5x, https:\/\/i0.wp.com\/ismaelcolosi.com.br\/wp-content\/uploads\/2024\/01\/postimg-65956959e69b92115.jpg?fit=1200%2C628&ssl=1&resize=700%2C400 2x, https:\/\/i0.wp.com\/ismaelcolosi.com.br\/wp-content\/uploads\/2024\/01\/postimg-65956959e69b92115.jpg?fit=1200%2C628&ssl=1&resize=1050%2C600 3x"},"classes":[]}],"jetpack_sharing_enabled":true,"jetpack_shortlink":"https:\/\/wp.me\/pfMlyK-1n6","_links":{"self":[{"href":"https:\/\/ismaelcolosi.com.br\/index.php\/wp-json\/wp\/v2\/posts\/5276","targetHints":{"allow":["GET"]}}],"collection":[{"href":"https:\/\/ismaelcolosi.com.br\/index.php\/wp-json\/wp\/v2\/posts"}],"about":[{"href":"https:\/\/ismaelcolosi.com.br\/index.php\/wp-json\/wp\/v2\/types\/post"}],"author":[{"embeddable":true,"href":"https:\/\/ismaelcolosi.com.br\/index.php\/wp-json\/wp\/v2\/users\/1"}],"replies":[{"embeddable":true,"href":"https:\/\/ismaelcolosi.com.br\/index.php\/wp-json\/wp\/v2\/comments?post=5276"}],"version-history":[{"count":0,"href":"https:\/\/ismaelcolosi.com.br\/index.php\/wp-json\/wp\/v2\/posts\/5276\/revisions"}],"wp:featuredmedia":[{"embeddable":true,"href":"https:\/\/ismaelcolosi.com.br\/index.php\/wp-json\/wp\/v2\/media\/5277"}],"wp:attachment":[{"href":"https:\/\/ismaelcolosi.com.br\/index.php\/wp-json\/wp\/v2\/media?parent=5276"}],"wp:term":[{"taxonomy":"category","embeddable":true,"href":"https:\/\/ismaelcolosi.com.br\/index.php\/wp-json\/wp\/v2\/categories?post=5276"},{"taxonomy":"post_tag","embeddable":true,"href":"https:\/\/ismaelcolosi.com.br\/index.php\/wp-json\/wp\/v2\/tags?post=5276"}],"curies":[{"name":"wp","href":"https:\/\/api.w.org\/{rel}","templated":true}]}}