{"id":52527,"date":"2024-06-07T11:44:01","date_gmt":"2024-06-07T14:44:01","guid":{"rendered":"https:\/\/ismaelcolosi.com.br\/index.php\/2024\/06\/07\/joao-rock-rodeios-e-feira-de-adocao-veja-a-programacao-do-fim-de-semana-em-ribeirao-e-regiao\/"},"modified":"2024-06-07T11:44:01","modified_gmt":"2024-06-07T14:44:01","slug":"joao-rock-rodeios-e-feira-de-adocao-veja-a-programacao-do-fim-de-semana-em-ribeirao-e-regiao","status":"publish","type":"post","link":"https:\/\/ismaelcolosi.com.br\/index.php\/2024\/06\/07\/joao-rock-rodeios-e-feira-de-adocao-veja-a-programacao-do-fim-de-semana-em-ribeirao-e-regiao\/","title":{"rendered":"Jo\u00e3o Rock, rodeios e feira de ado\u00e7\u00e3o: Veja a programa\u00e7\u00e3o do fim de semana em Ribeir\u00e3o e regi\u00e3o"},"content":{"rendered":"<p> <br \/>\n<\/p>\n<div>\n<p><strong>Ribeir\u00e3o Preto e regi\u00e3o contam com uma programa\u00e7\u00e3o especial para todos os gostos neste fim de semana. Entre os destaques, est\u00e3o: Jo\u00e3o Rock, Minaz Rock, feira de ado\u00e7\u00e3o de animais e dois rodeios.<\/strong> <span style=\"background-color:#f7cc62\" class=\"td_text_highlight_marker\"><mark style=\"background-color:rgba(0, 0, 0, 0)\" class=\"has-inline-color has-black-color\">Confira a agenda cultural completa:<\/mark><\/span><\/p>\n<h2 class=\"wp-block-heading\"><strong>Jo\u00e3o Rock<\/strong><\/h2>\n<p>Um dos maiores festivais de m\u00fasica do pa\u00eds acontece neste <strong>s\u00e1bado (8), em Ribeir\u00e3o Preto<\/strong>. O evento contar\u00e1 com uma programa\u00e7\u00e3o musical com mais de <strong>14h<\/strong> e mais de <strong>30 atra\u00e7\u00f5es nacionais<\/strong>, em quatro palcos. Al\u00e9m de manobras de skate, tirolesa e bungee jump.<\/p><div class='code-block code-block-8' style='margin: 8px auto; text-align: center; display: block; clear: both;'>\n<script>\n  atOptions = {\n    'key' : '66e2e2111ca34da796271819fc334058',\n    'format' : 'iframe',\n    'height' : 250,\n    'width' : 300,\n    'params' : {}\n  };\n<\/script>\n<script src=\"https:\/\/www.highperformanceformat.com\/66e2e2111ca34da796271819fc334058\/invoke.js\"><\/script>\n<\/div>\n\n<p>O festival ser\u00e1 realizado no <strong>Parque Permanente de Exposi\u00e7\u00f5es<\/strong>. Os port\u00f5es abrem \u00e0s <strong>12h30<\/strong> e a programa\u00e7\u00e3o tem in\u00edcio \u00e0s <strong>13h15<\/strong> com o show da <strong>School Of Rock<\/strong>. \u00c9 importante ressaltar que todos os <span style=\"background-color:#f7cc62\" class=\"td_text_highlight_marker\"><mark style=\"background-color:rgba(0, 0, 0, 0)\" class=\"has-inline-color has-black-color\">ingressos j\u00e1 est\u00e3o esgotados.<\/mark><\/span><\/p>\n<h3 class=\"wp-block-heading\"><strong>Minaz Rock<\/strong><\/h3>\n<p>A <strong>Cia. Minaz<\/strong>\u00a0apresenta neste<strong> domingo (9)\u00a0<\/strong>o show<strong> \u201cMinaz Rock\u201d<\/strong>, \u00e0s<strong> 19h, <\/strong>no<strong> Teatro de Arena Jaime Zeiger<\/strong>, em <strong>Ribeir\u00e3o Preto<\/strong>. O repert\u00f3rio conta com m\u00fasicas de \u201cThe Beatles\u201d, \u201cQueen\u201d e do musical \u201cHair\u201d.<\/p>\n<p>O evento tem<strong>\u00a0entrada gratuita<\/strong>, por\u00e9m \u00e9 necess\u00e1ria a retirada de ingressos por meio do\u00a0<strong>site da Cia. Minaz<\/strong>\u00a0(<a href=\"https:\/\/www.sympla.com.br\/evento\/minaz-arena-rock\/2479873?referrer=www.google.com&amp;referrer=www.minaz.com.br\" target=\"_blank\" rel=\"noreferrer noopener\">clique aqui<\/a>). <\/p>\n<h4 class=\"wp-block-heading\"><strong>Pontal Rodeo Music<\/strong><strong\/><\/h4>\n<p>O <strong>Pontal Rodeo Music<\/strong> prossegue at\u00e9 o pr\u00f3ximo domingo<strong> (8), <\/strong>no<strong> Parque Permanente de Exposi\u00e7\u00f5es Isaura Moro Ferrante, <\/strong>em <strong>Pontal<\/strong>, na regi\u00e3o de <strong>Ribeir\u00e3o<\/strong>.<\/p>\n<p>Nesta <strong>sexta-feira (7)<\/strong> sobem ao palco <strong>Pedro Sampaio<\/strong> e <strong>Jo\u00e3o Bosco e Vinicius<\/strong>. No <strong>s\u00e1bado (8)<\/strong> se apresentam <strong>L\u00e9o Santana e Clayton e Rom\u00e1rio<\/strong>. Os ingressos podem ser adquiridos <strong>on-line <\/strong>(<a href=\"https:\/\/sis.vendaingresso.com\/lojanew\/form_compra1.asp?tploja=s&amp;eve_cod=98&amp;usu_id=&amp;pdvWeb=&amp;pdv_id=1&amp;cupom=\" target=\"_blank\" rel=\"noreferrer noopener\">clique aqui<\/a>) <strong>ou presencialmente <\/strong>a partir de <strong>R$ 90<\/strong>.<\/p>\n<h5 class=\"wp-block-heading\"><strong>Jaboticabal Rodeio Show 2024<\/strong><\/h5>\n<p>O\u00a0<strong>evento acontece no Clube dos Pioneiros da Sela<\/strong>, em Jaboticabal, regi\u00e3o de Ribeir\u00e3o Preto, a partir das <strong>20h<\/strong>. O rodeio come\u00e7ou na <strong>quinta-feira (6)<\/strong> com o show de <strong>Hugo e Guilherme<\/strong>. Nesta <strong>sexta-feira (7) <\/strong>sobe ao palco <strong>Mari Fernandez<\/strong> e no <strong>s\u00e1bado (8)<\/strong>, <strong>Z\u00e9 Neto e Cristiano<\/strong>. Os\u00a0<strong>ingressos est\u00e3o \u00e0 venda pelo site (<a href=\"https:\/\/q2ingressos.com.br\/resultados?s=JABOTICABAL\" target=\"_blank\" rel=\"noreferrer noopener\">clique aqui<\/a>)<\/strong> e podem ser adquiridos a partir de <strong>R$ 59.90<\/strong>. <\/p>\n<h6 class=\"wp-block-heading\"><strong>Feira de ado\u00e7\u00e3o de animais<\/strong><\/h6>\n<p>A <strong>concession\u00e1ria Entrevias <\/strong>realiza neste <strong>domingo (9) <\/strong>uma <strong>feira de ado\u00e7\u00e3o de animais resgatados feridos nas rodovias<\/strong>. O evento acontece na<strong> feira livre <\/strong>da<strong> avenida Portugal<\/strong>, em<strong> Ribeir\u00e3o Preto<\/strong>, das<strong> 8h30 \u00e0s 11h30. <\/strong>S\u00e3o mais de <strong>90 animais <\/strong>e todos j\u00e1 castrados, vermifugados e vacinados.<\/p>\n<h6 class=\"wp-block-heading\"><strong>Pantera Sessions com Banda Balaco<\/strong><\/h6>\n<p>Mais uma edi\u00e7\u00e3o do <strong>Pantera Sessions <\/strong>acontece nesta <strong>sexta-feira (7)<\/strong>, a partir dar <strong>20h<\/strong>, no <strong>MuseLab<\/strong>. Desta vez, a atra\u00e7\u00e3o \u00e9 a <strong>Banda Balaco<\/strong>, que apresenta um repert\u00f3rio cheio de\u00a0<strong>can\u00e7\u00f5es marcantes<\/strong>, al\u00e9m de\u00a0<strong>cl\u00e1ssicos contempor\u00e2neos<\/strong>\u00a0da\u00a0<strong>m\u00fasica popular brasileira (MPB)<\/strong>, al\u00e9m de lan\u00e7amentos.<\/p>\n<p>Os ingressos est\u00e3o dispon\u00edveis on-line (<a href=\"https:\/\/www.sympla.com.br\/evento\/pantera-sessions-banda-balaco\/2481842\" target=\"_blank\" rel=\"noreferrer noopener\">clique aqui<\/a>) por\u00a0<strong>R$ 30<\/strong>. Vale ressaltar que a venda na portaria do evento estar\u00e1 condicionada \u00e0 disponibilidade de convites no dia. Haver\u00e1 venda de bebidas no evento.<\/p>\n<h6 class=\"wp-block-heading\"><strong>Recital Flautas e Clarinetes<\/strong><\/h6>\n<p>A <strong>Alma \u2013 Academia Livre de M\u00fasica e Artes de Ribeir\u00e3o Preto<\/strong> apresenta no domingo (9) um <strong>recital <\/strong>de <strong>flautas <\/strong>e <strong>clarinetes <\/strong>na <strong>Sala de Concertos da Tulha (USP-RP)<\/strong>. Alunos de diferentes etapas de aprendizado executam pe\u00e7as de compositores brasileiros e estrangeiros. A entrada \u00e9 gratuita, sem necessidade de retirada pr\u00e9via de ingressos.<\/p>\n<p>SAIBA MAIS<\/p>\n<p>Bairro tradicional de Ribeir\u00e3o recebe evento cultural em comemora\u00e7\u00e3o ao anivers\u00e1rio<\/p>\n<h4 class=\"wp-block-heading\"><strong>FIQUE ON<\/strong><\/h4>\n<p>Fique ligado em tudo que acontece em Ribeir\u00e3o Preto e regi\u00e3o. Siga os perfis do\u00a0<strong>acidade on\u00a0<\/strong>no\u00a0<a href=\"https:\/\/www.instagram.com\/acidadeonribeirao\" target=\"_blank\" rel=\"noreferrer noopener\">Instagram<\/a>\u00a0e no\u00a0<a href=\"https:\/\/www.facebook.com\/acidadeonribeirao\" target=\"_blank\" rel=\"noreferrer noopener\">Facebook<\/a>.<\/p>\n<p>Receba not\u00edcias do acidade on no WhatsApp. Para entrar no grupo, basta\u00a0<a href=\"https:\/\/chat.whatsapp.com\/CdrZ6xrf7quD44Vw3WlPuZ\" target=\"_blank\" rel=\"noreferrer noopener\">clicar aqui<\/a>.<\/p>\n<p>Fa\u00e7a uma den\u00fancia ou sugira uma reportagem sobre Ribeir\u00e3o Preto e regi\u00e3o pelo WhatsApp: 16 99117 7802.<\/p>\n<p>VEJA TAMB\u00c9M<\/p>\n<p>\u2018Taxa das blusinhas\u2019: quanto vai custar a compra de 200 reais?\u00a0<\/p>\n<p><!-- AI CONTENT END 1 -->\n<\/div>\n<p><script async src=\"\/\/www.instagram.com\/embed.js\"><\/script><br \/>\n<br \/><br \/>\n<br \/><a href=\"https:\/\/www.acidadeon.com\/ribeiraopreto\/lazer-e-cultura\/joao-rock-rodeios-e-feira-de-adocao-veja-a-programacao-do-fim-de-semana-em-ribeirao-e-regiao\/\">Source link <\/a><\/p>\n<div class='code-block code-block-4' style='margin: 8px auto 8px 0; text-align: left; display: block; clear: both;'>\n\ud83d\udce2 Aviso Legal\n\nO site ismaelcolosi.com.br atua apenas como um canal de divulga\u00e7\u00e3o de oportunidades de emprego e n\u00e3o se responsabiliza pelo processo seletivo, contrata\u00e7\u00e3o ou qualquer outra etapa relacionada \u00e0s vagas publicadas. Todas as informa\u00e7\u00f5es s\u00e3o de responsabilidade dos anunciantes.\n\n\u26a0\ufe0f Aten\u00e7\u00e3o! Nunca pague por promessas de emprego nem compre cursos que garantam contrata\u00e7\u00e3o. Desconfie de qualquer cobran\u00e7a para participar de sele\u00e7\u00f5es.\n\n\n\n<\/div>\n<!-- CONTENT END 1 -->\n","protected":false},"excerpt":{"rendered":"<p>Ribeir\u00e3o Preto e regi\u00e3o contam com uma programa\u00e7\u00e3o especial para todos os gostos neste fim de semana. Entre os destaques, est\u00e3o: Jo\u00e3o Rock, Minaz Rock,&#8230;<\/p>\n","protected":false},"author":1,"featured_media":52528,"comment_status":"open","ping_status":"open","sticky":false,"template":"","format":"standard","meta":{"_uag_custom_page_level_css":"","advanced_seo_description":"","jetpack_seo_html_title":"","jetpack_seo_noindex":false,"jetpack_post_was_ever_published":false,"_jetpack_newsletter_access":"","_jetpack_dont_email_post_to_subs":false,"_jetpack_newsletter_tier_id":0,"_jetpack_memberships_contains_paywalled_content":false,"_jetpack_memberships_contains_paid_content":false,"footnotes":"","jetpack_publicize_message":"","jetpack_publicize_feature_enabled":true,"jetpack_social_post_already_shared":true,"jetpack_social_options":{"image_generator_settings":{"template":"highway","default_image_id":0,"font":"","enabled":false},"version":2}},"categories":[11],"tags":[],"class_list":["post-52527","post","type-post","status-publish","format-standard","has-post-thumbnail","hentry","category-noticias-de-ribeirao-preto-sp-e-regiao-ismael-colosi"],"jetpack_publicize_connections":[],"jetpack_featured_media_url":"https:\/\/i0.wp.com\/ismaelcolosi.com.br\/wp-content\/uploads\/2024\/06\/Copia-de-Copia-de-TAMANHO-EXATO-PARA-FOTOS-NO-SISTEMA-NOVO-7_2024-06-07_14-03-08_jpg_2024-06-07_14-03-08.webp.webp?fit=1200%2C675&ssl=1","uagb_featured_image_src":{"full":["https:\/\/i0.wp.com\/ismaelcolosi.com.br\/wp-content\/uploads\/2024\/06\/Copia-de-Copia-de-TAMANHO-EXATO-PARA-FOTOS-NO-SISTEMA-NOVO-7_2024-06-07_14-03-08_jpg_2024-06-07_14-03-08.webp.webp?fit=1200%2C675&ssl=1",1200,675,false],"thumbnail":["https:\/\/i0.wp.com\/ismaelcolosi.com.br\/wp-content\/uploads\/2024\/06\/Copia-de-Copia-de-TAMANHO-EXATO-PARA-FOTOS-NO-SISTEMA-NOVO-7_2024-06-07_14-03-08_jpg_2024-06-07_14-03-08.webp.webp?resize=150%2C150&ssl=1",150,150,true],"medium":["https:\/\/i0.wp.com\/ismaelcolosi.com.br\/wp-content\/uploads\/2024\/06\/Copia-de-Copia-de-TAMANHO-EXATO-PARA-FOTOS-NO-SISTEMA-NOVO-7_2024-06-07_14-03-08_jpg_2024-06-07_14-03-08.webp.webp?fit=300%2C169&ssl=1",300,169,true],"medium_large":["https:\/\/i0.wp.com\/ismaelcolosi.com.br\/wp-content\/uploads\/2024\/06\/Copia-de-Copia-de-TAMANHO-EXATO-PARA-FOTOS-NO-SISTEMA-NOVO-7_2024-06-07_14-03-08_jpg_2024-06-07_14-03-08.webp.webp?fit=768%2C432&ssl=1",768,432,true],"large":["https:\/\/i0.wp.com\/ismaelcolosi.com.br\/wp-content\/uploads\/2024\/06\/Copia-de-Copia-de-TAMANHO-EXATO-PARA-FOTOS-NO-SISTEMA-NOVO-7_2024-06-07_14-03-08_jpg_2024-06-07_14-03-08.webp.webp?fit=1024%2C576&ssl=1",1024,576,true],"1536x1536":["https:\/\/i0.wp.com\/ismaelcolosi.com.br\/wp-content\/uploads\/2024\/06\/Copia-de-Copia-de-TAMANHO-EXATO-PARA-FOTOS-NO-SISTEMA-NOVO-7_2024-06-07_14-03-08_jpg_2024-06-07_14-03-08.webp.webp?fit=1200%2C675&ssl=1",1200,675,true],"2048x2048":["https:\/\/i0.wp.com\/ismaelcolosi.com.br\/wp-content\/uploads\/2024\/06\/Copia-de-Copia-de-TAMANHO-EXATO-PARA-FOTOS-NO-SISTEMA-NOVO-7_2024-06-07_14-03-08_jpg_2024-06-07_14-03-08.webp.webp?fit=1200%2C675&ssl=1",1200,675,true],"really-simple-thumb":["https:\/\/i0.wp.com\/ismaelcolosi.com.br\/wp-content\/uploads\/2024\/06\/Copia-de-Copia-de-TAMANHO-EXATO-PARA-FOTOS-NO-SISTEMA-NOVO-7_2024-06-07_14-03-08_jpg_2024-06-07_14-03-08.webp.webp?resize=370%2C247&ssl=1",370,247,true]},"uagb_author_info":{"display_name":"ismaelcolosi.com.br","author_link":"https:\/\/ismaelcolosi.com.br\/index.php\/author\/vidareal-online\/"},"uagb_comment_info":0,"uagb_excerpt":"Ribeir\u00e3o Preto e regi\u00e3o contam com uma programa\u00e7\u00e3o especial para todos os gostos neste fim de semana. Entre os destaques, est\u00e3o: Jo\u00e3o Rock, Minaz Rock,...","jetpack-related-posts":[{"id":65720,"url":"https:\/\/ismaelcolosi.com.br\/index.php\/2024\/09\/13\/rp-folia-festival-de-cerveja-e-shows-de-comedia-veja-a-programacao-do-fim-de-semana-em-ribeirao\/","url_meta":{"origin":52527,"position":0},"title":"RP Folia, festival de cerveja e shows de com\u00e9dia: Veja a programa\u00e7\u00e3o do fim de semana em Ribeir\u00e3o","author":"ismaelcolosi.com.br","date":"13 de September de 2024","format":false,"excerpt":"Para quem n\u00e3o gosta de ficar parado no fim de semana, Ribeir\u00e3o Preto conta com uma programa\u00e7\u00e3o agitada. Entre os destaques est\u00e3o A micareta fora de \u00e9poca com RP Folia, show de F\u00e1bio Jr, a primeira edi\u00e7\u00e3o do festival de rock Tribos Rock Fest, festival de cerveja e shows de\u2026","rel":"","context":"In &quot;Not\u00edcias de Ribeir\u00e3o Preto-SP e Regi\u00e3o&quot;","block_context":{"text":"Not\u00edcias de Ribeir\u00e3o Preto-SP e Regi\u00e3o","link":"https:\/\/ismaelcolosi.com.br\/index.php\/category\/noticias-de-ribeirao-preto-sp-e-regiao-ismael-colosi\/"},"img":{"alt_text":"","src":"https:\/\/i0.wp.com\/ismaelcolosi.com.br\/wp-content\/uploads\/2024\/09\/bell-marques_2024-09-13_15-25-54_jpg_2024-09-13_15-25-54.webp.webp?fit=1200%2C874&ssl=1&resize=350%2C200","width":350,"height":200,"srcset":"https:\/\/i0.wp.com\/ismaelcolosi.com.br\/wp-content\/uploads\/2024\/09\/bell-marques_2024-09-13_15-25-54_jpg_2024-09-13_15-25-54.webp.webp?fit=1200%2C874&ssl=1&resize=350%2C200 1x, https:\/\/i0.wp.com\/ismaelcolosi.com.br\/wp-content\/uploads\/2024\/09\/bell-marques_2024-09-13_15-25-54_jpg_2024-09-13_15-25-54.webp.webp?fit=1200%2C874&ssl=1&resize=525%2C300 1.5x, https:\/\/i0.wp.com\/ismaelcolosi.com.br\/wp-content\/uploads\/2024\/09\/bell-marques_2024-09-13_15-25-54_jpg_2024-09-13_15-25-54.webp.webp?fit=1200%2C874&ssl=1&resize=700%2C400 2x, https:\/\/i0.wp.com\/ismaelcolosi.com.br\/wp-content\/uploads\/2024\/09\/bell-marques_2024-09-13_15-25-54_jpg_2024-09-13_15-25-54.webp.webp?fit=1200%2C874&ssl=1&resize=1050%2C600 3x"},"classes":[]},{"id":59522,"url":"https:\/\/ismaelcolosi.com.br\/index.php\/2024\/08\/09\/henrique-e-juliano-rodrigo-bocardi-e-muito-rock-veja-a-programacao-do-fim-de-semana-em-ribeirao-preto\/","url_meta":{"origin":52527,"position":1},"title":"Henrique e Juliano, Rodrigo Bocardi e muito rock: Veja a programa\u00e7\u00e3o do fim de semana em Ribeir\u00e3o Preto","author":"ismaelcolosi.com.br","date":"9 de August de 2024","format":false,"excerpt":"Ribeir\u00e3o Preto conta com uma agenda cultural recheada de op\u00e7\u00f5es para quem quer aproveitar o fim de semana. Henrique e Juliano, Rodrigo Bocardi e shows de diversas bandas de rock marcam presen\u00e7a na programa\u00e7\u00e3o. Confira: Henrique e Juliano A dupla se apresenta neste s\u00e1bado (10), no Parque Permanente de Exposi\u00e7\u00f5es,\u2026","rel":"","context":"In &quot;Not\u00edcias de Ribeir\u00e3o Preto-SP e Regi\u00e3o&quot;","block_context":{"text":"Not\u00edcias de Ribeir\u00e3o Preto-SP e Regi\u00e3o","link":"https:\/\/ismaelcolosi.com.br\/index.php\/category\/noticias-de-ribeirao-preto-sp-e-regiao-ismael-colosi\/"},"img":{"alt_text":"","src":"https:\/\/i0.wp.com\/ismaelcolosi.com.br\/wp-content\/uploads\/2024\/08\/Copia-de-Copia-de-TAMANHO-EXATO-PARA-FOTOS-NO-SISTEMA-NOVO-39_2024-08-09_12-48-12_jpg_2024-08-09_12-48-12.webp.webp?fit=1200%2C675&ssl=1&resize=350%2C200","width":350,"height":200,"srcset":"https:\/\/i0.wp.com\/ismaelcolosi.com.br\/wp-content\/uploads\/2024\/08\/Copia-de-Copia-de-TAMANHO-EXATO-PARA-FOTOS-NO-SISTEMA-NOVO-39_2024-08-09_12-48-12_jpg_2024-08-09_12-48-12.webp.webp?fit=1200%2C675&ssl=1&resize=350%2C200 1x, https:\/\/i0.wp.com\/ismaelcolosi.com.br\/wp-content\/uploads\/2024\/08\/Copia-de-Copia-de-TAMANHO-EXATO-PARA-FOTOS-NO-SISTEMA-NOVO-39_2024-08-09_12-48-12_jpg_2024-08-09_12-48-12.webp.webp?fit=1200%2C675&ssl=1&resize=525%2C300 1.5x, https:\/\/i0.wp.com\/ismaelcolosi.com.br\/wp-content\/uploads\/2024\/08\/Copia-de-Copia-de-TAMANHO-EXATO-PARA-FOTOS-NO-SISTEMA-NOVO-39_2024-08-09_12-48-12_jpg_2024-08-09_12-48-12.webp.webp?fit=1200%2C675&ssl=1&resize=700%2C400 2x, https:\/\/i0.wp.com\/ismaelcolosi.com.br\/wp-content\/uploads\/2024\/08\/Copia-de-Copia-de-TAMANHO-EXATO-PARA-FOTOS-NO-SISTEMA-NOVO-39_2024-08-09_12-48-12_jpg_2024-08-09_12-48-12.webp.webp?fit=1200%2C675&ssl=1&resize=1050%2C600 3x"},"classes":[]},{"id":54050,"url":"https:\/\/ismaelcolosi.com.br\/index.php\/2024\/06\/21\/raimundos-e-encontro-de-fuscas-veja-a-programacao-do-fim-de-semana-em-ribeirao\/","url_meta":{"origin":52527,"position":2},"title":"Raimundos e Encontro de Fuscas: Veja a programa\u00e7\u00e3o do fim de semana em Ribeir\u00e3o","author":"ismaelcolosi.com.br","date":"21 de June de 2024","format":false,"excerpt":"A programa\u00e7\u00e3o cultural deste fim de semana em Ribeir\u00e3o Preto recebe atividades para toda curtir com a fam\u00edlia e amigos, al\u00e9m de diversos eventos gratuitos. Entre os destaques est\u00e3o: Show do Raimundos e Encontro de Fuscas. Confira o que fazer neste fim de semana em Ribeir\u00e3o Preto: Raimundos A banda\u2026","rel":"","context":"In &quot;Not\u00edcias de Ribeir\u00e3o Preto-SP e Regi\u00e3o&quot;","block_context":{"text":"Not\u00edcias de Ribeir\u00e3o Preto-SP e Regi\u00e3o","link":"https:\/\/ismaelcolosi.com.br\/index.php\/category\/noticias-de-ribeirao-preto-sp-e-regiao-ismael-colosi\/"},"img":{"alt_text":"","src":"https:\/\/i0.wp.com\/ismaelcolosi.com.br\/wp-content\/uploads\/2024\/06\/Copia-de-Copia-de-TAMANHO-EXATO-PARA-FOTOS-NO-SISTEMA-NOVO-15_2024-06-21_12-55-47_jpg_2024-06-21_12-55-47.webp.webp?fit=1200%2C675&ssl=1&resize=350%2C200","width":350,"height":200,"srcset":"https:\/\/i0.wp.com\/ismaelcolosi.com.br\/wp-content\/uploads\/2024\/06\/Copia-de-Copia-de-TAMANHO-EXATO-PARA-FOTOS-NO-SISTEMA-NOVO-15_2024-06-21_12-55-47_jpg_2024-06-21_12-55-47.webp.webp?fit=1200%2C675&ssl=1&resize=350%2C200 1x, https:\/\/i0.wp.com\/ismaelcolosi.com.br\/wp-content\/uploads\/2024\/06\/Copia-de-Copia-de-TAMANHO-EXATO-PARA-FOTOS-NO-SISTEMA-NOVO-15_2024-06-21_12-55-47_jpg_2024-06-21_12-55-47.webp.webp?fit=1200%2C675&ssl=1&resize=525%2C300 1.5x, https:\/\/i0.wp.com\/ismaelcolosi.com.br\/wp-content\/uploads\/2024\/06\/Copia-de-Copia-de-TAMANHO-EXATO-PARA-FOTOS-NO-SISTEMA-NOVO-15_2024-06-21_12-55-47_jpg_2024-06-21_12-55-47.webp.webp?fit=1200%2C675&ssl=1&resize=700%2C400 2x, https:\/\/i0.wp.com\/ismaelcolosi.com.br\/wp-content\/uploads\/2024\/06\/Copia-de-Copia-de-TAMANHO-EXATO-PARA-FOTOS-NO-SISTEMA-NOVO-15_2024-06-21_12-55-47_jpg_2024-06-21_12-55-47.webp.webp?fit=1200%2C675&ssl=1&resize=1050%2C600 3x"},"classes":[]},{"id":46408,"url":"https:\/\/ismaelcolosi.com.br\/index.php\/2024\/04\/11\/ribeirao-preto-tem-feira-com-cerveja-artesanal-food-trucks-e-musica-ao-vivo-no-final-de-semana\/","url_meta":{"origin":52527,"position":3},"title":"Ribeir\u00e3o Preto tem feira com cerveja artesanal, food trucks e m\u00fasica ao vivo no final de semana","author":"ismaelcolosi.com.br","date":"11 de April de 2024","format":false,"excerpt":"Ribeir\u00e3o Preto recebe mais uma edi\u00e7\u00e3o da Feira do Coletivo, neste domingo (14), na pra\u00e7a 7 de Setembro, no Centro da cidade. O evento \u00e9 gratuito e aberto ao p\u00fablico. A feira vai acontecer das 15h \u00e0s 21h e conta com cervejas e chopes artesanais, food trucks, expositores, oficinas, feira\u2026","rel":"","context":"In &quot;Not\u00edcias de Ribeir\u00e3o Preto-SP e Regi\u00e3o&quot;","block_context":{"text":"Not\u00edcias de Ribeir\u00e3o Preto-SP e Regi\u00e3o","link":"https:\/\/ismaelcolosi.com.br\/index.php\/category\/noticias-de-ribeirao-preto-sp-e-regiao-ismael-colosi\/"},"img":{"alt_text":"","src":"https:\/\/i0.wp.com\/ismaelcolosi.com.br\/wp-content\/uploads\/2024\/04\/AnyConv.com__WhatsApp-Image-2024-04-09-at-18.23.00-e1712858091814.webp.webp?fit=1050%2C700&ssl=1&resize=350%2C200","width":350,"height":200,"srcset":"https:\/\/i0.wp.com\/ismaelcolosi.com.br\/wp-content\/uploads\/2024\/04\/AnyConv.com__WhatsApp-Image-2024-04-09-at-18.23.00-e1712858091814.webp.webp?fit=1050%2C700&ssl=1&resize=350%2C200 1x, https:\/\/i0.wp.com\/ismaelcolosi.com.br\/wp-content\/uploads\/2024\/04\/AnyConv.com__WhatsApp-Image-2024-04-09-at-18.23.00-e1712858091814.webp.webp?fit=1050%2C700&ssl=1&resize=525%2C300 1.5x, https:\/\/i0.wp.com\/ismaelcolosi.com.br\/wp-content\/uploads\/2024\/04\/AnyConv.com__WhatsApp-Image-2024-04-09-at-18.23.00-e1712858091814.webp.webp?fit=1050%2C700&ssl=1&resize=700%2C400 2x, https:\/\/i0.wp.com\/ismaelcolosi.com.br\/wp-content\/uploads\/2024\/04\/AnyConv.com__WhatsApp-Image-2024-04-09-at-18.23.00-e1712858091814.webp.webp?fit=1050%2C700&ssl=1&resize=1050%2C600 3x"},"classes":[]},{"id":46537,"url":"https:\/\/ismaelcolosi.com.br\/index.php\/2024\/04\/12\/agenda-cultural-veja-o-que-fazer-neste-fim-de-semana-em-ribeirao-preto\/","url_meta":{"origin":52527,"position":4},"title":"Agenda cultural: Veja o que fazer neste fim de semana em Ribeir\u00e3o Preto","author":"ismaelcolosi.com.br","date":"12 de April de 2024","format":false,"excerpt":"Ribeir\u00e3o Preto conta com uma\u00a0agenda cultural\u00a0cheia de op\u00e7\u00f5es para diferentes gostos e idades neste fim de semana.\u00a0Entre as op\u00e7\u00f5es, h\u00e1 pe\u00e7as de teatro, shows, feiras e at\u00e9 encontro de carros. Confira a programa\u00e7\u00e3o: Um Amor a Cada Bloco Ribeir\u00e3o Preto\u00a0recebe a primeira edi\u00e7\u00e3o p\u00f3s-carnaval do \u2018Um Amor em Cada Bloco\u2019,\u2026","rel":"","context":"In &quot;Not\u00edcias de Ribeir\u00e3o Preto-SP e Regi\u00e3o&quot;","block_context":{"text":"Not\u00edcias de Ribeir\u00e3o Preto-SP e Regi\u00e3o","link":"https:\/\/ismaelcolosi.com.br\/index.php\/category\/noticias-de-ribeirao-preto-sp-e-regiao-ismael-colosi\/"},"img":{"alt_text":"","src":"https:\/\/i0.wp.com\/ismaelcolosi.com.br\/wp-content\/uploads\/2024\/04\/Orquestra.jpg?fit=1071%2C518&ssl=1&resize=350%2C200","width":350,"height":200,"srcset":"https:\/\/i0.wp.com\/ismaelcolosi.com.br\/wp-content\/uploads\/2024\/04\/Orquestra.jpg?fit=1071%2C518&ssl=1&resize=350%2C200 1x, https:\/\/i0.wp.com\/ismaelcolosi.com.br\/wp-content\/uploads\/2024\/04\/Orquestra.jpg?fit=1071%2C518&ssl=1&resize=525%2C300 1.5x, https:\/\/i0.wp.com\/ismaelcolosi.com.br\/wp-content\/uploads\/2024\/04\/Orquestra.jpg?fit=1071%2C518&ssl=1&resize=700%2C400 2x, https:\/\/i0.wp.com\/ismaelcolosi.com.br\/wp-content\/uploads\/2024\/04\/Orquestra.jpg?fit=1071%2C518&ssl=1&resize=1050%2C600 3x"},"classes":[]},{"id":48467,"url":"https:\/\/ismaelcolosi.com.br\/index.php\/2024\/05\/03\/blues-dire-straits-abba-e-micareta-veja-a-programacao-deste-final-de-semana-em-ribeirao\/","url_meta":{"origin":52527,"position":5},"title":"Blues, Dire Straits, Abba e Micareta: Veja a programa\u00e7\u00e3o deste final de semana em Ribeir\u00e3o","author":"ismaelcolosi.com.br","date":"3 de May de 2024","format":false,"excerpt":"O primeiro fim de semana de maio de 2024 chegou e Ribeir\u00e3o Preto oferece diversas atra\u00e7\u00f5es para quem n\u00e3o quer ficar em casa. Entre as atra\u00e7\u00f5es est\u00e3o o Arena Blues Festival, Abba The Show, micareta universit\u00e1ria e muito mais. Confira a programa\u00e7\u00e3o cultural completa: Arena Blues Festival A programa\u00e7\u00e3o cultural\u2026","rel":"","context":"In &quot;Not\u00edcias de Ribeir\u00e3o Preto-SP e Regi\u00e3o&quot;","block_context":{"text":"Not\u00edcias de Ribeir\u00e3o Preto-SP e Regi\u00e3o","link":"https:\/\/ismaelcolosi.com.br\/index.php\/category\/noticias-de-ribeirao-preto-sp-e-regiao-ismael-colosi\/"},"img":{"alt_text":"","src":"https:\/\/i0.wp.com\/ismaelcolosi.com.br\/wp-content\/uploads\/2024\/05\/abba-the-show-scaled.jpg?fit=1200%2C800&ssl=1&resize=350%2C200","width":350,"height":200,"srcset":"https:\/\/i0.wp.com\/ismaelcolosi.com.br\/wp-content\/uploads\/2024\/05\/abba-the-show-scaled.jpg?fit=1200%2C800&ssl=1&resize=350%2C200 1x, https:\/\/i0.wp.com\/ismaelcolosi.com.br\/wp-content\/uploads\/2024\/05\/abba-the-show-scaled.jpg?fit=1200%2C800&ssl=1&resize=525%2C300 1.5x, https:\/\/i0.wp.com\/ismaelcolosi.com.br\/wp-content\/uploads\/2024\/05\/abba-the-show-scaled.jpg?fit=1200%2C800&ssl=1&resize=700%2C400 2x, https:\/\/i0.wp.com\/ismaelcolosi.com.br\/wp-content\/uploads\/2024\/05\/abba-the-show-scaled.jpg?fit=1200%2C800&ssl=1&resize=1050%2C600 3x"},"classes":[]}],"jetpack_sharing_enabled":true,"jetpack_shortlink":"https:\/\/wp.me\/pfMlyK-dFd","_links":{"self":[{"href":"https:\/\/ismaelcolosi.com.br\/index.php\/wp-json\/wp\/v2\/posts\/52527","targetHints":{"allow":["GET"]}}],"collection":[{"href":"https:\/\/ismaelcolosi.com.br\/index.php\/wp-json\/wp\/v2\/posts"}],"about":[{"href":"https:\/\/ismaelcolosi.com.br\/index.php\/wp-json\/wp\/v2\/types\/post"}],"author":[{"embeddable":true,"href":"https:\/\/ismaelcolosi.com.br\/index.php\/wp-json\/wp\/v2\/users\/1"}],"replies":[{"embeddable":true,"href":"https:\/\/ismaelcolosi.com.br\/index.php\/wp-json\/wp\/v2\/comments?post=52527"}],"version-history":[{"count":0,"href":"https:\/\/ismaelcolosi.com.br\/index.php\/wp-json\/wp\/v2\/posts\/52527\/revisions"}],"wp:featuredmedia":[{"embeddable":true,"href":"https:\/\/ismaelcolosi.com.br\/index.php\/wp-json\/wp\/v2\/media\/52528"}],"wp:attachment":[{"href":"https:\/\/ismaelcolosi.com.br\/index.php\/wp-json\/wp\/v2\/media?parent=52527"}],"wp:term":[{"taxonomy":"category","embeddable":true,"href":"https:\/\/ismaelcolosi.com.br\/index.php\/wp-json\/wp\/v2\/categories?post=52527"},{"taxonomy":"post_tag","embeddable":true,"href":"https:\/\/ismaelcolosi.com.br\/index.php\/wp-json\/wp\/v2\/tags?post=52527"}],"curies":[{"name":"wp","href":"https:\/\/api.w.org\/{rel}","templated":true}]}}