{"id":52501,"date":"2024-06-07T09:33:07","date_gmt":"2024-06-07T12:33:07","guid":{"rendered":"https:\/\/ismaelcolosi.com.br\/index.php\/2024\/06\/07\/idoso-morre-atropelado-por-carro-ao-tentar-atravessar-avenida-em-ribeirao-preto\/"},"modified":"2024-06-07T09:33:07","modified_gmt":"2024-06-07T12:33:07","slug":"idoso-morre-atropelado-por-carro-ao-tentar-atravessar-avenida-em-ribeirao-preto","status":"publish","type":"post","link":"https:\/\/ismaelcolosi.com.br\/index.php\/2024\/06\/07\/idoso-morre-atropelado-por-carro-ao-tentar-atravessar-avenida-em-ribeirao-preto\/","title":{"rendered":"Idoso morre atropelado por carro ao tentar atravessar avenida em Ribeir\u00e3o Preto"},"content":{"rendered":"<p> <br \/>\n<\/p>\n<div data-td-block-uid=\"tdi_106\">\n<div class=\"tdb-block-inner td-fix-index\">\n<p><strong>Um homem de 62 anos morre na noite desta quinta-feira (6), ap\u00f3s ser atropelado por um carro na avenida Lu\u00eds Galv\u00e3o C\u00e9sar, zona Norte de Ribeir\u00e3o Preto.<\/strong><\/p>\n<p>Segundo o <strong>boletim de ocorr\u00eancia (BO)<\/strong>, a <strong>v\u00edtima<\/strong>, identificada como <strong>Jo\u00e3o Salvador de Carvalho<\/strong>, <strong>morreu <\/strong>ainda no local, na altura da liga\u00e7\u00e3o da <strong>avenida <\/strong>com a <strong>rua Rosalia Rodrigues Benzoni<\/strong>.<\/p><div class='code-block code-block-8' style='margin: 8px auto; text-align: center; display: block; clear: both;'>\n<script>\n  atOptions = {\n    'key' : '66e2e2111ca34da796271819fc334058',\n    'format' : 'iframe',\n    'height' : 250,\n    'width' : 300,\n    'params' : {}\n  };\n<\/script>\n<script src=\"https:\/\/www.highperformanceformat.com\/66e2e2111ca34da796271819fc334058\/invoke.js\"><\/script>\n<\/div>\n\n<p>O <strong>motorista<\/strong>, que tem <strong>44 anos<\/strong>, disse \u00e0 <strong>PM (Pol\u00edcia Militar) <\/strong>que conduzia o <strong>carro \u00a0<\/strong>\u2013 um <strong>Nissan LEAF com placas do Rio de Janeiro (RJ) <\/strong>\u2013 e <mark style=\"background-color:#fcb900\" class=\"has-inline-color has-black-color\">n\u00e3o notou que a v\u00edtima atravessava a avenida, e que somente sentiu o impacto.<\/mark><\/p>\n<p>A <strong>Pol\u00edcia Cient\u00edfica<\/strong> fez a <strong>per\u00edcia <\/strong>e as <strong>causas <\/strong>ainda dever\u00e3o ser <strong>apuradas <\/strong>pela <strong>Pol\u00edcia Civil<\/strong>.<\/p>\n<p>O <strong>BO <\/strong>foi registrado na <strong>CPJ (Central de Pol\u00edcia Judici\u00e1ria) Permanente<\/strong> como <strong>homic\u00eddio culposo (sem inten\u00e7\u00e3o) na dire\u00e7\u00e3o de ve\u00edculo automotor<\/strong>.<\/p>\n<p>SAIBA MAIS<\/p>\n<p>Friozinho e calor continuam? Veja a previs\u00e3o durante o fim de semana no interior de SP<\/p>\n<h4 class=\"wp-block-heading\"><strong>FIQUE ON<\/strong><\/h4>\n<p>Fique ligado em tudo que acontece em Ribeir\u00e3o Preto e regi\u00e3o. Siga os perfis do\u00a0<strong>acidade on\u00a0<\/strong>no\u00a0<a href=\"https:\/\/www.instagram.com\/acidadeonribeirao\" target=\"_blank\" rel=\"noreferrer noopener\">Instagram<\/a>\u00a0e no\u00a0<a href=\"https:\/\/www.facebook.com\/acidadeonribeirao\" target=\"_blank\" rel=\"noreferrer noopener\">Facebook<\/a>.<\/p>\n<p>Receba not\u00edcias do acidade on no WhatsApp. Para entrar no grupo, basta\u00a0<a href=\"https:\/\/chat.whatsapp.com\/CdrZ6xrf7quD44Vw3WlPuZ\" target=\"_blank\" rel=\"noreferrer noopener\">clicar aqui<\/a>.<\/p>\n<p>Fa\u00e7a uma den\u00fancia ou sugira uma reportagem sobre Ribeir\u00e3o Preto e regi\u00e3o pelo WhatsApp: 16 99117 7802.<\/p>\n<p>VEJA TAMB\u00c9M<\/p>\n<p>\u2018Taxa das blusinhas\u2019: quanto vai custar a compra de 200 reais?\u00a0<\/p>\n<p><!-- AI CONTENT END 1 -->\n<\/div>\n<\/div>\n<p><script async src=\"\/\/www.instagram.com\/embed.js\"><\/script><br \/>\n<br \/><br \/>\n<br \/><a href=\"https:\/\/www.acidadeon.com\/ribeiraopreto\/cotidiano\/idoso-morre-atropelado-por-carro-ao-tentar-atravessar-avenida-em-ribeirao-preto\/\">Source link <\/a><\/p>\n<div class='code-block code-block-4' style='margin: 8px auto 8px 0; text-align: left; display: block; clear: both;'>\n\ud83d\udce2 Aviso Legal\n\nO site ismaelcolosi.com.br atua apenas como um canal de divulga\u00e7\u00e3o de oportunidades de emprego e n\u00e3o se responsabiliza pelo processo seletivo, contrata\u00e7\u00e3o ou qualquer outra etapa relacionada \u00e0s vagas publicadas. Todas as informa\u00e7\u00f5es s\u00e3o de responsabilidade dos anunciantes.\n\n\u26a0\ufe0f Aten\u00e7\u00e3o! Nunca pague por promessas de emprego nem compre cursos que garantam contrata\u00e7\u00e3o. Desconfie de qualquer cobran\u00e7a para participar de sele\u00e7\u00f5es.\n\n\n\n<\/div>\n<!-- CONTENT END 1 -->\n","protected":false},"excerpt":{"rendered":"<p>Um homem de 62 anos morre na noite desta quinta-feira (6), ap\u00f3s ser atropelado por um carro na avenida Lu\u00eds Galv\u00e3o C\u00e9sar, zona Norte de&#8230;<\/p>\n","protected":false},"author":1,"featured_media":52502,"comment_status":"open","ping_status":"open","sticky":false,"template":"","format":"standard","meta":{"_uag_custom_page_level_css":"","advanced_seo_description":"","jetpack_seo_html_title":"","jetpack_seo_noindex":false,"jetpack_post_was_ever_published":false,"_jetpack_newsletter_access":"","_jetpack_dont_email_post_to_subs":false,"_jetpack_newsletter_tier_id":0,"_jetpack_memberships_contains_paywalled_content":false,"_jetpack_memberships_contains_paid_content":false,"footnotes":"","jetpack_publicize_message":"","jetpack_publicize_feature_enabled":true,"jetpack_social_post_already_shared":true,"jetpack_social_options":{"image_generator_settings":{"template":"highway","default_image_id":0,"font":"","enabled":false},"version":2}},"categories":[11],"tags":[],"class_list":["post-52501","post","type-post","status-publish","format-standard","has-post-thumbnail","hentry","category-noticias-de-ribeirao-preto-sp-e-regiao-ismael-colosi"],"jetpack_publicize_connections":[],"jetpack_featured_media_url":"https:\/\/i0.wp.com\/ismaelcolosi.com.br\/wp-content\/uploads\/2024\/06\/policia_qru_1024x576_05012021161940.jpg?fit=1024%2C576&ssl=1","uagb_featured_image_src":{"full":["https:\/\/i0.wp.com\/ismaelcolosi.com.br\/wp-content\/uploads\/2024\/06\/policia_qru_1024x576_05012021161940.jpg?fit=1024%2C576&ssl=1",1024,576,false],"thumbnail":["https:\/\/i0.wp.com\/ismaelcolosi.com.br\/wp-content\/uploads\/2024\/06\/policia_qru_1024x576_05012021161940.jpg?resize=150%2C150&ssl=1",150,150,true],"medium":["https:\/\/i0.wp.com\/ismaelcolosi.com.br\/wp-content\/uploads\/2024\/06\/policia_qru_1024x576_05012021161940.jpg?fit=300%2C169&ssl=1",300,169,true],"medium_large":["https:\/\/i0.wp.com\/ismaelcolosi.com.br\/wp-content\/uploads\/2024\/06\/policia_qru_1024x576_05012021161940.jpg?fit=768%2C432&ssl=1",768,432,true],"large":["https:\/\/i0.wp.com\/ismaelcolosi.com.br\/wp-content\/uploads\/2024\/06\/policia_qru_1024x576_05012021161940.jpg?fit=1024%2C576&ssl=1",1024,576,true],"1536x1536":["https:\/\/i0.wp.com\/ismaelcolosi.com.br\/wp-content\/uploads\/2024\/06\/policia_qru_1024x576_05012021161940.jpg?fit=1024%2C576&ssl=1",1024,576,true],"2048x2048":["https:\/\/i0.wp.com\/ismaelcolosi.com.br\/wp-content\/uploads\/2024\/06\/policia_qru_1024x576_05012021161940.jpg?fit=1024%2C576&ssl=1",1024,576,true],"really-simple-thumb":["https:\/\/i0.wp.com\/ismaelcolosi.com.br\/wp-content\/uploads\/2024\/06\/policia_qru_1024x576_05012021161940.jpg?resize=370%2C247&ssl=1",370,247,true]},"uagb_author_info":{"display_name":"ismaelcolosi.com.br","author_link":"https:\/\/ismaelcolosi.com.br\/index.php\/author\/vidareal-online\/"},"uagb_comment_info":0,"uagb_excerpt":"Um homem de 62 anos morre na noite desta quinta-feira (6), ap\u00f3s ser atropelado por um carro na avenida Lu\u00eds Galv\u00e3o C\u00e9sar, zona Norte de...","jetpack-related-posts":[{"id":52702,"url":"https:\/\/ismaelcolosi.com.br\/index.php\/2024\/06\/10\/homem-de-46-anos-morre-apos-ser-atropelado-por-carro-em-ribeirao-preto\/","url_meta":{"origin":52501,"position":0},"title":"Homem de 46 anos morre ap\u00f3s ser atropelado por carro em Ribeir\u00e3o Preto","author":"ismaelcolosi.com.br","date":"10 de June de 2024","format":false,"excerpt":"Um homem de 46 anos morreu na noite do \u00faltimo s\u00e1bado (8), depois de ser atropelado por um carro no acesso da rodovia C\u00e2ndido Portinari \u00e0 avenida Marechal Costa e Silva (SPA-318\/330), em Ribeir\u00e3o Preto. Segundo o boletim de ocorr\u00eancia (BO), a v\u00edtima, identificada como Ricardo Ananias Dechechi, tentava atravessar\u2026","rel":"","context":"In &quot;Not\u00edcias de Ribeir\u00e3o Preto-SP e Regi\u00e3o&quot;","block_context":{"text":"Not\u00edcias de Ribeir\u00e3o Preto-SP e Regi\u00e3o","link":"https:\/\/ismaelcolosi.com.br\/index.php\/category\/noticias-de-ribeirao-preto-sp-e-regiao-ismael-colosi\/"},"img":{"alt_text":"","src":"https:\/\/i0.wp.com\/ismaelcolosi.com.br\/wp-content\/uploads\/2024\/06\/pm_qru_1024x576_25052021184558.jpg?fit=1024%2C576&ssl=1&resize=350%2C200","width":350,"height":200,"srcset":"https:\/\/i0.wp.com\/ismaelcolosi.com.br\/wp-content\/uploads\/2024\/06\/pm_qru_1024x576_25052021184558.jpg?fit=1024%2C576&ssl=1&resize=350%2C200 1x, https:\/\/i0.wp.com\/ismaelcolosi.com.br\/wp-content\/uploads\/2024\/06\/pm_qru_1024x576_25052021184558.jpg?fit=1024%2C576&ssl=1&resize=525%2C300 1.5x, https:\/\/i0.wp.com\/ismaelcolosi.com.br\/wp-content\/uploads\/2024\/06\/pm_qru_1024x576_25052021184558.jpg?fit=1024%2C576&ssl=1&resize=700%2C400 2x"},"classes":[]},{"id":69811,"url":"https:\/\/ismaelcolosi.com.br\/index.php\/2024\/10\/08\/idoso-morre-apos-ser-atropelado-em-avenida-na-regiao-de-ribeirao-preto\/","url_meta":{"origin":52501,"position":1},"title":"Idoso morre ap\u00f3s ser atropelado em avenida na regi\u00e3o de Ribeir\u00e3o Preto","author":"ismaelcolosi.com.br","date":"8 de October de 2024","format":false,"excerpt":"Um homem de 77 anos morreu depois de ser atropelado por um carro na noite desta segunda-feira (7), em uma avenida de Franca, cidade a aproximadamente 80 quil\u00f4metros de Ribeir\u00e3o Preto. Segundo o boletim de ocorr\u00eancia (BO), a v\u00edtima, identificada como Antonio Norberto Faleiros, foi atingida por um Honda Civic\u2026","rel":"","context":"In &quot;Not\u00edcias de Ribeir\u00e3o Preto-SP e Regi\u00e3o&quot;","block_context":{"text":"Not\u00edcias de Ribeir\u00e3o Preto-SP e Regi\u00e3o","link":"https:\/\/ismaelcolosi.com.br\/index.php\/category\/noticias-de-ribeirao-preto-sp-e-regiao-ismael-colosi\/"},"img":{"alt_text":"","src":"https:\/\/i0.wp.com\/ismaelcolosi.com.br\/wp-content\/uploads\/2024\/10\/SAMU_2024-10-08_12-27-29_jpg_2024-10-08_12-27-29.webp.webp?fit=1200%2C816&ssl=1&resize=350%2C200","width":350,"height":200,"srcset":"https:\/\/i0.wp.com\/ismaelcolosi.com.br\/wp-content\/uploads\/2024\/10\/SAMU_2024-10-08_12-27-29_jpg_2024-10-08_12-27-29.webp.webp?fit=1200%2C816&ssl=1&resize=350%2C200 1x, https:\/\/i0.wp.com\/ismaelcolosi.com.br\/wp-content\/uploads\/2024\/10\/SAMU_2024-10-08_12-27-29_jpg_2024-10-08_12-27-29.webp.webp?fit=1200%2C816&ssl=1&resize=525%2C300 1.5x, https:\/\/i0.wp.com\/ismaelcolosi.com.br\/wp-content\/uploads\/2024\/10\/SAMU_2024-10-08_12-27-29_jpg_2024-10-08_12-27-29.webp.webp?fit=1200%2C816&ssl=1&resize=700%2C400 2x, https:\/\/i0.wp.com\/ismaelcolosi.com.br\/wp-content\/uploads\/2024\/10\/SAMU_2024-10-08_12-27-29_jpg_2024-10-08_12-27-29.webp.webp?fit=1200%2C816&ssl=1&resize=1050%2C600 3x"},"classes":[]},{"id":53302,"url":"https:\/\/ismaelcolosi.com.br\/index.php\/2024\/06\/15\/morre-ciclista-atropelado-por-carro-na-francisco-junqueira-em-ribeirao-preto\/","url_meta":{"origin":52501,"position":2},"title":"Morre ciclista atropelado por carro na Francisco Junqueira em Ribeir\u00e3o Preto","author":"ismaelcolosi.com.br","date":"15 de June de 2024","format":false,"excerpt":"O ciclista atropelado por um carro na noite desta sexta-feira (14), na avenida Francisco Junqueira, morreu ap\u00f3s ter sido socorrido, em Ribeir\u00e3o Preto. Segundo o boletim de ocorr\u00eancia (BO), a v\u00edtima, identificada como Denas Aparecido de Souza, de 47 anos, foi parar embaixo do ve\u00edculo, na altura da liga\u00e7\u00e3o da\u2026","rel":"","context":"In &quot;Not\u00edcias de Ribeir\u00e3o Preto-SP e Regi\u00e3o&quot;","block_context":{"text":"Not\u00edcias de Ribeir\u00e3o Preto-SP e Regi\u00e3o","link":"https:\/\/ismaelcolosi.com.br\/index.php\/category\/noticias-de-ribeirao-preto-sp-e-regiao-ismael-colosi\/"},"img":{"alt_text":"","src":"https:\/\/i0.wp.com\/ismaelcolosi.com.br\/wp-content\/uploads\/2024\/06\/ACIDENTE-2_2024-06-15_13-40-38_jpg_2024-06-15_13-40-38.webp.webp?fit=1200%2C898&ssl=1&resize=350%2C200","width":350,"height":200,"srcset":"https:\/\/i0.wp.com\/ismaelcolosi.com.br\/wp-content\/uploads\/2024\/06\/ACIDENTE-2_2024-06-15_13-40-38_jpg_2024-06-15_13-40-38.webp.webp?fit=1200%2C898&ssl=1&resize=350%2C200 1x, https:\/\/i0.wp.com\/ismaelcolosi.com.br\/wp-content\/uploads\/2024\/06\/ACIDENTE-2_2024-06-15_13-40-38_jpg_2024-06-15_13-40-38.webp.webp?fit=1200%2C898&ssl=1&resize=525%2C300 1.5x, https:\/\/i0.wp.com\/ismaelcolosi.com.br\/wp-content\/uploads\/2024\/06\/ACIDENTE-2_2024-06-15_13-40-38_jpg_2024-06-15_13-40-38.webp.webp?fit=1200%2C898&ssl=1&resize=700%2C400 2x, https:\/\/i0.wp.com\/ismaelcolosi.com.br\/wp-content\/uploads\/2024\/06\/ACIDENTE-2_2024-06-15_13-40-38_jpg_2024-06-15_13-40-38.webp.webp?fit=1200%2C898&ssl=1&resize=1050%2C600 3x"},"classes":[]},{"id":14838,"url":"https:\/\/ismaelcolosi.com.br\/index.php\/2023\/12\/12\/utm_sourcerssutm_mediumrssutm_campaignurgente-motociclista-morre-apos-acidente-na-avenida-alfredo-ravaneli-em-rp\/","url_meta":{"origin":52501,"position":3},"title":"motociclista morre ap\u00f3s acidente na avenida Alfredo Ravaneli em RP \u2013 X Tudo Ribeir\u00e3o","author":"ismaelcolosi.com.br","date":"12 de December de 2023","format":false,"excerpt":"Um motociclista ainda sem identifica\u00e7\u00e3o morreu ap\u00f3s um grave acidente de tr\u00e2nsito na tarde desta ter\u00e7a-feira (12\/12), na avenida Alfredo Ravaneli, no Parque dos Servidores, na zona Leste de Ribeir\u00e3o Preto.\u00a0 Segundo informa\u00e7\u00f5es iniciais da Pol\u00edcia Militar, testemunhas afirmaram que a v\u00edtima seguia pela avenida no sentido Centro \u2013 bairro,\u2026","rel":"","context":"In &quot;Not\u00edcias de Ribeir\u00e3o Preto-SP e Regi\u00e3o&quot;","block_context":{"text":"Not\u00edcias de Ribeir\u00e3o Preto-SP e Regi\u00e3o","link":"https:\/\/ismaelcolosi.com.br\/index.php\/category\/noticias-de-ribeirao-preto-sp-e-regiao-ismael-colosi\/"},"img":{"alt_text":"","src":"https:\/\/i0.wp.com\/ismaelcolosi.com.br\/wp-content\/uploads\/2023\/12\/WhatsApp-Image-2023-12-12-at-15.00.17.jpeg?fit=900%2C760&ssl=1&resize=350%2C200","width":350,"height":200,"srcset":"https:\/\/i0.wp.com\/ismaelcolosi.com.br\/wp-content\/uploads\/2023\/12\/WhatsApp-Image-2023-12-12-at-15.00.17.jpeg?fit=900%2C760&ssl=1&resize=350%2C200 1x, https:\/\/i0.wp.com\/ismaelcolosi.com.br\/wp-content\/uploads\/2023\/12\/WhatsApp-Image-2023-12-12-at-15.00.17.jpeg?fit=900%2C760&ssl=1&resize=525%2C300 1.5x, https:\/\/i0.wp.com\/ismaelcolosi.com.br\/wp-content\/uploads\/2023\/12\/WhatsApp-Image-2023-12-12-at-15.00.17.jpeg?fit=900%2C760&ssl=1&resize=700%2C400 2x"},"classes":[]},{"id":14900,"url":"https:\/\/ismaelcolosi.com.br\/index.php\/2023\/12\/12\/motociclista-morre-apos-bater-em-carro-e-ser-atropelado-por-caminhonete-em-ribeirao\/","url_meta":{"origin":52501,"position":4},"title":"Motociclista morre ap\u00f3s bater em carro e ser atropelado por caminhonete em Ribeir\u00e3o","author":"ismaelcolosi.com.br","date":"12 de December de 2023","format":false,"excerpt":"Um motociclista morreu, na tarde desta ter\u00e7a-feira (12), ap\u00f3s se envolver em um acidente na avenida Alfredo Ravaneli, na zona Leste de Ribeir\u00e3o Preto. De acordo com a apura\u00e7\u00e3o da EPTV, o homem, de 35 anos, pilotava a moto quando bateu na traseira de um ve\u00edculo que seguia no mesmo\u2026","rel":"","context":"In &quot;Not\u00edcias de Ribeir\u00e3o Preto-SP e Regi\u00e3o&quot;","block_context":{"text":"Not\u00edcias de Ribeir\u00e3o Preto-SP e Regi\u00e3o","link":"https:\/\/ismaelcolosi.com.br\/index.php\/category\/noticias-de-ribeirao-preto-sp-e-regiao-ismael-colosi\/"},"img":{"alt_text":"","src":"https:\/\/i0.wp.com\/ismaelcolosi.com.br\/wp-content\/uploads\/2023\/12\/Copia-de-Copia-de-TAMANHO-EXATO-PARA-FOTOS-NO-SISTEMA-NOVO-16.png?fit=1200%2C675&ssl=1&resize=350%2C200","width":350,"height":200,"srcset":"https:\/\/i0.wp.com\/ismaelcolosi.com.br\/wp-content\/uploads\/2023\/12\/Copia-de-Copia-de-TAMANHO-EXATO-PARA-FOTOS-NO-SISTEMA-NOVO-16.png?fit=1200%2C675&ssl=1&resize=350%2C200 1x, https:\/\/i0.wp.com\/ismaelcolosi.com.br\/wp-content\/uploads\/2023\/12\/Copia-de-Copia-de-TAMANHO-EXATO-PARA-FOTOS-NO-SISTEMA-NOVO-16.png?fit=1200%2C675&ssl=1&resize=525%2C300 1.5x, https:\/\/i0.wp.com\/ismaelcolosi.com.br\/wp-content\/uploads\/2023\/12\/Copia-de-Copia-de-TAMANHO-EXATO-PARA-FOTOS-NO-SISTEMA-NOVO-16.png?fit=1200%2C675&ssl=1&resize=700%2C400 2x, https:\/\/i0.wp.com\/ismaelcolosi.com.br\/wp-content\/uploads\/2023\/12\/Copia-de-Copia-de-TAMANHO-EXATO-PARA-FOTOS-NO-SISTEMA-NOVO-16.png?fit=1200%2C675&ssl=1&resize=1050%2C600 3x"},"classes":[]},{"id":56599,"url":"https:\/\/ismaelcolosi.com.br\/index.php\/2024\/07\/12\/homem-morre-apos-ser-atropelado-por-moto-em-ribeirao-preto\/","url_meta":{"origin":52501,"position":5},"title":"Homem morre ap\u00f3s ser atropelado por moto em Ribeir\u00e3o Preto","author":"ismaelcolosi.com.br","date":"12 de July de 2024","format":false,"excerpt":"Um homem, de 63 anos, morreu ap\u00f3s ser atropelado por uma moto no final da tarde desta sexta-feira (12), na avenida F\u00e1bio Barretos, no bairro Campos El\u00edseos, em Ribeir\u00e3o Preto. C\u00e2meras de seguran\u00e7a registraram o momento em que o homem estava atravessando na faixa de pedestres da avenida e foi\u2026","rel":"","context":"In &quot;Not\u00edcias de Ribeir\u00e3o Preto-SP e Regi\u00e3o&quot;","block_context":{"text":"Not\u00edcias de Ribeir\u00e3o Preto-SP e Regi\u00e3o","link":"https:\/\/ismaelcolosi.com.br\/index.php\/category\/noticias-de-ribeirao-preto-sp-e-regiao-ismael-colosi\/"},"img":{"alt_text":"","src":"https:\/\/i0.wp.com\/ismaelcolosi.com.br\/wp-content\/uploads\/2024\/07\/Copia-de-Copia-de-TAMANHO-EXATO-PARA-FOTOS-NO-SISTEMA-NOVO-2024-07-12T180659.153_2024-07-12_21-07-28_png_2024-07-12_21-07-28.webp.webp?fit=1200%2C675&ssl=1&resize=350%2C200","width":350,"height":200,"srcset":"https:\/\/i0.wp.com\/ismaelcolosi.com.br\/wp-content\/uploads\/2024\/07\/Copia-de-Copia-de-TAMANHO-EXATO-PARA-FOTOS-NO-SISTEMA-NOVO-2024-07-12T180659.153_2024-07-12_21-07-28_png_2024-07-12_21-07-28.webp.webp?fit=1200%2C675&ssl=1&resize=350%2C200 1x, https:\/\/i0.wp.com\/ismaelcolosi.com.br\/wp-content\/uploads\/2024\/07\/Copia-de-Copia-de-TAMANHO-EXATO-PARA-FOTOS-NO-SISTEMA-NOVO-2024-07-12T180659.153_2024-07-12_21-07-28_png_2024-07-12_21-07-28.webp.webp?fit=1200%2C675&ssl=1&resize=525%2C300 1.5x, https:\/\/i0.wp.com\/ismaelcolosi.com.br\/wp-content\/uploads\/2024\/07\/Copia-de-Copia-de-TAMANHO-EXATO-PARA-FOTOS-NO-SISTEMA-NOVO-2024-07-12T180659.153_2024-07-12_21-07-28_png_2024-07-12_21-07-28.webp.webp?fit=1200%2C675&ssl=1&resize=700%2C400 2x, https:\/\/i0.wp.com\/ismaelcolosi.com.br\/wp-content\/uploads\/2024\/07\/Copia-de-Copia-de-TAMANHO-EXATO-PARA-FOTOS-NO-SISTEMA-NOVO-2024-07-12T180659.153_2024-07-12_21-07-28_png_2024-07-12_21-07-28.webp.webp?fit=1200%2C675&ssl=1&resize=1050%2C600 3x"},"classes":[]}],"jetpack_sharing_enabled":true,"jetpack_shortlink":"https:\/\/wp.me\/pfMlyK-dEN","_links":{"self":[{"href":"https:\/\/ismaelcolosi.com.br\/index.php\/wp-json\/wp\/v2\/posts\/52501","targetHints":{"allow":["GET"]}}],"collection":[{"href":"https:\/\/ismaelcolosi.com.br\/index.php\/wp-json\/wp\/v2\/posts"}],"about":[{"href":"https:\/\/ismaelcolosi.com.br\/index.php\/wp-json\/wp\/v2\/types\/post"}],"author":[{"embeddable":true,"href":"https:\/\/ismaelcolosi.com.br\/index.php\/wp-json\/wp\/v2\/users\/1"}],"replies":[{"embeddable":true,"href":"https:\/\/ismaelcolosi.com.br\/index.php\/wp-json\/wp\/v2\/comments?post=52501"}],"version-history":[{"count":0,"href":"https:\/\/ismaelcolosi.com.br\/index.php\/wp-json\/wp\/v2\/posts\/52501\/revisions"}],"wp:featuredmedia":[{"embeddable":true,"href":"https:\/\/ismaelcolosi.com.br\/index.php\/wp-json\/wp\/v2\/media\/52502"}],"wp:attachment":[{"href":"https:\/\/ismaelcolosi.com.br\/index.php\/wp-json\/wp\/v2\/media?parent=52501"}],"wp:term":[{"taxonomy":"category","embeddable":true,"href":"https:\/\/ismaelcolosi.com.br\/index.php\/wp-json\/wp\/v2\/categories?post=52501"},{"taxonomy":"post_tag","embeddable":true,"href":"https:\/\/ismaelcolosi.com.br\/index.php\/wp-json\/wp\/v2\/tags?post=52501"}],"curies":[{"name":"wp","href":"https:\/\/api.w.org\/{rel}","templated":true}]}}