{"id":52497,"date":"2024-06-07T08:58:26","date_gmt":"2024-06-07T11:58:26","guid":{"rendered":"https:\/\/ismaelcolosi.com.br\/index.php\/2024\/06\/07\/epe-anuncia-concurso-de-51-vagas-com-salario-de-r-13-819\/"},"modified":"2024-06-07T08:58:26","modified_gmt":"2024-06-07T11:58:26","slug":"epe-anuncia-concurso-de-51-vagas-com-salario-de-r-13-819","status":"publish","type":"post","link":"https:\/\/ismaelcolosi.com.br\/index.php\/2024\/06\/07\/epe-anuncia-concurso-de-51-vagas-com-salario-de-r-13-819\/","title":{"rendered":"EPE anuncia concurso de 51 vagas com sal\u00e1rio de R$ 13.819"},"content":{"rendered":"<p> <br \/>\n<\/p>\n<div id=\"\">\n<div class=\"content-infos\">\n<div class=\"texts\">\n<p class=\"author tooltip-comp\"> Da reda\u00e7\u00e3o<span class=\"icon-i\">i<\/span><span class=\"tooltiptext\"> <span class=\"author\"><span>Da reda\u00e7\u00e3o<\/span> <\/span><span class=\"desc\"\/> <\/span><\/p>\n<p>07\/06\/2024 &#8211; 8:55<\/p><div class='code-block code-block-8' style='margin: 8px auto; text-align: center; display: block; clear: both;'>\n<script>\n  atOptions = {\n    'key' : '66e2e2111ca34da796271819fc334058',\n    'format' : 'iframe',\n    'height' : 250,\n    'width' : 300,\n    'params' : {}\n  };\n<\/script>\n<script src=\"https:\/\/www.highperformanceformat.com\/66e2e2111ca34da796271819fc334058\/invoke.js\"><\/script>\n<\/div>\n\n<\/div>\n<div id=\"share-modal\" class=\"share-modal\"> <button class=\"box-close btn-share\"> <img decoding=\"async\" src=\"https:\/\/istoedinheiro.com.br\/wp-content\/themes\/dinheiro-wp-theme\/assets\/img\/svg\/closeIcon.svg?x46096\" alt=\"Close icon\" class=\"close-btn lazy\"\/> <\/button><\/div>\n<\/p><\/div>\n<p>A <strong>EPE (Empresa de Pesquisa Energ\u00e9tica)<\/strong>, que \u00e9 p\u00fablica e federal, anunciou um <strong><a href=\"https:\/\/www.in.gov.br\/en\/web\/dou\/-\/edital-n-3-de-6-de-junho-de-2024-564194987\" target=\"_blank\" rel=\"noopener\">concurso<\/a><\/strong> de 51 vagas para o cargo de analista de pesquisa energ\u00e9tica. H\u00e1 tamb\u00e9m forma\u00e7\u00e3o de cadastro de reserva. Os profissionais receber\u00e3o o sal\u00e1rio de R$ 13.819.<\/p>\n<p>O concurso ser\u00e1 realizado pela FGV (Funda\u00e7\u00e3o Get\u00falio Vargas) e informa\u00e7\u00f5es sobre os editais e demais documentos relativos ser\u00e3o divulgados <strong><a href=\"https:\/\/conhecimento.fgv.br\/concursos\/epe24\" target=\"_blank\" rel=\"noopener\">neste link<\/a><\/strong>. A taxa de inscri\u00e7\u00e3o ser\u00e1 de R$ 120.<\/p>\n<p><strong>+ Inscri\u00e7\u00f5es para concurso da Justi\u00e7a Eleitoral come\u00e7am nesta ter\u00e7a<\/strong><br \/><strong>+ TSE abre inscri\u00e7\u00f5es para concurso com 395 vagas e sal\u00e1rios de at\u00e9 R$ 13,9 mil<\/strong><\/p>\n<p>As inscri\u00e7\u00f5es para o Concurso P\u00fablico estar\u00e3o abertas no per\u00edodo das 16h do dia 12 de junho de 2024 at\u00e9 \u00e0s 16h do dia 11 de julho de 2024.<\/p>\n<p>As provas objetivas e discursivas ser\u00e3o realizadas nos munic\u00edpios de Bras\u00edlia (DF), Rio de Janeiro (RJ), Recife (PE) e Florian\u00f3polis (SC).<\/p>\n<p>As vagas oferecidas ser\u00e3o direcionadas para o escrit\u00f3rio central ou na sede da EPE, localizados na cidade do Rio de Janeiro e em Bras\u00edlia, respectivamente.\u00a0Entre as oportunidades, 10% ser\u00e3o reservadas a candidatos PcD e 20% a negros (pretos e pardos).<\/p>\n<p>Para o cargo de analista de pesquisa energ\u00e9tica \u00e9 exigido uma forma\u00e7\u00e3o nas seguintes \u00e1reas: economia, engenharia, arquitetura, administra\u00e7\u00e3o, direito, biologia, processamento de dados, geologia, entre outras, de acordo com as necessidades da empresa.<\/p>\n<div id=\"share-modal\" class=\"share-modal\"> <button class=\"box-close btn-share\"> <img decoding=\"async\" src=\"https:\/\/istoedinheiro.com.br\/wp-content\/themes\/dinheiro-wp-theme\/assets\/img\/svg\/closeIcon.svg?x46096\" alt=\"Close icon\" class=\"close-btn lazy\"\/> <\/button><\/div>\n<\/p><\/div>\n<p><script>!function(f,b,e,v,n,t,s){if(f.fbq)return;n=f.fbq=function(){n.callMethod?n.callMethod.apply(n,arguments):n.queue.push(arguments)};if(!f._fbq)f._fbq=n;n.push=n;n.loaded=!0;n.version='2.0';n.queue=[];t=b.createElement(e);t.async=!0;t.src=v;s=b.getElementsByTagName(e)[0];s.parentNode.insertBefore(t,s)}(window,document,'script','<\/script><br \/>\n<br \/><br \/>\n<br \/><a href=\"https:\/\/istoedinheiro.com.br\/epe-anuncia-concurso-de-51-vagas-com-salario-de-r-13-819\/\">Source link <\/a><\/p>\n<div class='code-block code-block-4' style='margin: 8px auto 8px 0; text-align: left; display: block; clear: both;'>\n\ud83d\udce2 Aviso Legal\n\nO site ismaelcolosi.com.br atua apenas como um canal de divulga\u00e7\u00e3o de oportunidades de emprego e n\u00e3o se responsabiliza pelo processo seletivo, contrata\u00e7\u00e3o ou qualquer outra etapa relacionada \u00e0s vagas publicadas. Todas as informa\u00e7\u00f5es s\u00e3o de responsabilidade dos anunciantes.\n\n\u26a0\ufe0f Aten\u00e7\u00e3o! Nunca pague por promessas de emprego nem compre cursos que garantam contrata\u00e7\u00e3o. Desconfie de qualquer cobran\u00e7a para participar de sele\u00e7\u00f5es.\n\n\n\n<\/div>\n<!-- CONTENT END 1 -->\n","protected":false},"excerpt":{"rendered":"<p>Da reda\u00e7\u00e3oi Da reda\u00e7\u00e3o 07\/06\/2024 &#8211; 8:55 A EPE (Empresa de Pesquisa Energ\u00e9tica), que \u00e9 p\u00fablica e federal, anunciou um concurso de 51 vagas para&#8230;<\/p>\n","protected":false},"author":1,"featured_media":52498,"comment_status":"open","ping_status":"open","sticky":false,"template":"","format":"standard","meta":{"_uag_custom_page_level_css":"","advanced_seo_description":"","jetpack_seo_html_title":"","jetpack_seo_noindex":false,"jetpack_post_was_ever_published":false,"_jetpack_newsletter_access":"","_jetpack_dont_email_post_to_subs":false,"_jetpack_newsletter_tier_id":0,"_jetpack_memberships_contains_paywalled_content":false,"_jetpack_memberships_contains_paid_content":false,"footnotes":"","jetpack_publicize_message":"","jetpack_publicize_feature_enabled":true,"jetpack_social_post_already_shared":true,"jetpack_social_options":{"image_generator_settings":{"template":"highway","default_image_id":0,"font":"","enabled":false},"version":2}},"categories":[3598],"tags":[],"class_list":["post-52497","post","type-post","status-publish","format-standard","has-post-thumbnail","hentry","category-empregos-classificados-vagas-trabalho"],"jetpack_publicize_connections":[],"jetpack_featured_media_url":"https:\/\/i0.wp.com\/ismaelcolosi.com.br\/wp-content\/uploads\/2024\/06\/concurso.jpg?fit=1361%2C833&ssl=1","uagb_featured_image_src":{"full":["https:\/\/i0.wp.com\/ismaelcolosi.com.br\/wp-content\/uploads\/2024\/06\/concurso.jpg?fit=1361%2C833&ssl=1",1361,833,false],"thumbnail":["https:\/\/i0.wp.com\/ismaelcolosi.com.br\/wp-content\/uploads\/2024\/06\/concurso.jpg?resize=150%2C150&ssl=1",150,150,true],"medium":["https:\/\/i0.wp.com\/ismaelcolosi.com.br\/wp-content\/uploads\/2024\/06\/concurso.jpg?fit=300%2C184&ssl=1",300,184,true],"medium_large":["https:\/\/i0.wp.com\/ismaelcolosi.com.br\/wp-content\/uploads\/2024\/06\/concurso.jpg?fit=768%2C470&ssl=1",768,470,true],"large":["https:\/\/i0.wp.com\/ismaelcolosi.com.br\/wp-content\/uploads\/2024\/06\/concurso.jpg?fit=1024%2C627&ssl=1",1024,627,true],"1536x1536":["https:\/\/i0.wp.com\/ismaelcolosi.com.br\/wp-content\/uploads\/2024\/06\/concurso.jpg?fit=1361%2C833&ssl=1",1361,833,true],"2048x2048":["https:\/\/i0.wp.com\/ismaelcolosi.com.br\/wp-content\/uploads\/2024\/06\/concurso.jpg?fit=1361%2C833&ssl=1",1361,833,true],"really-simple-thumb":["https:\/\/i0.wp.com\/ismaelcolosi.com.br\/wp-content\/uploads\/2024\/06\/concurso.jpg?resize=370%2C247&ssl=1",370,247,true]},"uagb_author_info":{"display_name":"ismaelcolosi.com.br","author_link":"https:\/\/ismaelcolosi.com.br\/index.php\/author\/vidareal-online\/"},"uagb_comment_info":0,"uagb_excerpt":"Da reda\u00e7\u00e3oi Da reda\u00e7\u00e3o 07\/06\/2024 &#8211; 8:55 A EPE (Empresa de Pesquisa Energ\u00e9tica), que \u00e9 p\u00fablica e federal, anunciou um concurso de 51 vagas para...","jetpack-related-posts":[{"id":52933,"url":"https:\/\/ismaelcolosi.com.br\/index.php\/2024\/06\/12\/governo-prorroga-ate-julho-inscricoes-de-concurso-para-vagas-de-ti-com-salario-de-r-8-300\/","url_meta":{"origin":52497,"position":0},"title":"Governo prorroga at\u00e9 julho inscri\u00e7\u00f5es de concurso para vagas de TI com sal\u00e1rio\u00a0de\u00a0R$\u00a08.300","author":"ismaelcolosi.com.br","date":"12 de June de 2024","format":false,"excerpt":"Da reda\u00e7\u00e3oi Da reda\u00e7\u00e3o 12\/06\/2024 - 10:17 O Minist\u00e9rio da Gest\u00e3o e da Inova\u00e7\u00e3o em Servi\u00e7os P\u00fablicos prorrogou novamente as inscri\u00e7\u00f5es para um concurso tempor\u00e1rio que pretende contratar 200 profissionais de TI (tecnologia da informa\u00e7\u00e3o). O interessado poder\u00e1 fazer sua inscri\u00e7\u00e3o at\u00e9 o dia 4 de julho \u2013 antes a\u2026","rel":"","context":"In &quot;Empregos - Classificados&quot;","block_context":{"text":"Empregos - Classificados","link":"https:\/\/ismaelcolosi.com.br\/index.php\/category\/empregos-classificados-vagas-trabalho\/"},"img":{"alt_text":"","src":"https:\/\/i0.wp.com\/ismaelcolosi.com.br\/wp-content\/uploads\/2024\/06\/prova01.jpg?fit=1200%2C712&ssl=1&resize=350%2C200","width":350,"height":200,"srcset":"https:\/\/i0.wp.com\/ismaelcolosi.com.br\/wp-content\/uploads\/2024\/06\/prova01.jpg?fit=1200%2C712&ssl=1&resize=350%2C200 1x, https:\/\/i0.wp.com\/ismaelcolosi.com.br\/wp-content\/uploads\/2024\/06\/prova01.jpg?fit=1200%2C712&ssl=1&resize=525%2C300 1.5x, https:\/\/i0.wp.com\/ismaelcolosi.com.br\/wp-content\/uploads\/2024\/06\/prova01.jpg?fit=1200%2C712&ssl=1&resize=700%2C400 2x, https:\/\/i0.wp.com\/ismaelcolosi.com.br\/wp-content\/uploads\/2024\/06\/prova01.jpg?fit=1200%2C712&ssl=1&resize=1050%2C600 3x"},"classes":[]},{"id":20762,"url":"https:\/\/ismaelcolosi.com.br\/index.php\/2023\/12\/26\/petrobras-anuncia-concurso-para-nivel-tecnico-com-salario-de-r-58-mil\/","url_meta":{"origin":52497,"position":1},"title":"Petrobras anuncia concurso para n\u00edvel t\u00e9cnico com sal\u00e1rio de R$ 5,8 mil","author":"ismaelcolosi.com.br","date":"26 de December de 2023","format":false,"excerpt":"A Petrobras anunciou nesta ter\u00e7a-feira (26) um concurso p\u00fablico para cargos de n\u00edvel t\u00e9cnico com 916 vagas\u00a0e sal\u00e1rio inicial m\u00ednimo de R$ 5.878,82.\u00a0 Haver\u00e1 ainda 5.496 vagas para cadastro de reserva.\u00a0As inscri\u00e7\u00f5es come\u00e7am na pr\u00f3xima quinta-feira (28) e seguem at\u00e9 31 de janeiro de 2024. A taxa de inscri\u00e7\u00e3o \u00e9\u2026","rel":"","context":"In &quot;Not\u00edcias de Ribeir\u00e3o Preto-SP e Regi\u00e3o&quot;","block_context":{"text":"Not\u00edcias de Ribeir\u00e3o Preto-SP e Regi\u00e3o","link":"https:\/\/ismaelcolosi.com.br\/index.php\/category\/noticias-de-ribeirao-preto-sp-e-regiao-ismael-colosi\/"},"img":{"alt_text":"","src":"https:\/\/i0.wp.com\/ismaelcolosi.com.br\/wp-content\/uploads\/2023\/12\/petrobras.jpg?fit=1200%2C712&ssl=1&resize=350%2C200","width":350,"height":200,"srcset":"https:\/\/i0.wp.com\/ismaelcolosi.com.br\/wp-content\/uploads\/2023\/12\/petrobras.jpg?fit=1200%2C712&ssl=1&resize=350%2C200 1x, https:\/\/i0.wp.com\/ismaelcolosi.com.br\/wp-content\/uploads\/2023\/12\/petrobras.jpg?fit=1200%2C712&ssl=1&resize=525%2C300 1.5x, https:\/\/i0.wp.com\/ismaelcolosi.com.br\/wp-content\/uploads\/2023\/12\/petrobras.jpg?fit=1200%2C712&ssl=1&resize=700%2C400 2x, https:\/\/i0.wp.com\/ismaelcolosi.com.br\/wp-content\/uploads\/2023\/12\/petrobras.jpg?fit=1200%2C712&ssl=1&resize=1050%2C600 3x"},"classes":[]},{"id":85580,"url":"https:\/\/ismaelcolosi.com.br\/index.php\/2025\/05\/22\/inscricao-para-concurso-do-ibama-com-460-vagas-e-salario-de-ate-r-99-mil-termina-nesta-terca\/","url_meta":{"origin":52497,"position":2},"title":"Inscri\u00e7\u00e3o para concurso do Ibama com 460 vagas e sal\u00e1rio de at\u00e9 R$ 9,9 mil termina nesta ter\u00e7a","author":"ismaelcolosi.com.br","date":"22 de May de 2025","format":false,"excerpt":"Nesta ter\u00e7a-feira, 18, chega ao fim o prazo para inscri\u00e7\u00f5es no concurso do Instituto Brasileiro do Meio Ambiente e dos Recursos Naturais (Ibama). Ao todo s\u00e3o S\u00e3o 460 vagas de n\u00edvel superior, contando com remunera\u00e7\u00e3o inicial de at\u00e9 R$ 9,9 mil. +Pol\u00edcia Federal autoriza concurso com mil vagas para carreira\u2026","rel":"","context":"In &quot;Empregos - Classificados&quot;","block_context":{"text":"Empregos - Classificados","link":"https:\/\/ismaelcolosi.com.br\/index.php\/category\/empregos-classificados-vagas-trabalho\/"},"img":{"alt_text":"","src":"https:\/\/i0.wp.com\/ismaelcolosi.com.br\/wp-content\/uploads\/2025\/05\/black-and-white-minimalist-fitness-center-table-comparison-chart-graph-4-e1737728317666.jpg?fit=1024%2C513&ssl=1&resize=350%2C200","width":350,"height":200,"srcset":"https:\/\/i0.wp.com\/ismaelcolosi.com.br\/wp-content\/uploads\/2025\/05\/black-and-white-minimalist-fitness-center-table-comparison-chart-graph-4-e1737728317666.jpg?fit=1024%2C513&ssl=1&resize=350%2C200 1x, https:\/\/i0.wp.com\/ismaelcolosi.com.br\/wp-content\/uploads\/2025\/05\/black-and-white-minimalist-fitness-center-table-comparison-chart-graph-4-e1737728317666.jpg?fit=1024%2C513&ssl=1&resize=525%2C300 1.5x, https:\/\/i0.wp.com\/ismaelcolosi.com.br\/wp-content\/uploads\/2025\/05\/black-and-white-minimalist-fitness-center-table-comparison-chart-graph-4-e1737728317666.jpg?fit=1024%2C513&ssl=1&resize=700%2C400 2x"},"classes":[]},{"id":85604,"url":"https:\/\/ismaelcolosi.com.br\/index.php\/2025\/05\/22\/ibama-abre-inscricoes-para-concurso-com-460-vagas-e-salario-de-ate-99-mil-veja-como-se-inscrever-2\/","url_meta":{"origin":52497,"position":3},"title":"Ibama abre inscri\u00e7\u00f5es para concurso com 460 vagas e sal\u00e1rio de at\u00e9 9,9 mil; veja como se inscrever","author":"ismaelcolosi.com.br","date":"22 de May de 2025","format":false,"excerpt":"As inscri\u00e7\u00f5es para o concurso do Instituto Brasileiro do Meio Ambiente e dos Recursos Naturais Renov\u00e1veis (Ibama) abrem \u00e0s 10h desta quinta-feira, 30, e seguem at\u00e9 as 18h do dia 18 de fevereiro. A taxa de inscri\u00e7\u00e3o \u00e9 de R$ 95,00 para ambos os cargos. S\u00e3o 460 vagas de n\u00edvel\u2026","rel":"","context":"In &quot;Empregos - Classificados&quot;","block_context":{"text":"Empregos - Classificados","link":"https:\/\/ismaelcolosi.com.br\/index.php\/category\/empregos-classificados-vagas-trabalho\/"},"img":{"alt_text":"","src":"https:\/\/i0.wp.com\/ismaelcolosi.com.br\/wp-content\/uploads\/2025\/05\/1747895477_black-and-white-minimalist-fitness-center-table-comparison-chart-graph-4-e1737728317666.jpg?fit=1024%2C513&ssl=1&resize=350%2C200","width":350,"height":200,"srcset":"https:\/\/i0.wp.com\/ismaelcolosi.com.br\/wp-content\/uploads\/2025\/05\/1747895477_black-and-white-minimalist-fitness-center-table-comparison-chart-graph-4-e1737728317666.jpg?fit=1024%2C513&ssl=1&resize=350%2C200 1x, https:\/\/i0.wp.com\/ismaelcolosi.com.br\/wp-content\/uploads\/2025\/05\/1747895477_black-and-white-minimalist-fitness-center-table-comparison-chart-graph-4-e1737728317666.jpg?fit=1024%2C513&ssl=1&resize=525%2C300 1.5x, https:\/\/i0.wp.com\/ismaelcolosi.com.br\/wp-content\/uploads\/2025\/05\/1747895477_black-and-white-minimalist-fitness-center-table-comparison-chart-graph-4-e1737728317666.jpg?fit=1024%2C513&ssl=1&resize=700%2C400 2x"},"classes":[]},{"id":78562,"url":"https:\/\/ismaelcolosi.com.br\/index.php\/2024\/12\/06\/embrapa-abre-concurso-com-1-027-vagas-e-salario-de-ate-r-128-mil-veja-como-se-inscrever\/","url_meta":{"origin":52497,"position":4},"title":"Embrapa abre concurso com 1.027 vagas e sal\u00e1rio de at\u00e9 R$ 12,8 mil; veja como se inscrever","author":"ismaelcolosi.com.br","date":"6 de December de 2024","format":false,"excerpt":"Da reda\u00e7\u00e3oi Da reda\u00e7\u00e3o 06\/12\/2024 - 10:41 A Empresa Brasileira de Pesquisa Agropecu\u00e1ria (Embrapa) divulgou nesta sexta-feira, 6, o edital com as normas para o novo concurso p\u00fablico. S\u00e3o oferecidas 1.027 oportunidades para todos os n\u00edveis de escolaridade, com sal\u00e1rios iniciais que podem chegar at\u00e9 R$12,8 mil. \u00c9 o primeiro\u2026","rel":"","context":"In &quot;Empregos - Classificados&quot;","block_context":{"text":"Empregos - Classificados","link":"https:\/\/ismaelcolosi.com.br\/index.php\/category\/empregos-classificados-vagas-trabalho\/"},"img":{"alt_text":"","src":"https:\/\/i0.wp.com\/ismaelcolosi.com.br\/wp-content\/uploads\/2024\/12\/embrapa-petrolina-1.jpg?fit=1170%2C700&ssl=1&resize=350%2C200","width":350,"height":200,"srcset":"https:\/\/i0.wp.com\/ismaelcolosi.com.br\/wp-content\/uploads\/2024\/12\/embrapa-petrolina-1.jpg?fit=1170%2C700&ssl=1&resize=350%2C200 1x, https:\/\/i0.wp.com\/ismaelcolosi.com.br\/wp-content\/uploads\/2024\/12\/embrapa-petrolina-1.jpg?fit=1170%2C700&ssl=1&resize=525%2C300 1.5x, https:\/\/i0.wp.com\/ismaelcolosi.com.br\/wp-content\/uploads\/2024\/12\/embrapa-petrolina-1.jpg?fit=1170%2C700&ssl=1&resize=700%2C400 2x, https:\/\/i0.wp.com\/ismaelcolosi.com.br\/wp-content\/uploads\/2024\/12\/embrapa-petrolina-1.jpg?fit=1170%2C700&ssl=1&resize=1050%2C600 3x"},"classes":[]},{"id":41474,"url":"https:\/\/ismaelcolosi.com.br\/index.php\/2024\/03\/08\/veja-como-fazer-a-inscricao-no-concurso-publico-da-usp-ha-vagas-em-ribeirao\/","url_meta":{"origin":52497,"position":5},"title":"Veja como fazer a inscri\u00e7\u00e3o no concurso p\u00fablico da USP; H\u00e1 vagas em Ribeir\u00e3o","author":"ismaelcolosi.com.br","date":"8 de March de 2024","format":false,"excerpt":"As inscri\u00e7\u00f5es para o concurso p\u00fablico da USP (Universidade de S\u00e3o Paulo) com 49 vagas de n\u00edvel superior come\u00e7am na pr\u00f3xima segunda-feira (11) e seguem at\u00e9 o dia 11 de abril. H\u00e1 vagas para o campus de Ribeir\u00e3o Preto. Os sal\u00e1rios para as fun\u00e7\u00f5es variam entre R$ 5,4 mil R$\u2026","rel":"","context":"In &quot;Not\u00edcias de Ribeir\u00e3o Preto-SP e Regi\u00e3o&quot;","block_context":{"text":"Not\u00edcias de Ribeir\u00e3o Preto-SP e Regi\u00e3o","link":"https:\/\/ismaelcolosi.com.br\/index.php\/category\/noticias-de-ribeirao-preto-sp-e-regiao-ismael-colosi\/"},"img":{"alt_text":"","src":"https:\/\/i0.wp.com\/ismaelcolosi.com.br\/wp-content\/uploads\/2024\/03\/CAMPUS-DA-USP-DE-RIBEIRAO-PRETO-1024x683.jpg?fit=1024%2C683&ssl=1&resize=350%2C200","width":350,"height":200,"srcset":"https:\/\/i0.wp.com\/ismaelcolosi.com.br\/wp-content\/uploads\/2024\/03\/CAMPUS-DA-USP-DE-RIBEIRAO-PRETO-1024x683.jpg?fit=1024%2C683&ssl=1&resize=350%2C200 1x, https:\/\/i0.wp.com\/ismaelcolosi.com.br\/wp-content\/uploads\/2024\/03\/CAMPUS-DA-USP-DE-RIBEIRAO-PRETO-1024x683.jpg?fit=1024%2C683&ssl=1&resize=525%2C300 1.5x, https:\/\/i0.wp.com\/ismaelcolosi.com.br\/wp-content\/uploads\/2024\/03\/CAMPUS-DA-USP-DE-RIBEIRAO-PRETO-1024x683.jpg?fit=1024%2C683&ssl=1&resize=700%2C400 2x"},"classes":[]}],"jetpack_sharing_enabled":true,"jetpack_shortlink":"https:\/\/wp.me\/pfMlyK-dEJ","_links":{"self":[{"href":"https:\/\/ismaelcolosi.com.br\/index.php\/wp-json\/wp\/v2\/posts\/52497","targetHints":{"allow":["GET"]}}],"collection":[{"href":"https:\/\/ismaelcolosi.com.br\/index.php\/wp-json\/wp\/v2\/posts"}],"about":[{"href":"https:\/\/ismaelcolosi.com.br\/index.php\/wp-json\/wp\/v2\/types\/post"}],"author":[{"embeddable":true,"href":"https:\/\/ismaelcolosi.com.br\/index.php\/wp-json\/wp\/v2\/users\/1"}],"replies":[{"embeddable":true,"href":"https:\/\/ismaelcolosi.com.br\/index.php\/wp-json\/wp\/v2\/comments?post=52497"}],"version-history":[{"count":0,"href":"https:\/\/ismaelcolosi.com.br\/index.php\/wp-json\/wp\/v2\/posts\/52497\/revisions"}],"wp:featuredmedia":[{"embeddable":true,"href":"https:\/\/ismaelcolosi.com.br\/index.php\/wp-json\/wp\/v2\/media\/52498"}],"wp:attachment":[{"href":"https:\/\/ismaelcolosi.com.br\/index.php\/wp-json\/wp\/v2\/media?parent=52497"}],"wp:term":[{"taxonomy":"category","embeddable":true,"href":"https:\/\/ismaelcolosi.com.br\/index.php\/wp-json\/wp\/v2\/categories?post=52497"},{"taxonomy":"post_tag","embeddable":true,"href":"https:\/\/ismaelcolosi.com.br\/index.php\/wp-json\/wp\/v2\/tags?post=52497"}],"curies":[{"name":"wp","href":"https:\/\/api.w.org\/{rel}","templated":true}]}}