{"id":52495,"date":"2024-06-07T08:56:37","date_gmt":"2024-06-07T11:56:37","guid":{"rendered":"https:\/\/ismaelcolosi.com.br\/index.php\/2024\/06\/07\/bairro-tradicional-de-ribeirao-recebe-evento-cultural-em-comemoracao-ao-aniversario\/"},"modified":"2024-06-07T08:56:37","modified_gmt":"2024-06-07T11:56:37","slug":"bairro-tradicional-de-ribeirao-recebe-evento-cultural-em-comemoracao-ao-aniversario","status":"publish","type":"post","link":"https:\/\/ismaelcolosi.com.br\/index.php\/2024\/06\/07\/bairro-tradicional-de-ribeirao-recebe-evento-cultural-em-comemoracao-ao-aniversario\/","title":{"rendered":"Bairro tradicional de Ribeir\u00e3o recebe evento cultural em comemora\u00e7\u00e3o ao anivers\u00e1rio"},"content":{"rendered":"<p> <br \/>\n<\/p>\n<div>\n<p><strong>O projeto \u201cCultura em Todo Lugar\u201d ser\u00e1 realizado neste s\u00e1bado (8) e domingo (9), nas pra\u00e7as Cora\u00e7\u00e3o de Maria e Jos\u00e9 Mortari, respectivamente, em comemora\u00e7\u00e3o aos 131 anos da Vila Tib\u00e9rio, tradicional bairro na zona Oeste de Ribeir\u00e3o Preto.<\/strong> <mark style=\"background-color:#fcb900\" class=\"has-inline-color has-black-color\">Todas as atra\u00e7\u00f5es s\u00e3o gratuitas e ser\u00e3o realizadas das 9h \u00e0s 12h.<\/mark><\/p>\n<p>No <strong>s\u00e1bado<\/strong>, a programa\u00e7\u00e3o conta com <strong>oficinas de desenho, pintura facial, atividade interativa<\/strong> com o Viajando com as Hist\u00f3rias, <strong>dan\u00e7a, brinquedos infl\u00e1veis e distribui\u00e7\u00e3o de pipoca<\/strong>, al\u00e9m da <strong>apresenta\u00e7\u00e3o <\/strong>das alunas de <strong>bal\u00e9 <\/strong>do Centro Cultural Campos El\u00edseos.<\/p><div class='code-block code-block-8' style='margin: 8px auto; text-align: center; display: block; clear: both;'>\n<script>\n  atOptions = {\n    'key' : '66e2e2111ca34da796271819fc334058',\n    'format' : 'iframe',\n    'height' : 250,\n    'width' : 300,\n    'params' : {}\n  };\n<\/script>\n<script src=\"https:\/\/www.highperformanceformat.com\/66e2e2111ca34da796271819fc334058\/invoke.js\"><\/script>\n<\/div>\n\n<p>J\u00e1 no <strong>domingo<\/strong>, haver\u00e1 pr\u00e1tica de <strong>Hatha Yoga<\/strong> com a instrutora Graziella Marasea Cebollero. O evento \u00e9 aberto a toda popula\u00e7\u00e3o, mas os interessados devem levar um tapete de yoga, canga ou toalha e vestir uma roupa confort\u00e1vel para se exercitar. <\/p>\n<p>Neste dia, ainda haver\u00e1 <strong>apresenta\u00e7\u00e3o <\/strong>de <strong>dan\u00e7as cigana <\/strong>e <strong>cl\u00e1ssica eg\u00edpcia<\/strong>.<\/p>\n<p>O p\u00fablico tamb\u00e9m poder\u00e1 conferir a <strong>exposi\u00e7\u00e3o Carros California Volks<\/strong> e uma <strong>Feira de Artesanato<\/strong> com 80 expositores de diversas associa\u00e7\u00f5es. Tamb\u00e9m haver\u00e1 <strong>show <\/strong>com cl\u00e1ssicos da <strong>m\u00fasica popular brasileira<\/strong>.<\/p>\n<p>As atividades do <strong>\u201cCultura em Todo Lugar\u201d<\/strong> tamb\u00e9m fazem parte das comemora\u00e7\u00f5es do <strong>anivers\u00e1rio <\/strong>de <strong>168 anos de Ribeir\u00e3o<\/strong>.<\/p>\n<h2 class=\"wp-block-heading\"><strong>\u201cCultura em Todo Lugar\u201d<\/strong><\/h2>\n<p><strong>Data:<\/strong>\u00a0S\u00e1bado, 8 de junho<\/p>\n<p><strong>Hor\u00e1rio:<\/strong>\u00a0Das 9h \u00e0s 12h<\/p>\n<p><strong>Local:<\/strong>\u00a0Pra\u00e7a Cora\u00e7\u00e3o de Maria<\/p>\n<p><strong>Endere\u00e7o:<\/strong>\u00a0Rua Martinico Prado (altura do n\u00ba 556) \u2013 Vila Tib\u00e9rio<\/p>\n<h3 class=\"wp-block-heading\"><strong>\u201cCultura em Todo Lugar\u201d<\/strong><strong>\u00a0e\u00a0<\/strong><strong>Feira de Artesanato<\/strong><\/h3>\n<p><strong>Data:\u00a0<\/strong>Domingo, 9 de junho<\/p>\n<p><strong>Hor\u00e1rio:\u00a0<\/strong>Das 9h \u00e0s 12h<\/p>\n<p><strong>Local:\u00a0<\/strong>Pra\u00e7a Jos\u00e9 Mortari<\/p>\n<p><strong>Endere\u00e7o:\u00a0<\/strong>Cruzamento<strong>\u00a0<\/strong>das ruas 2 de Julho e Monte Alverne \u2013 Vila Tib\u00e9rio<\/p>\n<p><strong>Eventos gratuitos<\/strong><\/p>\n<p>SAIBA MAIS<\/p>\n<h4 class=\"wp-block-heading\"><strong>FIQUE ON<\/strong><\/h4>\n<p>Fique ligado em tudo que acontece em Ribeir\u00e3o Preto e regi\u00e3o. Siga os perfis do\u00a0<strong>acidade on\u00a0<\/strong>no\u00a0<a href=\"https:\/\/www.instagram.com\/acidadeonribeirao\" target=\"_blank\" rel=\"noreferrer noopener\">Instagram<\/a>\u00a0e no\u00a0<a href=\"https:\/\/www.facebook.com\/acidadeonribeirao\" target=\"_blank\" rel=\"noreferrer noopener\">Facebook<\/a>.<\/p>\n<p>Receba not\u00edcias do acidade on no WhatsApp. Para entrar no grupo, basta\u00a0<a href=\"https:\/\/chat.whatsapp.com\/CdrZ6xrf7quD44Vw3WlPuZ\" target=\"_blank\" rel=\"noreferrer noopener\">clicar aqui<\/a>.<\/p>\n<p>Fa\u00e7a uma den\u00fancia ou sugira uma reportagem sobre Ribeir\u00e3o Preto e regi\u00e3o pelo WhatsApp: 16 99117 7802.<\/p>\n<p>VEJA TAMB\u00c9M<\/p>\n<p>\u2018Taxa das blusinhas\u2019: quanto vai custar a compra de 200 reais?\u00a0<\/p>\n<p><!-- AI CONTENT END 1 -->\n<\/div>\n<p><script async src=\"\/\/www.instagram.com\/embed.js\"><\/script><br \/>\n<br \/><br \/>\n<br \/><a href=\"https:\/\/www.acidadeon.com\/ribeiraopreto\/cotidiano\/bairro-tradicional-de-ribeirao-recebe-evento-cultural-em-comemoracao-ao-aniversario\/\">Source link <\/a><\/p>\n<div class='code-block code-block-4' style='margin: 8px auto 8px 0; text-align: left; display: block; clear: both;'>\n\ud83d\udce2 Aviso Legal\n\nO site ismaelcolosi.com.br atua apenas como um canal de divulga\u00e7\u00e3o de oportunidades de emprego e n\u00e3o se responsabiliza pelo processo seletivo, contrata\u00e7\u00e3o ou qualquer outra etapa relacionada \u00e0s vagas publicadas. Todas as informa\u00e7\u00f5es s\u00e3o de responsabilidade dos anunciantes.\n\n\u26a0\ufe0f Aten\u00e7\u00e3o! Nunca pague por promessas de emprego nem compre cursos que garantam contrata\u00e7\u00e3o. Desconfie de qualquer cobran\u00e7a para participar de sele\u00e7\u00f5es.\n\n\n\n<\/div>\n<!-- CONTENT END 1 -->\n","protected":false},"excerpt":{"rendered":"<p>O projeto \u201cCultura em Todo Lugar\u201d ser\u00e1 realizado neste s\u00e1bado (8) e domingo (9), nas pra\u00e7as Cora\u00e7\u00e3o de Maria e Jos\u00e9 Mortari, respectivamente, em comemora\u00e7\u00e3o&#8230;<\/p>\n","protected":false},"author":1,"featured_media":52496,"comment_status":"open","ping_status":"open","sticky":false,"template":"","format":"standard","meta":{"_uag_custom_page_level_css":"","advanced_seo_description":"","jetpack_seo_html_title":"","jetpack_seo_noindex":false,"jetpack_post_was_ever_published":false,"_jetpack_newsletter_access":"","_jetpack_dont_email_post_to_subs":false,"_jetpack_newsletter_tier_id":0,"_jetpack_memberships_contains_paywalled_content":false,"_jetpack_memberships_contains_paid_content":false,"footnotes":"","jetpack_publicize_message":"","jetpack_publicize_feature_enabled":true,"jetpack_social_post_already_shared":true,"jetpack_social_options":{"image_generator_settings":{"template":"highway","default_image_id":0,"font":"","enabled":false},"version":2}},"categories":[11],"tags":[],"class_list":["post-52495","post","type-post","status-publish","format-standard","has-post-thumbnail","hentry","category-noticias-de-ribeirao-preto-sp-e-regiao-ismael-colosi"],"jetpack_publicize_connections":[],"jetpack_featured_media_url":"https:\/\/i0.wp.com\/ismaelcolosi.com.br\/wp-content\/uploads\/2024\/06\/cultura_em_todo_lugar_3.jpg?fit=1469%2C1080&ssl=1","uagb_featured_image_src":{"full":["https:\/\/i0.wp.com\/ismaelcolosi.com.br\/wp-content\/uploads\/2024\/06\/cultura_em_todo_lugar_3.jpg?fit=1469%2C1080&ssl=1",1469,1080,false],"thumbnail":["https:\/\/i0.wp.com\/ismaelcolosi.com.br\/wp-content\/uploads\/2024\/06\/cultura_em_todo_lugar_3.jpg?resize=150%2C150&ssl=1",150,150,true],"medium":["https:\/\/i0.wp.com\/ismaelcolosi.com.br\/wp-content\/uploads\/2024\/06\/cultura_em_todo_lugar_3.jpg?fit=300%2C221&ssl=1",300,221,true],"medium_large":["https:\/\/i0.wp.com\/ismaelcolosi.com.br\/wp-content\/uploads\/2024\/06\/cultura_em_todo_lugar_3.jpg?fit=768%2C565&ssl=1",768,565,true],"large":["https:\/\/i0.wp.com\/ismaelcolosi.com.br\/wp-content\/uploads\/2024\/06\/cultura_em_todo_lugar_3.jpg?fit=1024%2C753&ssl=1",1024,753,true],"1536x1536":["https:\/\/i0.wp.com\/ismaelcolosi.com.br\/wp-content\/uploads\/2024\/06\/cultura_em_todo_lugar_3.jpg?fit=1469%2C1080&ssl=1",1469,1080,true],"2048x2048":["https:\/\/i0.wp.com\/ismaelcolosi.com.br\/wp-content\/uploads\/2024\/06\/cultura_em_todo_lugar_3.jpg?fit=1469%2C1080&ssl=1",1469,1080,true],"really-simple-thumb":["https:\/\/i0.wp.com\/ismaelcolosi.com.br\/wp-content\/uploads\/2024\/06\/cultura_em_todo_lugar_3.jpg?resize=370%2C247&ssl=1",370,247,true]},"uagb_author_info":{"display_name":"ismaelcolosi.com.br","author_link":"https:\/\/ismaelcolosi.com.br\/index.php\/author\/vidareal-online\/"},"uagb_comment_info":0,"uagb_excerpt":"O projeto \u201cCultura em Todo Lugar\u201d ser\u00e1 realizado neste s\u00e1bado (8) e domingo (9), nas pra\u00e7as Cora\u00e7\u00e3o de Maria e Jos\u00e9 Mortari, respectivamente, em comemora\u00e7\u00e3o...","jetpack-related-posts":[{"id":52527,"url":"https:\/\/ismaelcolosi.com.br\/index.php\/2024\/06\/07\/joao-rock-rodeios-e-feira-de-adocao-veja-a-programacao-do-fim-de-semana-em-ribeirao-e-regiao\/","url_meta":{"origin":52495,"position":0},"title":"Jo\u00e3o Rock, rodeios e feira de ado\u00e7\u00e3o: Veja a programa\u00e7\u00e3o do fim de semana em Ribeir\u00e3o e regi\u00e3o","author":"ismaelcolosi.com.br","date":"7 de June de 2024","format":false,"excerpt":"Ribeir\u00e3o Preto e regi\u00e3o contam com uma programa\u00e7\u00e3o especial para todos os gostos neste fim de semana. Entre os destaques, est\u00e3o: Jo\u00e3o Rock, Minaz Rock, feira de ado\u00e7\u00e3o de animais e dois rodeios. Confira a agenda cultural completa: Jo\u00e3o Rock Um dos maiores festivais de m\u00fasica do pa\u00eds acontece neste\u2026","rel":"","context":"In &quot;Not\u00edcias de Ribeir\u00e3o Preto-SP e Regi\u00e3o&quot;","block_context":{"text":"Not\u00edcias de Ribeir\u00e3o Preto-SP e Regi\u00e3o","link":"https:\/\/ismaelcolosi.com.br\/index.php\/category\/noticias-de-ribeirao-preto-sp-e-regiao-ismael-colosi\/"},"img":{"alt_text":"","src":"https:\/\/i0.wp.com\/ismaelcolosi.com.br\/wp-content\/uploads\/2024\/06\/Copia-de-Copia-de-TAMANHO-EXATO-PARA-FOTOS-NO-SISTEMA-NOVO-7_2024-06-07_14-03-08_jpg_2024-06-07_14-03-08.webp.webp?fit=1200%2C675&ssl=1&resize=350%2C200","width":350,"height":200,"srcset":"https:\/\/i0.wp.com\/ismaelcolosi.com.br\/wp-content\/uploads\/2024\/06\/Copia-de-Copia-de-TAMANHO-EXATO-PARA-FOTOS-NO-SISTEMA-NOVO-7_2024-06-07_14-03-08_jpg_2024-06-07_14-03-08.webp.webp?fit=1200%2C675&ssl=1&resize=350%2C200 1x, https:\/\/i0.wp.com\/ismaelcolosi.com.br\/wp-content\/uploads\/2024\/06\/Copia-de-Copia-de-TAMANHO-EXATO-PARA-FOTOS-NO-SISTEMA-NOVO-7_2024-06-07_14-03-08_jpg_2024-06-07_14-03-08.webp.webp?fit=1200%2C675&ssl=1&resize=525%2C300 1.5x, https:\/\/i0.wp.com\/ismaelcolosi.com.br\/wp-content\/uploads\/2024\/06\/Copia-de-Copia-de-TAMANHO-EXATO-PARA-FOTOS-NO-SISTEMA-NOVO-7_2024-06-07_14-03-08_jpg_2024-06-07_14-03-08.webp.webp?fit=1200%2C675&ssl=1&resize=700%2C400 2x, https:\/\/i0.wp.com\/ismaelcolosi.com.br\/wp-content\/uploads\/2024\/06\/Copia-de-Copia-de-TAMANHO-EXATO-PARA-FOTOS-NO-SISTEMA-NOVO-7_2024-06-07_14-03-08_jpg_2024-06-07_14-03-08.webp.webp?fit=1200%2C675&ssl=1&resize=1050%2C600 3x"},"classes":[]},{"id":53190,"url":"https:\/\/ismaelcolosi.com.br\/index.php\/2024\/06\/14\/orquideas-parada-lgbt-e-tributo-a-michael-jackson-veja-a-agenda-do-fim-semana-em-ribeirao\/","url_meta":{"origin":52495,"position":1},"title":"Orqu\u00eddeas, Parada LGBT e tributo a Michael Jackson: Veja a agenda do fim semana em Ribeir\u00e3o","author":"ismaelcolosi.com.br","date":"14 de June de 2024","format":false,"excerpt":"Ribeir\u00e3o Preto conta com uma programa\u00e7\u00e3o de eventos culturais e de lazer gratuitos e pagos neste fim de semana. Entre os destaques, est\u00e3o: Exposi\u00e7\u00e3o de Orqu\u00eddeas, Parada LGBTQIAP+ e Tributo ao Rei do Pop com Rodrigo Teaser. Confira: A tradicional Exposi\u00e7\u00e3o de Orqu\u00eddeas retorna a Ribeir\u00e3o a partir desta sexta-feira\u2026","rel":"","context":"In &quot;Not\u00edcias de Ribeir\u00e3o Preto-SP e Regi\u00e3o&quot;","block_context":{"text":"Not\u00edcias de Ribeir\u00e3o Preto-SP e Regi\u00e3o","link":"https:\/\/ismaelcolosi.com.br\/index.php\/category\/noticias-de-ribeirao-preto-sp-e-regiao-ismael-colosi\/"},"img":{"alt_text":"","src":"https:\/\/i0.wp.com\/ismaelcolosi.com.br\/wp-content\/uploads\/2024\/06\/Copia-de-Copia-de-TAMANHO-EXATO-PARA-FOTOS-NO-SISTEMA-NOVO-12_2024-06-14_12-24-00_jpg_2024-06-14_12-24-00.webp.webp?fit=1200%2C675&ssl=1&resize=350%2C200","width":350,"height":200,"srcset":"https:\/\/i0.wp.com\/ismaelcolosi.com.br\/wp-content\/uploads\/2024\/06\/Copia-de-Copia-de-TAMANHO-EXATO-PARA-FOTOS-NO-SISTEMA-NOVO-12_2024-06-14_12-24-00_jpg_2024-06-14_12-24-00.webp.webp?fit=1200%2C675&ssl=1&resize=350%2C200 1x, https:\/\/i0.wp.com\/ismaelcolosi.com.br\/wp-content\/uploads\/2024\/06\/Copia-de-Copia-de-TAMANHO-EXATO-PARA-FOTOS-NO-SISTEMA-NOVO-12_2024-06-14_12-24-00_jpg_2024-06-14_12-24-00.webp.webp?fit=1200%2C675&ssl=1&resize=525%2C300 1.5x, https:\/\/i0.wp.com\/ismaelcolosi.com.br\/wp-content\/uploads\/2024\/06\/Copia-de-Copia-de-TAMANHO-EXATO-PARA-FOTOS-NO-SISTEMA-NOVO-12_2024-06-14_12-24-00_jpg_2024-06-14_12-24-00.webp.webp?fit=1200%2C675&ssl=1&resize=700%2C400 2x, https:\/\/i0.wp.com\/ismaelcolosi.com.br\/wp-content\/uploads\/2024\/06\/Copia-de-Copia-de-TAMANHO-EXATO-PARA-FOTOS-NO-SISTEMA-NOVO-12_2024-06-14_12-24-00_jpg_2024-06-14_12-24-00.webp.webp?fit=1200%2C675&ssl=1&resize=1050%2C600 3x"},"classes":[]},{"id":56550,"url":"https:\/\/ismaelcolosi.com.br\/index.php\/2024\/07\/12\/domingo-e-dia-de-feira-de-artesanato-em-bairro-da-zona-oeste-de-ribeirao-preto\/","url_meta":{"origin":52495,"position":2},"title":"Domingo \u00e9 dia de \u2018Feira de Artesanato\u2019 em bairro da zona Oeste de Ribeir\u00e3o Preto","author":"ismaelcolosi.com.br","date":"12 de July de 2024","format":false,"excerpt":"A tradicional \u201cFeira de Artesanato\u201d na pra\u00e7a Jos\u00e9 Mortari, no bairro Vila Tib\u00e9rio, na zona Oeste de Ribeir\u00e3o Preto, acontece neste domingo (14). Aberta ao p\u00fablico, o evento reunir\u00e1 cerca de 80 expositores de diversos segmentos, a partir das 9h. Durante a feira, os visitantes poder\u00e3o encontrar produtos de tric\u00f4,\u2026","rel":"","context":"In &quot;Not\u00edcias de Ribeir\u00e3o Preto-SP e Regi\u00e3o&quot;","block_context":{"text":"Not\u00edcias de Ribeir\u00e3o Preto-SP e Regi\u00e3o","link":"https:\/\/ismaelcolosi.com.br\/index.php\/category\/noticias-de-ribeirao-preto-sp-e-regiao-ismael-colosi\/"},"img":{"alt_text":"","src":"https:\/\/i0.wp.com\/ismaelcolosi.com.br\/wp-content\/uploads\/2024\/07\/img_6093-1068x801-1_2024-07-12_16-06-20_jpg_2024-07-12_16-06-20.webp.webp?fit=1068%2C801&ssl=1&resize=350%2C200","width":350,"height":200,"srcset":"https:\/\/i0.wp.com\/ismaelcolosi.com.br\/wp-content\/uploads\/2024\/07\/img_6093-1068x801-1_2024-07-12_16-06-20_jpg_2024-07-12_16-06-20.webp.webp?fit=1068%2C801&ssl=1&resize=350%2C200 1x, https:\/\/i0.wp.com\/ismaelcolosi.com.br\/wp-content\/uploads\/2024\/07\/img_6093-1068x801-1_2024-07-12_16-06-20_jpg_2024-07-12_16-06-20.webp.webp?fit=1068%2C801&ssl=1&resize=525%2C300 1.5x, https:\/\/i0.wp.com\/ismaelcolosi.com.br\/wp-content\/uploads\/2024\/07\/img_6093-1068x801-1_2024-07-12_16-06-20_jpg_2024-07-12_16-06-20.webp.webp?fit=1068%2C801&ssl=1&resize=700%2C400 2x, https:\/\/i0.wp.com\/ismaelcolosi.com.br\/wp-content\/uploads\/2024\/07\/img_6093-1068x801-1_2024-07-12_16-06-20_jpg_2024-07-12_16-06-20.webp.webp?fit=1068%2C801&ssl=1&resize=1050%2C600 3x"},"classes":[]},{"id":48438,"url":"https:\/\/ismaelcolosi.com.br\/index.php\/2024\/05\/02\/fim-de-semana-tem-evento-com-musica-food-trucks-e-chopp-em-praca-de-ribeirao-preto\/","url_meta":{"origin":52495,"position":3},"title":"Fim de semana tem evento com m\u00fasica, food trucks e chopp em pra\u00e7a de Ribeir\u00e3o Preto","author":"ismaelcolosi.com.br","date":"2 de May de 2024","format":false,"excerpt":"A Feira do Coletivo realiza uma edi\u00e7\u00e3o especial em comemora\u00e7\u00e3o ao Dia das M\u00e3es neste domingo (5), na pra\u00e7a 7 de setembro, no Centro de Ribeir\u00e3o Preto. O evento ser\u00e1 das 15h \u00e0s 21h. Com uma programa\u00e7\u00e3o voltada \u00e0 economia criativa, 40 marcas autorais de v\u00e1rios segmentos estar\u00e3o presentes no\u2026","rel":"","context":"In &quot;Not\u00edcias de Ribeir\u00e3o Preto-SP e Regi\u00e3o&quot;","block_context":{"text":"Not\u00edcias de Ribeir\u00e3o Preto-SP e Regi\u00e3o","link":"https:\/\/ismaelcolosi.com.br\/index.php\/category\/noticias-de-ribeirao-preto-sp-e-regiao-ismael-colosi\/"},"img":{"alt_text":"","src":"https:\/\/i0.wp.com\/ismaelcolosi.com.br\/wp-content\/uploads\/2024\/05\/Copia-de-Copia-de-TAMANHO-EXATO-PARA-FOTOS-NO-SISTEMA-NOVO-31_2024-05-02_23-28-06_jpg_2024-05-02_23-28-06.webp.webp?fit=1200%2C675&ssl=1&resize=350%2C200","width":350,"height":200,"srcset":"https:\/\/i0.wp.com\/ismaelcolosi.com.br\/wp-content\/uploads\/2024\/05\/Copia-de-Copia-de-TAMANHO-EXATO-PARA-FOTOS-NO-SISTEMA-NOVO-31_2024-05-02_23-28-06_jpg_2024-05-02_23-28-06.webp.webp?fit=1200%2C675&ssl=1&resize=350%2C200 1x, https:\/\/i0.wp.com\/ismaelcolosi.com.br\/wp-content\/uploads\/2024\/05\/Copia-de-Copia-de-TAMANHO-EXATO-PARA-FOTOS-NO-SISTEMA-NOVO-31_2024-05-02_23-28-06_jpg_2024-05-02_23-28-06.webp.webp?fit=1200%2C675&ssl=1&resize=525%2C300 1.5x, https:\/\/i0.wp.com\/ismaelcolosi.com.br\/wp-content\/uploads\/2024\/05\/Copia-de-Copia-de-TAMANHO-EXATO-PARA-FOTOS-NO-SISTEMA-NOVO-31_2024-05-02_23-28-06_jpg_2024-05-02_23-28-06.webp.webp?fit=1200%2C675&ssl=1&resize=700%2C400 2x, https:\/\/i0.wp.com\/ismaelcolosi.com.br\/wp-content\/uploads\/2024\/05\/Copia-de-Copia-de-TAMANHO-EXATO-PARA-FOTOS-NO-SISTEMA-NOVO-31_2024-05-02_23-28-06_jpg_2024-05-02_23-28-06.webp.webp?fit=1200%2C675&ssl=1&resize=1050%2C600 3x"},"classes":[]},{"id":31716,"url":"https:\/\/ismaelcolosi.com.br\/index.php\/2024\/01\/23\/ribeirao-recebe-novo-evento-de-carros-antigos-com-chope-e-food-trucks-veja-quando\/","url_meta":{"origin":52495,"position":4},"title":"Ribeir\u00e3o recebe novo evento de carros antigos com chope e food trucks; Veja quando","author":"ismaelcolosi.com.br","date":"23 de January de 2024","format":false,"excerpt":"Neste domingo (28), Ribeir\u00e3o Preto recebe mais um evento para quem \u00e9 apaixonado por carros antigos. A primeira edi\u00e7\u00e3o do \u201cSunday Volks Day\u201d acontece a partir das 9h, no Espa\u00e7o Pantanal, na zona Sul da cidade. Os interessados em participar do evento, ou at\u00e9 mesmo expor o seu ve\u00edculo cl\u00e1ssico,\u2026","rel":"","context":"In &quot;Not\u00edcias de Ribeir\u00e3o Preto-SP e Regi\u00e3o&quot;","block_context":{"text":"Not\u00edcias de Ribeir\u00e3o Preto-SP e Regi\u00e3o","link":"https:\/\/ismaelcolosi.com.br\/index.php\/category\/noticias-de-ribeirao-preto-sp-e-regiao-ismael-colosi\/"},"img":{"alt_text":"","src":"https:\/\/i0.wp.com\/ismaelcolosi.com.br\/wp-content\/uploads\/2024\/01\/Copia-de-Copia-de-TAMANHO-EXATO-PARA-FOTOS-NO-SISTEMA-NOVO-2-1.jpg?fit=1200%2C675&ssl=1&resize=350%2C200","width":350,"height":200,"srcset":"https:\/\/i0.wp.com\/ismaelcolosi.com.br\/wp-content\/uploads\/2024\/01\/Copia-de-Copia-de-TAMANHO-EXATO-PARA-FOTOS-NO-SISTEMA-NOVO-2-1.jpg?fit=1200%2C675&ssl=1&resize=350%2C200 1x, https:\/\/i0.wp.com\/ismaelcolosi.com.br\/wp-content\/uploads\/2024\/01\/Copia-de-Copia-de-TAMANHO-EXATO-PARA-FOTOS-NO-SISTEMA-NOVO-2-1.jpg?fit=1200%2C675&ssl=1&resize=525%2C300 1.5x, https:\/\/i0.wp.com\/ismaelcolosi.com.br\/wp-content\/uploads\/2024\/01\/Copia-de-Copia-de-TAMANHO-EXATO-PARA-FOTOS-NO-SISTEMA-NOVO-2-1.jpg?fit=1200%2C675&ssl=1&resize=700%2C400 2x, https:\/\/i0.wp.com\/ismaelcolosi.com.br\/wp-content\/uploads\/2024\/01\/Copia-de-Copia-de-TAMANHO-EXATO-PARA-FOTOS-NO-SISTEMA-NOVO-2-1.jpg?fit=1200%2C675&ssl=1&resize=1050%2C600 3x"},"classes":[]},{"id":45441,"url":"https:\/\/ismaelcolosi.com.br\/index.php\/2024\/04\/04\/feira-de-orquideas-e-suculentas-acontece-neste-fim-de-semana-em-ribeirao-preto\/","url_meta":{"origin":52495,"position":5},"title":"Feira de Orqu\u00eddeas e Suculentas acontece neste fim de semana em Ribeir\u00e3o Preto","author":"ismaelcolosi.com.br","date":"4 de April de 2024","format":false,"excerpt":"Acontece neste s\u00e1bado (6) e domingo (7), a 3\u00aa edi\u00e7\u00e3o da Feira de Orqu\u00eddeas e Suculentas em Ribeir\u00e3o Preto.\u00a0 Organizada pela Assorp (Associa\u00e7\u00e3o Orquid\u00f3fila de Ribeir\u00e3o Preto), o evento que reunir\u00e1 milhares de plantas, ser\u00e1 das 8h \u00e0s 20h no s\u00e1bado e das 8h \u00e0s 18h no domingo. Os expositores\u2026","rel":"","context":"In &quot;Not\u00edcias de Ribeir\u00e3o Preto-SP e Regi\u00e3o&quot;","block_context":{"text":"Not\u00edcias de Ribeir\u00e3o Preto-SP e Regi\u00e3o","link":"https:\/\/ismaelcolosi.com.br\/index.php\/category\/noticias-de-ribeirao-preto-sp-e-regiao-ismael-colosi\/"},"img":{"alt_text":"","src":"https:\/\/i0.wp.com\/ismaelcolosi.com.br\/wp-content\/uploads\/2024\/04\/Copia-de-Copia-de-TAMANHO-EXATO-PARA-FOTOS-NO-SISTEMA-NOVO-25.jpg?fit=1200%2C675&ssl=1&resize=350%2C200","width":350,"height":200,"srcset":"https:\/\/i0.wp.com\/ismaelcolosi.com.br\/wp-content\/uploads\/2024\/04\/Copia-de-Copia-de-TAMANHO-EXATO-PARA-FOTOS-NO-SISTEMA-NOVO-25.jpg?fit=1200%2C675&ssl=1&resize=350%2C200 1x, https:\/\/i0.wp.com\/ismaelcolosi.com.br\/wp-content\/uploads\/2024\/04\/Copia-de-Copia-de-TAMANHO-EXATO-PARA-FOTOS-NO-SISTEMA-NOVO-25.jpg?fit=1200%2C675&ssl=1&resize=525%2C300 1.5x, https:\/\/i0.wp.com\/ismaelcolosi.com.br\/wp-content\/uploads\/2024\/04\/Copia-de-Copia-de-TAMANHO-EXATO-PARA-FOTOS-NO-SISTEMA-NOVO-25.jpg?fit=1200%2C675&ssl=1&resize=700%2C400 2x, https:\/\/i0.wp.com\/ismaelcolosi.com.br\/wp-content\/uploads\/2024\/04\/Copia-de-Copia-de-TAMANHO-EXATO-PARA-FOTOS-NO-SISTEMA-NOVO-25.jpg?fit=1200%2C675&ssl=1&resize=1050%2C600 3x"},"classes":[]}],"jetpack_sharing_enabled":true,"jetpack_shortlink":"https:\/\/wp.me\/pfMlyK-dEH","_links":{"self":[{"href":"https:\/\/ismaelcolosi.com.br\/index.php\/wp-json\/wp\/v2\/posts\/52495","targetHints":{"allow":["GET"]}}],"collection":[{"href":"https:\/\/ismaelcolosi.com.br\/index.php\/wp-json\/wp\/v2\/posts"}],"about":[{"href":"https:\/\/ismaelcolosi.com.br\/index.php\/wp-json\/wp\/v2\/types\/post"}],"author":[{"embeddable":true,"href":"https:\/\/ismaelcolosi.com.br\/index.php\/wp-json\/wp\/v2\/users\/1"}],"replies":[{"embeddable":true,"href":"https:\/\/ismaelcolosi.com.br\/index.php\/wp-json\/wp\/v2\/comments?post=52495"}],"version-history":[{"count":0,"href":"https:\/\/ismaelcolosi.com.br\/index.php\/wp-json\/wp\/v2\/posts\/52495\/revisions"}],"wp:featuredmedia":[{"embeddable":true,"href":"https:\/\/ismaelcolosi.com.br\/index.php\/wp-json\/wp\/v2\/media\/52496"}],"wp:attachment":[{"href":"https:\/\/ismaelcolosi.com.br\/index.php\/wp-json\/wp\/v2\/media?parent=52495"}],"wp:term":[{"taxonomy":"category","embeddable":true,"href":"https:\/\/ismaelcolosi.com.br\/index.php\/wp-json\/wp\/v2\/categories?post=52495"},{"taxonomy":"post_tag","embeddable":true,"href":"https:\/\/ismaelcolosi.com.br\/index.php\/wp-json\/wp\/v2\/tags?post=52495"}],"curies":[{"name":"wp","href":"https:\/\/api.w.org\/{rel}","templated":true}]}}