{"id":52491,"date":"2024-06-07T07:09:45","date_gmt":"2024-06-07T10:09:45","guid":{"rendered":"https:\/\/ismaelcolosi.com.br\/index.php\/2024\/06\/07\/friozinho-e-calor-continuam-veja-a-previsao-durante-o-fim-de-semana-no-interior-de-sp\/"},"modified":"2024-06-07T07:09:45","modified_gmt":"2024-06-07T10:09:45","slug":"friozinho-e-calor-continuam-veja-a-previsao-durante-o-fim-de-semana-no-interior-de-sp","status":"publish","type":"post","link":"https:\/\/ismaelcolosi.com.br\/index.php\/2024\/06\/07\/friozinho-e-calor-continuam-veja-a-previsao-durante-o-fim-de-semana-no-interior-de-sp\/","title":{"rendered":"Friozinho e calor continuam? Veja a previs\u00e3o durante o fim de semana no interior de SP"},"content":{"rendered":"<p> <br \/>\n<\/p>\n<div data-td-block-uid=\"tdi_106\">\n<div class=\"tdb-block-inner td-fix-index\">\n<p><strong>O bloqueio atmosf\u00e9rico segue em atua\u00e7\u00e3o e inibe a forma\u00e7\u00e3o de nuvens carregadas durante o fim de semana no interior de S\u00e3o Paulo.<\/strong><\/p>\n<p>Segundo a <a href=\"https:\/\/www.climatempo.com.br\/\" target=\"_blank\" rel=\"noreferrer noopener\">Climatempo<\/a>, <mark style=\"background-color:#fcb900\" class=\"has-inline-color has-black-color\">o veranico \u2013 per\u00edodo com previs\u00e3o de temperaturas entre 3\u00b0C a 5\u00b0C\u00a0acima da m\u00e9dia, tempo seco e sem chuva \u2013 deve continuar pelo menos at\u00e9 o dia 14 de junho.<\/mark><\/p><div class='code-block code-block-8' style='margin: 8px auto; text-align: center; display: block; clear: both;'>\n<script>\n  atOptions = {\n    'key' : '66e2e2111ca34da796271819fc334058',\n    'format' : 'iframe',\n    'height' : 250,\n    'width' : 300,\n    'params' : {}\n  };\n<\/script>\n<script src=\"https:\/\/www.highperformanceformat.com\/66e2e2111ca34da796271819fc334058\/invoke.js\"><\/script>\n<\/div>\n\n<blockquote class=\"wp-block-quote\">\n<p>\u201cO centro desta massa de ar seco est\u00e1 entre o Centro-Oeste do Brasil, Paraguai e Bol\u00edvia.\u00a0Esse ar espalhado sobre quase todo o Brasil\u00a0 tamb\u00e9m influencia o Sudeste,\u00a0 deixando quase toda a regi\u00e3o com muito sol, baixa umidade e temperaturas acima do normal para esta \u00e9poca do ano\u201d<\/p>\n<p><cite>Climatempo<\/cite><\/p><\/blockquote>\n<p>Como as <strong>manh\u00e3s <\/strong>ficam mais <strong>frias<\/strong>, a <strong>diferen\u00e7a <\/strong>entre a <strong>menor <\/strong>e a <strong>maior temperatura <\/strong>do dia, chamada de <strong>amplitude t\u00e9rmica<\/strong>, pode continuar <strong>alta <\/strong>nos pr\u00f3ximos dias.<\/p>\n<p>Aten\u00e7\u00e3o para o <mark style=\"background-color:#fcb900\" class=\"has-inline-color has-black-color\">risco de baixa umidade do ar<\/mark>, pois o <strong>Centro-Oeste e o Norte do estado de S\u00e3o Paulo<\/strong>\u00a0podem ficar entre os locais mais <strong>secos\u00a0<\/strong>do pa\u00eds nesta <strong>sexta-feira (7)<\/strong>, de acordo com a <strong>Climatempo<\/strong>.<\/p>\n<h2 class=\"wp-block-heading\"><strong>Veja a previs\u00e3o do tempo nos pr\u00f3ximos dias em Ribeir\u00e3o Preto:<\/strong><\/h2>\n<p>15\u00b0C \/ 31\u00b0C<\/p>\n<p>Sol o dia todo sem nuvens no c\u00e9u. Noite de tempo aberto ainda sem nuvens.<\/p>\n<p>Chuva: 0 mm \/ 0%<\/p>\n<p>Umidade do ar: 36% \/ 86%<\/p>\n<p>16\u00b0C \/ 31\u00b0C<\/p>\n<p>Sol o dia todo sem nuvens no c\u00e9u. Noite de tempo aberto ainda sem nuvens.<\/p>\n<p>Chuva: 0 mm \/ 0%<\/p>\n<p>Umidade do ar: 33% \/ 87%<\/p>\n<p>17\u00b0C \/ 32\u00b0C<\/p>\n<p>Sol o dia todo sem nuvens no c\u00e9u. Noite de tempo aberto ainda sem nuvens.<\/p>\n<p>Chuva: 0 mm \/ 0%<\/p>\n<p>Umidade do ar: 33% \/ 86%<\/p>\n<p>Fonte: Climatempo<\/p>\n<p>SAIBA MAIS<\/p>\n<p>Confira os n\u00fameros da Mega-Sena; Apostas do interior de SP foram premiadas<\/p>\n<h4 class=\"wp-block-heading\"><strong>FIQUE ON<\/strong><\/h4>\n<p>Fique ligado em tudo que acontece em Ribeir\u00e3o Preto e regi\u00e3o. Siga os perfis do\u00a0<strong>acidade on\u00a0<\/strong>no\u00a0<a href=\"https:\/\/www.instagram.com\/acidadeonribeirao\" target=\"_blank\" rel=\"noreferrer noopener\">Instagram<\/a>\u00a0e no\u00a0<a href=\"https:\/\/www.facebook.com\/acidadeonribeirao\" target=\"_blank\" rel=\"noreferrer noopener\">Facebook<\/a>.<\/p>\n<p>Receba not\u00edcias do acidade on no WhatsApp. Para entrar no grupo, basta\u00a0<a href=\"https:\/\/chat.whatsapp.com\/CdrZ6xrf7quD44Vw3WlPuZ\" target=\"_blank\" rel=\"noreferrer noopener\">clicar aqui<\/a>.<\/p>\n<p>Fa\u00e7a uma den\u00fancia ou sugira uma reportagem sobre Ribeir\u00e3o Preto e regi\u00e3o pelo WhatsApp: 16 99117 7802.<\/p>\n<p>VEJA TAMB\u00c9M<\/p>\n<p>O que foi o Dia D?<\/p>\n<p><!-- AI CONTENT END 3 -->\n<\/div>\n<\/div>\n<p><script async src=\"\/\/www.instagram.com\/embed.js\"><\/script><br \/>\n<br \/><br \/>\n<br \/><a href=\"https:\/\/www.acidadeon.com\/ribeiraopreto\/cotidiano\/friozinho-e-calor-continuam-veja-a-previsao-durante-o-fim-de-semana-no-interior-de-sp\/\">Source link <\/a><\/p>\n<div class='code-block code-block-4' style='margin: 8px auto 8px 0; text-align: left; display: block; clear: both;'>\n\ud83d\udce2 Aviso Legal\n\nO site ismaelcolosi.com.br atua apenas como um canal de divulga\u00e7\u00e3o de oportunidades de emprego e n\u00e3o se responsabiliza pelo processo seletivo, contrata\u00e7\u00e3o ou qualquer outra etapa relacionada \u00e0s vagas publicadas. Todas as informa\u00e7\u00f5es s\u00e3o de responsabilidade dos anunciantes.\n\n\u26a0\ufe0f Aten\u00e7\u00e3o! Nunca pague por promessas de emprego nem compre cursos que garantam contrata\u00e7\u00e3o. Desconfie de qualquer cobran\u00e7a para participar de sele\u00e7\u00f5es.\n\n\n\n<\/div>\n<!-- CONTENT END 1 -->\n","protected":false},"excerpt":{"rendered":"<p>O bloqueio atmosf\u00e9rico segue em atua\u00e7\u00e3o e inibe a forma\u00e7\u00e3o de nuvens carregadas durante o fim de semana no interior de S\u00e3o Paulo. Segundo a&#8230;<\/p>\n","protected":false},"author":1,"featured_media":52492,"comment_status":"open","ping_status":"open","sticky":false,"template":"","format":"standard","meta":{"_uag_custom_page_level_css":"","advanced_seo_description":"","jetpack_seo_html_title":"","jetpack_seo_noindex":false,"jetpack_post_was_ever_published":false,"_jetpack_newsletter_access":"","_jetpack_dont_email_post_to_subs":false,"_jetpack_newsletter_tier_id":0,"_jetpack_memberships_contains_paywalled_content":false,"_jetpack_memberships_contains_paid_content":false,"footnotes":"","jetpack_publicize_message":"","jetpack_publicize_feature_enabled":true,"jetpack_social_post_already_shared":true,"jetpack_social_options":{"image_generator_settings":{"template":"highway","default_image_id":0,"font":"","enabled":false},"version":2}},"categories":[11],"tags":[],"class_list":["post-52491","post","type-post","status-publish","format-standard","has-post-thumbnail","hentry","category-noticias-de-ribeirao-preto-sp-e-regiao-ismael-colosi"],"jetpack_publicize_connections":[],"jetpack_featured_media_url":"https:\/\/i0.wp.com\/ismaelcolosi.com.br\/wp-content\/uploads\/2024\/06\/QuartafeiraaindatemfrioemSPNovafrentefriaestnoradardosmeteorologistas_Tamanho_2_image.jpg?fit=1200%2C900&ssl=1","uagb_featured_image_src":{"full":["https:\/\/i0.wp.com\/ismaelcolosi.com.br\/wp-content\/uploads\/2024\/06\/QuartafeiraaindatemfrioemSPNovafrentefriaestnoradardosmeteorologistas_Tamanho_2_image.jpg?fit=1200%2C900&ssl=1",1200,900,false],"thumbnail":["https:\/\/i0.wp.com\/ismaelcolosi.com.br\/wp-content\/uploads\/2024\/06\/QuartafeiraaindatemfrioemSPNovafrentefriaestnoradardosmeteorologistas_Tamanho_2_image.jpg?resize=150%2C150&ssl=1",150,150,true],"medium":["https:\/\/i0.wp.com\/ismaelcolosi.com.br\/wp-content\/uploads\/2024\/06\/QuartafeiraaindatemfrioemSPNovafrentefriaestnoradardosmeteorologistas_Tamanho_2_image.jpg?fit=300%2C225&ssl=1",300,225,true],"medium_large":["https:\/\/i0.wp.com\/ismaelcolosi.com.br\/wp-content\/uploads\/2024\/06\/QuartafeiraaindatemfrioemSPNovafrentefriaestnoradardosmeteorologistas_Tamanho_2_image.jpg?fit=768%2C576&ssl=1",768,576,true],"large":["https:\/\/i0.wp.com\/ismaelcolosi.com.br\/wp-content\/uploads\/2024\/06\/QuartafeiraaindatemfrioemSPNovafrentefriaestnoradardosmeteorologistas_Tamanho_2_image.jpg?fit=1024%2C768&ssl=1",1024,768,true],"1536x1536":["https:\/\/i0.wp.com\/ismaelcolosi.com.br\/wp-content\/uploads\/2024\/06\/QuartafeiraaindatemfrioemSPNovafrentefriaestnoradardosmeteorologistas_Tamanho_2_image.jpg?fit=1200%2C900&ssl=1",1200,900,true],"2048x2048":["https:\/\/i0.wp.com\/ismaelcolosi.com.br\/wp-content\/uploads\/2024\/06\/QuartafeiraaindatemfrioemSPNovafrentefriaestnoradardosmeteorologistas_Tamanho_2_image.jpg?fit=1200%2C900&ssl=1",1200,900,true],"really-simple-thumb":["https:\/\/i0.wp.com\/ismaelcolosi.com.br\/wp-content\/uploads\/2024\/06\/QuartafeiraaindatemfrioemSPNovafrentefriaestnoradardosmeteorologistas_Tamanho_2_image.jpg?resize=370%2C247&ssl=1",370,247,true]},"uagb_author_info":{"display_name":"ismaelcolosi.com.br","author_link":"https:\/\/ismaelcolosi.com.br\/index.php\/author\/vidareal-online\/"},"uagb_comment_info":0,"uagb_excerpt":"O bloqueio atmosf\u00e9rico segue em atua\u00e7\u00e3o e inibe a forma\u00e7\u00e3o de nuvens carregadas durante o fim de semana no interior de S\u00e3o Paulo. Segundo a...","jetpack-related-posts":[{"id":57250,"url":"https:\/\/ismaelcolosi.com.br\/index.php\/2024\/07\/19\/massa-de-ar-seco-vai-ficar-veja-previsao-para-o-fim-de-semana-no-interior-de-sp\/","url_meta":{"origin":52491,"position":0},"title":"Massa de ar seco vai ficar? Veja previs\u00e3o para o fim de semana no interior de SP","author":"ismaelcolosi.com.br","date":"19 de July de 2024","format":false,"excerpt":"Uma grande massa de ar seco se estabeleceu sobre o Brasil nesta semana devido a um bloqueio atmosf\u00e9rico que impede\u00a0a chegada de frentes frias ao interior de S\u00e3o Paulo. As temperaturas est\u00e3o em eleva\u00e7\u00e3o por causa do sol forte e o afastamento do ar polar. As noites e madrugadas, por\u00e9m,\u2026","rel":"","context":"In &quot;Not\u00edcias de Ribeir\u00e3o Preto-SP e Regi\u00e3o&quot;","block_context":{"text":"Not\u00edcias de Ribeir\u00e3o Preto-SP e Regi\u00e3o","link":"https:\/\/ismaelcolosi.com.br\/index.php\/category\/noticias-de-ribeirao-preto-sp-e-regiao-ismael-colosi\/"},"img":{"alt_text":"","src":"https:\/\/i0.wp.com\/ismaelcolosi.com.br\/wp-content\/uploads\/2024\/04\/RIBEIRAO-1_2024-04-25_17-33-23_jpg.webp.webp?fit=1200%2C617&ssl=1&resize=350%2C200","width":350,"height":200,"srcset":"https:\/\/i0.wp.com\/ismaelcolosi.com.br\/wp-content\/uploads\/2024\/04\/RIBEIRAO-1_2024-04-25_17-33-23_jpg.webp.webp?fit=1200%2C617&ssl=1&resize=350%2C200 1x, https:\/\/i0.wp.com\/ismaelcolosi.com.br\/wp-content\/uploads\/2024\/04\/RIBEIRAO-1_2024-04-25_17-33-23_jpg.webp.webp?fit=1200%2C617&ssl=1&resize=525%2C300 1.5x, https:\/\/i0.wp.com\/ismaelcolosi.com.br\/wp-content\/uploads\/2024\/04\/RIBEIRAO-1_2024-04-25_17-33-23_jpg.webp.webp?fit=1200%2C617&ssl=1&resize=700%2C400 2x, https:\/\/i0.wp.com\/ismaelcolosi.com.br\/wp-content\/uploads\/2024\/04\/RIBEIRAO-1_2024-04-25_17-33-23_jpg.webp.webp?fit=1200%2C617&ssl=1&resize=1050%2C600 3x"},"classes":[]},{"id":54034,"url":"https:\/\/ismaelcolosi.com.br\/index.php\/2024\/06\/21\/como-fica-o-tempo-no-primeiro-fim-de-semana-do-inverno-confira-previsao-no-interior-de-sp\/","url_meta":{"origin":52491,"position":1},"title":"Como fica o tempo no primeiro fim de semana do inverno? Confira previs\u00e3o no interior de SP","author":"ismaelcolosi.com.br","date":"21 de June de 2024","format":false,"excerpt":"O inverno come\u00e7ou na tarde desta quinta-feira (20), mas as temperaturas ainda devem continuar altas \u00e0 tarde no interior de S\u00e3o Paulo. Segundo a Climatempo, as quedas mais bruscas de temperatura na regi\u00e3o Sudeste s\u00e3o esperadas somente para o fim da esta\u00e7\u00e3o, em agosto e setembro, quando a frequ\u00eancia de\u2026","rel":"","context":"In &quot;Not\u00edcias de Ribeir\u00e3o Preto-SP e Regi\u00e3o&quot;","block_context":{"text":"Not\u00edcias de Ribeir\u00e3o Preto-SP e Regi\u00e3o","link":"https:\/\/ismaelcolosi.com.br\/index.php\/category\/noticias-de-ribeirao-preto-sp-e-regiao-ismael-colosi\/"},"img":{"alt_text":"","src":"https:\/\/i0.wp.com\/ismaelcolosi.com.br\/wp-content\/uploads\/2024\/06\/WhatsApp-Image-2023-09-14-at-09.35.50.jpeg?fit=1200%2C675&ssl=1&resize=350%2C200","width":350,"height":200,"srcset":"https:\/\/i0.wp.com\/ismaelcolosi.com.br\/wp-content\/uploads\/2024\/06\/WhatsApp-Image-2023-09-14-at-09.35.50.jpeg?fit=1200%2C675&ssl=1&resize=350%2C200 1x, https:\/\/i0.wp.com\/ismaelcolosi.com.br\/wp-content\/uploads\/2024\/06\/WhatsApp-Image-2023-09-14-at-09.35.50.jpeg?fit=1200%2C675&ssl=1&resize=525%2C300 1.5x, https:\/\/i0.wp.com\/ismaelcolosi.com.br\/wp-content\/uploads\/2024\/06\/WhatsApp-Image-2023-09-14-at-09.35.50.jpeg?fit=1200%2C675&ssl=1&resize=700%2C400 2x, https:\/\/i0.wp.com\/ismaelcolosi.com.br\/wp-content\/uploads\/2024\/06\/WhatsApp-Image-2023-09-14-at-09.35.50.jpeg?fit=1200%2C675&ssl=1&resize=1050%2C600 3x"},"classes":[]},{"id":48459,"url":"https:\/\/ismaelcolosi.com.br\/index.php\/2024\/05\/03\/calorao-acima-da-media-continua-no-fim-de-semana-veja-as-temperaturas-no-interior-de-sp\/","url_meta":{"origin":52491,"position":2},"title":"Calor\u00e3o acima da m\u00e9dia continua no fim de semana; Veja as temperaturas no interior de SP","author":"ismaelcolosi.com.br","date":"3 de May de 2024","format":false,"excerpt":"O calor acima da m\u00e9dia segue durante o fim de semana no interior de S\u00e3o Paulo. Em Ribeir\u00e3o Preto, os term\u00f4metros podem marcar 36\u00b0C nesta sexta-feira (3) e s\u00e1bado (4). A previs\u00e3o indica que a onda de calor permane\u00e7a at\u00e9 o dia 10 de maio. Segundo a Climatempo, a \u00e1rea\u2026","rel":"","context":"In &quot;Not\u00edcias de Ribeir\u00e3o Preto-SP e Regi\u00e3o&quot;","block_context":{"text":"Not\u00edcias de Ribeir\u00e3o Preto-SP e Regi\u00e3o","link":"https:\/\/ismaelcolosi.com.br\/index.php\/category\/noticias-de-ribeirao-preto-sp-e-regiao-ismael-colosi\/"},"img":{"alt_text":"","src":"https:\/\/i0.wp.com\/ismaelcolosi.com.br\/wp-content\/uploads\/2024\/05\/WhatsApp-Image-2024-03-11-at-12.29.24-1.jpeg?fit=1200%2C804&ssl=1&resize=350%2C200","width":350,"height":200,"srcset":"https:\/\/i0.wp.com\/ismaelcolosi.com.br\/wp-content\/uploads\/2024\/05\/WhatsApp-Image-2024-03-11-at-12.29.24-1.jpeg?fit=1200%2C804&ssl=1&resize=350%2C200 1x, https:\/\/i0.wp.com\/ismaelcolosi.com.br\/wp-content\/uploads\/2024\/05\/WhatsApp-Image-2024-03-11-at-12.29.24-1.jpeg?fit=1200%2C804&ssl=1&resize=525%2C300 1.5x, https:\/\/i0.wp.com\/ismaelcolosi.com.br\/wp-content\/uploads\/2024\/05\/WhatsApp-Image-2024-03-11-at-12.29.24-1.jpeg?fit=1200%2C804&ssl=1&resize=700%2C400 2x, https:\/\/i0.wp.com\/ismaelcolosi.com.br\/wp-content\/uploads\/2024\/05\/WhatsApp-Image-2024-03-11-at-12.29.24-1.jpeg?fit=1200%2C804&ssl=1&resize=1050%2C600 3x"},"classes":[]},{"id":53183,"url":"https:\/\/ismaelcolosi.com.br\/index.php\/2024\/06\/14\/como-vai-ser-o-tempo-durante-o-fim-de-semana-no-interior-de-sp-confira-a-previsao\/","url_meta":{"origin":52491,"position":3},"title":"Como vai ser o tempo durante o fim de semana no interior de SP? Confira a previs\u00e3o","author":"ismaelcolosi.com.br","date":"14 de June de 2024","format":false,"excerpt":"O fim de semana deve seguir o padr\u00e3o dos \u00faltimos dias e ter sol com calor \u00e0 tarde no interior de S\u00e3o Paulo. Segundo a Climatempo, uma grande massa de ar seco predomina sobre o pa\u00eds, deixa a umidade do ar muito baixa e inibe a ocorr\u00eancia de chuva. No\u2026","rel":"","context":"In &quot;Not\u00edcias de Ribeir\u00e3o Preto-SP e Regi\u00e3o&quot;","block_context":{"text":"Not\u00edcias de Ribeir\u00e3o Preto-SP e Regi\u00e3o","link":"https:\/\/ismaelcolosi.com.br\/index.php\/category\/noticias-de-ribeirao-preto-sp-e-regiao-ismael-colosi\/"},"img":{"alt_text":"","src":"https:\/\/i0.wp.com\/ismaelcolosi.com.br\/wp-content\/uploads\/2024\/06\/WhatsApp-Image-2024-06-14-at-09.30.18-1_2024-06-14_12-31-08_jpeg_2024-06-14_12-31-08.webp.webp?fit=1200%2C553&ssl=1&resize=350%2C200","width":350,"height":200,"srcset":"https:\/\/i0.wp.com\/ismaelcolosi.com.br\/wp-content\/uploads\/2024\/06\/WhatsApp-Image-2024-06-14-at-09.30.18-1_2024-06-14_12-31-08_jpeg_2024-06-14_12-31-08.webp.webp?fit=1200%2C553&ssl=1&resize=350%2C200 1x, https:\/\/i0.wp.com\/ismaelcolosi.com.br\/wp-content\/uploads\/2024\/06\/WhatsApp-Image-2024-06-14-at-09.30.18-1_2024-06-14_12-31-08_jpeg_2024-06-14_12-31-08.webp.webp?fit=1200%2C553&ssl=1&resize=525%2C300 1.5x, https:\/\/i0.wp.com\/ismaelcolosi.com.br\/wp-content\/uploads\/2024\/06\/WhatsApp-Image-2024-06-14-at-09.30.18-1_2024-06-14_12-31-08_jpeg_2024-06-14_12-31-08.webp.webp?fit=1200%2C553&ssl=1&resize=700%2C400 2x, https:\/\/i0.wp.com\/ismaelcolosi.com.br\/wp-content\/uploads\/2024\/06\/WhatsApp-Image-2024-06-14-at-09.30.18-1_2024-06-14_12-31-08_jpeg_2024-06-14_12-31-08.webp.webp?fit=1200%2C553&ssl=1&resize=1050%2C600 3x"},"classes":[]},{"id":52733,"url":"https:\/\/ismaelcolosi.com.br\/index.php\/2024\/06\/10\/a-temperatura-vai-subir-mais-no-interior-de-sp-veja-a-previsao-do-tempo-para-5-dias\/","url_meta":{"origin":52491,"position":4},"title":"A temperatura vai subir mais no interior de SP? Veja a previs\u00e3o do tempo para 5 dias","author":"ismaelcolosi.com.br","date":"10 de June de 2024","format":false,"excerpt":"O interior de S\u00e3o Paulo segue sob influ\u00eancia da alta press\u00e3o, que cria um bloqueio atmosf\u00e9rico e impede as frentes frias de avan\u00e7arem.\u00a0 Segundo a Climatempo, at\u00e9 pelo menos a pr\u00f3xima sexta-feira (14), o per\u00edodo \u00e9 considerado de veranico, com temperaturas acima da m\u00e9dia, tempo seco, pouca ou quase nenhuma\u2026","rel":"","context":"In &quot;Not\u00edcias de Ribeir\u00e3o Preto-SP e Regi\u00e3o&quot;","block_context":{"text":"Not\u00edcias de Ribeir\u00e3o Preto-SP e Regi\u00e3o","link":"https:\/\/ismaelcolosi.com.br\/index.php\/category\/noticias-de-ribeirao-preto-sp-e-regiao-ismael-colosi\/"},"img":{"alt_text":"","src":"https:\/\/i0.wp.com\/ismaelcolosi.com.br\/wp-content\/uploads\/2024\/06\/20230711_174150-scaled.jpg?fit=1200%2C540&ssl=1&resize=350%2C200","width":350,"height":200,"srcset":"https:\/\/i0.wp.com\/ismaelcolosi.com.br\/wp-content\/uploads\/2024\/06\/20230711_174150-scaled.jpg?fit=1200%2C540&ssl=1&resize=350%2C200 1x, https:\/\/i0.wp.com\/ismaelcolosi.com.br\/wp-content\/uploads\/2024\/06\/20230711_174150-scaled.jpg?fit=1200%2C540&ssl=1&resize=525%2C300 1.5x, https:\/\/i0.wp.com\/ismaelcolosi.com.br\/wp-content\/uploads\/2024\/06\/20230711_174150-scaled.jpg?fit=1200%2C540&ssl=1&resize=700%2C400 2x, https:\/\/i0.wp.com\/ismaelcolosi.com.br\/wp-content\/uploads\/2024\/06\/20230711_174150-scaled.jpg?fit=1200%2C540&ssl=1&resize=1050%2C600 3x"},"classes":[]},{"id":68401,"url":"https:\/\/ismaelcolosi.com.br\/index.php\/2024\/09\/29\/interior-de-sp-tem-alerta-para-nova-onda-de-calor-veja-previsao\/","url_meta":{"origin":52491,"position":5},"title":"Interior de SP tem alerta para nova onda de calor; Veja previs\u00e3o","author":"ismaelcolosi.com.br","date":"29 de September de 2024","format":false,"excerpt":"O ar quente e seco volta a ganhar for\u00e7a no interior de S\u00e3o Paulo a partir deste domingo (29), dando in\u00edcio a oitava onda de calor na regi\u00e3o, de acordo com a Climatempo. Conforme a previs\u00e3o do servi\u00e7o de meteorologia, nos pr\u00f3ximos dias podemos esperar qualidade do ar comprometida, potencial\u2026","rel":"","context":"In &quot;Not\u00edcias de Ribeir\u00e3o Preto-SP e Regi\u00e3o&quot;","block_context":{"text":"Not\u00edcias de Ribeir\u00e3o Preto-SP e Regi\u00e3o","link":"https:\/\/ismaelcolosi.com.br\/index.php\/category\/noticias-de-ribeirao-preto-sp-e-regiao-ismael-colosi\/"},"img":{"alt_text":"","src":"https:\/\/i0.wp.com\/ismaelcolosi.com.br\/wp-content\/uploads\/2024\/09\/20230916_171444.jpg?fit=1200%2C716&ssl=1&resize=350%2C200","width":350,"height":200,"srcset":"https:\/\/i0.wp.com\/ismaelcolosi.com.br\/wp-content\/uploads\/2024\/09\/20230916_171444.jpg?fit=1200%2C716&ssl=1&resize=350%2C200 1x, https:\/\/i0.wp.com\/ismaelcolosi.com.br\/wp-content\/uploads\/2024\/09\/20230916_171444.jpg?fit=1200%2C716&ssl=1&resize=525%2C300 1.5x, https:\/\/i0.wp.com\/ismaelcolosi.com.br\/wp-content\/uploads\/2024\/09\/20230916_171444.jpg?fit=1200%2C716&ssl=1&resize=700%2C400 2x, https:\/\/i0.wp.com\/ismaelcolosi.com.br\/wp-content\/uploads\/2024\/09\/20230916_171444.jpg?fit=1200%2C716&ssl=1&resize=1050%2C600 3x"},"classes":[]}],"jetpack_sharing_enabled":true,"jetpack_shortlink":"https:\/\/wp.me\/pfMlyK-dED","_links":{"self":[{"href":"https:\/\/ismaelcolosi.com.br\/index.php\/wp-json\/wp\/v2\/posts\/52491","targetHints":{"allow":["GET"]}}],"collection":[{"href":"https:\/\/ismaelcolosi.com.br\/index.php\/wp-json\/wp\/v2\/posts"}],"about":[{"href":"https:\/\/ismaelcolosi.com.br\/index.php\/wp-json\/wp\/v2\/types\/post"}],"author":[{"embeddable":true,"href":"https:\/\/ismaelcolosi.com.br\/index.php\/wp-json\/wp\/v2\/users\/1"}],"replies":[{"embeddable":true,"href":"https:\/\/ismaelcolosi.com.br\/index.php\/wp-json\/wp\/v2\/comments?post=52491"}],"version-history":[{"count":0,"href":"https:\/\/ismaelcolosi.com.br\/index.php\/wp-json\/wp\/v2\/posts\/52491\/revisions"}],"wp:featuredmedia":[{"embeddable":true,"href":"https:\/\/ismaelcolosi.com.br\/index.php\/wp-json\/wp\/v2\/media\/52492"}],"wp:attachment":[{"href":"https:\/\/ismaelcolosi.com.br\/index.php\/wp-json\/wp\/v2\/media?parent=52491"}],"wp:term":[{"taxonomy":"category","embeddable":true,"href":"https:\/\/ismaelcolosi.com.br\/index.php\/wp-json\/wp\/v2\/categories?post=52491"},{"taxonomy":"post_tag","embeddable":true,"href":"https:\/\/ismaelcolosi.com.br\/index.php\/wp-json\/wp\/v2\/tags?post=52491"}],"curies":[{"name":"wp","href":"https:\/\/api.w.org\/{rel}","templated":true}]}}