{"id":52489,"date":"2024-06-07T06:37:12","date_gmt":"2024-06-07T09:37:12","guid":{"rendered":"https:\/\/ismaelcolosi.com.br\/index.php\/2024\/06\/07\/motivacao-alem-da-remuneracao-como-reter-profissionais\/"},"modified":"2024-06-07T06:37:12","modified_gmt":"2024-06-07T09:37:12","slug":"motivacao-alem-da-remuneracao-como-reter-profissionais","status":"publish","type":"post","link":"https:\/\/ismaelcolosi.com.br\/index.php\/2024\/06\/07\/motivacao-alem-da-remuneracao-como-reter-profissionais\/","title":{"rendered":"Motiva\u00e7\u00e3o al\u00e9m da remunera\u00e7\u00e3o: como reter profissionais"},"content":{"rendered":"<p> <br \/>\n<\/p>\n<div>\n<p>\u00a0<\/p>\n<div class=\"accessibility\">\n<p>Acessibilidade<\/p><div class='code-block code-block-8' style='margin: 8px auto; text-align: center; display: block; clear: both;'>\n<script>\n  atOptions = {\n    'key' : '66e2e2111ca34da796271819fc334058',\n    'format' : 'iframe',\n    'height' : 250,\n    'width' : 300,\n    'params' : {}\n  };\n<\/script>\n<script src=\"https:\/\/www.highperformanceformat.com\/66e2e2111ca34da796271819fc334058\/invoke.js\"><\/script>\n<\/div>\n\n<p>\n<button onclick=\"alterFont1()\" id=\"btn1\" class=\"btn\">L<\/button><br \/>\n<button onclick=\"alterFont2()\" id=\"btn2\" class=\"btn\" style=\"font-family: Merriweather\">L<\/button><br \/>\n<button onclick=\"alterFontSmallerSize()\" id=\"btn3\" class=\"btn\">A-<\/button><br \/>\n<button onclick=\"alterFontBiggerSize()\" id=\"btn4\" class=\"btn\">A+<\/button><\/p>\n<p><button onclick=\"alterBackground()\" id=\"btn6\" class=\"btn\">\u25d0<\/button><\/p>\n<\/div>\n<p>Qual o real impacto das <strong>ferramentas de remunera\u00e7\u00e3o<\/strong> no <strong>engajamento<\/strong> e na <strong>reten\u00e7\u00e3o<\/strong> de profissionais? As empresas est\u00e3o sempre em busca de novas ofertas de valor para manter os times motivados, mas, ainda assim, os \u00edndices de <strong>turnover<\/strong> e de satisfa\u00e7\u00e3o parecem n\u00e3o reagir na dire\u00e7\u00e3o esperada.<\/p>\n<p>Tenho a sensa\u00e7\u00e3o de que se o sal\u00e1rio \u00e9 adequado, as pessoas sentem falta de maiores desafios. Se existem desafios, falta conex\u00e3o com a cultura. E se tem desafios suficientes e alinhamento cultural, falta o tal reconhecimento financeiro na velocidade desejada.<\/p>\n<ul>\n<li>\n<h4>Siga a <a href=\"https:\/\/whatsapp.com\/channel\/0029Va9gQKwBFLgM96cJnu0u&gt;\" target=\"_blank\" rel=\"noopener\">Forbes<\/a> no WhatsApp e receba as principais not\u00edcias sobre neg\u00f3cios, carreira, tecnologia e estilo de vida<\/h4>\n<\/li>\n<\/ul>\n<div id=\"attachment_615079\" class=\"wp-caption alignnone style=\" max-width:=\"\"><img data-recalc-dims=\"1\" fetchpriority=\"high\" decoding=\"async\" class=\"alignnone wp-image-615079 size-full\" src=\"https:\/\/i0.wp.com\/forbes.com.br\/wp-content\/uploads\/2024\/06\/carreira-felicidade-trabalho-768x512.jpg?resize=678%2C452&#038;ssl=1\" http:=\"\" alt=\"Getty Images\" width=\"678\" height=\"452\" data-lazy-src=\"https:\/\/forbes.com.br\/wp-content\/uploads\/2024\/06\/carreira-felicidade-trabalho-768x512.jpg\"\/><img data-recalc-dims=\"1\" fetchpriority=\"high\" decoding=\"async\" class=\"alignnone wp-image-615079 size-full\" src=\"https:\/\/i0.wp.com\/forbes.com.br\/wp-content\/uploads\/2024\/06\/carreira-felicidade-trabalho-768x512.jpg?resize=678%2C452&#038;ssl=1\" alt=\"Getty Images\" width=\"678\" height=\"452\"\/><\/p>\n<p>Getty Images<\/p>\n<p class=\"wp-caption-text\">Ambientes de trabalho saud\u00e1veis e motivadores podem criar um senso de valoriza\u00e7\u00e3o maior que o dinheiro<\/p>\n<\/div>\n<p>O psic\u00f3logo comportamental <strong>Dan Ariely<\/strong> explora a complexa intera\u00e7\u00e3o entre <strong>motiva\u00e7\u00e3o, recompensa e satisfa\u00e7\u00e3o<\/strong> pessoal no livro \u201cRecompensa: A l\u00f3gica oculta que molda nossas motiva\u00e7\u00f5es\u201d (\u201cPayoff: The Hidden Logic That Shapes Our Motivations\u201d), apresentando reflex\u00f5es como:<\/p>\n<p><strong>Motiva\u00e7\u00e3o vai al\u00e9m do dinheiro:<\/strong> Embora muitas vezes associemos motiva\u00e7\u00e3o com recompensas financeiras, fatores como autonomia, compet\u00eancia e conex\u00e3o social desempenham pap\u00e9is cruciais na determina\u00e7\u00e3o do nosso n\u00edvel de motiva\u00e7\u00e3o.<\/p>\n<p><strong>A posse n\u00e3o traz felicidade duradoura:<\/strong> Apesar de a sociedade muitas vezes nos ensinar a buscar aquisi\u00e7\u00f5es materiais como fonte de felicidade, o verdadeiro contentamento vem de experi\u00eancias significativas e relacionamentos interpessoais.<\/p>\n<p><strong>Prop\u00f3sito e significado s\u00e3o fundamentais:<\/strong> Encontrar significado e prop\u00f3sito na vida \u00e9 essencial para uma exist\u00eancia satisfat\u00f3ria. Isso pode ser alcan\u00e7ado por meio do trabalho, relacionamentos pessoais e engajamento em atividades que consideramos significativas.<\/p>\n<p><strong>Ambientes de trabalho motivadores valorizam mais do que dinheiro:<\/strong> Reconhecimento, autonomia e prop\u00f3sito s\u00e3o elementos-chave na cria\u00e7\u00e3o de um ambiente de trabalho motivador e satisfat\u00f3rio.<\/p>\n<p>O autor tamb\u00e9m reconhece que as motiva\u00e7\u00f5es podem variar significativamente dependendo do est\u00e1gio da vida de uma pessoa. Enquanto os jovens podem ser motivados pela busca de novas experi\u00eancias e conquistas pessoais, profissionais mais maduros podem priorizar a estabilidade financeira e o tempo de qualidade com a fam\u00edlia. \u00c9 fundamental reconhecer e adaptar as estrat\u00e9gias de motiva\u00e7\u00e3o de acordo com as necessidades e prioridades das diferentes fases da vida.<\/p>\n<p><strong>Leia tamb\u00e9m:<\/strong><\/p>\n<p>Nem sempre \u00e9 poss\u00edvel desenhar estrat\u00e9gias e composi\u00e7\u00f5es de remunera\u00e7\u00e3o espec\u00edficas para cada p\u00fablico, mas vale considerar que toda ferramenta de gest\u00e3o salarial pode gerar motiva\u00e7\u00e3o e tamb\u00e9m desmotiva\u00e7\u00e3o, a depender de como for estruturada e da leitura individual de cada pessoa. Por exemplo:<\/p>\n<h3>Sal\u00e1rio fixo<\/h3>\n<p><strong>Motivador:<\/strong> Proporciona estabilidade financeira e seguran\u00e7a.<br \/><strong>Desmotivador:<\/strong> Se mal calibrado, pode levar \u00e0 falta de motiva\u00e7\u00e3o para a busca de um desempenho excepcional.<\/p>\n<h3>B\u00f4nus e premia\u00e7\u00f5es por performance<\/h3>\n<p><strong>Motivador:<\/strong> Oferece incentivos tang\u00edveis para alcan\u00e7ar metas espec\u00edficas.<br \/><strong>Desmotivador:<\/strong> Metas inating\u00edveis ou crit\u00e9rios de avalia\u00e7\u00e3o n\u00e3o claros podem causar descr\u00e9dito no programa e na organiza\u00e7\u00e3o.<\/p>\n<h3>Incentivos de longo prazo (como pagamentos baseados em a\u00e7\u00f5es)<\/h3>\n<p><strong>Motivador:<\/strong> Alinha os interesses dos funcion\u00e1rios com os objetivos de longo prazo e a sustentabilidade da empresa.<br \/><strong>Desmotivador:<\/strong> Impactos negativos decorrentes da volatilidade do mercado. Se mal comunicado, pode levar \u00e0 perda do poder de engajamento e de reten\u00e7\u00e3o.<\/p>\n<h3>Benef\u00edcios<\/h3>\n<p><strong>Motivador:<\/strong> Aumenta a satisfa\u00e7\u00e3o no trabalho e demonstra valoriza\u00e7\u00e3o do bem-estar dos funcion\u00e1rios.<br \/><strong>Desmotivador:<\/strong> Benef\u00edcios insuficientes, desconectados das necessidades das pessoas ou percebidos como injustos acabam n\u00e3o surtindo o efeito esperado.<\/p>\n<p>No final das contas, para cultivar uma cultura organizacional engajadora e sustent\u00e1vel, \u00e9 preciso n\u00e3o apenas combinar diferentes formas de remunera\u00e7\u00e3o, mas tamb\u00e9m entender o que de fato motiva as pessoas. <strong>Talvez a gente s\u00f3 precise perguntar<\/strong>.<\/p>\n<p><em>Fernanda Abilel \u00e9 professora na FGV e s\u00f3cia-fundadora da How2Pay, consultoria focada no desenho de estrat\u00e9gias de remunera\u00e7\u00e3o.<\/em><\/p>\n<p><em>Os artigos assinados s\u00e3o de responsabilidade exclusiva dos autores e n\u00e3o refletem, necessariamente, a opini\u00e3o de Forbes Brasil e de seus editores.<\/em><\/p>\n<\/div>\n<p><script type=\"rocketlazyloadscript\">\n\t\t\t\t(function(d, s, id){\n\t\t\t\t\tvar js, fjs = d.getElementsByTagName(s)[0];\n\t\t\t\t\tif (d.getElementById(id)) return;\n\t\t\t\t\tjs = d.createElement(s); js.id = id;\n\t\t\t\t\tjs.src = \"\/\/connect.facebook.net\/pt_BR\/sdk.js#xfbml=1&version=v2.9\";\n\t\t\t\t\tfjs.parentNode.insertBefore(js, fjs);\n\t\t\t\t}(document, 'script', 'facebook-jssdk'));\n\t\t\t<\/script><br \/>\n<br \/><br \/>\n<br \/><a href=\"https:\/\/forbes.com.br\/carreira\/2024\/06\/fernanda-abilel-motivacao-vai-alem-do-dinheiro-estrategias-para-engajar-e-reter-profissionais\/\">Source link <\/a><\/p>\n<div class='code-block code-block-4' style='margin: 8px auto 8px 0; text-align: left; display: block; clear: both;'>\n\ud83d\udce2 Aviso Legal\n\nO site ismaelcolosi.com.br atua apenas como um canal de divulga\u00e7\u00e3o de oportunidades de emprego e n\u00e3o se responsabiliza pelo processo seletivo, contrata\u00e7\u00e3o ou qualquer outra etapa relacionada \u00e0s vagas publicadas. Todas as informa\u00e7\u00f5es s\u00e3o de responsabilidade dos anunciantes.\n\n\u26a0\ufe0f Aten\u00e7\u00e3o! Nunca pague por promessas de emprego nem compre cursos que garantam contrata\u00e7\u00e3o. Desconfie de qualquer cobran\u00e7a para participar de sele\u00e7\u00f5es.\n\n\n\n<\/div>\n<!-- CONTENT END 1 -->\n","protected":false},"excerpt":{"rendered":"<p>\u00a0 Acessibilidade L L A- A+ \u25d0 Qual o real impacto das ferramentas de remunera\u00e7\u00e3o no engajamento e na reten\u00e7\u00e3o de profissionais? As empresas est\u00e3o&#8230;<\/p>\n","protected":false},"author":1,"featured_media":52490,"comment_status":"open","ping_status":"open","sticky":false,"template":"","format":"standard","meta":{"_uag_custom_page_level_css":"","advanced_seo_description":"","jetpack_seo_html_title":"","jetpack_seo_noindex":false,"jetpack_post_was_ever_published":false,"_jetpack_newsletter_access":"","_jetpack_dont_email_post_to_subs":false,"_jetpack_newsletter_tier_id":0,"_jetpack_memberships_contains_paywalled_content":false,"_jetpack_memberships_contains_paid_content":false,"footnotes":"","jetpack_publicize_message":"","jetpack_publicize_feature_enabled":true,"jetpack_social_post_already_shared":true,"jetpack_social_options":{"image_generator_settings":{"template":"highway","default_image_id":0,"font":"","enabled":false},"version":2}},"categories":[1964],"tags":[],"class_list":["post-52489","post","type-post","status-publish","format-standard","has-post-thumbnail","hentry","category-carreira-e-sucesso-dicas-para-carreira"],"jetpack_publicize_connections":[],"jetpack_featured_media_url":"https:\/\/i0.wp.com\/ismaelcolosi.com.br\/wp-content\/uploads\/2024\/06\/carreira-felicidade-trabalho-1024x683.jpg?fit=1024%2C683&ssl=1","uagb_featured_image_src":{"full":["https:\/\/i0.wp.com\/ismaelcolosi.com.br\/wp-content\/uploads\/2024\/06\/carreira-felicidade-trabalho-1024x683.jpg?fit=1024%2C683&ssl=1",1024,683,false],"thumbnail":["https:\/\/i0.wp.com\/ismaelcolosi.com.br\/wp-content\/uploads\/2024\/06\/carreira-felicidade-trabalho-1024x683.jpg?resize=150%2C150&ssl=1",150,150,true],"medium":["https:\/\/i0.wp.com\/ismaelcolosi.com.br\/wp-content\/uploads\/2024\/06\/carreira-felicidade-trabalho-1024x683.jpg?fit=300%2C200&ssl=1",300,200,true],"medium_large":["https:\/\/i0.wp.com\/ismaelcolosi.com.br\/wp-content\/uploads\/2024\/06\/carreira-felicidade-trabalho-1024x683.jpg?fit=768%2C512&ssl=1",768,512,true],"large":["https:\/\/i0.wp.com\/ismaelcolosi.com.br\/wp-content\/uploads\/2024\/06\/carreira-felicidade-trabalho-1024x683.jpg?fit=1024%2C683&ssl=1",1024,683,true],"1536x1536":["https:\/\/i0.wp.com\/ismaelcolosi.com.br\/wp-content\/uploads\/2024\/06\/carreira-felicidade-trabalho-1024x683.jpg?fit=1024%2C683&ssl=1",1024,683,true],"2048x2048":["https:\/\/i0.wp.com\/ismaelcolosi.com.br\/wp-content\/uploads\/2024\/06\/carreira-felicidade-trabalho-1024x683.jpg?fit=1024%2C683&ssl=1",1024,683,true],"really-simple-thumb":["https:\/\/i0.wp.com\/ismaelcolosi.com.br\/wp-content\/uploads\/2024\/06\/carreira-felicidade-trabalho-1024x683.jpg?resize=370%2C247&ssl=1",370,247,true]},"uagb_author_info":{"display_name":"ismaelcolosi.com.br","author_link":"https:\/\/ismaelcolosi.com.br\/index.php\/author\/vidareal-online\/"},"uagb_comment_info":0,"uagb_excerpt":"\u00a0 Acessibilidade L L A- A+ \u25d0 Qual o real impacto das ferramentas de remunera\u00e7\u00e3o no engajamento e na reten\u00e7\u00e3o de profissionais? As empresas est\u00e3o...","jetpack-related-posts":[{"id":85572,"url":"https:\/\/ismaelcolosi.com.br\/index.php\/2025\/05\/22\/remuneracao-e-a-principal-causa-de-estresse-no-trabalho-aponta-pesquisa\/","url_meta":{"origin":52489,"position":0},"title":"Remunera\u00e7\u00e3o \u00e9 a principal causa de estresse no trabalho, aponta pesquisa","author":"ismaelcolosi.com.br","date":"22 de May de 2025","format":false,"excerpt":"Quase 60% dos profissionais apontaram a remunera\u00e7\u00e3o n\u00e3o condizente com as exig\u00eancias do cargo \u00e9 a principal causa de estresse no trabalho em uma pesquisa feita pela consultoria de RH Michael Page. + Engenharia lidera lista de profiss\u00f5es com maiores sal\u00e1rios iniciais; veja ranking Para 58,7% dos participantes da pesquisa,\u2026","rel":"","context":"In &quot;Empregos - Classificados&quot;","block_context":{"text":"Empregos - Classificados","link":"https:\/\/ismaelcolosi.com.br\/index.php\/category\/empregos-classificados-vagas-trabalho\/"},"img":{"alt_text":"","src":"","width":0,"height":0},"classes":[]},{"id":83526,"url":"https:\/\/ismaelcolosi.com.br\/index.php\/2025\/03\/05\/remuneracao-abaixo-das-exigencias-do-cargo-e-a-principal-causa-de-estresse-no-trabalho-aponta-pesquisa\/","url_meta":{"origin":52489,"position":1},"title":"Remunera\u00e7\u00e3o abaixo das exig\u00eancias do cargo \u00e9 a principal causa de estresse no trabalho, aponta pesquisa","author":"ismaelcolosi.com.br","date":"5 de March de 2025","format":false,"excerpt":"Da reda\u00e7\u00e3oi Da reda\u00e7\u00e3o 05\/03\/2025 - 10:00 Quase 60% dos profissionais apontaram a remunera\u00e7\u00e3o n\u00e3o condizente com as exig\u00eancias do cargo \u00e9 a principal causa de estresse no trabalho em uma pesquisa feita pela consultoria de RH Michael Page.+ Engenharia lidera lista de profiss\u00f5es com maiores sal\u00e1rios iniciais; veja rankingPara\u2026","rel":"","context":"In &quot;Empregos - Classificados&quot;","block_context":{"text":"Empregos - Classificados","link":"https:\/\/ismaelcolosi.com.br\/index.php\/category\/empregos-classificados-vagas-trabalho\/"},"img":{"alt_text":"","src":"https:\/\/i0.wp.com\/ismaelcolosi.com.br\/wp-content\/uploads\/2025\/03\/homem-de-negocios-bonito-trabalhando-na-mesa-e1680812419404.jpg?fit=640%2C427&ssl=1&resize=350%2C200","width":350,"height":200,"srcset":"https:\/\/i0.wp.com\/ismaelcolosi.com.br\/wp-content\/uploads\/2025\/03\/homem-de-negocios-bonito-trabalhando-na-mesa-e1680812419404.jpg?fit=640%2C427&ssl=1&resize=350%2C200 1x, https:\/\/i0.wp.com\/ismaelcolosi.com.br\/wp-content\/uploads\/2025\/03\/homem-de-negocios-bonito-trabalhando-na-mesa-e1680812419404.jpg?fit=640%2C427&ssl=1&resize=525%2C300 1.5x"},"classes":[]},{"id":29442,"url":"https:\/\/ismaelcolosi.com.br\/index.php\/2024\/01\/18\/como-fica-a-remuneracao-em-2024\/","url_meta":{"origin":52489,"position":2},"title":"Como fica a remunera\u00e7\u00e3o em 2024","author":"ismaelcolosi.com.br","date":"18 de January de 2024","format":false,"excerpt":"Getty ImagesProfissionais que est\u00e3o dentro de casa precisam ser valorizados, mas isso n\u00e3o diz respeito apenas \u00e0 remunera\u00e7\u00e3o 2023 foi um ano de muitas discuss\u00f5es a respeito do que as novas gera\u00e7\u00f5es esperam do mercado de trabalho e do que as empresas precisam fazer para serem suficientemente atrativas para esses\u2026","rel":"","context":"In &quot;Carreira e Sucesso&quot;","block_context":{"text":"Carreira e Sucesso","link":"https:\/\/ismaelcolosi.com.br\/index.php\/category\/carreira-e-sucesso-dicas-para-carreira\/"},"img":{"alt_text":"","src":"https:\/\/i0.wp.com\/ismaelcolosi.com.br\/wp-content\/uploads\/2024\/01\/carreira-remuneracao-salario-1024x683.jpg?fit=1024%2C683&ssl=1&resize=350%2C200","width":350,"height":200,"srcset":"https:\/\/i0.wp.com\/ismaelcolosi.com.br\/wp-content\/uploads\/2024\/01\/carreira-remuneracao-salario-1024x683.jpg?fit=1024%2C683&ssl=1&resize=350%2C200 1x, https:\/\/i0.wp.com\/ismaelcolosi.com.br\/wp-content\/uploads\/2024\/01\/carreira-remuneracao-salario-1024x683.jpg?fit=1024%2C683&ssl=1&resize=525%2C300 1.5x, https:\/\/i0.wp.com\/ismaelcolosi.com.br\/wp-content\/uploads\/2024\/01\/carreira-remuneracao-salario-1024x683.jpg?fit=1024%2C683&ssl=1&resize=700%2C400 2x"},"classes":[]},{"id":88214,"url":"https:\/\/ismaelcolosi.com.br\/index.php\/2025\/11\/12\/como-o-tedio-destroi-a-motivacao-e-prejudica-a-retencao-de-talentos\/","url_meta":{"origin":52489,"position":3},"title":"Como o T\u00e9dio Destr\u00f3i a Motiva\u00e7\u00e3o e Prejudica a Reten\u00e7\u00e3o de Talentos","author":"ismaelcolosi.com.br","date":"12 de November de 2025","format":false,"excerpt":"\r azatvaleev\/Getty Images\r A falta de tarefas significativas e desafiadoras no trabalho ganhou nome: \u201cs\u00edndrome do t\u00e9dio extremo\u201d, ou \u201cboreout\u201d\r Acessibilidade \r L\r L\r A-\r A+\r \r \u25d0\r \r Muitos l\u00edderes acreditam que seus funcion\u00e1rios pedem demiss\u00e3o em busca de uma melhor remunera\u00e7\u00e3o, mas essa explica\u00e7\u00e3o ignora o que realmente\u2026","rel":"","context":"In &quot;Carreira e Sucesso&quot;","block_context":{"text":"Carreira e Sucesso","link":"https:\/\/ismaelcolosi.com.br\/index.php\/category\/carreira-e-sucesso-dicas-para-carreira\/"},"img":{"alt_text":"","src":"https:\/\/i0.wp.com\/ismaelcolosi.com.br\/wp-content\/uploads\/2025\/11\/tedio-no-trabalho-1200x675.jpg?fit=1200%2C675&ssl=1&resize=350%2C200","width":350,"height":200,"srcset":"https:\/\/i0.wp.com\/ismaelcolosi.com.br\/wp-content\/uploads\/2025\/11\/tedio-no-trabalho-1200x675.jpg?fit=1200%2C675&ssl=1&resize=350%2C200 1x, https:\/\/i0.wp.com\/ismaelcolosi.com.br\/wp-content\/uploads\/2025\/11\/tedio-no-trabalho-1200x675.jpg?fit=1200%2C675&ssl=1&resize=525%2C300 1.5x, https:\/\/i0.wp.com\/ismaelcolosi.com.br\/wp-content\/uploads\/2025\/11\/tedio-no-trabalho-1200x675.jpg?fit=1200%2C675&ssl=1&resize=700%2C400 2x, https:\/\/i0.wp.com\/ismaelcolosi.com.br\/wp-content\/uploads\/2025\/11\/tedio-no-trabalho-1200x675.jpg?fit=1200%2C675&ssl=1&resize=1050%2C600 3x"},"classes":[]},{"id":85486,"url":"https:\/\/ismaelcolosi.com.br\/index.php\/2025\/05\/21\/escassez-de-talentos-em-ia-pode-frear-inovacao-global\/","url_meta":{"origin":52489,"position":4},"title":"Escassez de Talentos em IA Pode Frear Inova\u00e7\u00e3o Global","author":"ismaelcolosi.com.br","date":"21 de May de 2025","format":false,"excerpt":"\r Getty Images\r Escassez de talentos fez com que os sal\u00e1rios de especialistas em IA subissem\r Acessibilidade \r L\r L\r A-\r A+\r \r \u25d0\r \r \u00a0 Desde 2019, a demanda por profissionais com habilidades em intelig\u00eancia artificial tem crescido, em m\u00e9dia, 21% ao ano \u2013 superando significativamente a oferta de\u2026","rel":"","context":"In &quot;Carreira e Sucesso&quot;","block_context":{"text":"Carreira e Sucesso","link":"https:\/\/ismaelcolosi.com.br\/index.php\/category\/carreira-e-sucesso-dicas-para-carreira\/"},"img":{"alt_text":"","src":"https:\/\/i0.wp.com\/ismaelcolosi.com.br\/wp-content\/uploads\/2025\/05\/forbes-ia-talentos-1200x675.jpg?fit=1200%2C675&ssl=1&resize=350%2C200","width":350,"height":200,"srcset":"https:\/\/i0.wp.com\/ismaelcolosi.com.br\/wp-content\/uploads\/2025\/05\/forbes-ia-talentos-1200x675.jpg?fit=1200%2C675&ssl=1&resize=350%2C200 1x, https:\/\/i0.wp.com\/ismaelcolosi.com.br\/wp-content\/uploads\/2025\/05\/forbes-ia-talentos-1200x675.jpg?fit=1200%2C675&ssl=1&resize=525%2C300 1.5x, https:\/\/i0.wp.com\/ismaelcolosi.com.br\/wp-content\/uploads\/2025\/05\/forbes-ia-talentos-1200x675.jpg?fit=1200%2C675&ssl=1&resize=700%2C400 2x, https:\/\/i0.wp.com\/ismaelcolosi.com.br\/wp-content\/uploads\/2025\/05\/forbes-ia-talentos-1200x675.jpg?fit=1200%2C675&ssl=1&resize=1050%2C600 3x"},"classes":[]},{"id":86649,"url":"https:\/\/ismaelcolosi.com.br\/index.php\/2025\/07\/16\/quem-sao-quanto-ganham-e-o-que-tira-o-sono-dos-conselheiros-no-brasil\/","url_meta":{"origin":52489,"position":5},"title":"Quem S\u00e3o, Quanto Ganham e o Que Tira o Sono dos Conselheiros no Brasil","author":"ismaelcolosi.com.br","date":"16 de July de 2025","format":false,"excerpt":"\r Klaus Vedfelt\/Getty Images\r Segundo levantamento do Evermonte Institute, 77,4% dos conselheiros no Brasil s\u00e3o homens \r Acessibilidade \r L\r L\r A-\r A+\r \r \u25d0\r \r Ocupar uma cadeira em um conselho fiscal, consultivo ou de administra\u00e7\u00e3o requer uma combina\u00e7\u00e3o de experi\u00eancia, reputa\u00e7\u00e3o e vis\u00e3o estrat\u00e9gica para direcionar os rumos\u2026","rel":"","context":"In &quot;Carreira e Sucesso&quot;","block_context":{"text":"Carreira e Sucesso","link":"https:\/\/ismaelcolosi.com.br\/index.php\/category\/carreira-e-sucesso-dicas-para-carreira\/"},"img":{"alt_text":"","src":"https:\/\/i0.wp.com\/ismaelcolosi.com.br\/wp-content\/uploads\/2025\/07\/forbes-conselhos-reuniao-1200x675.jpg?fit=1200%2C675&ssl=1&resize=350%2C200","width":350,"height":200,"srcset":"https:\/\/i0.wp.com\/ismaelcolosi.com.br\/wp-content\/uploads\/2025\/07\/forbes-conselhos-reuniao-1200x675.jpg?fit=1200%2C675&ssl=1&resize=350%2C200 1x, https:\/\/i0.wp.com\/ismaelcolosi.com.br\/wp-content\/uploads\/2025\/07\/forbes-conselhos-reuniao-1200x675.jpg?fit=1200%2C675&ssl=1&resize=525%2C300 1.5x, https:\/\/i0.wp.com\/ismaelcolosi.com.br\/wp-content\/uploads\/2025\/07\/forbes-conselhos-reuniao-1200x675.jpg?fit=1200%2C675&ssl=1&resize=700%2C400 2x, https:\/\/i0.wp.com\/ismaelcolosi.com.br\/wp-content\/uploads\/2025\/07\/forbes-conselhos-reuniao-1200x675.jpg?fit=1200%2C675&ssl=1&resize=1050%2C600 3x"},"classes":[]}],"jetpack_sharing_enabled":true,"jetpack_shortlink":"https:\/\/wp.me\/pfMlyK-dEB","_links":{"self":[{"href":"https:\/\/ismaelcolosi.com.br\/index.php\/wp-json\/wp\/v2\/posts\/52489","targetHints":{"allow":["GET"]}}],"collection":[{"href":"https:\/\/ismaelcolosi.com.br\/index.php\/wp-json\/wp\/v2\/posts"}],"about":[{"href":"https:\/\/ismaelcolosi.com.br\/index.php\/wp-json\/wp\/v2\/types\/post"}],"author":[{"embeddable":true,"href":"https:\/\/ismaelcolosi.com.br\/index.php\/wp-json\/wp\/v2\/users\/1"}],"replies":[{"embeddable":true,"href":"https:\/\/ismaelcolosi.com.br\/index.php\/wp-json\/wp\/v2\/comments?post=52489"}],"version-history":[{"count":0,"href":"https:\/\/ismaelcolosi.com.br\/index.php\/wp-json\/wp\/v2\/posts\/52489\/revisions"}],"wp:featuredmedia":[{"embeddable":true,"href":"https:\/\/ismaelcolosi.com.br\/index.php\/wp-json\/wp\/v2\/media\/52490"}],"wp:attachment":[{"href":"https:\/\/ismaelcolosi.com.br\/index.php\/wp-json\/wp\/v2\/media?parent=52489"}],"wp:term":[{"taxonomy":"category","embeddable":true,"href":"https:\/\/ismaelcolosi.com.br\/index.php\/wp-json\/wp\/v2\/categories?post=52489"},{"taxonomy":"post_tag","embeddable":true,"href":"https:\/\/ismaelcolosi.com.br\/index.php\/wp-json\/wp\/v2\/tags?post=52489"}],"curies":[{"name":"wp","href":"https:\/\/api.w.org\/{rel}","templated":true}]}}