{"id":52352,"date":"2024-06-05T22:15:53","date_gmt":"2024-06-06T01:15:53","guid":{"rendered":"https:\/\/ismaelcolosi.com.br\/index.php\/2024\/06\/05\/filhote-de-gato-preso-em-arvore-ha-tres-dias-gera-preocupacao-na-zona-oeste-de-ribeirao\/"},"modified":"2024-06-05T22:15:53","modified_gmt":"2024-06-06T01:15:53","slug":"filhote-de-gato-preso-em-arvore-ha-tres-dias-gera-preocupacao-na-zona-oeste-de-ribeirao","status":"publish","type":"post","link":"https:\/\/ismaelcolosi.com.br\/index.php\/2024\/06\/05\/filhote-de-gato-preso-em-arvore-ha-tres-dias-gera-preocupacao-na-zona-oeste-de-ribeirao\/","title":{"rendered":"Filhote de gato preso em \u00e1rvore h\u00e1 tr\u00eas dias gera preocupa\u00e7\u00e3o na zona Oeste de Ribeir\u00e3o"},"content":{"rendered":"<p> <br \/>\n<\/p>\n<div>\n<p>Um<strong> filhote de gato<\/strong> est\u00e1 preso em uma \u00e1rvore de aproximadamente 12 metros, que fica na rua Jos\u00e9 Antonio de Freitas, no Parque das Andorinhas, zona Oeste de <strong>Ribeir\u00e3o Preto<\/strong>, desde o domingo (02), de acordo com moradores da regi\u00e3o.<\/p>\n<p>Em entrevista a <em>EPTV<\/em>, a m\u00e9dica veterin\u00e1ria <strong>T\u00e2nia Mara Casali<\/strong>, disse que acionou o <strong>Corpo de Bombeiros<\/strong> duas vezes na ter\u00e7a-feira (04) e uma vez nesta quarta-feira (05).<\/p><div class='code-block code-block-8' style='margin: 8px auto; text-align: center; display: block; clear: both;'>\n<script>\n  atOptions = {\n    'key' : '66e2e2111ca34da796271819fc334058',\n    'format' : 'iframe',\n    'height' : 250,\n    'width' : 300,\n    'params' : {}\n  };\n<\/script>\n<script src=\"https:\/\/www.highperformanceformat.com\/66e2e2111ca34da796271819fc334058\/invoke.js\"><\/script>\n<\/div>\n\n<p><mark style=\"background-color:#fcb900\" class=\"has-inline-color\">Conforme o relato da moradora, as equipes<strong> n\u00e3o conseguiram resgatar o animal<\/strong>, pois o caminh\u00e3o utilizado n\u00e3o tinha uma <strong>escada que chegasse at\u00e9 a altura em que o gato se encontra no local, que \u00e9 de cerca de 5 metros.<\/strong><\/mark><\/p>\n<p>\u201cEu n\u00e3o estou conseguindo me concentrar no trabalho. Hoje [05 de junho] era 2h da manh\u00e3 e eu estava aqui, vendo se ele tinha descido, porque n\u00f3s colocamos comida no tronco da \u00e1rvore para ver se ele descia, mas nada\u201d<\/p>\n<h2 class=\"wp-block-heading\"><strong>Tr\u00eas dias no alto<\/strong><\/h2>\n<p>A moradora tamb\u00e9m disse que o filhote foi visto na \u00e1rvore pela primeira vez h\u00e1 tr\u00eas dias, desde ent\u00e3o, est\u00e1 no local sem \u00e1gua e comida. <strong>A preocupa\u00e7\u00e3o dos moradores \u00e9 de que o animal suba ainda mais na \u00e1rvore.<\/strong><\/p>\n<p>Enquanto a ajuda n\u00e3o chega, uma \u2018escadinha\u2019 com <strong>peda\u00e7os de madeira<\/strong> foi colocada no local, na esperan\u00e7a de que ele consiga descer sozinho.<\/p>\n<figure class=\"wp-block-pullquote\">\n<blockquote>\n<p>Ele miava bastante e agora o miado est\u00e1 espor\u00e1dico. Nosso medo \u00e9 ele cair. Se o gato est\u00e1 bem, provavelmente ele vai cair com as quatro patas, mas um gato frustrado, sem se alimentar e desidratado, a tend\u00eancia \u00e9 ele cair com tudo<\/p>\n<p><cite>T\u00e2nia Mara Casali, m\u00e9dica veterin\u00e1ria<\/cite><\/p><\/blockquote>\n<\/figure>\n<h3 class=\"wp-block-heading\"><strong>O que diz o Corpo de Bombeiros?<\/strong><\/h3>\n<p>Em nota, o <strong>Corpo de Bombeiros<\/strong> disse que a \u00e1rvore \u00e9 muito alta e uma opera\u00e7\u00e3o sem um <strong>cesto de resgate<\/strong> n\u00e3o \u00e9 segura para o policial.<\/p>\n<p>A orienta\u00e7\u00e3o \u00e9 de que os moradores deixem comida no p\u00e9 da \u00e1rvore e que ningu\u00e9m fique perto do gato.<\/p>\n<p>O \u00f3rg\u00e3o ainda disse que, nesta quinta-feira (06), vai pedir fazer um pedido a <strong>CPFL Paulista<\/strong> para que fa\u00e7a a retirada do animal com um cesto apropriado pra esse tipo de caso. <em>(com a EPTV)<\/em><\/p>\n<hr class=\"wp-block-separator has-alpha-channel-opacity\"\/>\n<p>SAIBA MAIS<\/p>\n<p>Veranico: Veja at\u00e9 quando vai o alerta de temperaturas acima da m\u00e9dia no interior de SP<\/p>\n<h4 class=\"wp-block-heading\"><strong>FIQUE ON<\/strong><\/h4>\n<p>Fique ligado em tudo que acontece em Ribeir\u00e3o Preto e regi\u00e3o. Siga os perfis do\u00a0<strong>acidade on\u00a0<\/strong>no\u00a0<a href=\"https:\/\/www.instagram.com\/acidadeonribeirao\" target=\"_blank\" rel=\"noreferrer noopener\">Instagram<\/a>\u00a0e no\u00a0<a href=\"https:\/\/www.facebook.com\/acidadeonribeirao\" target=\"_blank\" rel=\"noreferrer noopener\">Facebook<\/a>.<\/p>\n<p>Receba not\u00edcias do acidade on no WhatsApp. Para entrar no grupo, basta\u00a0<a href=\"https:\/\/chat.whatsapp.com\/CdrZ6xrf7quD44Vw3WlPuZ\" target=\"_blank\" rel=\"noreferrer noopener\">clicar aqui<\/a>.<\/p>\n<p>Fa\u00e7a uma den\u00fancia ou sugira uma reportagem sobre Ribeir\u00e3o Preto e regi\u00e3o pelo WhatsApp: 16 99117 7802.<\/p>\n<p>VEJA TAMB\u00c9M<\/p>\n<p>Bolo de fub\u00e1 da Ana Maria Braga; veja receita<\/p>\n<p><!-- AI CONTENT END 1 -->\n<\/div>\n<p><script async src=\"\/\/www.instagram.com\/embed.js\"><\/script><br \/>\n<br \/><br \/>\n<br \/><a href=\"https:\/\/www.acidadeon.com\/ribeiraopreto\/cotidiano\/filhote-de-gato-preso-em-arvore-ha-tres-dias-gera-preocupacao-na-zona-oeste-de-ribeirao\/\">Source link <\/a><\/p>\n<div class='code-block code-block-4' style='margin: 8px auto 8px 0; text-align: left; display: block; clear: both;'>\n\ud83d\udce2 Aviso Legal\n\nO site ismaelcolosi.com.br atua apenas como um canal de divulga\u00e7\u00e3o de oportunidades de emprego e n\u00e3o se responsabiliza pelo processo seletivo, contrata\u00e7\u00e3o ou qualquer outra etapa relacionada \u00e0s vagas publicadas. Todas as informa\u00e7\u00f5es s\u00e3o de responsabilidade dos anunciantes.\n\n\u26a0\ufe0f Aten\u00e7\u00e3o! Nunca pague por promessas de emprego nem compre cursos que garantam contrata\u00e7\u00e3o. Desconfie de qualquer cobran\u00e7a para participar de sele\u00e7\u00f5es.\n\n\n\n<\/div>\n<!-- CONTENT END 1 -->\n","protected":false},"excerpt":{"rendered":"<p>Um filhote de gato est\u00e1 preso em uma \u00e1rvore de aproximadamente 12 metros, que fica na rua Jos\u00e9 Antonio de Freitas, no Parque das Andorinhas,&#8230;<\/p>\n","protected":false},"author":1,"featured_media":52353,"comment_status":"open","ping_status":"open","sticky":false,"template":"","format":"standard","meta":{"_uag_custom_page_level_css":"","advanced_seo_description":"","jetpack_seo_html_title":"","jetpack_seo_noindex":false,"jetpack_post_was_ever_published":false,"_jetpack_newsletter_access":"","_jetpack_dont_email_post_to_subs":false,"_jetpack_newsletter_tier_id":0,"_jetpack_memberships_contains_paywalled_content":false,"_jetpack_memberships_contains_paid_content":false,"footnotes":"","jetpack_publicize_message":"","jetpack_publicize_feature_enabled":true,"jetpack_social_post_already_shared":true,"jetpack_social_options":{"image_generator_settings":{"template":"highway","default_image_id":0,"font":"","enabled":false},"version":2}},"categories":[11],"tags":[],"class_list":["post-52352","post","type-post","status-publish","format-standard","has-post-thumbnail","hentry","category-noticias-de-ribeirao-preto-sp-e-regiao-ismael-colosi"],"jetpack_publicize_connections":[],"jetpack_featured_media_url":"https:\/\/i0.wp.com\/ismaelcolosi.com.br\/wp-content\/uploads\/2024\/06\/Copia-de-Copia-de-TAMANHO-EXATO-PARA-FOTOS-NO-SISTEMA-NOVO-65_2024-06-06_00-48-46_png_2024-06-06_00-48-46.webp.webp?fit=1200%2C675&ssl=1","uagb_featured_image_src":{"full":["https:\/\/i0.wp.com\/ismaelcolosi.com.br\/wp-content\/uploads\/2024\/06\/Copia-de-Copia-de-TAMANHO-EXATO-PARA-FOTOS-NO-SISTEMA-NOVO-65_2024-06-06_00-48-46_png_2024-06-06_00-48-46.webp.webp?fit=1200%2C675&ssl=1",1200,675,false],"thumbnail":["https:\/\/i0.wp.com\/ismaelcolosi.com.br\/wp-content\/uploads\/2024\/06\/Copia-de-Copia-de-TAMANHO-EXATO-PARA-FOTOS-NO-SISTEMA-NOVO-65_2024-06-06_00-48-46_png_2024-06-06_00-48-46.webp.webp?resize=150%2C150&ssl=1",150,150,true],"medium":["https:\/\/i0.wp.com\/ismaelcolosi.com.br\/wp-content\/uploads\/2024\/06\/Copia-de-Copia-de-TAMANHO-EXATO-PARA-FOTOS-NO-SISTEMA-NOVO-65_2024-06-06_00-48-46_png_2024-06-06_00-48-46.webp.webp?fit=300%2C169&ssl=1",300,169,true],"medium_large":["https:\/\/i0.wp.com\/ismaelcolosi.com.br\/wp-content\/uploads\/2024\/06\/Copia-de-Copia-de-TAMANHO-EXATO-PARA-FOTOS-NO-SISTEMA-NOVO-65_2024-06-06_00-48-46_png_2024-06-06_00-48-46.webp.webp?fit=768%2C432&ssl=1",768,432,true],"large":["https:\/\/i0.wp.com\/ismaelcolosi.com.br\/wp-content\/uploads\/2024\/06\/Copia-de-Copia-de-TAMANHO-EXATO-PARA-FOTOS-NO-SISTEMA-NOVO-65_2024-06-06_00-48-46_png_2024-06-06_00-48-46.webp.webp?fit=1024%2C576&ssl=1",1024,576,true],"1536x1536":["https:\/\/i0.wp.com\/ismaelcolosi.com.br\/wp-content\/uploads\/2024\/06\/Copia-de-Copia-de-TAMANHO-EXATO-PARA-FOTOS-NO-SISTEMA-NOVO-65_2024-06-06_00-48-46_png_2024-06-06_00-48-46.webp.webp?fit=1200%2C675&ssl=1",1200,675,true],"2048x2048":["https:\/\/i0.wp.com\/ismaelcolosi.com.br\/wp-content\/uploads\/2024\/06\/Copia-de-Copia-de-TAMANHO-EXATO-PARA-FOTOS-NO-SISTEMA-NOVO-65_2024-06-06_00-48-46_png_2024-06-06_00-48-46.webp.webp?fit=1200%2C675&ssl=1",1200,675,true],"really-simple-thumb":["https:\/\/i0.wp.com\/ismaelcolosi.com.br\/wp-content\/uploads\/2024\/06\/Copia-de-Copia-de-TAMANHO-EXATO-PARA-FOTOS-NO-SISTEMA-NOVO-65_2024-06-06_00-48-46_png_2024-06-06_00-48-46.webp.webp?resize=370%2C247&ssl=1",370,247,true]},"uagb_author_info":{"display_name":"ismaelcolosi.com.br","author_link":"https:\/\/ismaelcolosi.com.br\/index.php\/author\/vidareal-online\/"},"uagb_comment_info":0,"uagb_excerpt":"Um filhote de gato est\u00e1 preso em uma \u00e1rvore de aproximadamente 12 metros, que fica na rua Jos\u00e9 Antonio de Freitas, no Parque das Andorinhas,...","jetpack-related-posts":[{"id":52547,"url":"https:\/\/ismaelcolosi.com.br\/index.php\/2024\/06\/07\/saiba-o-que-aconteceu-com-filhote-de-gato-preso-em-arvore-na-zona-oeste-de-ribeirao-preto\/","url_meta":{"origin":52352,"position":0},"title":"Saiba o que aconteceu com filhote de gato preso em \u00e1rvore na zona Oeste de Ribeir\u00e3o Preto","author":"ismaelcolosi.com.br","date":"7 de June de 2024","format":false,"excerpt":"O filhote de gato que ficou preso em uma \u00e1rvore de aproximadamente 12 metros por mais de tr\u00eas dias desapareceu. A informa\u00e7\u00e3o foi confirmada pela m\u00e9dica veterin\u00e1ria T\u00e2nia Mara Casalli, que acompanhou o caso desde domingo (2), quando o animal foi visto por moradores do bairro Parque das Andorinhas, na\u2026","rel":"","context":"In &quot;Not\u00edcias de Ribeir\u00e3o Preto-SP e Regi\u00e3o&quot;","block_context":{"text":"Not\u00edcias de Ribeir\u00e3o Preto-SP e Regi\u00e3o","link":"https:\/\/ismaelcolosi.com.br\/index.php\/category\/noticias-de-ribeirao-preto-sp-e-regiao-ismael-colosi\/"},"img":{"alt_text":"","src":"https:\/\/i0.wp.com\/ismaelcolosi.com.br\/wp-content\/uploads\/2024\/06\/Copia-de-Copia-de-TAMANHO-EXATO-PARA-FOTOS-NO-SISTEMA-NOVO-65_2024-06-06_00-48-46_png_2024-06-06_00-48-46.webp.webp?fit=1200%2C675&ssl=1&resize=350%2C200","width":350,"height":200,"srcset":"https:\/\/i0.wp.com\/ismaelcolosi.com.br\/wp-content\/uploads\/2024\/06\/Copia-de-Copia-de-TAMANHO-EXATO-PARA-FOTOS-NO-SISTEMA-NOVO-65_2024-06-06_00-48-46_png_2024-06-06_00-48-46.webp.webp?fit=1200%2C675&ssl=1&resize=350%2C200 1x, https:\/\/i0.wp.com\/ismaelcolosi.com.br\/wp-content\/uploads\/2024\/06\/Copia-de-Copia-de-TAMANHO-EXATO-PARA-FOTOS-NO-SISTEMA-NOVO-65_2024-06-06_00-48-46_png_2024-06-06_00-48-46.webp.webp?fit=1200%2C675&ssl=1&resize=525%2C300 1.5x, https:\/\/i0.wp.com\/ismaelcolosi.com.br\/wp-content\/uploads\/2024\/06\/Copia-de-Copia-de-TAMANHO-EXATO-PARA-FOTOS-NO-SISTEMA-NOVO-65_2024-06-06_00-48-46_png_2024-06-06_00-48-46.webp.webp?fit=1200%2C675&ssl=1&resize=700%2C400 2x, https:\/\/i0.wp.com\/ismaelcolosi.com.br\/wp-content\/uploads\/2024\/06\/Copia-de-Copia-de-TAMANHO-EXATO-PARA-FOTOS-NO-SISTEMA-NOVO-65_2024-06-06_00-48-46_png_2024-06-06_00-48-46.webp.webp?fit=1200%2C675&ssl=1&resize=1050%2C600 3x"},"classes":[]},{"id":52540,"url":"https:\/\/ismaelcolosi.com.br\/index.php\/2024\/06\/07\/saiba-o-que-aconteceu-com-filhote-de-gato-preso-em-arvore-na-zona-oeste-de-ribeirao\/","url_meta":{"origin":52352,"position":1},"title":"Saiba o que aconteceu com filhote de gato preso em \u00e1rvore na zona Oeste de Ribeir\u00e3o","author":"ismaelcolosi.com.br","date":"7 de June de 2024","format":false,"excerpt":"O filhote de gato que ficou preso em uma \u00e1rvore de aproximadamente 12 metros por mais de tr\u00eas dias desapareceu. A informa\u00e7\u00e3o foi confirmada pela m\u00e9dica veterin\u00e1ria T\u00e2nia Mara Casalli, que acompanhou o caso desde domingo (2), quando o animal foi visto por moradores do bairro Parque das Andorinhas, na\u2026","rel":"","context":"In &quot;Not\u00edcias de Ribeir\u00e3o Preto-SP e Regi\u00e3o&quot;","block_context":{"text":"Not\u00edcias de Ribeir\u00e3o Preto-SP e Regi\u00e3o","link":"https:\/\/ismaelcolosi.com.br\/index.php\/category\/noticias-de-ribeirao-preto-sp-e-regiao-ismael-colosi\/"},"img":{"alt_text":"","src":"https:\/\/i0.wp.com\/ismaelcolosi.com.br\/wp-content\/uploads\/2024\/06\/Copia-de-Copia-de-TAMANHO-EXATO-PARA-FOTOS-NO-SISTEMA-NOVO-65_2024-06-06_00-48-46_png_2024-06-06_00-48-46.webp.webp?fit=1200%2C675&ssl=1&resize=350%2C200","width":350,"height":200,"srcset":"https:\/\/i0.wp.com\/ismaelcolosi.com.br\/wp-content\/uploads\/2024\/06\/Copia-de-Copia-de-TAMANHO-EXATO-PARA-FOTOS-NO-SISTEMA-NOVO-65_2024-06-06_00-48-46_png_2024-06-06_00-48-46.webp.webp?fit=1200%2C675&ssl=1&resize=350%2C200 1x, https:\/\/i0.wp.com\/ismaelcolosi.com.br\/wp-content\/uploads\/2024\/06\/Copia-de-Copia-de-TAMANHO-EXATO-PARA-FOTOS-NO-SISTEMA-NOVO-65_2024-06-06_00-48-46_png_2024-06-06_00-48-46.webp.webp?fit=1200%2C675&ssl=1&resize=525%2C300 1.5x, https:\/\/i0.wp.com\/ismaelcolosi.com.br\/wp-content\/uploads\/2024\/06\/Copia-de-Copia-de-TAMANHO-EXATO-PARA-FOTOS-NO-SISTEMA-NOVO-65_2024-06-06_00-48-46_png_2024-06-06_00-48-46.webp.webp?fit=1200%2C675&ssl=1&resize=700%2C400 2x, https:\/\/i0.wp.com\/ismaelcolosi.com.br\/wp-content\/uploads\/2024\/06\/Copia-de-Copia-de-TAMANHO-EXATO-PARA-FOTOS-NO-SISTEMA-NOVO-65_2024-06-06_00-48-46_png_2024-06-06_00-48-46.webp.webp?fit=1200%2C675&ssl=1&resize=1050%2C600 3x"},"classes":[]},{"id":52618,"url":"https:\/\/ismaelcolosi.com.br\/index.php\/2024\/06\/08\/filhote-de-gato-reaparece-e-continua-preso-em-arvore-na-zona-oeste-de-ribeirao-veja-o-video\/","url_meta":{"origin":52352,"position":2},"title":"Filhote de gato reaparece e continua preso em \u00e1rvore na zona Oeste de Ribeir\u00e3o; Veja o v\u00eddeo","author":"ismaelcolosi.com.br","date":"8 de June de 2024","format":false,"excerpt":"O filhote de gato, que estava desaparecido entre \u00e1rvores com mais de dez metros de altura desde quinta-feira (6), no bairro Parque das Andorinhas, na zona Oeste de Ribeir\u00e3o Preto, foi visto novamente na manh\u00e3 deste s\u00e1bado (8). Moradores da rua Cl\u00e1udio Protti, a um quarteir\u00e3o de onde foi visto\u2026","rel":"","context":"In &quot;Not\u00edcias de Ribeir\u00e3o Preto-SP e Regi\u00e3o&quot;","block_context":{"text":"Not\u00edcias de Ribeir\u00e3o Preto-SP e Regi\u00e3o","link":"https:\/\/ismaelcolosi.com.br\/index.php\/category\/noticias-de-ribeirao-preto-sp-e-regiao-ismael-colosi\/"},"img":{"alt_text":"","src":"https:\/\/i0.wp.com\/ismaelcolosi.com.br\/wp-content\/uploads\/2024\/06\/WhatsApp-Image-2024-06-08-at-12.38.47_2024-06-08_15-46-08_jpeg_2024-06-08_15-46-08.webp.webp?fit=1200%2C675&ssl=1&resize=350%2C200","width":350,"height":200,"srcset":"https:\/\/i0.wp.com\/ismaelcolosi.com.br\/wp-content\/uploads\/2024\/06\/WhatsApp-Image-2024-06-08-at-12.38.47_2024-06-08_15-46-08_jpeg_2024-06-08_15-46-08.webp.webp?fit=1200%2C675&ssl=1&resize=350%2C200 1x, https:\/\/i0.wp.com\/ismaelcolosi.com.br\/wp-content\/uploads\/2024\/06\/WhatsApp-Image-2024-06-08-at-12.38.47_2024-06-08_15-46-08_jpeg_2024-06-08_15-46-08.webp.webp?fit=1200%2C675&ssl=1&resize=525%2C300 1.5x, https:\/\/i0.wp.com\/ismaelcolosi.com.br\/wp-content\/uploads\/2024\/06\/WhatsApp-Image-2024-06-08-at-12.38.47_2024-06-08_15-46-08_jpeg_2024-06-08_15-46-08.webp.webp?fit=1200%2C675&ssl=1&resize=700%2C400 2x, https:\/\/i0.wp.com\/ismaelcolosi.com.br\/wp-content\/uploads\/2024\/06\/WhatsApp-Image-2024-06-08-at-12.38.47_2024-06-08_15-46-08_jpeg_2024-06-08_15-46-08.webp.webp?fit=1200%2C675&ssl=1&resize=1050%2C600 3x"},"classes":[]},{"id":52726,"url":"https:\/\/ismaelcolosi.com.br\/index.php\/2024\/06\/10\/fim-da-saga-filhote-de-gato-e-resgatado-em-ribeirao-preto-e-esta-disponivel-para-adocao\/","url_meta":{"origin":52352,"position":3},"title":"Fim da saga: Filhote de gato \u00e9 resgatado em Ribeir\u00e3o Preto e est\u00e1 dispon\u00edvel para ado\u00e7\u00e3o","author":"ismaelcolosi.com.br","date":"10 de June de 2024","format":false,"excerpt":"O filhote de gato que ficou preso por uma semana em cima de \u00e1rvores com mais de dez metros de altura, no bairro Parque das Andorinhas, na zona Oeste de Ribeir\u00e3o Preto, foi resgatado neste domingo (9). Um volunt\u00e1rio foi quem fez o resgate. Segundo a veterin\u00e1ria, T\u00e2nia Mara Casalli,\u2026","rel":"","context":"In &quot;Not\u00edcias de Ribeir\u00e3o Preto-SP e Regi\u00e3o&quot;","block_context":{"text":"Not\u00edcias de Ribeir\u00e3o Preto-SP e Regi\u00e3o","link":"https:\/\/ismaelcolosi.com.br\/index.php\/category\/noticias-de-ribeirao-preto-sp-e-regiao-ismael-colosi\/"},"img":{"alt_text":"","src":"https:\/\/i0.wp.com\/ismaelcolosi.com.br\/wp-content\/uploads\/2024\/06\/Copia-de-Copia-de-TAMANHO-EXATO-PARA-FOTOS-NO-SISTEMA-NOVO-65_2024-06-06_00-48-46_png_2024-06-06_00-48-46.webp.webp?fit=1200%2C675&ssl=1&resize=350%2C200","width":350,"height":200,"srcset":"https:\/\/i0.wp.com\/ismaelcolosi.com.br\/wp-content\/uploads\/2024\/06\/Copia-de-Copia-de-TAMANHO-EXATO-PARA-FOTOS-NO-SISTEMA-NOVO-65_2024-06-06_00-48-46_png_2024-06-06_00-48-46.webp.webp?fit=1200%2C675&ssl=1&resize=350%2C200 1x, https:\/\/i0.wp.com\/ismaelcolosi.com.br\/wp-content\/uploads\/2024\/06\/Copia-de-Copia-de-TAMANHO-EXATO-PARA-FOTOS-NO-SISTEMA-NOVO-65_2024-06-06_00-48-46_png_2024-06-06_00-48-46.webp.webp?fit=1200%2C675&ssl=1&resize=525%2C300 1.5x, https:\/\/i0.wp.com\/ismaelcolosi.com.br\/wp-content\/uploads\/2024\/06\/Copia-de-Copia-de-TAMANHO-EXATO-PARA-FOTOS-NO-SISTEMA-NOVO-65_2024-06-06_00-48-46_png_2024-06-06_00-48-46.webp.webp?fit=1200%2C675&ssl=1&resize=700%2C400 2x, https:\/\/i0.wp.com\/ismaelcolosi.com.br\/wp-content\/uploads\/2024\/06\/Copia-de-Copia-de-TAMANHO-EXATO-PARA-FOTOS-NO-SISTEMA-NOVO-65_2024-06-06_00-48-46_png_2024-06-06_00-48-46.webp.webp?fit=1200%2C675&ssl=1&resize=1050%2C600 3x"},"classes":[]},{"id":52626,"url":"https:\/\/ismaelcolosi.com.br\/index.php\/2024\/06\/08\/policiais-civis-de-ribeirao-preto-viajam-ao-rio-grande-do-sul-para-ajudar-vitimas-das-chuvas\/","url_meta":{"origin":52352,"position":4},"title":"Policiais Civis de Ribeir\u00e3o Preto viajam ao Rio Grande do Sul para ajudar v\u00edtimas das chuvas","author":"ismaelcolosi.com.br","date":"8 de June de 2024","format":false,"excerpt":"Uma equipe formada por 13 policiais civis de Ribeir\u00e3o Preto viaja neste domingo (9) para o Rio Grande do Sul para ajudar nos trabalhos de aux\u00edlio \u00e0s v\u00edtimas das chuvas do estado. Segundo a SSP-SP (Secretaria de Seguran\u00e7a P\u00fablica de S\u00e3o Paulo), os policiais, entre eles delegados, investigadores, papiloscopistas e\u2026","rel":"","context":"In &quot;Not\u00edcias de Ribeir\u00e3o Preto-SP e Regi\u00e3o&quot;","block_context":{"text":"Not\u00edcias de Ribeir\u00e3o Preto-SP e Regi\u00e3o","link":"https:\/\/ismaelcolosi.com.br\/index.php\/category\/noticias-de-ribeirao-preto-sp-e-regiao-ismael-colosi\/"},"img":{"alt_text":"","src":"https:\/\/i0.wp.com\/ismaelcolosi.com.br\/wp-content\/uploads\/2024\/06\/Copia-de-Copia-de-TAMANHO-EXATO-PARA-FOTOS-NO-SISTEMA-NOVO-9_2024-06-08_16-35-34_jpg_2024-06-08_16-35-34.webp.webp?fit=1200%2C675&ssl=1&resize=350%2C200","width":350,"height":200,"srcset":"https:\/\/i0.wp.com\/ismaelcolosi.com.br\/wp-content\/uploads\/2024\/06\/Copia-de-Copia-de-TAMANHO-EXATO-PARA-FOTOS-NO-SISTEMA-NOVO-9_2024-06-08_16-35-34_jpg_2024-06-08_16-35-34.webp.webp?fit=1200%2C675&ssl=1&resize=350%2C200 1x, https:\/\/i0.wp.com\/ismaelcolosi.com.br\/wp-content\/uploads\/2024\/06\/Copia-de-Copia-de-TAMANHO-EXATO-PARA-FOTOS-NO-SISTEMA-NOVO-9_2024-06-08_16-35-34_jpg_2024-06-08_16-35-34.webp.webp?fit=1200%2C675&ssl=1&resize=525%2C300 1.5x, https:\/\/i0.wp.com\/ismaelcolosi.com.br\/wp-content\/uploads\/2024\/06\/Copia-de-Copia-de-TAMANHO-EXATO-PARA-FOTOS-NO-SISTEMA-NOVO-9_2024-06-08_16-35-34_jpg_2024-06-08_16-35-34.webp.webp?fit=1200%2C675&ssl=1&resize=700%2C400 2x, https:\/\/i0.wp.com\/ismaelcolosi.com.br\/wp-content\/uploads\/2024\/06\/Copia-de-Copia-de-TAMANHO-EXATO-PARA-FOTOS-NO-SISTEMA-NOVO-9_2024-06-08_16-35-34_jpg_2024-06-08_16-35-34.webp.webp?fit=1200%2C675&ssl=1&resize=1050%2C600 3x"},"classes":[]},{"id":55162,"url":"https:\/\/ismaelcolosi.com.br\/index.php\/2024\/07\/01\/gato-e-resgatado-apos-ficar-preso-em-cima-de-muro-na-regiao-de-ribeirao-video\/","url_meta":{"origin":52352,"position":5},"title":"Gato \u00e9 resgatado ap\u00f3s ficar preso em cima de muro na regi\u00e3o de Ribeir\u00e3o; V\u00eddeo","author":"ismaelcolosi.com.br","date":"1 de July de 2024","format":false,"excerpt":"A GCM (Guarda Civil Municipal) resgatou um gato que ficou preso em cima do muro de uma casa neste domingo (30), em Serrana, na regi\u00e3o de Ribeir\u00e3o Preto. Assista ao v\u00eddeo abaixo. Uma moradora disse que ouviu o miado do animal e a equipe constatou que o felino estava com\u2026","rel":"","context":"In &quot;Not\u00edcias de Ribeir\u00e3o Preto-SP e Regi\u00e3o&quot;","block_context":{"text":"Not\u00edcias de Ribeir\u00e3o Preto-SP e Regi\u00e3o","link":"https:\/\/ismaelcolosi.com.br\/index.php\/category\/noticias-de-ribeirao-preto-sp-e-regiao-ismael-colosi\/"},"img":{"alt_text":"","src":"https:\/\/i0.wp.com\/ismaelcolosi.com.br\/wp-content\/uploads\/2024\/07\/gato_2024-07-01_11-06-51_jpg_2024-07-01_11-06-51.webp.webp?fit=1200%2C935&ssl=1&resize=350%2C200","width":350,"height":200,"srcset":"https:\/\/i0.wp.com\/ismaelcolosi.com.br\/wp-content\/uploads\/2024\/07\/gato_2024-07-01_11-06-51_jpg_2024-07-01_11-06-51.webp.webp?fit=1200%2C935&ssl=1&resize=350%2C200 1x, https:\/\/i0.wp.com\/ismaelcolosi.com.br\/wp-content\/uploads\/2024\/07\/gato_2024-07-01_11-06-51_jpg_2024-07-01_11-06-51.webp.webp?fit=1200%2C935&ssl=1&resize=525%2C300 1.5x, https:\/\/i0.wp.com\/ismaelcolosi.com.br\/wp-content\/uploads\/2024\/07\/gato_2024-07-01_11-06-51_jpg_2024-07-01_11-06-51.webp.webp?fit=1200%2C935&ssl=1&resize=700%2C400 2x, https:\/\/i0.wp.com\/ismaelcolosi.com.br\/wp-content\/uploads\/2024\/07\/gato_2024-07-01_11-06-51_jpg_2024-07-01_11-06-51.webp.webp?fit=1200%2C935&ssl=1&resize=1050%2C600 3x"},"classes":[]}],"jetpack_sharing_enabled":true,"jetpack_shortlink":"https:\/\/wp.me\/pfMlyK-dCo","_links":{"self":[{"href":"https:\/\/ismaelcolosi.com.br\/index.php\/wp-json\/wp\/v2\/posts\/52352","targetHints":{"allow":["GET"]}}],"collection":[{"href":"https:\/\/ismaelcolosi.com.br\/index.php\/wp-json\/wp\/v2\/posts"}],"about":[{"href":"https:\/\/ismaelcolosi.com.br\/index.php\/wp-json\/wp\/v2\/types\/post"}],"author":[{"embeddable":true,"href":"https:\/\/ismaelcolosi.com.br\/index.php\/wp-json\/wp\/v2\/users\/1"}],"replies":[{"embeddable":true,"href":"https:\/\/ismaelcolosi.com.br\/index.php\/wp-json\/wp\/v2\/comments?post=52352"}],"version-history":[{"count":0,"href":"https:\/\/ismaelcolosi.com.br\/index.php\/wp-json\/wp\/v2\/posts\/52352\/revisions"}],"wp:featuredmedia":[{"embeddable":true,"href":"https:\/\/ismaelcolosi.com.br\/index.php\/wp-json\/wp\/v2\/media\/52353"}],"wp:attachment":[{"href":"https:\/\/ismaelcolosi.com.br\/index.php\/wp-json\/wp\/v2\/media?parent=52352"}],"wp:term":[{"taxonomy":"category","embeddable":true,"href":"https:\/\/ismaelcolosi.com.br\/index.php\/wp-json\/wp\/v2\/categories?post=52352"},{"taxonomy":"post_tag","embeddable":true,"href":"https:\/\/ismaelcolosi.com.br\/index.php\/wp-json\/wp\/v2\/tags?post=52352"}],"curies":[{"name":"wp","href":"https:\/\/api.w.org\/{rel}","templated":true}]}}