{"id":52348,"date":"2024-06-05T21:06:41","date_gmt":"2024-06-06T00:06:41","guid":{"rendered":"https:\/\/ismaelcolosi.com.br\/index.php\/2024\/06\/05\/veranico-veja-ate-quando-vai-o-alerta-de-temperaturas-acima-da-media-no-interior-de-sp\/"},"modified":"2024-06-05T21:06:41","modified_gmt":"2024-06-06T00:06:41","slug":"veranico-veja-ate-quando-vai-o-alerta-de-temperaturas-acima-da-media-no-interior-de-sp","status":"publish","type":"post","link":"https:\/\/ismaelcolosi.com.br\/index.php\/2024\/06\/05\/veranico-veja-ate-quando-vai-o-alerta-de-temperaturas-acima-da-media-no-interior-de-sp\/","title":{"rendered":"Veranico: Veja at\u00e9 quando vai o alerta de temperaturas acima da m\u00e9dia no interior de SP"},"content":{"rendered":"<p> <br \/>\n<\/p>\n<div>\n<p>As <strong>temperaturas devem voltar a ficar acima da m\u00e9dia<\/strong> a partir desta quinta-feira (07), em todo o <strong>interior do estado de S\u00e3o Paulo<\/strong>, de acordo com o alerta emitido pela <strong>Climatempo<\/strong>.<\/p>\n<p><mark style=\"background-color:#fcb900\" class=\"has-inline-color\">Esse cen\u00e1rio acontece devido a um <strong>bloqueio atmosf\u00e9rico<\/strong> que deve ficar centralizado sobre o estado nos pr\u00f3ximos dias.<\/mark><\/p><div class='code-block code-block-8' style='margin: 8px auto; text-align: center; display: block; clear: both;'>\n<script>\n  atOptions = {\n    'key' : '66e2e2111ca34da796271819fc334058',\n    'format' : 'iframe',\n    'height' : 250,\n    'width' : 300,\n    'params' : {}\n  };\n<\/script>\n<script src=\"https:\/\/www.highperformanceformat.com\/66e2e2111ca34da796271819fc334058\/invoke.js\"><\/script>\n<\/div>\n\n<p>De acordo com os meteorologistas, o sistema vai <strong>impedir a passagem de novas frentes frias<\/strong> e provocar um per\u00edodo de <strong>veranico<\/strong>, com condi\u00e7\u00f5es de <strong>tempo quente e seco<\/strong>.<\/p>\n<h2 class=\"wp-block-heading\"><strong>Calor\u00e3o vai atingir novamente o interior de SP?<\/strong><\/h2>\n<p>Um per\u00edodo de <strong>veranico <\/strong>acontece quando o clima fica <strong>atipicamente mais quente por mais de quatro dias durante o outono ou em pleno inverno<\/strong>, o que se assemelha a uma onda de calor nessas esta\u00e7\u00f5es.<\/p>\n<p>Contudo, por acontecer em um <strong>per\u00edodo mais frio do ano<\/strong>, o<mark style=\"background-color:#fcb900\" class=\"has-inline-color\"> <strong>veranico n\u00e3o projeta o calor\u00e3o extremo<\/strong> que atingiu diversos munic\u00edpios no come\u00e7o de maio.<\/mark> A previs\u00e3o \u00e9 de que o <strong>interior de S\u00e3o Paulo<\/strong> registre temperaturas de <strong>3\u00baC<\/strong> a <strong>5\u00baC<\/strong> acima do normal.<\/p>\n<figure class=\"wp-block-pullquote\">\n<blockquote>\n<p>Isso n\u00e3o significa que o calor ser\u00e1 intenso nessas \u00e1reas, mas que as temperaturas v\u00e3o ficar altas para os padr\u00f5es de junho, configurando um epis\u00f3dio de veranico<\/p>\n<p><cite>Climatempo<\/cite><\/p><\/blockquote>\n<\/figure>\n<p>Em<strong> Ribeir\u00e3o Preto<\/strong>, por exemplo, a m\u00e9dia de temperatura m\u00e1xima para o m\u00eas de junho \u00e9 de <strong>25\u00baC<\/strong>, de acordo com o servi\u00e7o de meteorologia. Durante o <strong>veranico<\/strong>, os moradores podem esperar term\u00f4metros marcando entre <strong>31\u00baC<\/strong> e <strong>32\u00baC<\/strong>.\u00a0<\/p>\n<h3 class=\"wp-block-heading\"><strong>At\u00e9 quando vai o alerta de temperaturas acima da m\u00e9dia?<\/strong><\/h3>\n<p>Segundo a <strong>Climatempo<\/strong>, algumas regi\u00f5es do <strong>interior do estado de SP<\/strong> devem registrar m\u00e1ximas em torno de <strong>30\u00baC<\/strong> e <strong>32\u00b0C<\/strong> at\u00e9 o <strong>dia 14 de junho<\/strong>.<\/p>\n<p>Durante esse per\u00edodo, o <strong>interior do estado de S\u00e3o Paulo<\/strong> deve ter noites mais frescas e com sensa\u00e7\u00e3o de frio, no entanto, tardes com temperaturas elevadas e acima da m\u00e9dia para o per\u00edodo.<\/p>\n<hr class=\"wp-block-separator has-alpha-channel-opacity\"\/>\n<p>SAIBA MAIS<\/p>\n<p>Veja at\u00e9 quando v\u00e3o as inscri\u00e7\u00f5es de concurso no interior de SP com sal\u00e1rios de R$ 8 mil<\/p>\n<h4 class=\"wp-block-heading\"><strong>FIQUE ON<\/strong><\/h4>\n<p>Fique ligado em tudo que acontece em Ribeir\u00e3o Preto e regi\u00e3o. Siga os perfis do\u00a0<strong>acidade on\u00a0<\/strong>no\u00a0<a href=\"https:\/\/www.instagram.com\/acidadeonribeirao\" target=\"_blank\" rel=\"noreferrer noopener\">Instagram<\/a>\u00a0e no\u00a0<a href=\"https:\/\/www.facebook.com\/acidadeonribeirao\" target=\"_blank\" rel=\"noreferrer noopener\">Facebook<\/a>.<\/p>\n<p>Receba not\u00edcias do acidade on no WhatsApp. Para entrar no grupo, basta\u00a0<a href=\"https:\/\/chat.whatsapp.com\/CdrZ6xrf7quD44Vw3WlPuZ\" target=\"_blank\" rel=\"noreferrer noopener\">clicar aqui<\/a>.<\/p>\n<p>Fa\u00e7a uma den\u00fancia ou sugira uma reportagem sobre Ribeir\u00e3o Preto e regi\u00e3o pelo WhatsApp: 16 99117 7802.<\/p>\n<p>VEJA TAMB\u00c9M<\/p>\n<p>Quem \u00e9 a atriz da Psylocke, do \u2018X-Men\u2019, que chorou ap\u00f3s mastectomia dupla?<\/p>\n<p><!-- AI CONTENT END 1 -->\n<\/div>\n<p><script async src=\"\/\/www.instagram.com\/embed.js\"><\/script><br \/>\n<br \/><br \/>\n<br \/><a href=\"https:\/\/www.acidadeon.com\/ribeiraopreto\/cotidiano\/veranico-veja-ate-quando-vai-o-alerta-de-temperaturas-acima-da-media-no-interior-de-sp\/\">Source link <\/a><\/p>\n<div class='code-block code-block-4' style='margin: 8px auto 8px 0; text-align: left; display: block; clear: both;'>\n\ud83d\udce2 Aviso Legal\n\nO site ismaelcolosi.com.br atua apenas como um canal de divulga\u00e7\u00e3o de oportunidades de emprego e n\u00e3o se responsabiliza pelo processo seletivo, contrata\u00e7\u00e3o ou qualquer outra etapa relacionada \u00e0s vagas publicadas. Todas as informa\u00e7\u00f5es s\u00e3o de responsabilidade dos anunciantes.\n\n\u26a0\ufe0f Aten\u00e7\u00e3o! Nunca pague por promessas de emprego nem compre cursos que garantam contrata\u00e7\u00e3o. Desconfie de qualquer cobran\u00e7a para participar de sele\u00e7\u00f5es.\n\n\n\n<\/div>\n<!-- CONTENT END 1 -->\n","protected":false},"excerpt":{"rendered":"<p>As temperaturas devem voltar a ficar acima da m\u00e9dia a partir desta quinta-feira (07), em todo o interior do estado de S\u00e3o Paulo, de acordo&#8230;<\/p>\n","protected":false},"author":1,"featured_media":52349,"comment_status":"open","ping_status":"open","sticky":false,"template":"","format":"standard","meta":{"_uag_custom_page_level_css":"","advanced_seo_description":"","jetpack_seo_html_title":"","jetpack_seo_noindex":false,"jetpack_post_was_ever_published":false,"_jetpack_newsletter_access":"","_jetpack_dont_email_post_to_subs":false,"_jetpack_newsletter_tier_id":0,"_jetpack_memberships_contains_paywalled_content":false,"_jetpack_memberships_contains_paid_content":false,"footnotes":"","jetpack_publicize_message":"","jetpack_publicize_feature_enabled":true,"jetpack_social_post_already_shared":true,"jetpack_social_options":{"image_generator_settings":{"template":"highway","default_image_id":0,"font":"","enabled":false},"version":2}},"categories":[11],"tags":[],"class_list":["post-52348","post","type-post","status-publish","format-standard","has-post-thumbnail","hentry","category-noticias-de-ribeirao-preto-sp-e-regiao-ismael-colosi"],"jetpack_publicize_connections":[],"jetpack_featured_media_url":"https:\/\/i0.wp.com\/ismaelcolosi.com.br\/wp-content\/uploads\/2024\/06\/calor_fonte_1024x576_24012021151539.jpg?fit=1024%2C576&ssl=1","uagb_featured_image_src":{"full":["https:\/\/i0.wp.com\/ismaelcolosi.com.br\/wp-content\/uploads\/2024\/06\/calor_fonte_1024x576_24012021151539.jpg?fit=1024%2C576&ssl=1",1024,576,false],"thumbnail":["https:\/\/i0.wp.com\/ismaelcolosi.com.br\/wp-content\/uploads\/2024\/06\/calor_fonte_1024x576_24012021151539.jpg?resize=150%2C150&ssl=1",150,150,true],"medium":["https:\/\/i0.wp.com\/ismaelcolosi.com.br\/wp-content\/uploads\/2024\/06\/calor_fonte_1024x576_24012021151539.jpg?fit=300%2C169&ssl=1",300,169,true],"medium_large":["https:\/\/i0.wp.com\/ismaelcolosi.com.br\/wp-content\/uploads\/2024\/06\/calor_fonte_1024x576_24012021151539.jpg?fit=768%2C432&ssl=1",768,432,true],"large":["https:\/\/i0.wp.com\/ismaelcolosi.com.br\/wp-content\/uploads\/2024\/06\/calor_fonte_1024x576_24012021151539.jpg?fit=1024%2C576&ssl=1",1024,576,true],"1536x1536":["https:\/\/i0.wp.com\/ismaelcolosi.com.br\/wp-content\/uploads\/2024\/06\/calor_fonte_1024x576_24012021151539.jpg?fit=1024%2C576&ssl=1",1024,576,true],"2048x2048":["https:\/\/i0.wp.com\/ismaelcolosi.com.br\/wp-content\/uploads\/2024\/06\/calor_fonte_1024x576_24012021151539.jpg?fit=1024%2C576&ssl=1",1024,576,true],"really-simple-thumb":["https:\/\/i0.wp.com\/ismaelcolosi.com.br\/wp-content\/uploads\/2024\/06\/calor_fonte_1024x576_24012021151539.jpg?resize=370%2C247&ssl=1",370,247,true]},"uagb_author_info":{"display_name":"ismaelcolosi.com.br","author_link":"https:\/\/ismaelcolosi.com.br\/index.php\/author\/vidareal-online\/"},"uagb_comment_info":0,"uagb_excerpt":"As temperaturas devem voltar a ficar acima da m\u00e9dia a partir desta quinta-feira (07), em todo o interior do estado de S\u00e3o Paulo, de acordo...","jetpack-related-posts":[{"id":52208,"url":"https:\/\/ismaelcolosi.com.br\/index.php\/2024\/06\/04\/calorao-vai-voltar-interior-de-sp-tem-alerta-para-temperaturas-acima-da-media\/","url_meta":{"origin":52348,"position":0},"title":"Calor\u00e3o vai voltar? Interior de SP tem alerta para temperaturas acima da m\u00e9dia","author":"ismaelcolosi.com.br","date":"4 de June de 2024","format":false,"excerpt":"Um novo bloqueio atmosf\u00e9rico vai se estabelecer no Centro-Leste do pa\u00eds nos pr\u00f3ximos dias e deve provocar condi\u00e7\u00f5es de tempo quente e seco no Sudeste do Brasil, de acordo com a meteorologia. No interior do estado de S\u00e3o Paulo ainda teremos noites mais frescas e com sensa\u00e7\u00e3o de frio, no\u2026","rel":"","context":"In &quot;Not\u00edcias de Ribeir\u00e3o Preto-SP e Regi\u00e3o&quot;","block_context":{"text":"Not\u00edcias de Ribeir\u00e3o Preto-SP e Regi\u00e3o","link":"https:\/\/ismaelcolosi.com.br\/index.php\/category\/noticias-de-ribeirao-preto-sp-e-regiao-ismael-colosi\/"},"img":{"alt_text":"","src":"https:\/\/i0.wp.com\/ismaelcolosi.com.br\/wp-content\/uploads\/2024\/06\/WhatsApp-Image-2024-03-11-at-12.29.24-1.jpeg?fit=1200%2C804&ssl=1&resize=350%2C200","width":350,"height":200,"srcset":"https:\/\/i0.wp.com\/ismaelcolosi.com.br\/wp-content\/uploads\/2024\/06\/WhatsApp-Image-2024-03-11-at-12.29.24-1.jpeg?fit=1200%2C804&ssl=1&resize=350%2C200 1x, https:\/\/i0.wp.com\/ismaelcolosi.com.br\/wp-content\/uploads\/2024\/06\/WhatsApp-Image-2024-03-11-at-12.29.24-1.jpeg?fit=1200%2C804&ssl=1&resize=525%2C300 1.5x, https:\/\/i0.wp.com\/ismaelcolosi.com.br\/wp-content\/uploads\/2024\/06\/WhatsApp-Image-2024-03-11-at-12.29.24-1.jpeg?fit=1200%2C804&ssl=1&resize=700%2C400 2x, https:\/\/i0.wp.com\/ismaelcolosi.com.br\/wp-content\/uploads\/2024\/06\/WhatsApp-Image-2024-03-11-at-12.29.24-1.jpeg?fit=1200%2C804&ssl=1&resize=1050%2C600 3x"},"classes":[]},{"id":57144,"url":"https:\/\/ismaelcolosi.com.br\/index.php\/2024\/07\/18\/veranico-vai-subir-temperaturas-veja-previsao-para-5-dias-em-ribeirao-preto\/","url_meta":{"origin":52348,"position":1},"title":"Veranico vai subir temperaturas; Veja previs\u00e3o para 5 dias em Ribeir\u00e3o Preto","author":"ismaelcolosi.com.br","date":"18 de July de 2024","format":false,"excerpt":"O veranico \u2013 per\u00edodo caracterizado pelo tempo seco e temperaturas acima do normal por pelo menos quatro dias consecutivos durante o inverno \u2013 come\u00e7a nesta quinta-feira (18) e tem previs\u00e3o de se estender at\u00e9 o pr\u00f3ximo dia 25. Grande parte do interior de S\u00e3o Paulo pode ter as temperaturas elevadas\u2026","rel":"","context":"In &quot;Not\u00edcias de Ribeir\u00e3o Preto-SP e Regi\u00e3o&quot;","block_context":{"text":"Not\u00edcias de Ribeir\u00e3o Preto-SP e Regi\u00e3o","link":"https:\/\/ismaelcolosi.com.br\/index.php\/category\/noticias-de-ribeirao-preto-sp-e-regiao-ismael-colosi\/"},"img":{"alt_text":"","src":"https:\/\/i0.wp.com\/ismaelcolosi.com.br\/wp-content\/uploads\/2024\/07\/20220918_120139_2-scaled.jpg?fit=1200%2C675&ssl=1&resize=350%2C200","width":350,"height":200,"srcset":"https:\/\/i0.wp.com\/ismaelcolosi.com.br\/wp-content\/uploads\/2024\/07\/20220918_120139_2-scaled.jpg?fit=1200%2C675&ssl=1&resize=350%2C200 1x, https:\/\/i0.wp.com\/ismaelcolosi.com.br\/wp-content\/uploads\/2024\/07\/20220918_120139_2-scaled.jpg?fit=1200%2C675&ssl=1&resize=525%2C300 1.5x, https:\/\/i0.wp.com\/ismaelcolosi.com.br\/wp-content\/uploads\/2024\/07\/20220918_120139_2-scaled.jpg?fit=1200%2C675&ssl=1&resize=700%2C400 2x, https:\/\/i0.wp.com\/ismaelcolosi.com.br\/wp-content\/uploads\/2024\/07\/20220918_120139_2-scaled.jpg?fit=1200%2C675&ssl=1&resize=1050%2C600 3x"},"classes":[]},{"id":52236,"url":"https:\/\/ismaelcolosi.com.br\/index.php\/2024\/06\/05\/com-veranico-confira-as-temperaturas-previstas-nos-proximos-dias-no-interior-de-sp\/","url_meta":{"origin":52348,"position":2},"title":"Com veranico, confira as temperaturas previstas nos pr\u00f3ximos dias no interior de SP","author":"ismaelcolosi.com.br","date":"5 de June de 2024","format":false,"excerpt":"O estado de S\u00e3o Paulo entrou em um per\u00edodo de veranico a partir desta quarta-feira (5) at\u00e9 14 de junho, com previs\u00e3o de temperaturas entre 3\u00b0C a 5\u00b0C acima da m\u00e9dia, tempo seco e pouca chuva. Segundo a Climatempo, h\u00e1 um novo bloqueio atmosf\u00e9rico posicionado sobre a regi\u00e3o Sudeste, que\u2026","rel":"","context":"In &quot;Not\u00edcias de Ribeir\u00e3o Preto-SP e Regi\u00e3o&quot;","block_context":{"text":"Not\u00edcias de Ribeir\u00e3o Preto-SP e Regi\u00e3o","link":"https:\/\/ismaelcolosi.com.br\/index.php\/category\/noticias-de-ribeirao-preto-sp-e-regiao-ismael-colosi\/"},"img":{"alt_text":"","src":"https:\/\/i0.wp.com\/ismaelcolosi.com.br\/wp-content\/uploads\/2024\/06\/WhatsApp-Image-2024-06-05-at-08.22.06_2024-06-05_11-29-47_jpeg_2024-06-05_11-29-48.webp.webp?fit=1200%2C540&ssl=1&resize=350%2C200","width":350,"height":200,"srcset":"https:\/\/i0.wp.com\/ismaelcolosi.com.br\/wp-content\/uploads\/2024\/06\/WhatsApp-Image-2024-06-05-at-08.22.06_2024-06-05_11-29-47_jpeg_2024-06-05_11-29-48.webp.webp?fit=1200%2C540&ssl=1&resize=350%2C200 1x, https:\/\/i0.wp.com\/ismaelcolosi.com.br\/wp-content\/uploads\/2024\/06\/WhatsApp-Image-2024-06-05-at-08.22.06_2024-06-05_11-29-47_jpeg_2024-06-05_11-29-48.webp.webp?fit=1200%2C540&ssl=1&resize=525%2C300 1.5x, https:\/\/i0.wp.com\/ismaelcolosi.com.br\/wp-content\/uploads\/2024\/06\/WhatsApp-Image-2024-06-05-at-08.22.06_2024-06-05_11-29-47_jpeg_2024-06-05_11-29-48.webp.webp?fit=1200%2C540&ssl=1&resize=700%2C400 2x, https:\/\/i0.wp.com\/ismaelcolosi.com.br\/wp-content\/uploads\/2024\/06\/WhatsApp-Image-2024-06-05-at-08.22.06_2024-06-05_11-29-47_jpeg_2024-06-05_11-29-48.webp.webp?fit=1200%2C540&ssl=1&resize=1050%2C600 3x"},"classes":[]},{"id":56985,"url":"https:\/\/ismaelcolosi.com.br\/index.php\/2024\/07\/17\/veranico-esta-de-volta-ao-interior-de-sp-entenda-por-que-a-temperatura-sobe-no-inverno\/","url_meta":{"origin":52348,"position":3},"title":"Veranico est\u00e1 de volta ao interior de SP; Entenda por que a temperatura sobe no inverno","author":"ismaelcolosi.com.br","date":"17 de July de 2024","format":false,"excerpt":"Uma nova massa de ar quente ir\u00e1 favorecer o retorno das temperaturas elevadas a grande parte do estado de S\u00e3o Paulo nos pr\u00f3ximos dias. Segundo a Climatempo, o per\u00edodo caracterizado pelo tempo seco e temperaturas acima do normal por pelo menos quatro dias consecutivos durante o inverno \u00e9 chamado de\u2026","rel":"","context":"In &quot;Not\u00edcias de Ribeir\u00e3o Preto-SP e Regi\u00e3o&quot;","block_context":{"text":"Not\u00edcias de Ribeir\u00e3o Preto-SP e Regi\u00e3o","link":"https:\/\/ismaelcolosi.com.br\/index.php\/category\/noticias-de-ribeirao-preto-sp-e-regiao-ismael-colosi\/"},"img":{"alt_text":"","src":"https:\/\/i0.wp.com\/ismaelcolosi.com.br\/wp-content\/uploads\/2024\/07\/HojeodiamaiscurtodoanoEntendaoqueosolstciodeinverno_Tamanho_2_image.jpg?fit=1200%2C900&ssl=1&resize=350%2C200","width":350,"height":200,"srcset":"https:\/\/i0.wp.com\/ismaelcolosi.com.br\/wp-content\/uploads\/2024\/07\/HojeodiamaiscurtodoanoEntendaoqueosolstciodeinverno_Tamanho_2_image.jpg?fit=1200%2C900&ssl=1&resize=350%2C200 1x, https:\/\/i0.wp.com\/ismaelcolosi.com.br\/wp-content\/uploads\/2024\/07\/HojeodiamaiscurtodoanoEntendaoqueosolstciodeinverno_Tamanho_2_image.jpg?fit=1200%2C900&ssl=1&resize=525%2C300 1.5x, https:\/\/i0.wp.com\/ismaelcolosi.com.br\/wp-content\/uploads\/2024\/07\/HojeodiamaiscurtodoanoEntendaoqueosolstciodeinverno_Tamanho_2_image.jpg?fit=1200%2C900&ssl=1&resize=700%2C400 2x, https:\/\/i0.wp.com\/ismaelcolosi.com.br\/wp-content\/uploads\/2024\/07\/HojeodiamaiscurtodoanoEntendaoqueosolstciodeinverno_Tamanho_2_image.jpg?fit=1200%2C900&ssl=1&resize=1050%2C600 3x"},"classes":[]},{"id":52808,"url":"https:\/\/ismaelcolosi.com.br\/index.php\/2024\/06\/11\/veranico-e-estendido-e-tem-nova-data-para-acabar-no-interior-de-sp-veja-quando\/","url_meta":{"origin":52348,"position":4},"title":"Veranico \u00e9 estendido e tem nova data para acabar no interior de SP; Veja quando","author":"ismaelcolosi.com.br","date":"11 de June de 2024","format":false,"excerpt":"O veranico \u2013 per\u00edodo caracterizado pelo tempo seco e temperaturas acima do normal por pelo menos quatro dias consecutivos durante o outono \u2013 foi prorrogado e n\u00e3o mais vai acabar na pr\u00f3xima sexta-feira (14). Segundo a Climatempo, a nova data prevista para o t\u00e9rmino do veranico \u00e9 20 de junho.\u2026","rel":"","context":"In &quot;Not\u00edcias de Ribeir\u00e3o Preto-SP e Regi\u00e3o&quot;","block_context":{"text":"Not\u00edcias de Ribeir\u00e3o Preto-SP e Regi\u00e3o","link":"https:\/\/ismaelcolosi.com.br\/index.php\/category\/noticias-de-ribeirao-preto-sp-e-regiao-ismael-colosi\/"},"img":{"alt_text":"","src":"https:\/\/i0.wp.com\/ismaelcolosi.com.br\/wp-content\/uploads\/2024\/06\/1718101869_WhatsApp-Image-2024-03-11-at-12.29.24-1.jpeg?fit=1200%2C804&ssl=1&resize=350%2C200","width":350,"height":200,"srcset":"https:\/\/i0.wp.com\/ismaelcolosi.com.br\/wp-content\/uploads\/2024\/06\/1718101869_WhatsApp-Image-2024-03-11-at-12.29.24-1.jpeg?fit=1200%2C804&ssl=1&resize=350%2C200 1x, https:\/\/i0.wp.com\/ismaelcolosi.com.br\/wp-content\/uploads\/2024\/06\/1718101869_WhatsApp-Image-2024-03-11-at-12.29.24-1.jpeg?fit=1200%2C804&ssl=1&resize=525%2C300 1.5x, https:\/\/i0.wp.com\/ismaelcolosi.com.br\/wp-content\/uploads\/2024\/06\/1718101869_WhatsApp-Image-2024-03-11-at-12.29.24-1.jpeg?fit=1200%2C804&ssl=1&resize=700%2C400 2x, https:\/\/i0.wp.com\/ismaelcolosi.com.br\/wp-content\/uploads\/2024\/06\/1718101869_WhatsApp-Image-2024-03-11-at-12.29.24-1.jpeg?fit=1200%2C804&ssl=1&resize=1050%2C600 3x"},"classes":[]},{"id":52663,"url":"https:\/\/ismaelcolosi.com.br\/index.php\/2024\/06\/09\/vai-chover-nos-proximos-dias-veja-a-previsao-do-tempo-para-o-estado-de-sp\/","url_meta":{"origin":52348,"position":5},"title":"Vai chover nos pr\u00f3ximos dias? Veja a previs\u00e3o do tempo para o estado de SP","author":"ismaelcolosi.com.br","date":"9 de June de 2024","format":false,"excerpt":"Quem aguarda pelas informa\u00e7\u00f5es sobre uma nova frente fria no estado de S\u00e3o Paulo vai precisar esperar por mais algum tempo, de acordo com a meteorologia. Isso porque, no decorrer desta semana, o estado deve seguir sob influ\u00eancia da alta press\u00e3o que traz a condi\u00e7\u00e3o de bloqueio atmosf\u00e9rico sobre a\u2026","rel":"","context":"In &quot;Not\u00edcias de Ribeir\u00e3o Preto-SP e Regi\u00e3o&quot;","block_context":{"text":"Not\u00edcias de Ribeir\u00e3o Preto-SP e Regi\u00e3o","link":"https:\/\/ismaelcolosi.com.br\/index.php\/category\/noticias-de-ribeirao-preto-sp-e-regiao-ismael-colosi\/"},"img":{"alt_text":"","src":"https:\/\/i0.wp.com\/ismaelcolosi.com.br\/wp-content\/uploads\/2024\/06\/chuva_forte_1024x576_06122019161537.jpg?fit=1024%2C575&ssl=1&resize=350%2C200","width":350,"height":200,"srcset":"https:\/\/i0.wp.com\/ismaelcolosi.com.br\/wp-content\/uploads\/2024\/06\/chuva_forte_1024x576_06122019161537.jpg?fit=1024%2C575&ssl=1&resize=350%2C200 1x, https:\/\/i0.wp.com\/ismaelcolosi.com.br\/wp-content\/uploads\/2024\/06\/chuva_forte_1024x576_06122019161537.jpg?fit=1024%2C575&ssl=1&resize=525%2C300 1.5x, https:\/\/i0.wp.com\/ismaelcolosi.com.br\/wp-content\/uploads\/2024\/06\/chuva_forte_1024x576_06122019161537.jpg?fit=1024%2C575&ssl=1&resize=700%2C400 2x"},"classes":[]}],"jetpack_sharing_enabled":true,"jetpack_shortlink":"https:\/\/wp.me\/pfMlyK-dCk","_links":{"self":[{"href":"https:\/\/ismaelcolosi.com.br\/index.php\/wp-json\/wp\/v2\/posts\/52348","targetHints":{"allow":["GET"]}}],"collection":[{"href":"https:\/\/ismaelcolosi.com.br\/index.php\/wp-json\/wp\/v2\/posts"}],"about":[{"href":"https:\/\/ismaelcolosi.com.br\/index.php\/wp-json\/wp\/v2\/types\/post"}],"author":[{"embeddable":true,"href":"https:\/\/ismaelcolosi.com.br\/index.php\/wp-json\/wp\/v2\/users\/1"}],"replies":[{"embeddable":true,"href":"https:\/\/ismaelcolosi.com.br\/index.php\/wp-json\/wp\/v2\/comments?post=52348"}],"version-history":[{"count":0,"href":"https:\/\/ismaelcolosi.com.br\/index.php\/wp-json\/wp\/v2\/posts\/52348\/revisions"}],"wp:featuredmedia":[{"embeddable":true,"href":"https:\/\/ismaelcolosi.com.br\/index.php\/wp-json\/wp\/v2\/media\/52349"}],"wp:attachment":[{"href":"https:\/\/ismaelcolosi.com.br\/index.php\/wp-json\/wp\/v2\/media?parent=52348"}],"wp:term":[{"taxonomy":"category","embeddable":true,"href":"https:\/\/ismaelcolosi.com.br\/index.php\/wp-json\/wp\/v2\/categories?post=52348"},{"taxonomy":"post_tag","embeddable":true,"href":"https:\/\/ismaelcolosi.com.br\/index.php\/wp-json\/wp\/v2\/tags?post=52348"}],"curies":[{"name":"wp","href":"https:\/\/api.w.org\/{rel}","templated":true}]}}