{"id":52344,"date":"2024-06-05T19:54:47","date_gmt":"2024-06-05T22:54:47","guid":{"rendered":"https:\/\/ismaelcolosi.com.br\/index.php\/2024\/06\/05\/ribeirao-preto-tem-evento-com-drinks-e-musicas-autorais-da-banda-balaco-veja-quando\/"},"modified":"2024-06-05T19:54:47","modified_gmt":"2024-06-05T22:54:47","slug":"ribeirao-preto-tem-evento-com-drinks-e-musicas-autorais-da-banda-balaco-veja-quando","status":"publish","type":"post","link":"https:\/\/ismaelcolosi.com.br\/index.php\/2024\/06\/05\/ribeirao-preto-tem-evento-com-drinks-e-musicas-autorais-da-banda-balaco-veja-quando\/","title":{"rendered":"Ribeir\u00e3o Preto tem evento com drinks e m\u00fasicas autorais da Banda Balaco; Veja quando"},"content":{"rendered":"<p> <br \/>\n<\/p>\n<div>\n<p>Acontece nesta sexta-feira (07), mais uma edi\u00e7\u00e3o do <strong>Pantera Sessions<\/strong>, a partir das 20h, no espa\u00e7o MuseLab, localizado no Jardim Sumar\u00e9, zona Sul de <strong>Ribeir\u00e3o Preto<\/strong>, com a presen\u00e7a da <strong>Banda Balaco<\/strong>.<\/p>\n<p>Na ocasi\u00e3o, a banda, que possu\u00ed <strong>24 anos de carreira<\/strong>, vai relembrar a fase em que trabalhava <strong>m\u00fasicas autorais<\/strong> e <mark style=\"background-color:#fcb900\" class=\"has-inline-color\"><strong>far\u00e1 o lan\u00e7amento de duas novas can\u00e7\u00f5es<\/strong>: \u201cChegou da Lua\u201d e \u201c\u00c1gua\u201d \u2013 saiba mais abaixo.<\/mark><\/p><div class='code-block code-block-8' style='margin: 8px auto; text-align: center; display: block; clear: both;'>\n<script>\n  atOptions = {\n    'key' : '66e2e2111ca34da796271819fc334058',\n    'format' : 'iframe',\n    'height' : 250,\n    'width' : 300,\n    'params' : {}\n  };\n<\/script>\n<script src=\"https:\/\/www.highperformanceformat.com\/66e2e2111ca34da796271819fc334058\/invoke.js\"><\/script>\n<\/div>\n\n<p>O grupo tamb\u00e9m vai apresentar um repert\u00f3rio cheio de <strong>can\u00e7\u00f5es marcantes<\/strong>, al\u00e9m de <strong>cl\u00e1ssicos contempor\u00e2neos<\/strong> da <strong>m\u00fasica popular brasileira (MPB)<\/strong>.<\/p>\n<p>Os ingressos est\u00e3o dispon\u00edveis de forma on-line (<a href=\"https:\/\/www.sympla.com.br\/evento\/pantera-sessions-banda-balaco\/2481842\" target=\"_blank\" rel=\"noreferrer noopener\">clique aqui<\/a>) por <strong>R$ 30<\/strong>. Vale ressaltar que a venda na portaria do evento estar\u00e1 condicionada \u00e0 disponibilidade de convites no dia. Haver\u00e1 venda de bebidas no evento.<\/p>\n<h2 class=\"wp-block-heading\"><strong>Lan\u00e7amentos autorais e videoclipe<\/strong><\/h2>\n<p>O grupo de <strong>Ribeir\u00e3o Preto<\/strong> \u00e9 composto por Duda Lazarini (bateria), Marcelo Toledo (sax), Lel\u00ea Fegon (voz), Rodrigo Scowa (voz e percuss\u00e3o), Jos\u00e9 C\u00e2ndido (guitarra e voz), Leandro Cunha (teclado), Bruno Barbosa (baixo) e Manga Morais (trompete).<\/p>\n<p>Al\u00e9m do lan\u00e7amento de \u201cChegou da Lua\u201d, que tem autoria do guitarrista Jos\u00e9 C\u00e2ndido, e de \u201c\u00c1gua\u201d, composta pelo baixista Bruno Barbosa em parceria com o m\u00fasico Andrei Furlan, a <strong>banda <\/strong>tamb\u00e9m<strong> far\u00e1 a grava\u00e7\u00e3o de um videoclipe profissional.<\/strong><\/p>\n<figure class=\"wp-block-pullquote\">\n<blockquote>\n<p>\u201cChegou da Lua\u201d \u00e9 uma m\u00fasica no ritmo Ijex\u00e1, tranquila, por\u00e9m dan\u00e7ante, que fala de amor. J\u00e1 a can\u00e7\u00e3o \u201c\u00c1gua\u201d mescla ritmos brasileiros e afrobeat, com letra inspirada na trag\u00e9dia das enchentes ocorridas no Rio Grande do Sul, fazendo um contraponto de tudo o que envolve a \u00e1gua, que em alguns momentos \u00e9 t\u00e3o escassa e em outros, t\u00e3o abundante.<\/p>\n<p><cite>Bruno Barbosa<\/cite><\/p><\/blockquote>\n<\/figure>\n<h3 class=\"wp-block-heading\"><strong>Programa\u00e7\u00e3o<\/strong><\/h3>\n<p>Al\u00e9m do grupo, o<strong> Pantera Sessions<\/strong> tamb\u00e9m ter\u00e1 <strong>discotecagem <\/strong>com o <strong>DJ Homegaarden<\/strong> e suas refer\u00eancias atemporais, que passam por in\u00fameros g\u00eaneros que v\u00e3o do rock, new wave, black, soulful at\u00e9 as extens\u00f5es da m\u00fasica eletr\u00f4nica no house, disco e dark.<\/p>\n<h4 class=\"wp-block-heading\"><strong>Servi\u00e7o<\/strong><\/h4>\n<p><em>Pantera Sessions com a Banda Balaco<\/em><\/p>\n<p>Quando: dia 07 de junho (sexta-feira)<\/p>\n<p>Hor\u00e1rio: a partir das 20h<\/p>\n<p>Local: Espa\u00e7o MuseLab \u2013 avenida Sumar\u00e9, 455, port\u00e3o lateral \u2013 Jardim Sumar\u00e9, Ribeir\u00e3o Preto<\/p>\n<p>Ingresso: R$ 30 + R$ 3,00 de taxa on-line (<a href=\"https:\/\/www.sympla.com.br\/evento\/pantera-sessions-banda-balaco\/2481842\" target=\"_blank\" rel=\"noreferrer noopener\">clique aqui<\/a>) \u2013 A venda na porta do evento estar\u00e1 condicionada \u00e0 disponibilidade de convites no dia.<\/p>\n<hr class=\"wp-block-separator has-alpha-channel-opacity\"\/>\n<p>SAIBA MAIS<\/p>\n<p>Rota do Arrai\u00e1: Quermesse da igreja Santo Ant\u00f4nio em Ribeir\u00e3o Preto come\u00e7a esta semana<\/p>\n<h4 class=\"wp-block-heading\"><strong>FIQUE ON<\/strong><\/h4>\n<p>Fique ligado em tudo que acontece em Ribeir\u00e3o Preto e regi\u00e3o. Siga os perfis do\u00a0<strong>acidade on\u00a0<\/strong>no\u00a0<a href=\"https:\/\/www.instagram.com\/acidadeonribeirao\" target=\"_blank\" rel=\"noreferrer noopener\">Instagram<\/a>\u00a0e no\u00a0<a href=\"https:\/\/www.facebook.com\/acidadeonribeirao\" target=\"_blank\" rel=\"noreferrer noopener\">Facebook<\/a>.<\/p>\n<p>Receba not\u00edcias do acidade on no WhatsApp. Para entrar no grupo, basta\u00a0<a href=\"https:\/\/chat.whatsapp.com\/CdrZ6xrf7quD44Vw3WlPuZ\" target=\"_blank\" rel=\"noreferrer noopener\">clicar aqui<\/a>.<\/p>\n<p>Fa\u00e7a uma den\u00fancia ou sugira uma reportagem sobre Ribeir\u00e3o Preto e regi\u00e3o pelo WhatsApp: 16 99117 7802.<\/p>\n<p>VEJA TAMB\u00c9M<\/p>\n<p>Qual \u00e9 o caso do \u201cLinha Direta\u201d desta quinta-feira?<\/p>\n<p><!-- AI CONTENT END 1 -->\n<\/div>\n<p><script async src=\"\/\/www.instagram.com\/embed.js\"><\/script><br \/>\n<br \/><br \/>\n<br \/><a href=\"https:\/\/www.acidadeon.com\/ribeiraopreto\/lazer-e-cultura\/ribeirao-preto-tem-evento-com-drinks-e-musicas-autorais-da-banda-balaco-veja-quando\/\">Source link <\/a><\/p>\n<div class='code-block code-block-4' style='margin: 8px auto 8px 0; text-align: left; display: block; clear: both;'>\n\ud83d\udce2 Aviso Legal\n\nO site ismaelcolosi.com.br atua apenas como um canal de divulga\u00e7\u00e3o de oportunidades de emprego e n\u00e3o se responsabiliza pelo processo seletivo, contrata\u00e7\u00e3o ou qualquer outra etapa relacionada \u00e0s vagas publicadas. Todas as informa\u00e7\u00f5es s\u00e3o de responsabilidade dos anunciantes.\n\n\u26a0\ufe0f Aten\u00e7\u00e3o! Nunca pague por promessas de emprego nem compre cursos que garantam contrata\u00e7\u00e3o. Desconfie de qualquer cobran\u00e7a para participar de sele\u00e7\u00f5es.\n\n\n\n<\/div>\n<!-- CONTENT END 1 -->\n","protected":false},"excerpt":{"rendered":"<p>Acontece nesta sexta-feira (07), mais uma edi\u00e7\u00e3o do Pantera Sessions, a partir das 20h, no espa\u00e7o MuseLab, localizado no Jardim Sumar\u00e9, zona Sul de Ribeir\u00e3o&#8230;<\/p>\n","protected":false},"author":1,"featured_media":52345,"comment_status":"open","ping_status":"open","sticky":false,"template":"","format":"standard","meta":{"_uag_custom_page_level_css":"","advanced_seo_description":"","jetpack_seo_html_title":"","jetpack_seo_noindex":false,"jetpack_post_was_ever_published":false,"_jetpack_newsletter_access":"","_jetpack_dont_email_post_to_subs":false,"_jetpack_newsletter_tier_id":0,"_jetpack_memberships_contains_paywalled_content":false,"_jetpack_memberships_contains_paid_content":false,"footnotes":"","jetpack_publicize_message":"","jetpack_publicize_feature_enabled":true,"jetpack_social_post_already_shared":true,"jetpack_social_options":{"image_generator_settings":{"template":"highway","default_image_id":0,"font":"","enabled":false},"version":2}},"categories":[11],"tags":[],"class_list":["post-52344","post","type-post","status-publish","format-standard","has-post-thumbnail","hentry","category-noticias-de-ribeirao-preto-sp-e-regiao-ismael-colosi"],"jetpack_publicize_connections":[],"jetpack_featured_media_url":"https:\/\/i0.wp.com\/ismaelcolosi.com.br\/wp-content\/uploads\/2024\/06\/Foto-1_Balaco_creditos_Ana-Vannucchi_2024-06-05_22-16-45_jpeg_2024-06-05_22-16-47-scaled.webp.webp?fit=2560%2C1706&ssl=1","uagb_featured_image_src":{"full":["https:\/\/i0.wp.com\/ismaelcolosi.com.br\/wp-content\/uploads\/2024\/06\/Foto-1_Balaco_creditos_Ana-Vannucchi_2024-06-05_22-16-45_jpeg_2024-06-05_22-16-47-scaled.webp.webp?fit=2560%2C1706&ssl=1",2560,1706,false],"thumbnail":["https:\/\/i0.wp.com\/ismaelcolosi.com.br\/wp-content\/uploads\/2024\/06\/Foto-1_Balaco_creditos_Ana-Vannucchi_2024-06-05_22-16-45_jpeg_2024-06-05_22-16-47-scaled.webp.webp?resize=150%2C150&ssl=1",150,150,true],"medium":["https:\/\/i0.wp.com\/ismaelcolosi.com.br\/wp-content\/uploads\/2024\/06\/Foto-1_Balaco_creditos_Ana-Vannucchi_2024-06-05_22-16-45_jpeg_2024-06-05_22-16-47-scaled.webp.webp?fit=300%2C200&ssl=1",300,200,true],"medium_large":["https:\/\/i0.wp.com\/ismaelcolosi.com.br\/wp-content\/uploads\/2024\/06\/Foto-1_Balaco_creditos_Ana-Vannucchi_2024-06-05_22-16-45_jpeg_2024-06-05_22-16-47-scaled.webp.webp?fit=768%2C512&ssl=1",768,512,true],"large":["https:\/\/i0.wp.com\/ismaelcolosi.com.br\/wp-content\/uploads\/2024\/06\/Foto-1_Balaco_creditos_Ana-Vannucchi_2024-06-05_22-16-45_jpeg_2024-06-05_22-16-47-scaled.webp.webp?fit=1024%2C682&ssl=1",1024,682,true],"1536x1536":["https:\/\/i0.wp.com\/ismaelcolosi.com.br\/wp-content\/uploads\/2024\/06\/Foto-1_Balaco_creditos_Ana-Vannucchi_2024-06-05_22-16-45_jpeg_2024-06-05_22-16-47-scaled.webp.webp?fit=1536%2C1024&ssl=1",1536,1024,true],"2048x2048":["https:\/\/i0.wp.com\/ismaelcolosi.com.br\/wp-content\/uploads\/2024\/06\/Foto-1_Balaco_creditos_Ana-Vannucchi_2024-06-05_22-16-45_jpeg_2024-06-05_22-16-47-scaled.webp.webp?fit=2048%2C1365&ssl=1",2048,1365,true],"really-simple-thumb":["https:\/\/i0.wp.com\/ismaelcolosi.com.br\/wp-content\/uploads\/2024\/06\/Foto-1_Balaco_creditos_Ana-Vannucchi_2024-06-05_22-16-45_jpeg_2024-06-05_22-16-47-scaled.webp.webp?resize=370%2C247&ssl=1",370,247,true]},"uagb_author_info":{"display_name":"ismaelcolosi.com.br","author_link":"https:\/\/ismaelcolosi.com.br\/index.php\/author\/vidareal-online\/"},"uagb_comment_info":0,"uagb_excerpt":"Acontece nesta sexta-feira (07), mais uma edi\u00e7\u00e3o do Pantera Sessions, a partir das 20h, no espa\u00e7o MuseLab, localizado no Jardim Sumar\u00e9, zona Sul de Ribeir\u00e3o...","jetpack-related-posts":[{"id":41305,"url":"https:\/\/ismaelcolosi.com.br\/index.php\/2024\/03\/07\/banda-balaco-se-apresenta-gratuitamente-no-sesc-ribeirao-preto-saiba-a-data\/","url_meta":{"origin":52344,"position":0},"title":"Banda Balaco se apresenta gratuitamente no Sesc Ribeir\u00e3o Preto; Saiba a data","author":"ismaelcolosi.com.br","date":"7 de March de 2024","format":false,"excerpt":"A Banda Balaco faz show gratuito nesta sexta-feira (8), \u00e0s 20h, no Sesc Ribeir\u00e3o Preto. A apresenta\u00e7\u00e3o acontece no gin\u00e1sio da unidade, que conta com at\u00e9 1.300 lugares e n\u00e3o \u00e9 necess\u00e1rio fazer reservas de ingressos antecipadamente. A banda surgiu h\u00e1 24 anos e conta com oito m\u00fasicos que fazem\u2026","rel":"","context":"In &quot;Not\u00edcias de Ribeir\u00e3o Preto-SP e Regi\u00e3o&quot;","block_context":{"text":"Not\u00edcias de Ribeir\u00e3o Preto-SP e Regi\u00e3o","link":"https:\/\/ismaelcolosi.com.br\/index.php\/category\/noticias-de-ribeirao-preto-sp-e-regiao-ismael-colosi\/"},"img":{"alt_text":"","src":"https:\/\/i0.wp.com\/ismaelcolosi.com.br\/wp-content\/uploads\/2024\/03\/03.2024-Musica-Balaco-664x332-1.png?fit=664%2C332&ssl=1&resize=350%2C200","width":350,"height":200,"srcset":"https:\/\/i0.wp.com\/ismaelcolosi.com.br\/wp-content\/uploads\/2024\/03\/03.2024-Musica-Balaco-664x332-1.png?fit=664%2C332&ssl=1&resize=350%2C200 1x, https:\/\/i0.wp.com\/ismaelcolosi.com.br\/wp-content\/uploads\/2024\/03\/03.2024-Musica-Balaco-664x332-1.png?fit=664%2C332&ssl=1&resize=525%2C300 1.5x"},"classes":[]},{"id":52527,"url":"https:\/\/ismaelcolosi.com.br\/index.php\/2024\/06\/07\/joao-rock-rodeios-e-feira-de-adocao-veja-a-programacao-do-fim-de-semana-em-ribeirao-e-regiao\/","url_meta":{"origin":52344,"position":1},"title":"Jo\u00e3o Rock, rodeios e feira de ado\u00e7\u00e3o: Veja a programa\u00e7\u00e3o do fim de semana em Ribeir\u00e3o e regi\u00e3o","author":"ismaelcolosi.com.br","date":"7 de June de 2024","format":false,"excerpt":"Ribeir\u00e3o Preto e regi\u00e3o contam com uma programa\u00e7\u00e3o especial para todos os gostos neste fim de semana. Entre os destaques, est\u00e3o: Jo\u00e3o Rock, Minaz Rock, feira de ado\u00e7\u00e3o de animais e dois rodeios. Confira a agenda cultural completa: Jo\u00e3o Rock Um dos maiores festivais de m\u00fasica do pa\u00eds acontece neste\u2026","rel":"","context":"In &quot;Not\u00edcias de Ribeir\u00e3o Preto-SP e Regi\u00e3o&quot;","block_context":{"text":"Not\u00edcias de Ribeir\u00e3o Preto-SP e Regi\u00e3o","link":"https:\/\/ismaelcolosi.com.br\/index.php\/category\/noticias-de-ribeirao-preto-sp-e-regiao-ismael-colosi\/"},"img":{"alt_text":"","src":"https:\/\/i0.wp.com\/ismaelcolosi.com.br\/wp-content\/uploads\/2024\/06\/Copia-de-Copia-de-TAMANHO-EXATO-PARA-FOTOS-NO-SISTEMA-NOVO-7_2024-06-07_14-03-08_jpg_2024-06-07_14-03-08.webp.webp?fit=1200%2C675&ssl=1&resize=350%2C200","width":350,"height":200,"srcset":"https:\/\/i0.wp.com\/ismaelcolosi.com.br\/wp-content\/uploads\/2024\/06\/Copia-de-Copia-de-TAMANHO-EXATO-PARA-FOTOS-NO-SISTEMA-NOVO-7_2024-06-07_14-03-08_jpg_2024-06-07_14-03-08.webp.webp?fit=1200%2C675&ssl=1&resize=350%2C200 1x, https:\/\/i0.wp.com\/ismaelcolosi.com.br\/wp-content\/uploads\/2024\/06\/Copia-de-Copia-de-TAMANHO-EXATO-PARA-FOTOS-NO-SISTEMA-NOVO-7_2024-06-07_14-03-08_jpg_2024-06-07_14-03-08.webp.webp?fit=1200%2C675&ssl=1&resize=525%2C300 1.5x, https:\/\/i0.wp.com\/ismaelcolosi.com.br\/wp-content\/uploads\/2024\/06\/Copia-de-Copia-de-TAMANHO-EXATO-PARA-FOTOS-NO-SISTEMA-NOVO-7_2024-06-07_14-03-08_jpg_2024-06-07_14-03-08.webp.webp?fit=1200%2C675&ssl=1&resize=700%2C400 2x, https:\/\/i0.wp.com\/ismaelcolosi.com.br\/wp-content\/uploads\/2024\/06\/Copia-de-Copia-de-TAMANHO-EXATO-PARA-FOTOS-NO-SISTEMA-NOVO-7_2024-06-07_14-03-08_jpg_2024-06-07_14-03-08.webp.webp?fit=1200%2C675&ssl=1&resize=1050%2C600 3x"},"classes":[]},{"id":912,"url":"https:\/\/ismaelcolosi.com.br\/index.php\/2023\/11\/09\/sesc-ribeirao-preto-tem-show-de-musica-caipira-com-conversa-ribeira\/","url_meta":{"origin":52344,"position":2},"title":"Sesc Ribeir\u00e3o Preto tem show de m\u00fasica caipira com Conversa Ribeira\u00a0","author":"ismaelcolosi.com.br","date":"9 de November de 2023","format":false,"excerpt":"O trio de m\u00fasica caipira Conversa Ribeira vem a Ribeir\u00e3o Preto nesta quinta-feira (9), \u00e0s 20h, no Sesc, localizado no Centro. Os ingressos podem ser adquiridos on-line ou na bilheteria. \u00a0 A banda \u00e9 formada por Jo\u00e3o Paulo Amaral, na viola, Daniel Muller no piano e o acordeom e a\u2026","rel":"","context":"In &quot;Not\u00edcias de Ribeir\u00e3o Preto-SP e Regi\u00e3o&quot;","block_context":{"text":"Not\u00edcias de Ribeir\u00e3o Preto-SP e Regi\u00e3o","link":"https:\/\/ismaelcolosi.com.br\/index.php\/category\/noticias-de-ribeirao-preto-sp-e-regiao-ismael-colosi\/"},"img":{"alt_text":"","src":"https:\/\/i0.wp.com\/ismaelcolosi.com.br\/wp-content\/uploads\/2023\/11\/04.-Conversa-Ribeira-foto-de-Omar-Paixao-1-scaled.jpg?fit=1200%2C800&ssl=1&resize=350%2C200","width":350,"height":200,"srcset":"https:\/\/i0.wp.com\/ismaelcolosi.com.br\/wp-content\/uploads\/2023\/11\/04.-Conversa-Ribeira-foto-de-Omar-Paixao-1-scaled.jpg?fit=1200%2C800&ssl=1&resize=350%2C200 1x, https:\/\/i0.wp.com\/ismaelcolosi.com.br\/wp-content\/uploads\/2023\/11\/04.-Conversa-Ribeira-foto-de-Omar-Paixao-1-scaled.jpg?fit=1200%2C800&ssl=1&resize=525%2C300 1.5x, https:\/\/i0.wp.com\/ismaelcolosi.com.br\/wp-content\/uploads\/2023\/11\/04.-Conversa-Ribeira-foto-de-Omar-Paixao-1-scaled.jpg?fit=1200%2C800&ssl=1&resize=700%2C400 2x, https:\/\/i0.wp.com\/ismaelcolosi.com.br\/wp-content\/uploads\/2023\/11\/04.-Conversa-Ribeira-foto-de-Omar-Paixao-1-scaled.jpg?fit=1200%2C800&ssl=1&resize=1050%2C600 3x"},"classes":[]},{"id":64292,"url":"https:\/\/ismaelcolosi.com.br\/index.php\/2024\/09\/06\/champions-beer-ribeirao-preto-recebe-festival-de-cervejas-artesanais\/","url_meta":{"origin":52344,"position":3},"title":"Champions Beer: Ribeir\u00e3o Preto recebe festival de cervejas artesanais","author":"ismaelcolosi.com.br","date":"6 de September de 2024","format":false,"excerpt":"Acontece neste final de semana o festival de cervejas artesanais Champions Beer, no Shopping Iguatemi, em Ribeir\u00e3o Preto. A abertura do festival acontece nesta sexta-feira (6), a partir das 17h. No s\u00e1bado (7) e no domingo (8) a abertura ser\u00e1 \u00e0s 12h. O evento ser\u00e1 retomado entre os dias 13\u2026","rel":"","context":"In &quot;Not\u00edcias de Ribeir\u00e3o Preto-SP e Regi\u00e3o&quot;","block_context":{"text":"Not\u00edcias de Ribeir\u00e3o Preto-SP e Regi\u00e3o","link":"https:\/\/ismaelcolosi.com.br\/index.php\/category\/noticias-de-ribeirao-preto-sp-e-regiao-ismael-colosi\/"},"img":{"alt_text":"","src":"https:\/\/i0.wp.com\/ismaelcolosi.com.br\/wp-content\/uploads\/2024\/09\/champions-beer_2024-09-06_17-47-35_jpeg_2024-09-06_17-47-35.webp.webp?fit=1200%2C675&ssl=1&resize=350%2C200","width":350,"height":200,"srcset":"https:\/\/i0.wp.com\/ismaelcolosi.com.br\/wp-content\/uploads\/2024\/09\/champions-beer_2024-09-06_17-47-35_jpeg_2024-09-06_17-47-35.webp.webp?fit=1200%2C675&ssl=1&resize=350%2C200 1x, https:\/\/i0.wp.com\/ismaelcolosi.com.br\/wp-content\/uploads\/2024\/09\/champions-beer_2024-09-06_17-47-35_jpeg_2024-09-06_17-47-35.webp.webp?fit=1200%2C675&ssl=1&resize=525%2C300 1.5x, https:\/\/i0.wp.com\/ismaelcolosi.com.br\/wp-content\/uploads\/2024\/09\/champions-beer_2024-09-06_17-47-35_jpeg_2024-09-06_17-47-35.webp.webp?fit=1200%2C675&ssl=1&resize=700%2C400 2x, https:\/\/i0.wp.com\/ismaelcolosi.com.br\/wp-content\/uploads\/2024\/09\/champions-beer_2024-09-06_17-47-35_jpeg_2024-09-06_17-47-35.webp.webp?fit=1200%2C675&ssl=1&resize=1050%2C600 3x"},"classes":[]},{"id":77073,"url":"https:\/\/ismaelcolosi.com.br\/index.php\/2024\/11\/21\/mr-gyn-faz-show-inedito-em-ribeirao-preto\/","url_meta":{"origin":52344,"position":4},"title":"Mr. Gyn faz show in\u00e9dito em Ribeir\u00e3o Preto","author":"ismaelcolosi.com.br","date":"21 de November de 2024","format":false,"excerpt":"21 de novembro de 202418 de novembro de 202412 Compartilhar0 Com trajet\u00f3ria marcada por sucessos nos anos 2000, a banda Mr. Gyn chega a Ribeir\u00e3o Preto pela primeira vez. O quarteto goiano se apresenta no Hard Rock Cafe no dia 22 de novembro e promete agitar o p\u00fablico com composi\u00e7\u00f5es\u2026","rel":"","context":"In &quot;Not\u00edcias de Ribeir\u00e3o Preto-SP e Regi\u00e3o&quot;","block_context":{"text":"Not\u00edcias de Ribeir\u00e3o Preto-SP e Regi\u00e3o","link":"https:\/\/ismaelcolosi.com.br\/index.php\/category\/noticias-de-ribeirao-preto-sp-e-regiao-ismael-colosi\/"},"img":{"alt_text":"","src":"https:\/\/i0.wp.com\/ismaelcolosi.com.br\/wp-content\/uploads\/2024\/11\/Mr-Gyn-Banda-Foto-5-ensaio-2024-scaled.jpg?fit=752%2C500&ssl=1&resize=350%2C200","width":350,"height":200,"srcset":"https:\/\/i0.wp.com\/ismaelcolosi.com.br\/wp-content\/uploads\/2024\/11\/Mr-Gyn-Banda-Foto-5-ensaio-2024-scaled.jpg?fit=752%2C500&ssl=1&resize=350%2C200 1x, https:\/\/i0.wp.com\/ismaelcolosi.com.br\/wp-content\/uploads\/2024\/11\/Mr-Gyn-Banda-Foto-5-ensaio-2024-scaled.jpg?fit=752%2C500&ssl=1&resize=525%2C300 1.5x, https:\/\/i0.wp.com\/ismaelcolosi.com.br\/wp-content\/uploads\/2024\/11\/Mr-Gyn-Banda-Foto-5-ensaio-2024-scaled.jpg?fit=752%2C500&ssl=1&resize=700%2C400 2x"},"classes":[]},{"id":34482,"url":"https:\/\/ismaelcolosi.com.br\/index.php\/2024\/02\/02\/pre-carnaval-agita-o-fim-de-semana-em-ribeirao-preto-confira-os-eventos\/","url_meta":{"origin":52344,"position":5},"title":"Pr\u00e9-carnaval agita o fim de semana em Ribeir\u00e3o Preto; Confira os eventos","author":"ismaelcolosi.com.br","date":"2 de February de 2024","format":false,"excerpt":"O fim de semana est\u00e1 repleto de eventos de pr\u00e9-carnaval em Ribeir\u00e3o Preto. S\u00e3o blocos, atividades tem\u00e1ticas, shows em bares e muito mais na programa\u00e7\u00e3o, que promete agitar a cidade antes do in\u00edcio oficial da maior festa popular do Brasil. Confira: Pr\u00e9-Carnaval Happy Hour do Ipanema Nesta sexta-feira (2), o\u2026","rel":"","context":"In &quot;Not\u00edcias de Ribeir\u00e3o Preto-SP e Regi\u00e3o&quot;","block_context":{"text":"Not\u00edcias de Ribeir\u00e3o Preto-SP e Regi\u00e3o","link":"https:\/\/ismaelcolosi.com.br\/index.php\/category\/noticias-de-ribeirao-preto-sp-e-regiao-ismael-colosi\/"},"img":{"alt_text":"","src":"https:\/\/i0.wp.com\/ismaelcolosi.com.br\/wp-content\/uploads\/2024\/02\/Copia-de-Copia-de-TAMANHO-EXATO-PARA-FOTOS-NO-SISTEMA-NOVO-1.jpg?fit=1200%2C675&ssl=1&resize=350%2C200","width":350,"height":200,"srcset":"https:\/\/i0.wp.com\/ismaelcolosi.com.br\/wp-content\/uploads\/2024\/02\/Copia-de-Copia-de-TAMANHO-EXATO-PARA-FOTOS-NO-SISTEMA-NOVO-1.jpg?fit=1200%2C675&ssl=1&resize=350%2C200 1x, https:\/\/i0.wp.com\/ismaelcolosi.com.br\/wp-content\/uploads\/2024\/02\/Copia-de-Copia-de-TAMANHO-EXATO-PARA-FOTOS-NO-SISTEMA-NOVO-1.jpg?fit=1200%2C675&ssl=1&resize=525%2C300 1.5x, https:\/\/i0.wp.com\/ismaelcolosi.com.br\/wp-content\/uploads\/2024\/02\/Copia-de-Copia-de-TAMANHO-EXATO-PARA-FOTOS-NO-SISTEMA-NOVO-1.jpg?fit=1200%2C675&ssl=1&resize=700%2C400 2x, https:\/\/i0.wp.com\/ismaelcolosi.com.br\/wp-content\/uploads\/2024\/02\/Copia-de-Copia-de-TAMANHO-EXATO-PARA-FOTOS-NO-SISTEMA-NOVO-1.jpg?fit=1200%2C675&ssl=1&resize=1050%2C600 3x"},"classes":[]}],"jetpack_sharing_enabled":true,"jetpack_shortlink":"https:\/\/wp.me\/pfMlyK-dCg","_links":{"self":[{"href":"https:\/\/ismaelcolosi.com.br\/index.php\/wp-json\/wp\/v2\/posts\/52344","targetHints":{"allow":["GET"]}}],"collection":[{"href":"https:\/\/ismaelcolosi.com.br\/index.php\/wp-json\/wp\/v2\/posts"}],"about":[{"href":"https:\/\/ismaelcolosi.com.br\/index.php\/wp-json\/wp\/v2\/types\/post"}],"author":[{"embeddable":true,"href":"https:\/\/ismaelcolosi.com.br\/index.php\/wp-json\/wp\/v2\/users\/1"}],"replies":[{"embeddable":true,"href":"https:\/\/ismaelcolosi.com.br\/index.php\/wp-json\/wp\/v2\/comments?post=52344"}],"version-history":[{"count":0,"href":"https:\/\/ismaelcolosi.com.br\/index.php\/wp-json\/wp\/v2\/posts\/52344\/revisions"}],"wp:featuredmedia":[{"embeddable":true,"href":"https:\/\/ismaelcolosi.com.br\/index.php\/wp-json\/wp\/v2\/media\/52345"}],"wp:attachment":[{"href":"https:\/\/ismaelcolosi.com.br\/index.php\/wp-json\/wp\/v2\/media?parent=52344"}],"wp:term":[{"taxonomy":"category","embeddable":true,"href":"https:\/\/ismaelcolosi.com.br\/index.php\/wp-json\/wp\/v2\/categories?post=52344"},{"taxonomy":"post_tag","embeddable":true,"href":"https:\/\/ismaelcolosi.com.br\/index.php\/wp-json\/wp\/v2\/tags?post=52344"}],"curies":[{"name":"wp","href":"https:\/\/api.w.org\/{rel}","templated":true}]}}