{"id":52336,"date":"2024-06-05T18:59:26","date_gmt":"2024-06-05T21:59:26","guid":{"rendered":"https:\/\/ismaelcolosi.com.br\/index.php\/2024\/06\/05\/blogueirinha-os-bastidores-do-fenomeno-das-redes-sociais\/"},"modified":"2024-06-05T18:59:26","modified_gmt":"2024-06-05T21:59:26","slug":"blogueirinha-os-bastidores-do-fenomeno-das-redes-sociais","status":"publish","type":"post","link":"https:\/\/ismaelcolosi.com.br\/index.php\/2024\/06\/05\/blogueirinha-os-bastidores-do-fenomeno-das-redes-sociais\/","title":{"rendered":"Blogueirinha: os bastidores do fen\u00f4meno das redes sociais"},"content":{"rendered":"<p> <br \/>\n<\/p>\n<div>\n<div id=\"attachment_614908\" class=\"wp-caption alignnone style=\" max-width:=\"\"><img data-recalc-dims=\"1\" fetchpriority=\"high\" decoding=\"async\" class=\"alignnone wp-image-614908\" src=\"https:\/\/i0.wp.com\/forbes.com.br\/wp-content\/uploads\/2024\/06\/WAL06367-768x512.jpg?resize=678%2C452&#038;ssl=1\" alt=\"Divulga\u00e7\u00e3o\/Rio2C\" width=\"678\" height=\"452\"\/><\/p>\n<p class=\"wp-caption-text\">Gustavo Giglio, Rafael Dias e Blogueirinha<\/p><div class='code-block code-block-8' style='margin: 8px auto; text-align: center; display: block; clear: both;'>\n<script>\n  atOptions = {\n    'key' : '66e2e2111ca34da796271819fc334058',\n    'format' : 'iframe',\n    'height' : 250,\n    'width' : 300,\n    'params' : {}\n  };\n<\/script>\n<script src=\"https:\/\/www.highperformanceformat.com\/66e2e2111ca34da796271819fc334058\/invoke.js\"><\/script>\n<\/div>\n\n<\/div>\n<div class=\"accessibility\">\n<p>Acessibilidade<\/p>\n<p>\n<button onclick=\"alterFont1()\" id=\"btn1\" class=\"btn\">L<\/button><br \/>\n<button onclick=\"alterFont2()\" id=\"btn2\" class=\"btn\" style=\"font-family: Merriweather\">L<\/button><br \/>\n<button onclick=\"alterFontSmallerSize()\" id=\"btn3\" class=\"btn\">A-<\/button><br \/>\n<button onclick=\"alterFontBiggerSize()\" id=\"btn4\" class=\"btn\">A+<\/button><\/p>\n<p><button onclick=\"alterBackground()\" id=\"btn6\" class=\"btn\">\u25d0<\/button><\/p>\n<\/div>\n<p>Em 2023, as redes sociais foram tomadas por conte\u00fados e memes da personagem Blogueirinha. O sucesso deve-se ao programa \u201cDe Frente com Blogueirinha\u201d. \u201cEu j\u00e1 trabalhava com entrevistas e produ\u00e7\u00e3o de conte\u00fado para internet, mas o \u2018De Frente\u2019 atingiu novos espa\u00e7os e isso abriu portas\u201d, disse a Under 30 durante <strong>o summit Forbes Brands&amp;Co, oferecido por <a href=\"https:\/\/www.instagram.com\/petrobras\/?hl=pt-br\">Petrobras<\/a> e <a href=\"https:\/\/www.instagram.com\/samsungbrasil\/\">Samsung TV Plus<\/a>, no Rio2C, nesta ter\u00e7a-feira (4).<\/strong><\/p>\n<ul>\n<li>\n<h3>Siga a <a href=\"https:\/\/whatsapp.com\/channel\/0029Va9gQKwBFLgM96cJnu0u\" target=\"_blank\" rel=\"noopener\">Forbes<\/a> no WhatsApp e receba as principais not\u00edcias sobre neg\u00f3cios, carreira, tecnologia e estilo de vida<\/h3>\n<\/li>\n<\/ul>\n<p>A atra\u00e7\u00e3o foi uma co-cria\u00e7\u00e3o entre a influenciadora e a Dia Est\u00fadio, empresa fundada por Rafael Dias, que trabalhou por 16 anos nos bastidores de produ\u00e7\u00f5es audiovisuais para televis\u00e3o e internet. \u201cEu percebi que eu n\u00e3o assistia os conte\u00fados que eu dirigia na TV, eu acompanhava o que os f\u00e3s publicavam no YouTube. Ent\u00e3o, senti que existia uma possibilidade nesse mercado\u201d, explicou o CEO sobre a cria\u00e7\u00e3o da \u201cDiaTV\u201d, canal no YouTube com programa\u00e7\u00e3o ao vivo 24 horas por dia.<\/p>\n<p>No in\u00edcio do projeto, o executivo buscou por alguns nomes para a programa\u00e7\u00e3o, a Blogueirinha estava entre eles. \u201cEu conhecia o trabalho da \u2018Blogs\u2019 na internet e a encontrei nos bastidores de uma grava\u00e7\u00e3o, depois disso j\u00e1 sabia que gostaria de trabalhar com ela\u201d, comentou o CEO.<\/p>\n<h4>Leia tamb\u00e9m:<\/h4>\n<p>O fen\u00f4meno \u201cBlogueirinha\u201d pode ser definido a partir de dois fatores: a apropria\u00e7\u00e3o da linguagem digital e a autenticidade. Al\u00e9m das brincadeiras com a audi\u00eancia, convidados e assuntos que est\u00e3o em alta nas redes, a personagem tem um estilo pr\u00f3prio de interagir com o p\u00fablico. Ao ser questionada sobre suas inspira\u00e7\u00f5es \u2014 o que tirou muitas risadas da audi\u00eancia \u2014, ela respondeu: \u201cHoje, minha maior inspira\u00e7\u00e3o sou eu mesma.\u201d<\/p>\n<p>Gustavo Giglio, mediador do painel e head de marketing de relacionamento da Omelete Company, afirmou que a entrevista de Blogueirinha com Bruna Marquezine foi um dos conte\u00fados mais virais e importantes das redes sociais em 2023. \u201cEsse \u00e9 um caso muito bacana porque evidencia o quanto estamos atentos ao que est\u00e1 acontecendo no mundo digital e o quanto as marcas confiam no nosso trabalho\u201d, respondeu Rafael.<\/p>\n<p>\u201cEu digo para equipe que n\u00f3s estamos criando uma coisa que n\u00e3o existe, ent\u00e3o, n\u00f3s tamb\u00e9m estamos em constante aprendizado\u201d, finalizou o executivo.<\/p>\n<\/div>\n<p><script type=\"rocketlazyloadscript\">\n\t\t\t\t(function(d, s, id){\n\t\t\t\t\tvar js, fjs = d.getElementsByTagName(s)[0];\n\t\t\t\t\tif (d.getElementById(id)) return;\n\t\t\t\t\tjs = d.createElement(s); js.id = id;\n\t\t\t\t\tjs.src = \"\/\/connect.facebook.net\/pt_BR\/sdk.js#xfbml=1&version=v2.9\";\n\t\t\t\t\tfjs.parentNode.insertBefore(js, fjs);\n\t\t\t\t}(document, 'script', 'facebook-jssdk'));\n\t\t\t<\/script><script async src=\"\/\/www.instagram.com\/embed.js\"><\/script><br \/>\n<br \/><br \/>\n<br \/><a href=\"https:\/\/forbes.com.br\/forbes-mkt\/2024\/06\/blogueirinha-os-bastidores-do-fenomeno-das-redes-sociais\/\">Source link <\/a><\/p>\n<div class='code-block code-block-4' style='margin: 8px auto 8px 0; text-align: left; display: block; clear: both;'>\n\ud83d\udce2 Aviso Legal\n\nO site ismaelcolosi.com.br atua apenas como um canal de divulga\u00e7\u00e3o de oportunidades de emprego e n\u00e3o se responsabiliza pelo processo seletivo, contrata\u00e7\u00e3o ou qualquer outra etapa relacionada \u00e0s vagas publicadas. Todas as informa\u00e7\u00f5es s\u00e3o de responsabilidade dos anunciantes.\n\n\u26a0\ufe0f Aten\u00e7\u00e3o! Nunca pague por promessas de emprego nem compre cursos que garantam contrata\u00e7\u00e3o. Desconfie de qualquer cobran\u00e7a para participar de sele\u00e7\u00f5es.\n\n\n\n<\/div>\n<!-- CONTENT END 1 -->\n","protected":false},"excerpt":{"rendered":"<p>Gustavo Giglio, Rafael Dias e Blogueirinha Acessibilidade L L A- A+ \u25d0 Em 2023, as redes sociais foram tomadas por conte\u00fados e memes da personagem&#8230;<\/p>\n","protected":false},"author":1,"featured_media":52337,"comment_status":"open","ping_status":"open","sticky":false,"template":"","format":"standard","meta":{"_uag_custom_page_level_css":"","advanced_seo_description":"","jetpack_seo_html_title":"","jetpack_seo_noindex":false,"jetpack_post_was_ever_published":false,"_jetpack_newsletter_access":"","_jetpack_dont_email_post_to_subs":false,"_jetpack_newsletter_tier_id":0,"_jetpack_memberships_contains_paywalled_content":false,"_jetpack_memberships_contains_paid_content":false,"footnotes":"","jetpack_publicize_message":"","jetpack_publicize_feature_enabled":true,"jetpack_social_post_already_shared":true,"jetpack_social_options":{"image_generator_settings":{"template":"highway","default_image_id":0,"font":"","enabled":false},"version":2}},"categories":[1964],"tags":[],"class_list":["post-52336","post","type-post","status-publish","format-standard","has-post-thumbnail","hentry","category-carreira-e-sucesso-dicas-para-carreira"],"jetpack_publicize_connections":[],"jetpack_featured_media_url":"https:\/\/i0.wp.com\/ismaelcolosi.com.br\/wp-content\/uploads\/2024\/06\/WAL06367-1024x683.jpg?fit=1024%2C683&ssl=1","uagb_featured_image_src":{"full":["https:\/\/i0.wp.com\/ismaelcolosi.com.br\/wp-content\/uploads\/2024\/06\/WAL06367-1024x683.jpg?fit=1024%2C683&ssl=1",1024,683,false],"thumbnail":["https:\/\/i0.wp.com\/ismaelcolosi.com.br\/wp-content\/uploads\/2024\/06\/WAL06367-1024x683.jpg?resize=150%2C150&ssl=1",150,150,true],"medium":["https:\/\/i0.wp.com\/ismaelcolosi.com.br\/wp-content\/uploads\/2024\/06\/WAL06367-1024x683.jpg?fit=300%2C200&ssl=1",300,200,true],"medium_large":["https:\/\/i0.wp.com\/ismaelcolosi.com.br\/wp-content\/uploads\/2024\/06\/WAL06367-1024x683.jpg?fit=768%2C512&ssl=1",768,512,true],"large":["https:\/\/i0.wp.com\/ismaelcolosi.com.br\/wp-content\/uploads\/2024\/06\/WAL06367-1024x683.jpg?fit=1024%2C683&ssl=1",1024,683,true],"1536x1536":["https:\/\/i0.wp.com\/ismaelcolosi.com.br\/wp-content\/uploads\/2024\/06\/WAL06367-1024x683.jpg?fit=1024%2C683&ssl=1",1024,683,true],"2048x2048":["https:\/\/i0.wp.com\/ismaelcolosi.com.br\/wp-content\/uploads\/2024\/06\/WAL06367-1024x683.jpg?fit=1024%2C683&ssl=1",1024,683,true],"really-simple-thumb":["https:\/\/i0.wp.com\/ismaelcolosi.com.br\/wp-content\/uploads\/2024\/06\/WAL06367-1024x683.jpg?resize=370%2C247&ssl=1",370,247,true]},"uagb_author_info":{"display_name":"ismaelcolosi.com.br","author_link":"https:\/\/ismaelcolosi.com.br\/index.php\/author\/vidareal-online\/"},"uagb_comment_info":0,"uagb_excerpt":"Gustavo Giglio, Rafael Dias e Blogueirinha Acessibilidade L L A- A+ \u25d0 Em 2023, as redes sociais foram tomadas por conte\u00fados e memes da personagem...","jetpack-related-posts":[{"id":5416,"url":"https:\/\/ismaelcolosi.com.br\/index.php\/2023\/11\/23\/sucesso-de-bruno-matos-blogueirinha-pode-estar-sendo-sondada-por-emissora-famosa-para-programa-de-tv\/","url_meta":{"origin":52336,"position":0},"title":"Sucesso de Bruno Matos, Blogueirinha pode estar sendo sondada por emissora famosa para programa de TV","author":"ismaelcolosi.com.br","date":"23 de November de 2023","format":false,"excerpt":"O YouTube \u00e9 a plataforma de v\u00eddeo que se tornou refer\u00eancia em recordes de visualiza\u00e7\u00f5es. Al\u00e9m de muita m\u00fasica, a plataforma proporciona aos inscritos programa\u00e7\u00f5es de entrevistas que viram sucesso.Bruno Matos \u00e9 Blogueirinha, nas redes sociais e plataformas digitais. Esse ano, sua personagem deslanchou carreira de apresentadora com o programa\u2026","rel":"","context":"In &quot;Blog&quot;","block_context":{"text":"Blog","link":"https:\/\/ismaelcolosi.com.br\/index.php\/category\/blog\/"},"img":{"alt_text":"","src":"https:\/\/i0.wp.com\/ismaelcolosi.com.br\/wp-content\/uploads\/2023\/11\/postimg-655f9c33cc7c87194.jpg?fit=1200%2C628&ssl=1&resize=350%2C200","width":350,"height":200,"srcset":"https:\/\/i0.wp.com\/ismaelcolosi.com.br\/wp-content\/uploads\/2023\/11\/postimg-655f9c33cc7c87194.jpg?fit=1200%2C628&ssl=1&resize=350%2C200 1x, https:\/\/i0.wp.com\/ismaelcolosi.com.br\/wp-content\/uploads\/2023\/11\/postimg-655f9c33cc7c87194.jpg?fit=1200%2C628&ssl=1&resize=525%2C300 1.5x, https:\/\/i0.wp.com\/ismaelcolosi.com.br\/wp-content\/uploads\/2023\/11\/postimg-655f9c33cc7c87194.jpg?fit=1200%2C628&ssl=1&resize=700%2C400 2x, https:\/\/i0.wp.com\/ismaelcolosi.com.br\/wp-content\/uploads\/2023\/11\/postimg-655f9c33cc7c87194.jpg?fit=1200%2C628&ssl=1&resize=1050%2C600 3x"},"classes":[]},{"id":19270,"url":"https:\/\/ismaelcolosi.com.br\/index.php\/2023\/12\/22\/blogueirinha-responde-a-duvidas-se-e-drag-queen-ou-nao\/","url_meta":{"origin":52336,"position":1},"title":"Blogueirinha responde a d\u00favidas se \u00e9 drag queen ou n\u00e3o","author":"ismaelcolosi.com.br","date":"22 de December de 2023","format":false,"excerpt":"\u2018Oi meininas, tudo pom?\u2019 \u00e9 um cl\u00e1ssico bord\u00e3o de uma das personagens mais ic\u00f4nicas da internet. Blogueirinha \u00e9 uma das personalidades que n\u00e3o tem papas na l\u00edngua.Conhecida por sua sinceridade ao extremo, ela n\u00e3o poupa ningu\u00e9m. Fala o que pensa e doa a quem doer. Amada por uns e j\u00e1\u2026","rel":"","context":"In &quot;Blog&quot;","block_context":{"text":"Blog","link":"https:\/\/ismaelcolosi.com.br\/index.php\/category\/blog\/"},"img":{"alt_text":"","src":"https:\/\/i0.wp.com\/ismaelcolosi.com.br\/wp-content\/uploads\/2023\/12\/postimg-6585161069c567875.jpg?fit=1200%2C628&ssl=1&resize=350%2C200","width":350,"height":200,"srcset":"https:\/\/i0.wp.com\/ismaelcolosi.com.br\/wp-content\/uploads\/2023\/12\/postimg-6585161069c567875.jpg?fit=1200%2C628&ssl=1&resize=350%2C200 1x, https:\/\/i0.wp.com\/ismaelcolosi.com.br\/wp-content\/uploads\/2023\/12\/postimg-6585161069c567875.jpg?fit=1200%2C628&ssl=1&resize=525%2C300 1.5x, https:\/\/i0.wp.com\/ismaelcolosi.com.br\/wp-content\/uploads\/2023\/12\/postimg-6585161069c567875.jpg?fit=1200%2C628&ssl=1&resize=700%2C400 2x, https:\/\/i0.wp.com\/ismaelcolosi.com.br\/wp-content\/uploads\/2023\/12\/postimg-6585161069c567875.jpg?fit=1200%2C628&ssl=1&resize=1050%2C600 3x"},"classes":[]},{"id":7721,"url":"https:\/\/ismaelcolosi.com.br\/index.php\/2023\/11\/28\/melody-detona-luisa-sonza-apos-deboche-feito-pela-cantora-com-seu-nome\/","url_meta":{"origin":52336,"position":2},"title":"Melody detona Lu\u00edsa Sonza ap\u00f3s &#8216;deboche&#8217; feito pela cantora com seu nome","author":"ismaelcolosi.com.br","date":"28 de November de 2023","format":false,"excerpt":"N\u00e3o \u00e9 atoa que a apresentadora, personagem de Bruno Matos, Blogueirinha, est\u00e1 entre um dos nomes da emissora de Silvio Santos. A cada programa, a personagem traz uma pol\u00eamica.A convidada da vez foi Lu\u00edsa Sonza. Em uma das din\u00e2micas do programa, a apresentadora faz um jogo de perguntas e respostas\u2026","rel":"","context":"In &quot;Blog&quot;","block_context":{"text":"Blog","link":"https:\/\/ismaelcolosi.com.br\/index.php\/category\/blog\/"},"img":{"alt_text":"","src":"https:\/\/i0.wp.com\/ismaelcolosi.com.br\/wp-content\/uploads\/2023\/11\/postimg-6566398bee3ff3926.jpg?fit=1200%2C628&ssl=1&resize=350%2C200","width":350,"height":200,"srcset":"https:\/\/i0.wp.com\/ismaelcolosi.com.br\/wp-content\/uploads\/2023\/11\/postimg-6566398bee3ff3926.jpg?fit=1200%2C628&ssl=1&resize=350%2C200 1x, https:\/\/i0.wp.com\/ismaelcolosi.com.br\/wp-content\/uploads\/2023\/11\/postimg-6566398bee3ff3926.jpg?fit=1200%2C628&ssl=1&resize=525%2C300 1.5x, https:\/\/i0.wp.com\/ismaelcolosi.com.br\/wp-content\/uploads\/2023\/11\/postimg-6566398bee3ff3926.jpg?fit=1200%2C628&ssl=1&resize=700%2C400 2x, https:\/\/i0.wp.com\/ismaelcolosi.com.br\/wp-content\/uploads\/2023\/11\/postimg-6566398bee3ff3926.jpg?fit=1200%2C628&ssl=1&resize=1050%2C600 3x"},"classes":[]},{"id":22419,"url":"https:\/\/ismaelcolosi.com.br\/index.php\/2023\/12\/29\/quem-e-juliano-floss-que-viralizou-acusado-de-dedada-apos-termino-com-ex-namorada\/","url_meta":{"origin":52336,"position":3},"title":"Quem \u00e9 Juliano Floss, que viralizou acusado de &#8216;dedada&#8217; ap\u00f3s t\u00e9rmino com ex-namorada","author":"ismaelcolosi.com.br","date":"29 de December de 2023","format":false,"excerpt":"Nessa sexta-feira (29\/12), o nome do influenciador Juliano Floss ganhou as redes sociais. O rapaz foi exposto por sua ex-sogra, m\u00e3e de Vivi Wanderley, com quem viveu um relacionamento pelos \u00faltimos tempos.Os dois assumiram o relacionamento em 2021 e logo ganharam o carinho de milh\u00f5es de f\u00e3s. Floss \u00e9 bastante\u2026","rel":"","context":"In &quot;Blog&quot;","block_context":{"text":"Blog","link":"https:\/\/ismaelcolosi.com.br\/index.php\/category\/blog\/"},"img":{"alt_text":"","src":"https:\/\/i0.wp.com\/ismaelcolosi.com.br\/wp-content\/uploads\/2023\/12\/postimg-658f4e4b1753e3534.jpg?fit=1200%2C628&ssl=1&resize=350%2C200","width":350,"height":200,"srcset":"https:\/\/i0.wp.com\/ismaelcolosi.com.br\/wp-content\/uploads\/2023\/12\/postimg-658f4e4b1753e3534.jpg?fit=1200%2C628&ssl=1&resize=350%2C200 1x, https:\/\/i0.wp.com\/ismaelcolosi.com.br\/wp-content\/uploads\/2023\/12\/postimg-658f4e4b1753e3534.jpg?fit=1200%2C628&ssl=1&resize=525%2C300 1.5x, https:\/\/i0.wp.com\/ismaelcolosi.com.br\/wp-content\/uploads\/2023\/12\/postimg-658f4e4b1753e3534.jpg?fit=1200%2C628&ssl=1&resize=700%2C400 2x, https:\/\/i0.wp.com\/ismaelcolosi.com.br\/wp-content\/uploads\/2023\/12\/postimg-658f4e4b1753e3534.jpg?fit=1200%2C628&ssl=1&resize=1050%2C600 3x"},"classes":[]},{"id":31081,"url":"https:\/\/ismaelcolosi.com.br\/index.php\/2024\/01\/20\/top-10-musicas-de-axe-mais-tocadas-em-2024\/","url_meta":{"origin":52336,"position":4},"title":"Top 10 m\u00fasicas de Ax\u00e9 mais tocadas em 2024","author":"ismaelcolosi.com.br","date":"20 de January de 2024","format":false,"excerpt":"Confira quais s\u00e3o as m\u00fasicas de Ax\u00e9 mais tocadas. Ou\u00e7a a playlist das melhores m\u00fasicas de ax\u00e9 mais tocadas nas r\u00e1dios do Brasil. S\u00e3o os maiores sucessos do ax\u00e9 music que os ouvintes mais pedem para tocar. Portanto, aproveite para ouvir a lista do top ax\u00e9 do momento atualizado(2024). Al\u00e9m\u2026","rel":"","context":"In &quot;Blog&quot;","block_context":{"text":"Blog","link":"https:\/\/ismaelcolosi.com.br\/index.php\/category\/blog\/"},"img":{"alt_text":"","src":"https:\/\/i0.wp.com\/ismaelcolosi.com.br\/wp-content\/uploads\/2024\/01\/Musicas-de-Axe-mais-tocadas.jpg?fit=1200%2C848&ssl=1&resize=350%2C200","width":350,"height":200,"srcset":"https:\/\/i0.wp.com\/ismaelcolosi.com.br\/wp-content\/uploads\/2024\/01\/Musicas-de-Axe-mais-tocadas.jpg?fit=1200%2C848&ssl=1&resize=350%2C200 1x, https:\/\/i0.wp.com\/ismaelcolosi.com.br\/wp-content\/uploads\/2024\/01\/Musicas-de-Axe-mais-tocadas.jpg?fit=1200%2C848&ssl=1&resize=525%2C300 1.5x, https:\/\/i0.wp.com\/ismaelcolosi.com.br\/wp-content\/uploads\/2024\/01\/Musicas-de-Axe-mais-tocadas.jpg?fit=1200%2C848&ssl=1&resize=700%2C400 2x, https:\/\/i0.wp.com\/ismaelcolosi.com.br\/wp-content\/uploads\/2024\/01\/Musicas-de-Axe-mais-tocadas.jpg?fit=1200%2C848&ssl=1&resize=1050%2C600 3x"},"classes":[]},{"id":17155,"url":"https:\/\/ismaelcolosi.com.br\/index.php\/2023\/12\/17\/carol-castro-se-depara-com-o-falecimento-do-proprio-pai-e-faz-doloroso-desabafo-nas-redes-sociais\/","url_meta":{"origin":52336,"position":5},"title":"Carol Castro se depara com o falecimento do pr\u00f3prio pai e faz doloroso desabafo nas redes sociais","author":"ismaelcolosi.com.br","date":"17 de December de 2023","format":false,"excerpt":"A atriz Carol Castro fez um forte desabafo por meio dos seus perfis nas redes sociais. A artista anunciou aos admiradores o falecimento de seu pai, Lucas Castro. Segundo ela, a morte aconteceu neste domingo, dia 17 de dezembro.A celebridade recorreu a um longo texto publicado no Instagram para levar\u2026","rel":"","context":"In &quot;Blog&quot;","block_context":{"text":"Blog","link":"https:\/\/ismaelcolosi.com.br\/index.php\/category\/blog\/"},"img":{"alt_text":"","src":"https:\/\/i0.wp.com\/ismaelcolosi.com.br\/wp-content\/uploads\/2023\/12\/postimg-657f4da6549802089.jpg?fit=1200%2C628&ssl=1&resize=350%2C200","width":350,"height":200,"srcset":"https:\/\/i0.wp.com\/ismaelcolosi.com.br\/wp-content\/uploads\/2023\/12\/postimg-657f4da6549802089.jpg?fit=1200%2C628&ssl=1&resize=350%2C200 1x, https:\/\/i0.wp.com\/ismaelcolosi.com.br\/wp-content\/uploads\/2023\/12\/postimg-657f4da6549802089.jpg?fit=1200%2C628&ssl=1&resize=525%2C300 1.5x, https:\/\/i0.wp.com\/ismaelcolosi.com.br\/wp-content\/uploads\/2023\/12\/postimg-657f4da6549802089.jpg?fit=1200%2C628&ssl=1&resize=700%2C400 2x, https:\/\/i0.wp.com\/ismaelcolosi.com.br\/wp-content\/uploads\/2023\/12\/postimg-657f4da6549802089.jpg?fit=1200%2C628&ssl=1&resize=1050%2C600 3x"},"classes":[]}],"jetpack_sharing_enabled":true,"jetpack_shortlink":"https:\/\/wp.me\/pfMlyK-dC8","_links":{"self":[{"href":"https:\/\/ismaelcolosi.com.br\/index.php\/wp-json\/wp\/v2\/posts\/52336","targetHints":{"allow":["GET"]}}],"collection":[{"href":"https:\/\/ismaelcolosi.com.br\/index.php\/wp-json\/wp\/v2\/posts"}],"about":[{"href":"https:\/\/ismaelcolosi.com.br\/index.php\/wp-json\/wp\/v2\/types\/post"}],"author":[{"embeddable":true,"href":"https:\/\/ismaelcolosi.com.br\/index.php\/wp-json\/wp\/v2\/users\/1"}],"replies":[{"embeddable":true,"href":"https:\/\/ismaelcolosi.com.br\/index.php\/wp-json\/wp\/v2\/comments?post=52336"}],"version-history":[{"count":0,"href":"https:\/\/ismaelcolosi.com.br\/index.php\/wp-json\/wp\/v2\/posts\/52336\/revisions"}],"wp:featuredmedia":[{"embeddable":true,"href":"https:\/\/ismaelcolosi.com.br\/index.php\/wp-json\/wp\/v2\/media\/52337"}],"wp:attachment":[{"href":"https:\/\/ismaelcolosi.com.br\/index.php\/wp-json\/wp\/v2\/media?parent=52336"}],"wp:term":[{"taxonomy":"category","embeddable":true,"href":"https:\/\/ismaelcolosi.com.br\/index.php\/wp-json\/wp\/v2\/categories?post=52336"},{"taxonomy":"post_tag","embeddable":true,"href":"https:\/\/ismaelcolosi.com.br\/index.php\/wp-json\/wp\/v2\/tags?post=52336"}],"curies":[{"name":"wp","href":"https:\/\/api.w.org\/{rel}","templated":true}]}}