{"id":52332,"date":"2024-06-05T18:24:44","date_gmt":"2024-06-05T21:24:44","guid":{"rendered":"https:\/\/ismaelcolosi.com.br\/index.php\/2024\/06\/05\/rota-do-arraia-quermesse-da-igreja-santo-antonio-em-ribeirao-preto-comeca-esta-semana\/"},"modified":"2024-06-05T18:24:44","modified_gmt":"2024-06-05T21:24:44","slug":"rota-do-arraia-quermesse-da-igreja-santo-antonio-em-ribeirao-preto-comeca-esta-semana","status":"publish","type":"post","link":"https:\/\/ismaelcolosi.com.br\/index.php\/2024\/06\/05\/rota-do-arraia-quermesse-da-igreja-santo-antonio-em-ribeirao-preto-comeca-esta-semana\/","title":{"rendered":"Rota do Arrai\u00e1: Quermesse da igreja Santo Ant\u00f4nio em Ribeir\u00e3o Preto come\u00e7a esta semana"},"content":{"rendered":"<p> <br \/>\n<\/p>\n<div>\n<p><span style=\"background-color:#f7cc62\" class=\"td_text_highlight_marker\"><mark style=\"background-color:rgba(0, 0, 0, 0)\" class=\"has-inline-color has-black-color\">A <strong>tradicional quermesse da igreja de Santo Ant\u00f4nio<\/strong>, elevada a Bas\u00edlica menor em 2019, <strong>come\u00e7a<\/strong> nesta <strong>sexta-feira<\/strong> (7) e<strong> segue at\u00e9 domingo<\/strong> (9). A <strong>festa junina<\/strong>, que faz parte da <strong>Rota do Arrai\u00e1<\/strong>, <strong>retorna nos pr\u00f3ximos dois finais de semana de junho<\/strong><\/mark><\/span> \u2013 nos <strong>dias 13, 14 e 15 e 15, 21, 22 e 23<\/strong>.<\/p>\n<p>Com<strong> exce\u00e7\u00e3o do dia 13, Dia de Santo Ant\u00f4nio<\/strong>, que a <strong>festa come\u00e7a \u00e0s 9h<\/strong>, nos <strong>demais dias<\/strong>, a <strong>quermesse <\/strong>ter\u00e1 in\u00edcio \u00e0s <strong>19h<\/strong> nas <strong>sextas e s\u00e1bados<\/strong> e \u00e0s <strong>18h <\/strong>aos <strong>domingos<\/strong>.<\/p><div class='code-block code-block-8' style='margin: 8px auto; text-align: center; display: block; clear: both;'>\n<script>\n  atOptions = {\n    'key' : '66e2e2111ca34da796271819fc334058',\n    'format' : 'iframe',\n    'height' : 250,\n    'width' : 300,\n    'params' : {}\n  };\n<\/script>\n<script src=\"https:\/\/www.highperformanceformat.com\/66e2e2111ca34da796271819fc334058\/invoke.js\"><\/script>\n<\/div>\n\n<p>Segundo a <strong>organiza\u00e7\u00e3o<\/strong> do evento, a <strong>expectativa \u00e9 de que mais de 10 mil pessoas<\/strong> visitem a quermesse neste ano.<\/p>\n<p>Durante <strong>todos os dias de festa<\/strong>, v\u00e1rias <strong>barracas com comidas t\u00edpicas<\/strong> oferecer\u00e3o aos <strong>visitantes um card\u00e1pio diversificado<\/strong>. Contudo, o <strong>destaque \u00e9 para o lanche de pernil com pasta de alho, conhecido como carro-chefe da festa.<\/strong><\/p>\n<p>Al\u00e9m das barracas, a <strong>quermesse<\/strong> ter\u00e1 <strong>apresenta\u00e7\u00f5es musicais<\/strong> e <strong>bingos<\/strong> para os visitantes e fi\u00e9is.<\/p>\n<p>Toda a <strong>renda arrecadada <\/strong>durante a quermesse \u00e9 destinada a <strong>manuten\u00e7\u00e3o da par\u00f3quia<\/strong> e \u00e0s <strong>obras de assist\u00eancia \u00e0s fam\u00edlias assistidas<\/strong>, que recebem <strong>doa\u00e7\u00f5es de cestas b\u00e1sicas<\/strong> e <strong>itens de limpeza<\/strong> mensalmente.<\/p>\n<h2 class=\"wp-block-heading\"><strong>Sobre a Santo Ant\u00f4nio de P\u00e1dua<\/strong><\/h2>\n<p><strong>Fundada em 1947<\/strong>, a par\u00f3quia foi elevada a Bas\u00edlica Menor em 2019. Al\u00e9m do p\u00e1roco Dom Greg\u00f3rio, tamb\u00e9m integram o vig\u00e1rio paroquial Dom Bernardo, Dom Andr\u00e9 e Dom Milton.<\/p>\n<h3 class=\"wp-block-heading\"><strong>Servi\u00e7o:<\/strong><\/h3>\n<p><strong>Rota do Arrai\u00e1 \u201cQuermesse de Santo Ant\u00f4nio\u201d<\/strong><\/p>\n<p><strong>Datas:<\/strong>\u00a07, 8, 9, 13, 14, 15, 21, 22 e 23 de junho<\/p>\n<p><strong>Hor\u00e1rios:\u00a0<\/strong>sextas-feiras e s\u00e1bados, a partir das 19h; domingos, a partir das 18h e no dia 13 (quinta-feira), a partir das 9h<\/p>\n<p><strong>Local:<\/strong>\u00a0Bas\u00edlica de Santo Ant\u00f4nio \u2013 rua: Para\u00edba, 747 \u2013 Campos El\u00edseos<\/p>\n<p>SAIBA MAIS <\/p>\n<p>Hugo e Guilherme, Mari Fernandez e Z\u00e9 Neto e Cristiano fazem shows na regi\u00e3o de Ribeir\u00e3o<\/p>\n<h4 class=\"wp-block-heading\"><strong>FIQUE ON<\/strong><\/h4>\n<p>Fique ligado em tudo que acontece em Ribeir\u00e3o Preto e regi\u00e3o. Siga os perfis do\u00a0<strong>acidade on\u00a0<\/strong>no\u00a0<a href=\"https:\/\/www.instagram.com\/acidadeonribeirao\" target=\"_blank\" rel=\"noreferrer noopener\">Instagram<\/a>\u00a0e no\u00a0<a href=\"https:\/\/www.facebook.com\/acidadeonribeirao\" target=\"_blank\" rel=\"noreferrer noopener\">Facebook<\/a>.<\/p>\n<p>Receba not\u00edcias do acidade on no WhatsApp. Para entrar no grupo, basta\u00a0<a href=\"https:\/\/chat.whatsapp.com\/CdrZ6xrf7quD44Vw3WlPuZ\" target=\"_blank\" rel=\"noreferrer noopener\">clicar aqui<\/a>.<\/p>\n<p>Fa\u00e7a uma den\u00fancia ou sugira uma reportagem sobre Ribeir\u00e3o Preto e regi\u00e3o pelo WhatsApp: 16 99117 7802.<\/p>\n<p>VEJA TAMB\u00c9M<\/p>\n<p>Que horas come\u00e7a a greve de \u00f4nibus em SP?<\/p>\n<p><!-- AI CONTENT END 1 -->\n<\/div>\n<p><script async src=\"\/\/www.instagram.com\/embed.js\"><\/script><br \/>\n<br \/><br \/>\n<br \/><a href=\"https:\/\/www.acidadeon.com\/ribeiraopreto\/lazer-e-cultura\/rota-do-arraia-quermesse-da-igreja-santo-antonio-em-ribeirao-preto-comeca-esta-semana\/\">Source link <\/a><\/p>\n<div class='code-block code-block-4' style='margin: 8px auto 8px 0; text-align: left; display: block; clear: both;'>\n\ud83d\udce2 Aviso Legal\n\nO site ismaelcolosi.com.br atua apenas como um canal de divulga\u00e7\u00e3o de oportunidades de emprego e n\u00e3o se responsabiliza pelo processo seletivo, contrata\u00e7\u00e3o ou qualquer outra etapa relacionada \u00e0s vagas publicadas. Todas as informa\u00e7\u00f5es s\u00e3o de responsabilidade dos anunciantes.\n\n\u26a0\ufe0f Aten\u00e7\u00e3o! Nunca pague por promessas de emprego nem compre cursos que garantam contrata\u00e7\u00e3o. Desconfie de qualquer cobran\u00e7a para participar de sele\u00e7\u00f5es.\n\n\n\n<\/div>\n<!-- CONTENT END 1 -->\n","protected":false},"excerpt":{"rendered":"<p>A tradicional quermesse da igreja de Santo Ant\u00f4nio, elevada a Bas\u00edlica menor em 2019, come\u00e7a nesta sexta-feira (7) e segue at\u00e9 domingo (9). A festa&#8230;<\/p>\n","protected":false},"author":1,"featured_media":52333,"comment_status":"open","ping_status":"open","sticky":false,"template":"","format":"standard","meta":{"_uag_custom_page_level_css":"","advanced_seo_description":"","jetpack_seo_html_title":"","jetpack_seo_noindex":false,"jetpack_post_was_ever_published":false,"_jetpack_newsletter_access":"","_jetpack_dont_email_post_to_subs":false,"_jetpack_newsletter_tier_id":0,"_jetpack_memberships_contains_paywalled_content":false,"_jetpack_memberships_contains_paid_content":false,"footnotes":"","jetpack_publicize_message":"","jetpack_publicize_feature_enabled":true,"jetpack_social_post_already_shared":true,"jetpack_social_options":{"image_generator_settings":{"template":"highway","default_image_id":0,"font":"","enabled":false},"version":2}},"categories":[11],"tags":[],"class_list":["post-52332","post","type-post","status-publish","format-standard","has-post-thumbnail","hentry","category-noticias-de-ribeirao-preto-sp-e-regiao-ismael-colosi"],"jetpack_publicize_connections":[],"jetpack_featured_media_url":"https:\/\/i0.wp.com\/ismaelcolosi.com.br\/wp-content\/uploads\/2024\/06\/Copia-de-Copia-de-TAMANHO-EXATO-PARA-FOTOS-NO-SISTEMA-NOVO-11_2024-06-05_19-59-27_jpg_2024-06-05_19-59-27.webp.webp?fit=1200%2C675&ssl=1","uagb_featured_image_src":{"full":["https:\/\/i0.wp.com\/ismaelcolosi.com.br\/wp-content\/uploads\/2024\/06\/Copia-de-Copia-de-TAMANHO-EXATO-PARA-FOTOS-NO-SISTEMA-NOVO-11_2024-06-05_19-59-27_jpg_2024-06-05_19-59-27.webp.webp?fit=1200%2C675&ssl=1",1200,675,false],"thumbnail":["https:\/\/i0.wp.com\/ismaelcolosi.com.br\/wp-content\/uploads\/2024\/06\/Copia-de-Copia-de-TAMANHO-EXATO-PARA-FOTOS-NO-SISTEMA-NOVO-11_2024-06-05_19-59-27_jpg_2024-06-05_19-59-27.webp.webp?resize=150%2C150&ssl=1",150,150,true],"medium":["https:\/\/i0.wp.com\/ismaelcolosi.com.br\/wp-content\/uploads\/2024\/06\/Copia-de-Copia-de-TAMANHO-EXATO-PARA-FOTOS-NO-SISTEMA-NOVO-11_2024-06-05_19-59-27_jpg_2024-06-05_19-59-27.webp.webp?fit=300%2C169&ssl=1",300,169,true],"medium_large":["https:\/\/i0.wp.com\/ismaelcolosi.com.br\/wp-content\/uploads\/2024\/06\/Copia-de-Copia-de-TAMANHO-EXATO-PARA-FOTOS-NO-SISTEMA-NOVO-11_2024-06-05_19-59-27_jpg_2024-06-05_19-59-27.webp.webp?fit=768%2C432&ssl=1",768,432,true],"large":["https:\/\/i0.wp.com\/ismaelcolosi.com.br\/wp-content\/uploads\/2024\/06\/Copia-de-Copia-de-TAMANHO-EXATO-PARA-FOTOS-NO-SISTEMA-NOVO-11_2024-06-05_19-59-27_jpg_2024-06-05_19-59-27.webp.webp?fit=1024%2C576&ssl=1",1024,576,true],"1536x1536":["https:\/\/i0.wp.com\/ismaelcolosi.com.br\/wp-content\/uploads\/2024\/06\/Copia-de-Copia-de-TAMANHO-EXATO-PARA-FOTOS-NO-SISTEMA-NOVO-11_2024-06-05_19-59-27_jpg_2024-06-05_19-59-27.webp.webp?fit=1200%2C675&ssl=1",1200,675,true],"2048x2048":["https:\/\/i0.wp.com\/ismaelcolosi.com.br\/wp-content\/uploads\/2024\/06\/Copia-de-Copia-de-TAMANHO-EXATO-PARA-FOTOS-NO-SISTEMA-NOVO-11_2024-06-05_19-59-27_jpg_2024-06-05_19-59-27.webp.webp?fit=1200%2C675&ssl=1",1200,675,true],"really-simple-thumb":["https:\/\/i0.wp.com\/ismaelcolosi.com.br\/wp-content\/uploads\/2024\/06\/Copia-de-Copia-de-TAMANHO-EXATO-PARA-FOTOS-NO-SISTEMA-NOVO-11_2024-06-05_19-59-27_jpg_2024-06-05_19-59-27.webp.webp?resize=370%2C247&ssl=1",370,247,true]},"uagb_author_info":{"display_name":"ismaelcolosi.com.br","author_link":"https:\/\/ismaelcolosi.com.br\/index.php\/author\/vidareal-online\/"},"uagb_comment_info":0,"uagb_excerpt":"A tradicional quermesse da igreja de Santo Ant\u00f4nio, elevada a Bas\u00edlica menor em 2019, come\u00e7a nesta sexta-feira (7) e segue at\u00e9 domingo (9). A festa...","jetpack-related-posts":[{"id":57931,"url":"https:\/\/ismaelcolosi.com.br\/index.php\/2024\/07\/25\/ainda-tem-quermesse-veja-tres-opcoes-de-festa-em-ribeirao-preto\/","url_meta":{"origin":52332,"position":0},"title":"Ainda tem quermesse: Veja tr\u00eas op\u00e7\u00f5es de festa em Ribeir\u00e3o Preto","author":"ismaelcolosi.com.br","date":"25 de July de 2024","format":false,"excerpt":"O m\u00eas de julho est\u00e1 acabando, mas ainda tem quermesses em Ribeir\u00e3o Preto. Lanche de pernil, por\u00e7\u00f5es de batata e polenta, cachorro quente, caldos, doces e bebidas est\u00e3o entre as op\u00e7\u00f5es em tr\u00eas festas no pr\u00f3ximo final de semana. Confira: Quermesse da Par\u00f3quia Nossa Senhora dos CanaviaisRua Ant\u00f4nio Augusto de\u2026","rel":"","context":"In &quot;Not\u00edcias de Ribeir\u00e3o Preto-SP e Regi\u00e3o&quot;","block_context":{"text":"Not\u00edcias de Ribeir\u00e3o Preto-SP e Regi\u00e3o","link":"https:\/\/ismaelcolosi.com.br\/index.php\/category\/noticias-de-ribeirao-preto-sp-e-regiao-ismael-colosi\/"},"img":{"alt_text":"","src":"https:\/\/i0.wp.com\/ismaelcolosi.com.br\/wp-content\/uploads\/2024\/07\/quermesse_2024-07-25_18-26-10_jpeg_2024-07-25_18-26-10.webp.webp?fit=1080%2C920&ssl=1&resize=350%2C200","width":350,"height":200,"srcset":"https:\/\/i0.wp.com\/ismaelcolosi.com.br\/wp-content\/uploads\/2024\/07\/quermesse_2024-07-25_18-26-10_jpeg_2024-07-25_18-26-10.webp.webp?fit=1080%2C920&ssl=1&resize=350%2C200 1x, https:\/\/i0.wp.com\/ismaelcolosi.com.br\/wp-content\/uploads\/2024\/07\/quermesse_2024-07-25_18-26-10_jpeg_2024-07-25_18-26-10.webp.webp?fit=1080%2C920&ssl=1&resize=525%2C300 1.5x, https:\/\/i0.wp.com\/ismaelcolosi.com.br\/wp-content\/uploads\/2024\/07\/quermesse_2024-07-25_18-26-10_jpeg_2024-07-25_18-26-10.webp.webp?fit=1080%2C920&ssl=1&resize=700%2C400 2x, https:\/\/i0.wp.com\/ismaelcolosi.com.br\/wp-content\/uploads\/2024\/07\/quermesse_2024-07-25_18-26-10_jpeg_2024-07-25_18-26-10.webp.webp?fit=1080%2C920&ssl=1&resize=1050%2C600 3x"},"classes":[]},{"id":55470,"url":"https:\/\/ismaelcolosi.com.br\/index.php\/2024\/07\/03\/ainda-tem-muita-festa-junina-em-ribeirao-preto-final-de-semana-tem-quermesse-no-centro\/","url_meta":{"origin":52332,"position":1},"title":"Ainda tem muita festa &#8216;junina&#8217; em Ribeir\u00e3o Preto; Final de semana tem quermesse no Centro","author":"ismaelcolosi.com.br","date":"3 de July de 2024","format":false,"excerpt":"Julho come\u00e7ou e ainda tem muita festa \u201cjunina\u201d, ou \u2018julina\u2019, como preferir, em Ribeir\u00e3o Preto. Entre as op\u00e7\u00f5es, est\u00e1 o Arrai\u00e1 da Acirp, no Centro. O acidade on preparou uma lista com as comemora\u00e7\u00f5es que ainda acontecem neste m\u00eas. Confira as festas: Quermesses em Ribeir\u00e3o Preto Arrai\u00e1 da ACIRP Quando:\u2026","rel":"","context":"In &quot;Not\u00edcias de Ribeir\u00e3o Preto-SP e Regi\u00e3o&quot;","block_context":{"text":"Not\u00edcias de Ribeir\u00e3o Preto-SP e Regi\u00e3o","link":"https:\/\/ismaelcolosi.com.br\/index.php\/category\/noticias-de-ribeirao-preto-sp-e-regiao-ismael-colosi\/"},"img":{"alt_text":"","src":"https:\/\/i0.wp.com\/ismaelcolosi.com.br\/wp-content\/uploads\/2024\/07\/baloes_2024-07-03_13-53-33_jpg_2024-07-03_13-53-33.webp.webp?fit=1024%2C678&ssl=1&resize=350%2C200","width":350,"height":200,"srcset":"https:\/\/i0.wp.com\/ismaelcolosi.com.br\/wp-content\/uploads\/2024\/07\/baloes_2024-07-03_13-53-33_jpg_2024-07-03_13-53-33.webp.webp?fit=1024%2C678&ssl=1&resize=350%2C200 1x, https:\/\/i0.wp.com\/ismaelcolosi.com.br\/wp-content\/uploads\/2024\/07\/baloes_2024-07-03_13-53-33_jpg_2024-07-03_13-53-33.webp.webp?fit=1024%2C678&ssl=1&resize=525%2C300 1.5x, https:\/\/i0.wp.com\/ismaelcolosi.com.br\/wp-content\/uploads\/2024\/07\/baloes_2024-07-03_13-53-33_jpg_2024-07-03_13-53-33.webp.webp?fit=1024%2C678&ssl=1&resize=700%2C400 2x"},"classes":[]},{"id":25851,"url":"https:\/\/ismaelcolosi.com.br\/index.php\/2024\/01\/08\/quermesse-em-homenagem-ao-dia-de-sao-sebastiao-acontece-em-ribeirao-veja-as-datas\/","url_meta":{"origin":52332,"position":2},"title":"Quermesse em homenagem ao Dia de S\u00e3o Sebasti\u00e3o acontece em Ribeir\u00e3o; Veja as datas","author":"ismaelcolosi.com.br","date":"8 de January de 2024","format":false,"excerpt":"A Par\u00f3quia Cristo Oper\u00e1rio e S\u00e3o Judas Tadeu realiza neste m\u00eas, a Grandiosa Quermesse, em homenagem ao Dia de S\u00e3o Sebasti\u00e3o, padroeiro de Ribeir\u00e3o Preto, celebrado no dia 20 de janeiro. O evento vai acontecer nos dias 13, 14, 20 e 21, a partir das 19h, na Igreja S\u00e3o Sebasti\u00e3o,\u2026","rel":"","context":"In &quot;Not\u00edcias de Ribeir\u00e3o Preto-SP e Regi\u00e3o&quot;","block_context":{"text":"Not\u00edcias de Ribeir\u00e3o Preto-SP e Regi\u00e3o","link":"https:\/\/ismaelcolosi.com.br\/index.php\/category\/noticias-de-ribeirao-preto-sp-e-regiao-ismael-colosi\/"},"img":{"alt_text":"","src":"https:\/\/i0.wp.com\/ismaelcolosi.com.br\/wp-content\/uploads\/2024\/01\/sao_sebastiao_1024x576_20012021134912.jpg?fit=1024%2C576&ssl=1&resize=350%2C200","width":350,"height":200,"srcset":"https:\/\/i0.wp.com\/ismaelcolosi.com.br\/wp-content\/uploads\/2024\/01\/sao_sebastiao_1024x576_20012021134912.jpg?fit=1024%2C576&ssl=1&resize=350%2C200 1x, https:\/\/i0.wp.com\/ismaelcolosi.com.br\/wp-content\/uploads\/2024\/01\/sao_sebastiao_1024x576_20012021134912.jpg?fit=1024%2C576&ssl=1&resize=525%2C300 1.5x, https:\/\/i0.wp.com\/ismaelcolosi.com.br\/wp-content\/uploads\/2024\/01\/sao_sebastiao_1024x576_20012021134912.jpg?fit=1024%2C576&ssl=1&resize=700%2C400 2x"},"classes":[]},{"id":48888,"url":"https:\/\/ismaelcolosi.com.br\/index.php\/2024\/05\/07\/paroquia-de-ribeirao-tem-quermesse-com-comidas-tipicas-e-brincadeiras-veja-quando\/","url_meta":{"origin":52332,"position":3},"title":"Par\u00f3quia de Ribeir\u00e3o tem quermesse com comidas t\u00edpicas e brincadeiras; Veja quando","author":"ismaelcolosi.com.br","date":"7 de May de 2024","format":false,"excerpt":"A Par\u00f3quia S\u00e3o Judas Tadeu, no Parque das Andorinhas, na zona Oeste de Ribeir\u00e3o Preto, realiza quermesse nos dias 10, 11 e 12 de maio. A festa vai contar com barriquinhas de comidas t\u00edpicas e brincadeiras. A quermesse acontece na par\u00f3quia, que fica na avenida Lu\u00eds Galv\u00e3o C\u00e9sar, 1355. Nos\u2026","rel":"","context":"In &quot;Not\u00edcias de Ribeir\u00e3o Preto-SP e Regi\u00e3o&quot;","block_context":{"text":"Not\u00edcias de Ribeir\u00e3o Preto-SP e Regi\u00e3o","link":"https:\/\/ismaelcolosi.com.br\/index.php\/category\/noticias-de-ribeirao-preto-sp-e-regiao-ismael-colosi\/"},"img":{"alt_text":"","src":"https:\/\/i0.wp.com\/ismaelcolosi.com.br\/wp-content\/uploads\/2024\/05\/quermesse_2024-05-07_13-34-01_jpg_2024-05-07_13-34-01.webp.webp?fit=582%2C393&ssl=1&resize=350%2C200","width":350,"height":200,"srcset":"https:\/\/i0.wp.com\/ismaelcolosi.com.br\/wp-content\/uploads\/2024\/05\/quermesse_2024-05-07_13-34-01_jpg_2024-05-07_13-34-01.webp.webp?fit=582%2C393&ssl=1&resize=350%2C200 1x, https:\/\/i0.wp.com\/ismaelcolosi.com.br\/wp-content\/uploads\/2024\/05\/quermesse_2024-05-07_13-34-01_jpg_2024-05-07_13-34-01.webp.webp?fit=582%2C393&ssl=1&resize=525%2C300 1.5x"},"classes":[]},{"id":49108,"url":"https:\/\/ismaelcolosi.com.br\/index.php\/2024\/05\/08\/paroquia-de-ribeirao-preto-tem-quermesse-com-comidas-tipicas-jogos-e-bingo-veja-quando\/","url_meta":{"origin":52332,"position":4},"title":"Par\u00f3quia de Ribeir\u00e3o Preto tem quermesse com comidas t\u00edpicas, jogos e bingo; Veja quando","author":"ismaelcolosi.com.br","date":"8 de May de 2024","format":false,"excerpt":"A Festa da Padroeira da Par\u00f3quia Nossa Senhora de F\u00e1tima (Estigmatinos), no Jardim Sumar\u00e9, zona Sul de Ribeir\u00e3o Preto, acontece entre os dias 4 e 13 de maio. Al\u00e9m da novena e da solenidade a Santa, a programa\u00e7\u00e3o da festa conta com uma quermesse nos dias 10, 11 e 12\u2026","rel":"","context":"In &quot;Not\u00edcias de Ribeir\u00e3o Preto-SP e Regi\u00e3o&quot;","block_context":{"text":"Not\u00edcias de Ribeir\u00e3o Preto-SP e Regi\u00e3o","link":"https:\/\/ismaelcolosi.com.br\/index.php\/category\/noticias-de-ribeirao-preto-sp-e-regiao-ismael-colosi\/"},"img":{"alt_text":"","src":"https:\/\/i0.wp.com\/ismaelcolosi.com.br\/wp-content\/uploads\/2024\/05\/ShoppingdeRibeiroPretopromovefestajuninaejulinacombalonismo_Tamanho_2_image.jpg?fit=1200%2C900&ssl=1&resize=350%2C200","width":350,"height":200,"srcset":"https:\/\/i0.wp.com\/ismaelcolosi.com.br\/wp-content\/uploads\/2024\/05\/ShoppingdeRibeiroPretopromovefestajuninaejulinacombalonismo_Tamanho_2_image.jpg?fit=1200%2C900&ssl=1&resize=350%2C200 1x, https:\/\/i0.wp.com\/ismaelcolosi.com.br\/wp-content\/uploads\/2024\/05\/ShoppingdeRibeiroPretopromovefestajuninaejulinacombalonismo_Tamanho_2_image.jpg?fit=1200%2C900&ssl=1&resize=525%2C300 1.5x, https:\/\/i0.wp.com\/ismaelcolosi.com.br\/wp-content\/uploads\/2024\/05\/ShoppingdeRibeiroPretopromovefestajuninaejulinacombalonismo_Tamanho_2_image.jpg?fit=1200%2C900&ssl=1&resize=700%2C400 2x, https:\/\/i0.wp.com\/ismaelcolosi.com.br\/wp-content\/uploads\/2024\/05\/ShoppingdeRibeiroPretopromovefestajuninaejulinacombalonismo_Tamanho_2_image.jpg?fit=1200%2C900&ssl=1&resize=1050%2C600 3x"},"classes":[]},{"id":29356,"url":"https:\/\/ismaelcolosi.com.br\/index.php\/2024\/01\/18\/ribeirao-preto-tem-quermesse-neste-final-de-semana-veja-onde-acontece-a-festa-1\/","url_meta":{"origin":52332,"position":5},"title":"Ribeir\u00e3o Preto tem quermesse neste final de semana; Veja onde acontece a festa","author":"ismaelcolosi.com.br","date":"18 de January de 2024","format":false,"excerpt":"Em celebra\u00e7\u00e3o ao Dia de S\u00e3o Sebasti\u00e3o, comemorado neste s\u00e1bado (20), a Par\u00f3quia Cristo Oper\u00e1rio e S\u00e3o Judas Tadeu realiza, neste final de semana, a Grande Quermesse. A festan\u00e7a acontece na Par\u00f3quia da Comunidade, na rua Heron Domingues, 834, no Parque S\u00e3o Sebasti\u00e3o, na zona Leste de Ribeir\u00e3o Preto. A\u2026","rel":"","context":"In &quot;Not\u00edcias de Ribeir\u00e3o Preto-SP e Regi\u00e3o&quot;","block_context":{"text":"Not\u00edcias de Ribeir\u00e3o Preto-SP e Regi\u00e3o","link":"https:\/\/ismaelcolosi.com.br\/index.php\/category\/noticias-de-ribeirao-preto-sp-e-regiao-ismael-colosi\/"},"img":{"alt_text":"","src":"https:\/\/i0.wp.com\/ismaelcolosi.com.br\/wp-content\/uploads\/2024\/01\/WhatsApp-Image-2024-01-17-at-15.35.44.jpeg?fit=828%2C629&ssl=1&resize=350%2C200","width":350,"height":200,"srcset":"https:\/\/i0.wp.com\/ismaelcolosi.com.br\/wp-content\/uploads\/2024\/01\/WhatsApp-Image-2024-01-17-at-15.35.44.jpeg?fit=828%2C629&ssl=1&resize=350%2C200 1x, https:\/\/i0.wp.com\/ismaelcolosi.com.br\/wp-content\/uploads\/2024\/01\/WhatsApp-Image-2024-01-17-at-15.35.44.jpeg?fit=828%2C629&ssl=1&resize=525%2C300 1.5x, https:\/\/i0.wp.com\/ismaelcolosi.com.br\/wp-content\/uploads\/2024\/01\/WhatsApp-Image-2024-01-17-at-15.35.44.jpeg?fit=828%2C629&ssl=1&resize=700%2C400 2x"},"classes":[]}],"jetpack_sharing_enabled":true,"jetpack_shortlink":"https:\/\/wp.me\/pfMlyK-dC4","_links":{"self":[{"href":"https:\/\/ismaelcolosi.com.br\/index.php\/wp-json\/wp\/v2\/posts\/52332","targetHints":{"allow":["GET"]}}],"collection":[{"href":"https:\/\/ismaelcolosi.com.br\/index.php\/wp-json\/wp\/v2\/posts"}],"about":[{"href":"https:\/\/ismaelcolosi.com.br\/index.php\/wp-json\/wp\/v2\/types\/post"}],"author":[{"embeddable":true,"href":"https:\/\/ismaelcolosi.com.br\/index.php\/wp-json\/wp\/v2\/users\/1"}],"replies":[{"embeddable":true,"href":"https:\/\/ismaelcolosi.com.br\/index.php\/wp-json\/wp\/v2\/comments?post=52332"}],"version-history":[{"count":0,"href":"https:\/\/ismaelcolosi.com.br\/index.php\/wp-json\/wp\/v2\/posts\/52332\/revisions"}],"wp:featuredmedia":[{"embeddable":true,"href":"https:\/\/ismaelcolosi.com.br\/index.php\/wp-json\/wp\/v2\/media\/52333"}],"wp:attachment":[{"href":"https:\/\/ismaelcolosi.com.br\/index.php\/wp-json\/wp\/v2\/media?parent=52332"}],"wp:term":[{"taxonomy":"category","embeddable":true,"href":"https:\/\/ismaelcolosi.com.br\/index.php\/wp-json\/wp\/v2\/categories?post=52332"},{"taxonomy":"post_tag","embeddable":true,"href":"https:\/\/ismaelcolosi.com.br\/index.php\/wp-json\/wp\/v2\/tags?post=52332"}],"curies":[{"name":"wp","href":"https:\/\/api.w.org\/{rel}","templated":true}]}}