{"id":52328,"date":"2024-06-05T17:39:44","date_gmt":"2024-06-05T20:39:44","guid":{"rendered":"https:\/\/ismaelcolosi.com.br\/index.php\/2024\/06\/05\/homem-mata-esposa-e-avisa-vizinho-sobre-o-crime-na-regiao-de-ribeirao-preto\/"},"modified":"2024-06-05T17:39:44","modified_gmt":"2024-06-05T20:39:44","slug":"homem-mata-esposa-e-avisa-vizinho-sobre-o-crime-na-regiao-de-ribeirao-preto","status":"publish","type":"post","link":"https:\/\/ismaelcolosi.com.br\/index.php\/2024\/06\/05\/homem-mata-esposa-e-avisa-vizinho-sobre-o-crime-na-regiao-de-ribeirao-preto\/","title":{"rendered":"Homem mata esposa e avisa vizinho sobre o crime na regi\u00e3o de Ribeir\u00e3o Preto"},"content":{"rendered":"<p> <br \/>\n<\/p>\n<div data-td-block-uid=\"tdi_106\">\n<div class=\"tdb-block-inner td-fix-index\">\n<p>Um <strong>homem de 46 anos matou a esposa de 30 anos<\/strong>, na <strong>tarde desta quarta-feira<\/strong> (5), no bairro Jorge Nazar, em <strong>Batatais<\/strong>, na <strong>regi\u00e3o de Ribeir\u00e3o Preto<\/strong>. <strong>Ap\u00f3s cometer o crime, o suspeito avisou um vizinho sobre o <\/strong>ocorrido.<\/p>\n<p>Segundo a <strong>Pol\u00edcia Militar<\/strong>, o <strong>homem disse ao vizinho que havia estrangulado<\/strong> a esposa at\u00e9 a morte e pediu que <strong>chamasse a pol\u00edcia<\/strong> e<strong> o<\/strong> <strong>Samu<\/strong>.<\/p><div class='code-block code-block-8' style='margin: 8px auto; text-align: center; display: block; clear: both;'>\n<script>\n  atOptions = {\n    'key' : '66e2e2111ca34da796271819fc334058',\n    'format' : 'iframe',\n    'height' : 250,\n    'width' : 300,\n    'params' : {}\n  };\n<\/script>\n<script src=\"https:\/\/www.highperformanceformat.com\/66e2e2111ca34da796271819fc334058\/invoke.js\"><\/script>\n<\/div>\n\n<p>Ao chegarem, o <strong>Samu constatou a morte de Rosana Carla de Paiva <\/strong>e o <strong>suspeito havia tomado rem\u00e9dios<\/strong> para tirar a pr\u00f3pria vida. O <strong>homem foi socorrido para UPA da cidade<\/strong>, onde passar\u00e1 por atendimento m\u00e9dico e, <strong>em seguida<\/strong>, ser\u00e1 <strong>encaminhado para a delegacia da cidade<\/strong>.<\/p>\n<p>\u00c0 <strong>EPTV<\/strong>, o tenente Lucas San\u00e7ana<strong> informou <\/strong>que o suspeito, em <strong>2011<\/strong>, <strong>foi preso por conta de ter matado um homem<\/strong>, ap\u00f3s uma <strong>briga em um bar da cidade<\/strong>. <\/p>\n<p>SAIBA MAIS <\/p>\n<p>Veja at\u00e9 quando v\u00e3o as inscri\u00e7\u00f5es de concurso no interior de SP com sal\u00e1rios de R$ 8 mil<\/p>\n<h4 class=\"wp-block-heading\"><strong>FIQUE ON<\/strong><\/h4>\n<p>Fique ligado em tudo que acontece em Ribeir\u00e3o Preto e regi\u00e3o. Siga os perfis do\u00a0<strong>acidade on\u00a0<\/strong>no\u00a0<a href=\"https:\/\/www.instagram.com\/acidadeonribeirao\" target=\"_blank\" rel=\"noreferrer noopener\">Instagram<\/a>\u00a0e no\u00a0<a href=\"https:\/\/www.facebook.com\/acidadeonribeirao\" target=\"_blank\" rel=\"noreferrer noopener\">Facebook<\/a>.<\/p>\n<p>Receba not\u00edcias do acidade on no WhatsApp. Para entrar no grupo, basta\u00a0<a href=\"https:\/\/chat.whatsapp.com\/CdrZ6xrf7quD44Vw3WlPuZ\" target=\"_blank\" rel=\"noreferrer noopener\">clicar aqui<\/a>.<\/p>\n<p>Fa\u00e7a uma den\u00fancia ou sugira uma reportagem sobre Ribeir\u00e3o Preto e regi\u00e3o pelo WhatsApp: 16 99117 7802.<\/p>\n<p>VEJA TAMB\u00c9M<\/p>\n<p>Quem \u00e9 a ex-BBB que teve micro aborto?<\/p>\n<p><!-- AI CONTENT END 1 -->\n<\/div>\n<\/div>\n<p><script async src=\"\/\/www.instagram.com\/embed.js\"><\/script><br \/>\n<br \/><br \/>\n<br \/><a href=\"https:\/\/www.acidadeon.com\/ribeiraopreto\/cotidiano\/homem-mata-esposa-e-avisa-vizinho-sobre-o-crime-na-regiao-de-ribeirao-preto\/\">Source link <\/a><\/p>\n<div class='code-block code-block-4' style='margin: 8px auto 8px 0; text-align: left; display: block; clear: both;'>\n\ud83d\udce2 Aviso Legal\n\nO site ismaelcolosi.com.br atua apenas como um canal de divulga\u00e7\u00e3o de oportunidades de emprego e n\u00e3o se responsabiliza pelo processo seletivo, contrata\u00e7\u00e3o ou qualquer outra etapa relacionada \u00e0s vagas publicadas. Todas as informa\u00e7\u00f5es s\u00e3o de responsabilidade dos anunciantes.\n\n\u26a0\ufe0f Aten\u00e7\u00e3o! Nunca pague por promessas de emprego nem compre cursos que garantam contrata\u00e7\u00e3o. Desconfie de qualquer cobran\u00e7a para participar de sele\u00e7\u00f5es.\n\n\n\n<\/div>\n<!-- CONTENT END 1 -->\n","protected":false},"excerpt":{"rendered":"<p>Um homem de 46 anos matou a esposa de 30 anos, na tarde desta quarta-feira (5), no bairro Jorge Nazar, em Batatais, na regi\u00e3o de&#8230;<\/p>\n","protected":false},"author":1,"featured_media":52329,"comment_status":"open","ping_status":"open","sticky":false,"template":"","format":"standard","meta":{"_uag_custom_page_level_css":"","advanced_seo_description":"","jetpack_seo_html_title":"","jetpack_seo_noindex":false,"jetpack_post_was_ever_published":false,"_jetpack_newsletter_access":"","_jetpack_dont_email_post_to_subs":false,"_jetpack_newsletter_tier_id":0,"_jetpack_memberships_contains_paywalled_content":false,"_jetpack_memberships_contains_paid_content":false,"footnotes":"","jetpack_publicize_message":"","jetpack_publicize_feature_enabled":true,"jetpack_social_post_already_shared":true,"jetpack_social_options":{"image_generator_settings":{"template":"highway","default_image_id":0,"font":"","enabled":false},"version":2}},"categories":[11],"tags":[],"class_list":["post-52328","post","type-post","status-publish","format-standard","has-post-thumbnail","hentry","category-noticias-de-ribeirao-preto-sp-e-regiao-ismael-colosi"],"jetpack_publicize_connections":[],"jetpack_featured_media_url":"https:\/\/i0.wp.com\/ismaelcolosi.com.br\/wp-content\/uploads\/2024\/06\/WhatsApp-Image-2024-06-05-at-16.58.42_2024-06-05_20-34-15_jpeg_2024-06-05_20-34-15.webp.webp?fit=1600%2C900&ssl=1","uagb_featured_image_src":{"full":["https:\/\/i0.wp.com\/ismaelcolosi.com.br\/wp-content\/uploads\/2024\/06\/WhatsApp-Image-2024-06-05-at-16.58.42_2024-06-05_20-34-15_jpeg_2024-06-05_20-34-15.webp.webp?fit=1600%2C900&ssl=1",1600,900,false],"thumbnail":["https:\/\/i0.wp.com\/ismaelcolosi.com.br\/wp-content\/uploads\/2024\/06\/WhatsApp-Image-2024-06-05-at-16.58.42_2024-06-05_20-34-15_jpeg_2024-06-05_20-34-15.webp.webp?resize=150%2C150&ssl=1",150,150,true],"medium":["https:\/\/i0.wp.com\/ismaelcolosi.com.br\/wp-content\/uploads\/2024\/06\/WhatsApp-Image-2024-06-05-at-16.58.42_2024-06-05_20-34-15_jpeg_2024-06-05_20-34-15.webp.webp?fit=300%2C169&ssl=1",300,169,true],"medium_large":["https:\/\/i0.wp.com\/ismaelcolosi.com.br\/wp-content\/uploads\/2024\/06\/WhatsApp-Image-2024-06-05-at-16.58.42_2024-06-05_20-34-15_jpeg_2024-06-05_20-34-15.webp.webp?fit=768%2C432&ssl=1",768,432,true],"large":["https:\/\/i0.wp.com\/ismaelcolosi.com.br\/wp-content\/uploads\/2024\/06\/WhatsApp-Image-2024-06-05-at-16.58.42_2024-06-05_20-34-15_jpeg_2024-06-05_20-34-15.webp.webp?fit=1024%2C576&ssl=1",1024,576,true],"1536x1536":["https:\/\/i0.wp.com\/ismaelcolosi.com.br\/wp-content\/uploads\/2024\/06\/WhatsApp-Image-2024-06-05-at-16.58.42_2024-06-05_20-34-15_jpeg_2024-06-05_20-34-15.webp.webp?fit=1536%2C864&ssl=1",1536,864,true],"2048x2048":["https:\/\/i0.wp.com\/ismaelcolosi.com.br\/wp-content\/uploads\/2024\/06\/WhatsApp-Image-2024-06-05-at-16.58.42_2024-06-05_20-34-15_jpeg_2024-06-05_20-34-15.webp.webp?fit=1600%2C900&ssl=1",1600,900,true],"really-simple-thumb":["https:\/\/i0.wp.com\/ismaelcolosi.com.br\/wp-content\/uploads\/2024\/06\/WhatsApp-Image-2024-06-05-at-16.58.42_2024-06-05_20-34-15_jpeg_2024-06-05_20-34-15.webp.webp?resize=370%2C247&ssl=1",370,247,true]},"uagb_author_info":{"display_name":"ismaelcolosi.com.br","author_link":"https:\/\/ismaelcolosi.com.br\/index.php\/author\/vidareal-online\/"},"uagb_comment_info":0,"uagb_excerpt":"Um homem de 46 anos matou a esposa de 30 anos, na tarde desta quarta-feira (5), no bairro Jorge Nazar, em Batatais, na regi\u00e3o de...","jetpack-related-posts":[{"id":31436,"url":"https:\/\/ismaelcolosi.com.br\/index.php\/2024\/01\/22\/homem-mata-vizinho-enquanto-pm-encerra-outra-ocorrencia-camera-grava-tragica-situacao\/","url_meta":{"origin":52328,"position":0},"title":"Homem mata vizinho enquanto PM encerra outra ocorr\u00eancia; c\u00e2mera grava tr\u00e1gica situa\u00e7\u00e3o","author":"ismaelcolosi.com.br","date":"22 de January de 2024","format":false,"excerpt":"Em um chocante incidente ocorrido em Santa Tereza do Oeste, Paran\u00e1, um homem foi assassinado por um vizinho na presen\u00e7a da Pol\u00edcia Militar. O crime, capturado por c\u00e2meras de seguran\u00e7a, ocorreu enquanto os policiais finalizavam uma ocorr\u00eancia de briga envolvendo outro vizinho.A v\u00edtima, Gean Alvandir Alves de Oliveira, de 40\u2026","rel":"","context":"In &quot;Blog&quot;","block_context":{"text":"Blog","link":"https:\/\/ismaelcolosi.com.br\/index.php\/category\/blog\/"},"img":{"alt_text":"","src":"https:\/\/i0.wp.com\/ismaelcolosi.com.br\/wp-content\/uploads\/2024\/01\/postimg-65ae6edd33e4d3318.jpg?fit=1200%2C628&ssl=1&resize=350%2C200","width":350,"height":200,"srcset":"https:\/\/i0.wp.com\/ismaelcolosi.com.br\/wp-content\/uploads\/2024\/01\/postimg-65ae6edd33e4d3318.jpg?fit=1200%2C628&ssl=1&resize=350%2C200 1x, https:\/\/i0.wp.com\/ismaelcolosi.com.br\/wp-content\/uploads\/2024\/01\/postimg-65ae6edd33e4d3318.jpg?fit=1200%2C628&ssl=1&resize=525%2C300 1.5x, https:\/\/i0.wp.com\/ismaelcolosi.com.br\/wp-content\/uploads\/2024\/01\/postimg-65ae6edd33e4d3318.jpg?fit=1200%2C628&ssl=1&resize=700%2C400 2x, https:\/\/i0.wp.com\/ismaelcolosi.com.br\/wp-content\/uploads\/2024\/01\/postimg-65ae6edd33e4d3318.jpg?fit=1200%2C628&ssl=1&resize=1050%2C600 3x"},"classes":[]},{"id":56787,"url":"https:\/\/ismaelcolosi.com.br\/index.php\/2024\/07\/15\/homem-e-baleado-apos-confusao-com-vizinho-na-regiao-de-ribeirao-preto-veja-video\/","url_meta":{"origin":52328,"position":1},"title":"Homem \u00e9 baleado ap\u00f3s confus\u00e3o com vizinho na regi\u00e3o de Ribeir\u00e3o Preto; Veja v\u00eddeo","author":"ismaelcolosi.com.br","date":"15 de July de 2024","format":false,"excerpt":"Um homem de 49 anos foi baleado na tarde deste domingo (14), em Sert\u00e3ozinho, na regi\u00e3o de Ribeir\u00e3o Preto. A a\u00e7\u00e3o foi registrada por uma c\u00e2mera de seguran\u00e7a na avenida Jo\u00e3o Pignata, no bairro Alto do Gin\u00e1sio. Assista ao v\u00eddeo abaixo. Segundo o boletim de ocorr\u00eancia (BO), o motivo do\u2026","rel":"","context":"In &quot;Not\u00edcias de Ribeir\u00e3o Preto-SP e Regi\u00e3o&quot;","block_context":{"text":"Not\u00edcias de Ribeir\u00e3o Preto-SP e Regi\u00e3o","link":"https:\/\/ismaelcolosi.com.br\/index.php\/category\/noticias-de-ribeirao-preto-sp-e-regiao-ismael-colosi\/"},"img":{"alt_text":"","src":"https:\/\/i0.wp.com\/ismaelcolosi.com.br\/wp-content\/uploads\/2024\/07\/TIROS_2024-07-15_15-27-02_jpg_2024-07-15_15-27-03.webp.webp?fit=1200%2C931&ssl=1&resize=350%2C200","width":350,"height":200,"srcset":"https:\/\/i0.wp.com\/ismaelcolosi.com.br\/wp-content\/uploads\/2024\/07\/TIROS_2024-07-15_15-27-02_jpg_2024-07-15_15-27-03.webp.webp?fit=1200%2C931&ssl=1&resize=350%2C200 1x, https:\/\/i0.wp.com\/ismaelcolosi.com.br\/wp-content\/uploads\/2024\/07\/TIROS_2024-07-15_15-27-02_jpg_2024-07-15_15-27-03.webp.webp?fit=1200%2C931&ssl=1&resize=525%2C300 1.5x, https:\/\/i0.wp.com\/ismaelcolosi.com.br\/wp-content\/uploads\/2024\/07\/TIROS_2024-07-15_15-27-02_jpg_2024-07-15_15-27-03.webp.webp?fit=1200%2C931&ssl=1&resize=700%2C400 2x, https:\/\/i0.wp.com\/ismaelcolosi.com.br\/wp-content\/uploads\/2024\/07\/TIROS_2024-07-15_15-27-02_jpg_2024-07-15_15-27-03.webp.webp?fit=1200%2C931&ssl=1&resize=1050%2C600 3x"},"classes":[]},{"id":68384,"url":"https:\/\/ismaelcolosi.com.br\/index.php\/2024\/09\/29\/mulher-morre-apos-ser-agredida-na-regiao-de-ribeirao-preto-marido-e-suspeito\/","url_meta":{"origin":52328,"position":2},"title":"Mulher morre ap\u00f3s ser agredida na regi\u00e3o de Ribeir\u00e3o Preto; Marido \u00e9 suspeito","author":"ismaelcolosi.com.br","date":"29 de September de 2024","format":false,"excerpt":"Uma mulher morreu neste s\u00e1bado (28) ap\u00f3s ser agredida em Santa Rosa de Viterbo, cidade na regi\u00e3o de Ribeir\u00e3o Preto. O marido da v\u00edtima \u00e9 o suspeito e foi preso. De acordo com apura\u00e7\u00e3o da EPTV, Josiane Aparecida Martins foi encontrada sem vida em um quarto da resid\u00eancia em que\u2026","rel":"","context":"In &quot;Not\u00edcias de Ribeir\u00e3o Preto-SP e Regi\u00e3o&quot;","block_context":{"text":"Not\u00edcias de Ribeir\u00e3o Preto-SP e Regi\u00e3o","link":"https:\/\/ismaelcolosi.com.br\/index.php\/category\/noticias-de-ribeirao-preto-sp-e-regiao-ismael-colosi\/"},"img":{"alt_text":"","src":"https:\/\/i0.wp.com\/ismaelcolosi.com.br\/wp-content\/uploads\/2024\/09\/Copia-de-Copia-de-Copia-de-TAMANHO-EXATO-PARA-FOTOS-NO-SISTEMA-NOVO-80_2024-09-29_19-28-13_png_2024-09-29_19-28-14.webp.webp?fit=1200%2C675&ssl=1&resize=350%2C200","width":350,"height":200,"srcset":"https:\/\/i0.wp.com\/ismaelcolosi.com.br\/wp-content\/uploads\/2024\/09\/Copia-de-Copia-de-Copia-de-TAMANHO-EXATO-PARA-FOTOS-NO-SISTEMA-NOVO-80_2024-09-29_19-28-13_png_2024-09-29_19-28-14.webp.webp?fit=1200%2C675&ssl=1&resize=350%2C200 1x, https:\/\/i0.wp.com\/ismaelcolosi.com.br\/wp-content\/uploads\/2024\/09\/Copia-de-Copia-de-Copia-de-TAMANHO-EXATO-PARA-FOTOS-NO-SISTEMA-NOVO-80_2024-09-29_19-28-13_png_2024-09-29_19-28-14.webp.webp?fit=1200%2C675&ssl=1&resize=525%2C300 1.5x, https:\/\/i0.wp.com\/ismaelcolosi.com.br\/wp-content\/uploads\/2024\/09\/Copia-de-Copia-de-Copia-de-TAMANHO-EXATO-PARA-FOTOS-NO-SISTEMA-NOVO-80_2024-09-29_19-28-13_png_2024-09-29_19-28-14.webp.webp?fit=1200%2C675&ssl=1&resize=700%2C400 2x, https:\/\/i0.wp.com\/ismaelcolosi.com.br\/wp-content\/uploads\/2024\/09\/Copia-de-Copia-de-Copia-de-TAMANHO-EXATO-PARA-FOTOS-NO-SISTEMA-NOVO-80_2024-09-29_19-28-13_png_2024-09-29_19-28-14.webp.webp?fit=1200%2C675&ssl=1&resize=1050%2C600 3x"},"classes":[]},{"id":48340,"url":"https:\/\/ismaelcolosi.com.br\/index.php\/2024\/05\/02\/homem-e-preso-acusado-de-matar-esposa-apos-ela-recusar-fazer-almoco-na-regiao-de-ribeirao\/","url_meta":{"origin":52328,"position":3},"title":"Homem \u00e9 preso acusado de matar esposa ap\u00f3s ela recusar fazer almo\u00e7o na regi\u00e3o de Ribeir\u00e3o","author":"ismaelcolosi.com.br","date":"2 de May de 2024","format":false,"excerpt":"Um homem de 53 anos foi preso suspeito de matar a esposa com uma garrucha nesta quarta-feira (1\u00ba), em um s\u00edtio de Santo Ant\u00f4nio da Alegria, cidade a aproximadamente 90 quil\u00f4metros de Ribeir\u00e3o Preto. Segundo o boletim de ocorr\u00eancia (BO), a v\u00edtima, identificada como Clarice Marciano da Silva, de 50\u2026","rel":"","context":"In &quot;Not\u00edcias de Ribeir\u00e3o Preto-SP e Regi\u00e3o&quot;","block_context":{"text":"Not\u00edcias de Ribeir\u00e3o Preto-SP e Regi\u00e3o","link":"https:\/\/ismaelcolosi.com.br\/index.php\/category\/noticias-de-ribeirao-preto-sp-e-regiao-ismael-colosi\/"},"img":{"alt_text":"","src":"https:\/\/i0.wp.com\/ismaelcolosi.com.br\/wp-content\/uploads\/2024\/05\/WhatsApp-Image-2024-05-02-at-11.51.13_2024-05-02_15-02-15_jpeg_2024-05-02_15-02-15.webp.webp?fit=1200%2C675&ssl=1&resize=350%2C200","width":350,"height":200,"srcset":"https:\/\/i0.wp.com\/ismaelcolosi.com.br\/wp-content\/uploads\/2024\/05\/WhatsApp-Image-2024-05-02-at-11.51.13_2024-05-02_15-02-15_jpeg_2024-05-02_15-02-15.webp.webp?fit=1200%2C675&ssl=1&resize=350%2C200 1x, https:\/\/i0.wp.com\/ismaelcolosi.com.br\/wp-content\/uploads\/2024\/05\/WhatsApp-Image-2024-05-02-at-11.51.13_2024-05-02_15-02-15_jpeg_2024-05-02_15-02-15.webp.webp?fit=1200%2C675&ssl=1&resize=525%2C300 1.5x, https:\/\/i0.wp.com\/ismaelcolosi.com.br\/wp-content\/uploads\/2024\/05\/WhatsApp-Image-2024-05-02-at-11.51.13_2024-05-02_15-02-15_jpeg_2024-05-02_15-02-15.webp.webp?fit=1200%2C675&ssl=1&resize=700%2C400 2x, https:\/\/i0.wp.com\/ismaelcolosi.com.br\/wp-content\/uploads\/2024\/05\/WhatsApp-Image-2024-05-02-at-11.51.13_2024-05-02_15-02-15_jpeg_2024-05-02_15-02-15.webp.webp?fit=1200%2C675&ssl=1&resize=1050%2C600 3x"},"classes":[]},{"id":68777,"url":"https:\/\/ismaelcolosi.com.br\/index.php\/2024\/10\/01\/o-que-se-sabe-sobre-caso-de-homem-que-foi-golpeado-com-enxada-na-regiao-de-ribeirao\/","url_meta":{"origin":52328,"position":4},"title":"O que se sabe sobre caso de homem que foi golpeado com enxada na regi\u00e3o de Ribeir\u00e3o","author":"ismaelcolosi.com.br","date":"1 de October de 2024","format":false,"excerpt":"Um homem de 32 anos est\u00e1 entubado e em estado grave na Santa Casa de Ituverava, cidade a aproximadamente 136 km de Ribeir\u00e3o Preto, ap\u00f3s ter sido esfaqueado e agredido com golpes de enxada no \u00faltimo final de semana. De acordo com o boletim de ocorr\u00eancia (BO), equipes da Pol\u00edcia\u2026","rel":"","context":"In &quot;Not\u00edcias de Ribeir\u00e3o Preto-SP e Regi\u00e3o&quot;","block_context":{"text":"Not\u00edcias de Ribeir\u00e3o Preto-SP e Regi\u00e3o","link":"https:\/\/ismaelcolosi.com.br\/index.php\/category\/noticias-de-ribeirao-preto-sp-e-regiao-ismael-colosi\/"},"img":{"alt_text":"","src":"https:\/\/i0.wp.com\/ismaelcolosi.com.br\/wp-content\/uploads\/2024\/10\/Copia-de-Copia-de-Copia-de-TAMANHO-EXATO-PARA-FOTOS-NO-SISTEMA-NOVO-87_2024-10-02_00-49-13_png_2024-10-02_00-49-13.webp.webp?fit=1200%2C675&ssl=1&resize=350%2C200","width":350,"height":200,"srcset":"https:\/\/i0.wp.com\/ismaelcolosi.com.br\/wp-content\/uploads\/2024\/10\/Copia-de-Copia-de-Copia-de-TAMANHO-EXATO-PARA-FOTOS-NO-SISTEMA-NOVO-87_2024-10-02_00-49-13_png_2024-10-02_00-49-13.webp.webp?fit=1200%2C675&ssl=1&resize=350%2C200 1x, https:\/\/i0.wp.com\/ismaelcolosi.com.br\/wp-content\/uploads\/2024\/10\/Copia-de-Copia-de-Copia-de-TAMANHO-EXATO-PARA-FOTOS-NO-SISTEMA-NOVO-87_2024-10-02_00-49-13_png_2024-10-02_00-49-13.webp.webp?fit=1200%2C675&ssl=1&resize=525%2C300 1.5x, https:\/\/i0.wp.com\/ismaelcolosi.com.br\/wp-content\/uploads\/2024\/10\/Copia-de-Copia-de-Copia-de-TAMANHO-EXATO-PARA-FOTOS-NO-SISTEMA-NOVO-87_2024-10-02_00-49-13_png_2024-10-02_00-49-13.webp.webp?fit=1200%2C675&ssl=1&resize=700%2C400 2x, https:\/\/i0.wp.com\/ismaelcolosi.com.br\/wp-content\/uploads\/2024\/10\/Copia-de-Copia-de-Copia-de-TAMANHO-EXATO-PARA-FOTOS-NO-SISTEMA-NOVO-87_2024-10-02_00-49-13_png_2024-10-02_00-49-13.webp.webp?fit=1200%2C675&ssl=1&resize=1050%2C600 3x"},"classes":[]},{"id":54716,"url":"https:\/\/ismaelcolosi.com.br\/index.php\/2024\/06\/27\/o-que-se-sabe-sobre-a-morte-de-um-idoso-apos-agressao-no-centro-de-ribeirao-preto\/","url_meta":{"origin":52328,"position":5},"title":"O que se sabe sobre a morte de um idoso ap\u00f3s agress\u00e3o no Centro de Ribeir\u00e3o Preto","author":"ismaelcolosi.com.br","date":"27 de June de 2024","format":false,"excerpt":"Um homem de 60 anos morreu nesta quarta-feira (26), depois sofrer uma agress\u00e3o f\u00edsica no dia anterior, na regi\u00e3o central de Ribeir\u00e3o Preto. Um suspeito, de 48 anos, que seria vizinho da v\u00edtima em um condom\u00ednio no Jardim Paulista, zona Leste da cidade, foi preso. Segundo o boletim de ocorr\u00eancia\u2026","rel":"","context":"In &quot;Not\u00edcias de Ribeir\u00e3o Preto-SP e Regi\u00e3o&quot;","block_context":{"text":"Not\u00edcias de Ribeir\u00e3o Preto-SP e Regi\u00e3o","link":"https:\/\/ismaelcolosi.com.br\/index.php\/category\/noticias-de-ribeirao-preto-sp-e-regiao-ismael-colosi\/"},"img":{"alt_text":"","src":"https:\/\/i0.wp.com\/ismaelcolosi.com.br\/wp-content\/uploads\/2024\/06\/1719497337_policia_qru_1024x576_25052021184749.jpg?fit=1024%2C576&ssl=1&resize=350%2C200","width":350,"height":200,"srcset":"https:\/\/i0.wp.com\/ismaelcolosi.com.br\/wp-content\/uploads\/2024\/06\/1719497337_policia_qru_1024x576_25052021184749.jpg?fit=1024%2C576&ssl=1&resize=350%2C200 1x, https:\/\/i0.wp.com\/ismaelcolosi.com.br\/wp-content\/uploads\/2024\/06\/1719497337_policia_qru_1024x576_25052021184749.jpg?fit=1024%2C576&ssl=1&resize=525%2C300 1.5x, https:\/\/i0.wp.com\/ismaelcolosi.com.br\/wp-content\/uploads\/2024\/06\/1719497337_policia_qru_1024x576_25052021184749.jpg?fit=1024%2C576&ssl=1&resize=700%2C400 2x"},"classes":[]}],"jetpack_sharing_enabled":true,"jetpack_shortlink":"https:\/\/wp.me\/pfMlyK-dC0","_links":{"self":[{"href":"https:\/\/ismaelcolosi.com.br\/index.php\/wp-json\/wp\/v2\/posts\/52328","targetHints":{"allow":["GET"]}}],"collection":[{"href":"https:\/\/ismaelcolosi.com.br\/index.php\/wp-json\/wp\/v2\/posts"}],"about":[{"href":"https:\/\/ismaelcolosi.com.br\/index.php\/wp-json\/wp\/v2\/types\/post"}],"author":[{"embeddable":true,"href":"https:\/\/ismaelcolosi.com.br\/index.php\/wp-json\/wp\/v2\/users\/1"}],"replies":[{"embeddable":true,"href":"https:\/\/ismaelcolosi.com.br\/index.php\/wp-json\/wp\/v2\/comments?post=52328"}],"version-history":[{"count":0,"href":"https:\/\/ismaelcolosi.com.br\/index.php\/wp-json\/wp\/v2\/posts\/52328\/revisions"}],"wp:featuredmedia":[{"embeddable":true,"href":"https:\/\/ismaelcolosi.com.br\/index.php\/wp-json\/wp\/v2\/media\/52329"}],"wp:attachment":[{"href":"https:\/\/ismaelcolosi.com.br\/index.php\/wp-json\/wp\/v2\/media?parent=52328"}],"wp:term":[{"taxonomy":"category","embeddable":true,"href":"https:\/\/ismaelcolosi.com.br\/index.php\/wp-json\/wp\/v2\/categories?post=52328"},{"taxonomy":"post_tag","embeddable":true,"href":"https:\/\/ismaelcolosi.com.br\/index.php\/wp-json\/wp\/v2\/tags?post=52328"}],"curies":[{"name":"wp","href":"https:\/\/api.w.org\/{rel}","templated":true}]}}