{"id":52324,"date":"2024-06-05T17:08:51","date_gmt":"2024-06-05T20:08:51","guid":{"rendered":"https:\/\/ismaelcolosi.com.br\/index.php\/2024\/06\/05\/veja-ate-quando-vao-as-inscricoes-de-concurso-no-interior-de-sp-com-salarios-de-r-8-mil\/"},"modified":"2024-06-05T17:08:51","modified_gmt":"2024-06-05T20:08:51","slug":"veja-ate-quando-vao-as-inscricoes-de-concurso-no-interior-de-sp-com-salarios-de-r-8-mil","status":"publish","type":"post","link":"https:\/\/ismaelcolosi.com.br\/index.php\/2024\/06\/05\/veja-ate-quando-vao-as-inscricoes-de-concurso-no-interior-de-sp-com-salarios-de-r-8-mil\/","title":{"rendered":"Veja at\u00e9 quando v\u00e3o as inscri\u00e7\u00f5es de concurso no interior de SP com sal\u00e1rios de R$ 8 mil"},"content":{"rendered":"<p> <br \/>\n<\/p>\n<div data-td-block-uid=\"tdi_106\">\n<div class=\"tdb-block-inner td-fix-index\">\n<p>As inscri\u00e7\u00f5es do concurso com 20 vagas para cadastro de reserva da <strong>Prefeitura de Jaboticabal<\/strong>, cidade no <strong>interior de S\u00e3o Paulo<\/strong>, terminam na pr\u00f3xima ter\u00e7a-feira (11).<\/p>\n<p>Os cargos s\u00e3o de n\u00edvel <strong>fundamental<\/strong>, <strong>m\u00e9dio<\/strong>, <strong>t\u00e9cnico <\/strong>e <strong>superior <\/strong>e <mark style=\"background-color:#fcb900\" class=\"has-inline-color\">os sal\u00e1rios variam entre <strong>R$ 1,8 mil<\/strong> e <strong>R$ 8,8 mil<\/strong>.<\/mark> Todos os cargos t\u00eam como benef\u00edcio:<\/p><div class='code-block code-block-8' style='margin: 8px auto; text-align: center; display: block; clear: both;'>\n<script>\n  atOptions = {\n    'key' : '66e2e2111ca34da796271819fc334058',\n    'format' : 'iframe',\n    'height' : 250,\n    'width' : 300,\n    'params' : {}\n  };\n<\/script>\n<script src=\"https:\/\/www.highperformanceformat.com\/66e2e2111ca34da796271819fc334058\/invoke.js\"><\/script>\n<\/div>\n\n<ul>\n<li>Cart\u00e3o Alimenta\u00e7\u00e3o no valor de R$ 1.000,00 mensais;<\/li>\n<\/ul>\n<ul>\n<li>Cesta B\u00e1sica, sendo que esta \u00e9 optativa por parte do servidor e, de acordo com a Lei incidir\u00e3o descontos de 10%, 30% ou pagar\u00e1 integralmente de acordo com a faixa salarial.<\/li>\n<\/ul>\n<p>As inscri\u00e7\u00f5es devem ser realizadas no site do <strong>Instituto Indec (<a href=\"https:\/\/institutoindec.org.br\/concursos\/publicacoes\/PREFEITURA+DO+MUNIC%C3%8DPIO+DE+JABOTICABAL\/115\" target=\"_blank\" rel=\"noreferrer noopener\">clique aqui<\/a>)<\/strong>.<mark style=\"background-color:#fcb900\" class=\"has-inline-color\"> O valor da taxa de inscri\u00e7\u00e3o varia entre R$ 60 e R$ 85.<\/mark><\/p>\n<h2 class=\"wp-block-heading\"><strong>Confira as oportunidades<\/strong>:<\/h2>\n<h4 class=\"wp-block-heading\"><strong>Ensino fundamental<\/strong><\/h4>\n<ul>\n<li>Operador de m\u00e1quinas pesadas I e II e tratador de animais.<\/li>\n<\/ul>\n<h4 class=\"wp-block-heading\"><strong>Ensino m\u00e9dio completo\/t\u00e9cnico<\/strong><\/h4>\n<ul>\n<li>Auxiliar de pessoa com defici\u00eancia, t\u00e9cnico an\u00e1lises cl\u00ednicas, t\u00e9cnico imobiliza\u00e7\u00e3o ortop\u00e9dica.<\/li>\n<\/ul>\n<h4 class=\"wp-block-heading\"><strong>Ensino superior<\/strong><\/h4>\n<ul>\n<li>Diretor de escola, educador hospitalar e domiciliar, professor de creche, engenheiro ambiental, engenheiro agr\u00f4nomo, fisioterapeuta, psicopedagogo cl\u00ednico, psicopedagogo institucional, terapia ocupacional, odontol\u00f3gico, reumatologia.<\/li>\n<\/ul>\n<p>A aplica\u00e7\u00e3o das <strong>provas objetivas<\/strong> est\u00e1 prevista para o dia <strong>21 de julho de 2024<\/strong>. O edital completo pode conferido <a href=\"https:\/\/institutoindec.org.br\/concursos\/publicacoes\/PREFEITURA+DO+MUNIC%C3%8DPIO+DE+JABOTICABAL\/115\" target=\"_blank\" rel=\"noreferrer noopener\">clicando aqui<\/a>.<\/p>\n<hr class=\"wp-block-separator has-alpha-channel-opacity\"\/>\n<p>SAIBA MAIS<\/p>\n<p>Nota Fiscal Paulista libera bilhetes para sorteio de junho; Veja quem participa<\/p>\n<h4 class=\"wp-block-heading\"><strong>FIQUE ON<\/strong><\/h4>\n<p>Fique ligado em tudo que acontece em Ribeir\u00e3o Preto e regi\u00e3o. Siga os perfis do\u00a0<strong>acidade on\u00a0<\/strong>no\u00a0<a href=\"https:\/\/www.instagram.com\/acidadeonribeirao\" target=\"_blank\" rel=\"noreferrer noopener\">Instagram<\/a>\u00a0e no\u00a0<a href=\"https:\/\/www.facebook.com\/acidadeonribeirao\" target=\"_blank\" rel=\"noreferrer noopener\">Facebook<\/a>.<\/p>\n<p>Receba not\u00edcias do acidade on no WhatsApp. Para entrar no grupo, basta\u00a0<a href=\"https:\/\/chat.whatsapp.com\/CdrZ6xrf7quD44Vw3WlPuZ\" target=\"_blank\" rel=\"noreferrer noopener\">clicar aqui<\/a>.<\/p>\n<p>Fa\u00e7a uma den\u00fancia ou sugira uma reportagem sobre Ribeir\u00e3o Preto e regi\u00e3o pelo WhatsApp: 16 99117 7802.<\/p>\n<p>VEJA TAMB\u00c9M<\/p>\n<p>Quem \u00e9 a ex-BBB que teve micro aborto?<\/p>\n<p><!-- AI CONTENT END 1 -->\n<\/div>\n<\/div>\n<p><script async src=\"\/\/www.instagram.com\/embed.js\"><\/script><br \/>\n<br \/><br \/>\n<br \/><a href=\"https:\/\/www.acidadeon.com\/ribeiraopreto\/economia\/veja-ate-quando-vao-as-inscricoes-de-concurso-no-interior-de-sp-com-salarios-de-r-8-mil\/\">Source link <\/a><\/p>\n<div class='code-block code-block-4' style='margin: 8px auto 8px 0; text-align: left; display: block; clear: both;'>\n\ud83d\udce2 Aviso Legal\n\nO site ismaelcolosi.com.br atua apenas como um canal de divulga\u00e7\u00e3o de oportunidades de emprego e n\u00e3o se responsabiliza pelo processo seletivo, contrata\u00e7\u00e3o ou qualquer outra etapa relacionada \u00e0s vagas publicadas. Todas as informa\u00e7\u00f5es s\u00e3o de responsabilidade dos anunciantes.\n\n\u26a0\ufe0f Aten\u00e7\u00e3o! Nunca pague por promessas de emprego nem compre cursos que garantam contrata\u00e7\u00e3o. Desconfie de qualquer cobran\u00e7a para participar de sele\u00e7\u00f5es.\n\n\n\n<\/div>\n<!-- CONTENT END 1 -->\n","protected":false},"excerpt":{"rendered":"<p>As inscri\u00e7\u00f5es do concurso com 20 vagas para cadastro de reserva da Prefeitura de Jaboticabal, cidade no interior de S\u00e3o Paulo, terminam na pr\u00f3xima ter\u00e7a-feira&#8230;<\/p>\n","protected":false},"author":1,"featured_media":52325,"comment_status":"open","ping_status":"open","sticky":false,"template":"","format":"standard","meta":{"_uag_custom_page_level_css":"","advanced_seo_description":"","jetpack_seo_html_title":"","jetpack_seo_noindex":false,"jetpack_post_was_ever_published":false,"_jetpack_newsletter_access":"","_jetpack_dont_email_post_to_subs":false,"_jetpack_newsletter_tier_id":0,"_jetpack_memberships_contains_paywalled_content":false,"_jetpack_memberships_contains_paid_content":false,"footnotes":"","jetpack_publicize_message":"","jetpack_publicize_feature_enabled":true,"jetpack_social_post_already_shared":true,"jetpack_social_options":{"image_generator_settings":{"template":"highway","default_image_id":0,"font":"","enabled":false},"version":2}},"categories":[11],"tags":[],"class_list":["post-52324","post","type-post","status-publish","format-standard","has-post-thumbnail","hentry","category-noticias-de-ribeirao-preto-sp-e-regiao-ismael-colosi"],"jetpack_publicize_connections":[],"jetpack_featured_media_url":"https:\/\/i0.wp.com\/ismaelcolosi.com.br\/wp-content\/uploads\/2024\/06\/concurso-publico-15.jpg?fit=1500%2C1000&ssl=1","uagb_featured_image_src":{"full":["https:\/\/i0.wp.com\/ismaelcolosi.com.br\/wp-content\/uploads\/2024\/06\/concurso-publico-15.jpg?fit=1500%2C1000&ssl=1",1500,1000,false],"thumbnail":["https:\/\/i0.wp.com\/ismaelcolosi.com.br\/wp-content\/uploads\/2024\/06\/concurso-publico-15.jpg?resize=150%2C150&ssl=1",150,150,true],"medium":["https:\/\/i0.wp.com\/ismaelcolosi.com.br\/wp-content\/uploads\/2024\/06\/concurso-publico-15.jpg?fit=300%2C200&ssl=1",300,200,true],"medium_large":["https:\/\/i0.wp.com\/ismaelcolosi.com.br\/wp-content\/uploads\/2024\/06\/concurso-publico-15.jpg?fit=768%2C512&ssl=1",768,512,true],"large":["https:\/\/i0.wp.com\/ismaelcolosi.com.br\/wp-content\/uploads\/2024\/06\/concurso-publico-15.jpg?fit=1024%2C683&ssl=1",1024,683,true],"1536x1536":["https:\/\/i0.wp.com\/ismaelcolosi.com.br\/wp-content\/uploads\/2024\/06\/concurso-publico-15.jpg?fit=1500%2C1000&ssl=1",1500,1000,true],"2048x2048":["https:\/\/i0.wp.com\/ismaelcolosi.com.br\/wp-content\/uploads\/2024\/06\/concurso-publico-15.jpg?fit=1500%2C1000&ssl=1",1500,1000,true],"really-simple-thumb":["https:\/\/i0.wp.com\/ismaelcolosi.com.br\/wp-content\/uploads\/2024\/06\/concurso-publico-15.jpg?resize=370%2C247&ssl=1",370,247,true]},"uagb_author_info":{"display_name":"ismaelcolosi.com.br","author_link":"https:\/\/ismaelcolosi.com.br\/index.php\/author\/vidareal-online\/"},"uagb_comment_info":0,"uagb_excerpt":"As inscri\u00e7\u00f5es do concurso com 20 vagas para cadastro de reserva da Prefeitura de Jaboticabal, cidade no interior de S\u00e3o Paulo, terminam na pr\u00f3xima ter\u00e7a-feira...","jetpack-related-posts":[{"id":59326,"url":"https:\/\/ismaelcolosi.com.br\/index.php\/2024\/08\/07\/correios-abrem-inscricoes-para-concurso-com-vagas-no-interior-de-sp-e-salarios-de-r-6-mil\/","url_meta":{"origin":52324,"position":0},"title":"Correios abrem inscri\u00e7\u00f5es para concurso com vagas no interior de SP e sal\u00e1rios de R$ 6 mil","author":"ismaelcolosi.com.br","date":"7 de August de 2024","format":false,"excerpt":"As inscri\u00e7\u00f5es para o novo concurso p\u00fablico dos Correios come\u00e7aram nesta quarta-feira (7). S\u00e3o 33 vagas dispon\u00edveis, al\u00e9m de forma\u00e7\u00e3o de cadastro reserva. As oportunidades s\u00e3o para cargos da \u00e1rea de medicina e seguran\u00e7a do trabalho. Os sal\u00e1rios iniciais variam entre R$ 3,6 mil e R$ 6,8 mil. Al\u00e9m da\u2026","rel":"","context":"In &quot;Not\u00edcias de Ribeir\u00e3o Preto-SP e Regi\u00e3o&quot;","block_context":{"text":"Not\u00edcias de Ribeir\u00e3o Preto-SP e Regi\u00e3o","link":"https:\/\/ismaelcolosi.com.br\/index.php\/category\/noticias-de-ribeirao-preto-sp-e-regiao-ismael-colosi\/"},"img":{"alt_text":"","src":"https:\/\/i0.wp.com\/ismaelcolosi.com.br\/wp-content\/uploads\/2024\/08\/Copia-de-Copia-de-TAMANHO-EXATO-PARA-FOTOS-NO-SISTEMA-NOVO-33_2024-05-03_18-21-50_jpg_2024-05-03_18-21-50.webp.webp?fit=1200%2C675&ssl=1&resize=350%2C200","width":350,"height":200,"srcset":"https:\/\/i0.wp.com\/ismaelcolosi.com.br\/wp-content\/uploads\/2024\/08\/Copia-de-Copia-de-TAMANHO-EXATO-PARA-FOTOS-NO-SISTEMA-NOVO-33_2024-05-03_18-21-50_jpg_2024-05-03_18-21-50.webp.webp?fit=1200%2C675&ssl=1&resize=350%2C200 1x, https:\/\/i0.wp.com\/ismaelcolosi.com.br\/wp-content\/uploads\/2024\/08\/Copia-de-Copia-de-TAMANHO-EXATO-PARA-FOTOS-NO-SISTEMA-NOVO-33_2024-05-03_18-21-50_jpg_2024-05-03_18-21-50.webp.webp?fit=1200%2C675&ssl=1&resize=525%2C300 1.5x, https:\/\/i0.wp.com\/ismaelcolosi.com.br\/wp-content\/uploads\/2024\/08\/Copia-de-Copia-de-TAMANHO-EXATO-PARA-FOTOS-NO-SISTEMA-NOVO-33_2024-05-03_18-21-50_jpg_2024-05-03_18-21-50.webp.webp?fit=1200%2C675&ssl=1&resize=700%2C400 2x, https:\/\/i0.wp.com\/ismaelcolosi.com.br\/wp-content\/uploads\/2024\/08\/Copia-de-Copia-de-TAMANHO-EXATO-PARA-FOTOS-NO-SISTEMA-NOVO-33_2024-05-03_18-21-50_jpg_2024-05-03_18-21-50.webp.webp?fit=1200%2C675&ssl=1&resize=1050%2C600 3x"},"classes":[]},{"id":45782,"url":"https:\/\/ismaelcolosi.com.br\/index.php\/2024\/04\/07\/veja-quatro-concursos-publicos-com-as-inscricoes-abertas-no-interior-de-sp\/","url_meta":{"origin":52324,"position":1},"title":"Veja quatro concursos p\u00fablicos com as inscri\u00e7\u00f5es abertas no interior de SP","author":"ismaelcolosi.com.br","date":"7 de April de 2024","format":false,"excerpt":"Para quem est\u00e1 em busca de uma oportunidade de emprego no servi\u00e7o p\u00fablico, o acidade on Ribeir\u00e3o separou quatro concursos p\u00fablicos com as inscri\u00e7\u00f5es abertas no interior de S\u00e3o Paulo. S\u00e3o mais de 400 vagas e sal\u00e1rios de at\u00e9 R$ 8 mil. Prefeitura de Ribeir\u00e3o Preto A Prefeitura de Ribeir\u00e3o\u2026","rel":"","context":"In &quot;Not\u00edcias de Ribeir\u00e3o Preto-SP e Regi\u00e3o&quot;","block_context":{"text":"Not\u00edcias de Ribeir\u00e3o Preto-SP e Regi\u00e3o","link":"https:\/\/ismaelcolosi.com.br\/index.php\/category\/noticias-de-ribeirao-preto-sp-e-regiao-ismael-colosi\/"},"img":{"alt_text":"","src":"https:\/\/i0.wp.com\/ismaelcolosi.com.br\/wp-content\/uploads\/2024\/04\/prova-concurso-publico-2.jpg?fit=1200%2C801&ssl=1&resize=350%2C200","width":350,"height":200,"srcset":"https:\/\/i0.wp.com\/ismaelcolosi.com.br\/wp-content\/uploads\/2024\/04\/prova-concurso-publico-2.jpg?fit=1200%2C801&ssl=1&resize=350%2C200 1x, https:\/\/i0.wp.com\/ismaelcolosi.com.br\/wp-content\/uploads\/2024\/04\/prova-concurso-publico-2.jpg?fit=1200%2C801&ssl=1&resize=525%2C300 1.5x, https:\/\/i0.wp.com\/ismaelcolosi.com.br\/wp-content\/uploads\/2024\/04\/prova-concurso-publico-2.jpg?fit=1200%2C801&ssl=1&resize=700%2C400 2x, https:\/\/i0.wp.com\/ismaelcolosi.com.br\/wp-content\/uploads\/2024\/04\/prova-concurso-publico-2.jpg?fit=1200%2C801&ssl=1&resize=1050%2C600 3x"},"classes":[]},{"id":1105,"url":"https:\/\/ismaelcolosi.com.br\/index.php\/2023\/11\/10\/veja-cinco-concursos-publicos-no-interior-de-sp-com-salarios-de-ate-r-21-mil\/","url_meta":{"origin":52324,"position":2},"title":"Veja cinco concursos p\u00fablicos no interior de SP com sal\u00e1rios de at\u00e9 R$ 21 mil","author":"ismaelcolosi.com.br","date":"10 de November de 2023","format":false,"excerpt":"Nesta semana, diversos concursos p\u00fablicos foram abertos no interior de S\u00e3o Paulo. O acidade on Ribeir\u00e3o separou cinco concursos com vagas de n\u00edvel fundamental, m\u00e9dio, t\u00e9cnico e superior e sal\u00e1rios de at\u00e9 R$ 21 mil. Veja os concursos p\u00fablicos: Prefeitura de Ribeir\u00e3o Preto A Prefeitura de Ribeir\u00e3o Preto publicou edital\u2026","rel":"","context":"In &quot;Not\u00edcias de Ribeir\u00e3o Preto-SP e Regi\u00e3o&quot;","block_context":{"text":"Not\u00edcias de Ribeir\u00e3o Preto-SP e Regi\u00e3o","link":"https:\/\/ismaelcolosi.com.br\/index.php\/category\/noticias-de-ribeirao-preto-sp-e-regiao-ismael-colosi\/"},"img":{"alt_text":"","src":"https:\/\/i0.wp.com\/ismaelcolosi.com.br\/wp-content\/uploads\/2023\/11\/concurso-publico-9.jpg?fit=1200%2C800&ssl=1&resize=350%2C200","width":350,"height":200,"srcset":"https:\/\/i0.wp.com\/ismaelcolosi.com.br\/wp-content\/uploads\/2023\/11\/concurso-publico-9.jpg?fit=1200%2C800&ssl=1&resize=350%2C200 1x, https:\/\/i0.wp.com\/ismaelcolosi.com.br\/wp-content\/uploads\/2023\/11\/concurso-publico-9.jpg?fit=1200%2C800&ssl=1&resize=525%2C300 1.5x, https:\/\/i0.wp.com\/ismaelcolosi.com.br\/wp-content\/uploads\/2023\/11\/concurso-publico-9.jpg?fit=1200%2C800&ssl=1&resize=700%2C400 2x, https:\/\/i0.wp.com\/ismaelcolosi.com.br\/wp-content\/uploads\/2023\/11\/concurso-publico-9.jpg?fit=1200%2C800&ssl=1&resize=1050%2C600 3x"},"classes":[]},{"id":32826,"url":"https:\/\/ismaelcolosi.com.br\/index.php\/2024\/01\/26\/confira-sete-concursos-publicos-em-sp-com-565-vagas-e-salarios-de-r-12-mil\/","url_meta":{"origin":52324,"position":3},"title":"Confira sete concursos p\u00fablicos em SP com 565 vagas e sal\u00e1rios de R$ 12 mil","author":"ismaelcolosi.com.br","date":"26 de January de 2024","format":false,"excerpt":"Al\u00e9m do \u201cEnem dos Concursos\u201d, quem se interessa por oportunidades em concursos p\u00fablicos pode se candidatar por oportunidades em prefeituras do Estado de S\u00e3o Paulo. S\u00e3o 565 vagas dispon\u00edveis em sete editais em cidades como Ribeir\u00e3o Preto, Campinas, Piracicaba e S\u00e3o Bernardo do Campo. Veja os concursos p\u00fablicos Prefeitura de\u2026","rel":"","context":"In &quot;Not\u00edcias de Ribeir\u00e3o Preto-SP e Regi\u00e3o&quot;","block_context":{"text":"Not\u00edcias de Ribeir\u00e3o Preto-SP e Regi\u00e3o","link":"https:\/\/ismaelcolosi.com.br\/index.php\/category\/noticias-de-ribeirao-preto-sp-e-regiao-ismael-colosi\/"},"img":{"alt_text":"","src":"https:\/\/i0.wp.com\/ismaelcolosi.com.br\/wp-content\/uploads\/2024\/01\/concurso-publico-8.jpg?fit=1200%2C800&ssl=1&resize=350%2C200","width":350,"height":200,"srcset":"https:\/\/i0.wp.com\/ismaelcolosi.com.br\/wp-content\/uploads\/2024\/01\/concurso-publico-8.jpg?fit=1200%2C800&ssl=1&resize=350%2C200 1x, https:\/\/i0.wp.com\/ismaelcolosi.com.br\/wp-content\/uploads\/2024\/01\/concurso-publico-8.jpg?fit=1200%2C800&ssl=1&resize=525%2C300 1.5x, https:\/\/i0.wp.com\/ismaelcolosi.com.br\/wp-content\/uploads\/2024\/01\/concurso-publico-8.jpg?fit=1200%2C800&ssl=1&resize=700%2C400 2x, https:\/\/i0.wp.com\/ismaelcolosi.com.br\/wp-content\/uploads\/2024\/01\/concurso-publico-8.jpg?fit=1200%2C800&ssl=1&resize=1050%2C600 3x"},"classes":[]},{"id":48728,"url":"https:\/\/ismaelcolosi.com.br\/index.php\/2024\/05\/06\/com-provas-no-interior-de-sp-justica-federal-abre-concurso-publico-com-salarios-de-r-13-mil\/","url_meta":{"origin":52324,"position":4},"title":"Com provas no interior de SP, Justi\u00e7a Federal abre concurso p\u00fablico com sal\u00e1rios de R$ 13 mil","author":"ismaelcolosi.com.br","date":"6 de May de 2024","format":false,"excerpt":"O TRF-3 (Tribunal Regional Federal da 3\u00aa Regi\u00e3o) abriu as inscri\u00e7\u00f5es para concurso p\u00fablico com 269 vagas de n\u00edvel superior para os estados de S\u00e3o Paulo e Mato Grosso do Sul. Os sal\u00e1rios variam entre R$ 8.529,65 e R$ 13.994,78. As inscri\u00e7\u00f5es devem ser realizadas at\u00e9 o dia 28 de\u2026","rel":"","context":"In &quot;Not\u00edcias de Ribeir\u00e3o Preto-SP e Regi\u00e3o&quot;","block_context":{"text":"Not\u00edcias de Ribeir\u00e3o Preto-SP e Regi\u00e3o","link":"https:\/\/ismaelcolosi.com.br\/index.php\/category\/noticias-de-ribeirao-preto-sp-e-regiao-ismael-colosi\/"},"img":{"alt_text":"","src":"https:\/\/i0.wp.com\/ismaelcolosi.com.br\/wp-content\/uploads\/2024\/05\/concurso-publico.jpg?fit=1200%2C800&ssl=1&resize=350%2C200","width":350,"height":200,"srcset":"https:\/\/i0.wp.com\/ismaelcolosi.com.br\/wp-content\/uploads\/2024\/05\/concurso-publico.jpg?fit=1200%2C800&ssl=1&resize=350%2C200 1x, https:\/\/i0.wp.com\/ismaelcolosi.com.br\/wp-content\/uploads\/2024\/05\/concurso-publico.jpg?fit=1200%2C800&ssl=1&resize=525%2C300 1.5x, https:\/\/i0.wp.com\/ismaelcolosi.com.br\/wp-content\/uploads\/2024\/05\/concurso-publico.jpg?fit=1200%2C800&ssl=1&resize=700%2C400 2x, https:\/\/i0.wp.com\/ismaelcolosi.com.br\/wp-content\/uploads\/2024\/05\/concurso-publico.jpg?fit=1200%2C800&ssl=1&resize=1050%2C600 3x"},"classes":[]},{"id":70828,"url":"https:\/\/ismaelcolosi.com.br\/index.php\/2024\/10\/13\/veja-cinco-concursos-publicos-com-mais-de-110-vagas-no-interior-de-sp\/","url_meta":{"origin":52324,"position":5},"title":"Veja cinco concursos p\u00fablicos com mais de 110 vagas no interior de SP","author":"ismaelcolosi.com.br","date":"13 de October de 2024","format":false,"excerpt":"Os interessados em concorrer a uma vaga em concurso p\u00fablico contam com mais de 110 oportunidades em cinco editais dispon\u00edveis no interior de S\u00e3o Paulo. As oportunidades s\u00e3o para cargos de n\u00edvel m\u00e9dio, t\u00e9cnico e superior. Os sal\u00e1rios variam entre R$ 2,1 mil e R$ 12,6 mil. Confira a lista\u2026","rel":"","context":"In &quot;Not\u00edcias de Ribeir\u00e3o Preto-SP e Regi\u00e3o&quot;","block_context":{"text":"Not\u00edcias de Ribeir\u00e3o Preto-SP e Regi\u00e3o","link":"https:\/\/ismaelcolosi.com.br\/index.php\/category\/noticias-de-ribeirao-preto-sp-e-regiao-ismael-colosi\/"},"img":{"alt_text":"","src":"https:\/\/i0.wp.com\/ismaelcolosi.com.br\/wp-content\/uploads\/2024\/07\/Copia-de-Copia-de-TAMANHO-EXATO-PARA-FOTOS-NO-SISTEMA-NOVO-22_2024-07-24_20-00-55_jpg_2024-07-24_20-00-55.webp.webp?fit=1200%2C675&ssl=1&resize=350%2C200","width":350,"height":200,"srcset":"https:\/\/i0.wp.com\/ismaelcolosi.com.br\/wp-content\/uploads\/2024\/07\/Copia-de-Copia-de-TAMANHO-EXATO-PARA-FOTOS-NO-SISTEMA-NOVO-22_2024-07-24_20-00-55_jpg_2024-07-24_20-00-55.webp.webp?fit=1200%2C675&ssl=1&resize=350%2C200 1x, https:\/\/i0.wp.com\/ismaelcolosi.com.br\/wp-content\/uploads\/2024\/07\/Copia-de-Copia-de-TAMANHO-EXATO-PARA-FOTOS-NO-SISTEMA-NOVO-22_2024-07-24_20-00-55_jpg_2024-07-24_20-00-55.webp.webp?fit=1200%2C675&ssl=1&resize=525%2C300 1.5x, https:\/\/i0.wp.com\/ismaelcolosi.com.br\/wp-content\/uploads\/2024\/07\/Copia-de-Copia-de-TAMANHO-EXATO-PARA-FOTOS-NO-SISTEMA-NOVO-22_2024-07-24_20-00-55_jpg_2024-07-24_20-00-55.webp.webp?fit=1200%2C675&ssl=1&resize=700%2C400 2x, https:\/\/i0.wp.com\/ismaelcolosi.com.br\/wp-content\/uploads\/2024\/07\/Copia-de-Copia-de-TAMANHO-EXATO-PARA-FOTOS-NO-SISTEMA-NOVO-22_2024-07-24_20-00-55_jpg_2024-07-24_20-00-55.webp.webp?fit=1200%2C675&ssl=1&resize=1050%2C600 3x"},"classes":[]}],"jetpack_sharing_enabled":true,"jetpack_shortlink":"https:\/\/wp.me\/pfMlyK-dBW","_links":{"self":[{"href":"https:\/\/ismaelcolosi.com.br\/index.php\/wp-json\/wp\/v2\/posts\/52324","targetHints":{"allow":["GET"]}}],"collection":[{"href":"https:\/\/ismaelcolosi.com.br\/index.php\/wp-json\/wp\/v2\/posts"}],"about":[{"href":"https:\/\/ismaelcolosi.com.br\/index.php\/wp-json\/wp\/v2\/types\/post"}],"author":[{"embeddable":true,"href":"https:\/\/ismaelcolosi.com.br\/index.php\/wp-json\/wp\/v2\/users\/1"}],"replies":[{"embeddable":true,"href":"https:\/\/ismaelcolosi.com.br\/index.php\/wp-json\/wp\/v2\/comments?post=52324"}],"version-history":[{"count":0,"href":"https:\/\/ismaelcolosi.com.br\/index.php\/wp-json\/wp\/v2\/posts\/52324\/revisions"}],"wp:featuredmedia":[{"embeddable":true,"href":"https:\/\/ismaelcolosi.com.br\/index.php\/wp-json\/wp\/v2\/media\/52325"}],"wp:attachment":[{"href":"https:\/\/ismaelcolosi.com.br\/index.php\/wp-json\/wp\/v2\/media?parent=52324"}],"wp:term":[{"taxonomy":"category","embeddable":true,"href":"https:\/\/ismaelcolosi.com.br\/index.php\/wp-json\/wp\/v2\/categories?post=52324"},{"taxonomy":"post_tag","embeddable":true,"href":"https:\/\/ismaelcolosi.com.br\/index.php\/wp-json\/wp\/v2\/tags?post=52324"}],"curies":[{"name":"wp","href":"https:\/\/api.w.org\/{rel}","templated":true}]}}