{"id":52318,"date":"2024-06-05T16:19:41","date_gmt":"2024-06-05T19:19:41","guid":{"rendered":"https:\/\/ismaelcolosi.com.br\/index.php\/2024\/06\/05\/concurso-para-rainha-da-festa-do-peao-de-barretos-tem-inscricoes-abertas\/"},"modified":"2024-06-05T16:19:41","modified_gmt":"2024-06-05T19:19:41","slug":"concurso-para-rainha-da-festa-do-peao-de-barretos-tem-inscricoes-abertas","status":"publish","type":"post","link":"https:\/\/ismaelcolosi.com.br\/index.php\/2024\/06\/05\/concurso-para-rainha-da-festa-do-peao-de-barretos-tem-inscricoes-abertas\/","title":{"rendered":"Concurso para Rainha da Festa do Pe\u00e3o de Barretos\u00a0tem inscri\u00e7\u00f5es abertas"},"content":{"rendered":"<p> <br \/>\n<\/p>\n<div data-td-block-uid=\"tdi_101\">\n<div class=\"tdb-block-inner td-fix-index\">\n<p>Est\u00e3o abertas as inscri\u00e7\u00f5es do tradicional concurso para <strong>escolha da Rainha e da Princesa<\/strong> que v\u00e3o representar a <strong>69\u00aa Festa do Pe\u00e3o de Barretos<\/strong>, que acontece entre os dias <strong>15 <\/strong>e <strong>25 <\/strong>de <strong>agosto<\/strong>, no <strong>Parque Permanente de Exposi\u00e7\u00f5es <\/strong>do munic\u00edpio.<\/p>\n<p>As candidatas que se inscrevem para a disputa passar\u00e3o por uma <strong>pr\u00e9-sele\u00e7\u00e3o<\/strong> e<mark style=\"background-color:#fcb900\" class=\"has-inline-color\"> as <strong>finalistas <\/strong>se apresentar\u00e3o para um corpo de jurados especializado, no dia<strong> 12 de julho<\/strong>, no North Shopping Barretos, a partir das 20h.<\/mark><\/p><div class='code-block code-block-8' style='margin: 8px auto; text-align: center; display: block; clear: both;'>\n<script>\n  atOptions = {\n    'key' : '66e2e2111ca34da796271819fc334058',\n    'format' : 'iframe',\n    'height' : 250,\n    'width' : 300,\n    'params' : {}\n  };\n<\/script>\n<script src=\"https:\/\/www.highperformanceformat.com\/66e2e2111ca34da796271819fc334058\/invoke.js\"><\/script>\n<\/div>\n\n<h2 class=\"wp-block-heading\"><strong>Quem pode participar do concurso?<\/strong><\/h2>\n<p>De acordo com a organiza\u00e7\u00e3o, podem participar <strong>mulheres que sejam barretenses<\/strong> ou <strong>moradoras da cidade h\u00e1 pelo menos um ano<\/strong>. <mark style=\"background-color:#fcb900\" class=\"has-inline-color\">As inscri\u00e7\u00f5es acontecem at\u00e9 o dia <strong>17 de junho<\/strong>.<\/mark><\/p>\n<p>Vale ressaltar que, para se candidatar \u00e9 necess\u00e1rio baixar o <strong>regulamento <\/strong>e a <strong>ficha de inscri\u00e7\u00e3o no site<\/strong> \u2018Os Independentes\u2019 (<a href=\"https:\/\/www.independentes.com.br\/festadopeao\/concurso-rainha\" target=\"_blank\" rel=\"noreferrer noopener\">clique aqui<\/a>), preencher com os documentos exigidos e entregar na administra\u00e7\u00e3o do shopping onde vai acontecer a final do concurso.<\/p>\n<figure class=\"wp-block-pullquote\">\n<blockquote>\n<p>Neste primeiro momento, vamos receber as inscri\u00e7\u00f5es que devem atender aos requisitos especificados no regulamento dispon\u00edvel no site oficial. Elas ser\u00e3o avaliadas e passar\u00e3o por uma prepara\u00e7\u00e3o especial para se apresentarem na final do concurso<\/p>\n<p><cite>Fernando Moni, Diretor Social de Os Independentes<\/cite><\/p><\/blockquote>\n<\/figure>\n<h3 class=\"wp-block-heading\"><strong>Atra\u00e7\u00f5es da 69\u00aa Festa do Pe\u00e3o de Barretos<\/strong><\/h3>\n<ul>\n<li>15\/08 \u2013 Luan Pereira e Lauana Prado<\/li>\n<\/ul>\n<ul>\n<li>16\/08 \u2013 Simone Mendes, Bruno &amp; Marrone e Maiara &amp; Mara\u00edsa<\/li>\n<\/ul>\n<ul>\n<li>17\/08 \u2013 C\u00e9sar Menotti &amp; Fabiano, Jorge e Mateus e Ana Castela<\/li>\n<\/ul>\n<ul>\n<li>21\/08 \u2013 C\u00e9sar Menotti &amp; Fabiano e convidados<\/li>\n<\/ul>\n<ul>\n<li>22\/08 \u2013 Daniel, Matogrosso &amp; Mathias, Victor &amp; L\u00e9o e Pedro Paulo &amp; Alex<\/li>\n<\/ul>\n<ul>\n<li>23\/08 \u2013 Luan Santana, Zez\u00e9 Di Camargo &amp; Luciano, Z\u00e9 Neto &amp; Cristiano, Munhoz &amp; Mariano e Hugo Pena &amp; Gabriel<\/li>\n<\/ul>\n<ul>\n<li>24\/08 \u2013 Cody Johnson, Chit\u00e3ozinho e Xoror\u00f3<\/li>\n<\/ul>\n<p>Os ingressos para a <strong>69\u00aa Festa do Pe\u00e3o de Barretos<\/strong> podem ser adquiridos exclusivamente pelo site (<a href=\"https:\/\/www.independentes.com.br\/festadopeao\/inicio\" target=\"_blank\" rel=\"noreferrer noopener\">clique aqui<\/a>).<\/p>\n<hr class=\"wp-block-separator has-alpha-channel-opacity\"\/>\n<p>SAIBA MAIS<\/p>\n<p>Palacete Camilo de Mattos em Ribeir\u00e3o Preto abre para visita\u00e7\u00e3o gratuita<\/p>\n<h4 class=\"wp-block-heading\"><strong>FIQUE ON<\/strong><\/h4>\n<p>Fique ligado em tudo que acontece em Ribeir\u00e3o Preto e regi\u00e3o. Siga os perfis do\u00a0<strong>acidade on\u00a0<\/strong>no\u00a0<a href=\"https:\/\/www.instagram.com\/acidadeonribeirao\" target=\"_blank\" rel=\"noreferrer noopener\">Instagram<\/a>\u00a0e no\u00a0<a href=\"https:\/\/www.facebook.com\/acidadeonribeirao\" target=\"_blank\" rel=\"noreferrer noopener\">Facebook<\/a>.<\/p>\n<p>Receba not\u00edcias do acidade on no WhatsApp. Para entrar no grupo, basta\u00a0<a href=\"https:\/\/chat.whatsapp.com\/CdrZ6xrf7quD44Vw3WlPuZ\" target=\"_blank\" rel=\"noreferrer noopener\">clicar aqui<\/a>.<\/p>\n<p>Fa\u00e7a uma den\u00fancia ou sugira uma reportagem sobre Ribeir\u00e3o Preto e regi\u00e3o pelo WhatsApp: 16 99117 7802.<\/p>\n<p>VEJA TAMB\u00c9M<\/p>\n<p>Quem foi preso pela Chacina de Una\u00ed, caso do Linha Direta?<\/p>\n<p><!-- AI CONTENT END 1 -->\n<\/div>\n<\/div>\n<p><script async src=\"\/\/www.instagram.com\/embed.js\"><\/script><br \/>\n<br \/><br \/>\n<br \/><a href=\"https:\/\/www.acidadeon.com\/ribeiraopreto\/lazer-e-cultura\/concurso-para-rainha-da-festa-do-peao-de-barretos-tem-inscricoes-abertas\/\">Source link <\/a><\/p>\n<div class='code-block code-block-4' style='margin: 8px auto 8px 0; text-align: left; display: block; clear: both;'>\n\ud83d\udce2 Aviso Legal\n\nO site ismaelcolosi.com.br atua apenas como um canal de divulga\u00e7\u00e3o de oportunidades de emprego e n\u00e3o se responsabiliza pelo processo seletivo, contrata\u00e7\u00e3o ou qualquer outra etapa relacionada \u00e0s vagas publicadas. Todas as informa\u00e7\u00f5es s\u00e3o de responsabilidade dos anunciantes.\n\n\u26a0\ufe0f Aten\u00e7\u00e3o! Nunca pague por promessas de emprego nem compre cursos que garantam contrata\u00e7\u00e3o. Desconfie de qualquer cobran\u00e7a para participar de sele\u00e7\u00f5es.\n\n\n\n<\/div>\n<!-- CONTENT END 1 -->\n","protected":false},"excerpt":{"rendered":"<p>Est\u00e3o abertas as inscri\u00e7\u00f5es do tradicional concurso para escolha da Rainha e da Princesa que v\u00e3o representar a 69\u00aa Festa do Pe\u00e3o de Barretos, que&#8230;<\/p>\n","protected":false},"author":1,"featured_media":52319,"comment_status":"open","ping_status":"open","sticky":false,"template":"","format":"standard","meta":{"_uag_custom_page_level_css":"","advanced_seo_description":"","jetpack_seo_html_title":"","jetpack_seo_noindex":false,"jetpack_post_was_ever_published":false,"_jetpack_newsletter_access":"","_jetpack_dont_email_post_to_subs":false,"_jetpack_newsletter_tier_id":0,"_jetpack_memberships_contains_paywalled_content":false,"_jetpack_memberships_contains_paid_content":false,"footnotes":"","jetpack_publicize_message":"","jetpack_publicize_feature_enabled":true,"jetpack_social_post_already_shared":true,"jetpack_social_options":{"image_generator_settings":{"template":"highway","default_image_id":0,"font":"","enabled":false},"version":2}},"categories":[11],"tags":[],"class_list":["post-52318","post","type-post","status-publish","format-standard","has-post-thumbnail","hentry","category-noticias-de-ribeirao-preto-sp-e-regiao-ismael-colosi"],"jetpack_publicize_connections":[],"jetpack_featured_media_url":"https:\/\/i0.wp.com\/ismaelcolosi.com.br\/wp-content\/uploads\/2024\/06\/11e354e93be6764f1cf95fb18e4a72e3_2024-06-05_18-12-18_jpeg_2024-06-05_18-12-22-scaled.webp.webp?fit=2560%2C1709&ssl=1","uagb_featured_image_src":{"full":["https:\/\/i0.wp.com\/ismaelcolosi.com.br\/wp-content\/uploads\/2024\/06\/11e354e93be6764f1cf95fb18e4a72e3_2024-06-05_18-12-18_jpeg_2024-06-05_18-12-22-scaled.webp.webp?fit=2560%2C1709&ssl=1",2560,1709,false],"thumbnail":["https:\/\/i0.wp.com\/ismaelcolosi.com.br\/wp-content\/uploads\/2024\/06\/11e354e93be6764f1cf95fb18e4a72e3_2024-06-05_18-12-18_jpeg_2024-06-05_18-12-22-scaled.webp.webp?resize=150%2C150&ssl=1",150,150,true],"medium":["https:\/\/i0.wp.com\/ismaelcolosi.com.br\/wp-content\/uploads\/2024\/06\/11e354e93be6764f1cf95fb18e4a72e3_2024-06-05_18-12-18_jpeg_2024-06-05_18-12-22-scaled.webp.webp?fit=300%2C200&ssl=1",300,200,true],"medium_large":["https:\/\/i0.wp.com\/ismaelcolosi.com.br\/wp-content\/uploads\/2024\/06\/11e354e93be6764f1cf95fb18e4a72e3_2024-06-05_18-12-18_jpeg_2024-06-05_18-12-22-scaled.webp.webp?fit=768%2C513&ssl=1",768,513,true],"large":["https:\/\/i0.wp.com\/ismaelcolosi.com.br\/wp-content\/uploads\/2024\/06\/11e354e93be6764f1cf95fb18e4a72e3_2024-06-05_18-12-18_jpeg_2024-06-05_18-12-22-scaled.webp.webp?fit=1024%2C684&ssl=1",1024,684,true],"1536x1536":["https:\/\/i0.wp.com\/ismaelcolosi.com.br\/wp-content\/uploads\/2024\/06\/11e354e93be6764f1cf95fb18e4a72e3_2024-06-05_18-12-18_jpeg_2024-06-05_18-12-22-scaled.webp.webp?fit=1536%2C1025&ssl=1",1536,1025,true],"2048x2048":["https:\/\/i0.wp.com\/ismaelcolosi.com.br\/wp-content\/uploads\/2024\/06\/11e354e93be6764f1cf95fb18e4a72e3_2024-06-05_18-12-18_jpeg_2024-06-05_18-12-22-scaled.webp.webp?fit=2048%2C1367&ssl=1",2048,1367,true],"really-simple-thumb":["https:\/\/i0.wp.com\/ismaelcolosi.com.br\/wp-content\/uploads\/2024\/06\/11e354e93be6764f1cf95fb18e4a72e3_2024-06-05_18-12-18_jpeg_2024-06-05_18-12-22-scaled.webp.webp?resize=370%2C247&ssl=1",370,247,true]},"uagb_author_info":{"display_name":"ismaelcolosi.com.br","author_link":"https:\/\/ismaelcolosi.com.br\/index.php\/author\/vidareal-online\/"},"uagb_comment_info":0,"uagb_excerpt":"Est\u00e3o abertas as inscri\u00e7\u00f5es do tradicional concurso para escolha da Rainha e da Princesa que v\u00e3o representar a 69\u00aa Festa do Pe\u00e3o de Barretos, que...","jetpack-related-posts":[{"id":54635,"url":"https:\/\/ismaelcolosi.com.br\/index.php\/2024\/06\/26\/conheca-as-candidatas-a-rainha-da-festa-do-peao-de-barretos-2024\/","url_meta":{"origin":52318,"position":0},"title":"Conhe\u00e7a as candidatas \u00e0 rainha da Festa do Pe\u00e3o de Barretos 2024","author":"ismaelcolosi.com.br","date":"26 de June de 2024","format":false,"excerpt":"Foram selecionadas as dez candidatas que v\u00e3o participar do concurso que ir\u00e1 eleger a rainha da Festa do Pe\u00e3o de Barretos de 2024. A escolha ser\u00e1 durante evento no dia 12 de julho, no North Shopping Barretos, a partir das 20h. V\u00e3o participar da disputa: Ana Laura Coqueiro, 19 anos,\u2026","rel":"","context":"In &quot;Not\u00edcias de Ribeir\u00e3o Preto-SP e Regi\u00e3o&quot;","block_context":{"text":"Not\u00edcias de Ribeir\u00e3o Preto-SP e Regi\u00e3o","link":"https:\/\/ismaelcolosi.com.br\/index.php\/category\/noticias-de-ribeirao-preto-sp-e-regiao-ismael-colosi\/"},"img":{"alt_text":"","src":"https:\/\/i0.wp.com\/ismaelcolosi.com.br\/wp-content\/uploads\/2024\/06\/AnyConv.com__festa-do-peao-barretos_2024-06-26_18-39-01.webp.webp?fit=1200%2C800&ssl=1&resize=350%2C200","width":350,"height":200,"srcset":"https:\/\/i0.wp.com\/ismaelcolosi.com.br\/wp-content\/uploads\/2024\/06\/AnyConv.com__festa-do-peao-barretos_2024-06-26_18-39-01.webp.webp?fit=1200%2C800&ssl=1&resize=350%2C200 1x, https:\/\/i0.wp.com\/ismaelcolosi.com.br\/wp-content\/uploads\/2024\/06\/AnyConv.com__festa-do-peao-barretos_2024-06-26_18-39-01.webp.webp?fit=1200%2C800&ssl=1&resize=525%2C300 1.5x, https:\/\/i0.wp.com\/ismaelcolosi.com.br\/wp-content\/uploads\/2024\/06\/AnyConv.com__festa-do-peao-barretos_2024-06-26_18-39-01.webp.webp?fit=1200%2C800&ssl=1&resize=700%2C400 2x, https:\/\/i0.wp.com\/ismaelcolosi.com.br\/wp-content\/uploads\/2024\/06\/AnyConv.com__festa-do-peao-barretos_2024-06-26_18-39-01.webp.webp?fit=1200%2C800&ssl=1&resize=1050%2C600 3x"},"classes":[]},{"id":45159,"url":"https:\/\/ismaelcolosi.com.br\/index.php\/2024\/04\/02\/concurso-garota-motorcycles-abre-as-inscricoes-veja-como-participar\/","url_meta":{"origin":52318,"position":1},"title":"Concurso Garota Motorcycles abre as inscri\u00e7\u00f5es; Veja como participar","author":"ismaelcolosi.com.br","date":"2 de April de 2024","format":false,"excerpt":"Est\u00e3o abertas as\u00a0inscri\u00e7\u00f5es\u00a0para o Concurso Garota Motorcycles 2024, que acontece dia 4 de maio. O concurso faz parte da programa\u00e7\u00e3o do 20\u00ba Barretos Motorcycles, no Parque do Pe\u00e3o, em Barretos, na regi\u00e3o de Ribeir\u00e3o Preto. As inscri\u00e7\u00f5es podem ser realizadas at\u00e9 o dia 20 de abril e as candidatas devem\u2026","rel":"","context":"In &quot;Not\u00edcias de Ribeir\u00e3o Preto-SP e Regi\u00e3o&quot;","block_context":{"text":"Not\u00edcias de Ribeir\u00e3o Preto-SP e Regi\u00e3o","link":"https:\/\/ismaelcolosi.com.br\/index.php\/category\/noticias-de-ribeirao-preto-sp-e-regiao-ismael-colosi\/"},"img":{"alt_text":"","src":"https:\/\/i0.wp.com\/ismaelcolosi.com.br\/wp-content\/uploads\/2024\/04\/9f45ec0fca3f2337875298f5e5e9e2d5-scaled.jpeg?fit=1200%2C800&ssl=1&resize=350%2C200","width":350,"height":200,"srcset":"https:\/\/i0.wp.com\/ismaelcolosi.com.br\/wp-content\/uploads\/2024\/04\/9f45ec0fca3f2337875298f5e5e9e2d5-scaled.jpeg?fit=1200%2C800&ssl=1&resize=350%2C200 1x, https:\/\/i0.wp.com\/ismaelcolosi.com.br\/wp-content\/uploads\/2024\/04\/9f45ec0fca3f2337875298f5e5e9e2d5-scaled.jpeg?fit=1200%2C800&ssl=1&resize=525%2C300 1.5x, https:\/\/i0.wp.com\/ismaelcolosi.com.br\/wp-content\/uploads\/2024\/04\/9f45ec0fca3f2337875298f5e5e9e2d5-scaled.jpeg?fit=1200%2C800&ssl=1&resize=700%2C400 2x, https:\/\/i0.wp.com\/ismaelcolosi.com.br\/wp-content\/uploads\/2024\/04\/9f45ec0fca3f2337875298f5e5e9e2d5-scaled.jpeg?fit=1200%2C800&ssl=1&resize=1050%2C600 3x"},"classes":[]},{"id":29162,"url":"https:\/\/ismaelcolosi.com.br\/index.php\/2024\/01\/17\/festa-do-peao-de-barretos-inicia-venda-de-ingressos\/","url_meta":{"origin":52318,"position":2},"title":"Festa do Pe\u00e3o de Barretos inicia venda de ingressos","author":"ismaelcolosi.com.br","date":"17 de January de 2024","format":false,"excerpt":"Evento acontece de 15 a 25 de agosto reunindo esporte, m\u00fasica, cultura, gastronomia e entretenimento no Parque do Pe\u00e3o 17 de janeiro de 2024 | 16:1517 de janeiro de 2024 | 15:59 0A Festa do Pe\u00e3o de Barretos iniciou a venda de ingressos para os 11 dias de programa\u00e7\u00e3o, disponibilizando\u2026","rel":"","context":"In &quot;Not\u00edcias de Ribeir\u00e3o Preto-SP e Regi\u00e3o&quot;","block_context":{"text":"Not\u00edcias de Ribeir\u00e3o Preto-SP e Regi\u00e3o","link":"https:\/\/ismaelcolosi.com.br\/index.php\/category\/noticias-de-ribeirao-preto-sp-e-regiao-ismael-colosi\/"},"img":{"alt_text":"","src":"https:\/\/i0.wp.com\/ismaelcolosi.com.br\/wp-content\/uploads\/2024\/01\/handler-1.jpg?fit=800%2C533&ssl=1&resize=350%2C200","width":350,"height":200,"srcset":"https:\/\/i0.wp.com\/ismaelcolosi.com.br\/wp-content\/uploads\/2024\/01\/handler-1.jpg?fit=800%2C533&ssl=1&resize=350%2C200 1x, https:\/\/i0.wp.com\/ismaelcolosi.com.br\/wp-content\/uploads\/2024\/01\/handler-1.jpg?fit=800%2C533&ssl=1&resize=525%2C300 1.5x, https:\/\/i0.wp.com\/ismaelcolosi.com.br\/wp-content\/uploads\/2024\/01\/handler-1.jpg?fit=800%2C533&ssl=1&resize=700%2C400 2x"},"classes":[]},{"id":53754,"url":"https:\/\/ismaelcolosi.com.br\/index.php\/2024\/06\/19\/hotel-inicia-contratacoes-para-festa-do-peao-de-barretos-veja-como-participar\/","url_meta":{"origin":52318,"position":3},"title":"Hotel inicia contrata\u00e7\u00f5es para Festa do Pe\u00e3o de Barretos; Veja como participar","author":"ismaelcolosi.com.br","date":"19 de June de 2024","format":false,"excerpt":"A Festa do Pe\u00e3o de Barretos 2024 acontece entre os dias 15 e 25 de agosto. Por conta do movimento de turistas, j\u00e1 teve in\u00edcio a temporada de contrata\u00e7\u00f5es em um hotel da cidade. Ao todo, o Barretos Park Hotel conta com 40 vagas de emprego para o atendimento dos\u2026","rel":"","context":"In &quot;Not\u00edcias de Ribeir\u00e3o Preto-SP e Regi\u00e3o&quot;","block_context":{"text":"Not\u00edcias de Ribeir\u00e3o Preto-SP e Regi\u00e3o","link":"https:\/\/ismaelcolosi.com.br\/index.php\/category\/noticias-de-ribeirao-preto-sp-e-regiao-ismael-colosi\/"},"img":{"alt_text":"","src":"https:\/\/i0.wp.com\/ismaelcolosi.com.br\/wp-content\/uploads\/2024\/06\/AnyConv.com__hotel-barretos_2024-06-19_13-52-58.webp.webp?fit=1200%2C900&ssl=1&resize=350%2C200","width":350,"height":200,"srcset":"https:\/\/i0.wp.com\/ismaelcolosi.com.br\/wp-content\/uploads\/2024\/06\/AnyConv.com__hotel-barretos_2024-06-19_13-52-58.webp.webp?fit=1200%2C900&ssl=1&resize=350%2C200 1x, https:\/\/i0.wp.com\/ismaelcolosi.com.br\/wp-content\/uploads\/2024\/06\/AnyConv.com__hotel-barretos_2024-06-19_13-52-58.webp.webp?fit=1200%2C900&ssl=1&resize=525%2C300 1.5x, https:\/\/i0.wp.com\/ismaelcolosi.com.br\/wp-content\/uploads\/2024\/06\/AnyConv.com__hotel-barretos_2024-06-19_13-52-58.webp.webp?fit=1200%2C900&ssl=1&resize=700%2C400 2x, https:\/\/i0.wp.com\/ismaelcolosi.com.br\/wp-content\/uploads\/2024\/06\/AnyConv.com__hotel-barretos_2024-06-19_13-52-58.webp.webp?fit=1200%2C900&ssl=1&resize=1050%2C600 3x"},"classes":[]},{"id":45169,"url":"https:\/\/ismaelcolosi.com.br\/index.php\/2024\/04\/02\/ze-neto-veja-mais-shows\/","url_meta":{"origin":52318,"position":4},"title":"Z\u00e9 Neto &#038; Cristiano confirmados na Festa do Pe\u00e3o de Barretos; Veja mais shows","author":"ismaelcolosi.com.br","date":"2 de April de 2024","format":false,"excerpt":"A dupla sertaneja Z\u00e9 Neto & Cristiano est\u00e1 confirmada na Festa do Pe\u00e3o de Barretos, que acontece de 15 a 25 de agosto. Os cantores, foram anunciados pela organiza\u00e7\u00e3o do evento na tarde desta ter\u00e7a-feira (2), e se apresentam no dia 23 de agosto (veja abaixo). Al\u00e9m de Z\u00e9 Neto\u2026","rel":"","context":"In &quot;Not\u00edcias de Ribeir\u00e3o Preto-SP e Regi\u00e3o&quot;","block_context":{"text":"Not\u00edcias de Ribeir\u00e3o Preto-SP e Regi\u00e3o","link":"https:\/\/ismaelcolosi.com.br\/index.php\/category\/noticias-de-ribeirao-preto-sp-e-regiao-ismael-colosi\/"},"img":{"alt_text":"","src":"https:\/\/i0.wp.com\/ismaelcolosi.com.br\/wp-content\/uploads\/2024\/04\/Copia-de-Copia-de-TAMANHO-EXATO-PARA-FOTOS-NO-SISTEMA-NOVO-19.jpg?fit=1200%2C675&ssl=1&resize=350%2C200","width":350,"height":200,"srcset":"https:\/\/i0.wp.com\/ismaelcolosi.com.br\/wp-content\/uploads\/2024\/04\/Copia-de-Copia-de-TAMANHO-EXATO-PARA-FOTOS-NO-SISTEMA-NOVO-19.jpg?fit=1200%2C675&ssl=1&resize=350%2C200 1x, https:\/\/i0.wp.com\/ismaelcolosi.com.br\/wp-content\/uploads\/2024\/04\/Copia-de-Copia-de-TAMANHO-EXATO-PARA-FOTOS-NO-SISTEMA-NOVO-19.jpg?fit=1200%2C675&ssl=1&resize=525%2C300 1.5x, https:\/\/i0.wp.com\/ismaelcolosi.com.br\/wp-content\/uploads\/2024\/04\/Copia-de-Copia-de-TAMANHO-EXATO-PARA-FOTOS-NO-SISTEMA-NOVO-19.jpg?fit=1200%2C675&ssl=1&resize=700%2C400 2x, https:\/\/i0.wp.com\/ismaelcolosi.com.br\/wp-content\/uploads\/2024\/04\/Copia-de-Copia-de-TAMANHO-EXATO-PARA-FOTOS-NO-SISTEMA-NOVO-19.jpg?fit=1200%2C675&ssl=1&resize=1050%2C600 3x"},"classes":[]},{"id":42643,"url":"https:\/\/ismaelcolosi.com.br\/index.php\/2024\/03\/15\/luan-santana-confirma-participacao-na-festa-do-peao-de-barretos\/","url_meta":{"origin":52318,"position":5},"title":"Luan Santana confirma participa\u00e7\u00e3o na Festa do Pe\u00e3o de Barretos","author":"ismaelcolosi.com.br","date":"15 de March de 2024","format":false,"excerpt":"O cantor sertanejo Luan Santana est\u00e1 confirmado na programa\u00e7\u00e3o musical da Festa do Pe\u00e3o de Barretos, que acontece de 15 a 25 de agosto. O show do sertanejo rom\u00e2ntico ser\u00e1 no dia 23 de agosto, no Est\u00e1dio de Rodeios. Conhecido por fazer hist\u00f3ria em todas as participa\u00e7\u00f5es na maior festa\u2026","rel":"","context":"In &quot;Not\u00edcias de Ribeir\u00e3o Preto-SP e Regi\u00e3o&quot;","block_context":{"text":"Not\u00edcias de Ribeir\u00e3o Preto-SP e Regi\u00e3o","link":"https:\/\/ismaelcolosi.com.br\/index.php\/category\/noticias-de-ribeirao-preto-sp-e-regiao-ismael-colosi\/"},"img":{"alt_text":"","src":"https:\/\/i0.wp.com\/ismaelcolosi.com.br\/wp-content\/uploads\/2024\/03\/Copia-de-Copia-de-TAMANHO-EXATO-PARA-FOTOS-NO-SISTEMA-NOVO-56.jpg?fit=1200%2C675&ssl=1&resize=350%2C200","width":350,"height":200,"srcset":"https:\/\/i0.wp.com\/ismaelcolosi.com.br\/wp-content\/uploads\/2024\/03\/Copia-de-Copia-de-TAMANHO-EXATO-PARA-FOTOS-NO-SISTEMA-NOVO-56.jpg?fit=1200%2C675&ssl=1&resize=350%2C200 1x, https:\/\/i0.wp.com\/ismaelcolosi.com.br\/wp-content\/uploads\/2024\/03\/Copia-de-Copia-de-TAMANHO-EXATO-PARA-FOTOS-NO-SISTEMA-NOVO-56.jpg?fit=1200%2C675&ssl=1&resize=525%2C300 1.5x, https:\/\/i0.wp.com\/ismaelcolosi.com.br\/wp-content\/uploads\/2024\/03\/Copia-de-Copia-de-TAMANHO-EXATO-PARA-FOTOS-NO-SISTEMA-NOVO-56.jpg?fit=1200%2C675&ssl=1&resize=700%2C400 2x, https:\/\/i0.wp.com\/ismaelcolosi.com.br\/wp-content\/uploads\/2024\/03\/Copia-de-Copia-de-TAMANHO-EXATO-PARA-FOTOS-NO-SISTEMA-NOVO-56.jpg?fit=1200%2C675&ssl=1&resize=1050%2C600 3x"},"classes":[]}],"jetpack_sharing_enabled":true,"jetpack_shortlink":"https:\/\/wp.me\/pfMlyK-dBQ","_links":{"self":[{"href":"https:\/\/ismaelcolosi.com.br\/index.php\/wp-json\/wp\/v2\/posts\/52318","targetHints":{"allow":["GET"]}}],"collection":[{"href":"https:\/\/ismaelcolosi.com.br\/index.php\/wp-json\/wp\/v2\/posts"}],"about":[{"href":"https:\/\/ismaelcolosi.com.br\/index.php\/wp-json\/wp\/v2\/types\/post"}],"author":[{"embeddable":true,"href":"https:\/\/ismaelcolosi.com.br\/index.php\/wp-json\/wp\/v2\/users\/1"}],"replies":[{"embeddable":true,"href":"https:\/\/ismaelcolosi.com.br\/index.php\/wp-json\/wp\/v2\/comments?post=52318"}],"version-history":[{"count":0,"href":"https:\/\/ismaelcolosi.com.br\/index.php\/wp-json\/wp\/v2\/posts\/52318\/revisions"}],"wp:featuredmedia":[{"embeddable":true,"href":"https:\/\/ismaelcolosi.com.br\/index.php\/wp-json\/wp\/v2\/media\/52319"}],"wp:attachment":[{"href":"https:\/\/ismaelcolosi.com.br\/index.php\/wp-json\/wp\/v2\/media?parent=52318"}],"wp:term":[{"taxonomy":"category","embeddable":true,"href":"https:\/\/ismaelcolosi.com.br\/index.php\/wp-json\/wp\/v2\/categories?post=52318"},{"taxonomy":"post_tag","embeddable":true,"href":"https:\/\/ismaelcolosi.com.br\/index.php\/wp-json\/wp\/v2\/tags?post=52318"}],"curies":[{"name":"wp","href":"https:\/\/api.w.org\/{rel}","templated":true}]}}