{"id":52316,"date":"2024-06-05T16:02:34","date_gmt":"2024-06-05T19:02:34","guid":{"rendered":"https:\/\/ismaelcolosi.com.br\/index.php\/2024\/06\/05\/hugo-e-guilherme-mari-fernandez-e-ze-neto-e-cristiano-fazem-shows-na-regiao-de-ribeirao\/"},"modified":"2024-06-05T16:02:34","modified_gmt":"2024-06-05T19:02:34","slug":"hugo-e-guilherme-mari-fernandez-e-ze-neto-e-cristiano-fazem-shows-na-regiao-de-ribeirao","status":"publish","type":"post","link":"https:\/\/ismaelcolosi.com.br\/index.php\/2024\/06\/05\/hugo-e-guilherme-mari-fernandez-e-ze-neto-e-cristiano-fazem-shows-na-regiao-de-ribeirao\/","title":{"rendered":"Hugo e Guilherme, Mari Fernandez e Z\u00e9 Neto e Cristiano fazem shows na regi\u00e3o de Ribeir\u00e3o"},"content":{"rendered":"<p> <br \/>\n<\/p>\n<div data-td-block-uid=\"tdi_101\">\n<div class=\"tdb-block-inner td-fix-index\">\n<p>Os <strong>cantores Hugo e Guilherme, Mari Fernandez e Z\u00e9 Neto e Cristiano<\/strong> fazem <strong>shows em Jaboticabal<\/strong>, na regi\u00e3o de <strong>Ribeir\u00e3o Preto<\/strong>, durante o <strong>\u201cJaboticabal Rodeio Show 2024\u201d<\/strong>, que <strong>come\u00e7a nesta quinta-feira<\/strong> (6) e segue at\u00e9<strong> s\u00e1bado <\/strong>(8).<\/p>\n<p>O <strong>evento acontece no Clube dos Pioneiros da Sela<\/strong>, que fica na travessa Pioneiros da Sela, 55, no bairro Jardim Nova Aparecida. \u00a0A <strong>abertura dos port\u00f5es<\/strong> est\u00e1 marcada para \u00e0s <strong>20h<\/strong>.<\/p><div class='code-block code-block-8' style='margin: 8px auto; text-align: center; display: block; clear: both;'>\n<script>\n  atOptions = {\n    'key' : '66e2e2111ca34da796271819fc334058',\n    'format' : 'iframe',\n    'height' : 250,\n    'width' : 300,\n    'params' : {}\n  };\n<\/script>\n<script src=\"https:\/\/www.highperformanceformat.com\/66e2e2111ca34da796271819fc334058\/invoke.js\"><\/script>\n<\/div>\n\n<ul>\n<li>Hugo e Guilherme \u2013 06\/06 (quinta-feira)<\/li>\n<li>Mari Fernandez \u2013 07\/06 (sexta-feira )<\/li>\n<li>Z\u00e9 Neto e Cristiano \u2013 08\/06 (s\u00e1bado)<\/li>\n<\/ul>\n<h2 class=\"wp-block-heading\"><strong>Ingressos<\/strong><\/h2>\n<p>Os <strong>ingressos est\u00e3o \u00e0 venda pelo site (<a href=\"https:\/\/q2ingressos.com.br\/events\/jaboticabal-rodeio-show-2024\" target=\"_blank\" rel=\"noreferrer noopener nofollow\">clique aqui<\/a>) <\/strong>e os <strong>valores dos passaportes<\/strong> s\u00e3o de <strong>R$ 149,90<\/strong> para a <strong>pista<\/strong> e <strong>R$ 349,90<\/strong> para <strong>\u00e1rea Vip<\/strong>, al\u00e9m de taxas.<\/p>\n<p>Tem <strong>direito a meia-entrada<\/strong> com comprova\u00e7\u00e3o do benef\u00edcio:<\/p>\n<ul>\n<li>PCD (Pessoas com Defici\u00eancia)<\/li>\n<li>estudantes<\/li>\n<li>professores<\/li>\n<li>idosos a partir de 60 anos<\/li>\n<\/ul>\n<p>A <strong>venda em local f\u00edsico <\/strong>est\u00e1 acontecendo em <strong>Franca<\/strong>, na avenida vereador Jos\u00e9 Granzotte, 2345, no Jardim Piratininga. <\/p>\n<p>\u00c9 permitida a <strong>entrada de menores de 16 anos<\/strong> somente acompanhados por um respons\u00e1vel.<\/p>\n<p>Para mais informa\u00e7\u00f5es, basta clicar na <strong>rede social do evento<\/strong> (<strong><a href=\"http:\/\/@rodeioshow.jaboticabal\" target=\"_blank\" rel=\"noreferrer noopener nofollow\">clique aqui<\/a><\/strong>).<\/p>\n<p>SAIBA MAIS <\/p>\n<p>Caso Ruan: Pol\u00edcia pede pris\u00e3o de atirador ap\u00f3s morte cerebral de jovem em Ribeir\u00e3o Preto<\/p>\n<h4 class=\"wp-block-heading\"><strong>FIQUE ON<\/strong><\/h4>\n<p>Fique ligado em tudo que acontece em Ribeir\u00e3o Preto e regi\u00e3o. Siga os perfis do\u00a0<strong>acidade on\u00a0<\/strong>no\u00a0<a href=\"https:\/\/www.instagram.com\/acidadeonribeirao\" target=\"_blank\" rel=\"noreferrer noopener\">Instagram<\/a>\u00a0e no\u00a0<a href=\"https:\/\/www.facebook.com\/acidadeonribeirao\" target=\"_blank\" rel=\"noreferrer noopener\">Facebook<\/a>.<\/p>\n<p>Receba not\u00edcias do acidade on no WhatsApp. Para entrar no grupo, basta\u00a0<a href=\"https:\/\/chat.whatsapp.com\/CdrZ6xrf7quD44Vw3WlPuZ\" target=\"_blank\" rel=\"noreferrer noopener\">clicar aqui<\/a>.<\/p>\n<p>Fa\u00e7a uma den\u00fancia ou sugira uma reportagem sobre Ribeir\u00e3o Preto e regi\u00e3o pelo WhatsApp: 16 99117 7802.<\/p>\n<p>VEJA TAMB\u00c9M<\/p>\n<p>Que horas come\u00e7a a greve de \u00f4nibus em SP?<\/p>\n<p><!-- AI CONTENT END 1 -->\n<\/div>\n<\/div>\n<p><script async src=\"\/\/www.instagram.com\/embed.js\"><\/script><br \/>\n<br \/><br \/>\n<br \/><a href=\"https:\/\/www.acidadeon.com\/ribeiraopreto\/lazer-e-cultura\/hugo-e-guilherme-mari-fernandez-e-ze-neto-e-cristiano-fazem-shows-na-regiao-de-ribeirao\/\">Source link <\/a><\/p>\n<div class='code-block code-block-4' style='margin: 8px auto 8px 0; text-align: left; display: block; clear: both;'>\n\ud83d\udce2 Aviso Legal\n\nO site ismaelcolosi.com.br atua apenas como um canal de divulga\u00e7\u00e3o de oportunidades de emprego e n\u00e3o se responsabiliza pelo processo seletivo, contrata\u00e7\u00e3o ou qualquer outra etapa relacionada \u00e0s vagas publicadas. Todas as informa\u00e7\u00f5es s\u00e3o de responsabilidade dos anunciantes.\n\n\u26a0\ufe0f Aten\u00e7\u00e3o! Nunca pague por promessas de emprego nem compre cursos que garantam contrata\u00e7\u00e3o. Desconfie de qualquer cobran\u00e7a para participar de sele\u00e7\u00f5es.\n\n\n\n<\/div>\n<!-- CONTENT END 1 -->\n","protected":false},"excerpt":{"rendered":"<p>Os cantores Hugo e Guilherme, Mari Fernandez e Z\u00e9 Neto e Cristiano fazem shows em Jaboticabal, na regi\u00e3o de Ribeir\u00e3o Preto, durante o \u201cJaboticabal Rodeio&#8230;<\/p>\n","protected":false},"author":1,"featured_media":52317,"comment_status":"open","ping_status":"open","sticky":false,"template":"","format":"standard","meta":{"_uag_custom_page_level_css":"","advanced_seo_description":"","jetpack_seo_html_title":"","jetpack_seo_noindex":false,"jetpack_post_was_ever_published":false,"_jetpack_newsletter_access":"","_jetpack_dont_email_post_to_subs":false,"_jetpack_newsletter_tier_id":0,"_jetpack_memberships_contains_paywalled_content":false,"_jetpack_memberships_contains_paid_content":false,"footnotes":"","jetpack_publicize_message":"","jetpack_publicize_feature_enabled":true,"jetpack_social_post_already_shared":true,"jetpack_social_options":{"image_generator_settings":{"template":"highway","default_image_id":0,"font":"","enabled":false},"version":2}},"categories":[11],"tags":[],"class_list":["post-52316","post","type-post","status-publish","format-standard","has-post-thumbnail","hentry","category-noticias-de-ribeirao-preto-sp-e-regiao-ismael-colosi"],"jetpack_publicize_connections":[],"jetpack_featured_media_url":"https:\/\/i0.wp.com\/ismaelcolosi.com.br\/wp-content\/uploads\/2024\/06\/Copia-de-Copia-de-TAMANHO-EXATO-PARA-FOTOS-NO-SISTEMA-NOVO-10_2024-06-05_18-20-37_jpg_2024-06-05_18-20-37.webp.webp?fit=1200%2C675&ssl=1","uagb_featured_image_src":{"full":["https:\/\/i0.wp.com\/ismaelcolosi.com.br\/wp-content\/uploads\/2024\/06\/Copia-de-Copia-de-TAMANHO-EXATO-PARA-FOTOS-NO-SISTEMA-NOVO-10_2024-06-05_18-20-37_jpg_2024-06-05_18-20-37.webp.webp?fit=1200%2C675&ssl=1",1200,675,false],"thumbnail":["https:\/\/i0.wp.com\/ismaelcolosi.com.br\/wp-content\/uploads\/2024\/06\/Copia-de-Copia-de-TAMANHO-EXATO-PARA-FOTOS-NO-SISTEMA-NOVO-10_2024-06-05_18-20-37_jpg_2024-06-05_18-20-37.webp.webp?resize=150%2C150&ssl=1",150,150,true],"medium":["https:\/\/i0.wp.com\/ismaelcolosi.com.br\/wp-content\/uploads\/2024\/06\/Copia-de-Copia-de-TAMANHO-EXATO-PARA-FOTOS-NO-SISTEMA-NOVO-10_2024-06-05_18-20-37_jpg_2024-06-05_18-20-37.webp.webp?fit=300%2C169&ssl=1",300,169,true],"medium_large":["https:\/\/i0.wp.com\/ismaelcolosi.com.br\/wp-content\/uploads\/2024\/06\/Copia-de-Copia-de-TAMANHO-EXATO-PARA-FOTOS-NO-SISTEMA-NOVO-10_2024-06-05_18-20-37_jpg_2024-06-05_18-20-37.webp.webp?fit=768%2C432&ssl=1",768,432,true],"large":["https:\/\/i0.wp.com\/ismaelcolosi.com.br\/wp-content\/uploads\/2024\/06\/Copia-de-Copia-de-TAMANHO-EXATO-PARA-FOTOS-NO-SISTEMA-NOVO-10_2024-06-05_18-20-37_jpg_2024-06-05_18-20-37.webp.webp?fit=1024%2C576&ssl=1",1024,576,true],"1536x1536":["https:\/\/i0.wp.com\/ismaelcolosi.com.br\/wp-content\/uploads\/2024\/06\/Copia-de-Copia-de-TAMANHO-EXATO-PARA-FOTOS-NO-SISTEMA-NOVO-10_2024-06-05_18-20-37_jpg_2024-06-05_18-20-37.webp.webp?fit=1200%2C675&ssl=1",1200,675,true],"2048x2048":["https:\/\/i0.wp.com\/ismaelcolosi.com.br\/wp-content\/uploads\/2024\/06\/Copia-de-Copia-de-TAMANHO-EXATO-PARA-FOTOS-NO-SISTEMA-NOVO-10_2024-06-05_18-20-37_jpg_2024-06-05_18-20-37.webp.webp?fit=1200%2C675&ssl=1",1200,675,true],"really-simple-thumb":["https:\/\/i0.wp.com\/ismaelcolosi.com.br\/wp-content\/uploads\/2024\/06\/Copia-de-Copia-de-TAMANHO-EXATO-PARA-FOTOS-NO-SISTEMA-NOVO-10_2024-06-05_18-20-37_jpg_2024-06-05_18-20-37.webp.webp?resize=370%2C247&ssl=1",370,247,true]},"uagb_author_info":{"display_name":"ismaelcolosi.com.br","author_link":"https:\/\/ismaelcolosi.com.br\/index.php\/author\/vidareal-online\/"},"uagb_comment_info":0,"uagb_excerpt":"Os cantores Hugo e Guilherme, Mari Fernandez e Z\u00e9 Neto e Cristiano fazem shows em Jaboticabal, na regi\u00e3o de Ribeir\u00e3o Preto, durante o \u201cJaboticabal Rodeio...","jetpack-related-posts":[{"id":52527,"url":"https:\/\/ismaelcolosi.com.br\/index.php\/2024\/06\/07\/joao-rock-rodeios-e-feira-de-adocao-veja-a-programacao-do-fim-de-semana-em-ribeirao-e-regiao\/","url_meta":{"origin":52316,"position":0},"title":"Jo\u00e3o Rock, rodeios e feira de ado\u00e7\u00e3o: Veja a programa\u00e7\u00e3o do fim de semana em Ribeir\u00e3o e regi\u00e3o","author":"ismaelcolosi.com.br","date":"7 de June de 2024","format":false,"excerpt":"Ribeir\u00e3o Preto e regi\u00e3o contam com uma programa\u00e7\u00e3o especial para todos os gostos neste fim de semana. Entre os destaques, est\u00e3o: Jo\u00e3o Rock, Minaz Rock, feira de ado\u00e7\u00e3o de animais e dois rodeios. Confira a agenda cultural completa: Jo\u00e3o Rock Um dos maiores festivais de m\u00fasica do pa\u00eds acontece neste\u2026","rel":"","context":"In &quot;Not\u00edcias de Ribeir\u00e3o Preto-SP e Regi\u00e3o&quot;","block_context":{"text":"Not\u00edcias de Ribeir\u00e3o Preto-SP e Regi\u00e3o","link":"https:\/\/ismaelcolosi.com.br\/index.php\/category\/noticias-de-ribeirao-preto-sp-e-regiao-ismael-colosi\/"},"img":{"alt_text":"","src":"https:\/\/i0.wp.com\/ismaelcolosi.com.br\/wp-content\/uploads\/2024\/06\/Copia-de-Copia-de-TAMANHO-EXATO-PARA-FOTOS-NO-SISTEMA-NOVO-7_2024-06-07_14-03-08_jpg_2024-06-07_14-03-08.webp.webp?fit=1200%2C675&ssl=1&resize=350%2C200","width":350,"height":200,"srcset":"https:\/\/i0.wp.com\/ismaelcolosi.com.br\/wp-content\/uploads\/2024\/06\/Copia-de-Copia-de-TAMANHO-EXATO-PARA-FOTOS-NO-SISTEMA-NOVO-7_2024-06-07_14-03-08_jpg_2024-06-07_14-03-08.webp.webp?fit=1200%2C675&ssl=1&resize=350%2C200 1x, https:\/\/i0.wp.com\/ismaelcolosi.com.br\/wp-content\/uploads\/2024\/06\/Copia-de-Copia-de-TAMANHO-EXATO-PARA-FOTOS-NO-SISTEMA-NOVO-7_2024-06-07_14-03-08_jpg_2024-06-07_14-03-08.webp.webp?fit=1200%2C675&ssl=1&resize=525%2C300 1.5x, https:\/\/i0.wp.com\/ismaelcolosi.com.br\/wp-content\/uploads\/2024\/06\/Copia-de-Copia-de-TAMANHO-EXATO-PARA-FOTOS-NO-SISTEMA-NOVO-7_2024-06-07_14-03-08_jpg_2024-06-07_14-03-08.webp.webp?fit=1200%2C675&ssl=1&resize=700%2C400 2x, https:\/\/i0.wp.com\/ismaelcolosi.com.br\/wp-content\/uploads\/2024\/06\/Copia-de-Copia-de-TAMANHO-EXATO-PARA-FOTOS-NO-SISTEMA-NOVO-7_2024-06-07_14-03-08_jpg_2024-06-07_14-03-08.webp.webp?fit=1200%2C675&ssl=1&resize=1050%2C600 3x"},"classes":[]},{"id":56958,"url":"https:\/\/ismaelcolosi.com.br\/index.php\/2024\/07\/16\/ze-neto-e-cristiano-fazem-show-gratuito-na-regiao-de-ribeirao-preto\/","url_meta":{"origin":52316,"position":1},"title":"Z\u00e9 Neto e Cristiano fazem show gratuito na regi\u00e3o de Ribeir\u00e3o Preto","author":"ismaelcolosi.com.br","date":"16 de July de 2024","format":false,"excerpt":"A dupla sertaneja Z\u00e9 Neto e Cristiano abre, nesta quarta-feira (17), a 33\u00aa Festa do Pe\u00e3o de Pitangueiras, cidade a 53 quil\u00f4metros de Ribeir\u00e3o Preto. O show para o setor pista \u00e9 gratuito. O evento acontece at\u00e9 s\u00e1bado (20), no Recinto de Exposi\u00e7\u00f5es de Pitangueiras. Confira a programa\u00e7\u00e3o musical: 17\/07\u2026","rel":"","context":"In &quot;Not\u00edcias de Ribeir\u00e3o Preto-SP e Regi\u00e3o&quot;","block_context":{"text":"Not\u00edcias de Ribeir\u00e3o Preto-SP e Regi\u00e3o","link":"https:\/\/ismaelcolosi.com.br\/index.php\/category\/noticias-de-ribeirao-preto-sp-e-regiao-ismael-colosi\/"},"img":{"alt_text":"","src":"https:\/\/i0.wp.com\/ismaelcolosi.com.br\/wp-content\/uploads\/2024\/06\/Copia-de-Copia-de-TAMANHO-EXATO-PARA-FOTOS-NO-SISTEMA-NOVO-10_2024-06-05_18-20-37_jpg_2024-06-05_18-20-37.webp.webp?fit=1200%2C675&ssl=1&resize=350%2C200","width":350,"height":200,"srcset":"https:\/\/i0.wp.com\/ismaelcolosi.com.br\/wp-content\/uploads\/2024\/06\/Copia-de-Copia-de-TAMANHO-EXATO-PARA-FOTOS-NO-SISTEMA-NOVO-10_2024-06-05_18-20-37_jpg_2024-06-05_18-20-37.webp.webp?fit=1200%2C675&ssl=1&resize=350%2C200 1x, https:\/\/i0.wp.com\/ismaelcolosi.com.br\/wp-content\/uploads\/2024\/06\/Copia-de-Copia-de-TAMANHO-EXATO-PARA-FOTOS-NO-SISTEMA-NOVO-10_2024-06-05_18-20-37_jpg_2024-06-05_18-20-37.webp.webp?fit=1200%2C675&ssl=1&resize=525%2C300 1.5x, https:\/\/i0.wp.com\/ismaelcolosi.com.br\/wp-content\/uploads\/2024\/06\/Copia-de-Copia-de-TAMANHO-EXATO-PARA-FOTOS-NO-SISTEMA-NOVO-10_2024-06-05_18-20-37_jpg_2024-06-05_18-20-37.webp.webp?fit=1200%2C675&ssl=1&resize=700%2C400 2x, https:\/\/i0.wp.com\/ismaelcolosi.com.br\/wp-content\/uploads\/2024\/06\/Copia-de-Copia-de-TAMANHO-EXATO-PARA-FOTOS-NO-SISTEMA-NOVO-10_2024-06-05_18-20-37_jpg_2024-06-05_18-20-37.webp.webp?fit=1200%2C675&ssl=1&resize=1050%2C600 3x"},"classes":[]},{"id":38827,"url":"https:\/\/ismaelcolosi.com.br\/index.php\/2024\/02\/21\/veja-os-valores-dos-ingressos-para-o-ribeirao-rodeo-music\/","url_meta":{"origin":52316,"position":2},"title":"Veja os valores dos ingressos para o Ribeir\u00e3o Rodeo Music","author":"ismaelcolosi.com.br","date":"21 de February de 2024","format":false,"excerpt":"Faltando dois meses para o Ribeir\u00e3o Rodeo Music, que acontece de 20 a 30 de abril, as vendas de ingressos para o evento j\u00e1 est\u00e3o acontecendo de forma on-line e, desde ter\u00e7a-feira (20), come\u00e7ou tamb\u00e9m nas lojas Oscar Cal\u00e7ados do Novo Shopping e no Centro de Ribeir\u00e3o Preto (veja abaixo).\u2026","rel":"","context":"In &quot;Not\u00edcias de Ribeir\u00e3o Preto-SP e Regi\u00e3o&quot;","block_context":{"text":"Not\u00edcias de Ribeir\u00e3o Preto-SP e Regi\u00e3o","link":"https:\/\/ismaelcolosi.com.br\/index.php\/category\/noticias-de-ribeirao-preto-sp-e-regiao-ismael-colosi\/"},"img":{"alt_text":"","src":"https:\/\/i0.wp.com\/ismaelcolosi.com.br\/wp-content\/uploads\/2024\/02\/3-10.jpg?fit=1200%2C675&ssl=1&resize=350%2C200","width":350,"height":200,"srcset":"https:\/\/i0.wp.com\/ismaelcolosi.com.br\/wp-content\/uploads\/2024\/02\/3-10.jpg?fit=1200%2C675&ssl=1&resize=350%2C200 1x, https:\/\/i0.wp.com\/ismaelcolosi.com.br\/wp-content\/uploads\/2024\/02\/3-10.jpg?fit=1200%2C675&ssl=1&resize=525%2C300 1.5x, https:\/\/i0.wp.com\/ismaelcolosi.com.br\/wp-content\/uploads\/2024\/02\/3-10.jpg?fit=1200%2C675&ssl=1&resize=700%2C400 2x, https:\/\/i0.wp.com\/ismaelcolosi.com.br\/wp-content\/uploads\/2024\/02\/3-10.jpg?fit=1200%2C675&ssl=1&resize=1050%2C600 3x"},"classes":[]},{"id":38844,"url":"https:\/\/ismaelcolosi.com.br\/index.php\/2024\/02\/21\/veja-os-valores-dos-ingressos-para-o-ribeirao-rodeo-music-2\/","url_meta":{"origin":52316,"position":3},"title":"Veja os valores dos ingressos para o Ribeir\u00e3o Rodeo Music","author":"ismaelcolosi.com.br","date":"21 de February de 2024","format":false,"excerpt":"Faltando dois meses para o Ribeir\u00e3o Rodeo Music, que acontece de 20 a 30 de abril, as vendas de ingressos para o evento j\u00e1 est\u00e3o acontecendo de forma on-line e, desde ter\u00e7a-feira (20), come\u00e7ou tamb\u00e9m nas lojas Oscar Cal\u00e7ados do Novo Shopping e no Centro de Ribeir\u00e3o Preto (veja abaixo).\u2026","rel":"","context":"In &quot;Not\u00edcias de Ribeir\u00e3o Preto-SP e Regi\u00e3o&quot;","block_context":{"text":"Not\u00edcias de Ribeir\u00e3o Preto-SP e Regi\u00e3o","link":"https:\/\/ismaelcolosi.com.br\/index.php\/category\/noticias-de-ribeirao-preto-sp-e-regiao-ismael-colosi\/"},"img":{"alt_text":"","src":"https:\/\/i0.wp.com\/ismaelcolosi.com.br\/wp-content\/uploads\/2024\/02\/1708560717_3-10.jpg?fit=1200%2C675&ssl=1&resize=350%2C200","width":350,"height":200,"srcset":"https:\/\/i0.wp.com\/ismaelcolosi.com.br\/wp-content\/uploads\/2024\/02\/1708560717_3-10.jpg?fit=1200%2C675&ssl=1&resize=350%2C200 1x, https:\/\/i0.wp.com\/ismaelcolosi.com.br\/wp-content\/uploads\/2024\/02\/1708560717_3-10.jpg?fit=1200%2C675&ssl=1&resize=525%2C300 1.5x, https:\/\/i0.wp.com\/ismaelcolosi.com.br\/wp-content\/uploads\/2024\/02\/1708560717_3-10.jpg?fit=1200%2C675&ssl=1&resize=700%2C400 2x, https:\/\/i0.wp.com\/ismaelcolosi.com.br\/wp-content\/uploads\/2024\/02\/1708560717_3-10.jpg?fit=1200%2C675&ssl=1&resize=1050%2C600 3x"},"classes":[]},{"id":38476,"url":"https:\/\/ismaelcolosi.com.br\/index.php\/2024\/02\/20\/ribeirao-rodeo-music-comeca-venda-de-ingressos-em-pontos-fisicos-veja-os-locais\/","url_meta":{"origin":52316,"position":4},"title":"Ribeir\u00e3o Rodeo Music come\u00e7a venda de ingressos em pontos f\u00edsicos; Veja os locais","author":"ismaelcolosi.com.br","date":"20 de February de 2024","format":false,"excerpt":"O Ribeir\u00e3o Rodeo Music liberou nesta ter\u00e7a-feira (20) a venda de ingressos nos pontos f\u00edsicos. Os interessados podem comprar as entradas para o rodeio nas lojas Oscar Cal\u00e7ados do Novo Shopping e no Centro de Ribeir\u00e3o Preto. Nos pontos f\u00edsicos, o p\u00fablico encontra ingressos para os setores: camarote Ballantine\u2019s Black\u2026","rel":"","context":"In &quot;Not\u00edcias de Ribeir\u00e3o Preto-SP e Regi\u00e3o&quot;","block_context":{"text":"Not\u00edcias de Ribeir\u00e3o Preto-SP e Regi\u00e3o","link":"https:\/\/ismaelcolosi.com.br\/index.php\/category\/noticias-de-ribeirao-preto-sp-e-regiao-ismael-colosi\/"},"img":{"alt_text":"","src":"https:\/\/i0.wp.com\/ismaelcolosi.com.br\/wp-content\/uploads\/2024\/02\/ribeirao-rodeo-music.jpg?fit=1200%2C781&ssl=1&resize=350%2C200","width":350,"height":200,"srcset":"https:\/\/i0.wp.com\/ismaelcolosi.com.br\/wp-content\/uploads\/2024\/02\/ribeirao-rodeo-music.jpg?fit=1200%2C781&ssl=1&resize=350%2C200 1x, https:\/\/i0.wp.com\/ismaelcolosi.com.br\/wp-content\/uploads\/2024\/02\/ribeirao-rodeo-music.jpg?fit=1200%2C781&ssl=1&resize=525%2C300 1.5x, https:\/\/i0.wp.com\/ismaelcolosi.com.br\/wp-content\/uploads\/2024\/02\/ribeirao-rodeo-music.jpg?fit=1200%2C781&ssl=1&resize=700%2C400 2x, https:\/\/i0.wp.com\/ismaelcolosi.com.br\/wp-content\/uploads\/2024\/02\/ribeirao-rodeo-music.jpg?fit=1200%2C781&ssl=1&resize=1050%2C600 3x"},"classes":[]},{"id":31275,"url":"https:\/\/ismaelcolosi.com.br\/index.php\/2024\/01\/21\/top-10-musicas-sertanejas-mais-tocadas-em-2024-janeiro\/","url_meta":{"origin":52316,"position":5},"title":"Top 10 M\u00fasicas Sertanejas Mais Tocadas em 2024 (Janeiro)","author":"ismaelcolosi.com.br","date":"21 de January de 2024","format":false,"excerpt":"Confira a lista das m\u00fasicas sertanejas mais tocadas. Ou\u00e7a a playlist das melhores m\u00fasicas sertanejas mais tocadas nas r\u00e1dios do Brasil. S\u00e3o portanto os maiores sucessos do g\u00eanero sertanejo que os ouvintes mais pedem para tocar. Desse modo, aproveite para ouvir o ranking do top sertanejo do momento atualizado(2024). Al\u00e9m\u2026","rel":"","context":"In &quot;Blog&quot;","block_context":{"text":"Blog","link":"https:\/\/ismaelcolosi.com.br\/index.php\/category\/blog\/"},"img":{"alt_text":"","src":"https:\/\/i0.wp.com\/ismaelcolosi.com.br\/wp-content\/uploads\/2024\/01\/Musicas-Sertanejas-Mais-Tocadas.jpg?fit=1200%2C799&ssl=1&resize=350%2C200","width":350,"height":200,"srcset":"https:\/\/i0.wp.com\/ismaelcolosi.com.br\/wp-content\/uploads\/2024\/01\/Musicas-Sertanejas-Mais-Tocadas.jpg?fit=1200%2C799&ssl=1&resize=350%2C200 1x, https:\/\/i0.wp.com\/ismaelcolosi.com.br\/wp-content\/uploads\/2024\/01\/Musicas-Sertanejas-Mais-Tocadas.jpg?fit=1200%2C799&ssl=1&resize=525%2C300 1.5x, https:\/\/i0.wp.com\/ismaelcolosi.com.br\/wp-content\/uploads\/2024\/01\/Musicas-Sertanejas-Mais-Tocadas.jpg?fit=1200%2C799&ssl=1&resize=700%2C400 2x, https:\/\/i0.wp.com\/ismaelcolosi.com.br\/wp-content\/uploads\/2024\/01\/Musicas-Sertanejas-Mais-Tocadas.jpg?fit=1200%2C799&ssl=1&resize=1050%2C600 3x"},"classes":[]}],"jetpack_sharing_enabled":true,"jetpack_shortlink":"https:\/\/wp.me\/pfMlyK-dBO","_links":{"self":[{"href":"https:\/\/ismaelcolosi.com.br\/index.php\/wp-json\/wp\/v2\/posts\/52316","targetHints":{"allow":["GET"]}}],"collection":[{"href":"https:\/\/ismaelcolosi.com.br\/index.php\/wp-json\/wp\/v2\/posts"}],"about":[{"href":"https:\/\/ismaelcolosi.com.br\/index.php\/wp-json\/wp\/v2\/types\/post"}],"author":[{"embeddable":true,"href":"https:\/\/ismaelcolosi.com.br\/index.php\/wp-json\/wp\/v2\/users\/1"}],"replies":[{"embeddable":true,"href":"https:\/\/ismaelcolosi.com.br\/index.php\/wp-json\/wp\/v2\/comments?post=52316"}],"version-history":[{"count":0,"href":"https:\/\/ismaelcolosi.com.br\/index.php\/wp-json\/wp\/v2\/posts\/52316\/revisions"}],"wp:featuredmedia":[{"embeddable":true,"href":"https:\/\/ismaelcolosi.com.br\/index.php\/wp-json\/wp\/v2\/media\/52317"}],"wp:attachment":[{"href":"https:\/\/ismaelcolosi.com.br\/index.php\/wp-json\/wp\/v2\/media?parent=52316"}],"wp:term":[{"taxonomy":"category","embeddable":true,"href":"https:\/\/ismaelcolosi.com.br\/index.php\/wp-json\/wp\/v2\/categories?post=52316"},{"taxonomy":"post_tag","embeddable":true,"href":"https:\/\/ismaelcolosi.com.br\/index.php\/wp-json\/wp\/v2\/tags?post=52316"}],"curies":[{"name":"wp","href":"https:\/\/api.w.org\/{rel}","templated":true}]}}