{"id":52310,"date":"2024-06-05T15:31:05","date_gmt":"2024-06-05T18:31:05","guid":{"rendered":"https:\/\/ismaelcolosi.com.br\/index.php\/2024\/06\/05\/caso-ruan-policia-pede-prisao-de-atirador-apos-morte-cerebral-de-jovem-em-ribeirao-preto\/"},"modified":"2024-06-05T15:31:05","modified_gmt":"2024-06-05T18:31:05","slug":"caso-ruan-policia-pede-prisao-de-atirador-apos-morte-cerebral-de-jovem-em-ribeirao-preto","status":"publish","type":"post","link":"https:\/\/ismaelcolosi.com.br\/index.php\/2024\/06\/05\/caso-ruan-policia-pede-prisao-de-atirador-apos-morte-cerebral-de-jovem-em-ribeirao-preto\/","title":{"rendered":"Caso Ruan: Pol\u00edcia pede pris\u00e3o de atirador ap\u00f3s morte cerebral de jovem em Ribeir\u00e3o Preto"},"content":{"rendered":"<p> <br \/>\n<\/p>\n<div>\n<p><strong>A Pol\u00edcia Civil pediu a pris\u00e3o tempor\u00e1ria do homem que confessou ser o atirador que baleou o jovem Ruan C\u00e9sar Godoi, de 22 anos, depois de uma confus\u00e3o em um estacionamento de ve\u00edculos na madrugada do \u00faltimo domingo (2), no Centro de Ribeir\u00e3o Preto.<\/strong><mark style=\"background-color:rgba(0, 0, 0, 0)\" class=\"has-inline-color has-black-color\"> <\/mark><mark style=\"background-color:#fcb900\" class=\"has-inline-color has-black-color\">A v\u00edtima, que n\u00e3o estava envolvida na confus\u00e3o e foi atingida na cabe\u00e7a por engano, teve morte cerebral nesta ter\u00e7a-feira (4), de acordo com a fam\u00edlia.<\/mark><\/p>\n<p><strong>Rafael Mazucato<\/strong> se apresentou \u00e0 <strong>pol\u00edcia <\/strong>na \u00faltima <strong>segunda-feira (3)<\/strong>, <mark style=\"background-color:#fcb900\" class=\"has-inline-color has-black-color\">prestou depoimento e acabou liberado.<\/mark><\/p><div class='code-block code-block-8' style='margin: 8px auto; text-align: center; display: block; clear: both;'>\n<script>\n  atOptions = {\n    'key' : '66e2e2111ca34da796271819fc334058',\n    'format' : 'iframe',\n    'height' : 250,\n    'width' : 300,\n    'params' : {}\n  };\n<\/script>\n<script src=\"https:\/\/www.highperformanceformat.com\/66e2e2111ca34da796271819fc334058\/invoke.js\"><\/script>\n<\/div>\n\n<p>A <strong>pol\u00edcia <\/strong>afirmou, por meio de nota de imprensa, que houve <strong>contradi\u00e7\u00f5es <\/strong>nos <strong>depoimentos <\/strong>de <strong>Rafael <\/strong>e do <strong>condutor <\/strong>da <strong>moto <\/strong>que o levou de volta at\u00e9 o <strong>estacionamento<\/strong>, identificado como <strong>Francisco Jos\u00e9 Mussi J\u00fanior<\/strong>. Em depoimento, <strong>Francisco <\/strong>havia alegado que tentou <strong>convencer Rafael <\/strong>a <strong>desistir <\/strong>de retornar ao local do crime ap\u00f3s pegar uma <strong>arma <\/strong>em <strong>casa<\/strong>, mas que foi <strong>amea\u00e7ado <\/strong>por ele. <\/p>\n<p>A <strong>pol\u00edcia <\/strong>disse que a <strong>pris\u00e3o <\/strong>de <strong>Rafael <\/strong>evita <strong>\u201cinterfer\u00eancias\u201d <\/strong>nas <strong>investiga\u00e7\u00f5es <\/strong>e garante o <strong>esclarecimento <\/strong>dos <strong>fatos<\/strong>. A pol\u00edcia tamb\u00e9m citou que o caso gera <strong>\u201cgrande como\u00e7\u00e3o social e clamor p\u00fablico\u201d<\/strong>.<\/p>\n<p>A <strong>Pol\u00edcia Civil<\/strong> explicou que a <strong>dupla de moto<\/strong> estava em uma <strong>casa de shows<\/strong> nas proximidades de onde ocorreu o <strong>crime <\/strong>e se envolveu em uma <strong>discuss\u00e3o <\/strong>com <strong>funcion\u00e1rio <\/strong>por causa do <strong>pagamento do estacionamento<\/strong>.<\/p>\n<p>A <strong>v\u00edtima <\/strong>tamb\u00e9m estava na <strong>casa de shows<\/strong> momentos antes do <strong>crime<\/strong>, de acordo com <strong>pol\u00edcia<\/strong>. O jovem seria ajudante de uma banda.<\/p>\n<h2 class=\"wp-block-heading\"><strong>O que dizem as defesas<\/strong><\/h2>\n<p>A <strong>defesa de Rafael Mazucato <\/strong>alegou que ele <strong>\u201cqueria dar um susto\u201d <\/strong>em um <strong>funcion\u00e1rio <\/strong>do <strong>estacionamento <\/strong>que o havia <strong>agredido <\/strong>na <strong>confus\u00e3o <\/strong>por causa do <strong>pagamento <\/strong>pelo do uso de uma <strong>vaga<\/strong>. <\/p>\n<p>J\u00e1 a <strong>defesa de Francisco Jos\u00e9 Mussi J\u00fanior<\/strong> disse que o seu <strong>cliente <\/strong>se <strong>apresentou espontaneamente<\/strong>, que pretende <strong>colaborar <\/strong>com a <strong>investiga\u00e7\u00e3o <\/strong>e <strong>provar\u00e1 <\/strong>sua <strong>inoc\u00eancia<\/strong>.<\/p>\n<h3 class=\"wp-block-heading\"><strong>Doa\u00e7\u00e3o de \u00f3rg\u00e3os<\/strong><\/h3>\n<p>A <strong>fam\u00edlia <\/strong>de <strong>Ruan C\u00e9sar Godoi<\/strong> pretende <strong>doar os \u00f3rg\u00e3os do jovem<\/strong>, depois de cumpridos os protocolos m\u00e9dicos de <strong>morte encef\u00e1lica<\/strong>.  <\/p>\n<p>Ainda n\u00e3o h\u00e1, por\u00e9m, informa\u00e7\u00f5es sobre o <strong>vel\u00f3rio <\/strong>e <strong>sepultamento<\/strong> do corpo da <strong>v\u00edtima<\/strong>.<\/p>\n<figure class=\"wp-block-image is-resized\"><img data-recalc-dims=\"1\" loading=\"lazy\" decoding=\"async\" src=\"https:\/\/i0.wp.com\/www.acidadeon.com\/ribeiraopreto\/wp-content\/uploads\/sites\/3\/2024\/06\/IMG_2453_2024-06-05_02-09-00_jpeg_2024-06-05_02-09-00.webp?resize=611%2C340&#038;ssl=1\" alt=\"\" class=\"wp-image-83585\" width=\"611\" height=\"340\" srcset=\"https:\/\/www.acidadeon.com\/ribeiraopreto\/wp-content\/uploads\/sites\/3\/2024\/06\/IMG_2453_2024-06-05_02-09-00_jpeg_2024-06-05_02-09-00.webp 611w, https:\/\/www.acidadeon.com\/ribeiraopreto\/wp-content\/uploads\/sites\/3\/2024\/06\/IMG_2453_2024-06-05_02-09-00_jpeg_2024-06-05_02-09-00-300x167.webp 300w\" sizes=\"auto, (max-width: 611px) 100vw, 611px\"\/><figcaption class=\"wp-element-caption\">Ruan C\u00e9sar Godoi, de 22 anos \u2013 Foto: Reprodu\u00e7\u00e3o \/ EPTV<\/figcaption><\/figure>\n<p>SAIBA MAIS<\/p>\n<p>Com veranico, confira as temperaturas previstas nos pr\u00f3ximos dias no interior de SP<\/p>\n<h4 class=\"wp-block-heading\"><strong>FIQUE ON<\/strong><\/h4>\n<p>Fique ligado em tudo que acontece em Ribeir\u00e3o Preto e regi\u00e3o. Siga os perfis do\u00a0<strong>acidade on\u00a0<\/strong>no\u00a0<a href=\"https:\/\/www.instagram.com\/acidadeonribeirao\" target=\"_blank\" rel=\"noreferrer noopener\">Instagram<\/a>\u00a0e no\u00a0<a href=\"https:\/\/www.facebook.com\/acidadeonribeirao\" target=\"_blank\" rel=\"noreferrer noopener\">Facebook<\/a>.<\/p>\n<p>Receba not\u00edcias do acidade on no WhatsApp. Para entrar no grupo, basta\u00a0<a href=\"https:\/\/chat.whatsapp.com\/CdrZ6xrf7quD44Vw3WlPuZ\" target=\"_blank\" rel=\"noreferrer noopener\">clicar aqui<\/a>.<\/p>\n<p>Fa\u00e7a uma den\u00fancia ou sugira uma reportagem sobre Ribeir\u00e3o Preto e regi\u00e3o pelo WhatsApp: 16 99117 7802.<\/p>\n<p>VEJA TAMB\u00c9M<\/p>\n<p>Que horas come\u00e7a a greve de \u00f4nibus em SP?<\/p>\n<p><!-- AI CONTENT END 1 -->\n<\/div>\n<p><script async src=\"\/\/www.instagram.com\/embed.js\"><\/script><br \/>\n<br \/><br \/>\n<br \/><a href=\"https:\/\/www.acidadeon.com\/ribeiraopreto\/cotidiano\/caso-ruan-policia-pede-prisao-de-atirador-apos-morte-cerebral-de-jovem-em-ribeirao-preto\/\">Source link <\/a><\/p>\n<div class='code-block code-block-4' style='margin: 8px auto 8px 0; text-align: left; display: block; clear: both;'>\n\ud83d\udce2 Aviso Legal\n\nO site ismaelcolosi.com.br atua apenas como um canal de divulga\u00e7\u00e3o de oportunidades de emprego e n\u00e3o se responsabiliza pelo processo seletivo, contrata\u00e7\u00e3o ou qualquer outra etapa relacionada \u00e0s vagas publicadas. Todas as informa\u00e7\u00f5es s\u00e3o de responsabilidade dos anunciantes.\n\n\u26a0\ufe0f Aten\u00e7\u00e3o! Nunca pague por promessas de emprego nem compre cursos que garantam contrata\u00e7\u00e3o. Desconfie de qualquer cobran\u00e7a para participar de sele\u00e7\u00f5es.\n\n\n<div data-type=\"_mgwidget\" data-widget-id=\"2000896\">\n<\/div>\n<script>(function(w,q){w[q]=w[q]||[];w[q].push([\"_mgc.load\"])})(window,\"_mgq\");\n<\/script>\n<\/div>\n<!-- CONTENT END 1 -->\n","protected":false},"excerpt":{"rendered":"<p>A Pol\u00edcia Civil pediu a pris\u00e3o tempor\u00e1ria do homem que confessou ser o atirador que baleou o jovem Ruan C\u00e9sar Godoi, de 22 anos, depois&#8230;<\/p>\n","protected":false},"author":1,"featured_media":52311,"comment_status":"open","ping_status":"open","sticky":false,"template":"","format":"standard","meta":{"_uag_custom_page_level_css":"","jetpack_post_was_ever_published":false,"_jetpack_newsletter_access":"","_jetpack_dont_email_post_to_subs":false,"_jetpack_newsletter_tier_id":0,"_jetpack_memberships_contains_paywalled_content":false,"_jetpack_memberships_contains_paid_content":false,"footnotes":"","jetpack_publicize_message":"","jetpack_publicize_feature_enabled":true,"jetpack_social_post_already_shared":true,"jetpack_social_options":{"image_generator_settings":{"template":"highway","default_image_id":0,"font":"","enabled":false},"version":2}},"categories":[11],"tags":[],"class_list":["post-52310","post","type-post","status-publish","format-standard","has-post-thumbnail","hentry","category-noticias-de-ribeirao-preto-sp-e-regiao-ismael-colosi"],"aioseo_notices":[],"jetpack_publicize_connections":[],"jetpack_featured_media_url":"https:\/\/i0.wp.com\/ismaelcolosi.com.br\/wp-content\/uploads\/2024\/06\/cpj_policia_1200x675_30012022162443.jpg?fit=1200%2C675&ssl=1","uagb_featured_image_src":{"full":["https:\/\/i0.wp.com\/ismaelcolosi.com.br\/wp-content\/uploads\/2024\/06\/cpj_policia_1200x675_30012022162443.jpg?fit=1200%2C675&ssl=1",1200,675,false],"thumbnail":["https:\/\/i0.wp.com\/ismaelcolosi.com.br\/wp-content\/uploads\/2024\/06\/cpj_policia_1200x675_30012022162443.jpg?resize=150%2C150&ssl=1",150,150,true],"medium":["https:\/\/i0.wp.com\/ismaelcolosi.com.br\/wp-content\/uploads\/2024\/06\/cpj_policia_1200x675_30012022162443.jpg?fit=300%2C169&ssl=1",300,169,true],"medium_large":["https:\/\/i0.wp.com\/ismaelcolosi.com.br\/wp-content\/uploads\/2024\/06\/cpj_policia_1200x675_30012022162443.jpg?fit=768%2C432&ssl=1",768,432,true],"large":["https:\/\/i0.wp.com\/ismaelcolosi.com.br\/wp-content\/uploads\/2024\/06\/cpj_policia_1200x675_30012022162443.jpg?fit=1024%2C576&ssl=1",1024,576,true],"1536x1536":["https:\/\/i0.wp.com\/ismaelcolosi.com.br\/wp-content\/uploads\/2024\/06\/cpj_policia_1200x675_30012022162443.jpg?fit=1200%2C675&ssl=1",1200,675,true],"2048x2048":["https:\/\/i0.wp.com\/ismaelcolosi.com.br\/wp-content\/uploads\/2024\/06\/cpj_policia_1200x675_30012022162443.jpg?fit=1200%2C675&ssl=1",1200,675,true],"really-simple-thumb":["https:\/\/i0.wp.com\/ismaelcolosi.com.br\/wp-content\/uploads\/2024\/06\/cpj_policia_1200x675_30012022162443.jpg?resize=370%2C247&ssl=1",370,247,true]},"uagb_author_info":{"display_name":"ismaelcolosi.com.br","author_link":"https:\/\/ismaelcolosi.com.br\/index.php\/author\/vidareal-online\/"},"uagb_comment_info":0,"uagb_excerpt":"A Pol\u00edcia Civil pediu a pris\u00e3o tempor\u00e1ria do homem que confessou ser o atirador que baleou o jovem Ruan C\u00e9sar Godoi, de 22 anos, depois...","jetpack-related-posts":[{"id":52438,"url":"https:\/\/ismaelcolosi.com.br\/index.php\/2024\/06\/06\/corpo-do-jovem-ruan-godoi-sera-velado-nesta-quinta-e-sexta-em-ribeirao-preto\/","url_meta":{"origin":52310,"position":0},"title":"Corpo do jovem Ruan Godoi ser\u00e1 velado nesta quinta e sexta em Ribeir\u00e3o Preto","author":"ismaelcolosi.com.br","date":"6 de June de 2024","format":false,"excerpt":"O vel\u00f3rio do jovem Ruan C\u00e9sar Godoi, de 22 anos, morto ap\u00f3s ser baleado na cabe\u00e7a por engano, ser\u00e1 realizado entre esta quinta-feira (6) e sexta-feira (7), em Ribeir\u00e3o Preto. Segundo informa\u00e7\u00f5es divulgadas pela funer\u00e1ria respons\u00e1vel, o vel\u00f3rio ter\u00e1 in\u00edcio \u00e0s 16h desta quinta, na Sala Hibisco Memorial Parque dos\u2026","rel":"","context":"In &quot;Not\u00edcias de Ribeir\u00e3o Preto-SP e Regi\u00e3o&quot;","block_context":{"text":"Not\u00edcias de Ribeir\u00e3o Preto-SP e Regi\u00e3o","link":"https:\/\/ismaelcolosi.com.br\/index.php\/category\/noticias-de-ribeirao-preto-sp-e-regiao-ismael-colosi\/"},"img":{"alt_text":"","src":"https:\/\/i0.wp.com\/ismaelcolosi.com.br\/wp-content\/uploads\/2024\/06\/IMG_2453_2024-06-05_02-09-00_jpeg_2024-06-05_02-09-00.webp.webp?fit=611%2C340&ssl=1&resize=350%2C200","width":350,"height":200,"srcset":"https:\/\/i0.wp.com\/ismaelcolosi.com.br\/wp-content\/uploads\/2024\/06\/IMG_2453_2024-06-05_02-09-00_jpeg_2024-06-05_02-09-00.webp.webp?fit=611%2C340&ssl=1&resize=350%2C200 1x, https:\/\/i0.wp.com\/ismaelcolosi.com.br\/wp-content\/uploads\/2024\/06\/IMG_2453_2024-06-05_02-09-00_jpeg_2024-06-05_02-09-00.webp.webp?fit=611%2C340&ssl=1&resize=525%2C300 1.5x"},"classes":[]},{"id":52543,"url":"https:\/\/ismaelcolosi.com.br\/index.php\/2024\/06\/07\/corpo-de-jovem-baleado-por-engano-e-sepultado-sob-comocao-em-ribeirao-preto\/","url_meta":{"origin":52310,"position":1},"title":"Corpo de jovem baleado por engano \u00e9 sepultado sob como\u00e7\u00e3o em Ribeir\u00e3o Preto","author":"ismaelcolosi.com.br","date":"7 de June de 2024","format":false,"excerpt":"O jovem Ruan C\u00e9sar Godoi, de 22 anos, morto ap\u00f3s ser baleado na cabe\u00e7a por engano, foi sepultado na manh\u00e3 desta sexta-feira (7), em Ribeir\u00e3o Preto. A despedida reuniu centenas de familiares e amigos da v\u00edtima. O vel\u00f3rio teve in\u00edcio na tarde desta quinta-feira (6), no Memorial Parque dos Girass\u00f3is,\u2026","rel":"","context":"In &quot;Not\u00edcias de Ribeir\u00e3o Preto-SP e Regi\u00e3o&quot;","block_context":{"text":"Not\u00edcias de Ribeir\u00e3o Preto-SP e Regi\u00e3o","link":"https:\/\/ismaelcolosi.com.br\/index.php\/category\/noticias-de-ribeirao-preto-sp-e-regiao-ismael-colosi\/"},"img":{"alt_text":"","src":"https:\/\/i0.wp.com\/ismaelcolosi.com.br\/wp-content\/uploads\/2024\/06\/WhatsApp-Image-2024-06-07-at-11.53.08_2024-06-07_15-26-07_jpeg_2024-06-07_15-26-07.webp.webp?fit=1200%2C675&ssl=1&resize=350%2C200","width":350,"height":200,"srcset":"https:\/\/i0.wp.com\/ismaelcolosi.com.br\/wp-content\/uploads\/2024\/06\/WhatsApp-Image-2024-06-07-at-11.53.08_2024-06-07_15-26-07_jpeg_2024-06-07_15-26-07.webp.webp?fit=1200%2C675&ssl=1&resize=350%2C200 1x, https:\/\/i0.wp.com\/ismaelcolosi.com.br\/wp-content\/uploads\/2024\/06\/WhatsApp-Image-2024-06-07-at-11.53.08_2024-06-07_15-26-07_jpeg_2024-06-07_15-26-07.webp.webp?fit=1200%2C675&ssl=1&resize=525%2C300 1.5x, https:\/\/i0.wp.com\/ismaelcolosi.com.br\/wp-content\/uploads\/2024\/06\/WhatsApp-Image-2024-06-07-at-11.53.08_2024-06-07_15-26-07_jpeg_2024-06-07_15-26-07.webp.webp?fit=1200%2C675&ssl=1&resize=700%2C400 2x, https:\/\/i0.wp.com\/ismaelcolosi.com.br\/wp-content\/uploads\/2024\/06\/WhatsApp-Image-2024-06-07-at-11.53.08_2024-06-07_15-26-07_jpeg_2024-06-07_15-26-07.webp.webp?fit=1200%2C675&ssl=1&resize=1050%2C600 3x"},"classes":[]},{"id":52460,"url":"https:\/\/ismaelcolosi.com.br\/index.php\/2024\/06\/06\/caso-ruan-suspeito-de-atirar-e-matar-jovem-por-engano-tem-prisao-temporaria-decretada\/","url_meta":{"origin":52310,"position":2},"title":"Caso Ruan: Suspeito de atirar e matar jovem por engano tem pris\u00e3o tempor\u00e1ria decretada","author":"ismaelcolosi.com.br","date":"6 de June de 2024","format":false,"excerpt":"Foi decretada, nesta quinta-feira (06), a pris\u00e3o tempor\u00e1ria de Rafael Mazucato, o homem acusado de atirar e matar o jovem Ruan C\u00e9sar Godoi, de 22 anos, em um estacionamento no Centro de Ribeir\u00e3o Preto, no \u00faltimo final de semana. O acusado se apresentou na delegacia de Ribeir\u00e3o Preto e foi\u2026","rel":"","context":"In &quot;Not\u00edcias de Ribeir\u00e3o Preto-SP e Regi\u00e3o&quot;","block_context":{"text":"Not\u00edcias de Ribeir\u00e3o Preto-SP e Regi\u00e3o","link":"https:\/\/ismaelcolosi.com.br\/index.php\/category\/noticias-de-ribeirao-preto-sp-e-regiao-ismael-colosi\/"},"img":{"alt_text":"","src":"https:\/\/i0.wp.com\/ismaelcolosi.com.br\/wp-content\/uploads\/2024\/06\/Copia-de-Copia-de-TAMANHO-EXATO-PARA-FOTOS-NO-SISTEMA-NOVO-67_2024-06-06_20-37-58_png_2024-06-06_20-37-58.webp.webp?fit=1200%2C675&ssl=1&resize=350%2C200","width":350,"height":200,"srcset":"https:\/\/i0.wp.com\/ismaelcolosi.com.br\/wp-content\/uploads\/2024\/06\/Copia-de-Copia-de-TAMANHO-EXATO-PARA-FOTOS-NO-SISTEMA-NOVO-67_2024-06-06_20-37-58_png_2024-06-06_20-37-58.webp.webp?fit=1200%2C675&ssl=1&resize=350%2C200 1x, https:\/\/i0.wp.com\/ismaelcolosi.com.br\/wp-content\/uploads\/2024\/06\/Copia-de-Copia-de-TAMANHO-EXATO-PARA-FOTOS-NO-SISTEMA-NOVO-67_2024-06-06_20-37-58_png_2024-06-06_20-37-58.webp.webp?fit=1200%2C675&ssl=1&resize=525%2C300 1.5x, https:\/\/i0.wp.com\/ismaelcolosi.com.br\/wp-content\/uploads\/2024\/06\/Copia-de-Copia-de-TAMANHO-EXATO-PARA-FOTOS-NO-SISTEMA-NOVO-67_2024-06-06_20-37-58_png_2024-06-06_20-37-58.webp.webp?fit=1200%2C675&ssl=1&resize=700%2C400 2x, https:\/\/i0.wp.com\/ismaelcolosi.com.br\/wp-content\/uploads\/2024\/06\/Copia-de-Copia-de-TAMANHO-EXATO-PARA-FOTOS-NO-SISTEMA-NOVO-67_2024-06-06_20-37-58_png_2024-06-06_20-37-58.webp.webp?fit=1200%2C675&ssl=1&resize=1050%2C600 3x"},"classes":[]},{"id":55272,"url":"https:\/\/ismaelcolosi.com.br\/index.php\/2024\/07\/01\/decretada-prisao-preventiva-de-suspeito-de-matar-jovem-em-estacionamento-de-ribeirao\/","url_meta":{"origin":52310,"position":3},"title":"Decretada pris\u00e3o preventiva de suspeito de matar jovem em estacionamento de Ribeir\u00e3o","author":"ismaelcolosi.com.br","date":"1 de July de 2024","format":false,"excerpt":"O TJ-SP (Tribunal de Justi\u00e7a de S\u00e3o Paulo) decretou, nesta segunda-feira (1), a pris\u00e3o preventiva de Rafael Mazzucato, que atirou e matou, por engano, o jovem Ruan C\u00e9sar Godoi, de 22 anos. A decis\u00e3o foi baseada no pedido do MP-SP (Minist\u00e9rio P\u00fablico de S\u00e3o Paulo). Al\u00e9m de acatar o novo\u2026","rel":"","context":"In &quot;Not\u00edcias de Ribeir\u00e3o Preto-SP e Regi\u00e3o&quot;","block_context":{"text":"Not\u00edcias de Ribeir\u00e3o Preto-SP e Regi\u00e3o","link":"https:\/\/ismaelcolosi.com.br\/index.php\/category\/noticias-de-ribeirao-preto-sp-e-regiao-ismael-colosi\/"},"img":{"alt_text":"","src":"https:\/\/i0.wp.com\/ismaelcolosi.com.br\/wp-content\/uploads\/2024\/07\/Capturar_2024-07-01_21-26-08_jpg_2024-07-01_21-26-08.webp.webp?fit=851%2C482&ssl=1&resize=350%2C200","width":350,"height":200,"srcset":"https:\/\/i0.wp.com\/ismaelcolosi.com.br\/wp-content\/uploads\/2024\/07\/Capturar_2024-07-01_21-26-08_jpg_2024-07-01_21-26-08.webp.webp?fit=851%2C482&ssl=1&resize=350%2C200 1x, https:\/\/i0.wp.com\/ismaelcolosi.com.br\/wp-content\/uploads\/2024\/07\/Capturar_2024-07-01_21-26-08_jpg_2024-07-01_21-26-08.webp.webp?fit=851%2C482&ssl=1&resize=525%2C300 1.5x, https:\/\/i0.wp.com\/ismaelcolosi.com.br\/wp-content\/uploads\/2024\/07\/Capturar_2024-07-01_21-26-08_jpg_2024-07-01_21-26-08.webp.webp?fit=851%2C482&ssl=1&resize=700%2C400 2x"},"classes":[]},{"id":53117,"url":"https:\/\/ismaelcolosi.com.br\/index.php\/2024\/06\/13\/caso-ruan-preso-motociclista-envolvido-em-caso-de-jovem-morto-por-engano-em-ribeirao\/","url_meta":{"origin":52310,"position":4},"title":"Caso Ruan: Preso motociclista envolvido em caso de jovem morto por engano em Ribeir\u00e3o","author":"ismaelcolosi.com.br","date":"13 de June de 2024","format":false,"excerpt":"O motociclista Francisco Musse J\u00fanior, envolvido na morte do jovem Ruan C\u00e9sar Godoi, de 22 anos, morto por engano, foi preso na tarde desta quinta-feira (13). O crime aconteceu em um estacionamento no Centro de Ribeir\u00e3o Preto, no \u00faltimo domingo (2). Francisco se apresentou na Delegacia de Homic\u00eddios acompanhado da\u2026","rel":"","context":"In &quot;Not\u00edcias de Ribeir\u00e3o Preto-SP e Regi\u00e3o&quot;","block_context":{"text":"Not\u00edcias de Ribeir\u00e3o Preto-SP e Regi\u00e3o","link":"https:\/\/ismaelcolosi.com.br\/index.php\/category\/noticias-de-ribeirao-preto-sp-e-regiao-ismael-colosi\/"},"img":{"alt_text":"","src":"https:\/\/i0.wp.com\/ismaelcolosi.com.br\/wp-content\/uploads\/2024\/06\/IMG_2453_2024-06-05_02-09-00_jpeg_2024-06-05_02-09-00.webp.webp?fit=611%2C340&ssl=1&resize=350%2C200","width":350,"height":200,"srcset":"https:\/\/i0.wp.com\/ismaelcolosi.com.br\/wp-content\/uploads\/2024\/06\/IMG_2453_2024-06-05_02-09-00_jpeg_2024-06-05_02-09-00.webp.webp?fit=611%2C340&ssl=1&resize=350%2C200 1x, https:\/\/i0.wp.com\/ismaelcolosi.com.br\/wp-content\/uploads\/2024\/06\/IMG_2453_2024-06-05_02-09-00_jpeg_2024-06-05_02-09-00.webp.webp?fit=611%2C340&ssl=1&resize=525%2C300 1.5x"},"classes":[]},{"id":52219,"url":"https:\/\/ismaelcolosi.com.br\/index.php\/2024\/06\/04\/morre-jovem-baleado-por-engano-em-estacionamento-no-centro-de-ribeirao\/","url_meta":{"origin":52310,"position":5},"title":"Morre jovem baleado por engano em estacionamento no Centro de Ribeir\u00e3o","author":"ismaelcolosi.com.br","date":"4 de June de 2024","format":false,"excerpt":"Morreu na noite desta ter\u00e7a-feira (04), o jovem baleado por engano, ap\u00f3s uma confus\u00e3o em um estacionamento de ve\u00edculos, neste final de semana, em Ribeir\u00e3o Preto. A informa\u00e7\u00e3o foi confirmada pelo pai da v\u00edtima. Segundo o boletim de ocorr\u00eancia (BO), Ruan C\u00e9sar Godoi, de 22 anos, seria cliente do estacionamento\u2026","rel":"","context":"In &quot;Not\u00edcias de Ribeir\u00e3o Preto-SP e Regi\u00e3o&quot;","block_context":{"text":"Not\u00edcias de Ribeir\u00e3o Preto-SP e Regi\u00e3o","link":"https:\/\/ismaelcolosi.com.br\/index.php\/category\/noticias-de-ribeirao-preto-sp-e-regiao-ismael-colosi\/"},"img":{"alt_text":"","src":"https:\/\/i0.wp.com\/ismaelcolosi.com.br\/wp-content\/uploads\/2024\/06\/IMG_2453_2024-06-05_02-09-00_jpeg_2024-06-05_02-09-00.webp.webp?fit=611%2C340&ssl=1&resize=350%2C200","width":350,"height":200,"srcset":"https:\/\/i0.wp.com\/ismaelcolosi.com.br\/wp-content\/uploads\/2024\/06\/IMG_2453_2024-06-05_02-09-00_jpeg_2024-06-05_02-09-00.webp.webp?fit=611%2C340&ssl=1&resize=350%2C200 1x, https:\/\/i0.wp.com\/ismaelcolosi.com.br\/wp-content\/uploads\/2024\/06\/IMG_2453_2024-06-05_02-09-00_jpeg_2024-06-05_02-09-00.webp.webp?fit=611%2C340&ssl=1&resize=525%2C300 1.5x"},"classes":[]}],"jetpack_sharing_enabled":true,"jetpack_shortlink":"https:\/\/wp.me\/pfMlyK-dBI","_links":{"self":[{"href":"https:\/\/ismaelcolosi.com.br\/index.php\/wp-json\/wp\/v2\/posts\/52310","targetHints":{"allow":["GET"]}}],"collection":[{"href":"https:\/\/ismaelcolosi.com.br\/index.php\/wp-json\/wp\/v2\/posts"}],"about":[{"href":"https:\/\/ismaelcolosi.com.br\/index.php\/wp-json\/wp\/v2\/types\/post"}],"author":[{"embeddable":true,"href":"https:\/\/ismaelcolosi.com.br\/index.php\/wp-json\/wp\/v2\/users\/1"}],"replies":[{"embeddable":true,"href":"https:\/\/ismaelcolosi.com.br\/index.php\/wp-json\/wp\/v2\/comments?post=52310"}],"version-history":[{"count":0,"href":"https:\/\/ismaelcolosi.com.br\/index.php\/wp-json\/wp\/v2\/posts\/52310\/revisions"}],"wp:featuredmedia":[{"embeddable":true,"href":"https:\/\/ismaelcolosi.com.br\/index.php\/wp-json\/wp\/v2\/media\/52311"}],"wp:attachment":[{"href":"https:\/\/ismaelcolosi.com.br\/index.php\/wp-json\/wp\/v2\/media?parent=52310"}],"wp:term":[{"taxonomy":"category","embeddable":true,"href":"https:\/\/ismaelcolosi.com.br\/index.php\/wp-json\/wp\/v2\/categories?post=52310"},{"taxonomy":"post_tag","embeddable":true,"href":"https:\/\/ismaelcolosi.com.br\/index.php\/wp-json\/wp\/v2\/tags?post=52310"}],"curies":[{"name":"wp","href":"https:\/\/api.w.org\/{rel}","templated":true}]}}