{"id":52286,"date":"2024-06-05T12:53:04","date_gmt":"2024-06-05T15:53:04","guid":{"rendered":"https:\/\/ismaelcolosi.com.br\/index.php\/2024\/06\/05\/funcionarios-da-eletrobras-rejeitam-proposta-e-marcam-greve-a-partir-de-10-de-junho\/"},"modified":"2024-06-05T12:53:04","modified_gmt":"2024-06-05T15:53:04","slug":"funcionarios-da-eletrobras-rejeitam-proposta-e-marcam-greve-a-partir-de-10-de-junho","status":"publish","type":"post","link":"https:\/\/ismaelcolosi.com.br\/index.php\/2024\/06\/05\/funcionarios-da-eletrobras-rejeitam-proposta-e-marcam-greve-a-partir-de-10-de-junho\/","title":{"rendered":"Funcion\u00e1rios da Eletrobras rejeitam proposta e marcam greve a partir de 10 de junho"},"content":{"rendered":"<p> <br \/>\n<\/p>\n<div id=\"\">\n<div class=\"content-infos\">\n<div class=\"texts\">\n<p class=\"author tooltip-comp\"> Estad\u00e3o Conte\u00fado<span class=\"icon-i\">i<\/span><span class=\"tooltiptext\"> <span class=\"author\"><span>Estad\u00e3o Conte\u00fado<\/span> <\/span><span class=\"desc\"\/> <\/span><\/p>\n<p>05\/06\/2024 &#8211; 11:52<\/p><div class='code-block code-block-8' style='margin: 8px auto; text-align: center; display: block; clear: both;'>\n<script>\n  atOptions = {\n    'key' : '66e2e2111ca34da796271819fc334058',\n    'format' : 'iframe',\n    'height' : 250,\n    'width' : 300,\n    'params' : {}\n  };\n<\/script>\n<script src=\"https:\/\/www.highperformanceformat.com\/66e2e2111ca34da796271819fc334058\/invoke.js\"><\/script>\n<\/div>\n\n<\/div>\n<div id=\"share-modal\" class=\"share-modal\"> <button class=\"box-close btn-share\"> <img decoding=\"async\" src=\"https:\/\/istoedinheiro.com.br\/wp-content\/themes\/dinheiro-wp-theme\/assets\/img\/svg\/closeIcon.svg?x46096\" alt=\"Close icon\" class=\"close-btn lazy\"\/> <\/button><\/div>\n<\/p><\/div>\n<p>Em assembleias realizadas em todas as bases da Eletrobras no Pa\u00eds nos \u00faltimos dois dias, os funcion\u00e1rios da empresa privatizada h\u00e1 dois anos decidiram rejeitar o Acordo Coletivo de Trabalho (ACT) 2024\/26 e iniciar uma greve por tempo indeterminado a partir da pr\u00f3xima segunda-feira, 10, informou o Coletivo Nacional dos Eletricit\u00e1rios (CNE). A categoria decidiu tamb\u00e9m pedir a media\u00e7\u00e3o pr\u00e9-processual no Tribunal Superior do Trabalho (TST).<\/p>\n<p>\u201cAinda tem assembleias em bases menores hoje, mas tivemos mais de 90% deliberados\u201d, informou o CNE.<\/p>\n<p><strong>+ Eletrobras tem lucro de R$ 331 milh\u00f5es no 1\u00ba trimestre, queda anual de 19%<\/strong><\/p>\n<p>Segundo a Eletrobras, as bases que tiverem aceitado o acordo receber\u00e3o abonos salariais na pr\u00f3xima sexta-feira, 7.<\/p>\n<p>A Eletrobras apresentou uma proposta de acordo coletivo que reduzia o sal\u00e1rio de quem ganhava abaixo de R$ 16 mil em 12,5%, corte reduzido para 10% e depois retirado da mesa.<\/p>\n<h3>Proposta prev\u00ea dois anos sem reajuste<\/h3>\n<p>Na proposta final, apresentada na quinta e \u00faltima reuni\u00e3o entre as partes, no dia 23 de maio, a empresa manteve o corte para quem ganha acima de R$ 16 mil, mas por meio de negocia\u00e7\u00f5es individuais. A data de vig\u00eancia do ACT atual termina em 7 de junho.<\/p>\n<p>Pela proposta, os sal\u00e1rios atuais para quem ganha mais de R$ 6 mil ficariam sem reajuste por dois anos, e quem ganha abaixo disso receberia 100% do \u00cdndice Nacional de Pre\u00e7os ao Consumidor Amplo (IPCA), tamb\u00e9m durante a vig\u00eancia do ACT 2024\/26.<\/p>\n<p>Os benef\u00edcios recebidos pelos empregados tamb\u00e9m n\u00e3o ter\u00e3o reajustes no per\u00edodo.<\/p>\n<p>O CNE acusa a empresa de fazer press\u00e3o sobre os empregados para aprova\u00e7\u00e3o do acordo, com o pagamento do abono de R$ 9 mil at\u00e9 sexta-feira, enquanto as perdas com o novo ACT, em dois anos, seriam de R$ 51 mil, em m\u00e9dia, para cada trabalhador.<\/p>\n<div id=\"share-modal\" class=\"share-modal\"> <button class=\"box-close btn-share\"> <img decoding=\"async\" src=\"https:\/\/istoedinheiro.com.br\/wp-content\/themes\/dinheiro-wp-theme\/assets\/img\/svg\/closeIcon.svg?x46096\" alt=\"Close icon\" class=\"close-btn lazy\"\/> <\/button><\/div>\n<\/p><\/div>\n<p><script>!function(f,b,e,v,n,t,s){if(f.fbq)return;n=f.fbq=function(){n.callMethod?n.callMethod.apply(n,arguments):n.queue.push(arguments)};if(!f._fbq)f._fbq=n;n.push=n;n.loaded=!0;n.version='2.0';n.queue=[];t=b.createElement(e);t.async=!0;t.src=v;s=b.getElementsByTagName(e)[0];s.parentNode.insertBefore(t,s)}(window,document,'script','<\/script><br \/>\n<br \/><br \/>\n<br \/><a href=\"https:\/\/istoedinheiro.com.br\/funcionarios-da-eletrobras-rejeitam-proposta-de-act-e-decidem-por-greve-a-partir-de-10-de-junho-2\/\">Source link <\/a><\/p>\n<div class='code-block code-block-4' style='margin: 8px auto 8px 0; text-align: left; display: block; clear: both;'>\n\ud83d\udce2 Aviso Legal\n\nO site ismaelcolosi.com.br atua apenas como um canal de divulga\u00e7\u00e3o de oportunidades de emprego e n\u00e3o se responsabiliza pelo processo seletivo, contrata\u00e7\u00e3o ou qualquer outra etapa relacionada \u00e0s vagas publicadas. Todas as informa\u00e7\u00f5es s\u00e3o de responsabilidade dos anunciantes.\n\n\u26a0\ufe0f Aten\u00e7\u00e3o! Nunca pague por promessas de emprego nem compre cursos que garantam contrata\u00e7\u00e3o. Desconfie de qualquer cobran\u00e7a para participar de sele\u00e7\u00f5es.\n\n\n<div data-type=\"_mgwidget\" data-widget-id=\"2000896\">\n<\/div>\n<script>(function(w,q){w[q]=w[q]||[];w[q].push([\"_mgc.load\"])})(window,\"_mgq\");\n<\/script>\n<\/div>\n<!-- CONTENT END 1 -->\n","protected":false},"excerpt":{"rendered":"<p>Estad\u00e3o Conte\u00fadoi Estad\u00e3o Conte\u00fado 05\/06\/2024 &#8211; 11:52 Em assembleias realizadas em todas as bases da Eletrobras no Pa\u00eds nos \u00faltimos dois dias, os funcion\u00e1rios da&#8230;<\/p>\n","protected":false},"author":1,"featured_media":52287,"comment_status":"open","ping_status":"open","sticky":false,"template":"","format":"standard","meta":{"_uag_custom_page_level_css":"","jetpack_post_was_ever_published":false,"_jetpack_newsletter_access":"","_jetpack_dont_email_post_to_subs":false,"_jetpack_newsletter_tier_id":0,"_jetpack_memberships_contains_paywalled_content":false,"_jetpack_memberships_contains_paid_content":false,"footnotes":"","jetpack_publicize_message":"","jetpack_publicize_feature_enabled":true,"jetpack_social_post_already_shared":true,"jetpack_social_options":{"image_generator_settings":{"template":"highway","default_image_id":0,"font":"","enabled":false},"version":2}},"categories":[3598],"tags":[],"class_list":["post-52286","post","type-post","status-publish","format-standard","has-post-thumbnail","hentry","category-empregos-classificados-vagas-trabalho"],"aioseo_notices":[],"jetpack_publicize_connections":[],"jetpack_featured_media_url":"https:\/\/i0.wp.com\/ismaelcolosi.com.br\/wp-content\/uploads\/2024\/06\/eletrobras.jpg?fit=1170%2C700&ssl=1","uagb_featured_image_src":{"full":["https:\/\/i0.wp.com\/ismaelcolosi.com.br\/wp-content\/uploads\/2024\/06\/eletrobras.jpg?fit=1170%2C700&ssl=1",1170,700,false],"thumbnail":["https:\/\/i0.wp.com\/ismaelcolosi.com.br\/wp-content\/uploads\/2024\/06\/eletrobras.jpg?resize=150%2C150&ssl=1",150,150,true],"medium":["https:\/\/i0.wp.com\/ismaelcolosi.com.br\/wp-content\/uploads\/2024\/06\/eletrobras.jpg?fit=300%2C179&ssl=1",300,179,true],"medium_large":["https:\/\/i0.wp.com\/ismaelcolosi.com.br\/wp-content\/uploads\/2024\/06\/eletrobras.jpg?fit=768%2C459&ssl=1",768,459,true],"large":["https:\/\/i0.wp.com\/ismaelcolosi.com.br\/wp-content\/uploads\/2024\/06\/eletrobras.jpg?fit=1024%2C613&ssl=1",1024,613,true],"1536x1536":["https:\/\/i0.wp.com\/ismaelcolosi.com.br\/wp-content\/uploads\/2024\/06\/eletrobras.jpg?fit=1170%2C700&ssl=1",1170,700,true],"2048x2048":["https:\/\/i0.wp.com\/ismaelcolosi.com.br\/wp-content\/uploads\/2024\/06\/eletrobras.jpg?fit=1170%2C700&ssl=1",1170,700,true],"really-simple-thumb":["https:\/\/i0.wp.com\/ismaelcolosi.com.br\/wp-content\/uploads\/2024\/06\/eletrobras.jpg?resize=370%2C247&ssl=1",370,247,true]},"uagb_author_info":{"display_name":"ismaelcolosi.com.br","author_link":"https:\/\/ismaelcolosi.com.br\/index.php\/author\/vidareal-online\/"},"uagb_comment_info":0,"uagb_excerpt":"Estad\u00e3o Conte\u00fadoi Estad\u00e3o Conte\u00fado 05\/06\/2024 &#8211; 11:52 Em assembleias realizadas em todas as bases da Eletrobras no Pa\u00eds nos \u00faltimos dois dias, os funcion\u00e1rios da...","jetpack-related-posts":[{"id":85562,"url":"https:\/\/ismaelcolosi.com.br\/index.php\/2025\/05\/21\/funcionarios-da-petrobras-aprovam-greve-para-26-de-marco-em-defesa-do-trabalho-remoto-2\/","url_meta":{"origin":52286,"position":0},"title":"Funcion\u00e1rios da Petrobras aprovam greve para 26 de mar\u00e7o em defesa do trabalho remoto","author":"ismaelcolosi.com.br","date":"21 de May de 2025","format":false,"excerpt":"Os funcion\u00e1rios da Petrobras aprovaram em assembleias uma greve de advert\u00eancia de 24 horas em 26 de mar\u00e7o, em defesa do trabalho remoto e de outras reivindica\u00e7\u00f5es trabalhistas, segundo comunicado da Federa\u00e7\u00e3o \u00danica dos Petroleiros (FUP) nesta segunda-feira, 24. + Trump anuncia tarifas de 25% para pa\u00edses que compram petr\u00f3leo\u2026","rel":"","context":"In &quot;Empregos - Classificados&quot;","block_context":{"text":"Empregos - Classificados","link":"https:\/\/ismaelcolosi.com.br\/index.php\/category\/empregos-classificados-vagas-trabalho\/"},"img":{"alt_text":"","src":"","width":0,"height":0},"classes":[]},{"id":83999,"url":"https:\/\/ismaelcolosi.com.br\/index.php\/2025\/03\/24\/funcionarios-da-petrobras-aprovam-greve-para-26-de-marco-em-defesa-do-trabalho-remoto\/","url_meta":{"origin":52286,"position":1},"title":"Funcion\u00e1rios da Petrobras aprovam greve para 26 de mar\u00e7o em defesa do trabalho remoto","author":"ismaelcolosi.com.br","date":"24 de March de 2025","format":false,"excerpt":"Da Reutersi Da Reuters 24\/03\/2025 - 14:05 Os funcion\u00e1rios da Petrobras aprovaram em assembleias uma greve de advert\u00eancia de 24 horas em 26 de mar\u00e7o, em defesa do trabalho remoto e de outras reivindica\u00e7\u00f5es trabalhistas, segundo comunicado da Federa\u00e7\u00e3o \u00danica dos Petroleiros (FUP) nesta segunda-feira, 24.+ Trump anuncia tarifas de\u2026","rel":"","context":"In &quot;Empregos - Classificados&quot;","block_context":{"text":"Empregos - Classificados","link":"https:\/\/ismaelcolosi.com.br\/index.php\/category\/empregos-classificados-vagas-trabalho\/"},"img":{"alt_text":"","src":"https:\/\/i0.wp.com\/ismaelcolosi.com.br\/wp-content\/uploads\/2025\/03\/1742836178_petrobras-sede-no-rj-geraldo-falcao-agencia-petrobras-e1657403222827.jpg?fit=700%2C394&ssl=1&resize=350%2C200","width":350,"height":200,"srcset":"https:\/\/i0.wp.com\/ismaelcolosi.com.br\/wp-content\/uploads\/2025\/03\/1742836178_petrobras-sede-no-rj-geraldo-falcao-agencia-petrobras-e1657403222827.jpg?fit=700%2C394&ssl=1&resize=350%2C200 1x, https:\/\/i0.wp.com\/ismaelcolosi.com.br\/wp-content\/uploads\/2025\/03\/1742836178_petrobras-sede-no-rj-geraldo-falcao-agencia-petrobras-e1657403222827.jpg?fit=700%2C394&ssl=1&resize=525%2C300 1.5x, https:\/\/i0.wp.com\/ismaelcolosi.com.br\/wp-content\/uploads\/2025\/03\/1742836178_petrobras-sede-no-rj-geraldo-falcao-agencia-petrobras-e1657403222827.jpg?fit=700%2C394&ssl=1&resize=700%2C400 2x"},"classes":[]},{"id":85570,"url":"https:\/\/ismaelcolosi.com.br\/index.php\/2025\/05\/22\/federacao-dos-petroleiros-convoca-greve-de-funcionarios-da-petrobras-em-defesa-do-home-office-e-outras-pautas-2\/","url_meta":{"origin":52286,"position":2},"title":"Federa\u00e7\u00e3o dos Petroleiros convoca greve de funcion\u00e1rios da Petrobras em defesa do home office e outras pautas","author":"ismaelcolosi.com.br","date":"22 de May de 2025","format":false,"excerpt":"O conselho deliberativo da Federa\u00e7\u00e3o \u00danica dos Petroleiros (FUP) decidiu convocar trabalhadores da Petrobras para uma greve de advert\u00eancia de 24 horas em 26 de mar\u00e7o, em defesa do teletrabalho e de outras melhorias das condi\u00e7\u00f5es de trabalho, segundo comunicado da FUP nesta quinta-feira, 13. + Entenda como pedir empr\u00e9stimo\u2026","rel":"","context":"In &quot;Empregos - Classificados&quot;","block_context":{"text":"Empregos - Classificados","link":"https:\/\/ismaelcolosi.com.br\/index.php\/category\/empregos-classificados-vagas-trabalho\/"},"img":{"alt_text":"","src":"","width":0,"height":0},"classes":[]},{"id":83753,"url":"https:\/\/ismaelcolosi.com.br\/index.php\/2025\/03\/13\/federacao-dos-petroleiros-convoca-greve-de-funcionarios-da-petrobras-em-defesa-do-home-office-e-outras-pautas\/","url_meta":{"origin":52286,"position":3},"title":"Federa\u00e7\u00e3o dos Petroleiros convoca greve de funcion\u00e1rios da Petrobras em defesa do home office e outras pautas","author":"ismaelcolosi.com.br","date":"13 de March de 2025","format":false,"excerpt":"Da Reutersi Da Reuters 13\/03\/2025 - 13:37 O conselho deliberativo da Federa\u00e7\u00e3o \u00danica dos Petroleiros (FUP) decidiu convocar trabalhadores da Petrobras para uma greve de advert\u00eancia de 24 horas em 26 de mar\u00e7o, em defesa do teletrabalho e de outras melhorias das condi\u00e7\u00f5es de trabalho, segundo comunicado da FUP nesta\u2026","rel":"","context":"In &quot;Empregos - Classificados&quot;","block_context":{"text":"Empregos - Classificados","link":"https:\/\/ismaelcolosi.com.br\/index.php\/category\/empregos-classificados-vagas-trabalho\/"},"img":{"alt_text":"","src":"https:\/\/i0.wp.com\/ismaelcolosi.com.br\/wp-content\/uploads\/2025\/03\/petrobras-sede-no-rj-geraldo-falcao-agencia-petrobras-e1657403222827.jpg?fit=700%2C394&ssl=1&resize=350%2C200","width":350,"height":200,"srcset":"https:\/\/i0.wp.com\/ismaelcolosi.com.br\/wp-content\/uploads\/2025\/03\/petrobras-sede-no-rj-geraldo-falcao-agencia-petrobras-e1657403222827.jpg?fit=700%2C394&ssl=1&resize=350%2C200 1x, https:\/\/i0.wp.com\/ismaelcolosi.com.br\/wp-content\/uploads\/2025\/03\/petrobras-sede-no-rj-geraldo-falcao-agencia-petrobras-e1657403222827.jpg?fit=700%2C394&ssl=1&resize=525%2C300 1.5x, https:\/\/i0.wp.com\/ismaelcolosi.com.br\/wp-content\/uploads\/2025\/03\/petrobras-sede-no-rj-geraldo-falcao-agencia-petrobras-e1657403222827.jpg?fit=700%2C394&ssl=1&resize=700%2C400 2x"},"classes":[]},{"id":85796,"url":"https:\/\/ismaelcolosi.com.br\/index.php\/2025\/05\/29\/petroleiros-suspendem-greve-e-devem-aceitar-proposta-de-trabalho-hibrido-por-2-anos\/","url_meta":{"origin":52286,"position":4},"title":"Petroleiros suspendem greve e devem aceitar proposta de trabalho h\u00edbrido por 2 anos","author":"ismaelcolosi.com.br","date":"29 de May de 2025","format":false,"excerpt":"Reutersi Reuters 28\/05\/2025 - 19:02 O Conselho Deliberativo da Federa\u00e7\u00e3o \u00danica dos Petroleiros (FUP) suspendeu a greve dos trabalhadores da Petrobras, que estava prevista para 29 e 30 de maio, e decidiu indicar a aprova\u00e7\u00e3o de nova proposta apresentada pela empresa, informou a entidade em nota nesta quarta-feira, 28.+ Brasil\u2026","rel":"","context":"In &quot;Empregos - Classificados&quot;","block_context":{"text":"Empregos - Classificados","link":"https:\/\/ismaelcolosi.com.br\/index.php\/category\/empregos-classificados-vagas-trabalho\/"},"img":{"alt_text":"","src":"https:\/\/i0.wp.com\/ismaelcolosi.com.br\/wp-content\/uploads\/2025\/05\/e44f6143a4a2cd4f77388ddf47088531e7fc1818.jpg?fit=768%2C511&ssl=1&resize=350%2C200","width":350,"height":200,"srcset":"https:\/\/i0.wp.com\/ismaelcolosi.com.br\/wp-content\/uploads\/2025\/05\/e44f6143a4a2cd4f77388ddf47088531e7fc1818.jpg?fit=768%2C511&ssl=1&resize=350%2C200 1x, https:\/\/i0.wp.com\/ismaelcolosi.com.br\/wp-content\/uploads\/2025\/05\/e44f6143a4a2cd4f77388ddf47088531e7fc1818.jpg?fit=768%2C511&ssl=1&resize=525%2C300 1.5x, https:\/\/i0.wp.com\/ismaelcolosi.com.br\/wp-content\/uploads\/2025\/05\/e44f6143a4a2cd4f77388ddf47088531e7fc1818.jpg?fit=768%2C511&ssl=1&resize=700%2C400 2x"},"classes":[]},{"id":84332,"url":"https:\/\/ismaelcolosi.com.br\/index.php\/2025\/04\/07\/paralisacao-de-trabalhadores-em-processadora-de-soja-argentina-afeta-pagamentos\/","url_meta":{"origin":52286,"position":5},"title":"Paralisa\u00e7\u00e3o de Trabalhadores em Processadora de Soja Argentina Afeta Pagamentos","author":"ismaelcolosi.com.br","date":"7 de April de 2025","format":false,"excerpt":"\r \r \r \r Apesar dos desafios financeiros recentes, a empresa est\u00e1 buscando solu\u00e7\u00f5es para regularizar os pagamentos e resolver a situa\u00e7\u00e3o com os colaboradores \r \r \r \r Reuters\r Representante da empresa disse no s\u00e1bado (5) que havia interrompido o trabalho nas f\u00e1bricas devido \u00e0 falta de contratos em\u2026","rel":"","context":"In &quot;Carreira e Sucesso&quot;","block_context":{"text":"Carreira e Sucesso","link":"https:\/\/ismaelcolosi.com.br\/index.php\/category\/carreira-e-sucesso-dicas-para-carreira\/"},"img":{"alt_text":"","src":"https:\/\/i0.wp.com\/ismaelcolosi.com.br\/wp-content\/uploads\/2025\/04\/2025-04-07T145223Z_1_LYNXNPEL360O1_RTROPTP_4_USA-TRADE-CHINA-SOYBEANS-1200x675.jpg?fit=1200%2C675&ssl=1&resize=350%2C200","width":350,"height":200,"srcset":"https:\/\/i0.wp.com\/ismaelcolosi.com.br\/wp-content\/uploads\/2025\/04\/2025-04-07T145223Z_1_LYNXNPEL360O1_RTROPTP_4_USA-TRADE-CHINA-SOYBEANS-1200x675.jpg?fit=1200%2C675&ssl=1&resize=350%2C200 1x, https:\/\/i0.wp.com\/ismaelcolosi.com.br\/wp-content\/uploads\/2025\/04\/2025-04-07T145223Z_1_LYNXNPEL360O1_RTROPTP_4_USA-TRADE-CHINA-SOYBEANS-1200x675.jpg?fit=1200%2C675&ssl=1&resize=525%2C300 1.5x, https:\/\/i0.wp.com\/ismaelcolosi.com.br\/wp-content\/uploads\/2025\/04\/2025-04-07T145223Z_1_LYNXNPEL360O1_RTROPTP_4_USA-TRADE-CHINA-SOYBEANS-1200x675.jpg?fit=1200%2C675&ssl=1&resize=700%2C400 2x, https:\/\/i0.wp.com\/ismaelcolosi.com.br\/wp-content\/uploads\/2025\/04\/2025-04-07T145223Z_1_LYNXNPEL360O1_RTROPTP_4_USA-TRADE-CHINA-SOYBEANS-1200x675.jpg?fit=1200%2C675&ssl=1&resize=1050%2C600 3x"},"classes":[]}],"jetpack_sharing_enabled":true,"jetpack_shortlink":"https:\/\/wp.me\/pfMlyK-dBk","_links":{"self":[{"href":"https:\/\/ismaelcolosi.com.br\/index.php\/wp-json\/wp\/v2\/posts\/52286","targetHints":{"allow":["GET"]}}],"collection":[{"href":"https:\/\/ismaelcolosi.com.br\/index.php\/wp-json\/wp\/v2\/posts"}],"about":[{"href":"https:\/\/ismaelcolosi.com.br\/index.php\/wp-json\/wp\/v2\/types\/post"}],"author":[{"embeddable":true,"href":"https:\/\/ismaelcolosi.com.br\/index.php\/wp-json\/wp\/v2\/users\/1"}],"replies":[{"embeddable":true,"href":"https:\/\/ismaelcolosi.com.br\/index.php\/wp-json\/wp\/v2\/comments?post=52286"}],"version-history":[{"count":0,"href":"https:\/\/ismaelcolosi.com.br\/index.php\/wp-json\/wp\/v2\/posts\/52286\/revisions"}],"wp:featuredmedia":[{"embeddable":true,"href":"https:\/\/ismaelcolosi.com.br\/index.php\/wp-json\/wp\/v2\/media\/52287"}],"wp:attachment":[{"href":"https:\/\/ismaelcolosi.com.br\/index.php\/wp-json\/wp\/v2\/media?parent=52286"}],"wp:term":[{"taxonomy":"category","embeddable":true,"href":"https:\/\/ismaelcolosi.com.br\/index.php\/wp-json\/wp\/v2\/categories?post=52286"},{"taxonomy":"post_tag","embeddable":true,"href":"https:\/\/ismaelcolosi.com.br\/index.php\/wp-json\/wp\/v2\/tags?post=52286"}],"curies":[{"name":"wp","href":"https:\/\/api.w.org\/{rel}","templated":true}]}}