{"id":52262,"date":"2024-06-05T11:13:20","date_gmt":"2024-06-05T14:13:20","guid":{"rendered":"https:\/\/ismaelcolosi.com.br\/index.php\/2024\/06\/05\/motociclista-morre-apos-acidente-na-regiao-de-ribeirao-preto-motorista-fugiu\/"},"modified":"2024-06-05T11:13:20","modified_gmt":"2024-06-05T14:13:20","slug":"motociclista-morre-apos-acidente-na-regiao-de-ribeirao-preto-motorista-fugiu","status":"publish","type":"post","link":"https:\/\/ismaelcolosi.com.br\/index.php\/2024\/06\/05\/motociclista-morre-apos-acidente-na-regiao-de-ribeirao-preto-motorista-fugiu\/","title":{"rendered":"Motociclista morre ap\u00f3s acidente na regi\u00e3o de Ribeir\u00e3o Preto; Motorista fugiu"},"content":{"rendered":"<p> <br \/>\n<\/p>\n<div data-td-block-uid=\"tdi_101\">\n<div class=\"tdb-block-inner td-fix-index\">\n<p>O motociclista <strong>Joel Alves da Silva<\/strong>, de <strong>28 anos<\/strong>, <strong>morreu<\/strong> na noite de <strong>ter\u00e7a-feira<\/strong> (4), <strong>depois de permanecer internado por quatro dias<\/strong> em decorr\u00eancia <strong>de um acidente em Serrana<\/strong>, na <strong>regi\u00e3o de Ribeir\u00e3o Preto<\/strong>. <strong><span style=\"background-color:#f7cc62\" class=\"td_text_highlight_marker\"><mark style=\"background-color:rgba(0, 0, 0, 0)\" class=\"has-inline-color has-black-color\">Na ocasi\u00e3o, o motorista da caminhonete que bateu contra a moto fugiu sem prestar socorro<\/mark><\/span><\/strong>.<\/p>\n<p>De acordo com o <strong>boletim de ocorr\u00eancia<\/strong>, <strong>c\u00e2meras de seguran\u00e7a registraram<\/strong> o acidente no <strong>cruzamento<\/strong> das <strong>ruas Bahia com Amap\u00e1<\/strong>, no bairro <strong>Jardim Bela Vista<\/strong>, e apontaram que a caminhonete envolvida seria de <strong>cor escura<\/strong>, mas <strong>sem identifica\u00e7\u00e3o do modelo e placa<\/strong>. Al\u00e9m de confirmar, que o <strong>motorista n\u00e3o parou ap\u00f3s a batida<\/strong> <strong>e fugiu sem prestar socorro<\/strong>. <\/p>\n<p>A <strong>v\u00edtima <\/strong>foi socorrida em <strong>estado grave<\/strong> pelo <strong>Samu<\/strong> at\u00e9 a <strong>UPA de Serrana<\/strong> e, em seguida, <strong>transferida<\/strong> para o <strong>Hospital das Cl\u00ednicas de Ribeir\u00e3o Preto<\/strong>, onde<strong> faleceu<\/strong>.<\/p>\n<p>O <strong>boletim de ocorr\u00eancia <\/strong>foi registrado, inicialmente, como <strong>les\u00e3o corporal culposa<\/strong> na dire\u00e7\u00e3o de ve\u00edculo automotor <strong>seguida de fuga de local de acidente e omiss\u00e3o de socorro<\/strong>. A <strong>morte do motociclista <\/strong>foi registrada como<strong> morte suspeita<\/strong>.<\/p>\n<p>SAIBA MAIS <\/p>\n<p>O que se sabe sobre o caso do empres\u00e1rio que morreu ap\u00f3s peeling de fenol em cl\u00ednica<\/p>\n<h4 class=\"wp-block-heading\"><strong>FIQUE ON<\/strong><\/h4>\n<p>Fique ligado em tudo que acontece em Ribeir\u00e3o Preto e regi\u00e3o. Siga os perfis do\u00a0<strong>acidade on\u00a0<\/strong>no\u00a0<a href=\"https:\/\/www.instagram.com\/acidadeonribeirao\" target=\"_blank\" rel=\"noreferrer noopener\">Instagram<\/a>\u00a0e no\u00a0<a href=\"https:\/\/www.facebook.com\/acidadeonribeirao\" target=\"_blank\" rel=\"noreferrer noopener\">Facebook<\/a>.<\/p>\n<p>Receba not\u00edcias do acidade on no WhatsApp. Para entrar no grupo, basta\u00a0<a href=\"https:\/\/chat.whatsapp.com\/CdrZ6xrf7quD44Vw3WlPuZ\" target=\"_blank\" rel=\"noreferrer noopener\">clicar aqui<\/a>.<\/p>\n<p>Fa\u00e7a uma den\u00fancia ou sugira uma reportagem sobre Ribeir\u00e3o Preto e regi\u00e3o pelo WhatsApp: 16 99117 7802.<\/p>\n<p>VEJA TAMB\u00c9M<\/p>\n<p>Que horas come\u00e7a a greve de \u00f4nibus em SP?<\/p>\n<p><!-- AI CONTENT END 1 -->\n<\/div>\n<\/div>\n<p><script async src=\"\/\/www.instagram.com\/embed.js\"><\/script><br \/>\n<br \/><br \/>\n<br \/><a href=\"https:\/\/www.acidadeon.com\/ribeiraopreto\/cotidiano\/motociclista-morre-apos-acidente-na-regiao-de-ribeirao-preto-motorista-fugiu\/\">Source link <\/a><\/p>\n<div class='code-block code-block-4' style='margin: 8px auto 8px 0; text-align: left; display: block; clear: both;'>\n\ud83d\udce2 Aviso Legal\n\nO site ismaelcolosi.com.br atua apenas como um canal de divulga\u00e7\u00e3o de oportunidades de emprego e n\u00e3o se responsabiliza pelo processo seletivo, contrata\u00e7\u00e3o ou qualquer outra etapa relacionada \u00e0s vagas publicadas. Todas as informa\u00e7\u00f5es s\u00e3o de responsabilidade dos anunciantes.\n\n\u26a0\ufe0f Aten\u00e7\u00e3o! Nunca pague por promessas de emprego nem compre cursos que garantam contrata\u00e7\u00e3o. Desconfie de qualquer cobran\u00e7a para participar de sele\u00e7\u00f5es.\n\n\n\n<\/div>\n<!-- CONTENT END 1 -->\n","protected":false},"excerpt":{"rendered":"<p>O motociclista Joel Alves da Silva, de 28 anos, morreu na noite de ter\u00e7a-feira (4), depois de permanecer internado por quatro dias em decorr\u00eancia de&#8230;<\/p>\n","protected":false},"author":1,"featured_media":52263,"comment_status":"open","ping_status":"open","sticky":false,"template":"","format":"standard","meta":{"_uag_custom_page_level_css":"","advanced_seo_description":"","jetpack_seo_html_title":"","jetpack_seo_noindex":false,"jetpack_post_was_ever_published":false,"_jetpack_newsletter_access":"","_jetpack_dont_email_post_to_subs":false,"_jetpack_newsletter_tier_id":0,"_jetpack_memberships_contains_paywalled_content":false,"_jetpack_memberships_contains_paid_content":false,"footnotes":"","jetpack_publicize_message":"","jetpack_publicize_feature_enabled":true,"jetpack_social_post_already_shared":true,"jetpack_social_options":{"image_generator_settings":{"template":"highway","default_image_id":0,"font":"","enabled":false},"version":2}},"categories":[11],"tags":[],"class_list":["post-52262","post","type-post","status-publish","format-standard","has-post-thumbnail","hentry","category-noticias-de-ribeirao-preto-sp-e-regiao-ismael-colosi"],"jetpack_publicize_connections":[],"jetpack_featured_media_url":"https:\/\/i0.wp.com\/ismaelcolosi.com.br\/wp-content\/uploads\/2024\/06\/Copia-de-Copia-de-TAMANHO-EXATO-PARA-FOTOS-NO-SISTEMA-NOVO-10-1.jpg?fit=1200%2C675&ssl=1","uagb_featured_image_src":{"full":["https:\/\/i0.wp.com\/ismaelcolosi.com.br\/wp-content\/uploads\/2024\/06\/Copia-de-Copia-de-TAMANHO-EXATO-PARA-FOTOS-NO-SISTEMA-NOVO-10-1.jpg?fit=1200%2C675&ssl=1",1200,675,false],"thumbnail":["https:\/\/i0.wp.com\/ismaelcolosi.com.br\/wp-content\/uploads\/2024\/06\/Copia-de-Copia-de-TAMANHO-EXATO-PARA-FOTOS-NO-SISTEMA-NOVO-10-1.jpg?resize=150%2C150&ssl=1",150,150,true],"medium":["https:\/\/i0.wp.com\/ismaelcolosi.com.br\/wp-content\/uploads\/2024\/06\/Copia-de-Copia-de-TAMANHO-EXATO-PARA-FOTOS-NO-SISTEMA-NOVO-10-1.jpg?fit=300%2C169&ssl=1",300,169,true],"medium_large":["https:\/\/i0.wp.com\/ismaelcolosi.com.br\/wp-content\/uploads\/2024\/06\/Copia-de-Copia-de-TAMANHO-EXATO-PARA-FOTOS-NO-SISTEMA-NOVO-10-1.jpg?fit=768%2C432&ssl=1",768,432,true],"large":["https:\/\/i0.wp.com\/ismaelcolosi.com.br\/wp-content\/uploads\/2024\/06\/Copia-de-Copia-de-TAMANHO-EXATO-PARA-FOTOS-NO-SISTEMA-NOVO-10-1.jpg?fit=1024%2C576&ssl=1",1024,576,true],"1536x1536":["https:\/\/i0.wp.com\/ismaelcolosi.com.br\/wp-content\/uploads\/2024\/06\/Copia-de-Copia-de-TAMANHO-EXATO-PARA-FOTOS-NO-SISTEMA-NOVO-10-1.jpg?fit=1200%2C675&ssl=1",1200,675,true],"2048x2048":["https:\/\/i0.wp.com\/ismaelcolosi.com.br\/wp-content\/uploads\/2024\/06\/Copia-de-Copia-de-TAMANHO-EXATO-PARA-FOTOS-NO-SISTEMA-NOVO-10-1.jpg?fit=1200%2C675&ssl=1",1200,675,true],"really-simple-thumb":["https:\/\/i0.wp.com\/ismaelcolosi.com.br\/wp-content\/uploads\/2024\/06\/Copia-de-Copia-de-TAMANHO-EXATO-PARA-FOTOS-NO-SISTEMA-NOVO-10-1.jpg?resize=370%2C247&ssl=1",370,247,true]},"uagb_author_info":{"display_name":"ismaelcolosi.com.br","author_link":"https:\/\/ismaelcolosi.com.br\/index.php\/author\/vidareal-online\/"},"uagb_comment_info":0,"uagb_excerpt":"O motociclista Joel Alves da Silva, de 28 anos, morreu na noite de ter\u00e7a-feira (4), depois de permanecer internado por quatro dias em decorr\u00eancia de...","jetpack-related-posts":[{"id":33681,"url":"https:\/\/ismaelcolosi.com.br\/index.php\/2024\/01\/30\/motociclista-morre-depois-de-acidente-no-centro-de-ribeirao-preto-motorista-fugiu\/","url_meta":{"origin":52262,"position":0},"title":"Motociclista morre depois de acidente no Centro de Ribeir\u00e3o Preto; Motorista fugiu","author":"ismaelcolosi.com.br","date":"30 de January de 2024","format":false,"excerpt":"Um homem de 54 anos morreu na noite desta segunda-feira (29), tr\u00eas dias depois ser atingido e arremessado da moto que dirigia, no Centro de Ribeir\u00e3o Preto. O acidente aconteceu na sexta-feira (26), no cruzamento das ruas Prudente de Morais com a Garibaldi. Segundo consta no Boletim de Ocorr\u00eancia, a\u2026","rel":"","context":"In &quot;Not\u00edcias de Ribeir\u00e3o Preto-SP e Regi\u00e3o&quot;","block_context":{"text":"Not\u00edcias de Ribeir\u00e3o Preto-SP e Regi\u00e3o","link":"https:\/\/ismaelcolosi.com.br\/index.php\/category\/noticias-de-ribeirao-preto-sp-e-regiao-ismael-colosi\/"},"img":{"alt_text":"","src":"https:\/\/i0.wp.com\/ismaelcolosi.com.br\/wp-content\/uploads\/2024\/01\/hc-ue.jpg?fit=733%2C414&ssl=1&resize=350%2C200","width":350,"height":200,"srcset":"https:\/\/i0.wp.com\/ismaelcolosi.com.br\/wp-content\/uploads\/2024\/01\/hc-ue.jpg?fit=733%2C414&ssl=1&resize=350%2C200 1x, https:\/\/i0.wp.com\/ismaelcolosi.com.br\/wp-content\/uploads\/2024\/01\/hc-ue.jpg?fit=733%2C414&ssl=1&resize=525%2C300 1.5x, https:\/\/i0.wp.com\/ismaelcolosi.com.br\/wp-content\/uploads\/2024\/01\/hc-ue.jpg?fit=733%2C414&ssl=1&resize=700%2C400 2x"},"classes":[]},{"id":41600,"url":"https:\/\/ismaelcolosi.com.br\/index.php\/2024\/03\/09\/motociclista-morre-apos-bater-em-onibus-e-ser-arrastado-por-caminhonete-na-regiao-de-ribeirao\/","url_meta":{"origin":52262,"position":1},"title":"Motociclista morre ap\u00f3s bater em \u00f4nibus e ser arrastado por caminhonete na regi\u00e3o de Ribeir\u00e3o","author":"ismaelcolosi.com.br","date":"9 de March de 2024","format":false,"excerpt":"Na noite desta sexta-feira (8), um motociclista de 47 anos morreu depois de se envolver em um acidente com um \u00f4nibus e uma caminhonete, na rodovia Doutor William Amin (SP-385), entre Miguel\u00f3polis e Ituverava, na regi\u00e3o de Ribeir\u00e3o Preto. De acordo com o motorista do \u00f4nibus, ele seguia pela via,\u2026","rel":"","context":"In &quot;Not\u00edcias de Ribeir\u00e3o Preto-SP e Regi\u00e3o&quot;","block_context":{"text":"Not\u00edcias de Ribeir\u00e3o Preto-SP e Regi\u00e3o","link":"https:\/\/ismaelcolosi.com.br\/index.php\/category\/noticias-de-ribeirao-preto-sp-e-regiao-ismael-colosi\/"},"img":{"alt_text":"","src":"https:\/\/i0.wp.com\/ismaelcolosi.com.br\/wp-content\/uploads\/2024\/03\/AnyConv.com__MOTOCICLISTA.webp.webp?fit=1200%2C750&ssl=1&resize=350%2C200","width":350,"height":200,"srcset":"https:\/\/i0.wp.com\/ismaelcolosi.com.br\/wp-content\/uploads\/2024\/03\/AnyConv.com__MOTOCICLISTA.webp.webp?fit=1200%2C750&ssl=1&resize=350%2C200 1x, https:\/\/i0.wp.com\/ismaelcolosi.com.br\/wp-content\/uploads\/2024\/03\/AnyConv.com__MOTOCICLISTA.webp.webp?fit=1200%2C750&ssl=1&resize=525%2C300 1.5x, https:\/\/i0.wp.com\/ismaelcolosi.com.br\/wp-content\/uploads\/2024\/03\/AnyConv.com__MOTOCICLISTA.webp.webp?fit=1200%2C750&ssl=1&resize=700%2C400 2x, https:\/\/i0.wp.com\/ismaelcolosi.com.br\/wp-content\/uploads\/2024\/03\/AnyConv.com__MOTOCICLISTA.webp.webp?fit=1200%2C750&ssl=1&resize=1050%2C600 3x"},"classes":[]},{"id":45774,"url":"https:\/\/ismaelcolosi.com.br\/index.php\/2024\/04\/07\/acidente-entre-duas-caminhonetes-termina-com-morte-na-regiao-de-ribeirao\/","url_meta":{"origin":52262,"position":2},"title":"Acidente entre duas caminhonetes termina com morte na regi\u00e3o de Ribeir\u00e3o","author":"ismaelcolosi.com.br","date":"7 de April de 2024","format":false,"excerpt":"Um acidente envolvendo duas caminhonetes na rodovia Candido Portinari, em Rifaina, na regi\u00e3o de Ribeir\u00e3o Preto, deixou duas mortes e uma pessoa ferida na noite do \u00faltimo s\u00e1bado (6). A batida aconteceu na altura do quil\u00f4metro 462, pr\u00f3ximo da entrada da cidade, segundo a Prefeitura de Rifaina. O relato aponta\u2026","rel":"","context":"In &quot;Not\u00edcias de Ribeir\u00e3o Preto-SP e Regi\u00e3o&quot;","block_context":{"text":"Not\u00edcias de Ribeir\u00e3o Preto-SP e Regi\u00e3o","link":"https:\/\/ismaelcolosi.com.br\/index.php\/category\/noticias-de-ribeirao-preto-sp-e-regiao-ismael-colosi\/"},"img":{"alt_text":"","src":"https:\/\/i0.wp.com\/ismaelcolosi.com.br\/wp-content\/uploads\/2024\/04\/AnyConv.com__ACIDENTE-RIFAINA.webp.webp?fit=1200%2C675&ssl=1&resize=350%2C200","width":350,"height":200,"srcset":"https:\/\/i0.wp.com\/ismaelcolosi.com.br\/wp-content\/uploads\/2024\/04\/AnyConv.com__ACIDENTE-RIFAINA.webp.webp?fit=1200%2C675&ssl=1&resize=350%2C200 1x, https:\/\/i0.wp.com\/ismaelcolosi.com.br\/wp-content\/uploads\/2024\/04\/AnyConv.com__ACIDENTE-RIFAINA.webp.webp?fit=1200%2C675&ssl=1&resize=525%2C300 1.5x, https:\/\/i0.wp.com\/ismaelcolosi.com.br\/wp-content\/uploads\/2024\/04\/AnyConv.com__ACIDENTE-RIFAINA.webp.webp?fit=1200%2C675&ssl=1&resize=700%2C400 2x, https:\/\/i0.wp.com\/ismaelcolosi.com.br\/wp-content\/uploads\/2024\/04\/AnyConv.com__ACIDENTE-RIFAINA.webp.webp?fit=1200%2C675&ssl=1&resize=1050%2C600 3x"},"classes":[]},{"id":55010,"url":"https:\/\/ismaelcolosi.com.br\/index.php\/2024\/06\/29\/motorista-nao-respeita-sinalizacao-bate-em-motociclista-e-foge-em-ribeirao-preto-video\/","url_meta":{"origin":52262,"position":3},"title":"Motorista n\u00e3o respeita sinaliza\u00e7\u00e3o, bate em motociclista e foge em Ribeir\u00e3o Preto; V\u00eddeo","author":"ismaelcolosi.com.br","date":"29 de June de 2024","format":false,"excerpt":"Uma motociclista de 37 anos ficou ferida ap\u00f3s a moto em que dirigia ser atingida por um carro, que n\u00e3o respeitou a sinaliza\u00e7\u00e3o de parada, no cruzamento da avenida Recife com a rua Jo\u00e3o Pessoa, na zona Norte de Ribeir\u00e3o Preto. O motorista do carro n\u00e3o parou para prestar socorro\u2026","rel":"","context":"In &quot;Not\u00edcias de Ribeir\u00e3o Preto-SP e Regi\u00e3o&quot;","block_context":{"text":"Not\u00edcias de Ribeir\u00e3o Preto-SP e Regi\u00e3o","link":"https:\/\/ismaelcolosi.com.br\/index.php\/category\/noticias-de-ribeirao-preto-sp-e-regiao-ismael-colosi\/"},"img":{"alt_text":"","src":"https:\/\/i0.wp.com\/ismaelcolosi.com.br\/wp-content\/uploads\/2024\/06\/Capturar_2024-06-29_14-48-00_jpg_2024-06-29_14-48-00.webp.webp?fit=1009%2C476&ssl=1&resize=350%2C200","width":350,"height":200,"srcset":"https:\/\/i0.wp.com\/ismaelcolosi.com.br\/wp-content\/uploads\/2024\/06\/Capturar_2024-06-29_14-48-00_jpg_2024-06-29_14-48-00.webp.webp?fit=1009%2C476&ssl=1&resize=350%2C200 1x, https:\/\/i0.wp.com\/ismaelcolosi.com.br\/wp-content\/uploads\/2024\/06\/Capturar_2024-06-29_14-48-00_jpg_2024-06-29_14-48-00.webp.webp?fit=1009%2C476&ssl=1&resize=525%2C300 1.5x, https:\/\/i0.wp.com\/ismaelcolosi.com.br\/wp-content\/uploads\/2024\/06\/Capturar_2024-06-29_14-48-00_jpg_2024-06-29_14-48-00.webp.webp?fit=1009%2C476&ssl=1&resize=700%2C400 2x"},"classes":[]},{"id":3007,"url":"https:\/\/ismaelcolosi.com.br\/index.php\/2023\/11\/17\/acidente-envolve-3-veiculos-e-deixa-adolescente-ferido-em-rodovia-de-ribeirao\/","url_meta":{"origin":52262,"position":4},"title":"Acidente envolve 3 ve\u00edculos e deixa adolescente ferido em rodovia de Ribeir\u00e3o","author":"ismaelcolosi.com.br","date":"17 de November de 2023","format":false,"excerpt":"Um adolescente ficou ferido e um acidente com tr\u00eas ve\u00edculos na manh\u00e3 desta sexta-feira (17), no km 44 da rodovia Abr\u00e3o Assed (SP-333), entre Serrana e Ribeir\u00e3o Preto. Segundo as primeiras informa\u00e7\u00f5es da PMR (Pol\u00edcia Militar Rodovi\u00e1ria), o motorista de um carro atingiu a traseira de uma caminhonete, que cruzou\u2026","rel":"","context":"In &quot;Not\u00edcias de Ribeir\u00e3o Preto-SP e Regi\u00e3o&quot;","block_context":{"text":"Not\u00edcias de Ribeir\u00e3o Preto-SP e Regi\u00e3o","link":"https:\/\/ismaelcolosi.com.br\/index.php\/category\/noticias-de-ribeirao-preto-sp-e-regiao-ismael-colosi\/"},"img":{"alt_text":"","src":"https:\/\/i0.wp.com\/ismaelcolosi.com.br\/wp-content\/uploads\/2023\/11\/caution-389408_1920.jpg?fit=1200%2C803&ssl=1&resize=350%2C200","width":350,"height":200,"srcset":"https:\/\/i0.wp.com\/ismaelcolosi.com.br\/wp-content\/uploads\/2023\/11\/caution-389408_1920.jpg?fit=1200%2C803&ssl=1&resize=350%2C200 1x, https:\/\/i0.wp.com\/ismaelcolosi.com.br\/wp-content\/uploads\/2023\/11\/caution-389408_1920.jpg?fit=1200%2C803&ssl=1&resize=525%2C300 1.5x, https:\/\/i0.wp.com\/ismaelcolosi.com.br\/wp-content\/uploads\/2023\/11\/caution-389408_1920.jpg?fit=1200%2C803&ssl=1&resize=700%2C400 2x, https:\/\/i0.wp.com\/ismaelcolosi.com.br\/wp-content\/uploads\/2023\/11\/caution-389408_1920.jpg?fit=1200%2C803&ssl=1&resize=1050%2C600 3x"},"classes":[]},{"id":14900,"url":"https:\/\/ismaelcolosi.com.br\/index.php\/2023\/12\/12\/motociclista-morre-apos-bater-em-carro-e-ser-atropelado-por-caminhonete-em-ribeirao\/","url_meta":{"origin":52262,"position":5},"title":"Motociclista morre ap\u00f3s bater em carro e ser atropelado por caminhonete em Ribeir\u00e3o","author":"ismaelcolosi.com.br","date":"12 de December de 2023","format":false,"excerpt":"Um motociclista morreu, na tarde desta ter\u00e7a-feira (12), ap\u00f3s se envolver em um acidente na avenida Alfredo Ravaneli, na zona Leste de Ribeir\u00e3o Preto. De acordo com a apura\u00e7\u00e3o da EPTV, o homem, de 35 anos, pilotava a moto quando bateu na traseira de um ve\u00edculo que seguia no mesmo\u2026","rel":"","context":"In &quot;Not\u00edcias de Ribeir\u00e3o Preto-SP e Regi\u00e3o&quot;","block_context":{"text":"Not\u00edcias de Ribeir\u00e3o Preto-SP e Regi\u00e3o","link":"https:\/\/ismaelcolosi.com.br\/index.php\/category\/noticias-de-ribeirao-preto-sp-e-regiao-ismael-colosi\/"},"img":{"alt_text":"","src":"https:\/\/i0.wp.com\/ismaelcolosi.com.br\/wp-content\/uploads\/2023\/12\/Copia-de-Copia-de-TAMANHO-EXATO-PARA-FOTOS-NO-SISTEMA-NOVO-16.png?fit=1200%2C675&ssl=1&resize=350%2C200","width":350,"height":200,"srcset":"https:\/\/i0.wp.com\/ismaelcolosi.com.br\/wp-content\/uploads\/2023\/12\/Copia-de-Copia-de-TAMANHO-EXATO-PARA-FOTOS-NO-SISTEMA-NOVO-16.png?fit=1200%2C675&ssl=1&resize=350%2C200 1x, https:\/\/i0.wp.com\/ismaelcolosi.com.br\/wp-content\/uploads\/2023\/12\/Copia-de-Copia-de-TAMANHO-EXATO-PARA-FOTOS-NO-SISTEMA-NOVO-16.png?fit=1200%2C675&ssl=1&resize=525%2C300 1.5x, https:\/\/i0.wp.com\/ismaelcolosi.com.br\/wp-content\/uploads\/2023\/12\/Copia-de-Copia-de-TAMANHO-EXATO-PARA-FOTOS-NO-SISTEMA-NOVO-16.png?fit=1200%2C675&ssl=1&resize=700%2C400 2x, https:\/\/i0.wp.com\/ismaelcolosi.com.br\/wp-content\/uploads\/2023\/12\/Copia-de-Copia-de-TAMANHO-EXATO-PARA-FOTOS-NO-SISTEMA-NOVO-16.png?fit=1200%2C675&ssl=1&resize=1050%2C600 3x"},"classes":[]}],"jetpack_sharing_enabled":true,"jetpack_shortlink":"https:\/\/wp.me\/pfMlyK-dAW","_links":{"self":[{"href":"https:\/\/ismaelcolosi.com.br\/index.php\/wp-json\/wp\/v2\/posts\/52262","targetHints":{"allow":["GET"]}}],"collection":[{"href":"https:\/\/ismaelcolosi.com.br\/index.php\/wp-json\/wp\/v2\/posts"}],"about":[{"href":"https:\/\/ismaelcolosi.com.br\/index.php\/wp-json\/wp\/v2\/types\/post"}],"author":[{"embeddable":true,"href":"https:\/\/ismaelcolosi.com.br\/index.php\/wp-json\/wp\/v2\/users\/1"}],"replies":[{"embeddable":true,"href":"https:\/\/ismaelcolosi.com.br\/index.php\/wp-json\/wp\/v2\/comments?post=52262"}],"version-history":[{"count":0,"href":"https:\/\/ismaelcolosi.com.br\/index.php\/wp-json\/wp\/v2\/posts\/52262\/revisions"}],"wp:featuredmedia":[{"embeddable":true,"href":"https:\/\/ismaelcolosi.com.br\/index.php\/wp-json\/wp\/v2\/media\/52263"}],"wp:attachment":[{"href":"https:\/\/ismaelcolosi.com.br\/index.php\/wp-json\/wp\/v2\/media?parent=52262"}],"wp:term":[{"taxonomy":"category","embeddable":true,"href":"https:\/\/ismaelcolosi.com.br\/index.php\/wp-json\/wp\/v2\/categories?post=52262"},{"taxonomy":"post_tag","embeddable":true,"href":"https:\/\/ismaelcolosi.com.br\/index.php\/wp-json\/wp\/v2\/tags?post=52262"}],"curies":[{"name":"wp","href":"https:\/\/api.w.org\/{rel}","templated":true}]}}