{"id":52238,"date":"2024-06-05T09:23:44","date_gmt":"2024-06-05T12:23:44","guid":{"rendered":"https:\/\/ismaelcolosi.com.br\/index.php\/2024\/06\/05\/o-que-se-sabe-sobre-o-caso-do-empresario-que-morreu-apos-peeling-de-fenol-em-clinica\/"},"modified":"2024-06-05T09:23:44","modified_gmt":"2024-06-05T12:23:44","slug":"o-que-se-sabe-sobre-o-caso-do-empresario-que-morreu-apos-peeling-de-fenol-em-clinica","status":"publish","type":"post","link":"https:\/\/ismaelcolosi.com.br\/index.php\/2024\/06\/05\/o-que-se-sabe-sobre-o-caso-do-empresario-que-morreu-apos-peeling-de-fenol-em-clinica\/","title":{"rendered":"O que se sabe sobre o caso do empres\u00e1rio que morreu ap\u00f3s peeling de fenol em cl\u00ednica"},"content":{"rendered":"<p> <br \/>\n<\/p>\n<div data-td-block-uid=\"tdi_101\">\n<div class=\"tdb-block-inner td-fix-index\">\n<p><strong>A Pol\u00edcia Civil investiga a morte de um empres\u00e1rio de 27 anos ao fazer peeling de fenol em uma cl\u00ednica de S\u00e3o Paulo. <\/strong><mark style=\"background-color:#fcb900\" class=\"has-inline-color has-black-color\">Henrique Silva Chagas, conhecido como Rick Chagas, era de Pirassununga, cidade a aproximadamente 100 quil\u00f4metros de Ribeir\u00e3o Preto, e sofreu complica\u00e7\u00f5es durante o procedimento na \u00faltima segunda-feira (3).<\/mark><\/p>\n<p>O <strong>peeling de fenol<\/strong> foi realizado na <strong>cl\u00ednica da influencer Nat\u00e1lia Becker<\/strong>, que tem 200 mil seguidores no Instagram. Ela, por\u00e9m, desativou as redes sociais ap\u00f3s o fato.<\/p>\n<p>O caso foi registrado como <strong>morte suspeita<\/strong> e a <strong>influencer <\/strong>ser\u00e1 <strong>investigada <\/strong>por <strong>homic\u00eddio<\/strong>.<\/p>\n<p>A expectativa da <strong>Pol\u00edcia Civil<\/strong> \u00e9 que <strong>Nat\u00e1lia <\/strong>se <strong>apresente <\/strong>nesta <strong>quarta-feira (5)<\/strong>.<\/p>\n<p>A <strong>pol\u00edcia <\/strong>aguarda o <strong>laudo <\/strong>que pode indicar a <strong>quantidade <\/strong>de <strong>material t\u00f3xico <\/strong>aplicado no empres\u00e1rio durante o procedimento.<\/p>\n<p>O peeling de fenol \u00e9 caracterizado como uma cirurgia qu\u00edmica e consiste na aplica\u00e7\u00e3o de uma solu\u00e7\u00e3o c\u00e1ustica, que provoca a queimadura e descama\u00e7\u00e3o da pele.<\/p>\n<p>SAIBA MAIS<\/p>\n<p>Com veranico, confira as temperaturas previstas nos pr\u00f3ximos dias no interior de SP<\/p>\n<h4 class=\"wp-block-heading\"><strong>FIQUE ON<\/strong><\/h4>\n<p>Fique ligado em tudo que acontece em Ribeir\u00e3o Preto e regi\u00e3o. Siga os perfis do\u00a0<strong>acidade on\u00a0<\/strong>no\u00a0<a href=\"https:\/\/www.instagram.com\/acidadeonribeirao\" target=\"_blank\" rel=\"noreferrer noopener\">Instagram<\/a>\u00a0e no\u00a0<a href=\"https:\/\/www.facebook.com\/acidadeonribeirao\" target=\"_blank\" rel=\"noreferrer noopener\">Facebook<\/a>.<\/p>\n<p>Receba not\u00edcias do acidade on no WhatsApp. Para entrar no grupo, basta\u00a0<a href=\"https:\/\/chat.whatsapp.com\/CdrZ6xrf7quD44Vw3WlPuZ\" target=\"_blank\" rel=\"noreferrer noopener\">clicar aqui<\/a>.<\/p>\n<p>Fa\u00e7a uma den\u00fancia ou sugira uma reportagem sobre Ribeir\u00e3o Preto e regi\u00e3o pelo WhatsApp: 16 99117 7802.<\/p>\n<p>VEJA TAMB\u00c9M<\/p>\n<p>Que horas come\u00e7a a greve de \u00f4nibus em SP?<\/p>\n<p><!-- AI CONTENT END 3 -->\n<\/div>\n<\/div>\n<p><script async src=\"\/\/www.instagram.com\/embed.js\"><\/script><br \/>\n<br \/><br \/>\n<br \/><a href=\"https:\/\/www.acidadeon.com\/ribeiraopreto\/cotidiano\/o-que-se-sabe-sobre-o-caso-do-empresario-que-morreu-apos-peeling-de-fenol-em-clinica\/\">Source link <\/a><\/p>\n<div class='code-block code-block-4' style='margin: 8px auto 8px 0; text-align: left; display: block; clear: both;'>\n\ud83d\udce2 Aviso Legal\n\nO site ismaelcolosi.com.br atua apenas como um canal de divulga\u00e7\u00e3o de oportunidades de emprego e n\u00e3o se responsabiliza pelo processo seletivo, contrata\u00e7\u00e3o ou qualquer outra etapa relacionada \u00e0s vagas publicadas. Todas as informa\u00e7\u00f5es s\u00e3o de responsabilidade dos anunciantes.\n\n\u26a0\ufe0f Aten\u00e7\u00e3o! Nunca pague por promessas de emprego nem compre cursos que garantam contrata\u00e7\u00e3o. Desconfie de qualquer cobran\u00e7a para participar de sele\u00e7\u00f5es.\n\n\n\n<\/div>\n<!-- CONTENT END 1 -->\n","protected":false},"excerpt":{"rendered":"<p>A Pol\u00edcia Civil investiga a morte de um empres\u00e1rio de 27 anos ao fazer peeling de fenol em uma cl\u00ednica de S\u00e3o Paulo. Henrique Silva&#8230;<\/p>\n","protected":false},"author":1,"featured_media":52239,"comment_status":"open","ping_status":"open","sticky":false,"template":"","format":"standard","meta":{"_uag_custom_page_level_css":"","advanced_seo_description":"","jetpack_seo_html_title":"","jetpack_seo_noindex":false,"jetpack_post_was_ever_published":false,"_jetpack_newsletter_access":"","_jetpack_dont_email_post_to_subs":false,"_jetpack_newsletter_tier_id":0,"_jetpack_memberships_contains_paywalled_content":false,"_jetpack_memberships_contains_paid_content":false,"footnotes":"","jetpack_publicize_message":"","jetpack_publicize_feature_enabled":true,"jetpack_social_post_already_shared":true,"jetpack_social_options":{"image_generator_settings":{"template":"highway","default_image_id":0,"font":"","enabled":false},"version":2}},"categories":[11],"tags":[],"class_list":["post-52238","post","type-post","status-publish","format-standard","has-post-thumbnail","hentry","category-noticias-de-ribeirao-preto-sp-e-regiao-ismael-colosi"],"jetpack_publicize_connections":[],"jetpack_featured_media_url":"https:\/\/i0.wp.com\/ismaelcolosi.com.br\/wp-content\/uploads\/2024\/06\/EMPRESARIO_2024-06-05_12-17-15_jpg_2024-06-05_12-17-16.webp.webp?fit=2000%2C1325&ssl=1","uagb_featured_image_src":{"full":["https:\/\/i0.wp.com\/ismaelcolosi.com.br\/wp-content\/uploads\/2024\/06\/EMPRESARIO_2024-06-05_12-17-15_jpg_2024-06-05_12-17-16.webp.webp?fit=2000%2C1325&ssl=1",2000,1325,false],"thumbnail":["https:\/\/i0.wp.com\/ismaelcolosi.com.br\/wp-content\/uploads\/2024\/06\/EMPRESARIO_2024-06-05_12-17-15_jpg_2024-06-05_12-17-16.webp.webp?resize=150%2C150&ssl=1",150,150,true],"medium":["https:\/\/i0.wp.com\/ismaelcolosi.com.br\/wp-content\/uploads\/2024\/06\/EMPRESARIO_2024-06-05_12-17-15_jpg_2024-06-05_12-17-16.webp.webp?fit=300%2C199&ssl=1",300,199,true],"medium_large":["https:\/\/i0.wp.com\/ismaelcolosi.com.br\/wp-content\/uploads\/2024\/06\/EMPRESARIO_2024-06-05_12-17-15_jpg_2024-06-05_12-17-16.webp.webp?fit=768%2C509&ssl=1",768,509,true],"large":["https:\/\/i0.wp.com\/ismaelcolosi.com.br\/wp-content\/uploads\/2024\/06\/EMPRESARIO_2024-06-05_12-17-15_jpg_2024-06-05_12-17-16.webp.webp?fit=1024%2C678&ssl=1",1024,678,true],"1536x1536":["https:\/\/i0.wp.com\/ismaelcolosi.com.br\/wp-content\/uploads\/2024\/06\/EMPRESARIO_2024-06-05_12-17-15_jpg_2024-06-05_12-17-16.webp.webp?fit=1536%2C1018&ssl=1",1536,1018,true],"2048x2048":["https:\/\/i0.wp.com\/ismaelcolosi.com.br\/wp-content\/uploads\/2024\/06\/EMPRESARIO_2024-06-05_12-17-15_jpg_2024-06-05_12-17-16.webp.webp?fit=2000%2C1325&ssl=1",2000,1325,true],"really-simple-thumb":["https:\/\/i0.wp.com\/ismaelcolosi.com.br\/wp-content\/uploads\/2024\/06\/EMPRESARIO_2024-06-05_12-17-15_jpg_2024-06-05_12-17-16.webp.webp?resize=370%2C247&ssl=1",370,247,true]},"uagb_author_info":{"display_name":"ismaelcolosi.com.br","author_link":"https:\/\/ismaelcolosi.com.br\/index.php\/author\/vidareal-online\/"},"uagb_comment_info":0,"uagb_excerpt":"A Pol\u00edcia Civil investiga a morte de um empres\u00e1rio de 27 anos ao fazer peeling de fenol em uma cl\u00ednica de S\u00e3o Paulo. Henrique Silva...","jetpack-related-posts":[{"id":64830,"url":"https:\/\/ismaelcolosi.com.br\/index.php\/2024\/09\/09\/influencer-vira-re-por-morte-de-empresario-apos-tratamento-de-peeling-com-fenol\/","url_meta":{"origin":52238,"position":0},"title":"Influencer vira r\u00e9 por morte de empres\u00e1rio ap\u00f3s tratamento de peeling com fenol","author":"ismaelcolosi.com.br","date":"9 de September de 2024","format":false,"excerpt":"A Justi\u00e7a de S\u00e3o Paulo aceitou a den\u00fancia do MP-SP (Minist\u00e9rio P\u00fablico de S\u00e3o Paulo) contra a influencer Natalia Becker, dona da cl\u00ednica de est\u00e9tica Studio Natalia Becker, na capital paulista. Foi nesse estabelecimento que o empres\u00e1rio Henrique Chagas, de Pirassununga, no interior de S\u00e3o Paulo, morreu ap\u00f3s realizar com\u2026","rel":"","context":"In &quot;Not\u00edcias de Ribeir\u00e3o Preto-SP e Regi\u00e3o&quot;","block_context":{"text":"Not\u00edcias de Ribeir\u00e3o Preto-SP e Regi\u00e3o","link":"https:\/\/ismaelcolosi.com.br\/index.php\/category\/noticias-de-ribeirao-preto-sp-e-regiao-ismael-colosi\/"},"img":{"alt_text":"","src":"https:\/\/i0.wp.com\/ismaelcolosi.com.br\/wp-content\/uploads\/2024\/09\/natalia-becker_2024-09-09_17-07-13_jpg_2024-09-09_17-07-13.webp.webp?fit=1200%2C798&ssl=1&resize=350%2C200","width":350,"height":200,"srcset":"https:\/\/i0.wp.com\/ismaelcolosi.com.br\/wp-content\/uploads\/2024\/09\/natalia-becker_2024-09-09_17-07-13_jpg_2024-09-09_17-07-13.webp.webp?fit=1200%2C798&ssl=1&resize=350%2C200 1x, https:\/\/i0.wp.com\/ismaelcolosi.com.br\/wp-content\/uploads\/2024\/09\/natalia-becker_2024-09-09_17-07-13_jpg_2024-09-09_17-07-13.webp.webp?fit=1200%2C798&ssl=1&resize=525%2C300 1.5x, https:\/\/i0.wp.com\/ismaelcolosi.com.br\/wp-content\/uploads\/2024\/09\/natalia-becker_2024-09-09_17-07-13_jpg_2024-09-09_17-07-13.webp.webp?fit=1200%2C798&ssl=1&resize=700%2C400 2x, https:\/\/i0.wp.com\/ismaelcolosi.com.br\/wp-content\/uploads\/2024\/09\/natalia-becker_2024-09-09_17-07-13_jpg_2024-09-09_17-07-13.webp.webp?fit=1200%2C798&ssl=1&resize=1050%2C600 3x"},"classes":[]},{"id":54415,"url":"https:\/\/ismaelcolosi.com.br\/index.php\/2024\/06\/25\/apos-morte-de-empresario-do-interior-de-sp-anvisa-proibe-uso-de-produtos-a-base-de-fenol\/","url_meta":{"origin":52238,"position":1},"title":"Ap\u00f3s morte de empres\u00e1rio do interior de SP, Anvisa pro\u00edbe uso de produtos \u00e0 base de fenol","author":"ismaelcolosi.com.br","date":"25 de June de 2024","format":false,"excerpt":"Nesta ter\u00e7a-feira (25), a Anvisa (Ag\u00eancia Nacional de Vigil\u00e2ncia Sanit\u00e1ria) publicou uma resolu\u00e7\u00e3o que pro\u00edbe a importa\u00e7\u00e3o, fabrica\u00e7\u00e3o, manipula\u00e7\u00e3o, comercializa\u00e7\u00e3o, propaganda e uso de produtos \u00e0 base de fenol em procedimentos de sa\u00fade em geral ou est\u00e9tico. No in\u00edcio do m\u00eas, um empres\u00e1rio do interior de S\u00e3o Paulo morreu ap\u00f3s\u2026","rel":"","context":"In &quot;Not\u00edcias de Ribeir\u00e3o Preto-SP e Regi\u00e3o&quot;","block_context":{"text":"Not\u00edcias de Ribeir\u00e3o Preto-SP e Regi\u00e3o","link":"https:\/\/ismaelcolosi.com.br\/index.php\/category\/noticias-de-ribeirao-preto-sp-e-regiao-ismael-colosi\/"},"img":{"alt_text":"","src":"https:\/\/i0.wp.com\/ismaelcolosi.com.br\/wp-content\/uploads\/2024\/06\/WhatsApp-Image-2024-06-25-at-10.02.40_2024-06-25_13-03-01_jpeg_2024-06-25_13-03-01.webp.webp?fit=1200%2C795&ssl=1&resize=350%2C200","width":350,"height":200,"srcset":"https:\/\/i0.wp.com\/ismaelcolosi.com.br\/wp-content\/uploads\/2024\/06\/WhatsApp-Image-2024-06-25-at-10.02.40_2024-06-25_13-03-01_jpeg_2024-06-25_13-03-01.webp.webp?fit=1200%2C795&ssl=1&resize=350%2C200 1x, https:\/\/i0.wp.com\/ismaelcolosi.com.br\/wp-content\/uploads\/2024\/06\/WhatsApp-Image-2024-06-25-at-10.02.40_2024-06-25_13-03-01_jpeg_2024-06-25_13-03-01.webp.webp?fit=1200%2C795&ssl=1&resize=525%2C300 1.5x, https:\/\/i0.wp.com\/ismaelcolosi.com.br\/wp-content\/uploads\/2024\/06\/WhatsApp-Image-2024-06-25-at-10.02.40_2024-06-25_13-03-01_jpeg_2024-06-25_13-03-01.webp.webp?fit=1200%2C795&ssl=1&resize=700%2C400 2x, https:\/\/i0.wp.com\/ismaelcolosi.com.br\/wp-content\/uploads\/2024\/06\/WhatsApp-Image-2024-06-25-at-10.02.40_2024-06-25_13-03-01_jpeg_2024-06-25_13-03-01.webp.webp?fit=1200%2C795&ssl=1&resize=1050%2C600 3x"},"classes":[]},{"id":52642,"url":"https:\/\/ismaelcolosi.com.br\/index.php\/2024\/06\/09\/peeling-de-fenol-confira-quais-cuidados-devem-ser-tomados\/","url_meta":{"origin":52238,"position":2},"title":"Peeling de fenol: confira quais cuidados devem ser tomados","author":"ismaelcolosi.com.br","date":"9 de June de 2024","format":false,"excerpt":"A morte de Henrique Silva Chagas, conhecido como Rick Chagas, de 27 anos, ap\u00f3s complica\u00e7\u00f5es geradas por um peeling\u00a0de fenol levantou o debate\u00a0acerca do\u00a0procedimento. O rapaz era de Pirassununga, cidade a aproximadamente 100 quil\u00f4metros de Ribeir\u00e3o Preto. Rick fez o procedimento em uma cl\u00ednica est\u00e9tica, contudo, a dona do local\u2026","rel":"","context":"In &quot;Not\u00edcias de Ribeir\u00e3o Preto-SP e Regi\u00e3o&quot;","block_context":{"text":"Not\u00edcias de Ribeir\u00e3o Preto-SP e Regi\u00e3o","link":"https:\/\/ismaelcolosi.com.br\/index.php\/category\/noticias-de-ribeirao-preto-sp-e-regiao-ismael-colosi\/"},"img":{"alt_text":"","src":"https:\/\/i0.wp.com\/ismaelcolosi.com.br\/wp-content\/uploads\/2024\/06\/EMPRESARIO_2024-06-05_12-17-15_jpg_2024-06-05_12-17-16.webp.webp?fit=1200%2C795&ssl=1&resize=350%2C200","width":350,"height":200,"srcset":"https:\/\/i0.wp.com\/ismaelcolosi.com.br\/wp-content\/uploads\/2024\/06\/EMPRESARIO_2024-06-05_12-17-15_jpg_2024-06-05_12-17-16.webp.webp?fit=1200%2C795&ssl=1&resize=350%2C200 1x, https:\/\/i0.wp.com\/ismaelcolosi.com.br\/wp-content\/uploads\/2024\/06\/EMPRESARIO_2024-06-05_12-17-15_jpg_2024-06-05_12-17-16.webp.webp?fit=1200%2C795&ssl=1&resize=525%2C300 1.5x, https:\/\/i0.wp.com\/ismaelcolosi.com.br\/wp-content\/uploads\/2024\/06\/EMPRESARIO_2024-06-05_12-17-15_jpg_2024-06-05_12-17-16.webp.webp?fit=1200%2C795&ssl=1&resize=700%2C400 2x, https:\/\/i0.wp.com\/ismaelcolosi.com.br\/wp-content\/uploads\/2024\/06\/EMPRESARIO_2024-06-05_12-17-15_jpg_2024-06-05_12-17-16.webp.webp?fit=1200%2C795&ssl=1&resize=1050%2C600 3x"},"classes":[]},{"id":52262,"url":"https:\/\/ismaelcolosi.com.br\/index.php\/2024\/06\/05\/motociclista-morre-apos-acidente-na-regiao-de-ribeirao-preto-motorista-fugiu\/","url_meta":{"origin":52238,"position":3},"title":"Motociclista morre ap\u00f3s acidente na regi\u00e3o de Ribeir\u00e3o Preto; Motorista fugiu","author":"ismaelcolosi.com.br","date":"5 de June de 2024","format":false,"excerpt":"O motociclista Joel Alves da Silva, de 28 anos, morreu na noite de ter\u00e7a-feira (4), depois de permanecer internado por quatro dias em decorr\u00eancia de um acidente em Serrana, na regi\u00e3o de Ribeir\u00e3o Preto. Na ocasi\u00e3o, o motorista da caminhonete que bateu contra a moto fugiu sem prestar socorro. De\u2026","rel":"","context":"In &quot;Not\u00edcias de Ribeir\u00e3o Preto-SP e Regi\u00e3o&quot;","block_context":{"text":"Not\u00edcias de Ribeir\u00e3o Preto-SP e Regi\u00e3o","link":"https:\/\/ismaelcolosi.com.br\/index.php\/category\/noticias-de-ribeirao-preto-sp-e-regiao-ismael-colosi\/"},"img":{"alt_text":"","src":"https:\/\/i0.wp.com\/ismaelcolosi.com.br\/wp-content\/uploads\/2024\/06\/Copia-de-Copia-de-TAMANHO-EXATO-PARA-FOTOS-NO-SISTEMA-NOVO-10-1.jpg?fit=1200%2C675&ssl=1&resize=350%2C200","width":350,"height":200,"srcset":"https:\/\/i0.wp.com\/ismaelcolosi.com.br\/wp-content\/uploads\/2024\/06\/Copia-de-Copia-de-TAMANHO-EXATO-PARA-FOTOS-NO-SISTEMA-NOVO-10-1.jpg?fit=1200%2C675&ssl=1&resize=350%2C200 1x, https:\/\/i0.wp.com\/ismaelcolosi.com.br\/wp-content\/uploads\/2024\/06\/Copia-de-Copia-de-TAMANHO-EXATO-PARA-FOTOS-NO-SISTEMA-NOVO-10-1.jpg?fit=1200%2C675&ssl=1&resize=525%2C300 1.5x, https:\/\/i0.wp.com\/ismaelcolosi.com.br\/wp-content\/uploads\/2024\/06\/Copia-de-Copia-de-TAMANHO-EXATO-PARA-FOTOS-NO-SISTEMA-NOVO-10-1.jpg?fit=1200%2C675&ssl=1&resize=700%2C400 2x, https:\/\/i0.wp.com\/ismaelcolosi.com.br\/wp-content\/uploads\/2024\/06\/Copia-de-Copia-de-TAMANHO-EXATO-PARA-FOTOS-NO-SISTEMA-NOVO-10-1.jpg?fit=1200%2C675&ssl=1&resize=1050%2C600 3x"},"classes":[]},{"id":51255,"url":"https:\/\/ismaelcolosi.com.br\/index.php\/2024\/05\/25\/casa-de-repouso-e-interditada-em-ribeirao-apos-idosa-ser-encontrada-morta-dentro-de-piscina\/","url_meta":{"origin":52238,"position":4},"title":"Casa de repouso \u00e9 interditada em Ribeir\u00e3o ap\u00f3s idosa ser encontrada morta dentro de piscina","author":"ismaelcolosi.com.br","date":"25 de May de 2024","format":false,"excerpt":"A casa de repouso Fases da Vida, onde uma idosa de 81 anos morreu e foi encontrada ap\u00f3s mais de 3h dentro de uma piscina, foi interditada pela Secretaria Municipal da Sa\u00fade nesta sexta-feira (24), por falta de regulariza\u00e7\u00e3o junto a Divis\u00e3o de Vigil\u00e2ncia Sanit\u00e1ria. Em nota, a pasta informou\u2026","rel":"","context":"In &quot;Not\u00edcias de Ribeir\u00e3o Preto-SP e Regi\u00e3o&quot;","block_context":{"text":"Not\u00edcias de Ribeir\u00e3o Preto-SP e Regi\u00e3o","link":"https:\/\/ismaelcolosi.com.br\/index.php\/category\/noticias-de-ribeirao-preto-sp-e-regiao-ismael-colosi\/"},"img":{"alt_text":"","src":"https:\/\/i0.wp.com\/ismaelcolosi.com.br\/wp-content\/uploads\/2024\/05\/Copia-de-Copia-de-TAMANHO-EXATO-PARA-FOTOS-NO-SISTEMA-NOVO-40_2024-05-24_19-42-13_jpg_2024-05-24_19-42-13.webp.webp?fit=1200%2C675&ssl=1&resize=350%2C200","width":350,"height":200,"srcset":"https:\/\/i0.wp.com\/ismaelcolosi.com.br\/wp-content\/uploads\/2024\/05\/Copia-de-Copia-de-TAMANHO-EXATO-PARA-FOTOS-NO-SISTEMA-NOVO-40_2024-05-24_19-42-13_jpg_2024-05-24_19-42-13.webp.webp?fit=1200%2C675&ssl=1&resize=350%2C200 1x, https:\/\/i0.wp.com\/ismaelcolosi.com.br\/wp-content\/uploads\/2024\/05\/Copia-de-Copia-de-TAMANHO-EXATO-PARA-FOTOS-NO-SISTEMA-NOVO-40_2024-05-24_19-42-13_jpg_2024-05-24_19-42-13.webp.webp?fit=1200%2C675&ssl=1&resize=525%2C300 1.5x, https:\/\/i0.wp.com\/ismaelcolosi.com.br\/wp-content\/uploads\/2024\/05\/Copia-de-Copia-de-TAMANHO-EXATO-PARA-FOTOS-NO-SISTEMA-NOVO-40_2024-05-24_19-42-13_jpg_2024-05-24_19-42-13.webp.webp?fit=1200%2C675&ssl=1&resize=700%2C400 2x, https:\/\/i0.wp.com\/ismaelcolosi.com.br\/wp-content\/uploads\/2024\/05\/Copia-de-Copia-de-TAMANHO-EXATO-PARA-FOTOS-NO-SISTEMA-NOVO-40_2024-05-24_19-42-13_jpg_2024-05-24_19-42-13.webp.webp?fit=1200%2C675&ssl=1&resize=1050%2C600 3x"},"classes":[]},{"id":41982,"url":"https:\/\/ismaelcolosi.com.br\/index.php\/2024\/03\/12\/empresario-e-preso-apos-denuncia-de-disparos-na-zona-sul-de-ribeirao-preto\/","url_meta":{"origin":52238,"position":5},"title":"Empres\u00e1rio \u00e9 preso ap\u00f3s den\u00fancia de disparos na zona Sul de Ribeir\u00e3o Preto","author":"ismaelcolosi.com.br","date":"12 de March de 2024","format":false,"excerpt":"Um empres\u00e1rio de 31 anos foi preso ap\u00f3s uma den\u00fancia de supostos disparos com arma de fogo em frente ao um bar na avenida Independ\u00eancia, na zona Sul de Ribeir\u00e3o Preto. O caso aconteceu na madrugada da \u00faltima segunda-feira (11). De acordo com o B.O. (boletim de ocorr\u00eancia), a Pol\u00edcia\u2026","rel":"","context":"In &quot;Not\u00edcias de Ribeir\u00e3o Preto-SP e Regi\u00e3o&quot;","block_context":{"text":"Not\u00edcias de Ribeir\u00e3o Preto-SP e Regi\u00e3o","link":"https:\/\/ismaelcolosi.com.br\/index.php\/category\/noticias-de-ribeirao-preto-sp-e-regiao-ismael-colosi\/"},"img":{"alt_text":"","src":"https:\/\/i0.wp.com\/ismaelcolosi.com.br\/wp-content\/uploads\/2024\/03\/1710257645_WhatsApp-Image-2023-12-09-at-13.55.44.jpeg?fit=1024%2C576&ssl=1&resize=350%2C200","width":350,"height":200,"srcset":"https:\/\/i0.wp.com\/ismaelcolosi.com.br\/wp-content\/uploads\/2024\/03\/1710257645_WhatsApp-Image-2023-12-09-at-13.55.44.jpeg?fit=1024%2C576&ssl=1&resize=350%2C200 1x, https:\/\/i0.wp.com\/ismaelcolosi.com.br\/wp-content\/uploads\/2024\/03\/1710257645_WhatsApp-Image-2023-12-09-at-13.55.44.jpeg?fit=1024%2C576&ssl=1&resize=525%2C300 1.5x, https:\/\/i0.wp.com\/ismaelcolosi.com.br\/wp-content\/uploads\/2024\/03\/1710257645_WhatsApp-Image-2023-12-09-at-13.55.44.jpeg?fit=1024%2C576&ssl=1&resize=700%2C400 2x"},"classes":[]}],"jetpack_sharing_enabled":true,"jetpack_shortlink":"https:\/\/wp.me\/pfMlyK-dAy","_links":{"self":[{"href":"https:\/\/ismaelcolosi.com.br\/index.php\/wp-json\/wp\/v2\/posts\/52238","targetHints":{"allow":["GET"]}}],"collection":[{"href":"https:\/\/ismaelcolosi.com.br\/index.php\/wp-json\/wp\/v2\/posts"}],"about":[{"href":"https:\/\/ismaelcolosi.com.br\/index.php\/wp-json\/wp\/v2\/types\/post"}],"author":[{"embeddable":true,"href":"https:\/\/ismaelcolosi.com.br\/index.php\/wp-json\/wp\/v2\/users\/1"}],"replies":[{"embeddable":true,"href":"https:\/\/ismaelcolosi.com.br\/index.php\/wp-json\/wp\/v2\/comments?post=52238"}],"version-history":[{"count":0,"href":"https:\/\/ismaelcolosi.com.br\/index.php\/wp-json\/wp\/v2\/posts\/52238\/revisions"}],"wp:featuredmedia":[{"embeddable":true,"href":"https:\/\/ismaelcolosi.com.br\/index.php\/wp-json\/wp\/v2\/media\/52239"}],"wp:attachment":[{"href":"https:\/\/ismaelcolosi.com.br\/index.php\/wp-json\/wp\/v2\/media?parent=52238"}],"wp:term":[{"taxonomy":"category","embeddable":true,"href":"https:\/\/ismaelcolosi.com.br\/index.php\/wp-json\/wp\/v2\/categories?post=52238"},{"taxonomy":"post_tag","embeddable":true,"href":"https:\/\/ismaelcolosi.com.br\/index.php\/wp-json\/wp\/v2\/tags?post=52238"}],"curies":[{"name":"wp","href":"https:\/\/api.w.org\/{rel}","templated":true}]}}