{"id":52236,"date":"2024-06-05T08:53:34","date_gmt":"2024-06-05T11:53:34","guid":{"rendered":"https:\/\/ismaelcolosi.com.br\/index.php\/2024\/06\/05\/com-veranico-confira-as-temperaturas-previstas-nos-proximos-dias-no-interior-de-sp\/"},"modified":"2024-06-05T08:53:34","modified_gmt":"2024-06-05T11:53:34","slug":"com-veranico-confira-as-temperaturas-previstas-nos-proximos-dias-no-interior-de-sp","status":"publish","type":"post","link":"https:\/\/ismaelcolosi.com.br\/index.php\/2024\/06\/05\/com-veranico-confira-as-temperaturas-previstas-nos-proximos-dias-no-interior-de-sp\/","title":{"rendered":"Com veranico, confira as temperaturas previstas nos pr\u00f3ximos dias no interior de SP"},"content":{"rendered":"<p> <br \/>\n<\/p>\n<div data-td-block-uid=\"tdi_101\">\n<div class=\"tdb-block-inner td-fix-index\">\n<p><strong>O estado de S\u00e3o Paulo entrou em um per\u00edodo de veranico a partir desta quarta-feira (5) at\u00e9 14 de junho, com previs\u00e3o de temperaturas entre 3\u00b0C a 5\u00b0C<\/strong> <strong>acima da m\u00e9dia, tempo seco e pouca chuva.<\/strong><\/p>\n<p>Segundo a <a href=\"https:\/\/www.climatempo.com.br\/\" target=\"_blank\" rel=\"noreferrer noopener\">Climatempo<\/a>, h\u00e1 um <strong>novo bloqueio atmosf\u00e9rico<\/strong> posicionado sobre a <strong>regi\u00e3o Sudeste<\/strong>, que <mark style=\"background-color:#fcb900\" class=\"has-inline-color has-black-color\">vai\u00a0inibir a chegada de novas frentes frias\u00a0e provocar condi\u00e7\u00f5es de tempo quente e seco em boa parte do Centro-Sul do Brasil.<\/mark><\/p><div class='code-block code-block-8' style='margin: 8px auto; text-align: center; display: block; clear: both;'>\n<script>\n  atOptions = {\n    'key' : '66e2e2111ca34da796271819fc334058',\n    'format' : 'iframe',\n    'height' : 250,\n    'width' : 300,\n    'params' : {}\n  };\n<\/script>\n<script src=\"https:\/\/www.highperformanceformat.com\/66e2e2111ca34da796271819fc334058\/invoke.js\"><\/script>\n<\/div>\n\n<blockquote class=\"wp-block-quote\">\n<p>\u201cVeranicos ocorrem quando est\u00e1 atipicamente quente h\u00e1 mais de 4 dias em pleno inverno ou mesmo durante o outono. Isso n\u00e3o significa que o calor ser\u00e1 intenso nessas \u00e1reas, mas que as temperaturas v\u00e3o ficar altas para os padr\u00f5es de junho. Na regi\u00e3o Sudeste, ainda teremos noites mais frescas, at\u00e9 com sensa\u00e7\u00e3o de frio, mas \u00a0durante as tardes as temperaturas v\u00e3o subir bastante e ficam acima da m\u00e9dia para esta \u00e9poca do ano\u201d<\/p>\n<p><cite>Climatempo<\/cite><\/p><\/blockquote>\n<p>Em <strong>Ribeir\u00e3o Preto<\/strong>, a <strong>meteorologia <\/strong>aponta <mark style=\"background-color:#fcb900\" class=\"has-inline-color has-black-color\">tempo firme, com sol e poucas nuvens nesta quarta-feira (5), primeiro dia do veranico.<\/mark> Nos pr\u00f3ximos dias, n\u00e3o h\u00e1 previs\u00e3o de mudan\u00e7a no tempo na cidade.<\/p>\n<h2 class=\"wp-block-heading\"><strong>Veja a previs\u00e3o nos pr\u00f3ximos dias em Ribeir\u00e3o Preto:<\/strong><\/h2>\n<p>15\u00b0C \/ 30\u00b0C<\/p>\n<p>Dia de sol com muitas nuvens \u00e0 tarde. \u00c0 noite a nebulosidade diminui.<\/p>\n<p>Chuva: 0 mm \/ 0%<\/p>\n<p>Umidade do ar: 39% \/ 92%<\/p>\n<p>15\u00b0C \/ 29\u00b0C<\/p>\n<p>Sol o dia todo sem nuvens no c\u00e9u. Noite de tempo aberto ainda sem nuvens.<\/p>\n<p>Chuva: 0 mm \/ 0%<\/p>\n<p>Umidade do ar: 38% \/ 85%<\/p>\n<p>14\u00b0C \/ 30\u00b0C<\/p>\n<p>Sol o dia todo sem nuvens no c\u00e9u. Noite de tempo aberto ainda sem nuvens.<\/p>\n<p>Chuva: 0 mm \/ 0%<\/p>\n<p>Umidade do ar: 36% \/ 81%<\/p>\n<p>15\u00b0C \/ 31\u00b0C<\/p>\n<p>Sol o dia todo sem nuvens no c\u00e9u. Noite de tempo aberto ainda sem nuvens.<\/p>\n<p>Chuva: 0 mm \/ 0%<\/p>\n<p>Umidade do ar: 35% \/ 83%<\/p>\n<p>16\u00b0C \/ 32\u00b0C<\/p>\n<p>Sol o dia todo sem nuvens no c\u00e9u. Noite de tempo aberto ainda sem nuvens.<\/p>\n<p>Chuva: 0 mm \/ 0%<\/p>\n<p>Umidade do ar: 33% \/ 83%<\/p>\n<p>Fonte: Climatempo<\/p>\n<p>SAIBA MAIS<\/p>\n<p>Fogo atinge 40 mil metros quadrados de vegeta\u00e7\u00e3o na regi\u00e3o de Ribeir\u00e3o Preto<\/p>\n<h4 class=\"wp-block-heading\"><strong>FIQUE ON<\/strong><\/h4>\n<p>Fique ligado em tudo que acontece em Ribeir\u00e3o Preto e regi\u00e3o. Siga os perfis do\u00a0<strong>acidade on\u00a0<\/strong>no\u00a0<a href=\"https:\/\/www.instagram.com\/acidadeonribeirao\" target=\"_blank\" rel=\"noreferrer noopener\">Instagram<\/a>\u00a0e no\u00a0<a href=\"https:\/\/www.facebook.com\/acidadeonribeirao\" target=\"_blank\" rel=\"noreferrer noopener\">Facebook<\/a>.<\/p>\n<p>Receba not\u00edcias do acidade on no WhatsApp. Para entrar no grupo, basta\u00a0<a href=\"https:\/\/chat.whatsapp.com\/CdrZ6xrf7quD44Vw3WlPuZ\" target=\"_blank\" rel=\"noreferrer noopener\">clicar aqui<\/a>.<\/p>\n<p>Fa\u00e7a uma den\u00fancia ou sugira uma reportagem sobre Ribeir\u00e3o Preto e regi\u00e3o pelo WhatsApp: 16 99117 7802.<\/p>\n<p>VEJA TAMB\u00c9M<\/p>\n<p>Que horas come\u00e7a a greve de \u00f4nibus em SP?<\/p>\n<p><!-- AI CONTENT END 1 -->\n<\/div>\n<\/div>\n<p><script async src=\"\/\/www.instagram.com\/embed.js\"><\/script><br \/>\n<br \/><br \/>\n<br \/><a href=\"https:\/\/www.acidadeon.com\/ribeiraopreto\/cotidiano\/com-veranico-confira-as-temperaturas-previstas-nos-proximos-dias-no-interior-de-sp\/\">Source link <\/a><\/p>\n<div class='code-block code-block-4' style='margin: 8px auto 8px 0; text-align: left; display: block; clear: both;'>\n\ud83d\udce2 Aviso Legal\n\nO site ismaelcolosi.com.br atua apenas como um canal de divulga\u00e7\u00e3o de oportunidades de emprego e n\u00e3o se responsabiliza pelo processo seletivo, contrata\u00e7\u00e3o ou qualquer outra etapa relacionada \u00e0s vagas publicadas. Todas as informa\u00e7\u00f5es s\u00e3o de responsabilidade dos anunciantes.\n\n\u26a0\ufe0f Aten\u00e7\u00e3o! Nunca pague por promessas de emprego nem compre cursos que garantam contrata\u00e7\u00e3o. Desconfie de qualquer cobran\u00e7a para participar de sele\u00e7\u00f5es.\n\n\n\n<\/div>\n<!-- CONTENT END 1 -->\n","protected":false},"excerpt":{"rendered":"<p>O estado de S\u00e3o Paulo entrou em um per\u00edodo de veranico a partir desta quarta-feira (5) at\u00e9 14 de junho, com previs\u00e3o de temperaturas entre&#8230;<\/p>\n","protected":false},"author":1,"featured_media":52237,"comment_status":"open","ping_status":"open","sticky":false,"template":"","format":"standard","meta":{"_uag_custom_page_level_css":"","advanced_seo_description":"","jetpack_seo_html_title":"","jetpack_seo_noindex":false,"jetpack_post_was_ever_published":false,"_jetpack_newsletter_access":"","_jetpack_dont_email_post_to_subs":false,"_jetpack_newsletter_tier_id":0,"_jetpack_memberships_contains_paywalled_content":false,"_jetpack_memberships_contains_paid_content":false,"footnotes":"","jetpack_publicize_message":"","jetpack_publicize_feature_enabled":true,"jetpack_social_post_already_shared":true,"jetpack_social_options":{"image_generator_settings":{"template":"highway","default_image_id":0,"font":"","enabled":false},"version":2}},"categories":[11],"tags":[],"class_list":["post-52236","post","type-post","status-publish","format-standard","has-post-thumbnail","hentry","category-noticias-de-ribeirao-preto-sp-e-regiao-ismael-colosi"],"jetpack_publicize_connections":[],"jetpack_featured_media_url":"https:\/\/i0.wp.com\/ismaelcolosi.com.br\/wp-content\/uploads\/2024\/06\/WhatsApp-Image-2024-06-05-at-08.22.06_2024-06-05_11-29-47_jpeg_2024-06-05_11-29-48.webp.webp?fit=1600%2C720&ssl=1","uagb_featured_image_src":{"full":["https:\/\/i0.wp.com\/ismaelcolosi.com.br\/wp-content\/uploads\/2024\/06\/WhatsApp-Image-2024-06-05-at-08.22.06_2024-06-05_11-29-47_jpeg_2024-06-05_11-29-48.webp.webp?fit=1600%2C720&ssl=1",1600,720,false],"thumbnail":["https:\/\/i0.wp.com\/ismaelcolosi.com.br\/wp-content\/uploads\/2024\/06\/WhatsApp-Image-2024-06-05-at-08.22.06_2024-06-05_11-29-47_jpeg_2024-06-05_11-29-48.webp.webp?resize=150%2C150&ssl=1",150,150,true],"medium":["https:\/\/i0.wp.com\/ismaelcolosi.com.br\/wp-content\/uploads\/2024\/06\/WhatsApp-Image-2024-06-05-at-08.22.06_2024-06-05_11-29-47_jpeg_2024-06-05_11-29-48.webp.webp?fit=300%2C135&ssl=1",300,135,true],"medium_large":["https:\/\/i0.wp.com\/ismaelcolosi.com.br\/wp-content\/uploads\/2024\/06\/WhatsApp-Image-2024-06-05-at-08.22.06_2024-06-05_11-29-47_jpeg_2024-06-05_11-29-48.webp.webp?fit=768%2C346&ssl=1",768,346,true],"large":["https:\/\/i0.wp.com\/ismaelcolosi.com.br\/wp-content\/uploads\/2024\/06\/WhatsApp-Image-2024-06-05-at-08.22.06_2024-06-05_11-29-47_jpeg_2024-06-05_11-29-48.webp.webp?fit=1024%2C461&ssl=1",1024,461,true],"1536x1536":["https:\/\/i0.wp.com\/ismaelcolosi.com.br\/wp-content\/uploads\/2024\/06\/WhatsApp-Image-2024-06-05-at-08.22.06_2024-06-05_11-29-47_jpeg_2024-06-05_11-29-48.webp.webp?fit=1536%2C691&ssl=1",1536,691,true],"2048x2048":["https:\/\/i0.wp.com\/ismaelcolosi.com.br\/wp-content\/uploads\/2024\/06\/WhatsApp-Image-2024-06-05-at-08.22.06_2024-06-05_11-29-47_jpeg_2024-06-05_11-29-48.webp.webp?fit=1600%2C720&ssl=1",1600,720,true],"really-simple-thumb":["https:\/\/i0.wp.com\/ismaelcolosi.com.br\/wp-content\/uploads\/2024\/06\/WhatsApp-Image-2024-06-05-at-08.22.06_2024-06-05_11-29-47_jpeg_2024-06-05_11-29-48.webp.webp?resize=370%2C247&ssl=1",370,247,true]},"uagb_author_info":{"display_name":"ismaelcolosi.com.br","author_link":"https:\/\/ismaelcolosi.com.br\/index.php\/author\/vidareal-online\/"},"uagb_comment_info":0,"uagb_excerpt":"O estado de S\u00e3o Paulo entrou em um per\u00edodo de veranico a partir desta quarta-feira (5) at\u00e9 14 de junho, com previs\u00e3o de temperaturas entre...","jetpack-related-posts":[{"id":52890,"url":"https:\/\/ismaelcolosi.com.br\/index.php\/2024\/06\/11\/calorao-e-tempo-seco-quando-as-chuvas-poderao-retornar-ao-estado-de-sp\/","url_meta":{"origin":52236,"position":0},"title":"&#8216;Calor\u00e3o&#8217; e tempo seco: Quando as chuvas poder\u00e3o retornar ao estado de SP?","author":"ismaelcolosi.com.br","date":"11 de June de 2024","format":false,"excerpt":"O \u2018calor\u00e3o\u2019 que afeta o estado de S\u00e3o Paulo deve continuar por mais algum tempo, devido a um novo padr\u00e3o de bloqueio atmosf\u00e9rico que trouxe tempo seco e altas temperaturas para o Centro-Sul do Brasil, de acordo com a meteorologia. Esse cen\u00e1rio fez com que a Climatempo prorrogasse o veranico\u2026","rel":"","context":"In &quot;Not\u00edcias de Ribeir\u00e3o Preto-SP e Regi\u00e3o&quot;","block_context":{"text":"Not\u00edcias de Ribeir\u00e3o Preto-SP e Regi\u00e3o","link":"https:\/\/ismaelcolosi.com.br\/index.php\/category\/noticias-de-ribeirao-preto-sp-e-regiao-ismael-colosi\/"},"img":{"alt_text":"","src":"https:\/\/i0.wp.com\/ismaelcolosi.com.br\/wp-content\/uploads\/2024\/06\/dia_tem_1024x576_25012021065510.jpg?fit=1024%2C576&ssl=1&resize=350%2C200","width":350,"height":200,"srcset":"https:\/\/i0.wp.com\/ismaelcolosi.com.br\/wp-content\/uploads\/2024\/06\/dia_tem_1024x576_25012021065510.jpg?fit=1024%2C576&ssl=1&resize=350%2C200 1x, https:\/\/i0.wp.com\/ismaelcolosi.com.br\/wp-content\/uploads\/2024\/06\/dia_tem_1024x576_25012021065510.jpg?fit=1024%2C576&ssl=1&resize=525%2C300 1.5x, https:\/\/i0.wp.com\/ismaelcolosi.com.br\/wp-content\/uploads\/2024\/06\/dia_tem_1024x576_25012021065510.jpg?fit=1024%2C576&ssl=1&resize=700%2C400 2x"},"classes":[]},{"id":52348,"url":"https:\/\/ismaelcolosi.com.br\/index.php\/2024\/06\/05\/veranico-veja-ate-quando-vai-o-alerta-de-temperaturas-acima-da-media-no-interior-de-sp\/","url_meta":{"origin":52236,"position":1},"title":"Veranico: Veja at\u00e9 quando vai o alerta de temperaturas acima da m\u00e9dia no interior de SP","author":"ismaelcolosi.com.br","date":"5 de June de 2024","format":false,"excerpt":"As temperaturas devem voltar a ficar acima da m\u00e9dia a partir desta quinta-feira (07), em todo o interior do estado de S\u00e3o Paulo, de acordo com o alerta emitido pela Climatempo. Esse cen\u00e1rio acontece devido a um bloqueio atmosf\u00e9rico que deve ficar centralizado sobre o estado nos pr\u00f3ximos dias. De\u2026","rel":"","context":"In &quot;Not\u00edcias de Ribeir\u00e3o Preto-SP e Regi\u00e3o&quot;","block_context":{"text":"Not\u00edcias de Ribeir\u00e3o Preto-SP e Regi\u00e3o","link":"https:\/\/ismaelcolosi.com.br\/index.php\/category\/noticias-de-ribeirao-preto-sp-e-regiao-ismael-colosi\/"},"img":{"alt_text":"","src":"https:\/\/i0.wp.com\/ismaelcolosi.com.br\/wp-content\/uploads\/2024\/06\/calor_fonte_1024x576_24012021151539.jpg?fit=1024%2C576&ssl=1&resize=350%2C200","width":350,"height":200,"srcset":"https:\/\/i0.wp.com\/ismaelcolosi.com.br\/wp-content\/uploads\/2024\/06\/calor_fonte_1024x576_24012021151539.jpg?fit=1024%2C576&ssl=1&resize=350%2C200 1x, https:\/\/i0.wp.com\/ismaelcolosi.com.br\/wp-content\/uploads\/2024\/06\/calor_fonte_1024x576_24012021151539.jpg?fit=1024%2C576&ssl=1&resize=525%2C300 1.5x, https:\/\/i0.wp.com\/ismaelcolosi.com.br\/wp-content\/uploads\/2024\/06\/calor_fonte_1024x576_24012021151539.jpg?fit=1024%2C576&ssl=1&resize=700%2C400 2x"},"classes":[]},{"id":52208,"url":"https:\/\/ismaelcolosi.com.br\/index.php\/2024\/06\/04\/calorao-vai-voltar-interior-de-sp-tem-alerta-para-temperaturas-acima-da-media\/","url_meta":{"origin":52236,"position":2},"title":"Calor\u00e3o vai voltar? Interior de SP tem alerta para temperaturas acima da m\u00e9dia","author":"ismaelcolosi.com.br","date":"4 de June de 2024","format":false,"excerpt":"Um novo bloqueio atmosf\u00e9rico vai se estabelecer no Centro-Leste do pa\u00eds nos pr\u00f3ximos dias e deve provocar condi\u00e7\u00f5es de tempo quente e seco no Sudeste do Brasil, de acordo com a meteorologia. No interior do estado de S\u00e3o Paulo ainda teremos noites mais frescas e com sensa\u00e7\u00e3o de frio, no\u2026","rel":"","context":"In &quot;Not\u00edcias de Ribeir\u00e3o Preto-SP e Regi\u00e3o&quot;","block_context":{"text":"Not\u00edcias de Ribeir\u00e3o Preto-SP e Regi\u00e3o","link":"https:\/\/ismaelcolosi.com.br\/index.php\/category\/noticias-de-ribeirao-preto-sp-e-regiao-ismael-colosi\/"},"img":{"alt_text":"","src":"https:\/\/i0.wp.com\/ismaelcolosi.com.br\/wp-content\/uploads\/2024\/06\/WhatsApp-Image-2024-03-11-at-12.29.24-1.jpeg?fit=1200%2C804&ssl=1&resize=350%2C200","width":350,"height":200,"srcset":"https:\/\/i0.wp.com\/ismaelcolosi.com.br\/wp-content\/uploads\/2024\/06\/WhatsApp-Image-2024-03-11-at-12.29.24-1.jpeg?fit=1200%2C804&ssl=1&resize=350%2C200 1x, https:\/\/i0.wp.com\/ismaelcolosi.com.br\/wp-content\/uploads\/2024\/06\/WhatsApp-Image-2024-03-11-at-12.29.24-1.jpeg?fit=1200%2C804&ssl=1&resize=525%2C300 1.5x, https:\/\/i0.wp.com\/ismaelcolosi.com.br\/wp-content\/uploads\/2024\/06\/WhatsApp-Image-2024-03-11-at-12.29.24-1.jpeg?fit=1200%2C804&ssl=1&resize=700%2C400 2x, https:\/\/i0.wp.com\/ismaelcolosi.com.br\/wp-content\/uploads\/2024\/06\/WhatsApp-Image-2024-03-11-at-12.29.24-1.jpeg?fit=1200%2C804&ssl=1&resize=1050%2C600 3x"},"classes":[]},{"id":52808,"url":"https:\/\/ismaelcolosi.com.br\/index.php\/2024\/06\/11\/veranico-e-estendido-e-tem-nova-data-para-acabar-no-interior-de-sp-veja-quando\/","url_meta":{"origin":52236,"position":3},"title":"Veranico \u00e9 estendido e tem nova data para acabar no interior de SP; Veja quando","author":"ismaelcolosi.com.br","date":"11 de June de 2024","format":false,"excerpt":"O veranico \u2013 per\u00edodo caracterizado pelo tempo seco e temperaturas acima do normal por pelo menos quatro dias consecutivos durante o outono \u2013 foi prorrogado e n\u00e3o mais vai acabar na pr\u00f3xima sexta-feira (14). Segundo a Climatempo, a nova data prevista para o t\u00e9rmino do veranico \u00e9 20 de junho.\u2026","rel":"","context":"In &quot;Not\u00edcias de Ribeir\u00e3o Preto-SP e Regi\u00e3o&quot;","block_context":{"text":"Not\u00edcias de Ribeir\u00e3o Preto-SP e Regi\u00e3o","link":"https:\/\/ismaelcolosi.com.br\/index.php\/category\/noticias-de-ribeirao-preto-sp-e-regiao-ismael-colosi\/"},"img":{"alt_text":"","src":"https:\/\/i0.wp.com\/ismaelcolosi.com.br\/wp-content\/uploads\/2024\/06\/1718101869_WhatsApp-Image-2024-03-11-at-12.29.24-1.jpeg?fit=1200%2C804&ssl=1&resize=350%2C200","width":350,"height":200,"srcset":"https:\/\/i0.wp.com\/ismaelcolosi.com.br\/wp-content\/uploads\/2024\/06\/1718101869_WhatsApp-Image-2024-03-11-at-12.29.24-1.jpeg?fit=1200%2C804&ssl=1&resize=350%2C200 1x, https:\/\/i0.wp.com\/ismaelcolosi.com.br\/wp-content\/uploads\/2024\/06\/1718101869_WhatsApp-Image-2024-03-11-at-12.29.24-1.jpeg?fit=1200%2C804&ssl=1&resize=525%2C300 1.5x, https:\/\/i0.wp.com\/ismaelcolosi.com.br\/wp-content\/uploads\/2024\/06\/1718101869_WhatsApp-Image-2024-03-11-at-12.29.24-1.jpeg?fit=1200%2C804&ssl=1&resize=700%2C400 2x, https:\/\/i0.wp.com\/ismaelcolosi.com.br\/wp-content\/uploads\/2024\/06\/1718101869_WhatsApp-Image-2024-03-11-at-12.29.24-1.jpeg?fit=1200%2C804&ssl=1&resize=1050%2C600 3x"},"classes":[]},{"id":52663,"url":"https:\/\/ismaelcolosi.com.br\/index.php\/2024\/06\/09\/vai-chover-nos-proximos-dias-veja-a-previsao-do-tempo-para-o-estado-de-sp\/","url_meta":{"origin":52236,"position":4},"title":"Vai chover nos pr\u00f3ximos dias? Veja a previs\u00e3o do tempo para o estado de SP","author":"ismaelcolosi.com.br","date":"9 de June de 2024","format":false,"excerpt":"Quem aguarda pelas informa\u00e7\u00f5es sobre uma nova frente fria no estado de S\u00e3o Paulo vai precisar esperar por mais algum tempo, de acordo com a meteorologia. Isso porque, no decorrer desta semana, o estado deve seguir sob influ\u00eancia da alta press\u00e3o que traz a condi\u00e7\u00e3o de bloqueio atmosf\u00e9rico sobre a\u2026","rel":"","context":"In &quot;Not\u00edcias de Ribeir\u00e3o Preto-SP e Regi\u00e3o&quot;","block_context":{"text":"Not\u00edcias de Ribeir\u00e3o Preto-SP e Regi\u00e3o","link":"https:\/\/ismaelcolosi.com.br\/index.php\/category\/noticias-de-ribeirao-preto-sp-e-regiao-ismael-colosi\/"},"img":{"alt_text":"","src":"https:\/\/i0.wp.com\/ismaelcolosi.com.br\/wp-content\/uploads\/2024\/06\/chuva_forte_1024x576_06122019161537.jpg?fit=1024%2C575&ssl=1&resize=350%2C200","width":350,"height":200,"srcset":"https:\/\/i0.wp.com\/ismaelcolosi.com.br\/wp-content\/uploads\/2024\/06\/chuva_forte_1024x576_06122019161537.jpg?fit=1024%2C575&ssl=1&resize=350%2C200 1x, https:\/\/i0.wp.com\/ismaelcolosi.com.br\/wp-content\/uploads\/2024\/06\/chuva_forte_1024x576_06122019161537.jpg?fit=1024%2C575&ssl=1&resize=525%2C300 1.5x, https:\/\/i0.wp.com\/ismaelcolosi.com.br\/wp-content\/uploads\/2024\/06\/chuva_forte_1024x576_06122019161537.jpg?fit=1024%2C575&ssl=1&resize=700%2C400 2x"},"classes":[]},{"id":48368,"url":"https:\/\/ismaelcolosi.com.br\/index.php\/2024\/05\/02\/inmet-preve-tempo-quente-e-seco-no-interior-de-sp-nas-proximas-duas-semanas\/","url_meta":{"origin":52236,"position":5},"title":"Inmet prev\u00ea tempo quente e seco no interior de SP nas pr\u00f3ximas duas semanas","author":"ismaelcolosi.com.br","date":"2 de May de 2024","format":false,"excerpt":"O Instituto Nacional de Meteorologia (Inmet) concluiu o informe meteorol\u00f3gico com a previs\u00e3o do tempo para as pr\u00f3ximas duas semanas. Segundo an\u00e1lise do \u00f3rg\u00e3o, a previs\u00e3o \u00e9 de que as regi\u00f5es Centro-Oeste e Sudeste tenham tempo quente e seco at\u00e9 pelo menos o dia 15 de maio. Nos \u00faltimos dias\u2026","rel":"","context":"In &quot;Not\u00edcias de Ribeir\u00e3o Preto-SP e Regi\u00e3o&quot;","block_context":{"text":"Not\u00edcias de Ribeir\u00e3o Preto-SP e Regi\u00e3o","link":"https:\/\/ismaelcolosi.com.br\/index.php\/category\/noticias-de-ribeirao-preto-sp-e-regiao-ismael-colosi\/"},"img":{"alt_text":"","src":"https:\/\/i0.wp.com\/ismaelcolosi.com.br\/wp-content\/uploads\/2024\/05\/mulher-mais-velha-lutando-com-alta-temperatura-scaled.jpg?fit=1200%2C800&ssl=1&resize=350%2C200","width":350,"height":200,"srcset":"https:\/\/i0.wp.com\/ismaelcolosi.com.br\/wp-content\/uploads\/2024\/05\/mulher-mais-velha-lutando-com-alta-temperatura-scaled.jpg?fit=1200%2C800&ssl=1&resize=350%2C200 1x, https:\/\/i0.wp.com\/ismaelcolosi.com.br\/wp-content\/uploads\/2024\/05\/mulher-mais-velha-lutando-com-alta-temperatura-scaled.jpg?fit=1200%2C800&ssl=1&resize=525%2C300 1.5x, https:\/\/i0.wp.com\/ismaelcolosi.com.br\/wp-content\/uploads\/2024\/05\/mulher-mais-velha-lutando-com-alta-temperatura-scaled.jpg?fit=1200%2C800&ssl=1&resize=700%2C400 2x, https:\/\/i0.wp.com\/ismaelcolosi.com.br\/wp-content\/uploads\/2024\/05\/mulher-mais-velha-lutando-com-alta-temperatura-scaled.jpg?fit=1200%2C800&ssl=1&resize=1050%2C600 3x"},"classes":[]}],"jetpack_sharing_enabled":true,"jetpack_shortlink":"https:\/\/wp.me\/pfMlyK-dAw","_links":{"self":[{"href":"https:\/\/ismaelcolosi.com.br\/index.php\/wp-json\/wp\/v2\/posts\/52236","targetHints":{"allow":["GET"]}}],"collection":[{"href":"https:\/\/ismaelcolosi.com.br\/index.php\/wp-json\/wp\/v2\/posts"}],"about":[{"href":"https:\/\/ismaelcolosi.com.br\/index.php\/wp-json\/wp\/v2\/types\/post"}],"author":[{"embeddable":true,"href":"https:\/\/ismaelcolosi.com.br\/index.php\/wp-json\/wp\/v2\/users\/1"}],"replies":[{"embeddable":true,"href":"https:\/\/ismaelcolosi.com.br\/index.php\/wp-json\/wp\/v2\/comments?post=52236"}],"version-history":[{"count":0,"href":"https:\/\/ismaelcolosi.com.br\/index.php\/wp-json\/wp\/v2\/posts\/52236\/revisions"}],"wp:featuredmedia":[{"embeddable":true,"href":"https:\/\/ismaelcolosi.com.br\/index.php\/wp-json\/wp\/v2\/media\/52237"}],"wp:attachment":[{"href":"https:\/\/ismaelcolosi.com.br\/index.php\/wp-json\/wp\/v2\/media?parent=52236"}],"wp:term":[{"taxonomy":"category","embeddable":true,"href":"https:\/\/ismaelcolosi.com.br\/index.php\/wp-json\/wp\/v2\/categories?post=52236"},{"taxonomy":"post_tag","embeddable":true,"href":"https:\/\/ismaelcolosi.com.br\/index.php\/wp-json\/wp\/v2\/tags?post=52236"}],"curies":[{"name":"wp","href":"https:\/\/api.w.org\/{rel}","templated":true}]}}