{"id":52232,"date":"2024-06-05T07:11:23","date_gmt":"2024-06-05T10:11:23","guid":{"rendered":"https:\/\/ismaelcolosi.com.br\/index.php\/2024\/06\/05\/fogo-atinge-40-mil-metros-quadrados-de-vegetacao-na-regiao-de-ribeirao-preto\/"},"modified":"2024-06-05T07:11:23","modified_gmt":"2024-06-05T10:11:23","slug":"fogo-atinge-40-mil-metros-quadrados-de-vegetacao-na-regiao-de-ribeirao-preto","status":"publish","type":"post","link":"https:\/\/ismaelcolosi.com.br\/index.php\/2024\/06\/05\/fogo-atinge-40-mil-metros-quadrados-de-vegetacao-na-regiao-de-ribeirao-preto\/","title":{"rendered":"Fogo atinge 40 mil metros quadrados de vegeta\u00e7\u00e3o na regi\u00e3o de Ribeir\u00e3o Preto"},"content":{"rendered":"<p> <br \/>\n<\/p>\n<div data-td-block-uid=\"tdi_101\">\n<div class=\"tdb-block-inner td-fix-index\">\n<p><strong>Um inc\u00eandio atingiu aproximadamente 40 mil metros quadrados de uma \u00e1rea de vegeta\u00e7\u00e3o entre a noite desta ter\u00e7a-feira (4) e a madrugada desta quarta-feira (5), em Batatais, cidade a 40 quil\u00f4metros de Ribeir\u00e3o Preto.<\/strong> <mark style=\"background-color:#fcb900\" class=\"has-inline-color has-black-color\">A \u00e1rea destru\u00edda equivale a cinco campos de futebol.<\/mark><\/p>\n<p>O <strong>Corpo de Bombeiros<\/strong> fez o <strong>combate <\/strong>\u00e0s <strong>chamas<\/strong>, que tiveram in\u00edcio por volta das <strong>20h<\/strong>, na <strong>Vila Maria<\/strong>, entre a Guarda Municipal e o acesso para a antiga Febem.<\/p><div class='code-block code-block-8' style='margin: 8px auto; text-align: center; display: block; clear: both;'>\n<script>\n  atOptions = {\n    'key' : '66e2e2111ca34da796271819fc334058',\n    'format' : 'iframe',\n    'height' : 250,\n    'width' : 300,\n    'params' : {}\n  };\n<\/script>\n<script src=\"https:\/\/www.highperformanceformat.com\/66e2e2111ca34da796271819fc334058\/invoke.js\"><\/script>\n<\/div>\n\n<p><strong>Caminh\u00f5es-pipa<\/strong> da <a href=\"https:\/\/www.batatais.sp.gov.br\/\" target=\"_blank\" rel=\"noreferrer noopener\">Prefeitura de Batatais<\/a> e de uma <strong>usina <\/strong>tamb\u00e9m auxiliaram no <strong>combate <\/strong>ao <strong>fogo<\/strong>, que foi extinto \u00e0 0h20, conforme os <strong>Bombeiros<\/strong>.<\/p>\n<p>N\u00e3o h\u00e1 registro de <strong>feridos <\/strong>e as <strong>causas <\/strong>ainda dever\u00e3o ser <strong>apuradas<\/strong>. <\/p>\n<p>SAIBA MAIS<\/p>\n<p>Morre jovem baleado por engano em estacionamento no Centro de Ribeir\u00e3o<\/p>\n<h4 class=\"wp-block-heading\"><strong>FIQUE ON<\/strong><\/h4>\n<p>Fique ligado em tudo que acontece em Ribeir\u00e3o Preto e regi\u00e3o. Siga os perfis do\u00a0<strong>acidade on\u00a0<\/strong>no\u00a0<a href=\"https:\/\/www.instagram.com\/acidadeonribeirao\" target=\"_blank\" rel=\"noreferrer noopener\">Instagram<\/a>\u00a0e no\u00a0<a href=\"https:\/\/www.facebook.com\/acidadeonribeirao\" target=\"_blank\" rel=\"noreferrer noopener\">Facebook<\/a>.<\/p>\n<p>Receba not\u00edcias do acidade on no WhatsApp. Para entrar no grupo, basta\u00a0<a href=\"https:\/\/chat.whatsapp.com\/CdrZ6xrf7quD44Vw3WlPuZ\" target=\"_blank\" rel=\"noreferrer noopener\">clicar aqui<\/a>.<\/p>\n<p>Fa\u00e7a uma den\u00fancia ou sugira uma reportagem sobre Ribeir\u00e3o Preto e regi\u00e3o pelo WhatsApp: 16 99117 7802.<\/p>\n<p>VEJA TAMB\u00c9M<\/p>\n<p>Que horas come\u00e7a a greve de \u00f4nibus em SP?<\/p>\n<p><!-- AI CONTENT END 3 -->\n<\/div>\n<\/div>\n<p><script async src=\"\/\/www.instagram.com\/embed.js\"><\/script><br \/>\n<br \/><br \/>\n<br \/><a href=\"https:\/\/www.acidadeon.com\/ribeiraopreto\/cotidiano\/fogo-atinge-40-mil-metros-quadrados-de-vegetacao-na-regiao-de-ribeirao-preto\/\">Source link <\/a><\/p>\n<div class='code-block code-block-4' style='margin: 8px auto 8px 0; text-align: left; display: block; clear: both;'>\n\ud83d\udce2 Aviso Legal\n\nO site ismaelcolosi.com.br atua apenas como um canal de divulga\u00e7\u00e3o de oportunidades de emprego e n\u00e3o se responsabiliza pelo processo seletivo, contrata\u00e7\u00e3o ou qualquer outra etapa relacionada \u00e0s vagas publicadas. Todas as informa\u00e7\u00f5es s\u00e3o de responsabilidade dos anunciantes.\n\n\u26a0\ufe0f Aten\u00e7\u00e3o! Nunca pague por promessas de emprego nem compre cursos que garantam contrata\u00e7\u00e3o. Desconfie de qualquer cobran\u00e7a para participar de sele\u00e7\u00f5es.\n\n\n\n<\/div>\n<!-- CONTENT END 1 -->\n","protected":false},"excerpt":{"rendered":"<p>Um inc\u00eandio atingiu aproximadamente 40 mil metros quadrados de uma \u00e1rea de vegeta\u00e7\u00e3o entre a noite desta ter\u00e7a-feira (4) e a madrugada desta quarta-feira (5),&#8230;<\/p>\n","protected":false},"author":1,"featured_media":52233,"comment_status":"open","ping_status":"open","sticky":false,"template":"","format":"standard","meta":{"_uag_custom_page_level_css":"","advanced_seo_description":"","jetpack_seo_html_title":"","jetpack_seo_noindex":false,"jetpack_post_was_ever_published":false,"_jetpack_newsletter_access":"","_jetpack_dont_email_post_to_subs":false,"_jetpack_newsletter_tier_id":0,"_jetpack_memberships_contains_paywalled_content":false,"_jetpack_memberships_contains_paid_content":false,"footnotes":"","jetpack_publicize_message":"","jetpack_publicize_feature_enabled":true,"jetpack_social_post_already_shared":true,"jetpack_social_options":{"image_generator_settings":{"template":"highway","default_image_id":0,"font":"","enabled":false},"version":2}},"categories":[11],"tags":[],"class_list":["post-52232","post","type-post","status-publish","format-standard","has-post-thumbnail","hentry","category-noticias-de-ribeirao-preto-sp-e-regiao-ismael-colosi"],"jetpack_publicize_connections":[],"jetpack_featured_media_url":"https:\/\/i0.wp.com\/ismaelcolosi.com.br\/wp-content\/uploads\/2024\/06\/FOGO-MATO_2024-06-05_09-58-53_jpg_2024-06-05_09-58-53.webp.webp?fit=2000%2C1436&ssl=1","uagb_featured_image_src":{"full":["https:\/\/i0.wp.com\/ismaelcolosi.com.br\/wp-content\/uploads\/2024\/06\/FOGO-MATO_2024-06-05_09-58-53_jpg_2024-06-05_09-58-53.webp.webp?fit=2000%2C1436&ssl=1",2000,1436,false],"thumbnail":["https:\/\/i0.wp.com\/ismaelcolosi.com.br\/wp-content\/uploads\/2024\/06\/FOGO-MATO_2024-06-05_09-58-53_jpg_2024-06-05_09-58-53.webp.webp?resize=150%2C150&ssl=1",150,150,true],"medium":["https:\/\/i0.wp.com\/ismaelcolosi.com.br\/wp-content\/uploads\/2024\/06\/FOGO-MATO_2024-06-05_09-58-53_jpg_2024-06-05_09-58-53.webp.webp?fit=300%2C215&ssl=1",300,215,true],"medium_large":["https:\/\/i0.wp.com\/ismaelcolosi.com.br\/wp-content\/uploads\/2024\/06\/FOGO-MATO_2024-06-05_09-58-53_jpg_2024-06-05_09-58-53.webp.webp?fit=768%2C551&ssl=1",768,551,true],"large":["https:\/\/i0.wp.com\/ismaelcolosi.com.br\/wp-content\/uploads\/2024\/06\/FOGO-MATO_2024-06-05_09-58-53_jpg_2024-06-05_09-58-53.webp.webp?fit=1024%2C735&ssl=1",1024,735,true],"1536x1536":["https:\/\/i0.wp.com\/ismaelcolosi.com.br\/wp-content\/uploads\/2024\/06\/FOGO-MATO_2024-06-05_09-58-53_jpg_2024-06-05_09-58-53.webp.webp?fit=1536%2C1103&ssl=1",1536,1103,true],"2048x2048":["https:\/\/i0.wp.com\/ismaelcolosi.com.br\/wp-content\/uploads\/2024\/06\/FOGO-MATO_2024-06-05_09-58-53_jpg_2024-06-05_09-58-53.webp.webp?fit=2000%2C1436&ssl=1",2000,1436,true],"really-simple-thumb":["https:\/\/i0.wp.com\/ismaelcolosi.com.br\/wp-content\/uploads\/2024\/06\/FOGO-MATO_2024-06-05_09-58-53_jpg_2024-06-05_09-58-53.webp.webp?resize=370%2C247&ssl=1",370,247,true]},"uagb_author_info":{"display_name":"ismaelcolosi.com.br","author_link":"https:\/\/ismaelcolosi.com.br\/index.php\/author\/vidareal-online\/"},"uagb_comment_info":0,"uagb_excerpt":"Um inc\u00eandio atingiu aproximadamente 40 mil metros quadrados de uma \u00e1rea de vegeta\u00e7\u00e3o entre a noite desta ter\u00e7a-feira (4) e a madrugada desta quarta-feira (5),...","jetpack-related-posts":[{"id":62491,"url":"https:\/\/ismaelcolosi.com.br\/index.php\/2024\/08\/27\/policia-prende-6o-suspeito-de-atear-fogo-em-vegetacao-no-interior-de-sp\/","url_meta":{"origin":52232,"position":0},"title":"Pol\u00edcia prende 6\u00ba suspeito de atear fogo em vegeta\u00e7\u00e3o no interior de SP","author":"ismaelcolosi.com.br","date":"27 de August de 2024","format":false,"excerpt":"Um homem de 49 anos foi preso sob a suspeita de incendiar uma \u00e1rea de mata em Jales, no interior de S\u00e3o Paulo, nesta segunda-feira (26). Ele \u00e9 o sexto suspeito detido no Estado em menos de uma semana por ocorr\u00eancias semelhantes. A a\u00e7\u00e3o dele fez com que as chamas\u2026","rel":"","context":"In &quot;Not\u00edcias de Ribeir\u00e3o Preto-SP e Regi\u00e3o&quot;","block_context":{"text":"Not\u00edcias de Ribeir\u00e3o Preto-SP e Regi\u00e3o","link":"https:\/\/ismaelcolosi.com.br\/index.php\/category\/noticias-de-ribeirao-preto-sp-e-regiao-ismael-colosi\/"},"img":{"alt_text":"","src":"https:\/\/i0.wp.com\/ismaelcolosi.com.br\/wp-content\/uploads\/2024\/08\/interdicao-antonio-machado-santana_2024-08-23_21-32-23_jpg_2024-08-23_21-32-23.webp.webp?fit=1200%2C921&ssl=1&resize=350%2C200","width":350,"height":200,"srcset":"https:\/\/i0.wp.com\/ismaelcolosi.com.br\/wp-content\/uploads\/2024\/08\/interdicao-antonio-machado-santana_2024-08-23_21-32-23_jpg_2024-08-23_21-32-23.webp.webp?fit=1200%2C921&ssl=1&resize=350%2C200 1x, https:\/\/i0.wp.com\/ismaelcolosi.com.br\/wp-content\/uploads\/2024\/08\/interdicao-antonio-machado-santana_2024-08-23_21-32-23_jpg_2024-08-23_21-32-23.webp.webp?fit=1200%2C921&ssl=1&resize=525%2C300 1.5x, https:\/\/i0.wp.com\/ismaelcolosi.com.br\/wp-content\/uploads\/2024\/08\/interdicao-antonio-machado-santana_2024-08-23_21-32-23_jpg_2024-08-23_21-32-23.webp.webp?fit=1200%2C921&ssl=1&resize=700%2C400 2x, https:\/\/i0.wp.com\/ismaelcolosi.com.br\/wp-content\/uploads\/2024\/08\/interdicao-antonio-machado-santana_2024-08-23_21-32-23_jpg_2024-08-23_21-32-23.webp.webp?fit=1200%2C921&ssl=1&resize=1050%2C600 3x"},"classes":[]},{"id":63861,"url":"https:\/\/ismaelcolosi.com.br\/index.php\/2024\/09\/04\/homem-e-preso-por-incendio-criminoso-em-mata-na-regiao-de-ribeirao-preto\/","url_meta":{"origin":52232,"position":1},"title":"Homem \u00e9 preso por inc\u00eandio criminoso em mata na regi\u00e3o de Ribeir\u00e3o Preto","author":"ismaelcolosi.com.br","date":"4 de September de 2024","format":false,"excerpt":"Um homem de 50 anos foi preso nesta ter\u00e7a-feira (3) suspeito de atear fogo em uma mata de Batatais, cidade a aproximadamente 40 quil\u00f4metros de Ribeir\u00e3o Preto. A Secretaria da Seguran\u00e7a P\u00fablica de S\u00e3o Paulo (SSP-SP) havia informado no domingo (1\u00ba) que, at\u00e9 ent\u00e3o, tinha registrado 11 pris\u00f5es de suspeitos\u2026","rel":"","context":"In &quot;Not\u00edcias de Ribeir\u00e3o Preto-SP e Regi\u00e3o&quot;","block_context":{"text":"Not\u00edcias de Ribeir\u00e3o Preto-SP e Regi\u00e3o","link":"https:\/\/ismaelcolosi.com.br\/index.php\/category\/noticias-de-ribeirao-preto-sp-e-regiao-ismael-colosi\/"},"img":{"alt_text":"","src":"https:\/\/i0.wp.com\/ismaelcolosi.com.br\/wp-content\/uploads\/2024\/09\/WhatsApp-Image-2024-09-04-at-10.35.30_2024-09-04_13-39-17_jpeg_2024-09-04_13-39-17.webp.webp?fit=1200%2C952&ssl=1&resize=350%2C200","width":350,"height":200,"srcset":"https:\/\/i0.wp.com\/ismaelcolosi.com.br\/wp-content\/uploads\/2024\/09\/WhatsApp-Image-2024-09-04-at-10.35.30_2024-09-04_13-39-17_jpeg_2024-09-04_13-39-17.webp.webp?fit=1200%2C952&ssl=1&resize=350%2C200 1x, https:\/\/i0.wp.com\/ismaelcolosi.com.br\/wp-content\/uploads\/2024\/09\/WhatsApp-Image-2024-09-04-at-10.35.30_2024-09-04_13-39-17_jpeg_2024-09-04_13-39-17.webp.webp?fit=1200%2C952&ssl=1&resize=525%2C300 1.5x, https:\/\/i0.wp.com\/ismaelcolosi.com.br\/wp-content\/uploads\/2024\/09\/WhatsApp-Image-2024-09-04-at-10.35.30_2024-09-04_13-39-17_jpeg_2024-09-04_13-39-17.webp.webp?fit=1200%2C952&ssl=1&resize=700%2C400 2x, https:\/\/i0.wp.com\/ismaelcolosi.com.br\/wp-content\/uploads\/2024\/09\/WhatsApp-Image-2024-09-04-at-10.35.30_2024-09-04_13-39-17_jpeg_2024-09-04_13-39-17.webp.webp?fit=1200%2C952&ssl=1&resize=1050%2C600 3x"},"classes":[]},{"id":62120,"url":"https:\/\/ismaelcolosi.com.br\/index.php\/2024\/08\/25\/regiao-de-ribeirao-preto-tem-mais-de-200-familias-desabrigadas-por-conta-do-fogo\/","url_meta":{"origin":52232,"position":2},"title":"Regi\u00e3o de Ribeir\u00e3o Preto tem mais de 200 fam\u00edlias desabrigadas por conta do fogo","author":"ismaelcolosi.com.br","date":"25 de August de 2024","format":false,"excerpt":"O gabinete de crise criado pelo Governo de S\u00e3o Paulo para a\u00e7\u00f5es contra os inc\u00eandios informou que 270 fam\u00edlias de Prad\u00f3polis, na regi\u00e3o de Ribeir\u00e3o Preto, ficaram desabrigadas por conta do fogo. De acordo com o gabinete de crise, a Defesa Civil e o Fundo Social do Estado enviaram ajuda\u2026","rel":"","context":"In &quot;Not\u00edcias de Ribeir\u00e3o Preto-SP e Regi\u00e3o&quot;","block_context":{"text":"Not\u00edcias de Ribeir\u00e3o Preto-SP e Regi\u00e3o","link":"https:\/\/ismaelcolosi.com.br\/index.php\/category\/noticias-de-ribeirao-preto-sp-e-regiao-ismael-colosi\/"},"img":{"alt_text":"","src":"https:\/\/i0.wp.com\/ismaelcolosi.com.br\/wp-content\/uploads\/2024\/08\/incendio-leo-gomes_2024-08-23_20-31-31_jpg_2024-08-23_20-31-31.webp.webp?fit=861%2C586&ssl=1&resize=350%2C200","width":350,"height":200,"srcset":"https:\/\/i0.wp.com\/ismaelcolosi.com.br\/wp-content\/uploads\/2024\/08\/incendio-leo-gomes_2024-08-23_20-31-31_jpg_2024-08-23_20-31-31.webp.webp?fit=861%2C586&ssl=1&resize=350%2C200 1x, https:\/\/i0.wp.com\/ismaelcolosi.com.br\/wp-content\/uploads\/2024\/08\/incendio-leo-gomes_2024-08-23_20-31-31_jpg_2024-08-23_20-31-31.webp.webp?fit=861%2C586&ssl=1&resize=525%2C300 1.5x, https:\/\/i0.wp.com\/ismaelcolosi.com.br\/wp-content\/uploads\/2024\/08\/incendio-leo-gomes_2024-08-23_20-31-31_jpg_2024-08-23_20-31-31.webp.webp?fit=861%2C586&ssl=1&resize=700%2C400 2x"},"classes":[]},{"id":12064,"url":"https:\/\/ismaelcolosi.com.br\/index.php\/2023\/12\/07\/idoso-fica-ferido-apos-carro-capotar-e-pegar-fogo-em-rodovia-na-regiao-de-ribeirao\/","url_meta":{"origin":52232,"position":3},"title":"Idoso fica ferido ap\u00f3s carro capotar e pegar fogo em rodovia na regi\u00e3o de Ribeir\u00e3o","author":"ismaelcolosi.com.br","date":"7 de December de 2023","format":false,"excerpt":"Um idoso de 62 anos ficou ferido ap\u00f3s um carro capotar e pegar fogo na rodovia Altino Arantes, na regi\u00e3o de Ribeir\u00e3o Preto, na manh\u00e3 desta quinta-feira (7). A v\u00edtima foi socorrida pelo Corpo de Bombeiros com ferimentos leves e o inc\u00eandio j\u00e1 foi controlado. O acidente aconteceu na altura\u2026","rel":"","context":"In &quot;Not\u00edcias de Ribeir\u00e3o Preto-SP e Regi\u00e3o&quot;","block_context":{"text":"Not\u00edcias de Ribeir\u00e3o Preto-SP e Regi\u00e3o","link":"https:\/\/ismaelcolosi.com.br\/index.php\/category\/noticias-de-ribeirao-preto-sp-e-regiao-ismael-colosi\/"},"img":{"alt_text":"","src":"https:\/\/i0.wp.com\/ismaelcolosi.com.br\/wp-content\/uploads\/2023\/12\/acidente-altino-arantes.jpeg?fit=1200%2C675&ssl=1&resize=350%2C200","width":350,"height":200,"srcset":"https:\/\/i0.wp.com\/ismaelcolosi.com.br\/wp-content\/uploads\/2023\/12\/acidente-altino-arantes.jpeg?fit=1200%2C675&ssl=1&resize=350%2C200 1x, https:\/\/i0.wp.com\/ismaelcolosi.com.br\/wp-content\/uploads\/2023\/12\/acidente-altino-arantes.jpeg?fit=1200%2C675&ssl=1&resize=525%2C300 1.5x, https:\/\/i0.wp.com\/ismaelcolosi.com.br\/wp-content\/uploads\/2023\/12\/acidente-altino-arantes.jpeg?fit=1200%2C675&ssl=1&resize=700%2C400 2x, https:\/\/i0.wp.com\/ismaelcolosi.com.br\/wp-content\/uploads\/2023\/12\/acidente-altino-arantes.jpeg?fit=1200%2C675&ssl=1&resize=1050%2C600 3x"},"classes":[]},{"id":48620,"url":"https:\/\/ismaelcolosi.com.br\/index.php\/2024\/05\/04\/incendio-atinge-area-com-vegetacao-ao-lado-de-casas-na-regiao-de-ribeirao-veja-video\/","url_meta":{"origin":52232,"position":4},"title":"Inc\u00eandio atinge \u00e1rea com vegeta\u00e7\u00e3o ao lado de casas na regi\u00e3o de Ribeir\u00e3o; Veja v\u00eddeo","author":"ismaelcolosi.com.br","date":"4 de May de 2024","format":false,"excerpt":"Um inc\u00eandio atinge uma \u00e1rea com vegeta\u00e7\u00e3o pr\u00f3xima de casas neste s\u00e1bado (4), no bairro City Petr\u00f3polis, em Franca, cidade a aproximadamente 80 quil\u00f4metros de Ribeir\u00e3o Preto. Assista ao v\u00eddeo abaixo. O Corpo de Bombeiros informou que faz o combate ao fogo no in\u00edcio desta tarde e que n\u00e3o h\u00e1\u2026","rel":"","context":"In &quot;Not\u00edcias de Ribeir\u00e3o Preto-SP e Regi\u00e3o&quot;","block_context":{"text":"Not\u00edcias de Ribeir\u00e3o Preto-SP e Regi\u00e3o","link":"https:\/\/ismaelcolosi.com.br\/index.php\/category\/noticias-de-ribeirao-preto-sp-e-regiao-ismael-colosi\/"},"img":{"alt_text":"","src":"https:\/\/i0.wp.com\/ismaelcolosi.com.br\/wp-content\/uploads\/2024\/05\/WhatsApp-Image-2024-05-04-at-13.29.30_2024-05-04_16-31-00_jpeg_2024-05-04_16-31-00.webp.webp?fit=1200%2C675&ssl=1&resize=350%2C200","width":350,"height":200,"srcset":"https:\/\/i0.wp.com\/ismaelcolosi.com.br\/wp-content\/uploads\/2024\/05\/WhatsApp-Image-2024-05-04-at-13.29.30_2024-05-04_16-31-00_jpeg_2024-05-04_16-31-00.webp.webp?fit=1200%2C675&ssl=1&resize=350%2C200 1x, https:\/\/i0.wp.com\/ismaelcolosi.com.br\/wp-content\/uploads\/2024\/05\/WhatsApp-Image-2024-05-04-at-13.29.30_2024-05-04_16-31-00_jpeg_2024-05-04_16-31-00.webp.webp?fit=1200%2C675&ssl=1&resize=525%2C300 1.5x, https:\/\/i0.wp.com\/ismaelcolosi.com.br\/wp-content\/uploads\/2024\/05\/WhatsApp-Image-2024-05-04-at-13.29.30_2024-05-04_16-31-00_jpeg_2024-05-04_16-31-00.webp.webp?fit=1200%2C675&ssl=1&resize=700%2C400 2x, https:\/\/i0.wp.com\/ismaelcolosi.com.br\/wp-content\/uploads\/2024\/05\/WhatsApp-Image-2024-05-04-at-13.29.30_2024-05-04_16-31-00_jpeg_2024-05-04_16-31-00.webp.webp?fit=1200%2C675&ssl=1&resize=1050%2C600 3x"},"classes":[]},{"id":61674,"url":"https:\/\/ismaelcolosi.com.br\/index.php\/2024\/08\/22\/incendio-atinge-canavial-e-funcionarios-de-usina-na-regiao-de-ribeirao-preto-evacuam-o-local\/","url_meta":{"origin":52232,"position":5},"title":"Inc\u00eandio atinge canavial e funcion\u00e1rios de usina na regi\u00e3o de Ribeir\u00e3o Preto evacuam o local","author":"ismaelcolosi.com.br","date":"22 de August de 2024","format":false,"excerpt":"Um inc\u00eandio de grandes propor\u00e7\u00f5es atingiu uma regi\u00e3o de canavial pr\u00f3ximo \u00e0 rodovia Armando de Sales Oliveira (SP-322), em Sert\u00e3ozinho, cidade na regi\u00e3o de Ribeir\u00e3o Preto, e fez com que funcion\u00e1rios de uma usina deixassem o local na tarde desta quinta-feira (22). De acordo com a Ra\u00edzen, as chamas se\u2026","rel":"","context":"In &quot;Not\u00edcias de Ribeir\u00e3o Preto-SP e Regi\u00e3o&quot;","block_context":{"text":"Not\u00edcias de Ribeir\u00e3o Preto-SP e Regi\u00e3o","link":"https:\/\/ismaelcolosi.com.br\/index.php\/category\/noticias-de-ribeirao-preto-sp-e-regiao-ismael-colosi\/"},"img":{"alt_text":"","src":"https:\/\/i0.wp.com\/ismaelcolosi.com.br\/wp-content\/uploads\/2024\/08\/WhatsApp-Image-2024-08-22-at-19.11.40_2024-08-22_22-27-18_jpeg_2024-08-22_22-27-18.webp.webp?fit=750%2C427&ssl=1&resize=350%2C200","width":350,"height":200,"srcset":"https:\/\/i0.wp.com\/ismaelcolosi.com.br\/wp-content\/uploads\/2024\/08\/WhatsApp-Image-2024-08-22-at-19.11.40_2024-08-22_22-27-18_jpeg_2024-08-22_22-27-18.webp.webp?fit=750%2C427&ssl=1&resize=350%2C200 1x, https:\/\/i0.wp.com\/ismaelcolosi.com.br\/wp-content\/uploads\/2024\/08\/WhatsApp-Image-2024-08-22-at-19.11.40_2024-08-22_22-27-18_jpeg_2024-08-22_22-27-18.webp.webp?fit=750%2C427&ssl=1&resize=525%2C300 1.5x, https:\/\/i0.wp.com\/ismaelcolosi.com.br\/wp-content\/uploads\/2024\/08\/WhatsApp-Image-2024-08-22-at-19.11.40_2024-08-22_22-27-18_jpeg_2024-08-22_22-27-18.webp.webp?fit=750%2C427&ssl=1&resize=700%2C400 2x"},"classes":[]}],"jetpack_sharing_enabled":true,"jetpack_shortlink":"https:\/\/wp.me\/pfMlyK-dAs","_links":{"self":[{"href":"https:\/\/ismaelcolosi.com.br\/index.php\/wp-json\/wp\/v2\/posts\/52232","targetHints":{"allow":["GET"]}}],"collection":[{"href":"https:\/\/ismaelcolosi.com.br\/index.php\/wp-json\/wp\/v2\/posts"}],"about":[{"href":"https:\/\/ismaelcolosi.com.br\/index.php\/wp-json\/wp\/v2\/types\/post"}],"author":[{"embeddable":true,"href":"https:\/\/ismaelcolosi.com.br\/index.php\/wp-json\/wp\/v2\/users\/1"}],"replies":[{"embeddable":true,"href":"https:\/\/ismaelcolosi.com.br\/index.php\/wp-json\/wp\/v2\/comments?post=52232"}],"version-history":[{"count":0,"href":"https:\/\/ismaelcolosi.com.br\/index.php\/wp-json\/wp\/v2\/posts\/52232\/revisions"}],"wp:featuredmedia":[{"embeddable":true,"href":"https:\/\/ismaelcolosi.com.br\/index.php\/wp-json\/wp\/v2\/media\/52233"}],"wp:attachment":[{"href":"https:\/\/ismaelcolosi.com.br\/index.php\/wp-json\/wp\/v2\/media?parent=52232"}],"wp:term":[{"taxonomy":"category","embeddable":true,"href":"https:\/\/ismaelcolosi.com.br\/index.php\/wp-json\/wp\/v2\/categories?post=52232"},{"taxonomy":"post_tag","embeddable":true,"href":"https:\/\/ismaelcolosi.com.br\/index.php\/wp-json\/wp\/v2\/tags?post=52232"}],"curies":[{"name":"wp","href":"https:\/\/api.w.org\/{rel}","templated":true}]}}