{"id":52230,"date":"2024-06-05T06:55:43","date_gmt":"2024-06-05T09:55:43","guid":{"rendered":"https:\/\/ismaelcolosi.com.br\/index.php\/2024\/06\/05\/indiana-executiva-conta-como-se-tornou-vp-da-meta\/"},"modified":"2024-06-05T06:55:43","modified_gmt":"2024-06-05T09:55:43","slug":"indiana-executiva-conta-como-se-tornou-vp-da-meta","status":"publish","type":"post","link":"https:\/\/ismaelcolosi.com.br\/index.php\/2024\/06\/05\/indiana-executiva-conta-como-se-tornou-vp-da-meta\/","title":{"rendered":"Indiana, executiva conta como se tornou VP da Meta"},"content":{"rendered":"<p> <br \/>\n<\/p>\n<div>\n<div id=\"attachment_614628\" class=\"wp-caption alignnone style=\" max-width:=\"\"><img data-recalc-dims=\"1\" fetchpriority=\"high\" decoding=\"async\" class=\"alignnone wp-image-614628 size-medium\" src=\"https:\/\/i0.wp.com\/forbes.com.br\/wp-content\/uploads\/2024\/06\/mulher-nikila-meta-768x512.jpg?resize=678%2C452&#038;ssl=1\" http:=\"\" alt=\"Nikila Srinivasan, vice-presidente da Meta\" width=\"678\" height=\"452\" data-lazy-src=\"https:\/\/forbes.com.br\/wp-content\/uploads\/2024\/06\/mulher-nikila-meta-768x512.jpg\"\/><img data-recalc-dims=\"1\" fetchpriority=\"high\" decoding=\"async\" class=\"alignnone wp-image-614628 size-medium\" src=\"https:\/\/i0.wp.com\/forbes.com.br\/wp-content\/uploads\/2024\/06\/mulher-nikila-meta-768x512.jpg?resize=678%2C452&#038;ssl=1\" alt=\"Nikila Srinivasan, vice-presidente da Meta\" width=\"678\" height=\"452\"\/><\/p>\n<p class=\"wp-caption-text\">Como investidora anjo, Nikila Srinivasan, VP da Meta, aposta em startups fundadas por mulheres e imigrantes<\/p><div class='code-block code-block-8' style='margin: 8px auto; text-align: center; display: block; clear: both;'>\n<script>\n  atOptions = {\n    'key' : '66e2e2111ca34da796271819fc334058',\n    'format' : 'iframe',\n    'height' : 250,\n    'width' : 300,\n    'params' : {}\n  };\n<\/script>\n<script src=\"https:\/\/www.highperformanceformat.com\/66e2e2111ca34da796271819fc334058\/invoke.js\"><\/script>\n<\/div>\n\n<\/div>\n<div class=\"accessibility\">\n<p>Acessibilidade<\/p>\n<p>\n<button onclick=\"alterFont1()\" id=\"btn1\" class=\"btn\">L<\/button><br \/>\n<button onclick=\"alterFont2()\" id=\"btn2\" class=\"btn\" style=\"font-family: Merriweather\">L<\/button><br \/>\n<button onclick=\"alterFontSmallerSize()\" id=\"btn3\" class=\"btn\">A-<\/button><br \/>\n<button onclick=\"alterFontBiggerSize()\" id=\"btn4\" class=\"btn\">A+<\/button><\/p>\n<p><button onclick=\"alterBackground()\" id=\"btn6\" class=\"btn\">\u25d0<\/button><\/p>\n<\/div>\n<p>Quando usou o Facebook pela primeira vez no seu primeiro celular, com dinheiro emprestado do pai e uma conex\u00e3o de internet ruim, <strong>Nikila Srinivasan, natural de Chennai, no sul da \u00cdndia<\/strong>, era ambiciosa a ponto de se imaginar trabalhando na gigante de tecnologia. Mas n\u00e3o o suficiente para pensar que um dia estaria sentada ao lado do fundador da Meta, Mark Zuckerberg, tomando grandes decis\u00f5es pela empresa. \u201cEntendi que queria criar tecnologias que seriam usadas no resto do mundo, porque eu venho do resto do mundo\u2019\u201d, diz ela, hoje <strong>VP de produto da Meta<\/strong>.<\/p>\n<p>A executiva de 36 anos \u00e9 respons\u00e1vel pelos neg\u00f3cios de business messaging da big tech \u2013 que abrange as iniciativas da companhia para conectar empresas e clientes por meio de aplicativos como WhatsApp, Messenger e Instagram Direct.<\/p>\n<p>Quando foi chamada por um recrutador, Nikila n\u00e3o entendeu o que uma mulher indiana no in\u00edcio da carreira poderia trazer para uma gigante do Vale do Sil\u00edcio. \u201cN\u00e3o sabia se algu\u00e9m como eu teria sucesso no Facebook naquela \u00e9poca\u201d, foi o que ela disse ao recrutador, que a convidou para um happy hour organizado por tr\u00eas mulheres l\u00edderes de produto. \u201cHoje, olho em volta e vejo muitas pessoas como eu nas salas de lideran\u00e7a.\u201d<\/p>\n<p>A ex-l\u00edder de produto do WhatsApp, Ami Vora, foi uma grande mentora. \u201cEla se parecia comigo e me ajudou a perceber que minha perspectiva era importante. Quando ela se tornou vice-presidente do Facebook foi um grande dia para mim porque pensei \u2018eu tamb\u00e9m posso chegar l\u00e1\u2019. E cheguei.\u201d<\/p>\n<p>Mas para al\u00e9m do poder da representatividade, diversidade traz impacto no neg\u00f3cio. \u201cComo resultado de termos diferentes perspectivas, conseguimos desenvolver produtos que atendem um p\u00fablico internacional\u201d, diz Nikila. Foi a sua vis\u00e3o e background \u00fanicos que a ajudaram a subir na big tech, construindo times focados em mercados emergentes, se voltando para pequenos neg\u00f3cios e abrindo escrit\u00f3rios da empresa em Singapura e Londres. \u201cQuando voc\u00ea sente que seu trabalho causa impacto e est\u00e1 ligado \u00e0 sua hist\u00f3ria pessoal, sua carreira se torna mais significativa.\u201d<\/p>\n<p><strong>Leia tamb\u00e9m:<\/strong><\/p>\n<h2>Import\u00e2ncia do Brasil para a Meta e o WhatsApp<\/h2>\n<p>A executiva diz isso porque j\u00e1 come\u00e7a seus dias no WhatsApp. N\u00e3o para trabalhar, e sim para fazer uma liga\u00e7\u00e3o de v\u00eddeo com seus pais, que ainda vivem na \u00cdndia, ou conversar com amigos e parentes. \u201c\u00c9 como eu mantenho a conex\u00e3o com um mundo que deixei para tr\u00e1s, mas n\u00e3o sinto que deixei para tr\u00e1s.\u201d<\/p>\n<p>O pa\u00eds asi\u00e1tico, que ela ainda considera sua casa, tem o maior n\u00famero de usu\u00e1rios do WhatsApp em todo o mundo, e logo atr\u00e1s vem o Brasil, mercado estrat\u00e9gico para a Meta. \u201c\u00c9 um dos mais importantes para n\u00f3s do ponto de vista comercial, porque seja para grandes, pequenas empresas ou usu\u00e1rios, a conex\u00e3o entre pessoas e neg\u00f3cios tamb\u00e9m \u00e9 muito forte\u201d, diz a executiva, que est\u00e1 no Brasil para participar do Conversations, evento anual e global da Meta sobre business messaging, sediado pela primeira vez por aqui.<\/p>\n<p>O WhatsApp \u00e9 tamb\u00e9m a grande aposta da Meta para o futuro. \u201cMark [Zuckerberg] fala como, at\u00e9 agora, o Facebook e o Instagram t\u00eam sido os grandes pilares do neg\u00f3cio. O pr\u00f3ximo s\u00e3o as mensagens comerciais, e a maior oportunidade que temos de fazer isso \u00e9 com o WhatsApp.\u201d<\/p>\n<h2>Carreira focada no mundo em desenvolvimento<\/h2>\n<p>Antes do Facebook, hoje Meta, Nikila trabalhou em startups e desenvolveu apps quando o mobile come\u00e7ou a crescer. O interesse pela tecnologia veio desde cedo:<strong> come\u00e7ou a programar ainda no ensino m\u00e9dio<\/strong>.<\/p>\n<p>Cursou ci\u00eancia da computa\u00e7\u00e3o e saiu da \u00cdndia pela primeira vez para fazer p\u00f3s-gradua\u00e7\u00e3o nos Estados Unidos, onde estudou tecnologia e desenvolvimento internacional. \u201cAmpliou minha vis\u00e3o de mundo, mas me deu mais certeza de que eu queria trabalhar com desenvolvimento\u201d, diz ela, que foi para o Vale do Sil\u00edcio em 2011.<\/p>\n<p>Al\u00e9m da carreira corporativa, h\u00e1 alguns anos Nikila come\u00e7ou a atuar como<strong> investidora anjo<\/strong>, e j\u00e1 apostou em mais de 10 empresas fundadas por mulheres imigrantes. \u201cAlgumas pessoas tratam o investimento anjo como uma ci\u00eancia complexa, e eu fa\u00e7o um pouco disso, mas a ideia \u00e9 me conectar com fundadores sub-representados.\u201d<\/p>\n<p>O fio condutor dos seus neg\u00f3cios \u00e9 construir para o mundo em desenvolvimento \u2013 com a responsabilidade de garantir que outras tantas pessoas como ela possam vir depois. \u201cTive a sorte de trabalhar com l\u00edderes que me ajudaram e fizeram com que eu tivesse um lugar \u00e0 mesa\u201d, diz. E hoje faz o mesmo como mentora de outras mulheres. \u201cN\u00e3o se trata apenas de trazer algu\u00e9m com uma lista de caracter\u00edsticas. \u00c9 realmente garantir que voc\u00ea est\u00e1 ouvindo essas pessoas e que a perspectiva delas est\u00e1 nos ajudando a alcan\u00e7ar melhores resultados nos neg\u00f3cios.\u201d<\/p>\n<\/div>\n<p><script type=\"rocketlazyloadscript\">\n\t\t\t\t(function(d, s, id){\n\t\t\t\t\tvar js, fjs = d.getElementsByTagName(s)[0];\n\t\t\t\t\tif (d.getElementById(id)) return;\n\t\t\t\t\tjs = d.createElement(s); js.id = id;\n\t\t\t\t\tjs.src = \"\/\/connect.facebook.net\/pt_BR\/sdk.js#xfbml=1&version=v2.9\";\n\t\t\t\t\tfjs.parentNode.insertBefore(js, fjs);\n\t\t\t\t}(document, 'script', 'facebook-jssdk'));\n\t\t\t<\/script><br \/>\n<br \/><br \/>\n<br \/><a href=\"https:\/\/forbes.com.br\/forbes-mulher\/2024\/06\/quero-criar-tecnologias-para-o-resto-do-mundo-de-onde-eu-venho-diz-vp-da-meta\/\">Source link <\/a><\/p>\n<div class='code-block code-block-4' style='margin: 8px auto 8px 0; text-align: left; display: block; clear: both;'>\n\ud83d\udce2 Aviso Legal\n\nO site ismaelcolosi.com.br atua apenas como um canal de divulga\u00e7\u00e3o de oportunidades de emprego e n\u00e3o se responsabiliza pelo processo seletivo, contrata\u00e7\u00e3o ou qualquer outra etapa relacionada \u00e0s vagas publicadas. Todas as informa\u00e7\u00f5es s\u00e3o de responsabilidade dos anunciantes.\n\n\u26a0\ufe0f Aten\u00e7\u00e3o! Nunca pague por promessas de emprego nem compre cursos que garantam contrata\u00e7\u00e3o. Desconfie de qualquer cobran\u00e7a para participar de sele\u00e7\u00f5es.\n\n\n\n<\/div>\n<!-- CONTENT END 1 -->\n","protected":false},"excerpt":{"rendered":"<p>Como investidora anjo, Nikila Srinivasan, VP da Meta, aposta em startups fundadas por mulheres e imigrantes Acessibilidade L L A- A+ \u25d0 Quando usou o&#8230;<\/p>\n","protected":false},"author":1,"featured_media":52231,"comment_status":"open","ping_status":"open","sticky":false,"template":"","format":"standard","meta":{"_uag_custom_page_level_css":"","advanced_seo_description":"","jetpack_seo_html_title":"","jetpack_seo_noindex":false,"jetpack_post_was_ever_published":false,"_jetpack_newsletter_access":"","_jetpack_dont_email_post_to_subs":false,"_jetpack_newsletter_tier_id":0,"_jetpack_memberships_contains_paywalled_content":false,"_jetpack_memberships_contains_paid_content":false,"footnotes":"","jetpack_publicize_message":"","jetpack_publicize_feature_enabled":true,"jetpack_social_post_already_shared":true,"jetpack_social_options":{"image_generator_settings":{"template":"highway","default_image_id":0,"font":"","enabled":false},"version":2}},"categories":[1964],"tags":[],"class_list":["post-52230","post","type-post","status-publish","format-standard","has-post-thumbnail","hentry","category-carreira-e-sucesso-dicas-para-carreira"],"jetpack_publicize_connections":[],"jetpack_featured_media_url":"https:\/\/i0.wp.com\/ismaelcolosi.com.br\/wp-content\/uploads\/2024\/06\/mulher-nikila-meta-1024x683.jpg?fit=1024%2C683&ssl=1","uagb_featured_image_src":{"full":["https:\/\/i0.wp.com\/ismaelcolosi.com.br\/wp-content\/uploads\/2024\/06\/mulher-nikila-meta-1024x683.jpg?fit=1024%2C683&ssl=1",1024,683,false],"thumbnail":["https:\/\/i0.wp.com\/ismaelcolosi.com.br\/wp-content\/uploads\/2024\/06\/mulher-nikila-meta-1024x683.jpg?resize=150%2C150&ssl=1",150,150,true],"medium":["https:\/\/i0.wp.com\/ismaelcolosi.com.br\/wp-content\/uploads\/2024\/06\/mulher-nikila-meta-1024x683.jpg?fit=300%2C200&ssl=1",300,200,true],"medium_large":["https:\/\/i0.wp.com\/ismaelcolosi.com.br\/wp-content\/uploads\/2024\/06\/mulher-nikila-meta-1024x683.jpg?fit=768%2C512&ssl=1",768,512,true],"large":["https:\/\/i0.wp.com\/ismaelcolosi.com.br\/wp-content\/uploads\/2024\/06\/mulher-nikila-meta-1024x683.jpg?fit=1024%2C683&ssl=1",1024,683,true],"1536x1536":["https:\/\/i0.wp.com\/ismaelcolosi.com.br\/wp-content\/uploads\/2024\/06\/mulher-nikila-meta-1024x683.jpg?fit=1024%2C683&ssl=1",1024,683,true],"2048x2048":["https:\/\/i0.wp.com\/ismaelcolosi.com.br\/wp-content\/uploads\/2024\/06\/mulher-nikila-meta-1024x683.jpg?fit=1024%2C683&ssl=1",1024,683,true],"really-simple-thumb":["https:\/\/i0.wp.com\/ismaelcolosi.com.br\/wp-content\/uploads\/2024\/06\/mulher-nikila-meta-1024x683.jpg?resize=370%2C247&ssl=1",370,247,true]},"uagb_author_info":{"display_name":"ismaelcolosi.com.br","author_link":"https:\/\/ismaelcolosi.com.br\/index.php\/author\/vidareal-online\/"},"uagb_comment_info":0,"uagb_excerpt":"Como investidora anjo, Nikila Srinivasan, VP da Meta, aposta em startups fundadas por mulheres e imigrantes Acessibilidade L L A- A+ \u25d0 Quando usou o...","jetpack-related-posts":[{"id":89844,"url":"https:\/\/ismaelcolosi.com.br\/index.php\/2026\/04\/13\/ex-meta-assume-como-vp-de-engenharia-do-quintoandar-para-acelerar-estrategia-em-ia\/","url_meta":{"origin":52230,"position":0},"title":"Ex-Meta Assume como VP de Engenharia do QuintoAndar para Acelerar Estrat\u00e9gia em IA","author":"ismaelcolosi.com.br","date":"13 de April de 2026","format":false,"excerpt":"O QuintoAndar anunciou Rafael L\u00f3pez Diez como novo vice-presidente de engenharia e l\u00edder do Tech Hub da proptech na Europa. \u00c0 frente da \u00e1rea, o executivo ser\u00e1 respons\u00e1vel por conectar a capacidade tecnol\u00f3gica da empresa \u00e0 gera\u00e7\u00e3o de valor para o neg\u00f3cio. \u201c\u00c9 um papel altamente estrat\u00e9gico, que vai muito\u2026","rel":"","context":"In &quot;Carreira e Sucesso&quot;","block_context":{"text":"Carreira e Sucesso","link":"https:\/\/ismaelcolosi.com.br\/index.php\/category\/carreira-e-sucesso-dicas-para-carreira\/"},"img":{"alt_text":"","src":"https:\/\/i0.wp.com\/ismaelcolosi.com.br\/wp-content\/uploads\/2026\/04\/carreira-rafael-diez-lopez-1200x675.jpg?fit=1200%2C675&ssl=1&resize=350%2C200","width":350,"height":200,"srcset":"https:\/\/i0.wp.com\/ismaelcolosi.com.br\/wp-content\/uploads\/2026\/04\/carreira-rafael-diez-lopez-1200x675.jpg?fit=1200%2C675&ssl=1&resize=350%2C200 1x, https:\/\/i0.wp.com\/ismaelcolosi.com.br\/wp-content\/uploads\/2026\/04\/carreira-rafael-diez-lopez-1200x675.jpg?fit=1200%2C675&ssl=1&resize=525%2C300 1.5x, https:\/\/i0.wp.com\/ismaelcolosi.com.br\/wp-content\/uploads\/2026\/04\/carreira-rafael-diez-lopez-1200x675.jpg?fit=1200%2C675&ssl=1&resize=700%2C400 2x, https:\/\/i0.wp.com\/ismaelcolosi.com.br\/wp-content\/uploads\/2026\/04\/carreira-rafael-diez-lopez-1200x675.jpg?fit=1200%2C675&ssl=1&resize=1050%2C600 3x"},"classes":[]},{"id":86542,"url":"https:\/\/ismaelcolosi.com.br\/index.php\/2025\/07\/08\/brasileira-e-a-nova-vp-global-de-marketing-da-fini\/","url_meta":{"origin":52230,"position":1},"title":"Brasileira \u00e9 a Nova VP Global de Marketing da Fini","author":"ismaelcolosi.com.br","date":"8 de July de 2025","format":false,"excerpt":"\r \r \r \r Com mais de 20 anos de experi\u00eancia, Camila Couto coleciona passagens por empresas como Unilever, Avon, Heineken e Mondelez \r \r \r \r Divulga\u00e7\u00e3o\/The Fini Company\r Nova VP de marketing da Fini, Camila Couto \u00e9 especializada em gest\u00e3o de marketing no varejo pela Funda\u00e7\u00e3o Getulio Vargas\r\u2026","rel":"","context":"In &quot;Carreira e Sucesso&quot;","block_context":{"text":"Carreira e Sucesso","link":"https:\/\/ismaelcolosi.com.br\/index.php\/category\/carreira-e-sucesso-dicas-para-carreira\/"},"img":{"alt_text":"","src":"https:\/\/i0.wp.com\/ismaelcolosi.com.br\/wp-content\/uploads\/2025\/07\/forbes-Camila-Couto-fini-1200x675.jpg?fit=1200%2C675&ssl=1&resize=350%2C200","width":350,"height":200,"srcset":"https:\/\/i0.wp.com\/ismaelcolosi.com.br\/wp-content\/uploads\/2025\/07\/forbes-Camila-Couto-fini-1200x675.jpg?fit=1200%2C675&ssl=1&resize=350%2C200 1x, https:\/\/i0.wp.com\/ismaelcolosi.com.br\/wp-content\/uploads\/2025\/07\/forbes-Camila-Couto-fini-1200x675.jpg?fit=1200%2C675&ssl=1&resize=525%2C300 1.5x, https:\/\/i0.wp.com\/ismaelcolosi.com.br\/wp-content\/uploads\/2025\/07\/forbes-Camila-Couto-fini-1200x675.jpg?fit=1200%2C675&ssl=1&resize=700%2C400 2x, https:\/\/i0.wp.com\/ismaelcolosi.com.br\/wp-content\/uploads\/2025\/07\/forbes-Camila-Couto-fini-1200x675.jpg?fit=1200%2C675&ssl=1&resize=1050%2C600 3x"},"classes":[]},{"id":88069,"url":"https:\/\/ismaelcolosi.com.br\/index.php\/2025\/10\/28\/pg-anuncia-novas-vp-e-diretoras-no-brasil\/","url_meta":{"origin":52230,"position":2},"title":"P&#038;G Anuncia Novas VP e Diretoras no Brasil","author":"ismaelcolosi.com.br","date":"28 de October de 2025","format":false,"excerpt":"\r Divulga\u00e7\u00e3o\r Diana Salcedo, nova VP de RH da P&G Brasil\r Acessibilidade \r L\r L\r A-\r A+\r \r \u25d0\r \r A P&G Brasil anunciou nesta ter\u00e7a-feira (28) a promo\u00e7\u00e3o de quatro executivas para cargos de lideran\u00e7a nas \u00e1reas de recursos humanos, compras, finan\u00e7as e beleza. Diana Salcedo passa a ser\u2026","rel":"","context":"In &quot;Carreira e Sucesso&quot;","block_context":{"text":"Carreira e Sucesso","link":"https:\/\/ismaelcolosi.com.br\/index.php\/category\/carreira-e-sucesso-dicas-para-carreira\/"},"img":{"alt_text":"","src":"https:\/\/i0.wp.com\/ismaelcolosi.com.br\/wp-content\/uploads\/2025\/10\/Diana-Salcedo-VP-de-RH-da-PG-Brasil-1200x675.jpg?fit=1200%2C675&ssl=1&resize=350%2C200","width":350,"height":200,"srcset":"https:\/\/i0.wp.com\/ismaelcolosi.com.br\/wp-content\/uploads\/2025\/10\/Diana-Salcedo-VP-de-RH-da-PG-Brasil-1200x675.jpg?fit=1200%2C675&ssl=1&resize=350%2C200 1x, https:\/\/i0.wp.com\/ismaelcolosi.com.br\/wp-content\/uploads\/2025\/10\/Diana-Salcedo-VP-de-RH-da-PG-Brasil-1200x675.jpg?fit=1200%2C675&ssl=1&resize=525%2C300 1.5x, https:\/\/i0.wp.com\/ismaelcolosi.com.br\/wp-content\/uploads\/2025\/10\/Diana-Salcedo-VP-de-RH-da-PG-Brasil-1200x675.jpg?fit=1200%2C675&ssl=1&resize=700%2C400 2x, https:\/\/i0.wp.com\/ismaelcolosi.com.br\/wp-content\/uploads\/2025\/10\/Diana-Salcedo-VP-de-RH-da-PG-Brasil-1200x675.jpg?fit=1200%2C675&ssl=1&resize=1050%2C600 3x"},"classes":[]},{"id":88536,"url":"https:\/\/ismaelcolosi.com.br\/index.php\/2025\/12\/15\/mastercard-anuncia-nova-vp-senior-de-pessoas-para-america-latina-e-caribe\/","url_meta":{"origin":52230,"position":3},"title":"Mastercard Anuncia Nova VP S\u00eanior de Pessoas para Am\u00e9rica Latina e Caribe","author":"ismaelcolosi.com.br","date":"15 de December de 2025","format":false,"excerpt":"\r \r \r \r Com mais de 20 anos de carreira, Luciana Cardoso assume novo desafio regional ap\u00f3s liderar a \u00e1rea da companhia no Brasil \r \r \r \r Divulga\u00e7\u00e3o\r Luciana Cardoso est\u00e1 na Mastercard desde agosto de 2023; antes, passou por empresas como Biogen e Kimberly-Clark\r Acessibilidade \r L\r\u2026","rel":"","context":"In &quot;Carreira e Sucesso&quot;","block_context":{"text":"Carreira e Sucesso","link":"https:\/\/ismaelcolosi.com.br\/index.php\/category\/carreira-e-sucesso-dicas-para-carreira\/"},"img":{"alt_text":"","src":"https:\/\/i0.wp.com\/ismaelcolosi.com.br\/wp-content\/uploads\/2025\/12\/Luciana-Cardoso-mastercard-1200x675.jpg?fit=1200%2C675&ssl=1&resize=350%2C200","width":350,"height":200,"srcset":"https:\/\/i0.wp.com\/ismaelcolosi.com.br\/wp-content\/uploads\/2025\/12\/Luciana-Cardoso-mastercard-1200x675.jpg?fit=1200%2C675&ssl=1&resize=350%2C200 1x, https:\/\/i0.wp.com\/ismaelcolosi.com.br\/wp-content\/uploads\/2025\/12\/Luciana-Cardoso-mastercard-1200x675.jpg?fit=1200%2C675&ssl=1&resize=525%2C300 1.5x, https:\/\/i0.wp.com\/ismaelcolosi.com.br\/wp-content\/uploads\/2025\/12\/Luciana-Cardoso-mastercard-1200x675.jpg?fit=1200%2C675&ssl=1&resize=700%2C400 2x, https:\/\/i0.wp.com\/ismaelcolosi.com.br\/wp-content\/uploads\/2025\/12\/Luciana-Cardoso-mastercard-1200x675.jpg?fit=1200%2C675&ssl=1&resize=1050%2C600 3x"},"classes":[]},{"id":49948,"url":"https:\/\/ismaelcolosi.com.br\/index.php\/2024\/05\/14\/executiva-francesa-e-a-nova-vp-da-heineken-no-brasil\/","url_meta":{"origin":52230,"position":4},"title":"Executiva francesa \u00e9 a nova VP da Heineken no Brasil","author":"ismaelcolosi.com.br","date":"14 de May de 2024","format":false,"excerpt":"Antes da Heineken, Christelle Rudyk trabalhou no Grupo L\u2019Or\u00e9al, onde ficou por mais de 14 anos e foi diretora de transforma\u00e7\u00e3o financeira global Assim que foi anunciada como a nova vice-presidente de finan\u00e7as e compras da Heineken no Brasil, Christelle Rudyk\u202frecebeu mensagens de outras mulheres dizendo o quanto essa refer\u00eancia\u2026","rel":"","context":"In &quot;Carreira e Sucesso&quot;","block_context":{"text":"Carreira e Sucesso","link":"https:\/\/ismaelcolosi.com.br\/index.php\/category\/carreira-e-sucesso-dicas-para-carreira\/"},"img":{"alt_text":"","src":"https:\/\/i0.wp.com\/ismaelcolosi.com.br\/wp-content\/uploads\/2024\/05\/mulher-Christelle-Rudyk-2-1024x683.jpg?fit=1024%2C683&ssl=1&resize=350%2C200","width":350,"height":200,"srcset":"https:\/\/i0.wp.com\/ismaelcolosi.com.br\/wp-content\/uploads\/2024\/05\/mulher-Christelle-Rudyk-2-1024x683.jpg?fit=1024%2C683&ssl=1&resize=350%2C200 1x, https:\/\/i0.wp.com\/ismaelcolosi.com.br\/wp-content\/uploads\/2024\/05\/mulher-Christelle-Rudyk-2-1024x683.jpg?fit=1024%2C683&ssl=1&resize=525%2C300 1.5x, https:\/\/i0.wp.com\/ismaelcolosi.com.br\/wp-content\/uploads\/2024\/05\/mulher-Christelle-Rudyk-2-1024x683.jpg?fit=1024%2C683&ssl=1&resize=700%2C400 2x"},"classes":[]},{"id":86198,"url":"https:\/\/ismaelcolosi.com.br\/index.php\/2025\/06\/17\/lista-de-candidatos-a-ceo-da-renault-inclui-vp-da-stellantis-dizem-analistas\/","url_meta":{"origin":52230,"position":5},"title":"Lista de Candidatos a CEO da Renault Inclui VP da Stellantis, Dizem Analistas","author":"ismaelcolosi.com.br","date":"17 de June de 2025","format":false,"excerpt":"\r Reuters\r Denis Le Vot, CEO da Dacia, durante uma coletiva de imprensa no dia da mi\u0301dia no Sala\u0303o do Automo\u0301vel de Paris 2024\r Acessibilidade \r L\r L\r A-\r A+\r \r \u25d0\r \r A sa\u00edda\u00a0de\u00a0Luca\u00a0de\u00a0Meo do cargo\u00a0de\u00a0presidente-executivo da Renault\u00a0deu in\u00edcio a uma busca por seu sucessor, com analistas mencionando o\u2026","rel":"","context":"In &quot;Carreira e Sucesso&quot;","block_context":{"text":"Carreira e Sucesso","link":"https:\/\/ismaelcolosi.com.br\/index.php\/category\/carreira-e-sucesso-dicas-para-carreira\/"},"img":{"alt_text":"","src":"https:\/\/i0.wp.com\/ismaelcolosi.com.br\/wp-content\/uploads\/2025\/06\/Forbes_Denis-Le-Vot-CEO-da-Dacia-durante-uma-coletiva-de-imprensa-no-dia-da-midia-no-Salao-do-Automovel-de-Paris-2024-1200x675.jpg?fit=1200%2C675&ssl=1&resize=350%2C200","width":350,"height":200,"srcset":"https:\/\/i0.wp.com\/ismaelcolosi.com.br\/wp-content\/uploads\/2025\/06\/Forbes_Denis-Le-Vot-CEO-da-Dacia-durante-uma-coletiva-de-imprensa-no-dia-da-midia-no-Salao-do-Automovel-de-Paris-2024-1200x675.jpg?fit=1200%2C675&ssl=1&resize=350%2C200 1x, https:\/\/i0.wp.com\/ismaelcolosi.com.br\/wp-content\/uploads\/2025\/06\/Forbes_Denis-Le-Vot-CEO-da-Dacia-durante-uma-coletiva-de-imprensa-no-dia-da-midia-no-Salao-do-Automovel-de-Paris-2024-1200x675.jpg?fit=1200%2C675&ssl=1&resize=525%2C300 1.5x, https:\/\/i0.wp.com\/ismaelcolosi.com.br\/wp-content\/uploads\/2025\/06\/Forbes_Denis-Le-Vot-CEO-da-Dacia-durante-uma-coletiva-de-imprensa-no-dia-da-midia-no-Salao-do-Automovel-de-Paris-2024-1200x675.jpg?fit=1200%2C675&ssl=1&resize=700%2C400 2x, https:\/\/i0.wp.com\/ismaelcolosi.com.br\/wp-content\/uploads\/2025\/06\/Forbes_Denis-Le-Vot-CEO-da-Dacia-durante-uma-coletiva-de-imprensa-no-dia-da-midia-no-Salao-do-Automovel-de-Paris-2024-1200x675.jpg?fit=1200%2C675&ssl=1&resize=1050%2C600 3x"},"classes":[]}],"jetpack_sharing_enabled":true,"jetpack_shortlink":"https:\/\/wp.me\/pfMlyK-dAq","_links":{"self":[{"href":"https:\/\/ismaelcolosi.com.br\/index.php\/wp-json\/wp\/v2\/posts\/52230","targetHints":{"allow":["GET"]}}],"collection":[{"href":"https:\/\/ismaelcolosi.com.br\/index.php\/wp-json\/wp\/v2\/posts"}],"about":[{"href":"https:\/\/ismaelcolosi.com.br\/index.php\/wp-json\/wp\/v2\/types\/post"}],"author":[{"embeddable":true,"href":"https:\/\/ismaelcolosi.com.br\/index.php\/wp-json\/wp\/v2\/users\/1"}],"replies":[{"embeddable":true,"href":"https:\/\/ismaelcolosi.com.br\/index.php\/wp-json\/wp\/v2\/comments?post=52230"}],"version-history":[{"count":0,"href":"https:\/\/ismaelcolosi.com.br\/index.php\/wp-json\/wp\/v2\/posts\/52230\/revisions"}],"wp:featuredmedia":[{"embeddable":true,"href":"https:\/\/ismaelcolosi.com.br\/index.php\/wp-json\/wp\/v2\/media\/52231"}],"wp:attachment":[{"href":"https:\/\/ismaelcolosi.com.br\/index.php\/wp-json\/wp\/v2\/media?parent=52230"}],"wp:term":[{"taxonomy":"category","embeddable":true,"href":"https:\/\/ismaelcolosi.com.br\/index.php\/wp-json\/wp\/v2\/categories?post=52230"},{"taxonomy":"post_tag","embeddable":true,"href":"https:\/\/ismaelcolosi.com.br\/index.php\/wp-json\/wp\/v2\/tags?post=52230"}],"curies":[{"name":"wp","href":"https:\/\/api.w.org\/{rel}","templated":true}]}}