{"id":52219,"date":"2024-06-04T23:16:52","date_gmt":"2024-06-05T02:16:52","guid":{"rendered":"https:\/\/ismaelcolosi.com.br\/index.php\/2024\/06\/04\/morre-jovem-baleado-por-engano-em-estacionamento-no-centro-de-ribeirao\/"},"modified":"2024-06-04T23:16:52","modified_gmt":"2024-06-05T02:16:52","slug":"morre-jovem-baleado-por-engano-em-estacionamento-no-centro-de-ribeirao","status":"publish","type":"post","link":"https:\/\/ismaelcolosi.com.br\/index.php\/2024\/06\/04\/morre-jovem-baleado-por-engano-em-estacionamento-no-centro-de-ribeirao\/","title":{"rendered":"Morre jovem baleado por engano em estacionamento no Centro de Ribeir\u00e3o"},"content":{"rendered":"<p> <br \/>\n<\/p>\n<div data-td-block-uid=\"tdi_101\">\n<div class=\"tdb-block-inner td-fix-index\">\n<p>Morreu na noite desta ter\u00e7a-feira (04), o jovem baleado por engano, ap\u00f3s uma confus\u00e3o em um estacionamento de ve\u00edculos, neste final de semana, em Ribeir\u00e3o Preto. A informa\u00e7\u00e3o foi confirmada pelo pai da v\u00edtima.<\/p>\n<p>Segundo o boletim de ocorr\u00eancia (BO), Ruan C\u00e9sar Godoi, de 22 anos, seria cliente do estacionamento e n\u00e3o estaria envolvida na confus\u00e3o. O rapaz estava internado em estado grave no Hospital das Cl\u00ednicas \u2013 Unidade de Emerg\u00eancia (HC-UE).<\/p><div class='code-block code-block-8' style='margin: 8px auto; text-align: center; display: block; clear: both;'>\n<script>\n  atOptions = {\n    'key' : '66e2e2111ca34da796271819fc334058',\n    'format' : 'iframe',\n    'height' : 250,\n    'width' : 300,\n    'params' : {}\n  };\n<\/script>\n<script src=\"https:\/\/www.highperformanceformat.com\/66e2e2111ca34da796271819fc334058\/invoke.js\"><\/script>\n<\/div>\n\n<p>Ainda n\u00e3o h\u00e1 informa\u00e7\u00f5es sobre o vel\u00f3rio do jovem.<\/p>\n<h2 class=\"wp-block-heading\"><strong>O crime<\/strong><\/h2>\n<p>O crime aconteceu na madrugada deste domingo (02), depois de uma confus\u00e3o em um estacionamento de ve\u00edculos, na avenida Jer\u00f4nimo Gon\u00e7alves, regi\u00e3o central de Ribeir\u00e3o Preto.<\/p>\n<p>Imagens de c\u00e2mera de seguran\u00e7a mostram a a\u00e7\u00e3o \u2013 assista ao v\u00eddeo abaixo. O suspeito de ser o autor dos disparos fugiu na garupa de uma moto Honda Biz prata.<\/p>\n<p>A Pol\u00edcia Civil emitiu uma nota sobre o crime e explicou que a dupla da moto estava em uma casa de shows nas proximidades e se envolveu em uma discuss\u00e3o com funcion\u00e1rios por causa do pagamento do estacionamento.<\/p>\n<p>A v\u00edtima tamb\u00e9m estava na casa de shows momentos antes do crime, de acordo com pol\u00edcia. O jovem seria ajudante de uma banda.<\/p>\n<p>Rafael Mazucato foi identificado como o autor dos disparos. Ele se apresentou a pol\u00edcia nesta segunda-feira (03), mas foi liberado ap\u00f3s depoimento.<\/p>\n<p>O homem confessou ter efetuado os disparos e ainda disse que a arma utilizada no crime teria sido jogada em um bueiro no bairro Campos El\u00edsios. Inicialmente ele deve responder em liberdade.<\/p>\n<p>O advogado de defesa, Jos\u00e9 Ricardo Rom\u00e3o, disse que o autor dos disparos est\u00e1 arrependido e que o homem queria \u2018dar um susto\u2019 nas pessoas que o agrediram durante a confus\u00e3o.<\/p>\n<p><!-- AI CONTENT END 1 -->\n<\/div>\n<\/div>\n<p><br \/>\n<br \/><a href=\"https:\/\/www.acidadeon.com\/ribeiraopreto\/cotidiano\/morre-jovem-baleado-por-engano-em-estacionamento-no-centro-de-ribeirao\/\">Source link <\/a><\/p>\n<div class='code-block code-block-4' style='margin: 8px auto 8px 0; text-align: left; display: block; clear: both;'>\n\ud83d\udce2 Aviso Legal\n\nO site ismaelcolosi.com.br atua apenas como um canal de divulga\u00e7\u00e3o de oportunidades de emprego e n\u00e3o se responsabiliza pelo processo seletivo, contrata\u00e7\u00e3o ou qualquer outra etapa relacionada \u00e0s vagas publicadas. Todas as informa\u00e7\u00f5es s\u00e3o de responsabilidade dos anunciantes.\n\n\u26a0\ufe0f Aten\u00e7\u00e3o! Nunca pague por promessas de emprego nem compre cursos que garantam contrata\u00e7\u00e3o. Desconfie de qualquer cobran\u00e7a para participar de sele\u00e7\u00f5es.\n\n\n\n<\/div>\n<!-- CONTENT END 1 -->\n","protected":false},"excerpt":{"rendered":"<p>Morreu na noite desta ter\u00e7a-feira (04), o jovem baleado por engano, ap\u00f3s uma confus\u00e3o em um estacionamento de ve\u00edculos, neste final de semana, em Ribeir\u00e3o&#8230;<\/p>\n","protected":false},"author":1,"featured_media":52220,"comment_status":"open","ping_status":"open","sticky":false,"template":"","format":"standard","meta":{"_uag_custom_page_level_css":"","advanced_seo_description":"","jetpack_seo_html_title":"","jetpack_seo_noindex":false,"jetpack_post_was_ever_published":false,"_jetpack_newsletter_access":"","_jetpack_dont_email_post_to_subs":false,"_jetpack_newsletter_tier_id":0,"_jetpack_memberships_contains_paywalled_content":false,"_jetpack_memberships_contains_paid_content":false,"footnotes":"","jetpack_publicize_message":"","jetpack_publicize_feature_enabled":true,"jetpack_social_post_already_shared":true,"jetpack_social_options":{"image_generator_settings":{"template":"highway","default_image_id":0,"font":"","enabled":false},"version":2}},"categories":[11],"tags":[],"class_list":["post-52219","post","type-post","status-publish","format-standard","has-post-thumbnail","hentry","category-noticias-de-ribeirao-preto-sp-e-regiao-ismael-colosi"],"jetpack_publicize_connections":[],"jetpack_featured_media_url":"https:\/\/i0.wp.com\/ismaelcolosi.com.br\/wp-content\/uploads\/2024\/06\/IMG_2453_2024-06-05_02-09-00_jpeg_2024-06-05_02-09-00.webp.webp?fit=611%2C340&ssl=1","uagb_featured_image_src":{"full":["https:\/\/i0.wp.com\/ismaelcolosi.com.br\/wp-content\/uploads\/2024\/06\/IMG_2453_2024-06-05_02-09-00_jpeg_2024-06-05_02-09-00.webp.webp?fit=611%2C340&ssl=1",611,340,false],"thumbnail":["https:\/\/i0.wp.com\/ismaelcolosi.com.br\/wp-content\/uploads\/2024\/06\/IMG_2453_2024-06-05_02-09-00_jpeg_2024-06-05_02-09-00.webp.webp?resize=150%2C150&ssl=1",150,150,true],"medium":["https:\/\/i0.wp.com\/ismaelcolosi.com.br\/wp-content\/uploads\/2024\/06\/IMG_2453_2024-06-05_02-09-00_jpeg_2024-06-05_02-09-00.webp.webp?fit=300%2C167&ssl=1",300,167,true],"medium_large":["https:\/\/i0.wp.com\/ismaelcolosi.com.br\/wp-content\/uploads\/2024\/06\/IMG_2453_2024-06-05_02-09-00_jpeg_2024-06-05_02-09-00.webp.webp?fit=611%2C340&ssl=1",611,340,true],"large":["https:\/\/i0.wp.com\/ismaelcolosi.com.br\/wp-content\/uploads\/2024\/06\/IMG_2453_2024-06-05_02-09-00_jpeg_2024-06-05_02-09-00.webp.webp?fit=611%2C340&ssl=1",611,340,true],"1536x1536":["https:\/\/i0.wp.com\/ismaelcolosi.com.br\/wp-content\/uploads\/2024\/06\/IMG_2453_2024-06-05_02-09-00_jpeg_2024-06-05_02-09-00.webp.webp?fit=611%2C340&ssl=1",611,340,true],"2048x2048":["https:\/\/i0.wp.com\/ismaelcolosi.com.br\/wp-content\/uploads\/2024\/06\/IMG_2453_2024-06-05_02-09-00_jpeg_2024-06-05_02-09-00.webp.webp?fit=611%2C340&ssl=1",611,340,true],"really-simple-thumb":["https:\/\/i0.wp.com\/ismaelcolosi.com.br\/wp-content\/uploads\/2024\/06\/IMG_2453_2024-06-05_02-09-00_jpeg_2024-06-05_02-09-00.webp.webp?resize=370%2C247&ssl=1",370,247,true]},"uagb_author_info":{"display_name":"ismaelcolosi.com.br","author_link":"https:\/\/ismaelcolosi.com.br\/index.php\/author\/vidareal-online\/"},"uagb_comment_info":0,"uagb_excerpt":"Morreu na noite desta ter\u00e7a-feira (04), o jovem baleado por engano, ap\u00f3s uma confus\u00e3o em um estacionamento de ve\u00edculos, neste final de semana, em Ribeir\u00e3o...","jetpack-related-posts":[{"id":52543,"url":"https:\/\/ismaelcolosi.com.br\/index.php\/2024\/06\/07\/corpo-de-jovem-baleado-por-engano-e-sepultado-sob-comocao-em-ribeirao-preto\/","url_meta":{"origin":52219,"position":0},"title":"Corpo de jovem baleado por engano \u00e9 sepultado sob como\u00e7\u00e3o em Ribeir\u00e3o Preto","author":"ismaelcolosi.com.br","date":"7 de June de 2024","format":false,"excerpt":"O jovem Ruan C\u00e9sar Godoi, de 22 anos, morto ap\u00f3s ser baleado na cabe\u00e7a por engano, foi sepultado na manh\u00e3 desta sexta-feira (7), em Ribeir\u00e3o Preto. A despedida reuniu centenas de familiares e amigos da v\u00edtima. O vel\u00f3rio teve in\u00edcio na tarde desta quinta-feira (6), no Memorial Parque dos Girass\u00f3is,\u2026","rel":"","context":"In &quot;Not\u00edcias de Ribeir\u00e3o Preto-SP e Regi\u00e3o&quot;","block_context":{"text":"Not\u00edcias de Ribeir\u00e3o Preto-SP e Regi\u00e3o","link":"https:\/\/ismaelcolosi.com.br\/index.php\/category\/noticias-de-ribeirao-preto-sp-e-regiao-ismael-colosi\/"},"img":{"alt_text":"","src":"https:\/\/i0.wp.com\/ismaelcolosi.com.br\/wp-content\/uploads\/2024\/06\/WhatsApp-Image-2024-06-07-at-11.53.08_2024-06-07_15-26-07_jpeg_2024-06-07_15-26-07.webp.webp?fit=1200%2C675&ssl=1&resize=350%2C200","width":350,"height":200,"srcset":"https:\/\/i0.wp.com\/ismaelcolosi.com.br\/wp-content\/uploads\/2024\/06\/WhatsApp-Image-2024-06-07-at-11.53.08_2024-06-07_15-26-07_jpeg_2024-06-07_15-26-07.webp.webp?fit=1200%2C675&ssl=1&resize=350%2C200 1x, https:\/\/i0.wp.com\/ismaelcolosi.com.br\/wp-content\/uploads\/2024\/06\/WhatsApp-Image-2024-06-07-at-11.53.08_2024-06-07_15-26-07_jpeg_2024-06-07_15-26-07.webp.webp?fit=1200%2C675&ssl=1&resize=525%2C300 1.5x, https:\/\/i0.wp.com\/ismaelcolosi.com.br\/wp-content\/uploads\/2024\/06\/WhatsApp-Image-2024-06-07-at-11.53.08_2024-06-07_15-26-07_jpeg_2024-06-07_15-26-07.webp.webp?fit=1200%2C675&ssl=1&resize=700%2C400 2x, https:\/\/i0.wp.com\/ismaelcolosi.com.br\/wp-content\/uploads\/2024\/06\/WhatsApp-Image-2024-06-07-at-11.53.08_2024-06-07_15-26-07_jpeg_2024-06-07_15-26-07.webp.webp?fit=1200%2C675&ssl=1&resize=1050%2C600 3x"},"classes":[]},{"id":51965,"url":"https:\/\/ismaelcolosi.com.br\/index.php\/2024\/06\/03\/o-que-se-sabe-sobre-o-caso-do-jovem-baleado-apos-confusao-em-estacionamento-de-ribeirao\/","url_meta":{"origin":52219,"position":1},"title":"O que se sabe sobre o caso do jovem baleado ap\u00f3s confus\u00e3o em estacionamento de Ribeir\u00e3o","author":"ismaelcolosi.com.br","date":"3 de June de 2024","format":false,"excerpt":"A Pol\u00edcia Civil abriu inqu\u00e9rito para investigar a tentativa de homic\u00eddio contra um jovem de 22 anos na madrugada deste domingo (2), depois de uma confus\u00e3o em um estacionamento de ve\u00edculos, na avenida Jer\u00f4nimo Gon\u00e7alves, regi\u00e3o central de Ribeir\u00e3o Preto. Imagens de c\u00e2mera de seguran\u00e7a mostram a a\u00e7\u00e3o. Assista ao\u2026","rel":"","context":"In &quot;Not\u00edcias de Ribeir\u00e3o Preto-SP e Regi\u00e3o&quot;","block_context":{"text":"Not\u00edcias de Ribeir\u00e3o Preto-SP e Regi\u00e3o","link":"https:\/\/ismaelcolosi.com.br\/index.php\/category\/noticias-de-ribeirao-preto-sp-e-regiao-ismael-colosi\/"},"img":{"alt_text":"","src":"https:\/\/i0.wp.com\/ismaelcolosi.com.br\/wp-content\/uploads\/2024\/06\/BALEADFO_2024-06-03_10-17-45_jpg_2024-06-03_10-17-46.webp.webp?fit=1200%2C873&ssl=1&resize=350%2C200","width":350,"height":200,"srcset":"https:\/\/i0.wp.com\/ismaelcolosi.com.br\/wp-content\/uploads\/2024\/06\/BALEADFO_2024-06-03_10-17-45_jpg_2024-06-03_10-17-46.webp.webp?fit=1200%2C873&ssl=1&resize=350%2C200 1x, https:\/\/i0.wp.com\/ismaelcolosi.com.br\/wp-content\/uploads\/2024\/06\/BALEADFO_2024-06-03_10-17-45_jpg_2024-06-03_10-17-46.webp.webp?fit=1200%2C873&ssl=1&resize=525%2C300 1.5x, https:\/\/i0.wp.com\/ismaelcolosi.com.br\/wp-content\/uploads\/2024\/06\/BALEADFO_2024-06-03_10-17-45_jpg_2024-06-03_10-17-46.webp.webp?fit=1200%2C873&ssl=1&resize=700%2C400 2x, https:\/\/i0.wp.com\/ismaelcolosi.com.br\/wp-content\/uploads\/2024\/06\/BALEADFO_2024-06-03_10-17-45_jpg_2024-06-03_10-17-46.webp.webp?fit=1200%2C873&ssl=1&resize=1050%2C600 3x"},"classes":[]},{"id":51939,"url":"https:\/\/ismaelcolosi.com.br\/index.php\/2024\/06\/02\/jovem-e-baleado-na-cabeca-apos-confusao-em-estacionamento-no-centro-de-ribeirao\/","url_meta":{"origin":52219,"position":2},"title":"Jovem \u00e9 baleado na cabe\u00e7a ap\u00f3s confus\u00e3o em estacionamento no Centro de Ribeir\u00e3o","author":"ismaelcolosi.com.br","date":"2 de June de 2024","format":false,"excerpt":"Um jovem de 22 anos foi balado na cabe\u00e7a na madruga deste domingo (2), depois de uma confus\u00e3o em um estacionamento de ve\u00edculos, na avenida Jer\u00f4nimo Gon\u00e7alves, regi\u00e3o central de Ribeir\u00e3o Preto. O suspeito de ser o autor dos disparos fugiu e n\u00e3o havia sido identificado. Segundo o boletim de\u2026","rel":"","context":"In &quot;Not\u00edcias de Ribeir\u00e3o Preto-SP e Regi\u00e3o&quot;","block_context":{"text":"Not\u00edcias de Ribeir\u00e3o Preto-SP e Regi\u00e3o","link":"https:\/\/ismaelcolosi.com.br\/index.php\/category\/noticias-de-ribeirao-preto-sp-e-regiao-ismael-colosi\/"},"img":{"alt_text":"","src":"https:\/\/i0.wp.com\/ismaelcolosi.com.br\/wp-content\/uploads\/2024\/06\/policia_qru_1024x576_25052021184749.jpg?fit=1024%2C576&ssl=1&resize=350%2C200","width":350,"height":200,"srcset":"https:\/\/i0.wp.com\/ismaelcolosi.com.br\/wp-content\/uploads\/2024\/06\/policia_qru_1024x576_25052021184749.jpg?fit=1024%2C576&ssl=1&resize=350%2C200 1x, https:\/\/i0.wp.com\/ismaelcolosi.com.br\/wp-content\/uploads\/2024\/06\/policia_qru_1024x576_25052021184749.jpg?fit=1024%2C576&ssl=1&resize=525%2C300 1.5x, https:\/\/i0.wp.com\/ismaelcolosi.com.br\/wp-content\/uploads\/2024\/06\/policia_qru_1024x576_25052021184749.jpg?fit=1024%2C576&ssl=1&resize=700%2C400 2x"},"classes":[]},{"id":52212,"url":"https:\/\/ismaelcolosi.com.br\/index.php\/2024\/06\/04\/motociclista-envolvido-em-caso-de-jovem-baleado-em-ribeirao-presta-depoimento-a-policia\/","url_meta":{"origin":52219,"position":3},"title":"Motociclista envolvido em caso de jovem baleado em Ribeir\u00e3o presta depoimento \u00e0 pol\u00edcia","author":"ismaelcolosi.com.br","date":"4 de June de 2024","format":false,"excerpt":"A Pol\u00edcia Civil ouviu o motorista da motocicleta envolvida na confus\u00e3o em um estacionamento de ve\u00edculos, que terminou com um jovem de 22 anos baleado, no \u00faltimo final de semana, em Ribeir\u00e3o Preto. Em seu depoimento, Francisco Jos\u00e9 Mussi J\u00fanior, disse que foi coagido pelo amigo e autor dos disparos,\u2026","rel":"","context":"In &quot;Not\u00edcias de Ribeir\u00e3o Preto-SP e Regi\u00e3o&quot;","block_context":{"text":"Not\u00edcias de Ribeir\u00e3o Preto-SP e Regi\u00e3o","link":"https:\/\/ismaelcolosi.com.br\/index.php\/category\/noticias-de-ribeirao-preto-sp-e-regiao-ismael-colosi\/"},"img":{"alt_text":"","src":"https:\/\/i0.wp.com\/ismaelcolosi.com.br\/wp-content\/uploads\/2024\/06\/BALEADFO_2024-06-03_10-17-45_jpg_2024-06-03_10-17-46.webp.webp?fit=1200%2C873&ssl=1&resize=350%2C200","width":350,"height":200,"srcset":"https:\/\/i0.wp.com\/ismaelcolosi.com.br\/wp-content\/uploads\/2024\/06\/BALEADFO_2024-06-03_10-17-45_jpg_2024-06-03_10-17-46.webp.webp?fit=1200%2C873&ssl=1&resize=350%2C200 1x, https:\/\/i0.wp.com\/ismaelcolosi.com.br\/wp-content\/uploads\/2024\/06\/BALEADFO_2024-06-03_10-17-45_jpg_2024-06-03_10-17-46.webp.webp?fit=1200%2C873&ssl=1&resize=525%2C300 1.5x, https:\/\/i0.wp.com\/ismaelcolosi.com.br\/wp-content\/uploads\/2024\/06\/BALEADFO_2024-06-03_10-17-45_jpg_2024-06-03_10-17-46.webp.webp?fit=1200%2C873&ssl=1&resize=700%2C400 2x, https:\/\/i0.wp.com\/ismaelcolosi.com.br\/wp-content\/uploads\/2024\/06\/BALEADFO_2024-06-03_10-17-45_jpg_2024-06-03_10-17-46.webp.webp?fit=1200%2C873&ssl=1&resize=1050%2C600 3x"},"classes":[]},{"id":52019,"url":"https:\/\/ismaelcolosi.com.br\/index.php\/2024\/06\/03\/policia-detem-suspeito-de-balear-jovem-apos-confusao-em-estacionamento-de-ribeirao-preto\/","url_meta":{"origin":52219,"position":4},"title":"Pol\u00edcia det\u00e9m suspeito de balear jovem ap\u00f3s confus\u00e3o em estacionamento de Ribeir\u00e3o Preto","author":"ismaelcolosi.com.br","date":"3 de June de 2024","format":false,"excerpt":"A Pol\u00edcia Civil deteve nesta segunda-feira (3) um suspeito de balear na cabe\u00e7a o jovem\u00a0Ruan C\u00e9sar Godoi, de 22 anos, depois de uma confus\u00e3o em um estacionamento de ve\u00edculos, ocorrida na madrugada deste domingo (2), na avenida Jer\u00f4nimo Gon\u00e7alves, regi\u00e3o central de Ribeir\u00e3o Preto.\u00a0 O suspeito presta esclarecimentos na 3\u00aa\u2026","rel":"","context":"In &quot;Not\u00edcias de Ribeir\u00e3o Preto-SP e Regi\u00e3o&quot;","block_context":{"text":"Not\u00edcias de Ribeir\u00e3o Preto-SP e Regi\u00e3o","link":"https:\/\/ismaelcolosi.com.br\/index.php\/category\/noticias-de-ribeirao-preto-sp-e-regiao-ismael-colosi\/"},"img":{"alt_text":"","src":"https:\/\/i0.wp.com\/ismaelcolosi.com.br\/wp-content\/uploads\/2024\/06\/cpj_policia_1024x576_21012021082231.jpg?fit=1024%2C576&ssl=1&resize=350%2C200","width":350,"height":200,"srcset":"https:\/\/i0.wp.com\/ismaelcolosi.com.br\/wp-content\/uploads\/2024\/06\/cpj_policia_1024x576_21012021082231.jpg?fit=1024%2C576&ssl=1&resize=350%2C200 1x, https:\/\/i0.wp.com\/ismaelcolosi.com.br\/wp-content\/uploads\/2024\/06\/cpj_policia_1024x576_21012021082231.jpg?fit=1024%2C576&ssl=1&resize=525%2C300 1.5x, https:\/\/i0.wp.com\/ismaelcolosi.com.br\/wp-content\/uploads\/2024\/06\/cpj_policia_1024x576_21012021082231.jpg?fit=1024%2C576&ssl=1&resize=700%2C400 2x"},"classes":[]},{"id":53117,"url":"https:\/\/ismaelcolosi.com.br\/index.php\/2024\/06\/13\/caso-ruan-preso-motociclista-envolvido-em-caso-de-jovem-morto-por-engano-em-ribeirao\/","url_meta":{"origin":52219,"position":5},"title":"Caso Ruan: Preso motociclista envolvido em caso de jovem morto por engano em Ribeir\u00e3o","author":"ismaelcolosi.com.br","date":"13 de June de 2024","format":false,"excerpt":"O motociclista Francisco Musse J\u00fanior, envolvido na morte do jovem Ruan C\u00e9sar Godoi, de 22 anos, morto por engano, foi preso na tarde desta quinta-feira (13). O crime aconteceu em um estacionamento no Centro de Ribeir\u00e3o Preto, no \u00faltimo domingo (2). Francisco se apresentou na Delegacia de Homic\u00eddios acompanhado da\u2026","rel":"","context":"In &quot;Not\u00edcias de Ribeir\u00e3o Preto-SP e Regi\u00e3o&quot;","block_context":{"text":"Not\u00edcias de Ribeir\u00e3o Preto-SP e Regi\u00e3o","link":"https:\/\/ismaelcolosi.com.br\/index.php\/category\/noticias-de-ribeirao-preto-sp-e-regiao-ismael-colosi\/"},"img":{"alt_text":"","src":"https:\/\/i0.wp.com\/ismaelcolosi.com.br\/wp-content\/uploads\/2024\/06\/IMG_2453_2024-06-05_02-09-00_jpeg_2024-06-05_02-09-00.webp.webp?fit=611%2C340&ssl=1&resize=350%2C200","width":350,"height":200,"srcset":"https:\/\/i0.wp.com\/ismaelcolosi.com.br\/wp-content\/uploads\/2024\/06\/IMG_2453_2024-06-05_02-09-00_jpeg_2024-06-05_02-09-00.webp.webp?fit=611%2C340&ssl=1&resize=350%2C200 1x, https:\/\/i0.wp.com\/ismaelcolosi.com.br\/wp-content\/uploads\/2024\/06\/IMG_2453_2024-06-05_02-09-00_jpeg_2024-06-05_02-09-00.webp.webp?fit=611%2C340&ssl=1&resize=525%2C300 1.5x"},"classes":[]}],"jetpack_sharing_enabled":true,"jetpack_shortlink":"https:\/\/wp.me\/pfMlyK-dAf","_links":{"self":[{"href":"https:\/\/ismaelcolosi.com.br\/index.php\/wp-json\/wp\/v2\/posts\/52219","targetHints":{"allow":["GET"]}}],"collection":[{"href":"https:\/\/ismaelcolosi.com.br\/index.php\/wp-json\/wp\/v2\/posts"}],"about":[{"href":"https:\/\/ismaelcolosi.com.br\/index.php\/wp-json\/wp\/v2\/types\/post"}],"author":[{"embeddable":true,"href":"https:\/\/ismaelcolosi.com.br\/index.php\/wp-json\/wp\/v2\/users\/1"}],"replies":[{"embeddable":true,"href":"https:\/\/ismaelcolosi.com.br\/index.php\/wp-json\/wp\/v2\/comments?post=52219"}],"version-history":[{"count":0,"href":"https:\/\/ismaelcolosi.com.br\/index.php\/wp-json\/wp\/v2\/posts\/52219\/revisions"}],"wp:featuredmedia":[{"embeddable":true,"href":"https:\/\/ismaelcolosi.com.br\/index.php\/wp-json\/wp\/v2\/media\/52220"}],"wp:attachment":[{"href":"https:\/\/ismaelcolosi.com.br\/index.php\/wp-json\/wp\/v2\/media?parent=52219"}],"wp:term":[{"taxonomy":"category","embeddable":true,"href":"https:\/\/ismaelcolosi.com.br\/index.php\/wp-json\/wp\/v2\/categories?post=52219"},{"taxonomy":"post_tag","embeddable":true,"href":"https:\/\/ismaelcolosi.com.br\/index.php\/wp-json\/wp\/v2\/tags?post=52219"}],"curies":[{"name":"wp","href":"https:\/\/api.w.org\/{rel}","templated":true}]}}