{"id":52212,"date":"2024-06-04T21:31:31","date_gmt":"2024-06-05T00:31:31","guid":{"rendered":"https:\/\/ismaelcolosi.com.br\/index.php\/2024\/06\/04\/motociclista-envolvido-em-caso-de-jovem-baleado-em-ribeirao-presta-depoimento-a-policia\/"},"modified":"2024-06-04T21:31:31","modified_gmt":"2024-06-05T00:31:31","slug":"motociclista-envolvido-em-caso-de-jovem-baleado-em-ribeirao-presta-depoimento-a-policia","status":"publish","type":"post","link":"https:\/\/ismaelcolosi.com.br\/index.php\/2024\/06\/04\/motociclista-envolvido-em-caso-de-jovem-baleado-em-ribeirao-presta-depoimento-a-policia\/","title":{"rendered":"Motociclista envolvido em caso de jovem baleado em Ribeir\u00e3o presta depoimento \u00e0 pol\u00edcia"},"content":{"rendered":"<p> <br \/>\n<\/p>\n<div>\n<p>A<strong> Pol\u00edcia Civil<\/strong> ouviu o motorista da motocicleta envolvida na <strong>confus\u00e3o em um estacionamento de ve\u00edculos<\/strong>, que terminou com um jovem de 22 anos baleado, no \u00faltimo final de semana, em<strong> Ribeir\u00e3o Preto<\/strong>.<\/p>\n<p>Em seu depoimento, Francisco Jos\u00e9 Mussi J\u00fanior, <mark style=\"background-color:#fcb900\" class=\"has-inline-color\">disse que foi <strong>coagido pelo amigo e autor dos disparos<\/strong>, identificado como <strong>Rafael Mazucato<\/strong>, a ir at\u00e9 a casa dele e depois voltar ao estacionamento onde a discuss\u00e3o aconteceu.<\/mark><\/p><div class='code-block code-block-8' style='margin: 8px auto; text-align: center; display: block; clear: both;'>\n<script>\n  atOptions = {\n    'key' : '66e2e2111ca34da796271819fc334058',\n    'format' : 'iframe',\n    'height' : 250,\n    'width' : 300,\n    'params' : {}\n  };\n<\/script>\n<script src=\"https:\/\/www.highperformanceformat.com\/66e2e2111ca34da796271819fc334058\/invoke.js\"><\/script>\n<\/div>\n\n<p>Conforme o relato do homem, <strong>a briga acontecia entre ele e um funcion\u00e1rio do estacionamento<\/strong>, contudo, Rafael teria entrado no meio da discuss\u00e3o. Imagens de uma <strong>c\u00e2mera de seguran\u00e7a<\/strong> mostram a a\u00e7\u00e3o \u2013 assista ao v\u00eddeo abaixo.<\/p>\n<p>Ap\u00f3s as agress\u00f5es, Francisco explica que o amigo pediu para que ele o levasse at\u00e9 a sua resid\u00eancia, mas que <strong>n\u00e3o sabia que o mesmo iria buscar uma arma<\/strong>.<\/p>\n<p>O homem disse, ainda, que s\u00f3 ficou sabendo que o amigo estava armado ap\u00f3s ele <strong>disparar tr\u00eas vezes em lojas do bairro Campos El\u00edseos, antes de retornarem ao estacionamento.<\/strong><\/p>\n<h2 class=\"wp-block-heading\"><strong>Amea\u00e7as<\/strong><\/h2>\n<p>Francisco tamb\u00e9m disse que Rafael o amea\u00e7ou e disse que \u201c<strong>sobraria para ele<\/strong>\u201d caso a motocicleta n\u00e3o fosse pilotada.<\/p>\n<p>Ele diz que tentou convencer o amigo a desistir da a\u00e7\u00e3o, contudo, foi convencido porque Rafael teria dito que <strong><mark style=\"background-color:#fcb900\" class=\"has-inline-color\">n\u00e3o iria machucar ningu\u00e9m e que apenas voltaria ao estacionamento para dar susto nos funcion\u00e1rios.<\/mark><\/strong><\/p>\n<p>Assim como o acusado, o motociclista <strong>confirma que os tiros foram efetuados<\/strong> e que acertaram uma pessoa, entretanto, ele disse que n\u00e3o saberia informar se o disparo teria acertado o funcion\u00e1rio com quem discutiu ou outra pessoa.<\/p>\n<p>At\u00e9 o momento o caso \u00e9 investigado como tentativa de <strong>homic\u00eddio doloso mediante erro de execu\u00e7\u00e3o<\/strong>, quando os disparos efetuados pelo autor acertam uma pessoa diferente da qual ele queria atingir.<\/p>\n<p>Al\u00e9m do homem, outras pessoas dever\u00e3o prestar depoimento, como por exemplo, a namorada de Francisco e outros funcion\u00e1rios do estacionamento. <strong>O inqu\u00e9rito dever\u00e1 ser conclu\u00eddo pela pol\u00edcia em 30 dias.<\/strong><\/p>\n<h3 class=\"wp-block-heading\"><strong>O crime<\/strong><\/h3>\n<p>O crime aconteceu na madrugada deste domingo (02), depois de uma confus\u00e3o em um estacionamento de ve\u00edculos, na <strong>avenida Jer\u00f4nimo Gon\u00e7alves<\/strong>, regi\u00e3o central de <strong>Ribeir\u00e3o Preto<\/strong>.<\/p>\n<p>De acordo com a<strong> Pol\u00edcia Civil<\/strong> a dupla da moto estava em uma <strong>casa de shows nas proximidades<\/strong> e se envolveu em uma discuss\u00e3o com funcion\u00e1rios por causa do <strong>pagamento do estacionamento<\/strong>.<\/p>\n<p><mark style=\"background-color:#fcb900\" class=\"has-inline-color\"><strong>A v\u00edtima tamb\u00e9m estava na casa de shows momentos antes do crime, de acordo com a pol\u00edcia. O jovem seria ajudante de uma banda. Ele foi identificado como Ruan C\u00e9sar Godoi e n\u00e3o estaria envolvido na confus\u00e3o.<\/strong><\/mark><\/p>\n<p>Ainda conforme a pol\u00edcia, o suspeito de ser o autor dos disparos fugiu na garupa de uma moto Honda Biz prata.<\/p>\n<p>A v\u00edtima foi encaminhada em estado grave ao <strong>Hospital das Cl\u00ednicas \u2013 Unidade de Emerg\u00eancia (HC-EU)<\/strong>. At\u00e9 o encerramento desta mat\u00e9ria, o rapaz permanecia internado.<\/p>\n<p><strong><em>(com informa\u00e7\u00f5es da EPTV)<\/em><\/strong><\/p>\n<blockquote class=\"twitter-tweet\" data-media-max-width=\"560\">\n<p lang=\"pt\" dir=\"ltr\">Um jovem de 22 anos foi balado na cabe\u00e7a na madrugada de domingo (2), depois de uma confus\u00e3o em um estacionamento de ve\u00edculos, na avenida Jer\u00f4nimo Gon\u00e7alves, Centro de Ribeir\u00e3o Preto. O suspeito fugiu. A v\u00edtima seria cliente do estacionamento e n\u00e3o estaria envolvida na confus\u00e3o. <a href=\"https:\/\/t.co\/08R62NYzdu\">pic.twitter.com\/08R62NYzdu<\/a><\/p>\n<p>\u2014 acidade on Ribeir\u00e3o e Regi\u00e3o (@acidadeonrp) <a href=\"https:\/\/twitter.com\/acidadeonrp\/status\/1797382039479476570?ref_src=twsrc%5Etfw\">June 2, 2024<\/a><\/p><\/blockquote>\n<hr class=\"wp-block-separator has-alpha-channel-opacity\"\/>\n<p>SAIBA MAIS<\/p>\n<p>Calor\u00e3o vai voltar? Interior de SP tem alerta para temperaturas acima da m\u00e9dia<\/p>\n<h4 class=\"wp-block-heading\"><strong>FIQUE ON<\/strong><\/h4>\n<p>Fique ligado em tudo que acontece em Ribeir\u00e3o Preto e regi\u00e3o. Siga os perfis do\u00a0<strong>acidade on\u00a0<\/strong>no\u00a0<a href=\"https:\/\/www.instagram.com\/acidadeonribeirao\" target=\"_blank\" rel=\"noreferrer noopener\">Instagram<\/a>\u00a0e no\u00a0<a href=\"https:\/\/www.facebook.com\/acidadeonribeirao\" target=\"_blank\" rel=\"noreferrer noopener\">Facebook<\/a>.<\/p>\n<p>Receba not\u00edcias do acidade on no WhatsApp. Para entrar no grupo, basta\u00a0<a href=\"https:\/\/chat.whatsapp.com\/CdrZ6xrf7quD44Vw3WlPuZ\" target=\"_blank\" rel=\"noreferrer noopener\">clicar aqui<\/a>.<\/p>\n<p>Fa\u00e7a uma den\u00fancia ou sugira uma reportagem sobre Ribeir\u00e3o Preto e regi\u00e3o pelo WhatsApp: 16 99117 7802.<\/p>\n<p>VEJA TAMB\u00c9M<\/p>\n<p><!-- AI CONTENT END 1 -->\n<\/div>\n<p><script async src=\"\/\/platform.twitter.com\/widgets.js\" charset=\"utf-8\"><\/script><script async src=\"\/\/www.instagram.com\/embed.js\"><\/script><br \/>\n<br \/><br \/>\n<br \/><a href=\"https:\/\/www.acidadeon.com\/ribeiraopreto\/cotidiano\/motociclista-envolvido-em-caso-de-jovem-baleado-em-ribeirao-presta-depoimento-a-policia\/\">Source link <\/a><\/p>\n<div class='code-block code-block-4' style='margin: 8px auto 8px 0; text-align: left; display: block; clear: both;'>\n\ud83d\udce2 Aviso Legal\n\nO site ismaelcolosi.com.br atua apenas como um canal de divulga\u00e7\u00e3o de oportunidades de emprego e n\u00e3o se responsabiliza pelo processo seletivo, contrata\u00e7\u00e3o ou qualquer outra etapa relacionada \u00e0s vagas publicadas. Todas as informa\u00e7\u00f5es s\u00e3o de responsabilidade dos anunciantes.\n\n\u26a0\ufe0f Aten\u00e7\u00e3o! Nunca pague por promessas de emprego nem compre cursos que garantam contrata\u00e7\u00e3o. Desconfie de qualquer cobran\u00e7a para participar de sele\u00e7\u00f5es.\n\n\n\n<\/div>\n<!-- CONTENT END 1 -->\n","protected":false},"excerpt":{"rendered":"<p>A Pol\u00edcia Civil ouviu o motorista da motocicleta envolvida na confus\u00e3o em um estacionamento de ve\u00edculos, que terminou com um jovem de 22 anos baleado,&#8230;<\/p>\n","protected":false},"author":1,"featured_media":51966,"comment_status":"open","ping_status":"open","sticky":false,"template":"","format":"standard","meta":{"_uag_custom_page_level_css":"","advanced_seo_description":"","jetpack_seo_html_title":"","jetpack_seo_noindex":false,"jetpack_post_was_ever_published":false,"_jetpack_newsletter_access":"","_jetpack_dont_email_post_to_subs":false,"_jetpack_newsletter_tier_id":0,"_jetpack_memberships_contains_paywalled_content":false,"_jetpack_memberships_contains_paid_content":false,"footnotes":"","jetpack_publicize_message":"","jetpack_publicize_feature_enabled":true,"jetpack_social_post_already_shared":true,"jetpack_social_options":{"image_generator_settings":{"template":"highway","default_image_id":0,"font":"","enabled":false},"version":2}},"categories":[11],"tags":[],"class_list":["post-52212","post","type-post","status-publish","format-standard","has-post-thumbnail","hentry","category-noticias-de-ribeirao-preto-sp-e-regiao-ismael-colosi"],"jetpack_publicize_connections":[],"jetpack_featured_media_url":"https:\/\/i0.wp.com\/ismaelcolosi.com.br\/wp-content\/uploads\/2024\/06\/BALEADFO_2024-06-03_10-17-45_jpg_2024-06-03_10-17-46.webp.webp?fit=2000%2C1455&ssl=1","uagb_featured_image_src":{"full":["https:\/\/i0.wp.com\/ismaelcolosi.com.br\/wp-content\/uploads\/2024\/06\/BALEADFO_2024-06-03_10-17-45_jpg_2024-06-03_10-17-46.webp.webp?fit=2000%2C1455&ssl=1",2000,1455,false],"thumbnail":["https:\/\/i0.wp.com\/ismaelcolosi.com.br\/wp-content\/uploads\/2024\/06\/BALEADFO_2024-06-03_10-17-45_jpg_2024-06-03_10-17-46.webp.webp?resize=150%2C150&ssl=1",150,150,true],"medium":["https:\/\/i0.wp.com\/ismaelcolosi.com.br\/wp-content\/uploads\/2024\/06\/BALEADFO_2024-06-03_10-17-45_jpg_2024-06-03_10-17-46.webp.webp?fit=300%2C218&ssl=1",300,218,true],"medium_large":["https:\/\/i0.wp.com\/ismaelcolosi.com.br\/wp-content\/uploads\/2024\/06\/BALEADFO_2024-06-03_10-17-45_jpg_2024-06-03_10-17-46.webp.webp?fit=768%2C559&ssl=1",768,559,true],"large":["https:\/\/i0.wp.com\/ismaelcolosi.com.br\/wp-content\/uploads\/2024\/06\/BALEADFO_2024-06-03_10-17-45_jpg_2024-06-03_10-17-46.webp.webp?fit=1024%2C745&ssl=1",1024,745,true],"1536x1536":["https:\/\/i0.wp.com\/ismaelcolosi.com.br\/wp-content\/uploads\/2024\/06\/BALEADFO_2024-06-03_10-17-45_jpg_2024-06-03_10-17-46.webp.webp?fit=1536%2C1117&ssl=1",1536,1117,true],"2048x2048":["https:\/\/i0.wp.com\/ismaelcolosi.com.br\/wp-content\/uploads\/2024\/06\/BALEADFO_2024-06-03_10-17-45_jpg_2024-06-03_10-17-46.webp.webp?fit=2000%2C1455&ssl=1",2000,1455,true],"really-simple-thumb":["https:\/\/i0.wp.com\/ismaelcolosi.com.br\/wp-content\/uploads\/2024\/06\/BALEADFO_2024-06-03_10-17-45_jpg_2024-06-03_10-17-46.webp.webp?resize=370%2C247&ssl=1",370,247,true]},"uagb_author_info":{"display_name":"ismaelcolosi.com.br","author_link":"https:\/\/ismaelcolosi.com.br\/index.php\/author\/vidareal-online\/"},"uagb_comment_info":0,"uagb_excerpt":"A Pol\u00edcia Civil ouviu o motorista da motocicleta envolvida na confus\u00e3o em um estacionamento de ve\u00edculos, que terminou com um jovem de 22 anos baleado,...","jetpack-related-posts":[{"id":53117,"url":"https:\/\/ismaelcolosi.com.br\/index.php\/2024\/06\/13\/caso-ruan-preso-motociclista-envolvido-em-caso-de-jovem-morto-por-engano-em-ribeirao\/","url_meta":{"origin":52212,"position":0},"title":"Caso Ruan: Preso motociclista envolvido em caso de jovem morto por engano em Ribeir\u00e3o","author":"ismaelcolosi.com.br","date":"13 de June de 2024","format":false,"excerpt":"O motociclista Francisco Musse J\u00fanior, envolvido na morte do jovem Ruan C\u00e9sar Godoi, de 22 anos, morto por engano, foi preso na tarde desta quinta-feira (13). O crime aconteceu em um estacionamento no Centro de Ribeir\u00e3o Preto, no \u00faltimo domingo (2). Francisco se apresentou na Delegacia de Homic\u00eddios acompanhado da\u2026","rel":"","context":"In &quot;Not\u00edcias de Ribeir\u00e3o Preto-SP e Regi\u00e3o&quot;","block_context":{"text":"Not\u00edcias de Ribeir\u00e3o Preto-SP e Regi\u00e3o","link":"https:\/\/ismaelcolosi.com.br\/index.php\/category\/noticias-de-ribeirao-preto-sp-e-regiao-ismael-colosi\/"},"img":{"alt_text":"","src":"https:\/\/i0.wp.com\/ismaelcolosi.com.br\/wp-content\/uploads\/2024\/06\/IMG_2453_2024-06-05_02-09-00_jpeg_2024-06-05_02-09-00.webp.webp?fit=611%2C340&ssl=1&resize=350%2C200","width":350,"height":200,"srcset":"https:\/\/i0.wp.com\/ismaelcolosi.com.br\/wp-content\/uploads\/2024\/06\/IMG_2453_2024-06-05_02-09-00_jpeg_2024-06-05_02-09-00.webp.webp?fit=611%2C340&ssl=1&resize=350%2C200 1x, https:\/\/i0.wp.com\/ismaelcolosi.com.br\/wp-content\/uploads\/2024\/06\/IMG_2453_2024-06-05_02-09-00_jpeg_2024-06-05_02-09-00.webp.webp?fit=611%2C340&ssl=1&resize=525%2C300 1.5x"},"classes":[]},{"id":52219,"url":"https:\/\/ismaelcolosi.com.br\/index.php\/2024\/06\/04\/morre-jovem-baleado-por-engano-em-estacionamento-no-centro-de-ribeirao\/","url_meta":{"origin":52212,"position":1},"title":"Morre jovem baleado por engano em estacionamento no Centro de Ribeir\u00e3o","author":"ismaelcolosi.com.br","date":"4 de June de 2024","format":false,"excerpt":"Morreu na noite desta ter\u00e7a-feira (04), o jovem baleado por engano, ap\u00f3s uma confus\u00e3o em um estacionamento de ve\u00edculos, neste final de semana, em Ribeir\u00e3o Preto. A informa\u00e7\u00e3o foi confirmada pelo pai da v\u00edtima. Segundo o boletim de ocorr\u00eancia (BO), Ruan C\u00e9sar Godoi, de 22 anos, seria cliente do estacionamento\u2026","rel":"","context":"In &quot;Not\u00edcias de Ribeir\u00e3o Preto-SP e Regi\u00e3o&quot;","block_context":{"text":"Not\u00edcias de Ribeir\u00e3o Preto-SP e Regi\u00e3o","link":"https:\/\/ismaelcolosi.com.br\/index.php\/category\/noticias-de-ribeirao-preto-sp-e-regiao-ismael-colosi\/"},"img":{"alt_text":"","src":"https:\/\/i0.wp.com\/ismaelcolosi.com.br\/wp-content\/uploads\/2024\/06\/IMG_2453_2024-06-05_02-09-00_jpeg_2024-06-05_02-09-00.webp.webp?fit=611%2C340&ssl=1&resize=350%2C200","width":350,"height":200,"srcset":"https:\/\/i0.wp.com\/ismaelcolosi.com.br\/wp-content\/uploads\/2024\/06\/IMG_2453_2024-06-05_02-09-00_jpeg_2024-06-05_02-09-00.webp.webp?fit=611%2C340&ssl=1&resize=350%2C200 1x, https:\/\/i0.wp.com\/ismaelcolosi.com.br\/wp-content\/uploads\/2024\/06\/IMG_2453_2024-06-05_02-09-00_jpeg_2024-06-05_02-09-00.webp.webp?fit=611%2C340&ssl=1&resize=525%2C300 1.5x"},"classes":[]},{"id":52310,"url":"https:\/\/ismaelcolosi.com.br\/index.php\/2024\/06\/05\/caso-ruan-policia-pede-prisao-de-atirador-apos-morte-cerebral-de-jovem-em-ribeirao-preto\/","url_meta":{"origin":52212,"position":2},"title":"Caso Ruan: Pol\u00edcia pede pris\u00e3o de atirador ap\u00f3s morte cerebral de jovem em Ribeir\u00e3o Preto","author":"ismaelcolosi.com.br","date":"5 de June de 2024","format":false,"excerpt":"A Pol\u00edcia Civil pediu a pris\u00e3o tempor\u00e1ria do homem que confessou ser o atirador que baleou o jovem Ruan C\u00e9sar Godoi, de 22 anos, depois de uma confus\u00e3o em um estacionamento de ve\u00edculos na madrugada do \u00faltimo domingo (2), no Centro de Ribeir\u00e3o Preto. A v\u00edtima, que n\u00e3o estava envolvida\u2026","rel":"","context":"In &quot;Not\u00edcias de Ribeir\u00e3o Preto-SP e Regi\u00e3o&quot;","block_context":{"text":"Not\u00edcias de Ribeir\u00e3o Preto-SP e Regi\u00e3o","link":"https:\/\/ismaelcolosi.com.br\/index.php\/category\/noticias-de-ribeirao-preto-sp-e-regiao-ismael-colosi\/"},"img":{"alt_text":"","src":"https:\/\/i0.wp.com\/ismaelcolosi.com.br\/wp-content\/uploads\/2024\/06\/cpj_policia_1200x675_30012022162443.jpg?fit=1200%2C675&ssl=1&resize=350%2C200","width":350,"height":200,"srcset":"https:\/\/i0.wp.com\/ismaelcolosi.com.br\/wp-content\/uploads\/2024\/06\/cpj_policia_1200x675_30012022162443.jpg?fit=1200%2C675&ssl=1&resize=350%2C200 1x, https:\/\/i0.wp.com\/ismaelcolosi.com.br\/wp-content\/uploads\/2024\/06\/cpj_policia_1200x675_30012022162443.jpg?fit=1200%2C675&ssl=1&resize=525%2C300 1.5x, https:\/\/i0.wp.com\/ismaelcolosi.com.br\/wp-content\/uploads\/2024\/06\/cpj_policia_1200x675_30012022162443.jpg?fit=1200%2C675&ssl=1&resize=700%2C400 2x, https:\/\/i0.wp.com\/ismaelcolosi.com.br\/wp-content\/uploads\/2024\/06\/cpj_policia_1200x675_30012022162443.jpg?fit=1200%2C675&ssl=1&resize=1050%2C600 3x"},"classes":[]},{"id":51965,"url":"https:\/\/ismaelcolosi.com.br\/index.php\/2024\/06\/03\/o-que-se-sabe-sobre-o-caso-do-jovem-baleado-apos-confusao-em-estacionamento-de-ribeirao\/","url_meta":{"origin":52212,"position":3},"title":"O que se sabe sobre o caso do jovem baleado ap\u00f3s confus\u00e3o em estacionamento de Ribeir\u00e3o","author":"ismaelcolosi.com.br","date":"3 de June de 2024","format":false,"excerpt":"A Pol\u00edcia Civil abriu inqu\u00e9rito para investigar a tentativa de homic\u00eddio contra um jovem de 22 anos na madrugada deste domingo (2), depois de uma confus\u00e3o em um estacionamento de ve\u00edculos, na avenida Jer\u00f4nimo Gon\u00e7alves, regi\u00e3o central de Ribeir\u00e3o Preto. Imagens de c\u00e2mera de seguran\u00e7a mostram a a\u00e7\u00e3o. Assista ao\u2026","rel":"","context":"In &quot;Not\u00edcias de Ribeir\u00e3o Preto-SP e Regi\u00e3o&quot;","block_context":{"text":"Not\u00edcias de Ribeir\u00e3o Preto-SP e Regi\u00e3o","link":"https:\/\/ismaelcolosi.com.br\/index.php\/category\/noticias-de-ribeirao-preto-sp-e-regiao-ismael-colosi\/"},"img":{"alt_text":"","src":"https:\/\/i0.wp.com\/ismaelcolosi.com.br\/wp-content\/uploads\/2024\/06\/BALEADFO_2024-06-03_10-17-45_jpg_2024-06-03_10-17-46.webp.webp?fit=1200%2C873&ssl=1&resize=350%2C200","width":350,"height":200,"srcset":"https:\/\/i0.wp.com\/ismaelcolosi.com.br\/wp-content\/uploads\/2024\/06\/BALEADFO_2024-06-03_10-17-45_jpg_2024-06-03_10-17-46.webp.webp?fit=1200%2C873&ssl=1&resize=350%2C200 1x, https:\/\/i0.wp.com\/ismaelcolosi.com.br\/wp-content\/uploads\/2024\/06\/BALEADFO_2024-06-03_10-17-45_jpg_2024-06-03_10-17-46.webp.webp?fit=1200%2C873&ssl=1&resize=525%2C300 1.5x, https:\/\/i0.wp.com\/ismaelcolosi.com.br\/wp-content\/uploads\/2024\/06\/BALEADFO_2024-06-03_10-17-45_jpg_2024-06-03_10-17-46.webp.webp?fit=1200%2C873&ssl=1&resize=700%2C400 2x, https:\/\/i0.wp.com\/ismaelcolosi.com.br\/wp-content\/uploads\/2024\/06\/BALEADFO_2024-06-03_10-17-45_jpg_2024-06-03_10-17-46.webp.webp?fit=1200%2C873&ssl=1&resize=1050%2C600 3x"},"classes":[]},{"id":52543,"url":"https:\/\/ismaelcolosi.com.br\/index.php\/2024\/06\/07\/corpo-de-jovem-baleado-por-engano-e-sepultado-sob-comocao-em-ribeirao-preto\/","url_meta":{"origin":52212,"position":4},"title":"Corpo de jovem baleado por engano \u00e9 sepultado sob como\u00e7\u00e3o em Ribeir\u00e3o Preto","author":"ismaelcolosi.com.br","date":"7 de June de 2024","format":false,"excerpt":"O jovem Ruan C\u00e9sar Godoi, de 22 anos, morto ap\u00f3s ser baleado na cabe\u00e7a por engano, foi sepultado na manh\u00e3 desta sexta-feira (7), em Ribeir\u00e3o Preto. A despedida reuniu centenas de familiares e amigos da v\u00edtima. O vel\u00f3rio teve in\u00edcio na tarde desta quinta-feira (6), no Memorial Parque dos Girass\u00f3is,\u2026","rel":"","context":"In &quot;Not\u00edcias de Ribeir\u00e3o Preto-SP e Regi\u00e3o&quot;","block_context":{"text":"Not\u00edcias de Ribeir\u00e3o Preto-SP e Regi\u00e3o","link":"https:\/\/ismaelcolosi.com.br\/index.php\/category\/noticias-de-ribeirao-preto-sp-e-regiao-ismael-colosi\/"},"img":{"alt_text":"","src":"https:\/\/i0.wp.com\/ismaelcolosi.com.br\/wp-content\/uploads\/2024\/06\/WhatsApp-Image-2024-06-07-at-11.53.08_2024-06-07_15-26-07_jpeg_2024-06-07_15-26-07.webp.webp?fit=1200%2C675&ssl=1&resize=350%2C200","width":350,"height":200,"srcset":"https:\/\/i0.wp.com\/ismaelcolosi.com.br\/wp-content\/uploads\/2024\/06\/WhatsApp-Image-2024-06-07-at-11.53.08_2024-06-07_15-26-07_jpeg_2024-06-07_15-26-07.webp.webp?fit=1200%2C675&ssl=1&resize=350%2C200 1x, https:\/\/i0.wp.com\/ismaelcolosi.com.br\/wp-content\/uploads\/2024\/06\/WhatsApp-Image-2024-06-07-at-11.53.08_2024-06-07_15-26-07_jpeg_2024-06-07_15-26-07.webp.webp?fit=1200%2C675&ssl=1&resize=525%2C300 1.5x, https:\/\/i0.wp.com\/ismaelcolosi.com.br\/wp-content\/uploads\/2024\/06\/WhatsApp-Image-2024-06-07-at-11.53.08_2024-06-07_15-26-07_jpeg_2024-06-07_15-26-07.webp.webp?fit=1200%2C675&ssl=1&resize=700%2C400 2x, https:\/\/i0.wp.com\/ismaelcolosi.com.br\/wp-content\/uploads\/2024\/06\/WhatsApp-Image-2024-06-07-at-11.53.08_2024-06-07_15-26-07_jpeg_2024-06-07_15-26-07.webp.webp?fit=1200%2C675&ssl=1&resize=1050%2C600 3x"},"classes":[]},{"id":51939,"url":"https:\/\/ismaelcolosi.com.br\/index.php\/2024\/06\/02\/jovem-e-baleado-na-cabeca-apos-confusao-em-estacionamento-no-centro-de-ribeirao\/","url_meta":{"origin":52212,"position":5},"title":"Jovem \u00e9 baleado na cabe\u00e7a ap\u00f3s confus\u00e3o em estacionamento no Centro de Ribeir\u00e3o","author":"ismaelcolosi.com.br","date":"2 de June de 2024","format":false,"excerpt":"Um jovem de 22 anos foi balado na cabe\u00e7a na madruga deste domingo (2), depois de uma confus\u00e3o em um estacionamento de ve\u00edculos, na avenida Jer\u00f4nimo Gon\u00e7alves, regi\u00e3o central de Ribeir\u00e3o Preto. O suspeito de ser o autor dos disparos fugiu e n\u00e3o havia sido identificado. Segundo o boletim de\u2026","rel":"","context":"In &quot;Not\u00edcias de Ribeir\u00e3o Preto-SP e Regi\u00e3o&quot;","block_context":{"text":"Not\u00edcias de Ribeir\u00e3o Preto-SP e Regi\u00e3o","link":"https:\/\/ismaelcolosi.com.br\/index.php\/category\/noticias-de-ribeirao-preto-sp-e-regiao-ismael-colosi\/"},"img":{"alt_text":"","src":"https:\/\/i0.wp.com\/ismaelcolosi.com.br\/wp-content\/uploads\/2024\/06\/policia_qru_1024x576_25052021184749.jpg?fit=1024%2C576&ssl=1&resize=350%2C200","width":350,"height":200,"srcset":"https:\/\/i0.wp.com\/ismaelcolosi.com.br\/wp-content\/uploads\/2024\/06\/policia_qru_1024x576_25052021184749.jpg?fit=1024%2C576&ssl=1&resize=350%2C200 1x, https:\/\/i0.wp.com\/ismaelcolosi.com.br\/wp-content\/uploads\/2024\/06\/policia_qru_1024x576_25052021184749.jpg?fit=1024%2C576&ssl=1&resize=525%2C300 1.5x, https:\/\/i0.wp.com\/ismaelcolosi.com.br\/wp-content\/uploads\/2024\/06\/policia_qru_1024x576_25052021184749.jpg?fit=1024%2C576&ssl=1&resize=700%2C400 2x"},"classes":[]}],"jetpack_sharing_enabled":true,"jetpack_shortlink":"https:\/\/wp.me\/pfMlyK-dA8","_links":{"self":[{"href":"https:\/\/ismaelcolosi.com.br\/index.php\/wp-json\/wp\/v2\/posts\/52212","targetHints":{"allow":["GET"]}}],"collection":[{"href":"https:\/\/ismaelcolosi.com.br\/index.php\/wp-json\/wp\/v2\/posts"}],"about":[{"href":"https:\/\/ismaelcolosi.com.br\/index.php\/wp-json\/wp\/v2\/types\/post"}],"author":[{"embeddable":true,"href":"https:\/\/ismaelcolosi.com.br\/index.php\/wp-json\/wp\/v2\/users\/1"}],"replies":[{"embeddable":true,"href":"https:\/\/ismaelcolosi.com.br\/index.php\/wp-json\/wp\/v2\/comments?post=52212"}],"version-history":[{"count":0,"href":"https:\/\/ismaelcolosi.com.br\/index.php\/wp-json\/wp\/v2\/posts\/52212\/revisions"}],"wp:featuredmedia":[{"embeddable":true,"href":"https:\/\/ismaelcolosi.com.br\/index.php\/wp-json\/wp\/v2\/media\/51966"}],"wp:attachment":[{"href":"https:\/\/ismaelcolosi.com.br\/index.php\/wp-json\/wp\/v2\/media?parent=52212"}],"wp:term":[{"taxonomy":"category","embeddable":true,"href":"https:\/\/ismaelcolosi.com.br\/index.php\/wp-json\/wp\/v2\/categories?post=52212"},{"taxonomy":"post_tag","embeddable":true,"href":"https:\/\/ismaelcolosi.com.br\/index.php\/wp-json\/wp\/v2\/tags?post=52212"}],"curies":[{"name":"wp","href":"https:\/\/api.w.org\/{rel}","templated":true}]}}