{"id":52208,"date":"2024-06-04T19:16:58","date_gmt":"2024-06-04T22:16:58","guid":{"rendered":"https:\/\/ismaelcolosi.com.br\/index.php\/2024\/06\/04\/calorao-vai-voltar-interior-de-sp-tem-alerta-para-temperaturas-acima-da-media\/"},"modified":"2024-06-04T19:16:58","modified_gmt":"2024-06-04T22:16:58","slug":"calorao-vai-voltar-interior-de-sp-tem-alerta-para-temperaturas-acima-da-media","status":"publish","type":"post","link":"https:\/\/ismaelcolosi.com.br\/index.php\/2024\/06\/04\/calorao-vai-voltar-interior-de-sp-tem-alerta-para-temperaturas-acima-da-media\/","title":{"rendered":"Calor\u00e3o vai voltar? Interior de SP tem alerta para temperaturas acima da m\u00e9dia"},"content":{"rendered":"<p> <br \/>\n<\/p>\n<div>\n<p>Um <strong>novo bloqueio atmosf\u00e9rico<\/strong> vai se estabelecer no Centro-Leste do pa\u00eds nos pr\u00f3ximos dias e deve provocar condi\u00e7\u00f5es de <strong>tempo quente e seco<\/strong> no <strong>Sudeste <\/strong>do Brasil, de acordo com a meteorologia.<\/p>\n<p><mark style=\"background-color:#fcb900\" class=\"has-inline-color\">No <strong>interior do estado de S\u00e3o Paulo<\/strong> ainda teremos noites mais frescas e com sensa\u00e7\u00e3o de frio, no entanto, durante as tardes, as temperaturas devem subir bastante e ficam <strong>acima da m\u00e9dia para esta \u00e9poca do ano<\/strong>.<\/mark><\/p><div class='code-block code-block-8' style='margin: 8px auto; text-align: center; display: block; clear: both;'>\n<script>\n  atOptions = {\n    'key' : '66e2e2111ca34da796271819fc334058',\n    'format' : 'iframe',\n    'height' : 250,\n    'width' : 300,\n    'params' : {}\n  };\n<\/script>\n<script src=\"https:\/\/www.highperformanceformat.com\/66e2e2111ca34da796271819fc334058\/invoke.js\"><\/script>\n<\/div>\n\n<p>Esse cen\u00e1rio, segundo a <strong><a href=\"https:\/\/www.climatempo.com.br\/noticia\/2024\/06\/04\/veranico-bloqueio-atmosferico-vai-dar-uma-pausa-na-chuva-5299\" target=\"_blank\" rel=\"noreferrer noopener\">Climatempo<\/a><\/strong>, vai provocar um per\u00edodo de <strong>veranico <\/strong>em diversas regi\u00f5es do interior paulista entre os dias <strong>05 <\/strong>e <strong>14 de julho<\/strong> \u2013 entenda abaixo.<\/p>\n<h2 class=\"wp-block-heading\"><strong>O que \u00e9 um veranico?<\/strong><\/h2>\n<p>Conforme explica\u00e7\u00e3o do servi\u00e7o de meteorologia, os <strong>veranicos <\/strong>acontecem \u201cquando est\u00e1 <strong>atipicamente quente<\/strong> h\u00e1 mais de quatro dias em pleno <strong>inverno <\/strong>ou mesmo durante o <strong>outono<\/strong>\u201d.<\/p>\n<p>Basicamente \u00e9 um <strong>per\u00edodo de temperaturas acima da m\u00e9dia<\/strong>, de <strong>tempo seco<\/strong> e com <strong>pouca chuva<\/strong>. <mark style=\"background-color:#fcb900\" class=\"has-inline-color\">A previs\u00e3o \u00e9 de que o <strong>interior de S\u00e3o Paulo<\/strong> fique de <strong>3\u00baC <\/strong>a<strong> 5\u00baC<\/strong> acima do normal.<\/mark><\/p>\n<figure class=\"wp-block-pullquote\">\n<blockquote>\n<p>Teremos temperaturas em algumas regi\u00f5es do interior do estado de SP com m\u00e1ximas em torno de 30\/32\u202f\u00b0C e m\u00e1ximas variando no Rio Grande do Sul em torno de 28\/30\u202f\u00b0C graus e 34\/35\u202f\u00b0C em Mato Grosso do Sul<\/p>\n<p><cite>Climatempo<\/cite><\/p><\/blockquote>\n<\/figure>\n<p>Vale ressaltar que, as temperaturas m\u00e1ximas previstas <strong>n\u00e3o s\u00e3o incomuns de acontecerem em junho<\/strong>, contudo, o que chama a aten\u00e7\u00e3o \u00e9 a <strong>dura\u00e7\u00e3o desses per\u00edodos mais quentes<\/strong>.<\/p>\n<figure class=\"wp-block-image size-large is-resized\"><img data-recalc-dims=\"1\" loading=\"lazy\" decoding=\"async\" src=\"https:\/\/i0.wp.com\/www.acidadeon.com\/ribeiraopreto\/wp-content\/uploads\/sites\/3\/2024\/06\/f4e191f3dfc2ed23895f968ac079a708_2024-06-04_21-45-28_jpg_2024-06-04_21-45-28-1024x1024.webp?resize=478%2C490&#038;ssl=1\" alt=\"\" class=\"wp-image-83576\" width=\"478\" height=\"490\"\/><figcaption class=\"wp-element-caption\">Temperaturas ficam acima da m\u00e9dia nos pr\u00f3ximos dias. (Foto: Climatempo)<\/figcaption><\/figure>\n<h3 class=\"wp-block-heading\"><strong>Ent\u00e3o teremos outra onda de calor?<\/strong><\/h3>\n<p><mark style=\"background-color:#fcb900\" class=\"has-inline-color\">Um per\u00edodo de <strong>veranico n\u00e3o configura <\/strong>necessariamente <strong>uma onda de calor<\/strong>.<\/mark> Isso porque, segundo a Climatempo, uma \u201conda de calor \u00e9 definida n\u00e3o apenas pelos valores de temperatura previstos, mas tamb\u00e9m como afeta a sa\u00fade das pessoas \u2013 tanto calor noturno, quanto diurno\u201d.<\/p>\n<h4 class=\"wp-block-heading\"><strong>Mas e a frente fria prevista?<\/strong><\/h4>\n<p>Uma <strong>nova frente fria<\/strong> come\u00e7ou a atuar nesta <strong>ter\u00e7a-feira (04)<\/strong>, em algumas regi\u00f5es do <strong>estado de S\u00e3o Paulo<\/strong> e provocou chuva em algumas localidades, como no <strong>litoral paulista<\/strong>.<\/p>\n<p>Nesta quarta-feira (05) ela ainda deve provocar uma <mark style=\"background-color:#fcb900\" class=\"has-inline-color\"><strong>queda acentuada nas temperaturas<\/strong> das regi\u00f5es de Campinas, Bauru, Piracicaba, Itapetininga e Assis<\/mark>, de acordo com o <strong>Instituto Nacional de Meteorologia (Inmet)<\/strong>.<\/p>\n<p>Contudo, <strong>o fen\u00f4meno deve ir embora nesta quinta-feira (06)<\/strong>, e o tempo volta a abrir e esquentar em todo o estado.<\/p>\n<h4 class=\"wp-block-heading\"><strong>Confira a previs\u00e3o para os pr\u00f3ximos dias em Ribeir\u00e3o Preto:<\/strong><\/h4>\n<ul>\n<li><strong>Quarta-feira (05)<\/strong>: Dia de sol com muitas nuvens \u00e0 tarde. \u00c0 noite a nebulosidade diminui. M\u00ednima de 15\u00baC e m\u00e1xima de 29\u00baC;<\/li>\n<\/ul>\n<ul>\n<li><strong>Quinta-feira (06)<\/strong>: Sol o dia todo sem nuvens. Noite de tempo aberto. M\u00ednima de 15\u00baC e m\u00e1xima de 29\u00baC;<\/li>\n<\/ul>\n<ul>\n<li><strong>Sexta-feira (07)<\/strong>: Sol o dia todo sem nuvens. Noite de tempo aberto. M\u00ednima de 14\u00baC e m\u00e1xima de 30\u00baC;<\/li>\n<\/ul>\n<ul>\n<li><strong>S\u00e1bado (08)<\/strong>: Sol o dia todo sem nuvens. Noite de tempo aberto. M\u00ednima de 15\u00baC e m\u00e1xima de 31\u00baC;<\/li>\n<\/ul>\n<ul>\n<li><strong>Domingo (09)<\/strong>: Sol o dia todo sem nuvens. Noite de tempo aberto. M\u00ednima de 16\u00baC e m\u00e1xima de 32\u00baC;<\/li>\n<\/ul>\n<hr class=\"wp-block-separator has-alpha-channel-opacity\"\/>\n<p>SAIBA MAIS<\/p>\n<p>Primeiro \u201cDog Park\u201d \u00e9 instalado em parque da zona Sul de Ribeir\u00e3o Preto<\/p>\n<h4 class=\"wp-block-heading\"><strong>FIQUE ON<\/strong><\/h4>\n<p>Fique ligado em tudo que acontece em Ribeir\u00e3o Preto e regi\u00e3o. Siga os perfis do\u00a0<strong>acidade on\u00a0<\/strong>no\u00a0<a href=\"https:\/\/www.instagram.com\/acidadeonribeirao\" target=\"_blank\" rel=\"noreferrer noopener\">Instagram<\/a>\u00a0e no\u00a0<a href=\"https:\/\/www.facebook.com\/acidadeonribeirao\" target=\"_blank\" rel=\"noreferrer noopener\">Facebook<\/a>.<\/p>\n<p>Receba not\u00edcias do acidade on no WhatsApp. Para entrar no grupo, basta\u00a0<a href=\"https:\/\/chat.whatsapp.com\/CdrZ6xrf7quD44Vw3WlPuZ\" target=\"_blank\" rel=\"noreferrer noopener\">clicar aqui<\/a>.<\/p>\n<p>Fa\u00e7a uma den\u00fancia ou sugira uma reportagem sobre Ribeir\u00e3o Preto e regi\u00e3o pelo WhatsApp: 16 99117 7802.<\/p>\n<p>VEJA TAMB\u00c9M<\/p>\n<p>Como o filho do sertanejo Conrado morreu?<\/p>\n<p><!-- AI CONTENT END 1 -->\n<\/div>\n<p><script async src=\"\/\/www.instagram.com\/embed.js\"><\/script><br \/>\n<br \/><br \/>\n<br \/><a href=\"https:\/\/www.acidadeon.com\/ribeiraopreto\/cotidiano\/calorao-vai-voltar-interior-de-sp-tem-alerta-para-temperaturas-acima-da-media\/\">Source link <\/a><\/p>\n<div class='code-block code-block-4' style='margin: 8px auto 8px 0; text-align: left; display: block; clear: both;'>\n\ud83d\udce2 Aviso Legal\n\nO site ismaelcolosi.com.br atua apenas como um canal de divulga\u00e7\u00e3o de oportunidades de emprego e n\u00e3o se responsabiliza pelo processo seletivo, contrata\u00e7\u00e3o ou qualquer outra etapa relacionada \u00e0s vagas publicadas. Todas as informa\u00e7\u00f5es s\u00e3o de responsabilidade dos anunciantes.\n\n\u26a0\ufe0f Aten\u00e7\u00e3o! Nunca pague por promessas de emprego nem compre cursos que garantam contrata\u00e7\u00e3o. Desconfie de qualquer cobran\u00e7a para participar de sele\u00e7\u00f5es.\n\n\n\n<\/div>\n<!-- CONTENT END 1 -->\n","protected":false},"excerpt":{"rendered":"<p>Um novo bloqueio atmosf\u00e9rico vai se estabelecer no Centro-Leste do pa\u00eds nos pr\u00f3ximos dias e deve provocar condi\u00e7\u00f5es de tempo quente e seco no Sudeste&#8230;<\/p>\n","protected":false},"author":1,"featured_media":52209,"comment_status":"open","ping_status":"open","sticky":false,"template":"","format":"standard","meta":{"_uag_custom_page_level_css":"","advanced_seo_description":"","jetpack_seo_html_title":"","jetpack_seo_noindex":false,"jetpack_post_was_ever_published":false,"_jetpack_newsletter_access":"","_jetpack_dont_email_post_to_subs":false,"_jetpack_newsletter_tier_id":0,"_jetpack_memberships_contains_paywalled_content":false,"_jetpack_memberships_contains_paid_content":false,"footnotes":"","jetpack_publicize_message":"","jetpack_publicize_feature_enabled":true,"jetpack_social_post_already_shared":true,"jetpack_social_options":{"image_generator_settings":{"template":"highway","default_image_id":0,"font":"","enabled":false},"version":2}},"categories":[11],"tags":[],"class_list":["post-52208","post","type-post","status-publish","format-standard","has-post-thumbnail","hentry","category-noticias-de-ribeirao-preto-sp-e-regiao-ismael-colosi"],"jetpack_publicize_connections":[],"jetpack_featured_media_url":"https:\/\/i0.wp.com\/ismaelcolosi.com.br\/wp-content\/uploads\/2024\/06\/WhatsApp-Image-2024-03-11-at-12.29.24-1.jpeg?fit=1600%2C1072&ssl=1","uagb_featured_image_src":{"full":["https:\/\/i0.wp.com\/ismaelcolosi.com.br\/wp-content\/uploads\/2024\/06\/WhatsApp-Image-2024-03-11-at-12.29.24-1.jpeg?fit=1600%2C1072&ssl=1",1600,1072,false],"thumbnail":["https:\/\/i0.wp.com\/ismaelcolosi.com.br\/wp-content\/uploads\/2024\/06\/WhatsApp-Image-2024-03-11-at-12.29.24-1.jpeg?resize=150%2C150&ssl=1",150,150,true],"medium":["https:\/\/i0.wp.com\/ismaelcolosi.com.br\/wp-content\/uploads\/2024\/06\/WhatsApp-Image-2024-03-11-at-12.29.24-1.jpeg?fit=300%2C201&ssl=1",300,201,true],"medium_large":["https:\/\/i0.wp.com\/ismaelcolosi.com.br\/wp-content\/uploads\/2024\/06\/WhatsApp-Image-2024-03-11-at-12.29.24-1.jpeg?fit=768%2C515&ssl=1",768,515,true],"large":["https:\/\/i0.wp.com\/ismaelcolosi.com.br\/wp-content\/uploads\/2024\/06\/WhatsApp-Image-2024-03-11-at-12.29.24-1.jpeg?fit=1024%2C686&ssl=1",1024,686,true],"1536x1536":["https:\/\/i0.wp.com\/ismaelcolosi.com.br\/wp-content\/uploads\/2024\/06\/WhatsApp-Image-2024-03-11-at-12.29.24-1.jpeg?fit=1536%2C1029&ssl=1",1536,1029,true],"2048x2048":["https:\/\/i0.wp.com\/ismaelcolosi.com.br\/wp-content\/uploads\/2024\/06\/WhatsApp-Image-2024-03-11-at-12.29.24-1.jpeg?fit=1600%2C1072&ssl=1",1600,1072,true],"really-simple-thumb":["https:\/\/i0.wp.com\/ismaelcolosi.com.br\/wp-content\/uploads\/2024\/06\/WhatsApp-Image-2024-03-11-at-12.29.24-1.jpeg?resize=370%2C247&ssl=1",370,247,true]},"uagb_author_info":{"display_name":"ismaelcolosi.com.br","author_link":"https:\/\/ismaelcolosi.com.br\/index.php\/author\/vidareal-online\/"},"uagb_comment_info":0,"uagb_excerpt":"Um novo bloqueio atmosf\u00e9rico vai se estabelecer no Centro-Leste do pa\u00eds nos pr\u00f3ximos dias e deve provocar condi\u00e7\u00f5es de tempo quente e seco no Sudeste...","jetpack-related-posts":[{"id":52348,"url":"https:\/\/ismaelcolosi.com.br\/index.php\/2024\/06\/05\/veranico-veja-ate-quando-vai-o-alerta-de-temperaturas-acima-da-media-no-interior-de-sp\/","url_meta":{"origin":52208,"position":0},"title":"Veranico: Veja at\u00e9 quando vai o alerta de temperaturas acima da m\u00e9dia no interior de SP","author":"ismaelcolosi.com.br","date":"5 de June de 2024","format":false,"excerpt":"As temperaturas devem voltar a ficar acima da m\u00e9dia a partir desta quinta-feira (07), em todo o interior do estado de S\u00e3o Paulo, de acordo com o alerta emitido pela Climatempo. Esse cen\u00e1rio acontece devido a um bloqueio atmosf\u00e9rico que deve ficar centralizado sobre o estado nos pr\u00f3ximos dias. De\u2026","rel":"","context":"In &quot;Not\u00edcias de Ribeir\u00e3o Preto-SP e Regi\u00e3o&quot;","block_context":{"text":"Not\u00edcias de Ribeir\u00e3o Preto-SP e Regi\u00e3o","link":"https:\/\/ismaelcolosi.com.br\/index.php\/category\/noticias-de-ribeirao-preto-sp-e-regiao-ismael-colosi\/"},"img":{"alt_text":"","src":"https:\/\/i0.wp.com\/ismaelcolosi.com.br\/wp-content\/uploads\/2024\/06\/calor_fonte_1024x576_24012021151539.jpg?fit=1024%2C576&ssl=1&resize=350%2C200","width":350,"height":200,"srcset":"https:\/\/i0.wp.com\/ismaelcolosi.com.br\/wp-content\/uploads\/2024\/06\/calor_fonte_1024x576_24012021151539.jpg?fit=1024%2C576&ssl=1&resize=350%2C200 1x, https:\/\/i0.wp.com\/ismaelcolosi.com.br\/wp-content\/uploads\/2024\/06\/calor_fonte_1024x576_24012021151539.jpg?fit=1024%2C576&ssl=1&resize=525%2C300 1.5x, https:\/\/i0.wp.com\/ismaelcolosi.com.br\/wp-content\/uploads\/2024\/06\/calor_fonte_1024x576_24012021151539.jpg?fit=1024%2C576&ssl=1&resize=700%2C400 2x"},"classes":[]},{"id":52236,"url":"https:\/\/ismaelcolosi.com.br\/index.php\/2024\/06\/05\/com-veranico-confira-as-temperaturas-previstas-nos-proximos-dias-no-interior-de-sp\/","url_meta":{"origin":52208,"position":1},"title":"Com veranico, confira as temperaturas previstas nos pr\u00f3ximos dias no interior de SP","author":"ismaelcolosi.com.br","date":"5 de June de 2024","format":false,"excerpt":"O estado de S\u00e3o Paulo entrou em um per\u00edodo de veranico a partir desta quarta-feira (5) at\u00e9 14 de junho, com previs\u00e3o de temperaturas entre 3\u00b0C a 5\u00b0C acima da m\u00e9dia, tempo seco e pouca chuva. Segundo a Climatempo, h\u00e1 um novo bloqueio atmosf\u00e9rico posicionado sobre a regi\u00e3o Sudeste, que\u2026","rel":"","context":"In &quot;Not\u00edcias de Ribeir\u00e3o Preto-SP e Regi\u00e3o&quot;","block_context":{"text":"Not\u00edcias de Ribeir\u00e3o Preto-SP e Regi\u00e3o","link":"https:\/\/ismaelcolosi.com.br\/index.php\/category\/noticias-de-ribeirao-preto-sp-e-regiao-ismael-colosi\/"},"img":{"alt_text":"","src":"https:\/\/i0.wp.com\/ismaelcolosi.com.br\/wp-content\/uploads\/2024\/06\/WhatsApp-Image-2024-06-05-at-08.22.06_2024-06-05_11-29-47_jpeg_2024-06-05_11-29-48.webp.webp?fit=1200%2C540&ssl=1&resize=350%2C200","width":350,"height":200,"srcset":"https:\/\/i0.wp.com\/ismaelcolosi.com.br\/wp-content\/uploads\/2024\/06\/WhatsApp-Image-2024-06-05-at-08.22.06_2024-06-05_11-29-47_jpeg_2024-06-05_11-29-48.webp.webp?fit=1200%2C540&ssl=1&resize=350%2C200 1x, https:\/\/i0.wp.com\/ismaelcolosi.com.br\/wp-content\/uploads\/2024\/06\/WhatsApp-Image-2024-06-05-at-08.22.06_2024-06-05_11-29-47_jpeg_2024-06-05_11-29-48.webp.webp?fit=1200%2C540&ssl=1&resize=525%2C300 1.5x, https:\/\/i0.wp.com\/ismaelcolosi.com.br\/wp-content\/uploads\/2024\/06\/WhatsApp-Image-2024-06-05-at-08.22.06_2024-06-05_11-29-47_jpeg_2024-06-05_11-29-48.webp.webp?fit=1200%2C540&ssl=1&resize=700%2C400 2x, https:\/\/i0.wp.com\/ismaelcolosi.com.br\/wp-content\/uploads\/2024\/06\/WhatsApp-Image-2024-06-05-at-08.22.06_2024-06-05_11-29-47_jpeg_2024-06-05_11-29-48.webp.webp?fit=1200%2C540&ssl=1&resize=1050%2C600 3x"},"classes":[]},{"id":57144,"url":"https:\/\/ismaelcolosi.com.br\/index.php\/2024\/07\/18\/veranico-vai-subir-temperaturas-veja-previsao-para-5-dias-em-ribeirao-preto\/","url_meta":{"origin":52208,"position":2},"title":"Veranico vai subir temperaturas; Veja previs\u00e3o para 5 dias em Ribeir\u00e3o Preto","author":"ismaelcolosi.com.br","date":"18 de July de 2024","format":false,"excerpt":"O veranico \u2013 per\u00edodo caracterizado pelo tempo seco e temperaturas acima do normal por pelo menos quatro dias consecutivos durante o inverno \u2013 come\u00e7a nesta quinta-feira (18) e tem previs\u00e3o de se estender at\u00e9 o pr\u00f3ximo dia 25. Grande parte do interior de S\u00e3o Paulo pode ter as temperaturas elevadas\u2026","rel":"","context":"In &quot;Not\u00edcias de Ribeir\u00e3o Preto-SP e Regi\u00e3o&quot;","block_context":{"text":"Not\u00edcias de Ribeir\u00e3o Preto-SP e Regi\u00e3o","link":"https:\/\/ismaelcolosi.com.br\/index.php\/category\/noticias-de-ribeirao-preto-sp-e-regiao-ismael-colosi\/"},"img":{"alt_text":"","src":"https:\/\/i0.wp.com\/ismaelcolosi.com.br\/wp-content\/uploads\/2024\/07\/20220918_120139_2-scaled.jpg?fit=1200%2C675&ssl=1&resize=350%2C200","width":350,"height":200,"srcset":"https:\/\/i0.wp.com\/ismaelcolosi.com.br\/wp-content\/uploads\/2024\/07\/20220918_120139_2-scaled.jpg?fit=1200%2C675&ssl=1&resize=350%2C200 1x, https:\/\/i0.wp.com\/ismaelcolosi.com.br\/wp-content\/uploads\/2024\/07\/20220918_120139_2-scaled.jpg?fit=1200%2C675&ssl=1&resize=525%2C300 1.5x, https:\/\/i0.wp.com\/ismaelcolosi.com.br\/wp-content\/uploads\/2024\/07\/20220918_120139_2-scaled.jpg?fit=1200%2C675&ssl=1&resize=700%2C400 2x, https:\/\/i0.wp.com\/ismaelcolosi.com.br\/wp-content\/uploads\/2024\/07\/20220918_120139_2-scaled.jpg?fit=1200%2C675&ssl=1&resize=1050%2C600 3x"},"classes":[]},{"id":52808,"url":"https:\/\/ismaelcolosi.com.br\/index.php\/2024\/06\/11\/veranico-e-estendido-e-tem-nova-data-para-acabar-no-interior-de-sp-veja-quando\/","url_meta":{"origin":52208,"position":3},"title":"Veranico \u00e9 estendido e tem nova data para acabar no interior de SP; Veja quando","author":"ismaelcolosi.com.br","date":"11 de June de 2024","format":false,"excerpt":"O veranico \u2013 per\u00edodo caracterizado pelo tempo seco e temperaturas acima do normal por pelo menos quatro dias consecutivos durante o outono \u2013 foi prorrogado e n\u00e3o mais vai acabar na pr\u00f3xima sexta-feira (14). Segundo a Climatempo, a nova data prevista para o t\u00e9rmino do veranico \u00e9 20 de junho.\u2026","rel":"","context":"In &quot;Not\u00edcias de Ribeir\u00e3o Preto-SP e Regi\u00e3o&quot;","block_context":{"text":"Not\u00edcias de Ribeir\u00e3o Preto-SP e Regi\u00e3o","link":"https:\/\/ismaelcolosi.com.br\/index.php\/category\/noticias-de-ribeirao-preto-sp-e-regiao-ismael-colosi\/"},"img":{"alt_text":"","src":"https:\/\/i0.wp.com\/ismaelcolosi.com.br\/wp-content\/uploads\/2024\/06\/1718101869_WhatsApp-Image-2024-03-11-at-12.29.24-1.jpeg?fit=1200%2C804&ssl=1&resize=350%2C200","width":350,"height":200,"srcset":"https:\/\/i0.wp.com\/ismaelcolosi.com.br\/wp-content\/uploads\/2024\/06\/1718101869_WhatsApp-Image-2024-03-11-at-12.29.24-1.jpeg?fit=1200%2C804&ssl=1&resize=350%2C200 1x, https:\/\/i0.wp.com\/ismaelcolosi.com.br\/wp-content\/uploads\/2024\/06\/1718101869_WhatsApp-Image-2024-03-11-at-12.29.24-1.jpeg?fit=1200%2C804&ssl=1&resize=525%2C300 1.5x, https:\/\/i0.wp.com\/ismaelcolosi.com.br\/wp-content\/uploads\/2024\/06\/1718101869_WhatsApp-Image-2024-03-11-at-12.29.24-1.jpeg?fit=1200%2C804&ssl=1&resize=700%2C400 2x, https:\/\/i0.wp.com\/ismaelcolosi.com.br\/wp-content\/uploads\/2024\/06\/1718101869_WhatsApp-Image-2024-03-11-at-12.29.24-1.jpeg?fit=1200%2C804&ssl=1&resize=1050%2C600 3x"},"classes":[]},{"id":57847,"url":"https:\/\/ismaelcolosi.com.br\/index.php\/2024\/07\/25\/veranico-acaba-e-forte-frente-fria-avanca-veja-quando-tem-previsao-de-chuva-no-estado-de-sp\/","url_meta":{"origin":52208,"position":4},"title":"Veranico acaba e forte frente fria avan\u00e7a; Veja quando tem previs\u00e3o de chuva no estado de SP","author":"ismaelcolosi.com.br","date":"25 de July de 2024","format":false,"excerpt":"O veranico \u2013 per\u00edodo com temperaturas acima da m\u00e9dia no inverno \u2013 chega ao fim nesta quinta-feira (25). No entanto, a sensa\u00e7\u00e3o de calor ainda dever\u00e1 continuar at\u00e9 que uma forte frente fria rompa o bloqueio atmosf\u00e9rico que impede a chegada de instabilidades ao estado de S\u00e3o Paulo. Segundo a\u2026","rel":"","context":"In &quot;Not\u00edcias de Ribeir\u00e3o Preto-SP e Regi\u00e3o&quot;","block_context":{"text":"Not\u00edcias de Ribeir\u00e3o Preto-SP e Regi\u00e3o","link":"https:\/\/ismaelcolosi.com.br\/index.php\/category\/noticias-de-ribeirao-preto-sp-e-regiao-ismael-colosi\/"},"img":{"alt_text":"","src":"https:\/\/i0.wp.com\/ismaelcolosi.com.br\/wp-content\/uploads\/2024\/07\/1721904532_RIBEIRAO-PRETO.jpg?fit=1200%2C708&ssl=1&resize=350%2C200","width":350,"height":200,"srcset":"https:\/\/i0.wp.com\/ismaelcolosi.com.br\/wp-content\/uploads\/2024\/07\/1721904532_RIBEIRAO-PRETO.jpg?fit=1200%2C708&ssl=1&resize=350%2C200 1x, https:\/\/i0.wp.com\/ismaelcolosi.com.br\/wp-content\/uploads\/2024\/07\/1721904532_RIBEIRAO-PRETO.jpg?fit=1200%2C708&ssl=1&resize=525%2C300 1.5x, https:\/\/i0.wp.com\/ismaelcolosi.com.br\/wp-content\/uploads\/2024\/07\/1721904532_RIBEIRAO-PRETO.jpg?fit=1200%2C708&ssl=1&resize=700%2C400 2x, https:\/\/i0.wp.com\/ismaelcolosi.com.br\/wp-content\/uploads\/2024\/07\/1721904532_RIBEIRAO-PRETO.jpg?fit=1200%2C708&ssl=1&resize=1050%2C600 3x"},"classes":[]},{"id":56985,"url":"https:\/\/ismaelcolosi.com.br\/index.php\/2024\/07\/17\/veranico-esta-de-volta-ao-interior-de-sp-entenda-por-que-a-temperatura-sobe-no-inverno\/","url_meta":{"origin":52208,"position":5},"title":"Veranico est\u00e1 de volta ao interior de SP; Entenda por que a temperatura sobe no inverno","author":"ismaelcolosi.com.br","date":"17 de July de 2024","format":false,"excerpt":"Uma nova massa de ar quente ir\u00e1 favorecer o retorno das temperaturas elevadas a grande parte do estado de S\u00e3o Paulo nos pr\u00f3ximos dias. Segundo a Climatempo, o per\u00edodo caracterizado pelo tempo seco e temperaturas acima do normal por pelo menos quatro dias consecutivos durante o inverno \u00e9 chamado de\u2026","rel":"","context":"In &quot;Not\u00edcias de Ribeir\u00e3o Preto-SP e Regi\u00e3o&quot;","block_context":{"text":"Not\u00edcias de Ribeir\u00e3o Preto-SP e Regi\u00e3o","link":"https:\/\/ismaelcolosi.com.br\/index.php\/category\/noticias-de-ribeirao-preto-sp-e-regiao-ismael-colosi\/"},"img":{"alt_text":"","src":"https:\/\/i0.wp.com\/ismaelcolosi.com.br\/wp-content\/uploads\/2024\/07\/HojeodiamaiscurtodoanoEntendaoqueosolstciodeinverno_Tamanho_2_image.jpg?fit=1200%2C900&ssl=1&resize=350%2C200","width":350,"height":200,"srcset":"https:\/\/i0.wp.com\/ismaelcolosi.com.br\/wp-content\/uploads\/2024\/07\/HojeodiamaiscurtodoanoEntendaoqueosolstciodeinverno_Tamanho_2_image.jpg?fit=1200%2C900&ssl=1&resize=350%2C200 1x, https:\/\/i0.wp.com\/ismaelcolosi.com.br\/wp-content\/uploads\/2024\/07\/HojeodiamaiscurtodoanoEntendaoqueosolstciodeinverno_Tamanho_2_image.jpg?fit=1200%2C900&ssl=1&resize=525%2C300 1.5x, https:\/\/i0.wp.com\/ismaelcolosi.com.br\/wp-content\/uploads\/2024\/07\/HojeodiamaiscurtodoanoEntendaoqueosolstciodeinverno_Tamanho_2_image.jpg?fit=1200%2C900&ssl=1&resize=700%2C400 2x, https:\/\/i0.wp.com\/ismaelcolosi.com.br\/wp-content\/uploads\/2024\/07\/HojeodiamaiscurtodoanoEntendaoqueosolstciodeinverno_Tamanho_2_image.jpg?fit=1200%2C900&ssl=1&resize=1050%2C600 3x"},"classes":[]}],"jetpack_sharing_enabled":true,"jetpack_shortlink":"https:\/\/wp.me\/pfMlyK-dA4","_links":{"self":[{"href":"https:\/\/ismaelcolosi.com.br\/index.php\/wp-json\/wp\/v2\/posts\/52208","targetHints":{"allow":["GET"]}}],"collection":[{"href":"https:\/\/ismaelcolosi.com.br\/index.php\/wp-json\/wp\/v2\/posts"}],"about":[{"href":"https:\/\/ismaelcolosi.com.br\/index.php\/wp-json\/wp\/v2\/types\/post"}],"author":[{"embeddable":true,"href":"https:\/\/ismaelcolosi.com.br\/index.php\/wp-json\/wp\/v2\/users\/1"}],"replies":[{"embeddable":true,"href":"https:\/\/ismaelcolosi.com.br\/index.php\/wp-json\/wp\/v2\/comments?post=52208"}],"version-history":[{"count":0,"href":"https:\/\/ismaelcolosi.com.br\/index.php\/wp-json\/wp\/v2\/posts\/52208\/revisions"}],"wp:featuredmedia":[{"embeddable":true,"href":"https:\/\/ismaelcolosi.com.br\/index.php\/wp-json\/wp\/v2\/media\/52209"}],"wp:attachment":[{"href":"https:\/\/ismaelcolosi.com.br\/index.php\/wp-json\/wp\/v2\/media?parent=52208"}],"wp:term":[{"taxonomy":"category","embeddable":true,"href":"https:\/\/ismaelcolosi.com.br\/index.php\/wp-json\/wp\/v2\/categories?post=52208"},{"taxonomy":"post_tag","embeddable":true,"href":"https:\/\/ismaelcolosi.com.br\/index.php\/wp-json\/wp\/v2\/tags?post=52208"}],"curies":[{"name":"wp","href":"https:\/\/api.w.org\/{rel}","templated":true}]}}