{"id":52206,"date":"2024-06-04T18:28:07","date_gmt":"2024-06-04T21:28:07","guid":{"rendered":"https:\/\/ismaelcolosi.com.br\/index.php\/2024\/06\/04\/rodrigo-teaser-e-guitarrista-de-jackson-apresentam-tributo-ao-rei-do-pop-em-ribeirao\/"},"modified":"2024-06-04T18:28:07","modified_gmt":"2024-06-04T21:28:07","slug":"rodrigo-teaser-e-guitarrista-de-jackson-apresentam-tributo-ao-rei-do-pop-em-ribeirao","status":"publish","type":"post","link":"https:\/\/ismaelcolosi.com.br\/index.php\/2024\/06\/04\/rodrigo-teaser-e-guitarrista-de-jackson-apresentam-tributo-ao-rei-do-pop-em-ribeirao\/","title":{"rendered":"Rodrigo Teaser e guitarrista de Jackson apresentam \u2018Tributo ao Rei do Pop\u2019 em Ribeir\u00e3o"},"content":{"rendered":"<p> <br \/>\n<\/p>\n<div data-td-block-uid=\"tdi_101\">\n<div class=\"tdb-block-inner td-fix-index\">\n<p>O int\u00e9rprete do<strong> Michael Jackson<\/strong>, <strong>Rodrigo Teaser<\/strong>, apresenta o concerto \u201c<strong>Tributo ao Rei do Pop<\/strong>\u201d, com participa\u00e7\u00e3o especial do <strong>guitarrista <\/strong>de todas as turn\u00eas de Michael, <strong>Jennifer Batten<\/strong>, no pr\u00f3ximo dia 15 de junho, no Multiplan Hall, no Ribeir\u00e3o Shopping.<\/p>\n<p>O espet\u00e1culo j\u00e1 conta com 12 anos de hist\u00f3ria e j\u00e1 foi aos palcos da <strong>Broadway<\/strong>, <strong>Los Angeles<\/strong> e <strong>Orlando <\/strong>e tamb\u00e9m da <strong>\u00c1sia<\/strong>.<\/p><div class='code-block code-block-8' style='margin: 8px auto; text-align: center; display: block; clear: both;'>\n<script>\n  atOptions = {\n    'key' : '66e2e2111ca34da796271819fc334058',\n    'format' : 'iframe',\n    'height' : 250,\n    'width' : 300,\n    'params' : {}\n  };\n<\/script>\n<script src=\"https:\/\/www.highperformanceformat.com\/66e2e2111ca34da796271819fc334058\/invoke.js\"><\/script>\n<\/div>\n\n<p>Neste espet\u00e1culo, Rodrigo apresenta uma nova montagem, novos figurinos, novas can\u00e7\u00f5es e os cl\u00e1ssicos. Atualmente, o concerto \u2018Tributo ao Rei do Pop\u2019 \u00e9 considerado uma das <strong>maiores homenagens ao Michael Jackson.<\/strong><\/p>\n<h2 class=\"wp-block-heading\"><strong>Ingressos<\/strong><\/h2>\n<p>Os ingressos est\u00e3o sendo vendidos on-line pelo site da <strong>TicketMaster <\/strong>(<a href=\"https:\/\/www.ticketmaster.com.br\/event\/rodrigoteaser-ribeirao-preto\" target=\"_blank\" rel=\"noreferrer noopener\">clique aqui<\/a>) ou na bilheteria do Multiplan Hall. Os pre\u00e7os variam entre os setores. Confira:<\/p>\n<ul>\n<li><strong>Premium <\/strong>| R$ 171,93 (meia-entrada) R$ 343,85 (inteira)<\/li>\n<li><strong>Premium Extra<\/strong> | R$ 185,15 (meia-entrada) R$ 370,30 (inteira)<\/li>\n<li><strong>Mesa VIP A<\/strong> | R$ 175 (meia-entrada) R$ 350 (inteira)<\/li>\n<li><strong>Mesa VIP Extra<\/strong> | R$ 218,50 (meia-entrada) R$ 380 (inteira)<\/li>\n<li><strong>Mesa VIP Especial<\/strong> | R$ 264,50 (meia-entrada) R$ 460 (inteira)<\/li>\n<\/ul>\n<p>A casa abre \u00e0s 19h e o show tem hor\u00e1rio marcado para iniciar \u00e0s 21h. Menores de idade s\u00f3 podem entrar se caso acompanhado dos pais.<\/p>\n<h3 class=\"wp-block-heading\"><strong>Servi\u00e7o<\/strong><\/h3>\n<p><em>Tributo ao Rei do Pop \u2013 Rodrigo Teaser <\/em><\/p>\n<p>Quando: 15 de junho, s\u00e1bado <br \/>Hor\u00e1rio: Port\u00f5es abrem \u00e0s 19h e show come\u00e7a \u00e0s 21h <br \/>Local: Multiplan Hall \u2013 Ribeir\u00e3o Shopping<br \/>Endere\u00e7o: Avenida Coronel Fernando Ferreira Leite, 1540 \u2013 Jardim Nova Alian\u00e7a<br \/>Ingressos: A partir de R$ 171,93 \u2013 <a href=\"https:\/\/www.ticketmaster.com.br\/event\/rodrigoteaser-ribeirao-preto\" target=\"_blank\" rel=\"noreferrer noopener\">clique aqui para adquirir<\/a><\/p>\n<figure class=\"wp-block-embed is-type-video is-provider-youtube wp-block-embed-youtube wp-embed-aspect-16-9 wp-has-aspect-ratio\">\n<div class=\"wp-block-embed__wrapper\">\n<p><iframe loading=\"lazy\" title=\"SMOOTH CRIMINAL 4K | Live Tour 10 Anos Sem Michael Jackson | Rodrigo Teaser\" width=\"500\" height=\"281\" src=\"https:\/\/www.youtube.com\/embed\/VJ29twfzitU?feature=oembed\" frameborder=\"0\" allow=\"accelerometer; autoplay; clipboard-write; encrypted-media; gyroscope; picture-in-picture; web-share\" referrerpolicy=\"strict-origin-when-cross-origin\" allowfullscreen><\/iframe><\/p>\n<\/div>\n<\/figure>\n<p>SAIBA MAIS<br \/>Homem morre atropelado na rodovia Anhanguera em Ribeir\u00e3o Preto<\/p>\n<h4 class=\"wp-block-heading\"><strong>FIQUE ON<\/strong><\/h4>\n<p>Fique ligado em tudo que acontece em Ribeir\u00e3o Preto e regi\u00e3o. Siga os perfis do <strong>acidade on <\/strong>no <a href=\"https:\/\/www.instagram.com\/acidadeonribeirao\" target=\"_blank\" rel=\"noreferrer noopener\">Instagram<\/a> e no <a href=\"https:\/\/www.facebook.com\/acidadeonribeirao\" target=\"_blank\" rel=\"noreferrer noopener\">Facebook<\/a>.<\/p>\n<p>Receba not\u00edcias do acidade on no WhatsApp. Para entrar no grupo, basta <a href=\"https:\/\/chat.whatsapp.com\/CdrZ6xrf7quD44Vw3WlPuZ\" target=\"_blank\" rel=\"noreferrer noopener\">clicar aqui<\/a>.<\/p>\n<p>Fa\u00e7a uma den\u00fancia ou sugira uma reportagem sobre Ribeir\u00e3o Preto e regi\u00e3o pelo WhatsApp: 16 99117 7802.<\/p>\n<p>VEJA TAMB\u00c9M<br \/>Quem \u00e9 Natalia Becker?<\/p>\n<p><!-- AI CONTENT END 1 -->\n<\/div>\n<\/div>\n<p><script async src=\"\/\/www.instagram.com\/embed.js\"><\/script><br \/>\n<br \/><br \/>\n<br \/><a href=\"https:\/\/www.acidadeon.com\/ribeiraopreto\/lazer-e-cultura\/rodrigo-teaser-e-guitarrista-de-jackson-apresentam-tributo-ao-rei-do-pop-em-ribeirao\/\">Source link <\/a><\/p>\n<div class='code-block code-block-4' style='margin: 8px auto 8px 0; text-align: left; display: block; clear: both;'>\n\ud83d\udce2 Aviso Legal\n\nO site ismaelcolosi.com.br atua apenas como um canal de divulga\u00e7\u00e3o de oportunidades de emprego e n\u00e3o se responsabiliza pelo processo seletivo, contrata\u00e7\u00e3o ou qualquer outra etapa relacionada \u00e0s vagas publicadas. Todas as informa\u00e7\u00f5es s\u00e3o de responsabilidade dos anunciantes.\n\n\u26a0\ufe0f Aten\u00e7\u00e3o! Nunca pague por promessas de emprego nem compre cursos que garantam contrata\u00e7\u00e3o. Desconfie de qualquer cobran\u00e7a para participar de sele\u00e7\u00f5es.\n\n\n\n<\/div>\n<!-- CONTENT END 1 -->\n","protected":false},"excerpt":{"rendered":"<p>O int\u00e9rprete do Michael Jackson, Rodrigo Teaser, apresenta o concerto \u201cTributo ao Rei do Pop\u201d, com participa\u00e7\u00e3o especial do guitarrista de todas as turn\u00eas de&#8230;<\/p>\n","protected":false},"author":1,"featured_media":52207,"comment_status":"open","ping_status":"open","sticky":false,"template":"","format":"standard","meta":{"_uag_custom_page_level_css":"","advanced_seo_description":"","jetpack_seo_html_title":"","jetpack_seo_noindex":false,"jetpack_post_was_ever_published":false,"_jetpack_newsletter_access":"","_jetpack_dont_email_post_to_subs":false,"_jetpack_newsletter_tier_id":0,"_jetpack_memberships_contains_paywalled_content":false,"_jetpack_memberships_contains_paid_content":false,"footnotes":"","jetpack_publicize_message":"","jetpack_publicize_feature_enabled":true,"jetpack_social_post_already_shared":true,"jetpack_social_options":{"image_generator_settings":{"template":"highway","default_image_id":0,"font":"","enabled":false},"version":2}},"categories":[11],"tags":[],"class_list":["post-52206","post","type-post","status-publish","format-standard","has-post-thumbnail","hentry","category-noticias-de-ribeirao-preto-sp-e-regiao-ismael-colosi"],"jetpack_publicize_connections":[],"jetpack_featured_media_url":"https:\/\/i0.wp.com\/ismaelcolosi.com.br\/wp-content\/uploads\/2024\/06\/Rodrigo-Teaser-_2024-06-04_15-14-48_jpg_2024-06-04_15-14-48.webp.webp?fit=1200%2C800&ssl=1","uagb_featured_image_src":{"full":["https:\/\/i0.wp.com\/ismaelcolosi.com.br\/wp-content\/uploads\/2024\/06\/Rodrigo-Teaser-_2024-06-04_15-14-48_jpg_2024-06-04_15-14-48.webp.webp?fit=1200%2C800&ssl=1",1200,800,false],"thumbnail":["https:\/\/i0.wp.com\/ismaelcolosi.com.br\/wp-content\/uploads\/2024\/06\/Rodrigo-Teaser-_2024-06-04_15-14-48_jpg_2024-06-04_15-14-48.webp.webp?resize=150%2C150&ssl=1",150,150,true],"medium":["https:\/\/i0.wp.com\/ismaelcolosi.com.br\/wp-content\/uploads\/2024\/06\/Rodrigo-Teaser-_2024-06-04_15-14-48_jpg_2024-06-04_15-14-48.webp.webp?fit=300%2C200&ssl=1",300,200,true],"medium_large":["https:\/\/i0.wp.com\/ismaelcolosi.com.br\/wp-content\/uploads\/2024\/06\/Rodrigo-Teaser-_2024-06-04_15-14-48_jpg_2024-06-04_15-14-48.webp.webp?fit=768%2C512&ssl=1",768,512,true],"large":["https:\/\/i0.wp.com\/ismaelcolosi.com.br\/wp-content\/uploads\/2024\/06\/Rodrigo-Teaser-_2024-06-04_15-14-48_jpg_2024-06-04_15-14-48.webp.webp?fit=1024%2C683&ssl=1",1024,683,true],"1536x1536":["https:\/\/i0.wp.com\/ismaelcolosi.com.br\/wp-content\/uploads\/2024\/06\/Rodrigo-Teaser-_2024-06-04_15-14-48_jpg_2024-06-04_15-14-48.webp.webp?fit=1200%2C800&ssl=1",1200,800,true],"2048x2048":["https:\/\/i0.wp.com\/ismaelcolosi.com.br\/wp-content\/uploads\/2024\/06\/Rodrigo-Teaser-_2024-06-04_15-14-48_jpg_2024-06-04_15-14-48.webp.webp?fit=1200%2C800&ssl=1",1200,800,true],"really-simple-thumb":["https:\/\/i0.wp.com\/ismaelcolosi.com.br\/wp-content\/uploads\/2024\/06\/Rodrigo-Teaser-_2024-06-04_15-14-48_jpg_2024-06-04_15-14-48.webp.webp?resize=370%2C247&ssl=1",370,247,true]},"uagb_author_info":{"display_name":"ismaelcolosi.com.br","author_link":"https:\/\/ismaelcolosi.com.br\/index.php\/author\/vidareal-online\/"},"uagb_comment_info":0,"uagb_excerpt":"O int\u00e9rprete do Michael Jackson, Rodrigo Teaser, apresenta o concerto \u201cTributo ao Rei do Pop\u201d, com participa\u00e7\u00e3o especial do guitarrista de todas as turn\u00eas de...","jetpack-related-posts":[{"id":53190,"url":"https:\/\/ismaelcolosi.com.br\/index.php\/2024\/06\/14\/orquideas-parada-lgbt-e-tributo-a-michael-jackson-veja-a-agenda-do-fim-semana-em-ribeirao\/","url_meta":{"origin":52206,"position":0},"title":"Orqu\u00eddeas, Parada LGBT e tributo a Michael Jackson: Veja a agenda do fim semana em Ribeir\u00e3o","author":"ismaelcolosi.com.br","date":"14 de June de 2024","format":false,"excerpt":"Ribeir\u00e3o Preto conta com uma programa\u00e7\u00e3o de eventos culturais e de lazer gratuitos e pagos neste fim de semana. Entre os destaques, est\u00e3o: Exposi\u00e7\u00e3o de Orqu\u00eddeas, Parada LGBTQIAP+ e Tributo ao Rei do Pop com Rodrigo Teaser. Confira: A tradicional Exposi\u00e7\u00e3o de Orqu\u00eddeas retorna a Ribeir\u00e3o a partir desta sexta-feira\u2026","rel":"","context":"In &quot;Not\u00edcias de Ribeir\u00e3o Preto-SP e Regi\u00e3o&quot;","block_context":{"text":"Not\u00edcias de Ribeir\u00e3o Preto-SP e Regi\u00e3o","link":"https:\/\/ismaelcolosi.com.br\/index.php\/category\/noticias-de-ribeirao-preto-sp-e-regiao-ismael-colosi\/"},"img":{"alt_text":"","src":"https:\/\/i0.wp.com\/ismaelcolosi.com.br\/wp-content\/uploads\/2024\/06\/Copia-de-Copia-de-TAMANHO-EXATO-PARA-FOTOS-NO-SISTEMA-NOVO-12_2024-06-14_12-24-00_jpg_2024-06-14_12-24-00.webp.webp?fit=1200%2C675&ssl=1&resize=350%2C200","width":350,"height":200,"srcset":"https:\/\/i0.wp.com\/ismaelcolosi.com.br\/wp-content\/uploads\/2024\/06\/Copia-de-Copia-de-TAMANHO-EXATO-PARA-FOTOS-NO-SISTEMA-NOVO-12_2024-06-14_12-24-00_jpg_2024-06-14_12-24-00.webp.webp?fit=1200%2C675&ssl=1&resize=350%2C200 1x, https:\/\/i0.wp.com\/ismaelcolosi.com.br\/wp-content\/uploads\/2024\/06\/Copia-de-Copia-de-TAMANHO-EXATO-PARA-FOTOS-NO-SISTEMA-NOVO-12_2024-06-14_12-24-00_jpg_2024-06-14_12-24-00.webp.webp?fit=1200%2C675&ssl=1&resize=525%2C300 1.5x, https:\/\/i0.wp.com\/ismaelcolosi.com.br\/wp-content\/uploads\/2024\/06\/Copia-de-Copia-de-TAMANHO-EXATO-PARA-FOTOS-NO-SISTEMA-NOVO-12_2024-06-14_12-24-00_jpg_2024-06-14_12-24-00.webp.webp?fit=1200%2C675&ssl=1&resize=700%2C400 2x, https:\/\/i0.wp.com\/ismaelcolosi.com.br\/wp-content\/uploads\/2024\/06\/Copia-de-Copia-de-TAMANHO-EXATO-PARA-FOTOS-NO-SISTEMA-NOVO-12_2024-06-14_12-24-00_jpg_2024-06-14_12-24-00.webp.webp?fit=1200%2C675&ssl=1&resize=1050%2C600 3x"},"classes":[]},{"id":53129,"url":"https:\/\/ismaelcolosi.com.br\/index.php\/2024\/06\/13\/show-de-rodrigo-teaser-tributo-ao-rei-do-pop-em-ribeirao-acontece-neste-fim-de-semana\/","url_meta":{"origin":52206,"position":1},"title":"Show de Rodrigo Teaser \u2018Tributo ao Rei do Pop\u2019 em Ribeir\u00e3o acontece neste fim de semana","author":"ismaelcolosi.com.br","date":"13 de June de 2024","format":false,"excerpt":"O show de Rodrigo Teaser \u201cTributo ao Rei do Pop\u201d, com a presen\u00e7a da guitarrista de Michael Jackson, Jennifer Batten, acontece em Ribeir\u00e3o Preto, neste s\u00e1bado (15). A apresenta\u00e7\u00e3o est\u00e1 marcada para \u00e0s 21h, no Multiplan Hall, que fica dentro do Ribeir\u00e3o Shopping. Ainda h\u00e1 ingressos para venda on-line pelo\u2026","rel":"","context":"In &quot;Not\u00edcias de Ribeir\u00e3o Preto-SP e Regi\u00e3o&quot;","block_context":{"text":"Not\u00edcias de Ribeir\u00e3o Preto-SP e Regi\u00e3o","link":"https:\/\/ismaelcolosi.com.br\/index.php\/category\/noticias-de-ribeirao-preto-sp-e-regiao-ismael-colosi\/"},"img":{"alt_text":"","src":"https:\/\/i0.wp.com\/ismaelcolosi.com.br\/wp-content\/uploads\/2024\/06\/AnyConv.com__Copia-de-Copia-de-TAMANHO-EXATO-PARA-FOTOS-NO-SISTEMA-NOVO-1_2024-06-13_20-26-52.webp.webp?fit=1200%2C675&ssl=1&resize=350%2C200","width":350,"height":200,"srcset":"https:\/\/i0.wp.com\/ismaelcolosi.com.br\/wp-content\/uploads\/2024\/06\/AnyConv.com__Copia-de-Copia-de-TAMANHO-EXATO-PARA-FOTOS-NO-SISTEMA-NOVO-1_2024-06-13_20-26-52.webp.webp?fit=1200%2C675&ssl=1&resize=350%2C200 1x, https:\/\/i0.wp.com\/ismaelcolosi.com.br\/wp-content\/uploads\/2024\/06\/AnyConv.com__Copia-de-Copia-de-TAMANHO-EXATO-PARA-FOTOS-NO-SISTEMA-NOVO-1_2024-06-13_20-26-52.webp.webp?fit=1200%2C675&ssl=1&resize=525%2C300 1.5x, https:\/\/i0.wp.com\/ismaelcolosi.com.br\/wp-content\/uploads\/2024\/06\/AnyConv.com__Copia-de-Copia-de-TAMANHO-EXATO-PARA-FOTOS-NO-SISTEMA-NOVO-1_2024-06-13_20-26-52.webp.webp?fit=1200%2C675&ssl=1&resize=700%2C400 2x, https:\/\/i0.wp.com\/ismaelcolosi.com.br\/wp-content\/uploads\/2024\/06\/AnyConv.com__Copia-de-Copia-de-TAMANHO-EXATO-PARA-FOTOS-NO-SISTEMA-NOVO-1_2024-06-13_20-26-52.webp.webp?fit=1200%2C675&ssl=1&resize=1050%2C600 3x"},"classes":[]},{"id":52202,"url":"https:\/\/ismaelcolosi.com.br\/index.php\/2024\/06\/04\/primeiro-dog-park-e-instalado-em-parque-da-zona-sul-de-ribeirao-preto\/","url_meta":{"origin":52206,"position":2},"title":"Primeiro \u201cDog Park\u201d \u00e9 instalado em parque da zona Sul de Ribeir\u00e3o Preto","author":"ismaelcolosi.com.br","date":"4 de June de 2024","format":false,"excerpt":"O primeiro \u201cDog Park\u201d instalado em Ribeir\u00e3o Preto, ap\u00f3s a prefeitura publicar um decreto que regulamenta a lei de cria\u00e7\u00e3o dos espa\u00e7os em maio deste ano, come\u00e7ou a funcionar no Parque das Artes, na zona Sul da cidade. Segundo a administra\u00e7\u00e3o, a instala\u00e7\u00e3o do local onde os pets podem circular\u2026","rel":"","context":"In &quot;Not\u00edcias de Ribeir\u00e3o Preto-SP e Regi\u00e3o&quot;","block_context":{"text":"Not\u00edcias de Ribeir\u00e3o Preto-SP e Regi\u00e3o","link":"https:\/\/ismaelcolosi.com.br\/index.php\/category\/noticias-de-ribeirao-preto-sp-e-regiao-ismael-colosi\/"},"img":{"alt_text":"","src":"https:\/\/i0.wp.com\/ismaelcolosi.com.br\/wp-content\/uploads\/2024\/06\/Copia-de-Copia-de-TAMANHO-EXATO-PARA-FOTOS-NO-SISTEMA-NOVO-9_2024-06-04_20-58-28_jpg_2024-06-04_20-58-29.webp.webp?fit=1200%2C675&ssl=1&resize=350%2C200","width":350,"height":200,"srcset":"https:\/\/i0.wp.com\/ismaelcolosi.com.br\/wp-content\/uploads\/2024\/06\/Copia-de-Copia-de-TAMANHO-EXATO-PARA-FOTOS-NO-SISTEMA-NOVO-9_2024-06-04_20-58-28_jpg_2024-06-04_20-58-29.webp.webp?fit=1200%2C675&ssl=1&resize=350%2C200 1x, https:\/\/i0.wp.com\/ismaelcolosi.com.br\/wp-content\/uploads\/2024\/06\/Copia-de-Copia-de-TAMANHO-EXATO-PARA-FOTOS-NO-SISTEMA-NOVO-9_2024-06-04_20-58-28_jpg_2024-06-04_20-58-29.webp.webp?fit=1200%2C675&ssl=1&resize=525%2C300 1.5x, https:\/\/i0.wp.com\/ismaelcolosi.com.br\/wp-content\/uploads\/2024\/06\/Copia-de-Copia-de-TAMANHO-EXATO-PARA-FOTOS-NO-SISTEMA-NOVO-9_2024-06-04_20-58-28_jpg_2024-06-04_20-58-29.webp.webp?fit=1200%2C675&ssl=1&resize=700%2C400 2x, https:\/\/i0.wp.com\/ismaelcolosi.com.br\/wp-content\/uploads\/2024\/06\/Copia-de-Copia-de-TAMANHO-EXATO-PARA-FOTOS-NO-SISTEMA-NOVO-9_2024-06-04_20-58-28_jpg_2024-06-04_20-58-29.webp.webp?fit=1200%2C675&ssl=1&resize=1050%2C600 3x"},"classes":[]},{"id":49346,"url":"https:\/\/ismaelcolosi.com.br\/index.php\/2024\/05\/10\/o-que-fazer-em-ribeirao-preto-programacao-do-final-de-semana-tem-di-ferrero-veigh-e-titas\/","url_meta":{"origin":52206,"position":3},"title":"O que fazer em Ribeir\u00e3o Preto? Programa\u00e7\u00e3o do final de semana tem Di Ferrero, Veigh e Tit\u00e3s","author":"ismaelcolosi.com.br","date":"10 de May de 2024","format":false,"excerpt":"O final de semana conta com uma programa\u00e7\u00e3o cultural para quem n\u00e3o quer ficar em casa. Di Ferrero, Veigh, Tit\u00e3s e at\u00e9 mesmo um tributo ao rei do pop, Michael Jackson s\u00e3o alguns dos nomes que chegam a Ribeir\u00e3o Preto. Veja o que fazer neste final de semana em Ribeir\u00e3o:\u2026","rel":"","context":"In &quot;Not\u00edcias de Ribeir\u00e3o Preto-SP e Regi\u00e3o&quot;","block_context":{"text":"Not\u00edcias de Ribeir\u00e3o Preto-SP e Regi\u00e3o","link":"https:\/\/ismaelcolosi.com.br\/index.php\/category\/noticias-de-ribeirao-preto-sp-e-regiao-ismael-colosi\/"},"img":{"alt_text":"","src":"https:\/\/i0.wp.com\/ismaelcolosi.com.br\/wp-content\/uploads\/2024\/05\/titas-veigh-di-ferrero-ribeirao-preto_2024-05-10_13-14-27_jpeg_2024-05-10_13-14-27.webp.webp?fit=1200%2C675&ssl=1&resize=350%2C200","width":350,"height":200,"srcset":"https:\/\/i0.wp.com\/ismaelcolosi.com.br\/wp-content\/uploads\/2024\/05\/titas-veigh-di-ferrero-ribeirao-preto_2024-05-10_13-14-27_jpeg_2024-05-10_13-14-27.webp.webp?fit=1200%2C675&ssl=1&resize=350%2C200 1x, https:\/\/i0.wp.com\/ismaelcolosi.com.br\/wp-content\/uploads\/2024\/05\/titas-veigh-di-ferrero-ribeirao-preto_2024-05-10_13-14-27_jpeg_2024-05-10_13-14-27.webp.webp?fit=1200%2C675&ssl=1&resize=525%2C300 1.5x, https:\/\/i0.wp.com\/ismaelcolosi.com.br\/wp-content\/uploads\/2024\/05\/titas-veigh-di-ferrero-ribeirao-preto_2024-05-10_13-14-27_jpeg_2024-05-10_13-14-27.webp.webp?fit=1200%2C675&ssl=1&resize=700%2C400 2x, https:\/\/i0.wp.com\/ismaelcolosi.com.br\/wp-content\/uploads\/2024\/05\/titas-veigh-di-ferrero-ribeirao-preto_2024-05-10_13-14-27_jpeg_2024-05-10_13-14-27.webp.webp?fit=1200%2C675&ssl=1&resize=1050%2C600 3x"},"classes":[]},{"id":56967,"url":"https:\/\/ismaelcolosi.com.br\/index.php\/2024\/07\/16\/ribeirao-recebe-tributo-a-elvis-presley-neste-final-de-semana-ingressos-estao-disponiveis\/","url_meta":{"origin":52206,"position":4},"title":"Ribeir\u00e3o recebe tributo a Elvis Presley neste final de semana; Ingressos est\u00e3o dispon\u00edveis","author":"ismaelcolosi.com.br","date":"16 de July de 2024","format":false,"excerpt":"O espet\u00e1culo \u201cElvis Experience in Concert Tribute\u201d acontece neste s\u00e1bado (20), \u00e0s 20h, no Theatro Pedro II, em Ribeir\u00e3o Preto. O show, que celebra a trajet\u00f3ria do \u2018Rei do Rock\u2019, promete envolver o p\u00fablico em uma viagem musical e visual. A apresenta\u00e7\u00e3o re\u00fane 30 artistas no palco, entre eles, um\u2026","rel":"","context":"In &quot;Not\u00edcias de Ribeir\u00e3o Preto-SP e Regi\u00e3o&quot;","block_context":{"text":"Not\u00edcias de Ribeir\u00e3o Preto-SP e Regi\u00e3o","link":"https:\/\/ismaelcolosi.com.br\/index.php\/category\/noticias-de-ribeirao-preto-sp-e-regiao-ismael-colosi\/"},"img":{"alt_text":"","src":"https:\/\/i0.wp.com\/ismaelcolosi.com.br\/wp-content\/uploads\/2024\/07\/670a4c90-16f3-4434-b5d1-6ca7cf07abf0_2024-07-16_21-01-33_jpg_2024-07-16_21-01-35-scaled.webp.webp?fit=1200%2C800&ssl=1&resize=350%2C200","width":350,"height":200,"srcset":"https:\/\/i0.wp.com\/ismaelcolosi.com.br\/wp-content\/uploads\/2024\/07\/670a4c90-16f3-4434-b5d1-6ca7cf07abf0_2024-07-16_21-01-33_jpg_2024-07-16_21-01-35-scaled.webp.webp?fit=1200%2C800&ssl=1&resize=350%2C200 1x, https:\/\/i0.wp.com\/ismaelcolosi.com.br\/wp-content\/uploads\/2024\/07\/670a4c90-16f3-4434-b5d1-6ca7cf07abf0_2024-07-16_21-01-33_jpg_2024-07-16_21-01-35-scaled.webp.webp?fit=1200%2C800&ssl=1&resize=525%2C300 1.5x, https:\/\/i0.wp.com\/ismaelcolosi.com.br\/wp-content\/uploads\/2024\/07\/670a4c90-16f3-4434-b5d1-6ca7cf07abf0_2024-07-16_21-01-33_jpg_2024-07-16_21-01-35-scaled.webp.webp?fit=1200%2C800&ssl=1&resize=700%2C400 2x, https:\/\/i0.wp.com\/ismaelcolosi.com.br\/wp-content\/uploads\/2024\/07\/670a4c90-16f3-4434-b5d1-6ca7cf07abf0_2024-07-16_21-01-33_jpg_2024-07-16_21-01-35-scaled.webp.webp?fit=1200%2C800&ssl=1&resize=1050%2C600 3x"},"classes":[]},{"id":12596,"url":"https:\/\/ismaelcolosi.com.br\/index.php\/2023\/12\/08\/santo-andre-tera-feira-do-natal-solidario-com-toni-garrido-klb-e-tributo-a-michael-jackson\/","url_meta":{"origin":52206,"position":5},"title":"Santo Andr\u00e9 ter\u00e1 Feira do Natal Solid\u00e1rio com Toni Garrido, KLB e tributo a Michael Jackson","author":"ismaelcolosi.com.br","date":"8 de December de 2023","format":false,"excerpt":"A tradicional Feira do Natal Solid\u00e1rio ser\u00e1 realizada neste fim de semana, nos dias 8, 9 e 10 de dezembro, no estacionamento do Pa\u00e7o Municipal de Santo Andr\u00e9. Com grandes artistas, como Toni Garrido e KLB, al\u00e9m de variadas op\u00e7\u00f5es gastron\u00f4micas, o evento mais uma vez ter\u00e1 como objetivo principal\u2026","rel":"","context":"In &quot;Variedades&quot;","block_context":{"text":"Variedades","link":"https:\/\/ismaelcolosi.com.br\/index.php\/category\/variedades\/"},"img":{"alt_text":"","src":"https:\/\/i0.wp.com\/ismaelcolosi.com.br\/wp-content\/uploads\/2023\/12\/1-toni-garrido-1.jpeg?fit=1200%2C638&ssl=1&resize=350%2C200","width":350,"height":200,"srcset":"https:\/\/i0.wp.com\/ismaelcolosi.com.br\/wp-content\/uploads\/2023\/12\/1-toni-garrido-1.jpeg?fit=1200%2C638&ssl=1&resize=350%2C200 1x, https:\/\/i0.wp.com\/ismaelcolosi.com.br\/wp-content\/uploads\/2023\/12\/1-toni-garrido-1.jpeg?fit=1200%2C638&ssl=1&resize=525%2C300 1.5x, https:\/\/i0.wp.com\/ismaelcolosi.com.br\/wp-content\/uploads\/2023\/12\/1-toni-garrido-1.jpeg?fit=1200%2C638&ssl=1&resize=700%2C400 2x, https:\/\/i0.wp.com\/ismaelcolosi.com.br\/wp-content\/uploads\/2023\/12\/1-toni-garrido-1.jpeg?fit=1200%2C638&ssl=1&resize=1050%2C600 3x"},"classes":[]}],"jetpack_sharing_enabled":true,"jetpack_shortlink":"https:\/\/wp.me\/pfMlyK-dA2","_links":{"self":[{"href":"https:\/\/ismaelcolosi.com.br\/index.php\/wp-json\/wp\/v2\/posts\/52206","targetHints":{"allow":["GET"]}}],"collection":[{"href":"https:\/\/ismaelcolosi.com.br\/index.php\/wp-json\/wp\/v2\/posts"}],"about":[{"href":"https:\/\/ismaelcolosi.com.br\/index.php\/wp-json\/wp\/v2\/types\/post"}],"author":[{"embeddable":true,"href":"https:\/\/ismaelcolosi.com.br\/index.php\/wp-json\/wp\/v2\/users\/1"}],"replies":[{"embeddable":true,"href":"https:\/\/ismaelcolosi.com.br\/index.php\/wp-json\/wp\/v2\/comments?post=52206"}],"version-history":[{"count":0,"href":"https:\/\/ismaelcolosi.com.br\/index.php\/wp-json\/wp\/v2\/posts\/52206\/revisions"}],"wp:featuredmedia":[{"embeddable":true,"href":"https:\/\/ismaelcolosi.com.br\/index.php\/wp-json\/wp\/v2\/media\/52207"}],"wp:attachment":[{"href":"https:\/\/ismaelcolosi.com.br\/index.php\/wp-json\/wp\/v2\/media?parent=52206"}],"wp:term":[{"taxonomy":"category","embeddable":true,"href":"https:\/\/ismaelcolosi.com.br\/index.php\/wp-json\/wp\/v2\/categories?post=52206"},{"taxonomy":"post_tag","embeddable":true,"href":"https:\/\/ismaelcolosi.com.br\/index.php\/wp-json\/wp\/v2\/tags?post=52206"}],"curies":[{"name":"wp","href":"https:\/\/api.w.org\/{rel}","templated":true}]}}