{"id":52202,"date":"2024-06-04T18:11:05","date_gmt":"2024-06-04T21:11:05","guid":{"rendered":"https:\/\/ismaelcolosi.com.br\/index.php\/2024\/06\/04\/primeiro-dog-park-e-instalado-em-parque-da-zona-sul-de-ribeirao-preto\/"},"modified":"2024-06-04T18:11:05","modified_gmt":"2024-06-04T21:11:05","slug":"primeiro-dog-park-e-instalado-em-parque-da-zona-sul-de-ribeirao-preto","status":"publish","type":"post","link":"https:\/\/ismaelcolosi.com.br\/index.php\/2024\/06\/04\/primeiro-dog-park-e-instalado-em-parque-da-zona-sul-de-ribeirao-preto\/","title":{"rendered":"Primeiro \u201cDog Park\u201d \u00e9 instalado em parque da zona Sul de Ribeir\u00e3o Preto"},"content":{"rendered":"<p> <br \/>\n<\/p>\n<div data-td-block-uid=\"tdi_101\">\n<div class=\"tdb-block-inner td-fix-index\">\n<p>O <span style=\"background-color:#f7cc62\" class=\"td_text_highlight_marker\"><mark style=\"background-color:rgba(0, 0, 0, 0)\" class=\"has-inline-color has-black-color\"><strong>primeiro \u201cDog Park\u201d <\/strong>instalado em <strong>Ribeir\u00e3o Preto<\/strong>, ap\u00f3s a <strong>prefeitura publicar um decreto que regulamenta a lei de cria\u00e7\u00e3o dos espa\u00e7os em maio deste ano<\/strong>, come\u00e7ou a <strong>funcionar no Parque das Artes<\/strong>, na<strong> zona Sul da cidade<\/strong>.<\/mark><\/span><\/p>\n<p>Segundo a administra\u00e7\u00e3o, a<span style=\"background-color:#f7cc62\" class=\"td_text_highlight_marker\"><mark style=\"background-color:rgba(0, 0, 0, 0)\" class=\"has-inline-color has-black-color\"> <strong>instala\u00e7\u00e3o do local<\/strong> onde os<strong> pets podem circular sem guias<\/strong><\/mark><\/span><strong> foi uma reivindica\u00e7\u00e3o de frequentadores e tutores do parque<\/strong>.<\/p><div class='code-block code-block-8' style='margin: 8px auto; text-align: center; display: block; clear: both;'>\n<script>\n  atOptions = {\n    'key' : '66e2e2111ca34da796271819fc334058',\n    'format' : 'iframe',\n    'height' : 250,\n    'width' : 300,\n    'params' : {}\n  };\n<\/script>\n<script src=\"https:\/\/www.highperformanceformat.com\/66e2e2111ca34da796271819fc334058\/invoke.js\"><\/script>\n<\/div>\n\n<p>Apesar de a <strong>lei permitir o \u201cDog Park\u201d na cidade<\/strong>, <strong>h\u00e1 algumas proibi\u00e7\u00f5es<\/strong> que constam no decreto municipal como:<\/p>\n<ul>\n<li>presen\u00e7a de c\u00e3es sem focinheira ou conduzidos por menores de 18 anos<\/li>\n<li>entrada de c\u00e3es das ra\u00e7as Pit Bull, Mastim Napolitano, Rottweiler, Dobermann, Bull Terrier e, outras ra\u00e7as definidas em regulamento.<\/li>\n<\/ul>\n<p>Al\u00e9m disso, <strong><span style=\"background-color:#f7cc62\" class=\"td_text_highlight_marker\"><mark style=\"background-color:rgba(0, 0, 0, 0)\" class=\"has-inline-color has-black-color\">\u00e9 necess\u00e1rio que o acesso ao \u201cDog Park\u201d seja com o animal transportado com guia ou em caixa apropriada<\/mark><\/span><\/strong>. Fora do espa\u00e7o, os pets dever\u00e3o estar sempre com focinheiras.<\/p>\n<p>A <strong><span style=\"background-color:#f7cc62\" class=\"td_text_highlight_marker\"><mark style=\"background-color:rgba(0, 0, 0, 0)\" class=\"has-inline-color has-black-color\">Secretaria de Infraestrutura informou que est\u00e1 em processo de mapeamento outros pontos da cidade que devem receber o \u201cDog Park\u201d<\/mark><\/span><\/strong>.<\/p>\n<h2 class=\"wp-block-heading\"><strong>O que diz o decreto<\/strong><\/h2>\n<p>O decreto que regulamentou lei de cria\u00e7\u00e3o do programa<strong>\u00a0\u201cDog Park\u201d<\/strong>\u00a0em pra\u00e7as e parques de<strong>\u00a0Ribeir\u00e3o Preto foi assinado pelo prefeito Duarte Nogueira em 16 de maio deste ano<\/strong>. A lei foi aprovada pela\u00a0<strong>C\u00e2mara Municipal<\/strong>\u00a0e sancionada pelo Executivo em 2011.<\/p>\n<p>De acordo com o <strong>decreto 105\/2024<\/strong>, que regulamenta a lei 12.668\/2011, <strong>a prefeitura dever\u00e1 delimitar os espa\u00e7os nas pra\u00e7as e parques<\/strong>.\u00a0O<strong> \u201cDog Park\u201d <\/strong>ser\u00e1 destinado para o<strong> \u201clazer, exerc\u00edcio e conv\u00edvio de c\u00e3es e seus propriet\u00e1rios\u201d<\/strong>.<\/p>\n<p>SAIBA MAIS <\/p>\n<p>Rodrigo Teaser e guitarrista de Jackson apresentam \u2018Tributo ao Rei do Pop\u2019 em Ribeir\u00e3o<\/p>\n<h4 class=\"wp-block-heading\"><strong>FIQUE ON<\/strong><\/h4>\n<p>Fique ligado em tudo que acontece em Ribeir\u00e3o Preto e regi\u00e3o. Siga os perfis do\u00a0<strong>acidade on\u00a0<\/strong>no\u00a0<a href=\"https:\/\/www.instagram.com\/acidadeonribeirao\" target=\"_blank\" rel=\"noreferrer noopener\">Instagram<\/a>\u00a0e no\u00a0<a href=\"https:\/\/www.facebook.com\/acidadeonribeirao\" target=\"_blank\" rel=\"noreferrer noopener\">Facebook<\/a>.<\/p>\n<p>Receba not\u00edcias do acidade on no WhatsApp. Para entrar no grupo, basta\u00a0<a href=\"https:\/\/chat.whatsapp.com\/CdrZ6xrf7quD44Vw3WlPuZ\" target=\"_blank\" rel=\"noreferrer noopener\">clicar aqui<\/a>.<\/p>\n<p>Fa\u00e7a uma den\u00fancia ou sugira uma reportagem sobre Ribeir\u00e3o Preto e regi\u00e3o pelo WhatsApp: 16 99117 7802.<\/p>\n<p>VEJA TAMB\u00c9M<br \/>Quem \u00e9 Natalia Becker?<\/p>\n<p><!-- AI CONTENT END 1 -->\n<\/div>\n<\/div>\n<p><script async src=\"\/\/www.instagram.com\/embed.js\"><\/script><br \/>\n<br \/><br \/>\n<br \/><a href=\"https:\/\/www.acidadeon.com\/ribeiraopreto\/cotidiano\/primeiro-dog-park-e-instalado-em-parque-da-zona-sul-de-ribeirao-preto\/\">Source link <\/a><\/p>\n<div class='code-block code-block-4' style='margin: 8px auto 8px 0; text-align: left; display: block; clear: both;'>\n\ud83d\udce2 Aviso Legal\n\nO site ismaelcolosi.com.br atua apenas como um canal de divulga\u00e7\u00e3o de oportunidades de emprego e n\u00e3o se responsabiliza pelo processo seletivo, contrata\u00e7\u00e3o ou qualquer outra etapa relacionada \u00e0s vagas publicadas. Todas as informa\u00e7\u00f5es s\u00e3o de responsabilidade dos anunciantes.\n\n\u26a0\ufe0f Aten\u00e7\u00e3o! Nunca pague por promessas de emprego nem compre cursos que garantam contrata\u00e7\u00e3o. Desconfie de qualquer cobran\u00e7a para participar de sele\u00e7\u00f5es.\n\n\n\n<\/div>\n<!-- CONTENT END 1 -->\n","protected":false},"excerpt":{"rendered":"<p>O primeiro \u201cDog Park\u201d instalado em Ribeir\u00e3o Preto, ap\u00f3s a prefeitura publicar um decreto que regulamenta a lei de cria\u00e7\u00e3o dos espa\u00e7os em maio deste&#8230;<\/p>\n","protected":false},"author":1,"featured_media":52203,"comment_status":"open","ping_status":"open","sticky":false,"template":"","format":"standard","meta":{"_uag_custom_page_level_css":"","advanced_seo_description":"","jetpack_seo_html_title":"","jetpack_seo_noindex":false,"jetpack_post_was_ever_published":false,"_jetpack_newsletter_access":"","_jetpack_dont_email_post_to_subs":false,"_jetpack_newsletter_tier_id":0,"_jetpack_memberships_contains_paywalled_content":false,"_jetpack_memberships_contains_paid_content":false,"footnotes":"","jetpack_publicize_message":"","jetpack_publicize_feature_enabled":true,"jetpack_social_post_already_shared":true,"jetpack_social_options":{"image_generator_settings":{"template":"highway","default_image_id":0,"font":"","enabled":false},"version":2}},"categories":[11],"tags":[],"class_list":["post-52202","post","type-post","status-publish","format-standard","has-post-thumbnail","hentry","category-noticias-de-ribeirao-preto-sp-e-regiao-ismael-colosi"],"jetpack_publicize_connections":[],"jetpack_featured_media_url":"https:\/\/i0.wp.com\/ismaelcolosi.com.br\/wp-content\/uploads\/2024\/06\/Copia-de-Copia-de-TAMANHO-EXATO-PARA-FOTOS-NO-SISTEMA-NOVO-9_2024-06-04_20-58-28_jpg_2024-06-04_20-58-29.webp.webp?fit=1200%2C675&ssl=1","uagb_featured_image_src":{"full":["https:\/\/i0.wp.com\/ismaelcolosi.com.br\/wp-content\/uploads\/2024\/06\/Copia-de-Copia-de-TAMANHO-EXATO-PARA-FOTOS-NO-SISTEMA-NOVO-9_2024-06-04_20-58-28_jpg_2024-06-04_20-58-29.webp.webp?fit=1200%2C675&ssl=1",1200,675,false],"thumbnail":["https:\/\/i0.wp.com\/ismaelcolosi.com.br\/wp-content\/uploads\/2024\/06\/Copia-de-Copia-de-TAMANHO-EXATO-PARA-FOTOS-NO-SISTEMA-NOVO-9_2024-06-04_20-58-28_jpg_2024-06-04_20-58-29.webp.webp?resize=150%2C150&ssl=1",150,150,true],"medium":["https:\/\/i0.wp.com\/ismaelcolosi.com.br\/wp-content\/uploads\/2024\/06\/Copia-de-Copia-de-TAMANHO-EXATO-PARA-FOTOS-NO-SISTEMA-NOVO-9_2024-06-04_20-58-28_jpg_2024-06-04_20-58-29.webp.webp?fit=300%2C169&ssl=1",300,169,true],"medium_large":["https:\/\/i0.wp.com\/ismaelcolosi.com.br\/wp-content\/uploads\/2024\/06\/Copia-de-Copia-de-TAMANHO-EXATO-PARA-FOTOS-NO-SISTEMA-NOVO-9_2024-06-04_20-58-28_jpg_2024-06-04_20-58-29.webp.webp?fit=768%2C432&ssl=1",768,432,true],"large":["https:\/\/i0.wp.com\/ismaelcolosi.com.br\/wp-content\/uploads\/2024\/06\/Copia-de-Copia-de-TAMANHO-EXATO-PARA-FOTOS-NO-SISTEMA-NOVO-9_2024-06-04_20-58-28_jpg_2024-06-04_20-58-29.webp.webp?fit=1024%2C576&ssl=1",1024,576,true],"1536x1536":["https:\/\/i0.wp.com\/ismaelcolosi.com.br\/wp-content\/uploads\/2024\/06\/Copia-de-Copia-de-TAMANHO-EXATO-PARA-FOTOS-NO-SISTEMA-NOVO-9_2024-06-04_20-58-28_jpg_2024-06-04_20-58-29.webp.webp?fit=1200%2C675&ssl=1",1200,675,true],"2048x2048":["https:\/\/i0.wp.com\/ismaelcolosi.com.br\/wp-content\/uploads\/2024\/06\/Copia-de-Copia-de-TAMANHO-EXATO-PARA-FOTOS-NO-SISTEMA-NOVO-9_2024-06-04_20-58-28_jpg_2024-06-04_20-58-29.webp.webp?fit=1200%2C675&ssl=1",1200,675,true],"really-simple-thumb":["https:\/\/i0.wp.com\/ismaelcolosi.com.br\/wp-content\/uploads\/2024\/06\/Copia-de-Copia-de-TAMANHO-EXATO-PARA-FOTOS-NO-SISTEMA-NOVO-9_2024-06-04_20-58-28_jpg_2024-06-04_20-58-29.webp.webp?resize=370%2C247&ssl=1",370,247,true]},"uagb_author_info":{"display_name":"ismaelcolosi.com.br","author_link":"https:\/\/ismaelcolosi.com.br\/index.php\/author\/vidareal-online\/"},"uagb_comment_info":0,"uagb_excerpt":"O primeiro \u201cDog Park\u201d instalado em Ribeir\u00e3o Preto, ap\u00f3s a prefeitura publicar um decreto que regulamenta a lei de cria\u00e7\u00e3o dos espa\u00e7os em maio deste...","jetpack-related-posts":[{"id":66591,"url":"https:\/\/ismaelcolosi.com.br\/index.php\/2024\/09\/18\/saiba-quando-sera-a-abertura-do-novo-parque-em-ribeirao-preto\/","url_meta":{"origin":52202,"position":0},"title":"Saiba quando ser\u00e1 a abertura do novo parque em Ribeir\u00e3o Preto","author":"ismaelcolosi.com.br","date":"18 de September de 2024","format":false,"excerpt":"No pr\u00f3ximo s\u00e1bado (21), acontecer\u00e1 a abertura do Parque Primavera Vera L\u00facia de Amorim Biagi. A \u00e1rea ficou conhecida como \u201cPico da Unaerp\u201d, no bairro Ribeir\u00e2nia, na zona Leste da cidade. O Parque Primavera \u00e9 uma contrapartida assinada entre a Administra\u00e7\u00e3o Municipal e os moradores do Alto da Ribeir\u00e2nia que,\u2026","rel":"","context":"In &quot;Not\u00edcias de Ribeir\u00e3o Preto-SP e Regi\u00e3o&quot;","block_context":{"text":"Not\u00edcias de Ribeir\u00e3o Preto-SP e Regi\u00e3o","link":"https:\/\/ismaelcolosi.com.br\/index.php\/category\/noticias-de-ribeirao-preto-sp-e-regiao-ismael-colosi\/"},"img":{"alt_text":"","src":"https:\/\/i0.wp.com\/ismaelcolosi.com.br\/wp-content\/uploads\/2024\/09\/Copia-de-Copia-de-Copia-de-TAMANHO-EXATO-PARA-FOTOS-NO-SISTEMA-NOVO-26_2024-09-18_14-44-22_png_2024-09-18_14-44-22.webp.webp?fit=1200%2C675&ssl=1&resize=350%2C200","width":350,"height":200,"srcset":"https:\/\/i0.wp.com\/ismaelcolosi.com.br\/wp-content\/uploads\/2024\/09\/Copia-de-Copia-de-Copia-de-TAMANHO-EXATO-PARA-FOTOS-NO-SISTEMA-NOVO-26_2024-09-18_14-44-22_png_2024-09-18_14-44-22.webp.webp?fit=1200%2C675&ssl=1&resize=350%2C200 1x, https:\/\/i0.wp.com\/ismaelcolosi.com.br\/wp-content\/uploads\/2024\/09\/Copia-de-Copia-de-Copia-de-TAMANHO-EXATO-PARA-FOTOS-NO-SISTEMA-NOVO-26_2024-09-18_14-44-22_png_2024-09-18_14-44-22.webp.webp?fit=1200%2C675&ssl=1&resize=525%2C300 1.5x, https:\/\/i0.wp.com\/ismaelcolosi.com.br\/wp-content\/uploads\/2024\/09\/Copia-de-Copia-de-Copia-de-TAMANHO-EXATO-PARA-FOTOS-NO-SISTEMA-NOVO-26_2024-09-18_14-44-22_png_2024-09-18_14-44-22.webp.webp?fit=1200%2C675&ssl=1&resize=700%2C400 2x, https:\/\/i0.wp.com\/ismaelcolosi.com.br\/wp-content\/uploads\/2024\/09\/Copia-de-Copia-de-Copia-de-TAMANHO-EXATO-PARA-FOTOS-NO-SISTEMA-NOVO-26_2024-09-18_14-44-22_png_2024-09-18_14-44-22.webp.webp?fit=1200%2C675&ssl=1&resize=1050%2C600 3x"},"classes":[]},{"id":53695,"url":"https:\/\/ismaelcolosi.com.br\/index.php\/2024\/06\/18\/parque-da-zona-sul-recebe-mostra-de-arte-em-comemoracao-ao-aniversario-de-ribeirao-preto\/","url_meta":{"origin":52202,"position":1},"title":"Parque da zona Sul recebe mostra de arte em comemora\u00e7\u00e3o ao anivers\u00e1rio de Ribeir\u00e3o Preto","author":"ismaelcolosi.com.br","date":"18 de June de 2024","format":false,"excerpt":"O Parque das Artes, na zona Sul de Ribeir\u00e3o Preto recebe nesta quarta-feira (19), a Mostra de Arte Pafil, das 9h \u00e0s 13h, com entrada gratuita. O evento acontecer\u00e1 em comemora\u00e7\u00e3o ao anivers\u00e1rio de 168 anos da cidade. A mostra re\u00fane 13 artistas ribeir\u00e3o-pretanos e conta com a presen\u00e7a do\u2026","rel":"","context":"In &quot;Not\u00edcias de Ribeir\u00e3o Preto-SP e Regi\u00e3o&quot;","block_context":{"text":"Not\u00edcias de Ribeir\u00e3o Preto-SP e Regi\u00e3o","link":"https:\/\/ismaelcolosi.com.br\/index.php\/category\/noticias-de-ribeirao-preto-sp-e-regiao-ismael-colosi\/"},"img":{"alt_text":"","src":"https:\/\/i0.wp.com\/ismaelcolosi.com.br\/wp-content\/uploads\/2024\/06\/mostra-pafil-mosaico_2024-06-18_15-35-52_png_2024-06-18_15-35-52.webp.webp?fit=1200%2C675&ssl=1&resize=350%2C200","width":350,"height":200,"srcset":"https:\/\/i0.wp.com\/ismaelcolosi.com.br\/wp-content\/uploads\/2024\/06\/mostra-pafil-mosaico_2024-06-18_15-35-52_png_2024-06-18_15-35-52.webp.webp?fit=1200%2C675&ssl=1&resize=350%2C200 1x, https:\/\/i0.wp.com\/ismaelcolosi.com.br\/wp-content\/uploads\/2024\/06\/mostra-pafil-mosaico_2024-06-18_15-35-52_png_2024-06-18_15-35-52.webp.webp?fit=1200%2C675&ssl=1&resize=525%2C300 1.5x, https:\/\/i0.wp.com\/ismaelcolosi.com.br\/wp-content\/uploads\/2024\/06\/mostra-pafil-mosaico_2024-06-18_15-35-52_png_2024-06-18_15-35-52.webp.webp?fit=1200%2C675&ssl=1&resize=700%2C400 2x, https:\/\/i0.wp.com\/ismaelcolosi.com.br\/wp-content\/uploads\/2024\/06\/mostra-pafil-mosaico_2024-06-18_15-35-52_png_2024-06-18_15-35-52.webp.webp?fit=1200%2C675&ssl=1&resize=1050%2C600 3x"},"classes":[]},{"id":68184,"url":"https:\/\/ismaelcolosi.com.br\/index.php\/2024\/09\/27\/confira-os-horarios-de-funcionamento-dos-parques-de-ribeirao-preto\/","url_meta":{"origin":52202,"position":2},"title":"Confira os hor\u00e1rios de funcionamento dos parques de Ribeir\u00e3o Preto","author":"ismaelcolosi.com.br","date":"27 de September de 2024","format":false,"excerpt":"Ribeir\u00e3o Preto\u00a0tem seis parques\u00a0para quem prefere curtir ou fazer alguma atividade ao ar livre, pela cidade. Confira mais detalhes sobre os parques do munic\u00edpio O Parque Raya fica na zona Sul de Ribeir\u00e3o Preto (Foto de arquivo: Marcelo Fontes \/ acidade on) Parque Luis Carlos Raya O parque fica localizado\u2026","rel":"","context":"In &quot;Not\u00edcias de Ribeir\u00e3o Preto-SP e Regi\u00e3o&quot;","block_context":{"text":"Not\u00edcias de Ribeir\u00e3o Preto-SP e Regi\u00e3o","link":"https:\/\/ismaelcolosi.com.br\/index.php\/category\/noticias-de-ribeirao-preto-sp-e-regiao-ismael-colosi\/"},"img":{"alt_text":"","src":"https:\/\/i0.wp.com\/ismaelcolosi.com.br\/wp-content\/uploads\/2024\/09\/Copia-de-Copia-de-Copia-de-TAMANHO-EXATO-PARA-FOTOS-NO-SISTEMA-NOVO-49_2024-09-27_19-16-30_png_2024-09-27_19-16-30.webp.webp?fit=1200%2C675&ssl=1&resize=350%2C200","width":350,"height":200,"srcset":"https:\/\/i0.wp.com\/ismaelcolosi.com.br\/wp-content\/uploads\/2024\/09\/Copia-de-Copia-de-Copia-de-TAMANHO-EXATO-PARA-FOTOS-NO-SISTEMA-NOVO-49_2024-09-27_19-16-30_png_2024-09-27_19-16-30.webp.webp?fit=1200%2C675&ssl=1&resize=350%2C200 1x, https:\/\/i0.wp.com\/ismaelcolosi.com.br\/wp-content\/uploads\/2024\/09\/Copia-de-Copia-de-Copia-de-TAMANHO-EXATO-PARA-FOTOS-NO-SISTEMA-NOVO-49_2024-09-27_19-16-30_png_2024-09-27_19-16-30.webp.webp?fit=1200%2C675&ssl=1&resize=525%2C300 1.5x, https:\/\/i0.wp.com\/ismaelcolosi.com.br\/wp-content\/uploads\/2024\/09\/Copia-de-Copia-de-Copia-de-TAMANHO-EXATO-PARA-FOTOS-NO-SISTEMA-NOVO-49_2024-09-27_19-16-30_png_2024-09-27_19-16-30.webp.webp?fit=1200%2C675&ssl=1&resize=700%2C400 2x, https:\/\/i0.wp.com\/ismaelcolosi.com.br\/wp-content\/uploads\/2024\/09\/Copia-de-Copia-de-Copia-de-TAMANHO-EXATO-PARA-FOTOS-NO-SISTEMA-NOVO-49_2024-09-27_19-16-30_png_2024-09-27_19-16-30.webp.webp?fit=1200%2C675&ssl=1&resize=1050%2C600 3x"},"classes":[]},{"id":68193,"url":"https:\/\/ismaelcolosi.com.br\/index.php\/2024\/09\/27\/confira-os-horarios-de-funcionamento-dos-parques-de-ribeirao-preto-2\/","url_meta":{"origin":52202,"position":3},"title":"Confira os hor\u00e1rios de funcionamento dos parques de Ribeir\u00e3o Preto","author":"ismaelcolosi.com.br","date":"27 de September de 2024","format":false,"excerpt":"Ribeir\u00e3o Preto\u00a0tem seis parques\u00a0para quem prefere curtir ou fazer alguma atividade ao ar livre, pela cidade. Confira mais detalhes sobre os parques do munic\u00edpio O Parque Raya fica na zona Sul de Ribeir\u00e3o Preto (Foto de arquivo: Marcelo Fontes \/ acidade on) Parque Luis Carlos Raya O parque fica localizado\u2026","rel":"","context":"In &quot;Not\u00edcias de Ribeir\u00e3o Preto-SP e Regi\u00e3o&quot;","block_context":{"text":"Not\u00edcias de Ribeir\u00e3o Preto-SP e Regi\u00e3o","link":"https:\/\/ismaelcolosi.com.br\/index.php\/category\/noticias-de-ribeirao-preto-sp-e-regiao-ismael-colosi\/"},"img":{"alt_text":"","src":"https:\/\/i0.wp.com\/ismaelcolosi.com.br\/wp-content\/uploads\/2024\/09\/Copia-de-Copia-de-Copia-de-TAMANHO-EXATO-PARA-FOTOS-NO-SISTEMA-NOVO-49_2024-09-27_19-16-30_png_2024-09-27_19-16-30.webp.webp?fit=1200%2C675&ssl=1&resize=350%2C200","width":350,"height":200,"srcset":"https:\/\/i0.wp.com\/ismaelcolosi.com.br\/wp-content\/uploads\/2024\/09\/Copia-de-Copia-de-Copia-de-TAMANHO-EXATO-PARA-FOTOS-NO-SISTEMA-NOVO-49_2024-09-27_19-16-30_png_2024-09-27_19-16-30.webp.webp?fit=1200%2C675&ssl=1&resize=350%2C200 1x, https:\/\/i0.wp.com\/ismaelcolosi.com.br\/wp-content\/uploads\/2024\/09\/Copia-de-Copia-de-Copia-de-TAMANHO-EXATO-PARA-FOTOS-NO-SISTEMA-NOVO-49_2024-09-27_19-16-30_png_2024-09-27_19-16-30.webp.webp?fit=1200%2C675&ssl=1&resize=525%2C300 1.5x, https:\/\/i0.wp.com\/ismaelcolosi.com.br\/wp-content\/uploads\/2024\/09\/Copia-de-Copia-de-Copia-de-TAMANHO-EXATO-PARA-FOTOS-NO-SISTEMA-NOVO-49_2024-09-27_19-16-30_png_2024-09-27_19-16-30.webp.webp?fit=1200%2C675&ssl=1&resize=700%2C400 2x, https:\/\/i0.wp.com\/ismaelcolosi.com.br\/wp-content\/uploads\/2024\/09\/Copia-de-Copia-de-Copia-de-TAMANHO-EXATO-PARA-FOTOS-NO-SISTEMA-NOVO-49_2024-09-27_19-16-30_png_2024-09-27_19-16-30.webp.webp?fit=1200%2C675&ssl=1&resize=1050%2C600 3x"},"classes":[]},{"id":64756,"url":"https:\/\/ismaelcolosi.com.br\/index.php\/2024\/09\/09\/bairros-de-ribeirao-preto-estao-em-alerta-para-falta-dagua-veja-onde\/","url_meta":{"origin":52202,"position":4},"title":"Bairros de Ribeir\u00e3o Preto est\u00e3o em alerta para falta d\u2019\u00e1gua; Veja onde","author":"ismaelcolosi.com.br","date":"9 de September de 2024","format":false,"excerpt":"A Saerp (Secretaria de \u00c1gua e Esgoto de Ribeir\u00e3o Preto) informou nesta segunda-feira (9), que bairros das zonas Oeste e Sul de Ribeir\u00e3o Preto est\u00e3o em alerta para falta d\u2019\u00e1gua. De acordo com a secretaria, na regi\u00e3o Oeste de Ribeir\u00e3o Preto h\u00e1 uma adutora rompida, j\u00e1 na regi\u00e3o Sul, uma\u2026","rel":"","context":"In &quot;Not\u00edcias de Ribeir\u00e3o Preto-SP e Regi\u00e3o&quot;","block_context":{"text":"Not\u00edcias de Ribeir\u00e3o Preto-SP e Regi\u00e3o","link":"https:\/\/ismaelcolosi.com.br\/index.php\/category\/noticias-de-ribeirao-preto-sp-e-regiao-ismael-colosi\/"},"img":{"alt_text":"","src":"https:\/\/i0.wp.com\/ismaelcolosi.com.br\/wp-content\/uploads\/2024\/08\/Copia-de-Copia-de-Copia-de-TAMANHO-EXATO-PARA-FOTOS-NO-SISTEMA-NOVO-10_2024-08-19_12-12-48_jpg_2024-08-19_12-12-48.webp.webp?fit=1200%2C675&ssl=1&resize=350%2C200","width":350,"height":200,"srcset":"https:\/\/i0.wp.com\/ismaelcolosi.com.br\/wp-content\/uploads\/2024\/08\/Copia-de-Copia-de-Copia-de-TAMANHO-EXATO-PARA-FOTOS-NO-SISTEMA-NOVO-10_2024-08-19_12-12-48_jpg_2024-08-19_12-12-48.webp.webp?fit=1200%2C675&ssl=1&resize=350%2C200 1x, https:\/\/i0.wp.com\/ismaelcolosi.com.br\/wp-content\/uploads\/2024\/08\/Copia-de-Copia-de-Copia-de-TAMANHO-EXATO-PARA-FOTOS-NO-SISTEMA-NOVO-10_2024-08-19_12-12-48_jpg_2024-08-19_12-12-48.webp.webp?fit=1200%2C675&ssl=1&resize=525%2C300 1.5x, https:\/\/i0.wp.com\/ismaelcolosi.com.br\/wp-content\/uploads\/2024\/08\/Copia-de-Copia-de-Copia-de-TAMANHO-EXATO-PARA-FOTOS-NO-SISTEMA-NOVO-10_2024-08-19_12-12-48_jpg_2024-08-19_12-12-48.webp.webp?fit=1200%2C675&ssl=1&resize=700%2C400 2x, https:\/\/i0.wp.com\/ismaelcolosi.com.br\/wp-content\/uploads\/2024\/08\/Copia-de-Copia-de-Copia-de-TAMANHO-EXATO-PARA-FOTOS-NO-SISTEMA-NOVO-10_2024-08-19_12-12-48_jpg_2024-08-19_12-12-48.webp.webp?fit=1200%2C675&ssl=1&resize=1050%2C600 3x"},"classes":[]},{"id":45758,"url":"https:\/\/ismaelcolosi.com.br\/index.php\/2024\/04\/06\/moradores-esperam-reabertura-de-dois-parques-na-zona-sul-de-ribeirao-preto\/","url_meta":{"origin":52202,"position":5},"title":"Moradores esperam reabertura de dois parques na zona Sul de Ribeir\u00e3o Preto","author":"ismaelcolosi.com.br","date":"6 de April de 2024","format":false,"excerpt":"Moradores de Ribeir\u00e3o Preto esperam a reabertura de dois parques localizados na zona Sul da cidade, que poderiam servir de lazer para a comunidade, mas permanecem fechados h\u00e1 anos. O Parque Roberto de Mello Genaro, no Jardim Sumar\u00e9, est\u00e1 fechado h\u00e1 11 anos, ap\u00f3s grandes pedras se soltarem da encosta\u2026","rel":"","context":"In &quot;Not\u00edcias de Ribeir\u00e3o Preto-SP e Regi\u00e3o&quot;","block_context":{"text":"Not\u00edcias de Ribeir\u00e3o Preto-SP e Regi\u00e3o","link":"https:\/\/ismaelcolosi.com.br\/index.php\/category\/noticias-de-ribeirao-preto-sp-e-regiao-ismael-colosi\/"},"img":{"alt_text":"","src":"https:\/\/i0.wp.com\/ismaelcolosi.com.br\/wp-content\/uploads\/2024\/04\/1712444839_olhos_dagua_1200x675_21062022102216.jpg?fit=1200%2C675&ssl=1&resize=350%2C200","width":350,"height":200,"srcset":"https:\/\/i0.wp.com\/ismaelcolosi.com.br\/wp-content\/uploads\/2024\/04\/1712444839_olhos_dagua_1200x675_21062022102216.jpg?fit=1200%2C675&ssl=1&resize=350%2C200 1x, https:\/\/i0.wp.com\/ismaelcolosi.com.br\/wp-content\/uploads\/2024\/04\/1712444839_olhos_dagua_1200x675_21062022102216.jpg?fit=1200%2C675&ssl=1&resize=525%2C300 1.5x, https:\/\/i0.wp.com\/ismaelcolosi.com.br\/wp-content\/uploads\/2024\/04\/1712444839_olhos_dagua_1200x675_21062022102216.jpg?fit=1200%2C675&ssl=1&resize=700%2C400 2x, https:\/\/i0.wp.com\/ismaelcolosi.com.br\/wp-content\/uploads\/2024\/04\/1712444839_olhos_dagua_1200x675_21062022102216.jpg?fit=1200%2C675&ssl=1&resize=1050%2C600 3x"},"classes":[]}],"jetpack_sharing_enabled":true,"jetpack_shortlink":"https:\/\/wp.me\/pfMlyK-dzY","_links":{"self":[{"href":"https:\/\/ismaelcolosi.com.br\/index.php\/wp-json\/wp\/v2\/posts\/52202","targetHints":{"allow":["GET"]}}],"collection":[{"href":"https:\/\/ismaelcolosi.com.br\/index.php\/wp-json\/wp\/v2\/posts"}],"about":[{"href":"https:\/\/ismaelcolosi.com.br\/index.php\/wp-json\/wp\/v2\/types\/post"}],"author":[{"embeddable":true,"href":"https:\/\/ismaelcolosi.com.br\/index.php\/wp-json\/wp\/v2\/users\/1"}],"replies":[{"embeddable":true,"href":"https:\/\/ismaelcolosi.com.br\/index.php\/wp-json\/wp\/v2\/comments?post=52202"}],"version-history":[{"count":0,"href":"https:\/\/ismaelcolosi.com.br\/index.php\/wp-json\/wp\/v2\/posts\/52202\/revisions"}],"wp:featuredmedia":[{"embeddable":true,"href":"https:\/\/ismaelcolosi.com.br\/index.php\/wp-json\/wp\/v2\/media\/52203"}],"wp:attachment":[{"href":"https:\/\/ismaelcolosi.com.br\/index.php\/wp-json\/wp\/v2\/media?parent=52202"}],"wp:term":[{"taxonomy":"category","embeddable":true,"href":"https:\/\/ismaelcolosi.com.br\/index.php\/wp-json\/wp\/v2\/categories?post=52202"},{"taxonomy":"post_tag","embeddable":true,"href":"https:\/\/ismaelcolosi.com.br\/index.php\/wp-json\/wp\/v2\/tags?post=52202"}],"curies":[{"name":"wp","href":"https:\/\/api.w.org\/{rel}","templated":true}]}}