{"id":52196,"date":"2024-06-04T17:19:32","date_gmt":"2024-06-04T20:19:32","guid":{"rendered":"https:\/\/ismaelcolosi.com.br\/index.php\/2024\/06\/04\/prefeitura-no-interior-de-sp-tem-concurso-com-100-vagas-para-guarda-civil-municipal\/"},"modified":"2024-06-04T17:19:32","modified_gmt":"2024-06-04T20:19:32","slug":"prefeitura-no-interior-de-sp-tem-concurso-com-100-vagas-para-guarda-civil-municipal","status":"publish","type":"post","link":"https:\/\/ismaelcolosi.com.br\/index.php\/2024\/06\/04\/prefeitura-no-interior-de-sp-tem-concurso-com-100-vagas-para-guarda-civil-municipal\/","title":{"rendered":"Prefeitura no interior de SP tem concurso com 100 vagas para Guarda Civil Municipal"},"content":{"rendered":"<p> <br \/>\n<\/p>\n<div data-td-block-uid=\"tdi_101\">\n<div class=\"tdb-block-inner td-fix-index\">\n<p>A <strong>Prefeitura de S\u00e3o Jos\u00e9 do Rio Preto<\/strong>, no <strong>interior de S\u00e3o Paulo<\/strong>, publicou o edital de concurso p\u00fablico com 100 vagas para o cargo de <strong>Guarda Civil Municipal<\/strong>.<\/p>\n<p>O sal\u00e1rio para fun\u00e7\u00e3o \u00e9 de <strong>R$ 2.897,33<\/strong> para escala 12\u00d736 ou 40 horas semanais. Al\u00e9m disso, a Administra\u00e7\u00e3o tamb\u00e9m oferece <strong>alguns benef\u00edcios<\/strong>, como:<\/p>\n<ul>\n<li>Aux\u00edlio Sa\u00fade de at\u00e9 R$ 510,59;<\/li>\n<\/ul>\n<ul>\n<li>Aux\u00edlio Alimenta\u00e7\u00e3o de at\u00e9 R$ 650,47;<\/li>\n<\/ul>\n<ul>\n<li>Gratifica\u00e7\u00e3o Atividade de Risco de R$ 579,47 \u2013 que n\u00e3o integram o sal\u00e1rio para nenhum efeito;<\/li>\n<\/ul>\n<ul>\n<li>Adicional Regime Especial de Trabalho de R$ 579,47.<\/li>\n<\/ul>\n<h2 class=\"wp-block-heading\"><strong>Como se inscrever?<\/strong><\/h2>\n<p>As inscri\u00e7\u00f5es devem ser realizadas no per\u00edodo entre <strong>12 de junho<\/strong> e <strong>11 de julho de 2024<\/strong> pelo site da <strong>Funda\u00e7\u00e3o Vunesp<\/strong> (<a href=\"https:\/\/www.vunesp.com.br\/PMRP2304\" target=\"_blank\" rel=\"noreferrer noopener\">clique aqui<\/a>). <strong><mark style=\"background-color:#fcb900\" class=\"has-inline-color\">O valor da taxa de inscri\u00e7\u00e3o \u00e9 de R$ 69,30.<\/mark><\/strong><\/p>\n<p>A prova objetiva tem previs\u00e3o de ser aplicada no dia <strong>15 de setembro<\/strong>. O edital completo pode ser conferido <a href=\"https:\/\/www.vunesp.com.br\/PMRP2304\" target=\"_blank\" rel=\"noreferrer noopener\">clicando aqui<\/a>.<\/p>\n<h3 class=\"wp-block-heading\"><strong>Exig\u00eancias<\/strong><\/h3>\n<p>Para se inscrever \u00e9 necess\u00e1rio que o candidato tenha <strong>altura m\u00ednima<\/strong> de <strong>1,65 metros para candidatos do sexo masculino<\/strong> e <strong>1,58 metros para candidatos do sexo feminino<\/strong>, ambos descal\u00e7os e descobertos.<\/p>\n<p>Al\u00e9m disso, os interessados precisam ter ensino m\u00e9dio completo e <strong>Carteira Nacional de Habilita\u00e7\u00e3o (CNH)<\/strong> nas categorias <strong>A <\/strong>e <strong>B<\/strong>.<\/p>\n<hr class=\"wp-block-separator has-alpha-channel-opacity\"\/>\n<p>SAIBA MAIS<\/p>\n<p>TJ-SP abre inscri\u00e7\u00f5es para concurso p\u00fablico com 272 vagas no interior de S\u00e3o Paulo<\/p>\n<h4 class=\"wp-block-heading\"><strong>FIQUE ON<\/strong><\/h4>\n<p>Fique ligado em tudo que acontece em Ribeir\u00e3o Preto e regi\u00e3o. Siga os perfis do\u00a0<strong>acidade on\u00a0<\/strong>no\u00a0<a href=\"https:\/\/www.instagram.com\/acidadeonribeirao\" target=\"_blank\" rel=\"noreferrer noopener\">Instagram<\/a>\u00a0e no\u00a0<a href=\"https:\/\/www.facebook.com\/acidadeonribeirao\" target=\"_blank\" rel=\"noreferrer noopener\">Facebook<\/a>.<\/p>\n<p>Receba not\u00edcias do acidade on no WhatsApp. Para entrar no grupo, basta\u00a0<a href=\"https:\/\/chat.whatsapp.com\/CdrZ6xrf7quD44Vw3WlPuZ\" target=\"_blank\" rel=\"noreferrer noopener\">clicar aqui<\/a>.<\/p>\n<p>Fa\u00e7a uma den\u00fancia ou sugira uma reportagem sobre Ribeir\u00e3o Preto e regi\u00e3o pelo WhatsApp: 16 99117 7802.<\/p>\n<p>VEJA TAMB\u00c9M<\/p>\n<p>Sandra Annenberg revela ter sofrido boicote na carreira<\/p>\n<p><!-- AI CONTENT END 1 -->\n<\/div>\n<\/div>\n<p><script async src=\"\/\/www.instagram.com\/embed.js\"><\/script><br \/>\n<br \/><br \/>\n<br \/><a href=\"https:\/\/www.acidadeon.com\/ribeiraopreto\/economia\/prefeitura-no-interior-de-sp-tem-concurso-com-100-vagas-para-guarda-civil-municipal\/\">Source link <\/a><\/p>\n<div class='code-block code-block-4' style='margin: 8px auto 8px 0; text-align: left; display: block; clear: both;'>\n\ud83d\udce2 Aviso Legal\n\nO site ismaelcolosi.com.br atua apenas como um canal de divulga\u00e7\u00e3o de oportunidades de emprego e n\u00e3o se responsabiliza pelo processo seletivo, contrata\u00e7\u00e3o ou qualquer outra etapa relacionada \u00e0s vagas publicadas. Todas as informa\u00e7\u00f5es s\u00e3o de responsabilidade dos anunciantes.\n\n\u26a0\ufe0f Aten\u00e7\u00e3o! Nunca pague por promessas de emprego nem compre cursos que garantam contrata\u00e7\u00e3o. Desconfie de qualquer cobran\u00e7a para participar de sele\u00e7\u00f5es.\n\n\n\n<\/div>\n<!-- CONTENT END 1 -->\n","protected":false},"excerpt":{"rendered":"<p>A Prefeitura de S\u00e3o Jos\u00e9 do Rio Preto, no interior de S\u00e3o Paulo, publicou o edital de concurso p\u00fablico com 100 vagas para o cargo&#8230;<\/p>\n","protected":false},"author":1,"featured_media":52197,"comment_status":"open","ping_status":"open","sticky":false,"template":"","format":"standard","meta":{"_uag_custom_page_level_css":"","advanced_seo_description":"","jetpack_seo_html_title":"","jetpack_seo_noindex":false,"jetpack_post_was_ever_published":false,"_jetpack_newsletter_access":"","_jetpack_dont_email_post_to_subs":false,"_jetpack_newsletter_tier_id":0,"_jetpack_memberships_contains_paywalled_content":false,"_jetpack_memberships_contains_paid_content":false,"footnotes":"","jetpack_publicize_message":"","jetpack_publicize_feature_enabled":true,"jetpack_social_post_already_shared":true,"jetpack_social_options":{"image_generator_settings":{"template":"highway","default_image_id":0,"font":"","enabled":false},"version":2}},"categories":[11],"tags":[],"class_list":["post-52196","post","type-post","status-publish","format-standard","has-post-thumbnail","hentry","category-noticias-de-ribeirao-preto-sp-e-regiao-ismael-colosi"],"jetpack_publicize_connections":[],"jetpack_featured_media_url":"https:\/\/i0.wp.com\/ismaelcolosi.com.br\/wp-content\/uploads\/2024\/06\/Furto_de_Energia_Philadelpho_GCM_eb5eb2c70b_2024-06-04_19-36-33_png_2024-06-04_19-36-33.webp.webp?fit=1280%2C720&ssl=1","uagb_featured_image_src":{"full":["https:\/\/i0.wp.com\/ismaelcolosi.com.br\/wp-content\/uploads\/2024\/06\/Furto_de_Energia_Philadelpho_GCM_eb5eb2c70b_2024-06-04_19-36-33_png_2024-06-04_19-36-33.webp.webp?fit=1280%2C720&ssl=1",1280,720,false],"thumbnail":["https:\/\/i0.wp.com\/ismaelcolosi.com.br\/wp-content\/uploads\/2024\/06\/Furto_de_Energia_Philadelpho_GCM_eb5eb2c70b_2024-06-04_19-36-33_png_2024-06-04_19-36-33.webp.webp?resize=150%2C150&ssl=1",150,150,true],"medium":["https:\/\/i0.wp.com\/ismaelcolosi.com.br\/wp-content\/uploads\/2024\/06\/Furto_de_Energia_Philadelpho_GCM_eb5eb2c70b_2024-06-04_19-36-33_png_2024-06-04_19-36-33.webp.webp?fit=300%2C169&ssl=1",300,169,true],"medium_large":["https:\/\/i0.wp.com\/ismaelcolosi.com.br\/wp-content\/uploads\/2024\/06\/Furto_de_Energia_Philadelpho_GCM_eb5eb2c70b_2024-06-04_19-36-33_png_2024-06-04_19-36-33.webp.webp?fit=768%2C432&ssl=1",768,432,true],"large":["https:\/\/i0.wp.com\/ismaelcolosi.com.br\/wp-content\/uploads\/2024\/06\/Furto_de_Energia_Philadelpho_GCM_eb5eb2c70b_2024-06-04_19-36-33_png_2024-06-04_19-36-33.webp.webp?fit=1024%2C576&ssl=1",1024,576,true],"1536x1536":["https:\/\/i0.wp.com\/ismaelcolosi.com.br\/wp-content\/uploads\/2024\/06\/Furto_de_Energia_Philadelpho_GCM_eb5eb2c70b_2024-06-04_19-36-33_png_2024-06-04_19-36-33.webp.webp?fit=1280%2C720&ssl=1",1280,720,true],"2048x2048":["https:\/\/i0.wp.com\/ismaelcolosi.com.br\/wp-content\/uploads\/2024\/06\/Furto_de_Energia_Philadelpho_GCM_eb5eb2c70b_2024-06-04_19-36-33_png_2024-06-04_19-36-33.webp.webp?fit=1280%2C720&ssl=1",1280,720,true],"really-simple-thumb":["https:\/\/i0.wp.com\/ismaelcolosi.com.br\/wp-content\/uploads\/2024\/06\/Furto_de_Energia_Philadelpho_GCM_eb5eb2c70b_2024-06-04_19-36-33_png_2024-06-04_19-36-33.webp.webp?resize=370%2C247&ssl=1",370,247,true]},"uagb_author_info":{"display_name":"ismaelcolosi.com.br","author_link":"https:\/\/ismaelcolosi.com.br\/index.php\/author\/vidareal-online\/"},"uagb_comment_info":0,"uagb_excerpt":"A Prefeitura de S\u00e3o Jos\u00e9 do Rio Preto, no interior de S\u00e3o Paulo, publicou o edital de concurso p\u00fablico com 100 vagas para o cargo...","jetpack-related-posts":[{"id":47925,"url":"https:\/\/ismaelcolosi.com.br\/index.php\/2024\/04\/29\/inscricoes-abertas-para-concurso-publico-no-interior-de-sp-com-103-vagas\/","url_meta":{"origin":52196,"position":0},"title":"Inscri\u00e7\u00f5es abertas para concurso p\u00fablico no interior de SP com 103 vagas","author":"ismaelcolosi.com.br","date":"29 de April de 2024","format":false,"excerpt":"As inscri\u00e7\u00f5es para o concurso p\u00fablico da Prefeitura de Monte Alto, no interior de S\u00e3o Paulo, com 103 vagas, foram abertas \u00e0s 10h desta segunda-feira (29). Os interessados devem se inscrever pelo site da Vunesp, at\u00e9 \u00e0s 23h59 do dia 4 de junho. O valor da taxa de inscri\u00e7\u00e3o varia\u2026","rel":"","context":"In &quot;Not\u00edcias de Ribeir\u00e3o Preto-SP e Regi\u00e3o&quot;","block_context":{"text":"Not\u00edcias de Ribeir\u00e3o Preto-SP e Regi\u00e3o","link":"https:\/\/ismaelcolosi.com.br\/index.php\/category\/noticias-de-ribeirao-preto-sp-e-regiao-ismael-colosi\/"},"img":{"alt_text":"","src":"https:\/\/i0.wp.com\/ismaelcolosi.com.br\/wp-content\/uploads\/2024\/04\/Copia-de-Copia-de-TAMANHO-EXATO-PARA-FOTOS-NO-SISTEMA-NOVO-17-2_2024-04-29_17-36-39_jpg.webp.webp?fit=1200%2C675&ssl=1&resize=350%2C200","width":350,"height":200,"srcset":"https:\/\/i0.wp.com\/ismaelcolosi.com.br\/wp-content\/uploads\/2024\/04\/Copia-de-Copia-de-TAMANHO-EXATO-PARA-FOTOS-NO-SISTEMA-NOVO-17-2_2024-04-29_17-36-39_jpg.webp.webp?fit=1200%2C675&ssl=1&resize=350%2C200 1x, https:\/\/i0.wp.com\/ismaelcolosi.com.br\/wp-content\/uploads\/2024\/04\/Copia-de-Copia-de-TAMANHO-EXATO-PARA-FOTOS-NO-SISTEMA-NOVO-17-2_2024-04-29_17-36-39_jpg.webp.webp?fit=1200%2C675&ssl=1&resize=525%2C300 1.5x, https:\/\/i0.wp.com\/ismaelcolosi.com.br\/wp-content\/uploads\/2024\/04\/Copia-de-Copia-de-TAMANHO-EXATO-PARA-FOTOS-NO-SISTEMA-NOVO-17-2_2024-04-29_17-36-39_jpg.webp.webp?fit=1200%2C675&ssl=1&resize=700%2C400 2x, https:\/\/i0.wp.com\/ismaelcolosi.com.br\/wp-content\/uploads\/2024\/04\/Copia-de-Copia-de-TAMANHO-EXATO-PARA-FOTOS-NO-SISTEMA-NOVO-17-2_2024-04-29_17-36-39_jpg.webp.webp?fit=1200%2C675&ssl=1&resize=1050%2C600 3x"},"classes":[]},{"id":51749,"url":"https:\/\/ismaelcolosi.com.br\/index.php\/2024\/05\/30\/ultimos-dias-para-inscricoes-de-concurso-publico-com-103-vagas-no-interior-de-sp\/","url_meta":{"origin":52196,"position":1},"title":"\u00daltimos dias para inscri\u00e7\u00f5es de concurso p\u00fablico com 103 vagas no interior de SP","author":"ismaelcolosi.com.br","date":"30 de May de 2024","format":false,"excerpt":"As inscri\u00e7\u00f5es para o concurso p\u00fablico da Prefeitura de Monte Alto, no interior de S\u00e3o Paulo, com 103 vagas, v\u00e3o at\u00e9 \u00e0s 23h59 do dia 4 de junho. Os interessados devem se inscrever pelo site da Funda\u00e7\u00e3o Vunesp (clique aqui). O valor da taxa de inscri\u00e7\u00e3o varia entre R$ 54,90\u2026","rel":"","context":"In &quot;Not\u00edcias de Ribeir\u00e3o Preto-SP e Regi\u00e3o&quot;","block_context":{"text":"Not\u00edcias de Ribeir\u00e3o Preto-SP e Regi\u00e3o","link":"https:\/\/ismaelcolosi.com.br\/index.php\/category\/noticias-de-ribeirao-preto-sp-e-regiao-ismael-colosi\/"},"img":{"alt_text":"","src":"https:\/\/i0.wp.com\/ismaelcolosi.com.br\/wp-content\/uploads\/2024\/05\/1717101207_acidadeon_logos_Prancheta-1-copia-12_edited.jpg?fit=1199%2C1200&ssl=1&resize=350%2C200","width":350,"height":200,"srcset":"https:\/\/i0.wp.com\/ismaelcolosi.com.br\/wp-content\/uploads\/2024\/05\/1717101207_acidadeon_logos_Prancheta-1-copia-12_edited.jpg?fit=1199%2C1200&ssl=1&resize=350%2C200 1x, https:\/\/i0.wp.com\/ismaelcolosi.com.br\/wp-content\/uploads\/2024\/05\/1717101207_acidadeon_logos_Prancheta-1-copia-12_edited.jpg?fit=1199%2C1200&ssl=1&resize=525%2C300 1.5x, https:\/\/i0.wp.com\/ismaelcolosi.com.br\/wp-content\/uploads\/2024\/05\/1717101207_acidadeon_logos_Prancheta-1-copia-12_edited.jpg?fit=1199%2C1200&ssl=1&resize=700%2C400 2x, https:\/\/i0.wp.com\/ismaelcolosi.com.br\/wp-content\/uploads\/2024\/05\/1717101207_acidadeon_logos_Prancheta-1-copia-12_edited.jpg?fit=1199%2C1200&ssl=1&resize=1050%2C600 3x"},"classes":[]},{"id":51862,"url":"https:\/\/ismaelcolosi.com.br\/index.php\/2024\/05\/31\/prefeitura-no-interior-de-sp-tem-concurso-com-20-vagas-e-salarios-de-ate-r-10-mil\/","url_meta":{"origin":52196,"position":2},"title":"Prefeitura no interior de SP tem concurso com 20 vagas e sal\u00e1rios de at\u00e9 R$ 10 mil","author":"ismaelcolosi.com.br","date":"31 de May de 2024","format":false,"excerpt":"A Prefeitura de Catanduva, cidade no interior de S\u00e3o Paulo, publicou o edital de concurso p\u00fablico com 20 vagas. As vagas s\u00e3o de n\u00edvel m\u00e9dio e superior e os sal\u00e1rios que variam entre R$ 2,5 mil e R$ 10 mil. As inscri\u00e7\u00f5es devem ser realizadas no site da Funda\u00e7\u00e3o Vunesp\u2026","rel":"","context":"In &quot;Not\u00edcias de Ribeir\u00e3o Preto-SP e Regi\u00e3o&quot;","block_context":{"text":"Not\u00edcias de Ribeir\u00e3o Preto-SP e Regi\u00e3o","link":"https:\/\/ismaelcolosi.com.br\/index.php\/category\/noticias-de-ribeirao-preto-sp-e-regiao-ismael-colosi\/"},"img":{"alt_text":"","src":"https:\/\/i0.wp.com\/ismaelcolosi.com.br\/wp-content\/uploads\/2024\/04\/Copia-de-Copia-de-TAMANHO-EXATO-PARA-FOTOS-NO-SISTEMA-NOVO-17-2_2024-04-29_17-36-39_jpg.webp.webp?fit=1200%2C675&ssl=1&resize=350%2C200","width":350,"height":200,"srcset":"https:\/\/i0.wp.com\/ismaelcolosi.com.br\/wp-content\/uploads\/2024\/04\/Copia-de-Copia-de-TAMANHO-EXATO-PARA-FOTOS-NO-SISTEMA-NOVO-17-2_2024-04-29_17-36-39_jpg.webp.webp?fit=1200%2C675&ssl=1&resize=350%2C200 1x, https:\/\/i0.wp.com\/ismaelcolosi.com.br\/wp-content\/uploads\/2024\/04\/Copia-de-Copia-de-TAMANHO-EXATO-PARA-FOTOS-NO-SISTEMA-NOVO-17-2_2024-04-29_17-36-39_jpg.webp.webp?fit=1200%2C675&ssl=1&resize=525%2C300 1.5x, https:\/\/i0.wp.com\/ismaelcolosi.com.br\/wp-content\/uploads\/2024\/04\/Copia-de-Copia-de-TAMANHO-EXATO-PARA-FOTOS-NO-SISTEMA-NOVO-17-2_2024-04-29_17-36-39_jpg.webp.webp?fit=1200%2C675&ssl=1&resize=700%2C400 2x, https:\/\/i0.wp.com\/ismaelcolosi.com.br\/wp-content\/uploads\/2024\/04\/Copia-de-Copia-de-TAMANHO-EXATO-PARA-FOTOS-NO-SISTEMA-NOVO-17-2_2024-04-29_17-36-39_jpg.webp.webp?fit=1200%2C675&ssl=1&resize=1050%2C600 3x"},"classes":[]},{"id":47788,"url":"https:\/\/ismaelcolosi.com.br\/index.php\/2024\/04\/28\/veja-quando-comecam-as-inscricoes-para-concurso-com-salarios-de-r-10-mil-no-interior-de-sp\/","url_meta":{"origin":52196,"position":3},"title":"Veja quando come\u00e7am as inscri\u00e7\u00f5es para concurso com sal\u00e1rios de R$ 10 mil no interior de SP","author":"ismaelcolosi.com.br","date":"28 de April de 2024","format":false,"excerpt":"As inscri\u00e7\u00f5es para o concurso da Prefeitura de Monte Alto, no interior de S\u00e3o Paulo, come\u00e7am nesta segunda-feira (29). S\u00e3o dois editais com 103 vagas e sal\u00e1rios de at\u00e9 R$ 10 mil. Al\u00e9m do sal\u00e1rio, a Prefeitura oferecer\u00e1 o benef\u00edcio de aux\u00edlio alimenta\u00e7\u00e3o no valor de R$ 1.000,00 (a informa\u00e7\u00e3o\u2026","rel":"","context":"In &quot;Not\u00edcias de Ribeir\u00e3o Preto-SP e Regi\u00e3o&quot;","block_context":{"text":"Not\u00edcias de Ribeir\u00e3o Preto-SP e Regi\u00e3o","link":"https:\/\/ismaelcolosi.com.br\/index.php\/category\/noticias-de-ribeirao-preto-sp-e-regiao-ismael-colosi\/"},"img":{"alt_text":"","src":"https:\/\/i0.wp.com\/ismaelcolosi.com.br\/wp-content\/uploads\/2024\/04\/concurso-publico-15.jpg?fit=1200%2C800&ssl=1&resize=350%2C200","width":350,"height":200,"srcset":"https:\/\/i0.wp.com\/ismaelcolosi.com.br\/wp-content\/uploads\/2024\/04\/concurso-publico-15.jpg?fit=1200%2C800&ssl=1&resize=350%2C200 1x, https:\/\/i0.wp.com\/ismaelcolosi.com.br\/wp-content\/uploads\/2024\/04\/concurso-publico-15.jpg?fit=1200%2C800&ssl=1&resize=525%2C300 1.5x, https:\/\/i0.wp.com\/ismaelcolosi.com.br\/wp-content\/uploads\/2024\/04\/concurso-publico-15.jpg?fit=1200%2C800&ssl=1&resize=700%2C400 2x, https:\/\/i0.wp.com\/ismaelcolosi.com.br\/wp-content\/uploads\/2024\/04\/concurso-publico-15.jpg?fit=1200%2C800&ssl=1&resize=1050%2C600 3x"},"classes":[]},{"id":58111,"url":"https:\/\/ismaelcolosi.com.br\/index.php\/2024\/07\/27\/prefeitura-do-interior-de-sp-tem-concurso-com-69-vagas-e-salarios-de-ate-r-124-mil\/","url_meta":{"origin":52196,"position":4},"title":"Prefeitura do interior de SP tem concurso com 69 vagas e sal\u00e1rios de at\u00e9 R$ 12,4 mil","author":"ismaelcolosi.com.br","date":"27 de July de 2024","format":false,"excerpt":"A Prefeitura de Gua\u00edra, no interior de S\u00e3o Paulo, est\u00e1 com inscri\u00e7\u00f5es abertas para concursos p\u00fablicos com 69 vagas para diversos segmentos e n\u00edveis de escolaridade (veja abaixo). \u00a0Os sal\u00e1rios variam de R$ 1.979,74 a R$ 12.407,26. Os interessados podem se inscrever at\u00e9 \u00e0s 23h59 do dia 23 de setembro\u2026","rel":"","context":"In &quot;Not\u00edcias de Ribeir\u00e3o Preto-SP e Regi\u00e3o&quot;","block_context":{"text":"Not\u00edcias de Ribeir\u00e3o Preto-SP e Regi\u00e3o","link":"https:\/\/ismaelcolosi.com.br\/index.php\/category\/noticias-de-ribeirao-preto-sp-e-regiao-ismael-colosi\/"},"img":{"alt_text":"","src":"https:\/\/i0.wp.com\/ismaelcolosi.com.br\/wp-content\/uploads\/2024\/07\/Copia-de-Copia-de-TAMANHO-EXATO-PARA-FOTOS-NO-SISTEMA-NOVO-5_2024-07-27_19-14-03_jpg_2024-07-27_19-14-03.webp.webp?fit=1200%2C675&ssl=1&resize=350%2C200","width":350,"height":200,"srcset":"https:\/\/i0.wp.com\/ismaelcolosi.com.br\/wp-content\/uploads\/2024\/07\/Copia-de-Copia-de-TAMANHO-EXATO-PARA-FOTOS-NO-SISTEMA-NOVO-5_2024-07-27_19-14-03_jpg_2024-07-27_19-14-03.webp.webp?fit=1200%2C675&ssl=1&resize=350%2C200 1x, https:\/\/i0.wp.com\/ismaelcolosi.com.br\/wp-content\/uploads\/2024\/07\/Copia-de-Copia-de-TAMANHO-EXATO-PARA-FOTOS-NO-SISTEMA-NOVO-5_2024-07-27_19-14-03_jpg_2024-07-27_19-14-03.webp.webp?fit=1200%2C675&ssl=1&resize=525%2C300 1.5x, https:\/\/i0.wp.com\/ismaelcolosi.com.br\/wp-content\/uploads\/2024\/07\/Copia-de-Copia-de-TAMANHO-EXATO-PARA-FOTOS-NO-SISTEMA-NOVO-5_2024-07-27_19-14-03_jpg_2024-07-27_19-14-03.webp.webp?fit=1200%2C675&ssl=1&resize=700%2C400 2x, https:\/\/i0.wp.com\/ismaelcolosi.com.br\/wp-content\/uploads\/2024\/07\/Copia-de-Copia-de-TAMANHO-EXATO-PARA-FOTOS-NO-SISTEMA-NOVO-5_2024-07-27_19-14-03_jpg_2024-07-27_19-14-03.webp.webp?fit=1200%2C675&ssl=1&resize=1050%2C600 3x"},"classes":[]},{"id":70828,"url":"https:\/\/ismaelcolosi.com.br\/index.php\/2024\/10\/13\/veja-cinco-concursos-publicos-com-mais-de-110-vagas-no-interior-de-sp\/","url_meta":{"origin":52196,"position":5},"title":"Veja cinco concursos p\u00fablicos com mais de 110 vagas no interior de SP","author":"ismaelcolosi.com.br","date":"13 de October de 2024","format":false,"excerpt":"Os interessados em concorrer a uma vaga em concurso p\u00fablico contam com mais de 110 oportunidades em cinco editais dispon\u00edveis no interior de S\u00e3o Paulo. As oportunidades s\u00e3o para cargos de n\u00edvel m\u00e9dio, t\u00e9cnico e superior. Os sal\u00e1rios variam entre R$ 2,1 mil e R$ 12,6 mil. Confira a lista\u2026","rel":"","context":"In &quot;Not\u00edcias de Ribeir\u00e3o Preto-SP e Regi\u00e3o&quot;","block_context":{"text":"Not\u00edcias de Ribeir\u00e3o Preto-SP e Regi\u00e3o","link":"https:\/\/ismaelcolosi.com.br\/index.php\/category\/noticias-de-ribeirao-preto-sp-e-regiao-ismael-colosi\/"},"img":{"alt_text":"","src":"https:\/\/i0.wp.com\/ismaelcolosi.com.br\/wp-content\/uploads\/2024\/07\/Copia-de-Copia-de-TAMANHO-EXATO-PARA-FOTOS-NO-SISTEMA-NOVO-22_2024-07-24_20-00-55_jpg_2024-07-24_20-00-55.webp.webp?fit=1200%2C675&ssl=1&resize=350%2C200","width":350,"height":200,"srcset":"https:\/\/i0.wp.com\/ismaelcolosi.com.br\/wp-content\/uploads\/2024\/07\/Copia-de-Copia-de-TAMANHO-EXATO-PARA-FOTOS-NO-SISTEMA-NOVO-22_2024-07-24_20-00-55_jpg_2024-07-24_20-00-55.webp.webp?fit=1200%2C675&ssl=1&resize=350%2C200 1x, https:\/\/i0.wp.com\/ismaelcolosi.com.br\/wp-content\/uploads\/2024\/07\/Copia-de-Copia-de-TAMANHO-EXATO-PARA-FOTOS-NO-SISTEMA-NOVO-22_2024-07-24_20-00-55_jpg_2024-07-24_20-00-55.webp.webp?fit=1200%2C675&ssl=1&resize=525%2C300 1.5x, https:\/\/i0.wp.com\/ismaelcolosi.com.br\/wp-content\/uploads\/2024\/07\/Copia-de-Copia-de-TAMANHO-EXATO-PARA-FOTOS-NO-SISTEMA-NOVO-22_2024-07-24_20-00-55_jpg_2024-07-24_20-00-55.webp.webp?fit=1200%2C675&ssl=1&resize=700%2C400 2x, https:\/\/i0.wp.com\/ismaelcolosi.com.br\/wp-content\/uploads\/2024\/07\/Copia-de-Copia-de-TAMANHO-EXATO-PARA-FOTOS-NO-SISTEMA-NOVO-22_2024-07-24_20-00-55_jpg_2024-07-24_20-00-55.webp.webp?fit=1200%2C675&ssl=1&resize=1050%2C600 3x"},"classes":[]}],"jetpack_sharing_enabled":true,"jetpack_shortlink":"https:\/\/wp.me\/pfMlyK-dzS","_links":{"self":[{"href":"https:\/\/ismaelcolosi.com.br\/index.php\/wp-json\/wp\/v2\/posts\/52196","targetHints":{"allow":["GET"]}}],"collection":[{"href":"https:\/\/ismaelcolosi.com.br\/index.php\/wp-json\/wp\/v2\/posts"}],"about":[{"href":"https:\/\/ismaelcolosi.com.br\/index.php\/wp-json\/wp\/v2\/types\/post"}],"author":[{"embeddable":true,"href":"https:\/\/ismaelcolosi.com.br\/index.php\/wp-json\/wp\/v2\/users\/1"}],"replies":[{"embeddable":true,"href":"https:\/\/ismaelcolosi.com.br\/index.php\/wp-json\/wp\/v2\/comments?post=52196"}],"version-history":[{"count":0,"href":"https:\/\/ismaelcolosi.com.br\/index.php\/wp-json\/wp\/v2\/posts\/52196\/revisions"}],"wp:featuredmedia":[{"embeddable":true,"href":"https:\/\/ismaelcolosi.com.br\/index.php\/wp-json\/wp\/v2\/media\/52197"}],"wp:attachment":[{"href":"https:\/\/ismaelcolosi.com.br\/index.php\/wp-json\/wp\/v2\/media?parent=52196"}],"wp:term":[{"taxonomy":"category","embeddable":true,"href":"https:\/\/ismaelcolosi.com.br\/index.php\/wp-json\/wp\/v2\/categories?post=52196"},{"taxonomy":"post_tag","embeddable":true,"href":"https:\/\/ismaelcolosi.com.br\/index.php\/wp-json\/wp\/v2\/tags?post=52196"}],"curies":[{"name":"wp","href":"https:\/\/api.w.org\/{rel}","templated":true}]}}