{"id":52192,"date":"2024-06-04T17:05:24","date_gmt":"2024-06-04T20:05:24","guid":{"rendered":"https:\/\/ismaelcolosi.com.br\/index.php\/2024\/06\/04\/doacao-de-mudas-acontece-no-centro-de-ribeirao-preto-veja-quando\/"},"modified":"2024-06-04T17:05:24","modified_gmt":"2024-06-04T20:05:24","slug":"doacao-de-mudas-acontece-no-centro-de-ribeirao-preto-veja-quando","status":"publish","type":"post","link":"https:\/\/ismaelcolosi.com.br\/index.php\/2024\/06\/04\/doacao-de-mudas-acontece-no-centro-de-ribeirao-preto-veja-quando\/","title":{"rendered":"Doa\u00e7\u00e3o de mudas acontece no Centro de Ribeir\u00e3o Preto; Veja quando"},"content":{"rendered":"<p> <br \/>\n<\/p>\n<div data-td-block-uid=\"tdi_101\">\n<div class=\"tdb-block-inner td-fix-index\">\n<p><strong>Cinco esp\u00e9cies de mudas<\/strong> ser\u00e3o <strong>distribu\u00eddas, gratuitamente<\/strong>, pela Prefeitura de Ribeir\u00e3o Preto, por meio da <strong>Secretaria de Meio Ambiente<\/strong>, em evento que acontece acontece nesta <strong>quarta-feira (5)<\/strong>. A a\u00e7\u00e3o faz parte da programa\u00e7\u00e3o do anivers\u00e1rio da cidade. <\/p>\n<p>A <strong>distribui\u00e7\u00e3o ser\u00e1 das<\/strong> <strong>9h \u00e0s 12h<\/strong>, no <strong>Cal\u00e7ad\u00e3o<\/strong> do Centro de Ribeir\u00e3o, <strong>pr\u00f3ximo a base da GCM<\/strong> (Guarda Civil Metropolitana).<\/p>\n<p>Ao todo, <strong>ser\u00e3o 105 mudas do Horto Municipal<\/strong>, que estar\u00e3o dispon\u00edveis \u00e0 popula\u00e7\u00e3o, entre elas das esp\u00e9cies:<\/p>\n<ul>\n<li>Grumixama (30 unidades)<\/li>\n<li>Cereja do Rio Grande (20 unidades)<\/li>\n<li>Romanzeira (15 unidades)<\/li>\n<li>Ip\u00ea Amarelo do Cerrado (20 unidades)<\/li>\n<li>Babosa Branca (20 unidades)<\/li>\n<\/ul>\n<p>SAIBA MAIS <\/p>\n<p>Ainda h\u00e1 ingressos para o show do Fat Family na regi\u00e3o de Ribeir\u00e3o Preto<\/p>\n<h4 class=\"wp-block-heading\"><strong>FIQUE ON<\/strong><\/h4>\n<p>Fique ligado em tudo que acontece em Ribeir\u00e3o Preto e regi\u00e3o. Siga os perfis do\u00a0<strong>acidade on\u00a0<\/strong>no\u00a0<a href=\"https:\/\/www.instagram.com\/acidadeonribeirao\" target=\"_blank\" rel=\"noreferrer noopener\">Instagram<\/a>\u00a0e no\u00a0<a href=\"https:\/\/www.facebook.com\/acidadeonribeirao\" target=\"_blank\" rel=\"noreferrer noopener\">Facebook<\/a>.<\/p>\n<p>Receba not\u00edcias do acidade on no WhatsApp. Para entrar no grupo, basta\u00a0<a href=\"https:\/\/chat.whatsapp.com\/CdrZ6xrf7quD44Vw3WlPuZ\" target=\"_blank\" rel=\"noreferrer noopener\">clicar aqui<\/a>.<\/p>\n<p>Fa\u00e7a uma den\u00fancia ou sugira uma reportagem sobre Ribeir\u00e3o Preto e regi\u00e3o pelo WhatsApp:\u00a016 99117 7802.<\/p>\n<p>VEJA TAMB\u00c9M<\/p>\n<p>F1: Sergio P\u00e9rez renova com a RBR e seguir\u00e1 como companheiro de Max Verstappen<\/p>\n<p><!-- AI CONTENT END 1 -->\n<\/div>\n<\/div>\n<p><script async src=\"\/\/www.instagram.com\/embed.js\"><\/script><br \/>\n<br \/><br \/>\n<br \/><a href=\"https:\/\/www.acidadeon.com\/ribeiraopreto\/cotidiano\/doacao-de-mudas-acontece-no-centro-de-ribeirao-preto-veja-quando\/\">Source link <\/a><\/p>\n<div class='code-block code-block-4' style='margin: 8px auto 8px 0; text-align: left; display: block; clear: both;'>\n\ud83d\udce2 Aviso Legal\n\nO site ismaelcolosi.com.br atua apenas como um canal de divulga\u00e7\u00e3o de oportunidades de emprego e n\u00e3o se responsabiliza pelo processo seletivo, contrata\u00e7\u00e3o ou qualquer outra etapa relacionada \u00e0s vagas publicadas. Todas as informa\u00e7\u00f5es s\u00e3o de responsabilidade dos anunciantes.\n\n\u26a0\ufe0f Aten\u00e7\u00e3o! Nunca pague por promessas de emprego nem compre cursos que garantam contrata\u00e7\u00e3o. Desconfie de qualquer cobran\u00e7a para participar de sele\u00e7\u00f5es.\n\n\n\n<\/div>\n<!-- CONTENT END 1 -->\n","protected":false},"excerpt":{"rendered":"<p>Cinco esp\u00e9cies de mudas ser\u00e3o distribu\u00eddas, gratuitamente, pela Prefeitura de Ribeir\u00e3o Preto, por meio da Secretaria de Meio Ambiente, em evento que acontece acontece nesta&#8230;<\/p>\n","protected":false},"author":1,"featured_media":52193,"comment_status":"open","ping_status":"open","sticky":false,"template":"","format":"standard","meta":{"_uag_custom_page_level_css":"","advanced_seo_description":"","jetpack_seo_html_title":"","jetpack_seo_noindex":false,"jetpack_post_was_ever_published":false,"_jetpack_newsletter_access":"","_jetpack_dont_email_post_to_subs":false,"_jetpack_newsletter_tier_id":0,"_jetpack_memberships_contains_paywalled_content":false,"_jetpack_memberships_contains_paid_content":false,"footnotes":"","jetpack_publicize_message":"","jetpack_publicize_feature_enabled":true,"jetpack_social_post_already_shared":true,"jetpack_social_options":{"image_generator_settings":{"template":"highway","default_image_id":0,"font":"","enabled":false},"version":2}},"categories":[11],"tags":[],"class_list":["post-52192","post","type-post","status-publish","format-standard","has-post-thumbnail","hentry","category-noticias-de-ribeirao-preto-sp-e-regiao-ismael-colosi"],"jetpack_publicize_connections":[],"jetpack_featured_media_url":"https:\/\/i0.wp.com\/ismaelcolosi.com.br\/wp-content\/uploads\/2024\/06\/Copia-de-Copia-de-TAMANHO-EXATO-PARA-FOTOS-NO-SISTEMA-NOVO-8_2024-06-04_19-45-58_jpg_2024-06-04_19-45-58.webp.webp?fit=1200%2C675&ssl=1","uagb_featured_image_src":{"full":["https:\/\/i0.wp.com\/ismaelcolosi.com.br\/wp-content\/uploads\/2024\/06\/Copia-de-Copia-de-TAMANHO-EXATO-PARA-FOTOS-NO-SISTEMA-NOVO-8_2024-06-04_19-45-58_jpg_2024-06-04_19-45-58.webp.webp?fit=1200%2C675&ssl=1",1200,675,false],"thumbnail":["https:\/\/i0.wp.com\/ismaelcolosi.com.br\/wp-content\/uploads\/2024\/06\/Copia-de-Copia-de-TAMANHO-EXATO-PARA-FOTOS-NO-SISTEMA-NOVO-8_2024-06-04_19-45-58_jpg_2024-06-04_19-45-58.webp.webp?resize=150%2C150&ssl=1",150,150,true],"medium":["https:\/\/i0.wp.com\/ismaelcolosi.com.br\/wp-content\/uploads\/2024\/06\/Copia-de-Copia-de-TAMANHO-EXATO-PARA-FOTOS-NO-SISTEMA-NOVO-8_2024-06-04_19-45-58_jpg_2024-06-04_19-45-58.webp.webp?fit=300%2C169&ssl=1",300,169,true],"medium_large":["https:\/\/i0.wp.com\/ismaelcolosi.com.br\/wp-content\/uploads\/2024\/06\/Copia-de-Copia-de-TAMANHO-EXATO-PARA-FOTOS-NO-SISTEMA-NOVO-8_2024-06-04_19-45-58_jpg_2024-06-04_19-45-58.webp.webp?fit=768%2C432&ssl=1",768,432,true],"large":["https:\/\/i0.wp.com\/ismaelcolosi.com.br\/wp-content\/uploads\/2024\/06\/Copia-de-Copia-de-TAMANHO-EXATO-PARA-FOTOS-NO-SISTEMA-NOVO-8_2024-06-04_19-45-58_jpg_2024-06-04_19-45-58.webp.webp?fit=1024%2C576&ssl=1",1024,576,true],"1536x1536":["https:\/\/i0.wp.com\/ismaelcolosi.com.br\/wp-content\/uploads\/2024\/06\/Copia-de-Copia-de-TAMANHO-EXATO-PARA-FOTOS-NO-SISTEMA-NOVO-8_2024-06-04_19-45-58_jpg_2024-06-04_19-45-58.webp.webp?fit=1200%2C675&ssl=1",1200,675,true],"2048x2048":["https:\/\/i0.wp.com\/ismaelcolosi.com.br\/wp-content\/uploads\/2024\/06\/Copia-de-Copia-de-TAMANHO-EXATO-PARA-FOTOS-NO-SISTEMA-NOVO-8_2024-06-04_19-45-58_jpg_2024-06-04_19-45-58.webp.webp?fit=1200%2C675&ssl=1",1200,675,true],"really-simple-thumb":["https:\/\/i0.wp.com\/ismaelcolosi.com.br\/wp-content\/uploads\/2024\/06\/Copia-de-Copia-de-TAMANHO-EXATO-PARA-FOTOS-NO-SISTEMA-NOVO-8_2024-06-04_19-45-58_jpg_2024-06-04_19-45-58.webp.webp?resize=370%2C247&ssl=1",370,247,true]},"uagb_author_info":{"display_name":"ismaelcolosi.com.br","author_link":"https:\/\/ismaelcolosi.com.br\/index.php\/author\/vidareal-online\/"},"uagb_comment_info":0,"uagb_excerpt":"Cinco esp\u00e9cies de mudas ser\u00e3o distribu\u00eddas, gratuitamente, pela Prefeitura de Ribeir\u00e3o Preto, por meio da Secretaria de Meio Ambiente, em evento que acontece acontece nesta...","jetpack-related-posts":[{"id":51206,"url":"https:\/\/ismaelcolosi.com.br\/index.php\/2024\/05\/23\/evento-em-ribeirao-preto-doara-mudas-ornamentais-e-frutiferas-veja-quando\/","url_meta":{"origin":52192,"position":0},"title":"Evento em Ribeir\u00e3o Preto doar\u00e1 mudas ornamentais e frut\u00edferas; Veja quando","author":"ismaelcolosi.com.br","date":"23 de May de 2024","format":false,"excerpt":"A Secretaria do Meio Ambiente de Ribeir\u00e3o Preto vai promover, no domingo (26), uma a\u00e7\u00e3o para doa\u00e7\u00e3o de mudas ornamentais e frut\u00edferas. As doa\u00e7\u00f5es acontecem durante o evento \u201cVem Pra Nove Cultural\u201d, que acontece das 09h \u00e0s 12h, na avenida Nove de Julho. O intuito, de acordo com a Prefeitura,\u2026","rel":"","context":"In &quot;Not\u00edcias de Ribeir\u00e3o Preto-SP e Regi\u00e3o&quot;","block_context":{"text":"Not\u00edcias de Ribeir\u00e3o Preto-SP e Regi\u00e3o","link":"https:\/\/ismaelcolosi.com.br\/index.php\/category\/noticias-de-ribeirao-preto-sp-e-regiao-ismael-colosi\/"},"img":{"alt_text":"","src":"https:\/\/i0.wp.com\/ismaelcolosi.com.br\/wp-content\/uploads\/2024\/05\/distribuicao_de_mudas_-_fotos_fernando_gonzaga_11_2024-05-23_23-08-13_jpg_2024-05-23_23-08-13.webp.webp?fit=1200%2C800&ssl=1&resize=350%2C200","width":350,"height":200,"srcset":"https:\/\/i0.wp.com\/ismaelcolosi.com.br\/wp-content\/uploads\/2024\/05\/distribuicao_de_mudas_-_fotos_fernando_gonzaga_11_2024-05-23_23-08-13_jpg_2024-05-23_23-08-13.webp.webp?fit=1200%2C800&ssl=1&resize=350%2C200 1x, https:\/\/i0.wp.com\/ismaelcolosi.com.br\/wp-content\/uploads\/2024\/05\/distribuicao_de_mudas_-_fotos_fernando_gonzaga_11_2024-05-23_23-08-13_jpg_2024-05-23_23-08-13.webp.webp?fit=1200%2C800&ssl=1&resize=525%2C300 1.5x, https:\/\/i0.wp.com\/ismaelcolosi.com.br\/wp-content\/uploads\/2024\/05\/distribuicao_de_mudas_-_fotos_fernando_gonzaga_11_2024-05-23_23-08-13_jpg_2024-05-23_23-08-13.webp.webp?fit=1200%2C800&ssl=1&resize=700%2C400 2x, https:\/\/i0.wp.com\/ismaelcolosi.com.br\/wp-content\/uploads\/2024\/05\/distribuicao_de_mudas_-_fotos_fernando_gonzaga_11_2024-05-23_23-08-13_jpg_2024-05-23_23-08-13.webp.webp?fit=1200%2C800&ssl=1&resize=1050%2C600 3x"},"classes":[]},{"id":66399,"url":"https:\/\/ismaelcolosi.com.br\/index.php\/2024\/09\/17\/projeto-doa-mudas-de-arvores-para-reflorestar-areas-atingidas-por-incendios\/","url_meta":{"origin":52192,"position":1},"title":"Projeto doa mudas de \u00e1rvores para reflorestar \u00e1reas atingidas por inc\u00eandios","author":"ismaelcolosi.com.br","date":"17 de September de 2024","format":false,"excerpt":"O Projeto \u00c1gua Vida em parceria com a Associa\u00e7\u00e3o dos Pais e Amigos dos Excepcionais (Apae) visitou Ribeir\u00e3o Preto ap\u00f3s os inc\u00eandios devastadores que atingiram a regi\u00e3o. Juntos, criaram um projeto com a inten\u00e7\u00e3o de reflorestar a \u00e1rea devastada pelas queimadas. O projeto do fot\u00f3grafo ambientalista M\u00e1rio Barila, entregou a\u2026","rel":"","context":"In &quot;Not\u00edcias de Ribeir\u00e3o Preto-SP e Regi\u00e3o&quot;","block_context":{"text":"Not\u00edcias de Ribeir\u00e3o Preto-SP e Regi\u00e3o","link":"https:\/\/ismaelcolosi.com.br\/index.php\/category\/noticias-de-ribeirao-preto-sp-e-regiao-ismael-colosi\/"},"img":{"alt_text":"","src":"https:\/\/i0.wp.com\/ismaelcolosi.com.br\/wp-content\/uploads\/2024\/09\/Copia-de-Copia-de-Copia-de-TAMANHO-EXATO-PARA-FOTOS-NO-SISTEMA-NOVO-24_2024-09-17_15-50-21_png_2024-09-17_15-50-21.webp.webp?fit=1200%2C675&ssl=1&resize=350%2C200","width":350,"height":200,"srcset":"https:\/\/i0.wp.com\/ismaelcolosi.com.br\/wp-content\/uploads\/2024\/09\/Copia-de-Copia-de-Copia-de-TAMANHO-EXATO-PARA-FOTOS-NO-SISTEMA-NOVO-24_2024-09-17_15-50-21_png_2024-09-17_15-50-21.webp.webp?fit=1200%2C675&ssl=1&resize=350%2C200 1x, https:\/\/i0.wp.com\/ismaelcolosi.com.br\/wp-content\/uploads\/2024\/09\/Copia-de-Copia-de-Copia-de-TAMANHO-EXATO-PARA-FOTOS-NO-SISTEMA-NOVO-24_2024-09-17_15-50-21_png_2024-09-17_15-50-21.webp.webp?fit=1200%2C675&ssl=1&resize=525%2C300 1.5x, https:\/\/i0.wp.com\/ismaelcolosi.com.br\/wp-content\/uploads\/2024\/09\/Copia-de-Copia-de-Copia-de-TAMANHO-EXATO-PARA-FOTOS-NO-SISTEMA-NOVO-24_2024-09-17_15-50-21_png_2024-09-17_15-50-21.webp.webp?fit=1200%2C675&ssl=1&resize=700%2C400 2x, https:\/\/i0.wp.com\/ismaelcolosi.com.br\/wp-content\/uploads\/2024\/09\/Copia-de-Copia-de-Copia-de-TAMANHO-EXATO-PARA-FOTOS-NO-SISTEMA-NOVO-24_2024-09-17_15-50-21_png_2024-09-17_15-50-21.webp.webp?fit=1200%2C675&ssl=1&resize=1050%2C600 3x"},"classes":[]},{"id":29670,"url":"https:\/\/ismaelcolosi.com.br\/index.php\/2024\/01\/19\/voluntarios-plantam-4-500-mudas-em-rp\/","url_meta":{"origin":52192,"position":2},"title":"Volunt\u00e1rios plantam\u00a04.500 mudas em RP\u00a0","author":"ismaelcolosi.com.br","date":"19 de January de 2024","format":false,"excerpt":"18 de janeiro de 2024 | 13:0018 de janeiro de 2024 | 9:14 0A Secretaria Municipal do Meio Ambiente realiza a\u00e7\u00f5es com foco no combate \u00e0 degrada\u00e7\u00e3o da natureza, com bases sustent\u00e1veis, considerando o conjunto urbano e ambiental, em busca da qualidade de vida dos seus cidad\u00e3os. O plantio adequado\u2026","rel":"","context":"In &quot;Not\u00edcias de Ribeir\u00e3o Preto-SP e Regi\u00e3o&quot;","block_context":{"text":"Not\u00edcias de Ribeir\u00e3o Preto-SP e Regi\u00e3o","link":"https:\/\/ismaelcolosi.com.br\/index.php\/category\/noticias-de-ribeirao-preto-sp-e-regiao-ismael-colosi\/"},"img":{"alt_text":"","src":"https:\/\/i0.wp.com\/ismaelcolosi.com.br\/wp-content\/uploads\/2024\/01\/Plantio-Fernando-Gonzaga-01-scaled.jpg?fit=967%2C645&ssl=1&resize=350%2C200","width":350,"height":200,"srcset":"https:\/\/i0.wp.com\/ismaelcolosi.com.br\/wp-content\/uploads\/2024\/01\/Plantio-Fernando-Gonzaga-01-scaled.jpg?fit=967%2C645&ssl=1&resize=350%2C200 1x, https:\/\/i0.wp.com\/ismaelcolosi.com.br\/wp-content\/uploads\/2024\/01\/Plantio-Fernando-Gonzaga-01-scaled.jpg?fit=967%2C645&ssl=1&resize=525%2C300 1.5x, https:\/\/i0.wp.com\/ismaelcolosi.com.br\/wp-content\/uploads\/2024\/01\/Plantio-Fernando-Gonzaga-01-scaled.jpg?fit=967%2C645&ssl=1&resize=700%2C400 2x"},"classes":[]},{"id":53699,"url":"https:\/\/ismaelcolosi.com.br\/index.php\/2024\/06\/18\/ribeirao-preto-tem-nova-acao-para-doacao-de-mudas-ornamentais-e-frutiferas-veja-quando\/","url_meta":{"origin":52192,"position":3},"title":"Ribeir\u00e3o Preto tem nova a\u00e7\u00e3o para doa\u00e7\u00e3o de mudas ornamentais e frut\u00edferas; Veja quando","author":"ismaelcolosi.com.br","date":"18 de June de 2024","format":false,"excerpt":"A Secretaria do Meio Ambiente de Ribeir\u00e3o Preto realiza, nesta quarta-feira (19), uma nova a\u00e7\u00e3o para doa\u00e7\u00e3o de mudas ornamentais e frut\u00edferas. As doa\u00e7\u00f5es acontecem na pra\u00e7a XV de Novembro, regi\u00e3o central do munic\u00edpio, das 09h \u00e0s 12h. A atividade faz parte das celebra\u00e7\u00f5es do anivers\u00e1rio de 168 anos de\u2026","rel":"","context":"In &quot;Not\u00edcias de Ribeir\u00e3o Preto-SP e Regi\u00e3o&quot;","block_context":{"text":"Not\u00edcias de Ribeir\u00e3o Preto-SP e Regi\u00e3o","link":"https:\/\/ismaelcolosi.com.br\/index.php\/category\/noticias-de-ribeirao-preto-sp-e-regiao-ismael-colosi\/"},"img":{"alt_text":"","src":"https:\/\/i0.wp.com\/ismaelcolosi.com.br\/wp-content\/uploads\/2024\/05\/distribuicao_de_mudas_-_fotos_fernando_gonzaga_11_2024-05-23_23-08-13_jpg_2024-05-23_23-08-13.webp.webp?fit=1200%2C800&ssl=1&resize=350%2C200","width":350,"height":200,"srcset":"https:\/\/i0.wp.com\/ismaelcolosi.com.br\/wp-content\/uploads\/2024\/05\/distribuicao_de_mudas_-_fotos_fernando_gonzaga_11_2024-05-23_23-08-13_jpg_2024-05-23_23-08-13.webp.webp?fit=1200%2C800&ssl=1&resize=350%2C200 1x, https:\/\/i0.wp.com\/ismaelcolosi.com.br\/wp-content\/uploads\/2024\/05\/distribuicao_de_mudas_-_fotos_fernando_gonzaga_11_2024-05-23_23-08-13_jpg_2024-05-23_23-08-13.webp.webp?fit=1200%2C800&ssl=1&resize=525%2C300 1.5x, https:\/\/i0.wp.com\/ismaelcolosi.com.br\/wp-content\/uploads\/2024\/05\/distribuicao_de_mudas_-_fotos_fernando_gonzaga_11_2024-05-23_23-08-13_jpg_2024-05-23_23-08-13.webp.webp?fit=1200%2C800&ssl=1&resize=700%2C400 2x, https:\/\/i0.wp.com\/ismaelcolosi.com.br\/wp-content\/uploads\/2024\/05\/distribuicao_de_mudas_-_fotos_fernando_gonzaga_11_2024-05-23_23-08-13_jpg_2024-05-23_23-08-13.webp.webp?fit=1200%2C800&ssl=1&resize=1050%2C600 3x"},"classes":[]},{"id":39658,"url":"https:\/\/ismaelcolosi.com.br\/index.php\/2024\/02\/27\/veja-onde-serao-construidas-441-unidades-habitacionais-populares-em-ribeirao-preto\/","url_meta":{"origin":52192,"position":4},"title":"Veja onde ser\u00e3o constru\u00eddas 441 unidades habitacionais populares em Ribeir\u00e3o Preto","author":"ismaelcolosi.com.br","date":"27 de February de 2024","format":false,"excerpt":"A Prefeitura de Ribeir\u00e3o Preto est\u00e1 com um chamamento p\u00fablico aberto para empresas interessadas na constru\u00e7\u00e3o de 441 unidades habitacionais populares, por meio do programa Minha Casa, Minha Vida, do Governo Federal. As unidades habitacionais ser\u00e3o constru\u00eddas no Jardim Ant\u00f4nio Palocci, na zona Leste, e no Jardim Eug\u00eanio Mendes Lopes,\u2026","rel":"","context":"In &quot;Not\u00edcias de Ribeir\u00e3o Preto-SP e Regi\u00e3o&quot;","block_context":{"text":"Not\u00edcias de Ribeir\u00e3o Preto-SP e Regi\u00e3o","link":"https:\/\/ismaelcolosi.com.br\/index.php\/category\/noticias-de-ribeirao-preto-sp-e-regiao-ismael-colosi\/"},"img":{"alt_text":"","src":"https:\/\/i0.wp.com\/ismaelcolosi.com.br\/wp-content\/uploads\/2024\/02\/casa-popular.jpg?fit=1160%2C694&ssl=1&resize=350%2C200","width":350,"height":200,"srcset":"https:\/\/i0.wp.com\/ismaelcolosi.com.br\/wp-content\/uploads\/2024\/02\/casa-popular.jpg?fit=1160%2C694&ssl=1&resize=350%2C200 1x, https:\/\/i0.wp.com\/ismaelcolosi.com.br\/wp-content\/uploads\/2024\/02\/casa-popular.jpg?fit=1160%2C694&ssl=1&resize=525%2C300 1.5x, https:\/\/i0.wp.com\/ismaelcolosi.com.br\/wp-content\/uploads\/2024\/02\/casa-popular.jpg?fit=1160%2C694&ssl=1&resize=700%2C400 2x, https:\/\/i0.wp.com\/ismaelcolosi.com.br\/wp-content\/uploads\/2024\/02\/casa-popular.jpg?fit=1160%2C694&ssl=1&resize=1050%2C600 3x"},"classes":[]},{"id":48922,"url":"https:\/\/ismaelcolosi.com.br\/index.php\/2024\/05\/07\/veja-onde-serao-construidas-novas-unidades-de-saude-em-ribeirao-preto\/","url_meta":{"origin":52192,"position":5},"title":"Veja onde ser\u00e3o constru\u00eddas novas unidades de sa\u00fade em Ribeir\u00e3o Preto","author":"ismaelcolosi.com.br","date":"7 de May de 2024","format":false,"excerpt":"O Minist\u00e9rio da Sa\u00fade liberou repasses do Novo PAC para constru\u00e7\u00e3o de unidades de sa\u00fade em Ribeir\u00e3o Preto. Segundo a prefeitura, as novas UBSs (Unidades B\u00e1sicas de Sa\u00fade) ser\u00e3o constru\u00eddas nas zonas Leste e Norte da cidade. O repasse foi publicado por meio de portaria na \u00faltima segunda-feira (6). Para\u2026","rel":"","context":"In &quot;Not\u00edcias de Ribeir\u00e3o Preto-SP e Regi\u00e3o&quot;","block_context":{"text":"Not\u00edcias de Ribeir\u00e3o Preto-SP e Regi\u00e3o","link":"https:\/\/ismaelcolosi.com.br\/index.php\/category\/noticias-de-ribeirao-preto-sp-e-regiao-ismael-colosi\/"},"img":{"alt_text":"","src":"https:\/\/i0.wp.com\/ismaelcolosi.com.br\/wp-content\/uploads\/2024\/05\/AnyConv.com__unidade-saude-ribeirao-preto_2024-05-07_17-34-57.webp.webp?fit=1200%2C798&ssl=1&resize=350%2C200","width":350,"height":200,"srcset":"https:\/\/i0.wp.com\/ismaelcolosi.com.br\/wp-content\/uploads\/2024\/05\/AnyConv.com__unidade-saude-ribeirao-preto_2024-05-07_17-34-57.webp.webp?fit=1200%2C798&ssl=1&resize=350%2C200 1x, https:\/\/i0.wp.com\/ismaelcolosi.com.br\/wp-content\/uploads\/2024\/05\/AnyConv.com__unidade-saude-ribeirao-preto_2024-05-07_17-34-57.webp.webp?fit=1200%2C798&ssl=1&resize=525%2C300 1.5x, https:\/\/i0.wp.com\/ismaelcolosi.com.br\/wp-content\/uploads\/2024\/05\/AnyConv.com__unidade-saude-ribeirao-preto_2024-05-07_17-34-57.webp.webp?fit=1200%2C798&ssl=1&resize=700%2C400 2x, https:\/\/i0.wp.com\/ismaelcolosi.com.br\/wp-content\/uploads\/2024\/05\/AnyConv.com__unidade-saude-ribeirao-preto_2024-05-07_17-34-57.webp.webp?fit=1200%2C798&ssl=1&resize=1050%2C600 3x"},"classes":[]}],"jetpack_sharing_enabled":true,"jetpack_shortlink":"https:\/\/wp.me\/pfMlyK-dzO","_links":{"self":[{"href":"https:\/\/ismaelcolosi.com.br\/index.php\/wp-json\/wp\/v2\/posts\/52192","targetHints":{"allow":["GET"]}}],"collection":[{"href":"https:\/\/ismaelcolosi.com.br\/index.php\/wp-json\/wp\/v2\/posts"}],"about":[{"href":"https:\/\/ismaelcolosi.com.br\/index.php\/wp-json\/wp\/v2\/types\/post"}],"author":[{"embeddable":true,"href":"https:\/\/ismaelcolosi.com.br\/index.php\/wp-json\/wp\/v2\/users\/1"}],"replies":[{"embeddable":true,"href":"https:\/\/ismaelcolosi.com.br\/index.php\/wp-json\/wp\/v2\/comments?post=52192"}],"version-history":[{"count":0,"href":"https:\/\/ismaelcolosi.com.br\/index.php\/wp-json\/wp\/v2\/posts\/52192\/revisions"}],"wp:featuredmedia":[{"embeddable":true,"href":"https:\/\/ismaelcolosi.com.br\/index.php\/wp-json\/wp\/v2\/media\/52193"}],"wp:attachment":[{"href":"https:\/\/ismaelcolosi.com.br\/index.php\/wp-json\/wp\/v2\/media?parent=52192"}],"wp:term":[{"taxonomy":"category","embeddable":true,"href":"https:\/\/ismaelcolosi.com.br\/index.php\/wp-json\/wp\/v2\/categories?post=52192"},{"taxonomy":"post_tag","embeddable":true,"href":"https:\/\/ismaelcolosi.com.br\/index.php\/wp-json\/wp\/v2\/tags?post=52192"}],"curies":[{"name":"wp","href":"https:\/\/api.w.org\/{rel}","templated":true}]}}