{"id":52178,"date":"2024-06-04T15:46:23","date_gmt":"2024-06-04T18:46:23","guid":{"rendered":"https:\/\/ismaelcolosi.com.br\/index.php\/2024\/06\/04\/vai-curtir-o-joao-rock-veja-o-que-pode-e-o-que-nao-pode-levar-no-festival\/"},"modified":"2024-06-04T15:46:23","modified_gmt":"2024-06-04T18:46:23","slug":"vai-curtir-o-joao-rock-veja-o-que-pode-e-o-que-nao-pode-levar-no-festival","status":"publish","type":"post","link":"https:\/\/ismaelcolosi.com.br\/index.php\/2024\/06\/04\/vai-curtir-o-joao-rock-veja-o-que-pode-e-o-que-nao-pode-levar-no-festival\/","title":{"rendered":"Vai curtir o Jo\u00e3o Rock? Veja o que pode e o que n\u00e3o pode levar\u00a0no festival"},"content":{"rendered":"<p> <br \/>\n<\/p>\n<div data-td-block-uid=\"tdi_101\">\n<div class=\"tdb-block-inner td-fix-index\">\n<p>A <strong>21\u00aa edi\u00e7\u00e3o do Jo\u00e3o Rock<\/strong> acontece neste s\u00e1bado (7), no Parque Permanente de Exposi\u00e7\u00f5es, em <strong>Ribeir\u00e3o Preto<\/strong>. A expectativa da organiza\u00e7\u00e3o \u00e9 receber <strong>mais de 70 mil pessoas<\/strong>, em um espa\u00e7o de 200 mil metros quadrados.<\/p>\n<p>O evento re\u00fane grandes nomes da m\u00fasica nacional, al\u00e9m de diferentes manifesta\u00e7\u00f5es art\u00edsticas, esportes radicais e a\u00e7\u00f5es interativas \u2013 <strong>clique aqui para conferir os hor\u00e1rios dos shows<\/strong>.<\/p>\n<p>Para curtir as<strong> 14 horas<\/strong> de um dos maiores festivais do Brasil, o p\u00fablico deve ficar atento ao <strong>que pode<\/strong> ou <strong>n\u00e3o levar para o evento<\/strong>.<\/p>\n<p><mark style=\"background-color:#fcb900\" class=\"has-inline-color\">Vale ressaltar que, para ter acesso ao <strong>Jo\u00e3o Rock<\/strong>, \u00e9 imprescind\u00edvel estar com a pulseira no pulso, al\u00e9m de ter em m\u00e3os: <strong>documento original com foto<\/strong>; <strong>comprovante de meia-entrada<\/strong> (para quem se encaixar na modalidade); e <strong>um quilo de alimento n\u00e3o perec\u00edvel<\/strong> para aqueles que adquiriram o ingresso solid\u00e1rio.<\/mark><\/p>\n<h2 class=\"wp-block-heading\"><strong>O que posso levar para o Jo\u00e3o Rock?<\/strong><\/h2>\n<ul>\n<li>1 Snack por pessoa com a embalagem lacrada;<\/li>\n<\/ul>\n<ul>\n<li>Copos e canecas (exceto de vidro);<\/li>\n<\/ul>\n<ul>\n<li>At\u00e9 duas frutas pequenas por pessoa, sem qualquer embalagem r\u00edgida;<\/li>\n<\/ul>\n<ul>\n<li>M\u00e1scaras e fantasias n\u00e3o r\u00edgidas;<\/li>\n<\/ul>\n<ul>\n<li>Isqueiro (exceto ma\u00e7aricos);<\/li>\n<\/ul>\n<ul>\n<li>Desodorante roll-on ou bast\u00e3o;<\/li>\n<\/ul>\n<p>Em caso de rem\u00e9dios controlados \u00e9 obrigat\u00f3rio a apresenta\u00e7\u00e3o de receita ou atestado m\u00e9dico.<\/p>\n<h3 class=\"wp-block-heading\"><strong>O que n\u00e3o pode entrar?<\/strong><\/h3>\n<ul>\n<li>Cadeiras, bancos dobr\u00e1veis ou de material r\u00edgido;<\/li>\n<\/ul>\n<ul>\n<li>Armas de fogo e\/ou armas brancas;<\/li>\n<\/ul>\n<ul>\n<li>Canivetes (inclusive de chaveiros);<\/li>\n<\/ul>\n<ul>\n<li>Cartazes feitos de papel\u00e3o grosso ou fixados em madeira;<\/li>\n<\/ul>\n<ul>\n<li>Animais (exceto c\u00e3es guia identificados e acompanhados de seus tutores);<\/li>\n<\/ul>\n<ul>\n<li>Subst\u00e2ncias inflam\u00e1veis, corrosivas e\/ou t\u00f3xicas;<\/li>\n<\/ul>\n<ul>\n<li>Objetos cortantes, pontiagudos e\/ou perfurantes;<\/li>\n<\/ul>\n<ul>\n<li>Qualquer outro item que coloque em risco a seguran\u00e7a do p\u00fablico presente no evento.<\/li>\n<\/ul>\n<h4 class=\"wp-block-heading\"><strong>Servi\u00e7o<\/strong><\/h4>\n<p><em>Festival Jo\u00e3o Rock 2024<\/em><\/p>\n<p>Quando: 08 de junho<\/p>\n<p>Abertura dos port\u00f5es \u00e0s 12h30<\/p>\n<p>Onde: Parque Permanente de Exposi\u00e7\u00f5es \u2013 Ribeir\u00e3o Preto<\/p>\n<p>Mais informa\u00e7\u00f5es no site oficial \u2013 <a href=\"https:\/\/www.joaorock.com.br\/\" target=\"_blank\" rel=\"noreferrer noopener\">clique aqui<\/a><\/p>\n<p><strong>Ingressos esgotados<\/strong><\/p>\n<hr class=\"wp-block-separator has-alpha-channel-opacity\"\/>\n<p>SAIBA MAIS <\/p>\n<p>Ribeir\u00e3o Preto recebe encontro de carros antigos; Veja data e como comprar ingressos<\/p>\n<h4 class=\"wp-block-heading\"><strong>FIQUE ON<\/strong><\/h4>\n<p>Fique ligado em tudo que acontece em Ribeir\u00e3o Preto e regi\u00e3o. Siga os perfis do\u00a0<strong>acidade on\u00a0<\/strong>no\u00a0<a href=\"https:\/\/www.instagram.com\/acidadeonribeirao\" target=\"_blank\" rel=\"noreferrer noopener\">Instagram<\/a>\u00a0e no\u00a0<a href=\"https:\/\/www.facebook.com\/acidadeonribeirao\" target=\"_blank\" rel=\"noreferrer noopener\">Facebook<\/a>.<\/p>\n<p>Receba not\u00edcias do acidade on no WhatsApp. Para entrar no grupo, basta\u00a0<a href=\"https:\/\/chat.whatsapp.com\/CdrZ6xrf7quD44Vw3WlPuZ\" target=\"_blank\" rel=\"noreferrer noopener\">clicar aqui<\/a>.<\/p>\n<p>Fa\u00e7a uma den\u00fancia ou sugira uma reportagem sobre Ribeir\u00e3o Preto e regi\u00e3o pelo WhatsApp: 16 99117 7802.<\/p>\n<p><!-- AI CONTENT END 1 -->\n<\/div>\n<\/div>\n<p><script async src=\"\/\/www.instagram.com\/embed.js\"><\/script><br \/>\n<br \/><br \/>\n<br \/><a href=\"https:\/\/www.acidadeon.com\/ribeiraopreto\/lazer-e-cultura\/vai-curtir-o-joao-rock-veja-o-que-pode-e-o-que-nao-pode-levar-no-festival\/\">Source link <\/a><\/p>\n<div class='code-block code-block-4' style='margin: 8px auto 8px 0; text-align: left; display: block; clear: both;'>\n\ud83d\udce2 Aviso Legal\n\nO site ismaelcolosi.com.br atua apenas como um canal de divulga\u00e7\u00e3o de oportunidades de emprego e n\u00e3o se responsabiliza pelo processo seletivo, contrata\u00e7\u00e3o ou qualquer outra etapa relacionada \u00e0s vagas publicadas. Todas as informa\u00e7\u00f5es s\u00e3o de responsabilidade dos anunciantes.\n\n\u26a0\ufe0f Aten\u00e7\u00e3o! Nunca pague por promessas de emprego nem compre cursos que garantam contrata\u00e7\u00e3o. Desconfie de qualquer cobran\u00e7a para participar de sele\u00e7\u00f5es.\n\n\n\n<\/div>\n<!-- CONTENT END 1 -->\n","protected":false},"excerpt":{"rendered":"<p>A 21\u00aa edi\u00e7\u00e3o do Jo\u00e3o Rock acontece neste s\u00e1bado (7), no Parque Permanente de Exposi\u00e7\u00f5es, em Ribeir\u00e3o Preto. A expectativa da organiza\u00e7\u00e3o \u00e9 receber mais&#8230;<\/p>\n","protected":false},"author":1,"featured_media":52179,"comment_status":"open","ping_status":"open","sticky":false,"template":"","format":"standard","meta":{"_uag_custom_page_level_css":"","advanced_seo_description":"","jetpack_seo_html_title":"","jetpack_seo_noindex":false,"jetpack_post_was_ever_published":false,"_jetpack_newsletter_access":"","_jetpack_dont_email_post_to_subs":false,"_jetpack_newsletter_tier_id":0,"_jetpack_memberships_contains_paywalled_content":false,"_jetpack_memberships_contains_paid_content":false,"footnotes":"","jetpack_publicize_message":"","jetpack_publicize_feature_enabled":true,"jetpack_social_post_already_shared":true,"jetpack_social_options":{"image_generator_settings":{"template":"highway","default_image_id":0,"font":"","enabled":false},"version":2}},"categories":[11],"tags":[],"class_list":["post-52178","post","type-post","status-publish","format-standard","has-post-thumbnail","hentry","category-noticias-de-ribeirao-preto-sp-e-regiao-ismael-colosi"],"jetpack_publicize_connections":[],"jetpack_featured_media_url":"https:\/\/i0.wp.com\/ismaelcolosi.com.br\/wp-content\/uploads\/2024\/06\/d9ec263333bb7b36a20d713242c47e2d_2024-06-04_18-13-53_jpeg_2024-06-04_18-13-53.webp.webp?fit=800%2C533&ssl=1","uagb_featured_image_src":{"full":["https:\/\/i0.wp.com\/ismaelcolosi.com.br\/wp-content\/uploads\/2024\/06\/d9ec263333bb7b36a20d713242c47e2d_2024-06-04_18-13-53_jpeg_2024-06-04_18-13-53.webp.webp?fit=800%2C533&ssl=1",800,533,false],"thumbnail":["https:\/\/i0.wp.com\/ismaelcolosi.com.br\/wp-content\/uploads\/2024\/06\/d9ec263333bb7b36a20d713242c47e2d_2024-06-04_18-13-53_jpeg_2024-06-04_18-13-53.webp.webp?resize=150%2C150&ssl=1",150,150,true],"medium":["https:\/\/i0.wp.com\/ismaelcolosi.com.br\/wp-content\/uploads\/2024\/06\/d9ec263333bb7b36a20d713242c47e2d_2024-06-04_18-13-53_jpeg_2024-06-04_18-13-53.webp.webp?fit=300%2C200&ssl=1",300,200,true],"medium_large":["https:\/\/i0.wp.com\/ismaelcolosi.com.br\/wp-content\/uploads\/2024\/06\/d9ec263333bb7b36a20d713242c47e2d_2024-06-04_18-13-53_jpeg_2024-06-04_18-13-53.webp.webp?fit=768%2C512&ssl=1",768,512,true],"large":["https:\/\/i0.wp.com\/ismaelcolosi.com.br\/wp-content\/uploads\/2024\/06\/d9ec263333bb7b36a20d713242c47e2d_2024-06-04_18-13-53_jpeg_2024-06-04_18-13-53.webp.webp?fit=800%2C533&ssl=1",800,533,true],"1536x1536":["https:\/\/i0.wp.com\/ismaelcolosi.com.br\/wp-content\/uploads\/2024\/06\/d9ec263333bb7b36a20d713242c47e2d_2024-06-04_18-13-53_jpeg_2024-06-04_18-13-53.webp.webp?fit=800%2C533&ssl=1",800,533,true],"2048x2048":["https:\/\/i0.wp.com\/ismaelcolosi.com.br\/wp-content\/uploads\/2024\/06\/d9ec263333bb7b36a20d713242c47e2d_2024-06-04_18-13-53_jpeg_2024-06-04_18-13-53.webp.webp?fit=800%2C533&ssl=1",800,533,true],"really-simple-thumb":["https:\/\/i0.wp.com\/ismaelcolosi.com.br\/wp-content\/uploads\/2024\/06\/d9ec263333bb7b36a20d713242c47e2d_2024-06-04_18-13-53_jpeg_2024-06-04_18-13-53.webp.webp?resize=370%2C247&ssl=1",370,247,true]},"uagb_author_info":{"display_name":"ismaelcolosi.com.br","author_link":"https:\/\/ismaelcolosi.com.br\/index.php\/author\/vidareal-online\/"},"uagb_comment_info":0,"uagb_excerpt":"A 21\u00aa edi\u00e7\u00e3o do Jo\u00e3o Rock acontece neste s\u00e1bado (7), no Parque Permanente de Exposi\u00e7\u00f5es, em Ribeir\u00e3o Preto. A expectativa da organiza\u00e7\u00e3o \u00e9 receber mais...","jetpack-related-posts":[{"id":52268,"url":"https:\/\/ismaelcolosi.com.br\/index.php\/2024\/06\/05\/joao-rock-o-que-pode-ou-nao-levar-ao-festival-em-ribeirao-preto-veja-a-lista\/","url_meta":{"origin":52178,"position":0},"title":"Jo\u00e3o Rock: O que pode ou n\u00e3o levar ao festival em Ribeir\u00e3o Preto? Veja a lista","author":"ismaelcolosi.com.br","date":"5 de June de 2024","format":false,"excerpt":"A 21\u00aa edi\u00e7\u00e3o do Jo\u00e3o Rock acontece neste s\u00e1bado (8), no Parque Permanente de Exposi\u00e7\u00f5es, em Ribeir\u00e3o Preto. S\u00e3o mais de 30 atra\u00e7\u00f5es da m\u00fasica nacional em quatro palcos, al\u00e9m de diferentes manifesta\u00e7\u00f5es art\u00edsticas, esportes radicais e a\u00e7\u00f5es interativas. No dia do evento \u00e9 obrigat\u00f3rio estar com a pulseira Jo\u00e3o\u2026","rel":"","context":"In &quot;Not\u00edcias de Ribeir\u00e3o Preto-SP e Regi\u00e3o&quot;","block_context":{"text":"Not\u00edcias de Ribeir\u00e3o Preto-SP e Regi\u00e3o","link":"https:\/\/ismaelcolosi.com.br\/index.php\/category\/noticias-de-ribeirao-preto-sp-e-regiao-ismael-colosi\/"},"img":{"alt_text":"","src":"https:\/\/i0.wp.com\/ismaelcolosi.com.br\/wp-content\/uploads\/2024\/06\/joao-rock-palco-principal_2024-06-05_11-47-29_jpeg_2024-06-05_11-47-30.webp.webp?fit=1200%2C800&ssl=1&resize=350%2C200","width":350,"height":200,"srcset":"https:\/\/i0.wp.com\/ismaelcolosi.com.br\/wp-content\/uploads\/2024\/06\/joao-rock-palco-principal_2024-06-05_11-47-29_jpeg_2024-06-05_11-47-30.webp.webp?fit=1200%2C800&ssl=1&resize=350%2C200 1x, https:\/\/i0.wp.com\/ismaelcolosi.com.br\/wp-content\/uploads\/2024\/06\/joao-rock-palco-principal_2024-06-05_11-47-29_jpeg_2024-06-05_11-47-30.webp.webp?fit=1200%2C800&ssl=1&resize=525%2C300 1.5x, https:\/\/i0.wp.com\/ismaelcolosi.com.br\/wp-content\/uploads\/2024\/06\/joao-rock-palco-principal_2024-06-05_11-47-29_jpeg_2024-06-05_11-47-30.webp.webp?fit=1200%2C800&ssl=1&resize=700%2C400 2x, https:\/\/i0.wp.com\/ismaelcolosi.com.br\/wp-content\/uploads\/2024\/06\/joao-rock-palco-principal_2024-06-05_11-47-29_jpeg_2024-06-05_11-47-30.webp.webp?fit=1200%2C800&ssl=1&resize=1050%2C600 3x"},"classes":[]},{"id":51551,"url":"https:\/\/ismaelcolosi.com.br\/index.php\/2024\/05\/28\/bungee-jump-roda-gigante-e-tirolesa-confira-experiencias-para-curtir-no-joao-rock-2024\/","url_meta":{"origin":52178,"position":1},"title":"Bungee Jump, roda-gigante e tirolesa: Confira experi\u00eancias para curtir no Jo\u00e3o Rock 2024","author":"ismaelcolosi.com.br","date":"28 de May de 2024","format":false,"excerpt":"A 21\u00aa edi\u00e7\u00e3o do Jo\u00e3o Rock, que acontece no dia 8 de junho, no Parque Permanente de Exposi\u00e7\u00f5es, em Ribeir\u00e3o Preto, al\u00e9m de receber uma maratona musical com mais de 14 horas, ter\u00e1 experi\u00eancias \u00fanicas para o \u2018p\u00fablico aventureiro\u2019 aproveitar ainda mais o festival. Os ingressos on-line para o evento\u2026","rel":"","context":"In &quot;Not\u00edcias de Ribeir\u00e3o Preto-SP e Regi\u00e3o&quot;","block_context":{"text":"Not\u00edcias de Ribeir\u00e3o Preto-SP e Regi\u00e3o","link":"https:\/\/ismaelcolosi.com.br\/index.php\/category\/noticias-de-ribeirao-preto-sp-e-regiao-ismael-colosi\/"},"img":{"alt_text":"","src":"https:\/\/i0.wp.com\/ismaelcolosi.com.br\/wp-content\/uploads\/2024\/05\/joxo_rock_2.jpg?fit=1200%2C800&ssl=1&resize=350%2C200","width":350,"height":200,"srcset":"https:\/\/i0.wp.com\/ismaelcolosi.com.br\/wp-content\/uploads\/2024\/05\/joxo_rock_2.jpg?fit=1200%2C800&ssl=1&resize=350%2C200 1x, https:\/\/i0.wp.com\/ismaelcolosi.com.br\/wp-content\/uploads\/2024\/05\/joxo_rock_2.jpg?fit=1200%2C800&ssl=1&resize=525%2C300 1.5x, https:\/\/i0.wp.com\/ismaelcolosi.com.br\/wp-content\/uploads\/2024\/05\/joxo_rock_2.jpg?fit=1200%2C800&ssl=1&resize=700%2C400 2x, https:\/\/i0.wp.com\/ismaelcolosi.com.br\/wp-content\/uploads\/2024\/05\/joxo_rock_2.jpg?fit=1200%2C800&ssl=1&resize=1050%2C600 3x"},"classes":[]},{"id":76462,"url":"https:\/\/ismaelcolosi.com.br\/index.php\/2024\/11\/13\/joao-rock-sera-no-dia-14-de-junho-de-2025\/","url_meta":{"origin":52178,"position":2},"title":"Jo\u00e3o Rock ser\u00e1 no dia 14 de junho de 2025","author":"ismaelcolosi.com.br","date":"13 de November de 2024","format":false,"excerpt":"O evento acontece em Ribeir\u00e3o Preto e espera reunir 70 mil pessoas, em um dia, no Parque Permanente de Exposi\u00e7\u00f5es 13 de novembro de 202413 de novembro de 202424 Compartilhar0 Seguindo sua voca\u00e7\u00e3o de fomentar a m\u00fasica nacional, o festival prepara mais uma edi\u00e7\u00e3o hist\u00f3rica. \u201cSem d\u00favidas, ser\u00e1 um evento\u2026","rel":"","context":"In &quot;Not\u00edcias de Ribeir\u00e3o Preto-SP e Regi\u00e3o&quot;","block_context":{"text":"Not\u00edcias de Ribeir\u00e3o Preto-SP e Regi\u00e3o","link":"https:\/\/ismaelcolosi.com.br\/index.php\/category\/noticias-de-ribeirao-preto-sp-e-regiao-ismael-colosi\/"},"img":{"alt_text":"","src":"https:\/\/i0.wp.com\/ismaelcolosi.com.br\/wp-content\/uploads\/2024\/11\/05b7b922-89b9-485f-8ae5-7f23926189c5-scaled.jpg?fit=800%2C450&ssl=1&resize=350%2C200","width":350,"height":200,"srcset":"https:\/\/i0.wp.com\/ismaelcolosi.com.br\/wp-content\/uploads\/2024\/11\/05b7b922-89b9-485f-8ae5-7f23926189c5-scaled.jpg?fit=800%2C450&ssl=1&resize=350%2C200 1x, https:\/\/i0.wp.com\/ismaelcolosi.com.br\/wp-content\/uploads\/2024\/11\/05b7b922-89b9-485f-8ae5-7f23926189c5-scaled.jpg?fit=800%2C450&ssl=1&resize=525%2C300 1.5x, https:\/\/i0.wp.com\/ismaelcolosi.com.br\/wp-content\/uploads\/2024\/11\/05b7b922-89b9-485f-8ae5-7f23926189c5-scaled.jpg?fit=800%2C450&ssl=1&resize=700%2C400 2x"},"classes":[]},{"id":52560,"url":"https:\/\/ismaelcolosi.com.br\/index.php\/2024\/06\/07\/tudo-o-que-voce-precisa-saber-sobre-o-joao-rock-festival-e-neste-sabado\/","url_meta":{"origin":52178,"position":3},"title":"Tudo o que voc\u00ea precisa saber sobre o Jo\u00e3o Rock; Festival \u00e9 neste s\u00e1bado","author":"ismaelcolosi.com.br","date":"7 de June de 2024","format":false,"excerpt":"Um dos maiores festivais de m\u00fasica do pa\u00eds, o Jo\u00e3o Rock chega com sua 21\u00aa edi\u00e7\u00e3o este s\u00e1bado (8), no Parque Permanente de Exposi\u00e7\u00f5es, em Ribeir\u00e3o Preto. S\u00e3o mais de 30 atra\u00e7\u00f5es nacionais em quatro palcos. Veja tudo o que voc\u00ea precisa saber para o Jo\u00e3o Rock 2024: Qual \u00e9\u2026","rel":"","context":"In &quot;Not\u00edcias de Ribeir\u00e3o Preto-SP e Regi\u00e3o&quot;","block_context":{"text":"Not\u00edcias de Ribeir\u00e3o Preto-SP e Regi\u00e3o","link":"https:\/\/ismaelcolosi.com.br\/index.php\/category\/noticias-de-ribeirao-preto-sp-e-regiao-ismael-colosi\/"},"img":{"alt_text":"","src":"https:\/\/i0.wp.com\/ismaelcolosi.com.br\/wp-content\/uploads\/2024\/06\/PRIDIA0603144402_2024-06-07_13-43-43_jpg_2024-06-07_13-43-43.webp.webp?fit=1200%2C800&ssl=1&resize=350%2C200","width":350,"height":200,"srcset":"https:\/\/i0.wp.com\/ismaelcolosi.com.br\/wp-content\/uploads\/2024\/06\/PRIDIA0603144402_2024-06-07_13-43-43_jpg_2024-06-07_13-43-43.webp.webp?fit=1200%2C800&ssl=1&resize=350%2C200 1x, https:\/\/i0.wp.com\/ismaelcolosi.com.br\/wp-content\/uploads\/2024\/06\/PRIDIA0603144402_2024-06-07_13-43-43_jpg_2024-06-07_13-43-43.webp.webp?fit=1200%2C800&ssl=1&resize=525%2C300 1.5x, https:\/\/i0.wp.com\/ismaelcolosi.com.br\/wp-content\/uploads\/2024\/06\/PRIDIA0603144402_2024-06-07_13-43-43_jpg_2024-06-07_13-43-43.webp.webp?fit=1200%2C800&ssl=1&resize=700%2C400 2x, https:\/\/i0.wp.com\/ismaelcolosi.com.br\/wp-content\/uploads\/2024\/06\/PRIDIA0603144402_2024-06-07_13-43-43_jpg_2024-06-07_13-43-43.webp.webp?fit=1200%2C800&ssl=1&resize=1050%2C600 3x"},"classes":[]},{"id":50929,"url":"https:\/\/ismaelcolosi.com.br\/index.php\/2024\/05\/21\/festival-joao-rock-abre-reservas-para-lockers\/","url_meta":{"origin":52178,"position":4},"title":"Festival Jo\u00e3o Rock abre reservas para lockers","author":"ismaelcolosi.com.br","date":"21 de May de 2024","format":false,"excerpt":"Festival Jo\u00e3o Rock abre reservas para lockersUnidades j\u00e1 est\u00e3o dispon\u00edveis no site oficial do evento: joaorock.com.br Para garantir que o p\u00fablico possa curtir com tranquilidade a maratona de 30 bandas em mais de 14 horas de programa\u00e7\u00e3o, o Jo\u00e3o Rock contar\u00e1 com o servi\u00e7o de lockers para armazenagem de itens\u2026","rel":"","context":"In &quot;Not\u00edcias de Ribeir\u00e3o Preto-SP e Regi\u00e3o&quot;","block_context":{"text":"Not\u00edcias de Ribeir\u00e3o Preto-SP e Regi\u00e3o","link":"https:\/\/ismaelcolosi.com.br\/index.php\/category\/noticias-de-ribeirao-preto-sp-e-regiao-ismael-colosi\/"},"img":{"alt_text":"","src":"https:\/\/i0.wp.com\/ismaelcolosi.com.br\/wp-content\/uploads\/2024\/05\/PRIDIA0603170545-scaled-1.jpg?fit=1200%2C800&ssl=1&resize=350%2C200","width":350,"height":200,"srcset":"https:\/\/i0.wp.com\/ismaelcolosi.com.br\/wp-content\/uploads\/2024\/05\/PRIDIA0603170545-scaled-1.jpg?fit=1200%2C800&ssl=1&resize=350%2C200 1x, https:\/\/i0.wp.com\/ismaelcolosi.com.br\/wp-content\/uploads\/2024\/05\/PRIDIA0603170545-scaled-1.jpg?fit=1200%2C800&ssl=1&resize=525%2C300 1.5x, https:\/\/i0.wp.com\/ismaelcolosi.com.br\/wp-content\/uploads\/2024\/05\/PRIDIA0603170545-scaled-1.jpg?fit=1200%2C800&ssl=1&resize=700%2C400 2x, https:\/\/i0.wp.com\/ismaelcolosi.com.br\/wp-content\/uploads\/2024\/05\/PRIDIA0603170545-scaled-1.jpg?fit=1200%2C800&ssl=1&resize=1050%2C600 3x"},"classes":[]},{"id":39584,"url":"https:\/\/ismaelcolosi.com.br\/index.php\/2024\/02\/27\/joao-rock-abre-pre-venda-de-ingressos-2\/","url_meta":{"origin":52178,"position":5},"title":"Jo\u00e3o Rock abre pr\u00e9-venda de ingressos","author":"ismaelcolosi.com.br","date":"27 de February de 2024","format":false,"excerpt":"Come\u00e7a nesta ter\u00e7a-feira, 27 de fevereiro, a partir do meio-dia|, a pr\u00e9-venda de ingressos para um dos principais festivais de m\u00fasica do pa\u00eds, o Jo\u00e3o Rock. A 21\u00aa edi\u00e7\u00e3o do evento acontece em 8 de junho, no Parque Permanente de Exposi\u00e7\u00f5es de Ribeir\u00e3o Preto.O lote disponibilizado para a pr\u00e9-venda, que\u2026","rel":"","context":"In &quot;Not\u00edcias de Ribeir\u00e3o Preto-SP e Regi\u00e3o&quot;","block_context":{"text":"Not\u00edcias de Ribeir\u00e3o Preto-SP e Regi\u00e3o","link":"https:\/\/ismaelcolosi.com.br\/index.php\/category\/noticias-de-ribeirao-preto-sp-e-regiao-ismael-colosi\/"},"img":{"alt_text":"","src":"https:\/\/i0.wp.com\/ismaelcolosi.com.br\/wp-content\/uploads\/2024\/02\/JoaoRock-Pul-Divulgacao-scaled.jpg?fit=1000%2C634&ssl=1&resize=350%2C200","width":350,"height":200,"srcset":"https:\/\/i0.wp.com\/ismaelcolosi.com.br\/wp-content\/uploads\/2024\/02\/JoaoRock-Pul-Divulgacao-scaled.jpg?fit=1000%2C634&ssl=1&resize=350%2C200 1x, https:\/\/i0.wp.com\/ismaelcolosi.com.br\/wp-content\/uploads\/2024\/02\/JoaoRock-Pul-Divulgacao-scaled.jpg?fit=1000%2C634&ssl=1&resize=525%2C300 1.5x, https:\/\/i0.wp.com\/ismaelcolosi.com.br\/wp-content\/uploads\/2024\/02\/JoaoRock-Pul-Divulgacao-scaled.jpg?fit=1000%2C634&ssl=1&resize=700%2C400 2x"},"classes":[]}],"jetpack_sharing_enabled":true,"jetpack_shortlink":"https:\/\/wp.me\/pfMlyK-dzA","_links":{"self":[{"href":"https:\/\/ismaelcolosi.com.br\/index.php\/wp-json\/wp\/v2\/posts\/52178","targetHints":{"allow":["GET"]}}],"collection":[{"href":"https:\/\/ismaelcolosi.com.br\/index.php\/wp-json\/wp\/v2\/posts"}],"about":[{"href":"https:\/\/ismaelcolosi.com.br\/index.php\/wp-json\/wp\/v2\/types\/post"}],"author":[{"embeddable":true,"href":"https:\/\/ismaelcolosi.com.br\/index.php\/wp-json\/wp\/v2\/users\/1"}],"replies":[{"embeddable":true,"href":"https:\/\/ismaelcolosi.com.br\/index.php\/wp-json\/wp\/v2\/comments?post=52178"}],"version-history":[{"count":0,"href":"https:\/\/ismaelcolosi.com.br\/index.php\/wp-json\/wp\/v2\/posts\/52178\/revisions"}],"wp:featuredmedia":[{"embeddable":true,"href":"https:\/\/ismaelcolosi.com.br\/index.php\/wp-json\/wp\/v2\/media\/52179"}],"wp:attachment":[{"href":"https:\/\/ismaelcolosi.com.br\/index.php\/wp-json\/wp\/v2\/media?parent=52178"}],"wp:term":[{"taxonomy":"category","embeddable":true,"href":"https:\/\/ismaelcolosi.com.br\/index.php\/wp-json\/wp\/v2\/categories?post=52178"},{"taxonomy":"post_tag","embeddable":true,"href":"https:\/\/ismaelcolosi.com.br\/index.php\/wp-json\/wp\/v2\/tags?post=52178"}],"curies":[{"name":"wp","href":"https:\/\/api.w.org\/{rel}","templated":true}]}}