{"id":52174,"date":"2024-06-04T15:30:47","date_gmt":"2024-06-04T18:30:47","guid":{"rendered":"https:\/\/ismaelcolosi.com.br\/index.php\/2024\/06\/04\/ainda-ha-ingressos-para-o-show-do-fat-family-na-regiao-de-ribeirao-preto\/"},"modified":"2024-06-04T15:30:47","modified_gmt":"2024-06-04T18:30:47","slug":"ainda-ha-ingressos-para-o-show-do-fat-family-na-regiao-de-ribeirao-preto","status":"publish","type":"post","link":"https:\/\/ismaelcolosi.com.br\/index.php\/2024\/06\/04\/ainda-ha-ingressos-para-o-show-do-fat-family-na-regiao-de-ribeirao-preto\/","title":{"rendered":"Ainda h\u00e1 ingressos para o show do Fat Family na regi\u00e3o de Ribeir\u00e3o Preto"},"content":{"rendered":"<p> <br \/>\n<\/p>\n<div data-td-block-uid=\"tdi_101\">\n<div class=\"tdb-block-inner td-fix-index\">\n<p>O <strong>show gratuito do grupo Fat Family<\/strong>, que acontece nesta <strong>quinta-feira<\/strong> (6), no<strong> Sesi Sert\u00e3ozinho<\/strong>, na regi\u00e3o de <strong>Ribeir\u00e3o Preto<\/strong>, ainda tem <strong>ingressos dispon\u00edveis<\/strong>.<\/p>\n<p>A <strong>apresenta\u00e7\u00e3o musical<\/strong> est\u00e1 marcada para \u00e0s <strong>20h <\/strong>e os <strong>ingressos<\/strong> podem reservados pelo <strong>site do Sesi \/ Meu Sesi<\/strong> (<strong><a href=\"https:\/\/sertaozinho.sesisp.org.br\/\" target=\"_blank\" rel=\"noreferrer noopener nofollow\">clique aqui<\/a><\/strong>) at\u00e9 momentos antes do in\u00edcio do show.<\/p>\n<p>O\u00a0<strong>grupo original\u00a0<\/strong>era composto pelos\u00a0<strong>sete irm\u00e3os<\/strong>\u00a0Sidney, Simone, Suzete, Katia, Celinha, Deise e Celinho. O primeiro disco do Fat Family foi lan\u00e7ado em 1998. A\u00a0<strong>oitava irm\u00e3<\/strong>\u00a0se juntou ao grupo ap\u00f3s o lan\u00e7amento do segundo \u00e1lbum.<\/p>\n<p><strong>Atualmente<\/strong>, o\u00a0<strong>Fat Family\u00a0<\/strong>\u00e9 formado pelas\u00a0<strong>irm\u00e3s Suzete Cipriano, K\u00e1tia Cipriano e Simone Cipriano<\/strong>.<\/p>\n<h2 class=\"wp-block-heading\"><strong>Servi\u00e7o:<\/strong><\/h2>\n<p><strong>Fat Family<br \/><\/strong>Data: 6 de junho<br \/>Hor\u00e1rio: 20h<br \/>Local: Sesi Sert\u00e3ozinho \u2013 rua: Jos\u00e9 Rodrigues Godinho, 100 \u2013 conjunto habitacional Maur\u00edlio Biagi<\/p>\n<p>SAIBA MAIS <\/p>\n<p>Confira os semifinalistas da Ta\u00e7a EPTV de Futsal Ribeir\u00e3o 2024<\/p>\n<h4 class=\"wp-block-heading\"><strong>FIQUE ON<\/strong><\/h4>\n<p>Fique ligado em tudo que acontece em Ribeir\u00e3o Preto e regi\u00e3o. Siga os perfis do\u00a0<strong>acidade on\u00a0<\/strong>no\u00a0<a href=\"https:\/\/www.instagram.com\/acidadeonribeirao\" target=\"_blank\" rel=\"noreferrer noopener\">Instagram<\/a>\u00a0e no\u00a0<a href=\"https:\/\/www.facebook.com\/acidadeonribeirao\" target=\"_blank\" rel=\"noreferrer noopener\">Facebook<\/a>.<\/p>\n<p>Receba not\u00edcias do acidade on no WhatsApp. Para entrar no grupo, basta\u00a0<a href=\"https:\/\/chat.whatsapp.com\/CdrZ6xrf7quD44Vw3WlPuZ\" target=\"_blank\" rel=\"noreferrer noopener\">clicar aqui<\/a>.<\/p>\n<p>Fa\u00e7a uma den\u00fancia ou sugira uma reportagem sobre Ribeir\u00e3o Preto e regi\u00e3o pelo WhatsApp:\u00a016 99117 7802.<\/p>\n<p>VEJA TAMB\u00c9M<\/p>\n<p>F1: Sergio P\u00e9rez renova com a RBR e seguir\u00e1 como companheiro de Max Verstappen<\/p>\n<p><!-- AI CONTENT END 1 -->\n<\/div>\n<\/div>\n<p><script async src=\"\/\/www.instagram.com\/embed.js\"><\/script><br \/>\n<br \/><br \/>\n<br \/><a href=\"https:\/\/www.acidadeon.com\/ribeiraopreto\/lazer-e-cultura\/ainda-ha-ingressos-para-o-show-do-fat-family-na-regiao-de-ribeirao-preto\/\">Source link <\/a><\/p>\n<div class='code-block code-block-4' style='margin: 8px auto 8px 0; text-align: left; display: block; clear: both;'>\n\ud83d\udce2 Aviso Legal\n\nO site ismaelcolosi.com.br atua apenas como um canal de divulga\u00e7\u00e3o de oportunidades de emprego e n\u00e3o se responsabiliza pelo processo seletivo, contrata\u00e7\u00e3o ou qualquer outra etapa relacionada \u00e0s vagas publicadas. Todas as informa\u00e7\u00f5es s\u00e3o de responsabilidade dos anunciantes.\n\n\u26a0\ufe0f Aten\u00e7\u00e3o! Nunca pague por promessas de emprego nem compre cursos que garantam contrata\u00e7\u00e3o. Desconfie de qualquer cobran\u00e7a para participar de sele\u00e7\u00f5es.\n\n\n\n<\/div>\n<!-- CONTENT END 1 -->\n","protected":false},"excerpt":{"rendered":"<p>O show gratuito do grupo Fat Family, que acontece nesta quinta-feira (6), no Sesi Sert\u00e3ozinho, na regi\u00e3o de Ribeir\u00e3o Preto, ainda tem ingressos dispon\u00edveis. A&#8230;<\/p>\n","protected":false},"author":1,"featured_media":52175,"comment_status":"open","ping_status":"open","sticky":false,"template":"","format":"standard","meta":{"_uag_custom_page_level_css":"","advanced_seo_description":"","jetpack_seo_html_title":"","jetpack_seo_noindex":false,"jetpack_post_was_ever_published":false,"_jetpack_newsletter_access":"","_jetpack_dont_email_post_to_subs":false,"_jetpack_newsletter_tier_id":0,"_jetpack_memberships_contains_paywalled_content":false,"_jetpack_memberships_contains_paid_content":false,"footnotes":"","jetpack_publicize_message":"","jetpack_publicize_feature_enabled":true,"jetpack_social_post_already_shared":true,"jetpack_social_options":{"image_generator_settings":{"template":"highway","default_image_id":0,"font":"","enabled":false},"version":2}},"categories":[11],"tags":[],"class_list":["post-52174","post","type-post","status-publish","format-standard","has-post-thumbnail","hentry","category-noticias-de-ribeirao-preto-sp-e-regiao-ismael-colosi"],"jetpack_publicize_connections":[],"jetpack_featured_media_url":"https:\/\/i0.wp.com\/ismaelcolosi.com.br\/wp-content\/uploads\/2024\/06\/Copia-de-Copia-de-TAMANHO-EXATO-PARA-FOTOS-NO-SISTEMA-NOVO-24_2024-05-21_16-14-55_jpg_2024-05-21_16-14-55.webp.webp?fit=1200%2C675&ssl=1","uagb_featured_image_src":{"full":["https:\/\/i0.wp.com\/ismaelcolosi.com.br\/wp-content\/uploads\/2024\/06\/Copia-de-Copia-de-TAMANHO-EXATO-PARA-FOTOS-NO-SISTEMA-NOVO-24_2024-05-21_16-14-55_jpg_2024-05-21_16-14-55.webp.webp?fit=1200%2C675&ssl=1",1200,675,false],"thumbnail":["https:\/\/i0.wp.com\/ismaelcolosi.com.br\/wp-content\/uploads\/2024\/06\/Copia-de-Copia-de-TAMANHO-EXATO-PARA-FOTOS-NO-SISTEMA-NOVO-24_2024-05-21_16-14-55_jpg_2024-05-21_16-14-55.webp.webp?resize=150%2C150&ssl=1",150,150,true],"medium":["https:\/\/i0.wp.com\/ismaelcolosi.com.br\/wp-content\/uploads\/2024\/06\/Copia-de-Copia-de-TAMANHO-EXATO-PARA-FOTOS-NO-SISTEMA-NOVO-24_2024-05-21_16-14-55_jpg_2024-05-21_16-14-55.webp.webp?fit=300%2C169&ssl=1",300,169,true],"medium_large":["https:\/\/i0.wp.com\/ismaelcolosi.com.br\/wp-content\/uploads\/2024\/06\/Copia-de-Copia-de-TAMANHO-EXATO-PARA-FOTOS-NO-SISTEMA-NOVO-24_2024-05-21_16-14-55_jpg_2024-05-21_16-14-55.webp.webp?fit=768%2C432&ssl=1",768,432,true],"large":["https:\/\/i0.wp.com\/ismaelcolosi.com.br\/wp-content\/uploads\/2024\/06\/Copia-de-Copia-de-TAMANHO-EXATO-PARA-FOTOS-NO-SISTEMA-NOVO-24_2024-05-21_16-14-55_jpg_2024-05-21_16-14-55.webp.webp?fit=1024%2C576&ssl=1",1024,576,true],"1536x1536":["https:\/\/i0.wp.com\/ismaelcolosi.com.br\/wp-content\/uploads\/2024\/06\/Copia-de-Copia-de-TAMANHO-EXATO-PARA-FOTOS-NO-SISTEMA-NOVO-24_2024-05-21_16-14-55_jpg_2024-05-21_16-14-55.webp.webp?fit=1200%2C675&ssl=1",1200,675,true],"2048x2048":["https:\/\/i0.wp.com\/ismaelcolosi.com.br\/wp-content\/uploads\/2024\/06\/Copia-de-Copia-de-TAMANHO-EXATO-PARA-FOTOS-NO-SISTEMA-NOVO-24_2024-05-21_16-14-55_jpg_2024-05-21_16-14-55.webp.webp?fit=1200%2C675&ssl=1",1200,675,true],"really-simple-thumb":["https:\/\/i0.wp.com\/ismaelcolosi.com.br\/wp-content\/uploads\/2024\/06\/Copia-de-Copia-de-TAMANHO-EXATO-PARA-FOTOS-NO-SISTEMA-NOVO-24_2024-05-21_16-14-55_jpg_2024-05-21_16-14-55.webp.webp?resize=370%2C247&ssl=1",370,247,true]},"uagb_author_info":{"display_name":"ismaelcolosi.com.br","author_link":"https:\/\/ismaelcolosi.com.br\/index.php\/author\/vidareal-online\/"},"uagb_comment_info":0,"uagb_excerpt":"O show gratuito do grupo Fat Family, que acontece nesta quinta-feira (6), no Sesi Sert\u00e3ozinho, na regi\u00e3o de Ribeir\u00e3o Preto, ainda tem ingressos dispon\u00edveis. A...","jetpack-related-posts":[{"id":49876,"url":"https:\/\/ismaelcolosi.com.br\/index.php\/2024\/05\/13\/fat-family-faz-show-gratuito-na-regiao-de-ribeirao-preto\/","url_meta":{"origin":52174,"position":0},"title":"Fat Family faz show gratuito na regi\u00e3o de Ribeir\u00e3o Preto","author":"ismaelcolosi.com.br","date":"13 de May de 2024","format":false,"excerpt":"O grupo Fat Family faz show gratuito em Sert\u00e3ozinho, cidade a 22 quil\u00f4metros de Ribeir\u00e3o Preto, no dia 6 de junho. A apresenta\u00e7\u00e3o musical ser\u00e1 no Sesi da cidade, \u00e0s 20h. Para garantir a participa\u00e7\u00e3o no show do grupo, que fez sucesso nos anos 90 e 2000, o p\u00fablico pode\u2026","rel":"","context":"In &quot;Not\u00edcias de Ribeir\u00e3o Preto-SP e Regi\u00e3o&quot;","block_context":{"text":"Not\u00edcias de Ribeir\u00e3o Preto-SP e Regi\u00e3o","link":"https:\/\/ismaelcolosi.com.br\/index.php\/category\/noticias-de-ribeirao-preto-sp-e-regiao-ismael-colosi\/"},"img":{"alt_text":"","src":"https:\/\/i0.wp.com\/ismaelcolosi.com.br\/wp-content\/uploads\/2024\/05\/AnyConv.com__Copia-de-Copia-de-TAMANHO-EXATO-PARA-FOTOS-NO-SISTEMA-NOVO-4_2024-05-13_22-05-34.webp.webp?fit=1200%2C675&ssl=1&resize=350%2C200","width":350,"height":200,"srcset":"https:\/\/i0.wp.com\/ismaelcolosi.com.br\/wp-content\/uploads\/2024\/05\/AnyConv.com__Copia-de-Copia-de-TAMANHO-EXATO-PARA-FOTOS-NO-SISTEMA-NOVO-4_2024-05-13_22-05-34.webp.webp?fit=1200%2C675&ssl=1&resize=350%2C200 1x, https:\/\/i0.wp.com\/ismaelcolosi.com.br\/wp-content\/uploads\/2024\/05\/AnyConv.com__Copia-de-Copia-de-TAMANHO-EXATO-PARA-FOTOS-NO-SISTEMA-NOVO-4_2024-05-13_22-05-34.webp.webp?fit=1200%2C675&ssl=1&resize=525%2C300 1.5x, https:\/\/i0.wp.com\/ismaelcolosi.com.br\/wp-content\/uploads\/2024\/05\/AnyConv.com__Copia-de-Copia-de-TAMANHO-EXATO-PARA-FOTOS-NO-SISTEMA-NOVO-4_2024-05-13_22-05-34.webp.webp?fit=1200%2C675&ssl=1&resize=700%2C400 2x, https:\/\/i0.wp.com\/ismaelcolosi.com.br\/wp-content\/uploads\/2024\/05\/AnyConv.com__Copia-de-Copia-de-TAMANHO-EXATO-PARA-FOTOS-NO-SISTEMA-NOVO-4_2024-05-13_22-05-34.webp.webp?fit=1200%2C675&ssl=1&resize=1050%2C600 3x"},"classes":[]},{"id":39112,"url":"https:\/\/ismaelcolosi.com.br\/index.php\/2024\/02\/23\/confira-as-opcoes-para-aproveitar-o-ultimo-final-de-semana-de-fevereiro-em-ribeirao-preto\/","url_meta":{"origin":52174,"position":1},"title":"Confira as op\u00e7\u00f5es para aproveitar o \u00faltimo final de semana de fevereiro em Ribeir\u00e3o Preto","author":"ismaelcolosi.com.br","date":"23 de February de 2024","format":false,"excerpt":"Para aproveitar o \u00faltimo final de semana de fevereiro, Ribeir\u00e3o Preto oferece uma programa\u00e7\u00e3o diversificada para se divertir com fam\u00edlia e amigos. Entre as op\u00e7\u00f5es tem pe\u00e7as de teatros, shows e mais. Confira: Teatro Minaz Na sexta-feira (23), o Teatro Minaz recebe duas sess\u00f5es do espet\u00e1culo Candlelight: Tributo a Coldplay,\u2026","rel":"","context":"In &quot;Not\u00edcias de Ribeir\u00e3o Preto-SP e Regi\u00e3o&quot;","block_context":{"text":"Not\u00edcias de Ribeir\u00e3o Preto-SP e Regi\u00e3o","link":"https:\/\/ismaelcolosi.com.br\/index.php\/category\/noticias-de-ribeirao-preto-sp-e-regiao-ismael-colosi\/"},"img":{"alt_text":"","src":"https:\/\/i0.wp.com\/ismaelcolosi.com.br\/wp-content\/uploads\/2024\/02\/thumbnail_maria-da-luz_cia-dos-naufragos_credito-Marcel-Vecchia_divulgacao_2-1-1.jpg?fit=1200%2C800&ssl=1&resize=350%2C200","width":350,"height":200,"srcset":"https:\/\/i0.wp.com\/ismaelcolosi.com.br\/wp-content\/uploads\/2024\/02\/thumbnail_maria-da-luz_cia-dos-naufragos_credito-Marcel-Vecchia_divulgacao_2-1-1.jpg?fit=1200%2C800&ssl=1&resize=350%2C200 1x, https:\/\/i0.wp.com\/ismaelcolosi.com.br\/wp-content\/uploads\/2024\/02\/thumbnail_maria-da-luz_cia-dos-naufragos_credito-Marcel-Vecchia_divulgacao_2-1-1.jpg?fit=1200%2C800&ssl=1&resize=525%2C300 1.5x, https:\/\/i0.wp.com\/ismaelcolosi.com.br\/wp-content\/uploads\/2024\/02\/thumbnail_maria-da-luz_cia-dos-naufragos_credito-Marcel-Vecchia_divulgacao_2-1-1.jpg?fit=1200%2C800&ssl=1&resize=700%2C400 2x, https:\/\/i0.wp.com\/ismaelcolosi.com.br\/wp-content\/uploads\/2024\/02\/thumbnail_maria-da-luz_cia-dos-naufragos_credito-Marcel-Vecchia_divulgacao_2-1-1.jpg?fit=1200%2C800&ssl=1&resize=1050%2C600 3x"},"classes":[]},{"id":62450,"url":"https:\/\/ismaelcolosi.com.br\/index.php\/2024\/08\/27\/renato-teixeira-faz-show-gratuito-na-regiao-de-ribeirao-preto\/","url_meta":{"origin":52174,"position":2},"title":"Renato Teixeira faz show gratuito na regi\u00e3o de Ribeir\u00e3o Preto","author":"ismaelcolosi.com.br","date":"27 de August de 2024","format":false,"excerpt":"O cantor Renato Teixeira ir\u00e1 se apresentar gratuitamente no Sesi Sert\u00e3ozinho, na regi\u00e3o de Ribeir\u00e3o Preto, com a turn\u00ea \u201cEstrada Eu Sou\u201d, que descreve andan\u00e7a da m\u00fasica pelo Brasil afora. O evento acontece no Sesi Sert\u00e3ozinho, no dia 27 de setembro, \u00e0s 20h. A classifica\u00e7\u00e3o indicativa \u00e9 livre. Para clientes\u2026","rel":"","context":"In &quot;Not\u00edcias de Ribeir\u00e3o Preto-SP e Regi\u00e3o&quot;","block_context":{"text":"Not\u00edcias de Ribeir\u00e3o Preto-SP e Regi\u00e3o","link":"https:\/\/ismaelcolosi.com.br\/index.php\/category\/noticias-de-ribeirao-preto-sp-e-regiao-ismael-colosi\/"},"img":{"alt_text":"","src":"https:\/\/i0.wp.com\/ismaelcolosi.com.br\/wp-content\/uploads\/2024\/08\/Copia-de-Copia-de-Copia-de-TAMANHO-EXATO-PARA-FOTOS-NO-SISTEMA-NOVO-8_2024-08-27_17-18-18_jpg_2024-08-27_17-18-18.webp.webp?fit=1200%2C675&ssl=1&resize=350%2C200","width":350,"height":200,"srcset":"https:\/\/i0.wp.com\/ismaelcolosi.com.br\/wp-content\/uploads\/2024\/08\/Copia-de-Copia-de-Copia-de-TAMANHO-EXATO-PARA-FOTOS-NO-SISTEMA-NOVO-8_2024-08-27_17-18-18_jpg_2024-08-27_17-18-18.webp.webp?fit=1200%2C675&ssl=1&resize=350%2C200 1x, https:\/\/i0.wp.com\/ismaelcolosi.com.br\/wp-content\/uploads\/2024\/08\/Copia-de-Copia-de-Copia-de-TAMANHO-EXATO-PARA-FOTOS-NO-SISTEMA-NOVO-8_2024-08-27_17-18-18_jpg_2024-08-27_17-18-18.webp.webp?fit=1200%2C675&ssl=1&resize=525%2C300 1.5x, https:\/\/i0.wp.com\/ismaelcolosi.com.br\/wp-content\/uploads\/2024\/08\/Copia-de-Copia-de-Copia-de-TAMANHO-EXATO-PARA-FOTOS-NO-SISTEMA-NOVO-8_2024-08-27_17-18-18_jpg_2024-08-27_17-18-18.webp.webp?fit=1200%2C675&ssl=1&resize=700%2C400 2x, https:\/\/i0.wp.com\/ismaelcolosi.com.br\/wp-content\/uploads\/2024\/08\/Copia-de-Copia-de-Copia-de-TAMANHO-EXATO-PARA-FOTOS-NO-SISTEMA-NOVO-8_2024-08-27_17-18-18_jpg_2024-08-27_17-18-18.webp.webp?fit=1200%2C675&ssl=1&resize=1050%2C600 3x"},"classes":[]},{"id":72404,"url":"https:\/\/ismaelcolosi.com.br\/index.php\/2024\/10\/21\/sesi-ribeirao-tem-programacao-com-shows-de-rock-jazz-viola-caipira-forro-e-ritmos-africanos\/","url_meta":{"origin":52174,"position":3},"title":"Sesi Ribeir\u00e3o tem programa\u00e7\u00e3o com shows de rock, jazz, viola caipira, forr\u00f3 e ritmos africanos","author":"ismaelcolosi.com.br","date":"21 de October de 2024","format":false,"excerpt":"O Sesi Ribeir\u00e3o Preto oferece uma programa\u00e7\u00e3o cultural com muita diversidade musical, passando pelos g\u00eaneros de jazz, rock, viola caipira, forr\u00f3 e ritmos africanos. Ao todo s\u00e3o cinco atra\u00e7\u00f5es para todas as idades. A entrada \u00e9 gratuita. Confira a programa\u00e7\u00e3o Nesta quinta-feira (24), \u00e0s 19h30, a banda Pitoresco promete um\u2026","rel":"","context":"In &quot;Not\u00edcias de Ribeir\u00e3o Preto-SP e Regi\u00e3o&quot;","block_context":{"text":"Not\u00edcias de Ribeir\u00e3o Preto-SP e Regi\u00e3o","link":"https:\/\/ismaelcolosi.com.br\/index.php\/category\/noticias-de-ribeirao-preto-sp-e-regiao-ismael-colosi\/"},"img":{"alt_text":"","src":"https:\/\/i0.wp.com\/ismaelcolosi.com.br\/wp-content\/uploads\/2024\/10\/ae451ad3-3ad9-49dc-8d23-6ba32dc0e266_2024-10-21_15-52-48_jpg_2024-10-21_15-52-48.webp.webp?fit=1200%2C800&ssl=1&resize=350%2C200","width":350,"height":200,"srcset":"https:\/\/i0.wp.com\/ismaelcolosi.com.br\/wp-content\/uploads\/2024\/10\/ae451ad3-3ad9-49dc-8d23-6ba32dc0e266_2024-10-21_15-52-48_jpg_2024-10-21_15-52-48.webp.webp?fit=1200%2C800&ssl=1&resize=350%2C200 1x, https:\/\/i0.wp.com\/ismaelcolosi.com.br\/wp-content\/uploads\/2024\/10\/ae451ad3-3ad9-49dc-8d23-6ba32dc0e266_2024-10-21_15-52-48_jpg_2024-10-21_15-52-48.webp.webp?fit=1200%2C800&ssl=1&resize=525%2C300 1.5x, https:\/\/i0.wp.com\/ismaelcolosi.com.br\/wp-content\/uploads\/2024\/10\/ae451ad3-3ad9-49dc-8d23-6ba32dc0e266_2024-10-21_15-52-48_jpg_2024-10-21_15-52-48.webp.webp?fit=1200%2C800&ssl=1&resize=700%2C400 2x, https:\/\/i0.wp.com\/ismaelcolosi.com.br\/wp-content\/uploads\/2024\/10\/ae451ad3-3ad9-49dc-8d23-6ba32dc0e266_2024-10-21_15-52-48_jpg_2024-10-21_15-52-48.webp.webp?fit=1200%2C800&ssl=1&resize=1050%2C600 3x"},"classes":[]},{"id":3645,"url":"https:\/\/ismaelcolosi.com.br\/index.php\/2023\/11\/19\/saiba-como-reservar-ingresso-para-show-gratuito-do-mumuzinho-em-ribeirao\/","url_meta":{"origin":52174,"position":4},"title":"Saiba como reservar ingresso para show gratuito do Mumuzinho em Ribeir\u00e3o","author":"ismaelcolosi.com.br","date":"19 de November de 2023","format":false,"excerpt":"O primeiro lote dos ingressos gratuitos para a apresenta\u00e7\u00e3o do cantor Mumuzinho, no dia 23 de novembro, \u00e0s 20h, no Sesi Ribeir\u00e3o, come\u00e7ou a ser distribu\u00eddo. A entrega se iniciou no s\u00e1bado (18) e permanece dispon\u00edvel, neste domingo (19), at\u00e9 \u00e0s 17h, no teatro\u00a0da institui\u00e7\u00e3o,\u00a0na rua Jo\u00e3o Ignacchitti, Jardim Castelo\u2026","rel":"","context":"In &quot;Not\u00edcias de Ribeir\u00e3o Preto-SP e Regi\u00e3o&quot;","block_context":{"text":"Not\u00edcias de Ribeir\u00e3o Preto-SP e Regi\u00e3o","link":"https:\/\/ismaelcolosi.com.br\/index.php\/category\/noticias-de-ribeirao-preto-sp-e-regiao-ismael-colosi\/"},"img":{"alt_text":"","src":"https:\/\/i0.wp.com\/ismaelcolosi.com.br\/wp-content\/uploads\/2023\/11\/1700410752_f4e1331a-57cd-4255-bf34-4b5eac437b21.png?fit=1066%2C600&ssl=1&resize=350%2C200","width":350,"height":200,"srcset":"https:\/\/i0.wp.com\/ismaelcolosi.com.br\/wp-content\/uploads\/2023\/11\/1700410752_f4e1331a-57cd-4255-bf34-4b5eac437b21.png?fit=1066%2C600&ssl=1&resize=350%2C200 1x, https:\/\/i0.wp.com\/ismaelcolosi.com.br\/wp-content\/uploads\/2023\/11\/1700410752_f4e1331a-57cd-4255-bf34-4b5eac437b21.png?fit=1066%2C600&ssl=1&resize=525%2C300 1.5x, https:\/\/i0.wp.com\/ismaelcolosi.com.br\/wp-content\/uploads\/2023\/11\/1700410752_f4e1331a-57cd-4255-bf34-4b5eac437b21.png?fit=1066%2C600&ssl=1&resize=700%2C400 2x, https:\/\/i0.wp.com\/ismaelcolosi.com.br\/wp-content\/uploads\/2023\/11\/1700410752_f4e1331a-57cd-4255-bf34-4b5eac437b21.png?fit=1066%2C600&ssl=1&resize=1050%2C600 3x"},"classes":[]},{"id":40716,"url":"https:\/\/ismaelcolosi.com.br\/index.php\/2024\/03\/05\/sesi-divulga-programacao-gratuita-de-teatro-em-ribeirao-preto-confira\/","url_meta":{"origin":52174,"position":5},"title":"Sesi divulga programa\u00e7\u00e3o gratuita de teatro em Ribeir\u00e3o Preto; Confira","author":"ismaelcolosi.com.br","date":"5 de March de 2024","format":false,"excerpt":"O Sesi anunciou a programa\u00e7\u00e3o gratuita de teatro para o pr\u00f3ximo final de semana, em Ribeir\u00e3o Preto. Conta\u00e7\u00e3o de hist\u00f3ria e musical infantil ser\u00e3o apresentados no Teatro Sesi. Confira: A partir de sexta-feira (8), o grupo Teatro D\u2019Aldeia apresenta a pe\u00e7a musical \u201cThe Bichos\u201d em dois finais de semana. Os\u2026","rel":"","context":"In &quot;Not\u00edcias de Ribeir\u00e3o Preto-SP e Regi\u00e3o&quot;","block_context":{"text":"Not\u00edcias de Ribeir\u00e3o Preto-SP e Regi\u00e3o","link":"https:\/\/ismaelcolosi.com.br\/index.php\/category\/noticias-de-ribeirao-preto-sp-e-regiao-ismael-colosi\/"},"img":{"alt_text":"","src":"https:\/\/i0.wp.com\/ismaelcolosi.com.br\/wp-content\/uploads\/2024\/03\/AnyConv.com__The-Bichos_Foto01-scaled.webp.webp?fit=1200%2C800&ssl=1&resize=350%2C200","width":350,"height":200,"srcset":"https:\/\/i0.wp.com\/ismaelcolosi.com.br\/wp-content\/uploads\/2024\/03\/AnyConv.com__The-Bichos_Foto01-scaled.webp.webp?fit=1200%2C800&ssl=1&resize=350%2C200 1x, https:\/\/i0.wp.com\/ismaelcolosi.com.br\/wp-content\/uploads\/2024\/03\/AnyConv.com__The-Bichos_Foto01-scaled.webp.webp?fit=1200%2C800&ssl=1&resize=525%2C300 1.5x, https:\/\/i0.wp.com\/ismaelcolosi.com.br\/wp-content\/uploads\/2024\/03\/AnyConv.com__The-Bichos_Foto01-scaled.webp.webp?fit=1200%2C800&ssl=1&resize=700%2C400 2x, https:\/\/i0.wp.com\/ismaelcolosi.com.br\/wp-content\/uploads\/2024\/03\/AnyConv.com__The-Bichos_Foto01-scaled.webp.webp?fit=1200%2C800&ssl=1&resize=1050%2C600 3x"},"classes":[]}],"jetpack_sharing_enabled":true,"jetpack_shortlink":"https:\/\/wp.me\/pfMlyK-dzw","_links":{"self":[{"href":"https:\/\/ismaelcolosi.com.br\/index.php\/wp-json\/wp\/v2\/posts\/52174","targetHints":{"allow":["GET"]}}],"collection":[{"href":"https:\/\/ismaelcolosi.com.br\/index.php\/wp-json\/wp\/v2\/posts"}],"about":[{"href":"https:\/\/ismaelcolosi.com.br\/index.php\/wp-json\/wp\/v2\/types\/post"}],"author":[{"embeddable":true,"href":"https:\/\/ismaelcolosi.com.br\/index.php\/wp-json\/wp\/v2\/users\/1"}],"replies":[{"embeddable":true,"href":"https:\/\/ismaelcolosi.com.br\/index.php\/wp-json\/wp\/v2\/comments?post=52174"}],"version-history":[{"count":0,"href":"https:\/\/ismaelcolosi.com.br\/index.php\/wp-json\/wp\/v2\/posts\/52174\/revisions"}],"wp:featuredmedia":[{"embeddable":true,"href":"https:\/\/ismaelcolosi.com.br\/index.php\/wp-json\/wp\/v2\/media\/52175"}],"wp:attachment":[{"href":"https:\/\/ismaelcolosi.com.br\/index.php\/wp-json\/wp\/v2\/media?parent=52174"}],"wp:term":[{"taxonomy":"category","embeddable":true,"href":"https:\/\/ismaelcolosi.com.br\/index.php\/wp-json\/wp\/v2\/categories?post=52174"},{"taxonomy":"post_tag","embeddable":true,"href":"https:\/\/ismaelcolosi.com.br\/index.php\/wp-json\/wp\/v2\/tags?post=52174"}],"curies":[{"name":"wp","href":"https:\/\/api.w.org\/{rel}","templated":true}]}}