{"id":52172,"date":"2024-06-04T15:17:35","date_gmt":"2024-06-04T18:17:35","guid":{"rendered":"https:\/\/ismaelcolosi.com.br\/index.php\/2024\/06\/04\/ribeirao-preto-recebe-encontro-de-carros-antigos-veja-data-e-como-comprar-ingressos\/"},"modified":"2024-06-04T15:17:35","modified_gmt":"2024-06-04T18:17:35","slug":"ribeirao-preto-recebe-encontro-de-carros-antigos-veja-data-e-como-comprar-ingressos","status":"publish","type":"post","link":"https:\/\/ismaelcolosi.com.br\/index.php\/2024\/06\/04\/ribeirao-preto-recebe-encontro-de-carros-antigos-veja-data-e-como-comprar-ingressos\/","title":{"rendered":"Ribeir\u00e3o Preto recebe encontro de carros antigos; Veja data e como comprar ingressos"},"content":{"rendered":"<p> <br \/>\n<\/p>\n<div data-td-block-uid=\"tdi_101\">\n<div class=\"tdb-block-inner td-fix-index\">\n<p><strong>O evento que promete reurnir amantes de carros antigos, rebaixados e modificados, conhecido como \u201cLow Style States Conection\u201d, ser\u00e1 realizado no pr\u00f3ximo domingo (9), a partir das 9h, no Est\u00e1dio Palma Travassos (Comercial), em Ribeir\u00e3o Preto.<\/strong><\/p>\n<p>Al\u00e9m dos carros, o encontro ter\u00e1 estande de tatuagem, com o tatuador <strong>Matheus Seabra<\/strong>, a presen\u00e7a de <strong>Alexandre Toretto<\/strong>, considerado s\u00f3sia do <strong>ator Vin Diesel<\/strong>, <strong>F-250 Autogiro<\/strong>, al\u00e9m de manobras com motos e outras atra\u00e7\u00f5es.<\/p>\n<p>Os <strong>ingressos<\/strong> est\u00e3o sendo vendidos on-line (<a href=\"https:\/\/www.sympla.com.br\/evento\/low-style-states-conection-c-klebin-ed\/2368943?fbclid=IwZXh0bgNhZW0CMTAAAR1rY-JFaqNIh_DL6eFhupx1M3XcdQ2462tWeIJlm_vaiSL8hH6Ii0OAick_aem_AeZVXI5TK1EAxNZDj19Hzp0bddzBvaP7nCyktBeWaNZr0JG_UfbBy-cqpUO9Jri4y7SgVC5YH3g1zWMxu23A8orW&amp;referrer=l.facebook.com\" target=\"_blank\" rel=\"noreferrer noopener\">clique aqui<\/a>). <mark style=\"background-color:#fcb900\" class=\"has-inline-color has-black-color\">Confira os pre\u00e7os:<\/mark><\/p>\n<ul>\n<li>Carro + motorista | R$ 50<\/li>\n<li>Pedestre + passageiro | R$ 15<\/li>\n<\/ul>\n<p>Para aqueles que adquirirem o ingresso de pedestre ou passageiro, \u00e9 <strong>obrigat\u00f3rio<\/strong> levar <strong>1 kg de<\/strong> <strong>alimento n\u00e3o perec\u00edvel<\/strong>.<\/p>\n<p>Os alimentos arrecadados ser\u00e3o doados para entidades assistenciais.<\/p>\n<h2 class=\"wp-block-heading\"><strong>Servi\u00e7o<\/strong><\/h2>\n<p><em>Low Style States Conection<\/em> \u2013 <em>Encontro de carros antigos <\/em><\/p>\n<p><strong>Quando:<\/strong> 9 de junho, domingo <br \/><strong>Hor\u00e1rio:<\/strong> Das 9h \u00e0s 17h <br \/><strong>Local:<\/strong> Est\u00e1dio Palma Travassos (Comercial) <br \/><strong>Endere\u00e7o:<\/strong> Avenida Doutor Pl\u00ednio de Castro Prado, 1.000 \u2013 Jardim Palma Travassos<br \/><strong>Ingressos:<\/strong> A partir de R$ 15 no site (<a href=\"https:\/\/www.sympla.com.br\/evento\/low-style-states-conection-c-klebin-ed\/2368943?fbclid=IwZXh0bgNhZW0CMTAAAR1rY-JFaqNIh_DL6eFhupx1M3XcdQ2462tWeIJlm_vaiSL8hH6Ii0OAick_aem_AeZVXI5TK1EAxNZDj19Hzp0bddzBvaP7nCyktBeWaNZr0JG_UfbBy-cqpUO9Jri4y7SgVC5YH3g1zWMxu23A8orW&amp;referrer=l.facebook.com\" target=\"_blank\" rel=\"noreferrer noopener\">clique aqui<\/a>)<\/p>\n<p>SAIBA MAIS<br \/>Pol\u00edcia identifica v\u00edtimas executadas por atiradores em carro na zona Oeste de Ribeir\u00e3o<\/p>\n<h4 class=\"wp-block-heading\"><strong>FIQUE ON<\/strong><\/h4>\n<p>Fique ligado em tudo que acontece em Ribeir\u00e3o Preto e regi\u00e3o. Siga os perfis do <strong>acidade on <\/strong>no <a href=\"https:\/\/www.instagram.com\/acidadeonribeirao\" target=\"_blank\" rel=\"noreferrer noopener\">Instagram<\/a> e no <a href=\"https:\/\/www.facebook.com\/acidadeonribeirao\" target=\"_blank\" rel=\"noreferrer noopener\">Facebook<\/a>.<\/p>\n<p>Receba not\u00edcias do acidade on no WhatsApp. Para entrar no grupo, basta <a href=\"https:\/\/chat.whatsapp.com\/CdrZ6xrf7quD44Vw3WlPuZ\" target=\"_blank\" rel=\"noreferrer noopener\">clicar aqui<\/a>.<\/p>\n<p>Fa\u00e7a uma den\u00fancia ou sugira uma reportagem sobre Ribeir\u00e3o Preto e regi\u00e3o pelo WhatsApp: 16 99117 7802.<\/p>\n<p>VEJA TAMB\u00c9M<br \/>Como comprar ingresso para o Ne-Yo no Brasil?<\/p>\n<p><!-- AI CONTENT END 1 -->\n<\/div>\n<\/div>\n<p><script async src=\"\/\/www.instagram.com\/embed.js\"><\/script><br \/>\n<br \/><br \/>\n<br \/><a href=\"https:\/\/www.acidadeon.com\/ribeiraopreto\/lazer-e-cultura\/ribeirao-preto-recebe-encontro-de-carros-antigos-veja-data-e-como-comprar-ingressos\/\">Source link <\/a><\/p>\n<div class='code-block code-block-4' style='margin: 8px auto 8px 0; text-align: left; display: block; clear: both;'>\n\ud83d\udce2 Aviso Legal\n\nO site ismaelcolosi.com.br atua apenas como um canal de divulga\u00e7\u00e3o de oportunidades de emprego e n\u00e3o se responsabiliza pelo processo seletivo, contrata\u00e7\u00e3o ou qualquer outra etapa relacionada \u00e0s vagas publicadas. Todas as informa\u00e7\u00f5es s\u00e3o de responsabilidade dos anunciantes.\n\n\u26a0\ufe0f Aten\u00e7\u00e3o! Nunca pague por promessas de emprego nem compre cursos que garantam contrata\u00e7\u00e3o. Desconfie de qualquer cobran\u00e7a para participar de sele\u00e7\u00f5es.\n\n\n\n<\/div>\n<!-- CONTENT END 1 -->\n","protected":false},"excerpt":{"rendered":"<p>O evento que promete reurnir amantes de carros antigos, rebaixados e modificados, conhecido como \u201cLow Style States Conection\u201d, ser\u00e1 realizado no pr\u00f3ximo domingo (9), a&#8230;<\/p>\n","protected":false},"author":1,"featured_media":52173,"comment_status":"open","ping_status":"open","sticky":false,"template":"","format":"standard","meta":{"_uag_custom_page_level_css":"","advanced_seo_description":"","jetpack_seo_html_title":"","jetpack_seo_noindex":false,"jetpack_post_was_ever_published":false,"_jetpack_newsletter_access":"","_jetpack_dont_email_post_to_subs":false,"_jetpack_newsletter_tier_id":0,"_jetpack_memberships_contains_paywalled_content":false,"_jetpack_memberships_contains_paid_content":false,"footnotes":"","jetpack_publicize_message":"","jetpack_publicize_feature_enabled":true,"jetpack_social_post_already_shared":true,"jetpack_social_options":{"image_generator_settings":{"template":"highway","default_image_id":0,"font":"","enabled":false},"version":2}},"categories":[11],"tags":[],"class_list":["post-52172","post","type-post","status-publish","format-standard","has-post-thumbnail","hentry","category-noticias-de-ribeirao-preto-sp-e-regiao-ismael-colosi"],"jetpack_publicize_connections":[],"jetpack_featured_media_url":"https:\/\/i0.wp.com\/ismaelcolosi.com.br\/wp-content\/uploads\/2024\/06\/Copia-de-Copia-de-TAMANHO-EXATO-PARA-FOTOS-NO-SISTEMA-NOVO-4_2024-06-04_14-36-58_jpg_2024-06-04_14-36-58.webp.webp?fit=1200%2C675&ssl=1","uagb_featured_image_src":{"full":["https:\/\/i0.wp.com\/ismaelcolosi.com.br\/wp-content\/uploads\/2024\/06\/Copia-de-Copia-de-TAMANHO-EXATO-PARA-FOTOS-NO-SISTEMA-NOVO-4_2024-06-04_14-36-58_jpg_2024-06-04_14-36-58.webp.webp?fit=1200%2C675&ssl=1",1200,675,false],"thumbnail":["https:\/\/i0.wp.com\/ismaelcolosi.com.br\/wp-content\/uploads\/2024\/06\/Copia-de-Copia-de-TAMANHO-EXATO-PARA-FOTOS-NO-SISTEMA-NOVO-4_2024-06-04_14-36-58_jpg_2024-06-04_14-36-58.webp.webp?resize=150%2C150&ssl=1",150,150,true],"medium":["https:\/\/i0.wp.com\/ismaelcolosi.com.br\/wp-content\/uploads\/2024\/06\/Copia-de-Copia-de-TAMANHO-EXATO-PARA-FOTOS-NO-SISTEMA-NOVO-4_2024-06-04_14-36-58_jpg_2024-06-04_14-36-58.webp.webp?fit=300%2C169&ssl=1",300,169,true],"medium_large":["https:\/\/i0.wp.com\/ismaelcolosi.com.br\/wp-content\/uploads\/2024\/06\/Copia-de-Copia-de-TAMANHO-EXATO-PARA-FOTOS-NO-SISTEMA-NOVO-4_2024-06-04_14-36-58_jpg_2024-06-04_14-36-58.webp.webp?fit=768%2C432&ssl=1",768,432,true],"large":["https:\/\/i0.wp.com\/ismaelcolosi.com.br\/wp-content\/uploads\/2024\/06\/Copia-de-Copia-de-TAMANHO-EXATO-PARA-FOTOS-NO-SISTEMA-NOVO-4_2024-06-04_14-36-58_jpg_2024-06-04_14-36-58.webp.webp?fit=1024%2C576&ssl=1",1024,576,true],"1536x1536":["https:\/\/i0.wp.com\/ismaelcolosi.com.br\/wp-content\/uploads\/2024\/06\/Copia-de-Copia-de-TAMANHO-EXATO-PARA-FOTOS-NO-SISTEMA-NOVO-4_2024-06-04_14-36-58_jpg_2024-06-04_14-36-58.webp.webp?fit=1200%2C675&ssl=1",1200,675,true],"2048x2048":["https:\/\/i0.wp.com\/ismaelcolosi.com.br\/wp-content\/uploads\/2024\/06\/Copia-de-Copia-de-TAMANHO-EXATO-PARA-FOTOS-NO-SISTEMA-NOVO-4_2024-06-04_14-36-58_jpg_2024-06-04_14-36-58.webp.webp?fit=1200%2C675&ssl=1",1200,675,true],"really-simple-thumb":["https:\/\/i0.wp.com\/ismaelcolosi.com.br\/wp-content\/uploads\/2024\/06\/Copia-de-Copia-de-TAMANHO-EXATO-PARA-FOTOS-NO-SISTEMA-NOVO-4_2024-06-04_14-36-58_jpg_2024-06-04_14-36-58.webp.webp?resize=370%2C247&ssl=1",370,247,true]},"uagb_author_info":{"display_name":"ismaelcolosi.com.br","author_link":"https:\/\/ismaelcolosi.com.br\/index.php\/author\/vidareal-online\/"},"uagb_comment_info":0,"uagb_excerpt":"O evento que promete reurnir amantes de carros antigos, rebaixados e modificados, conhecido como \u201cLow Style States Conection\u201d, ser\u00e1 realizado no pr\u00f3ximo domingo (9), a...","jetpack-related-posts":[{"id":56206,"url":"https:\/\/ismaelcolosi.com.br\/index.php\/2024\/07\/10\/encontro-de-carros-antigos-no-fim-de-semana-tem-food-trucks-e-musica-em-ribeirao-preto\/","url_meta":{"origin":52172,"position":0},"title":"Encontro de carros antigos no fim de semana tem food trucks e m\u00fasica em Ribeir\u00e3o Preto","author":"ismaelcolosi.com.br","date":"10 de July de 2024","format":false,"excerpt":"O encontro de carros antigos \u201cCalif\u00f3rnia Volks Brothers\u201d realiza a sua 12\u00aa edi\u00e7\u00e3o neste domingo (14), no Campus Universit\u00e1rio Moura Lacerda, das 8h \u00e0s 17h. Al\u00e9m da exposi\u00e7\u00e3o de carros cl\u00e1ssicos e e aircooleds \u2013 carros em que o sistema usa o pr\u00f3prio ar para refrigerar o motor -, o\u2026","rel":"","context":"In &quot;Not\u00edcias de Ribeir\u00e3o Preto-SP e Regi\u00e3o&quot;","block_context":{"text":"Not\u00edcias de Ribeir\u00e3o Preto-SP e Regi\u00e3o","link":"https:\/\/ismaelcolosi.com.br\/index.php\/category\/noticias-de-ribeirao-preto-sp-e-regiao-ismael-colosi\/"},"img":{"alt_text":"","src":"https:\/\/i0.wp.com\/ismaelcolosi.com.br\/wp-content\/uploads\/2024\/07\/IMG-8262_2024-07-10_13-03-13_jpg_2024-07-10_13-03-15-scaled.webp.webp?fit=1200%2C800&ssl=1&resize=350%2C200","width":350,"height":200,"srcset":"https:\/\/i0.wp.com\/ismaelcolosi.com.br\/wp-content\/uploads\/2024\/07\/IMG-8262_2024-07-10_13-03-13_jpg_2024-07-10_13-03-15-scaled.webp.webp?fit=1200%2C800&ssl=1&resize=350%2C200 1x, https:\/\/i0.wp.com\/ismaelcolosi.com.br\/wp-content\/uploads\/2024\/07\/IMG-8262_2024-07-10_13-03-13_jpg_2024-07-10_13-03-15-scaled.webp.webp?fit=1200%2C800&ssl=1&resize=525%2C300 1.5x, https:\/\/i0.wp.com\/ismaelcolosi.com.br\/wp-content\/uploads\/2024\/07\/IMG-8262_2024-07-10_13-03-13_jpg_2024-07-10_13-03-15-scaled.webp.webp?fit=1200%2C800&ssl=1&resize=700%2C400 2x, https:\/\/i0.wp.com\/ismaelcolosi.com.br\/wp-content\/uploads\/2024\/07\/IMG-8262_2024-07-10_13-03-13_jpg_2024-07-10_13-03-15-scaled.webp.webp?fit=1200%2C800&ssl=1&resize=1050%2C600 3x"},"classes":[]},{"id":48336,"url":"https:\/\/ismaelcolosi.com.br\/index.php\/2024\/05\/02\/cidade-na-regiao-de-ribeirao-preto-tem-encontro-de-carros-antigos-no-final-de-semana\/","url_meta":{"origin":52172,"position":1},"title":"Cidade na regi\u00e3o de Ribeir\u00e3o Preto tem encontro de carros antigos no final de semana","author":"ismaelcolosi.com.br","date":"2 de May de 2024","format":false,"excerpt":"Gosta de carros antigos? Ent\u00e3o anota na sua agenda! O 25\u00ba Encontro de Carros Antigos de Monte Alto, cidade na regi\u00e3o de Ribeir\u00e3o Preto, acontece neste s\u00e1bado (4) e domingo (5), no Centro C\u00edvico Cultural da cidade. O evento gratuito faz parte da programa\u00e7\u00e3o de anivers\u00e1rio dos 143 anos de\u2026","rel":"","context":"In &quot;Not\u00edcias de Ribeir\u00e3o Preto-SP e Regi\u00e3o&quot;","block_context":{"text":"Not\u00edcias de Ribeir\u00e3o Preto-SP e Regi\u00e3o","link":"https:\/\/ismaelcolosi.com.br\/index.php\/category\/noticias-de-ribeirao-preto-sp-e-regiao-ismael-colosi\/"},"img":{"alt_text":"","src":"https:\/\/i0.wp.com\/ismaelcolosi.com.br\/wp-content\/uploads\/2024\/05\/AnyConv.com__Copia-de-Copia-de-TAMANHO-EXATO-PARA-FOTOS-NO-SISTEMA-NOVO-24_2024-05-02_15-26-04.webp.webp?fit=1200%2C675&ssl=1&resize=350%2C200","width":350,"height":200,"srcset":"https:\/\/i0.wp.com\/ismaelcolosi.com.br\/wp-content\/uploads\/2024\/05\/AnyConv.com__Copia-de-Copia-de-TAMANHO-EXATO-PARA-FOTOS-NO-SISTEMA-NOVO-24_2024-05-02_15-26-04.webp.webp?fit=1200%2C675&ssl=1&resize=350%2C200 1x, https:\/\/i0.wp.com\/ismaelcolosi.com.br\/wp-content\/uploads\/2024\/05\/AnyConv.com__Copia-de-Copia-de-TAMANHO-EXATO-PARA-FOTOS-NO-SISTEMA-NOVO-24_2024-05-02_15-26-04.webp.webp?fit=1200%2C675&ssl=1&resize=525%2C300 1.5x, https:\/\/i0.wp.com\/ismaelcolosi.com.br\/wp-content\/uploads\/2024\/05\/AnyConv.com__Copia-de-Copia-de-TAMANHO-EXATO-PARA-FOTOS-NO-SISTEMA-NOVO-24_2024-05-02_15-26-04.webp.webp?fit=1200%2C675&ssl=1&resize=700%2C400 2x, https:\/\/i0.wp.com\/ismaelcolosi.com.br\/wp-content\/uploads\/2024\/05\/AnyConv.com__Copia-de-Copia-de-TAMANHO-EXATO-PARA-FOTOS-NO-SISTEMA-NOVO-24_2024-05-02_15-26-04.webp.webp?fit=1200%2C675&ssl=1&resize=1050%2C600 3x"},"classes":[]},{"id":41553,"url":"https:\/\/ismaelcolosi.com.br\/index.php\/2024\/03\/08\/ribeirao-preto-tem-encontro-de-carros-antigos-neste-final-de-semana-veja-onde\/","url_meta":{"origin":52172,"position":2},"title":"Ribeir\u00e3o Preto tem encontro de carros antigos neste final de semana; Veja onde","author":"ismaelcolosi.com.br","date":"8 de March de 2024","format":false,"excerpt":"Se voc\u00ea \u00e9 apaixonado por carros cl\u00e1ssicos, reserve um hor\u00e1rio na sua agenda, pois neste domingo (10), Ribeir\u00e3o Preto recebe um encontro de carros antigos, no estacionamento do posto Graal Trevo. O evento gratuito come\u00e7a \u00e0s 8h e n\u00e3o \u00e9 necess\u00e1rio reservar ingressos. Os interessados em expor o seu ve\u00edculo\u2026","rel":"","context":"In &quot;Not\u00edcias de Ribeir\u00e3o Preto-SP e Regi\u00e3o&quot;","block_context":{"text":"Not\u00edcias de Ribeir\u00e3o Preto-SP e Regi\u00e3o","link":"https:\/\/ismaelcolosi.com.br\/index.php\/category\/noticias-de-ribeirao-preto-sp-e-regiao-ismael-colosi\/"},"img":{"alt_text":"","src":"https:\/\/i0.wp.com\/ismaelcolosi.com.br\/wp-content\/uploads\/2024\/03\/1709942306_WhatsApp-Image-2024-03-04-at-08.50.22.jpeg?fit=1200%2C903&ssl=1&resize=350%2C200","width":350,"height":200,"srcset":"https:\/\/i0.wp.com\/ismaelcolosi.com.br\/wp-content\/uploads\/2024\/03\/1709942306_WhatsApp-Image-2024-03-04-at-08.50.22.jpeg?fit=1200%2C903&ssl=1&resize=350%2C200 1x, https:\/\/i0.wp.com\/ismaelcolosi.com.br\/wp-content\/uploads\/2024\/03\/1709942306_WhatsApp-Image-2024-03-04-at-08.50.22.jpeg?fit=1200%2C903&ssl=1&resize=525%2C300 1.5x, https:\/\/i0.wp.com\/ismaelcolosi.com.br\/wp-content\/uploads\/2024\/03\/1709942306_WhatsApp-Image-2024-03-04-at-08.50.22.jpeg?fit=1200%2C903&ssl=1&resize=700%2C400 2x, https:\/\/i0.wp.com\/ismaelcolosi.com.br\/wp-content\/uploads\/2024\/03\/1709942306_WhatsApp-Image-2024-03-04-at-08.50.22.jpeg?fit=1200%2C903&ssl=1&resize=1050%2C600 3x"},"classes":[]},{"id":40499,"url":"https:\/\/ismaelcolosi.com.br\/index.php\/2024\/03\/04\/ribeirao-recebe-encontro-beneficente-de-carros-antigos-veja-quando\/","url_meta":{"origin":52172,"position":3},"title":"Ribeir\u00e3o recebe encontro beneficente de carros antigos; Veja quando","author":"ismaelcolosi.com.br","date":"4 de March de 2024","format":false,"excerpt":"No pr\u00f3ximo domingo (10), Ribeir\u00e3o Preto recebe um Encontro de Carros Antigos para quem \u00e9 apaixonado por\u00a0ve\u00edculos cl\u00e1ssicos. O evento, que est\u00e1 em sua 1\u00aa edi\u00e7\u00e3o e \u00e9 beneficente, acontece a partir das 8h, no estacionamento do posto Graal Trevo. A entrada \u00e9 gratuita para o p\u00fablico e n\u00e3o \u00e9\u2026","rel":"","context":"In &quot;Not\u00edcias de Ribeir\u00e3o Preto-SP e Regi\u00e3o&quot;","block_context":{"text":"Not\u00edcias de Ribeir\u00e3o Preto-SP e Regi\u00e3o","link":"https:\/\/ismaelcolosi.com.br\/index.php\/category\/noticias-de-ribeirao-preto-sp-e-regiao-ismael-colosi\/"},"img":{"alt_text":"","src":"https:\/\/i0.wp.com\/ismaelcolosi.com.br\/wp-content\/uploads\/2024\/03\/WhatsApp-Image-2024-03-04-at-08.50.22.jpeg?fit=1200%2C903&ssl=1&resize=350%2C200","width":350,"height":200,"srcset":"https:\/\/i0.wp.com\/ismaelcolosi.com.br\/wp-content\/uploads\/2024\/03\/WhatsApp-Image-2024-03-04-at-08.50.22.jpeg?fit=1200%2C903&ssl=1&resize=350%2C200 1x, https:\/\/i0.wp.com\/ismaelcolosi.com.br\/wp-content\/uploads\/2024\/03\/WhatsApp-Image-2024-03-04-at-08.50.22.jpeg?fit=1200%2C903&ssl=1&resize=525%2C300 1.5x, https:\/\/i0.wp.com\/ismaelcolosi.com.br\/wp-content\/uploads\/2024\/03\/WhatsApp-Image-2024-03-04-at-08.50.22.jpeg?fit=1200%2C903&ssl=1&resize=700%2C400 2x, https:\/\/i0.wp.com\/ismaelcolosi.com.br\/wp-content\/uploads\/2024\/03\/WhatsApp-Image-2024-03-04-at-08.50.22.jpeg?fit=1200%2C903&ssl=1&resize=1050%2C600 3x"},"classes":[]},{"id":51921,"url":"https:\/\/ismaelcolosi.com.br\/index.php\/2024\/06\/01\/encontro-com-mais-de-mil-carros-antigos-acontece-em-ribeirao-preto-veja-quando\/","url_meta":{"origin":52172,"position":4},"title":"Encontro com mais de mil carros antigos acontece em Ribeir\u00e3o Preto; Veja quando\u00a0","author":"ismaelcolosi.com.br","date":"1 de June de 2024","format":false,"excerpt":"A 12\u00aa edi\u00e7\u00e3o do \u201cCalifornia Volks Brothers\u201d, evento que vai reunir cerca de mil autom\u00f3veis cl\u00e1ssicos, especialmente o Fusca, acontece no dia 14 de julho, em Ribeir\u00e3o Preto. O encontro vai ser realizado no campus do Centro Universit\u00e1rio Moura Lacerda, das 8h \u00e0s 17h, e vai receber diversas pessoas de\u2026","rel":"","context":"In &quot;Not\u00edcias de Ribeir\u00e3o Preto-SP e Regi\u00e3o&quot;","block_context":{"text":"Not\u00edcias de Ribeir\u00e3o Preto-SP e Regi\u00e3o","link":"https:\/\/ismaelcolosi.com.br\/index.php\/category\/noticias-de-ribeirao-preto-sp-e-regiao-ismael-colosi\/"},"img":{"alt_text":"","src":"https:\/\/i0.wp.com\/ismaelcolosi.com.br\/wp-content\/uploads\/2024\/06\/IMG-8261_2024-06-01_20-40-39_jpg_2024-06-01_20-40-40-scaled.webp.webp?fit=1200%2C580&ssl=1&resize=350%2C200","width":350,"height":200,"srcset":"https:\/\/i0.wp.com\/ismaelcolosi.com.br\/wp-content\/uploads\/2024\/06\/IMG-8261_2024-06-01_20-40-39_jpg_2024-06-01_20-40-40-scaled.webp.webp?fit=1200%2C580&ssl=1&resize=350%2C200 1x, https:\/\/i0.wp.com\/ismaelcolosi.com.br\/wp-content\/uploads\/2024\/06\/IMG-8261_2024-06-01_20-40-39_jpg_2024-06-01_20-40-40-scaled.webp.webp?fit=1200%2C580&ssl=1&resize=525%2C300 1.5x, https:\/\/i0.wp.com\/ismaelcolosi.com.br\/wp-content\/uploads\/2024\/06\/IMG-8261_2024-06-01_20-40-39_jpg_2024-06-01_20-40-40-scaled.webp.webp?fit=1200%2C580&ssl=1&resize=700%2C400 2x, https:\/\/i0.wp.com\/ismaelcolosi.com.br\/wp-content\/uploads\/2024\/06\/IMG-8261_2024-06-01_20-40-39_jpg_2024-06-01_20-40-40-scaled.webp.webp?fit=1200%2C580&ssl=1&resize=1050%2C600 3x"},"classes":[]},{"id":31716,"url":"https:\/\/ismaelcolosi.com.br\/index.php\/2024\/01\/23\/ribeirao-recebe-novo-evento-de-carros-antigos-com-chope-e-food-trucks-veja-quando\/","url_meta":{"origin":52172,"position":5},"title":"Ribeir\u00e3o recebe novo evento de carros antigos com chope e food trucks; Veja quando","author":"ismaelcolosi.com.br","date":"23 de January de 2024","format":false,"excerpt":"Neste domingo (28), Ribeir\u00e3o Preto recebe mais um evento para quem \u00e9 apaixonado por carros antigos. A primeira edi\u00e7\u00e3o do \u201cSunday Volks Day\u201d acontece a partir das 9h, no Espa\u00e7o Pantanal, na zona Sul da cidade. Os interessados em participar do evento, ou at\u00e9 mesmo expor o seu ve\u00edculo cl\u00e1ssico,\u2026","rel":"","context":"In &quot;Not\u00edcias de Ribeir\u00e3o Preto-SP e Regi\u00e3o&quot;","block_context":{"text":"Not\u00edcias de Ribeir\u00e3o Preto-SP e Regi\u00e3o","link":"https:\/\/ismaelcolosi.com.br\/index.php\/category\/noticias-de-ribeirao-preto-sp-e-regiao-ismael-colosi\/"},"img":{"alt_text":"","src":"https:\/\/i0.wp.com\/ismaelcolosi.com.br\/wp-content\/uploads\/2024\/01\/Copia-de-Copia-de-TAMANHO-EXATO-PARA-FOTOS-NO-SISTEMA-NOVO-2-1.jpg?fit=1200%2C675&ssl=1&resize=350%2C200","width":350,"height":200,"srcset":"https:\/\/i0.wp.com\/ismaelcolosi.com.br\/wp-content\/uploads\/2024\/01\/Copia-de-Copia-de-TAMANHO-EXATO-PARA-FOTOS-NO-SISTEMA-NOVO-2-1.jpg?fit=1200%2C675&ssl=1&resize=350%2C200 1x, https:\/\/i0.wp.com\/ismaelcolosi.com.br\/wp-content\/uploads\/2024\/01\/Copia-de-Copia-de-TAMANHO-EXATO-PARA-FOTOS-NO-SISTEMA-NOVO-2-1.jpg?fit=1200%2C675&ssl=1&resize=525%2C300 1.5x, https:\/\/i0.wp.com\/ismaelcolosi.com.br\/wp-content\/uploads\/2024\/01\/Copia-de-Copia-de-TAMANHO-EXATO-PARA-FOTOS-NO-SISTEMA-NOVO-2-1.jpg?fit=1200%2C675&ssl=1&resize=700%2C400 2x, https:\/\/i0.wp.com\/ismaelcolosi.com.br\/wp-content\/uploads\/2024\/01\/Copia-de-Copia-de-TAMANHO-EXATO-PARA-FOTOS-NO-SISTEMA-NOVO-2-1.jpg?fit=1200%2C675&ssl=1&resize=1050%2C600 3x"},"classes":[]}],"jetpack_sharing_enabled":true,"jetpack_shortlink":"https:\/\/wp.me\/pfMlyK-dzu","_links":{"self":[{"href":"https:\/\/ismaelcolosi.com.br\/index.php\/wp-json\/wp\/v2\/posts\/52172","targetHints":{"allow":["GET"]}}],"collection":[{"href":"https:\/\/ismaelcolosi.com.br\/index.php\/wp-json\/wp\/v2\/posts"}],"about":[{"href":"https:\/\/ismaelcolosi.com.br\/index.php\/wp-json\/wp\/v2\/types\/post"}],"author":[{"embeddable":true,"href":"https:\/\/ismaelcolosi.com.br\/index.php\/wp-json\/wp\/v2\/users\/1"}],"replies":[{"embeddable":true,"href":"https:\/\/ismaelcolosi.com.br\/index.php\/wp-json\/wp\/v2\/comments?post=52172"}],"version-history":[{"count":0,"href":"https:\/\/ismaelcolosi.com.br\/index.php\/wp-json\/wp\/v2\/posts\/52172\/revisions"}],"wp:featuredmedia":[{"embeddable":true,"href":"https:\/\/ismaelcolosi.com.br\/index.php\/wp-json\/wp\/v2\/media\/52173"}],"wp:attachment":[{"href":"https:\/\/ismaelcolosi.com.br\/index.php\/wp-json\/wp\/v2\/media?parent=52172"}],"wp:term":[{"taxonomy":"category","embeddable":true,"href":"https:\/\/ismaelcolosi.com.br\/index.php\/wp-json\/wp\/v2\/categories?post=52172"},{"taxonomy":"post_tag","embeddable":true,"href":"https:\/\/ismaelcolosi.com.br\/index.php\/wp-json\/wp\/v2\/tags?post=52172"}],"curies":[{"name":"wp","href":"https:\/\/api.w.org\/{rel}","templated":true}]}}