{"id":52158,"date":"2024-06-04T13:01:50","date_gmt":"2024-06-04T16:01:50","guid":{"rendered":"https:\/\/ismaelcolosi.com.br\/index.php\/2024\/06\/04\/motorista-que-atropelou-e-matou-ciclista-em-delfinopolis-e-de-ribeirao-preto\/"},"modified":"2024-06-04T13:01:50","modified_gmt":"2024-06-04T16:01:50","slug":"motorista-que-atropelou-e-matou-ciclista-em-delfinopolis-e-de-ribeirao-preto","status":"publish","type":"post","link":"https:\/\/ismaelcolosi.com.br\/index.php\/2024\/06\/04\/motorista-que-atropelou-e-matou-ciclista-em-delfinopolis-e-de-ribeirao-preto\/","title":{"rendered":"Motorista que atropelou e matou ciclista em Delfin\u00f3polis \u00e9 de Ribeir\u00e3o Preto"},"content":{"rendered":"<p> <br \/>\n<\/p>\n<div>\n<p>O <strong>motorista que atropelou e matou uma ciclista de 42 anos<\/strong>, em Delfin\u00f3polis (MG), \u00e9 de <strong>Ribeir\u00e3o Preto<\/strong>. Apesar de <strong>n\u00e3o ter a identidade do suspeito divulgada<\/strong>, a pol\u00edcia mineira informou que <strong>ele se apresentou<\/strong> de <strong>forma espont\u00e2nea<\/strong>, nesta <strong>segunda-feira<\/strong> (3). O <strong>suspeito foi ouvido e liberado<\/strong>.<\/p>\n<p><strong>Lais Mendes Soares Saes<\/strong>, que era campe\u00e3 paulista de ciclismo de estrada na categoria elite, estava em uma <strong>estrada rural da cidade mineira<\/strong>, quando foi atingida pelo quadriciclo. O <strong>acidente aconteceu no dia 30 de maio<\/strong>.<\/p>\n<p>Ao <strong>g1 Sul de Minas<\/strong>, a pol\u00edcia informou que a ciclista estava sozinha no trecho e foi encontrada ferida por pessoas que passavam pelo local. Ela foi socorrida, mas n\u00e3o resistiu aos ferimentos antes de chegar ao hospital. <\/p>\n<p>Testemunhas disseram ter visto um ve\u00edculo em alta velocidade na regi\u00e3o na hora do acidente.<\/p>\n<p>Segundo o advogado do suspeito, Daniel Rondi, o motorista n\u00e3o estava em alta velocidade e, ao contr\u00e1rio do que foi dito por testemunhas, ele n\u00e3o omitiu socorro \u00e0 v\u00edtima.<\/p>\n<p><em>\u201cEle [motorista] apenas utilizou o meio que tinha dispon\u00edvel para buscar ajuda. Inicialmente, ele a colocou [v\u00edtima] no quadriciclo para deslocar com urg\u00eancia para o hospital, mas as pessoas que pararam acharam melhor que ela ficasse no local. Ent\u00e3o, ela foi tirada do quadriciclo e, ele foi at\u00e9 o hospital para pedir ajuda. Inclusive foram passados os detalhes do local, que n\u00e3o tem sinal de celular e \u00e9 de dif\u00edcil acesso\u201d.<\/em><\/p>\n<h2 class=\"wp-block-heading\"><strong>Prefeitura fala sobre sinaliza\u00e7\u00e3o<\/strong><\/h2>\n<p>A Prefeitura de Delfin\u00f3polis informou, em nota, que est\u00e1 tomando as provid\u00eancias necess\u00e1rias a respeito do acidente e que a secretaria respons\u00e1vel est\u00e1 refor\u00e7ando a sinaliza\u00e7\u00e3o do local e as orienta\u00e7\u00f5es \u00a0aos guias.<\/p>\n<p>Ainda, segundo a nota, a velocidade permitida em estradas rurais da cidade \u00e9 de 40 km\/h.<\/p>\n<p><em>*Com informa\u00e7\u00f5es EPTV<\/em><\/p>\n<p>SAIBA MAIS <\/p>\n<p>ANS autoriza reajuste de at\u00e9 6,91% nos planos de sa\u00fade individuais; Entenda<\/p>\n<h4 class=\"wp-block-heading\"><strong>FIQUE ON<\/strong><\/h4>\n<p>Fique ligado em tudo que acontece em Ribeir\u00e3o Preto e regi\u00e3o. Siga os perfis do\u00a0<strong>acidade on\u00a0<\/strong>no\u00a0<a href=\"https:\/\/www.instagram.com\/acidadeonribeirao\" target=\"_blank\" rel=\"noreferrer noopener\">Instagram<\/a>\u00a0e no\u00a0<a href=\"https:\/\/www.facebook.com\/acidadeonribeirao\" target=\"_blank\" rel=\"noreferrer noopener\">Facebook<\/a>.<\/p>\n<p>Receba not\u00edcias do acidade on no WhatsApp. Para entrar no grupo, basta\u00a0<a href=\"https:\/\/chat.whatsapp.com\/CdrZ6xrf7quD44Vw3WlPuZ\" target=\"_blank\" rel=\"noreferrer noopener\">clicar aqui<\/a>.<\/p>\n<p>Fa\u00e7a uma den\u00fancia ou sugira uma reportagem sobre Ribeir\u00e3o Preto e regi\u00e3o pelo WhatsApp: 16 99117 7802.<\/p>\n<p>VEJA TAMB\u00c9M<\/p>\n<p>Quem criou a PEC das praias?<\/p>\n<p><!-- AI CONTENT END 1 -->\n<\/div>\n<p><script async src=\"\/\/www.instagram.com\/embed.js\"><\/script><br \/>\n<br \/><br \/>\n<br \/><a href=\"https:\/\/www.acidadeon.com\/ribeiraopreto\/cotidiano\/motorista-que-atropelou-e-matou-ciclista-em-delfinopolis-e-de-ribeirao-preto\/\">Source link <\/a><\/p>\n<div class='code-block code-block-4' style='margin: 8px auto 8px 0; text-align: left; display: block; clear: both;'>\n\ud83d\udce2 Aviso Legal\n\nO site ismaelcolosi.com.br atua apenas como um canal de divulga\u00e7\u00e3o de oportunidades de emprego e n\u00e3o se responsabiliza pelo processo seletivo, contrata\u00e7\u00e3o ou qualquer outra etapa relacionada \u00e0s vagas publicadas. Todas as informa\u00e7\u00f5es s\u00e3o de responsabilidade dos anunciantes.\n\n\u26a0\ufe0f Aten\u00e7\u00e3o! Nunca pague por promessas de emprego nem compre cursos que garantam contrata\u00e7\u00e3o. Desconfie de qualquer cobran\u00e7a para participar de sele\u00e7\u00f5es.\n\n\n\n<\/div>\n<!-- CONTENT END 1 -->\n","protected":false},"excerpt":{"rendered":"<p>O motorista que atropelou e matou uma ciclista de 42 anos, em Delfin\u00f3polis (MG), \u00e9 de Ribeir\u00e3o Preto. Apesar de n\u00e3o ter a identidade do&#8230;<\/p>\n","protected":false},"author":1,"featured_media":52159,"comment_status":"open","ping_status":"open","sticky":false,"template":"","format":"standard","meta":{"_uag_custom_page_level_css":"","advanced_seo_description":"","jetpack_seo_html_title":"","jetpack_seo_noindex":false,"jetpack_post_was_ever_published":false,"_jetpack_newsletter_access":"","_jetpack_dont_email_post_to_subs":false,"_jetpack_newsletter_tier_id":0,"_jetpack_memberships_contains_paywalled_content":false,"_jetpack_memberships_contains_paid_content":false,"footnotes":"","jetpack_publicize_message":"","jetpack_publicize_feature_enabled":true,"jetpack_social_post_already_shared":true,"jetpack_social_options":{"image_generator_settings":{"template":"highway","default_image_id":0,"font":"","enabled":false},"version":2}},"categories":[11],"tags":[],"class_list":["post-52158","post","type-post","status-publish","format-standard","has-post-thumbnail","hentry","category-noticias-de-ribeirao-preto-sp-e-regiao-ismael-colosi"],"jetpack_publicize_connections":[],"jetpack_featured_media_url":"https:\/\/i0.wp.com\/ismaelcolosi.com.br\/wp-content\/uploads\/2024\/06\/Copia-de-Copia-de-TAMANHO-EXATO-PARA-FOTOS-NO-SISTEMA-NOVO-6_2024-06-04_15-51-14_jpg_2024-06-04_15-51-15.webp.webp?fit=1200%2C675&ssl=1","uagb_featured_image_src":{"full":["https:\/\/i0.wp.com\/ismaelcolosi.com.br\/wp-content\/uploads\/2024\/06\/Copia-de-Copia-de-TAMANHO-EXATO-PARA-FOTOS-NO-SISTEMA-NOVO-6_2024-06-04_15-51-14_jpg_2024-06-04_15-51-15.webp.webp?fit=1200%2C675&ssl=1",1200,675,false],"thumbnail":["https:\/\/i0.wp.com\/ismaelcolosi.com.br\/wp-content\/uploads\/2024\/06\/Copia-de-Copia-de-TAMANHO-EXATO-PARA-FOTOS-NO-SISTEMA-NOVO-6_2024-06-04_15-51-14_jpg_2024-06-04_15-51-15.webp.webp?resize=150%2C150&ssl=1",150,150,true],"medium":["https:\/\/i0.wp.com\/ismaelcolosi.com.br\/wp-content\/uploads\/2024\/06\/Copia-de-Copia-de-TAMANHO-EXATO-PARA-FOTOS-NO-SISTEMA-NOVO-6_2024-06-04_15-51-14_jpg_2024-06-04_15-51-15.webp.webp?fit=300%2C169&ssl=1",300,169,true],"medium_large":["https:\/\/i0.wp.com\/ismaelcolosi.com.br\/wp-content\/uploads\/2024\/06\/Copia-de-Copia-de-TAMANHO-EXATO-PARA-FOTOS-NO-SISTEMA-NOVO-6_2024-06-04_15-51-14_jpg_2024-06-04_15-51-15.webp.webp?fit=768%2C432&ssl=1",768,432,true],"large":["https:\/\/i0.wp.com\/ismaelcolosi.com.br\/wp-content\/uploads\/2024\/06\/Copia-de-Copia-de-TAMANHO-EXATO-PARA-FOTOS-NO-SISTEMA-NOVO-6_2024-06-04_15-51-14_jpg_2024-06-04_15-51-15.webp.webp?fit=1024%2C576&ssl=1",1024,576,true],"1536x1536":["https:\/\/i0.wp.com\/ismaelcolosi.com.br\/wp-content\/uploads\/2024\/06\/Copia-de-Copia-de-TAMANHO-EXATO-PARA-FOTOS-NO-SISTEMA-NOVO-6_2024-06-04_15-51-14_jpg_2024-06-04_15-51-15.webp.webp?fit=1200%2C675&ssl=1",1200,675,true],"2048x2048":["https:\/\/i0.wp.com\/ismaelcolosi.com.br\/wp-content\/uploads\/2024\/06\/Copia-de-Copia-de-TAMANHO-EXATO-PARA-FOTOS-NO-SISTEMA-NOVO-6_2024-06-04_15-51-14_jpg_2024-06-04_15-51-15.webp.webp?fit=1200%2C675&ssl=1",1200,675,true],"really-simple-thumb":["https:\/\/i0.wp.com\/ismaelcolosi.com.br\/wp-content\/uploads\/2024\/06\/Copia-de-Copia-de-TAMANHO-EXATO-PARA-FOTOS-NO-SISTEMA-NOVO-6_2024-06-04_15-51-14_jpg_2024-06-04_15-51-15.webp.webp?resize=370%2C247&ssl=1",370,247,true]},"uagb_author_info":{"display_name":"ismaelcolosi.com.br","author_link":"https:\/\/ismaelcolosi.com.br\/index.php\/author\/vidareal-online\/"},"uagb_comment_info":0,"uagb_excerpt":"O motorista que atropelou e matou uma ciclista de 42 anos, em Delfin\u00f3polis (MG), \u00e9 de Ribeir\u00e3o Preto. Apesar de n\u00e3o ter a identidade do...","jetpack-related-posts":[{"id":71538,"url":"https:\/\/ismaelcolosi.com.br\/index.php\/2024\/10\/16\/motorista-diz-que-atropelou-e-matou-homem-enquanto-fugia-de-tentativa-de-roubo-em-ribeirao\/","url_meta":{"origin":52158,"position":0},"title":"Motorista diz que atropelou e matou homem enquanto fugia de tentativa de roubo em Ribeir\u00e3o","author":"ismaelcolosi.com.br","date":"16 de October de 2024","format":false,"excerpt":"A Pol\u00edcia Civil identificou o motorista que atropelou e matou um homem de 30 anos na madrugada de segunda-feira (14), no Jardim Sumar\u00e9, zona Sul de Ribeir\u00e3o Preto. Ele prestou depoimento nesta quarta-feira (16). De acordo com o delegado Jos\u00e9 Augusto Franzini, o motorista disse que teria atropelado o homem\u2026","rel":"","context":"In &quot;Not\u00edcias de Ribeir\u00e3o Preto-SP e Regi\u00e3o&quot;","block_context":{"text":"Not\u00edcias de Ribeir\u00e3o Preto-SP e Regi\u00e3o","link":"https:\/\/ismaelcolosi.com.br\/index.php\/category\/noticias-de-ribeirao-preto-sp-e-regiao-ismael-colosi\/"},"img":{"alt_text":"","src":"https:\/\/i0.wp.com\/ismaelcolosi.com.br\/wp-content\/uploads\/2024\/10\/WhatsApp-Image-2024-10-16-at-19.00.35_2024-10-16_22-00-42_jpeg_2024-10-16_22-00-42.webp.webp?fit=1102%2C597&ssl=1&resize=350%2C200","width":350,"height":200,"srcset":"https:\/\/i0.wp.com\/ismaelcolosi.com.br\/wp-content\/uploads\/2024\/10\/WhatsApp-Image-2024-10-16-at-19.00.35_2024-10-16_22-00-42_jpeg_2024-10-16_22-00-42.webp.webp?fit=1102%2C597&ssl=1&resize=350%2C200 1x, https:\/\/i0.wp.com\/ismaelcolosi.com.br\/wp-content\/uploads\/2024\/10\/WhatsApp-Image-2024-10-16-at-19.00.35_2024-10-16_22-00-42_jpeg_2024-10-16_22-00-42.webp.webp?fit=1102%2C597&ssl=1&resize=525%2C300 1.5x, https:\/\/i0.wp.com\/ismaelcolosi.com.br\/wp-content\/uploads\/2024\/10\/WhatsApp-Image-2024-10-16-at-19.00.35_2024-10-16_22-00-42_jpeg_2024-10-16_22-00-42.webp.webp?fit=1102%2C597&ssl=1&resize=700%2C400 2x, https:\/\/i0.wp.com\/ismaelcolosi.com.br\/wp-content\/uploads\/2024\/10\/WhatsApp-Image-2024-10-16-at-19.00.35_2024-10-16_22-00-42_jpeg_2024-10-16_22-00-42.webp.webp?fit=1102%2C597&ssl=1&resize=1050%2C600 3x"},"classes":[]},{"id":56715,"url":"https:\/\/ismaelcolosi.com.br\/index.php\/2024\/07\/14\/ciclista-morre-apos-ser-atropelado-no-anel-viario-sul-em-ribeirao-preto\/","url_meta":{"origin":52158,"position":1},"title":"Ciclista morre ap\u00f3s ser atropelado no Anel Vi\u00e1rio Sul em Ribeir\u00e3o Preto","author":"ismaelcolosi.com.br","date":"14 de July de 2024","format":false,"excerpt":"Um ciclista morreu atropelado, na manh\u00e3 deste domingo (14), ap\u00f3s ser atropelado por um carro. O acidente fatal ocorreu no quil\u00f4metro 312 da rodovia Ant\u00f4nio Duarte Nogueira (SP-322), no Anel Vi\u00e1rio Sul de Ribeir\u00e3o Preto, sentido Sert\u00e3ozinho. Segundo o boletim de ocorr\u00eancia, Luciano da Silva, de 47 anos, estava em\u2026","rel":"","context":"In &quot;Not\u00edcias de Ribeir\u00e3o Preto-SP e Regi\u00e3o&quot;","block_context":{"text":"Not\u00edcias de Ribeir\u00e3o Preto-SP e Regi\u00e3o","link":"https:\/\/ismaelcolosi.com.br\/index.php\/category\/noticias-de-ribeirao-preto-sp-e-regiao-ismael-colosi\/"},"img":{"alt_text":"","src":"https:\/\/i0.wp.com\/ismaelcolosi.com.br\/wp-content\/uploads\/2024\/07\/Copia-de-Copia-de-TAMANHO-EXATO-PARA-FOTOS-NO-SISTEMA-NOVO-17_2024-07-14_21-25-08_jpg_2024-07-14_21-25-08.webp.webp?fit=1200%2C675&ssl=1&resize=350%2C200","width":350,"height":200,"srcset":"https:\/\/i0.wp.com\/ismaelcolosi.com.br\/wp-content\/uploads\/2024\/07\/Copia-de-Copia-de-TAMANHO-EXATO-PARA-FOTOS-NO-SISTEMA-NOVO-17_2024-07-14_21-25-08_jpg_2024-07-14_21-25-08.webp.webp?fit=1200%2C675&ssl=1&resize=350%2C200 1x, https:\/\/i0.wp.com\/ismaelcolosi.com.br\/wp-content\/uploads\/2024\/07\/Copia-de-Copia-de-TAMANHO-EXATO-PARA-FOTOS-NO-SISTEMA-NOVO-17_2024-07-14_21-25-08_jpg_2024-07-14_21-25-08.webp.webp?fit=1200%2C675&ssl=1&resize=525%2C300 1.5x, https:\/\/i0.wp.com\/ismaelcolosi.com.br\/wp-content\/uploads\/2024\/07\/Copia-de-Copia-de-TAMANHO-EXATO-PARA-FOTOS-NO-SISTEMA-NOVO-17_2024-07-14_21-25-08_jpg_2024-07-14_21-25-08.webp.webp?fit=1200%2C675&ssl=1&resize=700%2C400 2x, https:\/\/i0.wp.com\/ismaelcolosi.com.br\/wp-content\/uploads\/2024\/07\/Copia-de-Copia-de-TAMANHO-EXATO-PARA-FOTOS-NO-SISTEMA-NOVO-17_2024-07-14_21-25-08_jpg_2024-07-14_21-25-08.webp.webp?fit=1200%2C675&ssl=1&resize=1050%2C600 3x"},"classes":[]},{"id":51998,"url":"https:\/\/ismaelcolosi.com.br\/index.php\/2024\/06\/03\/ciclista-morre-apos-ser-atropelado-por-caminhao-na-rodovia-anhanguera\/","url_meta":{"origin":52158,"position":2},"title":"Ciclista morre ap\u00f3s ser atropelado por caminh\u00e3o na rodovia Anhanguera","author":"ismaelcolosi.com.br","date":"3 de June de 2024","format":false,"excerpt":"Um ciclista morreu depois de ser atropelado por um caminh\u00e3o na noite do \u00faltimo s\u00e1bado (1\u00ba), no km 327 da rodovia Anhanguera (SP-330), em Jardin\u00f3polis, na regi\u00e3o de Ribeir\u00e3o Preto. Segundo o boletim de ocorr\u00eancia (BO), o motorista do caminh\u00e3o relatou \u00e0 pol\u00edcia que fazia uma ultrapassagem, quando percebeu que\u2026","rel":"","context":"In &quot;Not\u00edcias de Ribeir\u00e3o Preto-SP e Regi\u00e3o&quot;","block_context":{"text":"Not\u00edcias de Ribeir\u00e3o Preto-SP e Regi\u00e3o","link":"https:\/\/ismaelcolosi.com.br\/index.php\/category\/noticias-de-ribeirao-preto-sp-e-regiao-ismael-colosi\/"},"img":{"alt_text":"","src":"https:\/\/i0.wp.com\/ismaelcolosi.com.br\/wp-content\/uploads\/2024\/06\/PMR-3.jpg?fit=1200%2C907&ssl=1&resize=350%2C200","width":350,"height":200,"srcset":"https:\/\/i0.wp.com\/ismaelcolosi.com.br\/wp-content\/uploads\/2024\/06\/PMR-3.jpg?fit=1200%2C907&ssl=1&resize=350%2C200 1x, https:\/\/i0.wp.com\/ismaelcolosi.com.br\/wp-content\/uploads\/2024\/06\/PMR-3.jpg?fit=1200%2C907&ssl=1&resize=525%2C300 1.5x, https:\/\/i0.wp.com\/ismaelcolosi.com.br\/wp-content\/uploads\/2024\/06\/PMR-3.jpg?fit=1200%2C907&ssl=1&resize=700%2C400 2x, https:\/\/i0.wp.com\/ismaelcolosi.com.br\/wp-content\/uploads\/2024\/06\/PMR-3.jpg?fit=1200%2C907&ssl=1&resize=1050%2C600 3x"},"classes":[]},{"id":49894,"url":"https:\/\/ismaelcolosi.com.br\/index.php\/2024\/05\/13\/acusado-de-esfaquear-homem-durante-discussao-em-ribeirao-preto-continua-foragido\/","url_meta":{"origin":52158,"position":3},"title":"Acusado de esfaquear homem durante discuss\u00e3o em Ribeir\u00e3o Preto continua foragido","author":"ismaelcolosi.com.br","date":"13 de May de 2024","format":false,"excerpt":"O acusado de matar um homem durante uma discuss\u00e3o na zona Norte de Ribeir\u00e3o Preto, ainda n\u00e3o foi localizado pela Pol\u00edcia Civil. O crime aconteceu na madrugada do dia 23 de mar\u00e7o, na Travessa Jamurunda, no Alto do Ipiranga. De acordo com a pol\u00edcia, Jhony Ribeiro Balthazar \u00e9 suspeito de\u2026","rel":"","context":"In &quot;Not\u00edcias de Ribeir\u00e3o Preto-SP e Regi\u00e3o&quot;","block_context":{"text":"Not\u00edcias de Ribeir\u00e3o Preto-SP e Regi\u00e3o","link":"https:\/\/ismaelcolosi.com.br\/index.php\/category\/noticias-de-ribeirao-preto-sp-e-regiao-ismael-colosi\/"},"img":{"alt_text":"","src":"https:\/\/i0.wp.com\/ismaelcolosi.com.br\/wp-content\/uploads\/2024\/05\/Copia-de-Copia-de-TAMANHO-EXATO-PARA-FOTOS-NO-SISTEMA-NOVO-38_2024-05-13_23-36-25_png_2024-05-13_23-36-25.webp.webp?fit=1200%2C675&ssl=1&resize=350%2C200","width":350,"height":200,"srcset":"https:\/\/i0.wp.com\/ismaelcolosi.com.br\/wp-content\/uploads\/2024\/05\/Copia-de-Copia-de-TAMANHO-EXATO-PARA-FOTOS-NO-SISTEMA-NOVO-38_2024-05-13_23-36-25_png_2024-05-13_23-36-25.webp.webp?fit=1200%2C675&ssl=1&resize=350%2C200 1x, https:\/\/i0.wp.com\/ismaelcolosi.com.br\/wp-content\/uploads\/2024\/05\/Copia-de-Copia-de-TAMANHO-EXATO-PARA-FOTOS-NO-SISTEMA-NOVO-38_2024-05-13_23-36-25_png_2024-05-13_23-36-25.webp.webp?fit=1200%2C675&ssl=1&resize=525%2C300 1.5x, https:\/\/i0.wp.com\/ismaelcolosi.com.br\/wp-content\/uploads\/2024\/05\/Copia-de-Copia-de-TAMANHO-EXATO-PARA-FOTOS-NO-SISTEMA-NOVO-38_2024-05-13_23-36-25_png_2024-05-13_23-36-25.webp.webp?fit=1200%2C675&ssl=1&resize=700%2C400 2x, https:\/\/i0.wp.com\/ismaelcolosi.com.br\/wp-content\/uploads\/2024\/05\/Copia-de-Copia-de-TAMANHO-EXATO-PARA-FOTOS-NO-SISTEMA-NOVO-38_2024-05-13_23-36-25_png_2024-05-13_23-36-25.webp.webp?fit=1200%2C675&ssl=1&resize=1050%2C600 3x"},"classes":[]},{"id":74533,"url":"https:\/\/ismaelcolosi.com.br\/index.php\/2024\/10\/31\/motorista-que-atropelou-e-matou-ciclista-em-ribeirao-preto-se-apresenta-a-policia\/","url_meta":{"origin":52158,"position":4},"title":"Motorista que atropelou e matou ciclista em Ribeir\u00e3o Preto se apresenta \u00e0 pol\u00edcia","author":"ismaelcolosi.com.br","date":"31 de October de 2024","format":false,"excerpt":"O motorista acusado de atropelar e matar um ciclista de 51 anos, em frente ao Parque Maur\u00edlio Biagi, na zona Oeste de Ribeir\u00e3o Preto, se apresentou \u00e0 pol\u00edcia nesta quinta-feira (31), de acordo com a SSP (Secretaria de Seguran\u00e7a P\u00fablica). O acidente aconteceu na quarta-feira (30), e, segundo o BO\u2026","rel":"","context":"In &quot;Not\u00edcias de Ribeir\u00e3o Preto-SP e Regi\u00e3o&quot;","block_context":{"text":"Not\u00edcias de Ribeir\u00e3o Preto-SP e Regi\u00e3o","link":"https:\/\/ismaelcolosi.com.br\/index.php\/category\/noticias-de-ribeirao-preto-sp-e-regiao-ismael-colosi\/"},"img":{"alt_text":"","src":"https:\/\/i0.wp.com\/ismaelcolosi.com.br\/wp-content\/uploads\/2024\/10\/CICLISTA_2024-10-31_11-28-06_jpg_2024-10-31_11-28-06.webp.webp?fit=1200%2C883&ssl=1&resize=350%2C200","width":350,"height":200,"srcset":"https:\/\/i0.wp.com\/ismaelcolosi.com.br\/wp-content\/uploads\/2024\/10\/CICLISTA_2024-10-31_11-28-06_jpg_2024-10-31_11-28-06.webp.webp?fit=1200%2C883&ssl=1&resize=350%2C200 1x, https:\/\/i0.wp.com\/ismaelcolosi.com.br\/wp-content\/uploads\/2024\/10\/CICLISTA_2024-10-31_11-28-06_jpg_2024-10-31_11-28-06.webp.webp?fit=1200%2C883&ssl=1&resize=525%2C300 1.5x, https:\/\/i0.wp.com\/ismaelcolosi.com.br\/wp-content\/uploads\/2024\/10\/CICLISTA_2024-10-31_11-28-06_jpg_2024-10-31_11-28-06.webp.webp?fit=1200%2C883&ssl=1&resize=700%2C400 2x, https:\/\/i0.wp.com\/ismaelcolosi.com.br\/wp-content\/uploads\/2024\/10\/CICLISTA_2024-10-31_11-28-06_jpg_2024-10-31_11-28-06.webp.webp?fit=1200%2C883&ssl=1&resize=1050%2C600 3x"},"classes":[]},{"id":46690,"url":"https:\/\/ismaelcolosi.com.br\/index.php\/2024\/04\/13\/foragido-da-justica-e-preso-com-peruca-em-voo-para-ribeirao-preto\/","url_meta":{"origin":52158,"position":5},"title":"Foragido da Justi\u00e7a \u00e9 preso com peruca em voo para Ribeir\u00e3o Preto","author":"ismaelcolosi.com.br","date":"13 de April de 2024","format":false,"excerpt":"A Pol\u00edcia Civil prendeu um foragido da Justi\u00e7a, com uma peruca, dentro de um voo para Ribeir\u00e3o Preto, na \u00faltima quinta-feira (11). De acordo com a pol\u00edcia, o suspeito havia embarcado no avi\u00e3o em S\u00e3o Paulo. A pol\u00edcia informou que os agentes monitoravam o acusado, contra o qual havia sido\u2026","rel":"","context":"In &quot;Not\u00edcias de Ribeir\u00e3o Preto-SP e Regi\u00e3o&quot;","block_context":{"text":"Not\u00edcias de Ribeir\u00e3o Preto-SP e Regi\u00e3o","link":"https:\/\/ismaelcolosi.com.br\/index.php\/category\/noticias-de-ribeirao-preto-sp-e-regiao-ismael-colosi\/"},"img":{"alt_text":"","src":"https:\/\/i0.wp.com\/ismaelcolosi.com.br\/wp-content\/uploads\/2024\/04\/AnyConv.com__leite-lopes.webp.webp?fit=1019%2C572&ssl=1&resize=350%2C200","width":350,"height":200,"srcset":"https:\/\/i0.wp.com\/ismaelcolosi.com.br\/wp-content\/uploads\/2024\/04\/AnyConv.com__leite-lopes.webp.webp?fit=1019%2C572&ssl=1&resize=350%2C200 1x, https:\/\/i0.wp.com\/ismaelcolosi.com.br\/wp-content\/uploads\/2024\/04\/AnyConv.com__leite-lopes.webp.webp?fit=1019%2C572&ssl=1&resize=525%2C300 1.5x, https:\/\/i0.wp.com\/ismaelcolosi.com.br\/wp-content\/uploads\/2024\/04\/AnyConv.com__leite-lopes.webp.webp?fit=1019%2C572&ssl=1&resize=700%2C400 2x"},"classes":[]}],"jetpack_sharing_enabled":true,"jetpack_shortlink":"https:\/\/wp.me\/pfMlyK-dzg","_links":{"self":[{"href":"https:\/\/ismaelcolosi.com.br\/index.php\/wp-json\/wp\/v2\/posts\/52158","targetHints":{"allow":["GET"]}}],"collection":[{"href":"https:\/\/ismaelcolosi.com.br\/index.php\/wp-json\/wp\/v2\/posts"}],"about":[{"href":"https:\/\/ismaelcolosi.com.br\/index.php\/wp-json\/wp\/v2\/types\/post"}],"author":[{"embeddable":true,"href":"https:\/\/ismaelcolosi.com.br\/index.php\/wp-json\/wp\/v2\/users\/1"}],"replies":[{"embeddable":true,"href":"https:\/\/ismaelcolosi.com.br\/index.php\/wp-json\/wp\/v2\/comments?post=52158"}],"version-history":[{"count":0,"href":"https:\/\/ismaelcolosi.com.br\/index.php\/wp-json\/wp\/v2\/posts\/52158\/revisions"}],"wp:featuredmedia":[{"embeddable":true,"href":"https:\/\/ismaelcolosi.com.br\/index.php\/wp-json\/wp\/v2\/media\/52159"}],"wp:attachment":[{"href":"https:\/\/ismaelcolosi.com.br\/index.php\/wp-json\/wp\/v2\/media?parent=52158"}],"wp:term":[{"taxonomy":"category","embeddable":true,"href":"https:\/\/ismaelcolosi.com.br\/index.php\/wp-json\/wp\/v2\/categories?post=52158"},{"taxonomy":"post_tag","embeddable":true,"href":"https:\/\/ismaelcolosi.com.br\/index.php\/wp-json\/wp\/v2\/tags?post=52158"}],"curies":[{"name":"wp","href":"https:\/\/api.w.org\/{rel}","templated":true}]}}