{"id":52152,"date":"2024-06-04T12:20:58","date_gmt":"2024-06-04T15:20:58","guid":{"rendered":"https:\/\/ismaelcolosi.com.br\/index.php\/2024\/06\/04\/ans-autoriza-reajuste-de-ate-691-nos-planos-de-saude-individuais-entenda\/"},"modified":"2024-06-04T12:20:58","modified_gmt":"2024-06-04T15:20:58","slug":"ans-autoriza-reajuste-de-ate-691-nos-planos-de-saude-individuais-entenda","status":"publish","type":"post","link":"https:\/\/ismaelcolosi.com.br\/index.php\/2024\/06\/04\/ans-autoriza-reajuste-de-ate-691-nos-planos-de-saude-individuais-entenda\/","title":{"rendered":"ANS autoriza reajuste de at\u00e9 6,91% nos planos de sa\u00fade individuais; Entenda"},"content":{"rendered":"<p> <br \/>\n<\/p>\n<div>\n<p><strong>A Ag\u00eancia Nacional de Sa\u00fade Suplementar (ANS) estabeleceu o limite de 6,91% para o reajuste anual dos planos de sa\u00fade individuais e familiares regulamentados, v\u00e1lidos para contratos firmados a partir de 1\u00ba de janeiro de 1999 ou adaptados \u00e0 Lei n\u00ba 9.656\/98. <\/strong><\/p>\n<p><mark style=\"background-color:#fcb900\" class=\"has-inline-color has-black-color\">Esse porcentual ser\u00e1 aplic\u00e1vel no per\u00edodo de maio de 2024 a abril de 2025, afetando cerca de 8 milh\u00f5es de benefici\u00e1rios, o que corresponde a 15,6% dos 51 milh\u00f5es de consumidores de planos de sa\u00fade no Brasil, segundo dados de mar\u00e7o de 2024.<\/mark><\/p>\n<p>O <strong>aumento <\/strong>divulgado nesta ter\u00e7a-feira, 4, <strong>supera <\/strong>a <strong>infla\u00e7\u00e3o <\/strong>em 3,22 pontos porcentuais (p.p.), considerando que nos \u00faltimos 12 meses, o IPCA, \u00edndice usado nas metas de infla\u00e7\u00e3o do governo, ficou em 3,69%.<\/p>\n<p>O diretor-presidente da ANS, Paulo Rebello, explicou que o \u00edndice de reajuste de 6,91% para 2024 foi determinado com base na varia\u00e7\u00e3o das despesas assistenciais entre 2023 e 2022 dos benefici\u00e1rios de planos de sa\u00fade individuais e familiares. Segundo ele, essa varia\u00e7\u00e3o est\u00e1 diretamente relacionada aos custos dos procedimentos e \u00e0 frequ\u00eancia de utiliza\u00e7\u00e3o dos servi\u00e7os de sa\u00fade.<\/p>\n<p>Ainda na divulga\u00e7\u00e3o, a entidade afirmou que n\u00e3o \u00e9 correto comparar o \u00edndice de reajuste com a infla\u00e7\u00e3o, apontando que os \u00edndices de infla\u00e7\u00e3o medem a varia\u00e7\u00e3o de pre\u00e7os de produtos e servi\u00e7os, enquanto os \u00edndices de reajuste de planos de sa\u00fade s\u00e3o \u201c\u00edndices de valor\u201d, pois medem a varia\u00e7\u00e3o combinada n\u00e3o somente de pre\u00e7os, mas tamb\u00e9m de quantidades consumidas.<\/p>\n<blockquote class=\"wp-block-quote\">\n<p>\u201cO porcentual calculado pela ANS considera aspectos como as mudan\u00e7as nos pre\u00e7os dos produtos e servi\u00e7os em sa\u00fade, bem como as mudan\u00e7as na frequ\u00eancia de utiliza\u00e7\u00e3o dos servi\u00e7os de sa\u00fade\u201d, dizem em nota.<\/p>\n<\/blockquote>\n<p>A decis\u00e3o sobre o \u00edndice de reajuste foi aprovada nesta ter\u00e7a em reuni\u00e3o de diretoria Colegiada da ANS, ap\u00f3s aprecia\u00e7\u00e3o pelo Minist\u00e9rio da Fazenda. O reajuste poder\u00e1 ser aplicado pelas operadoras no m\u00eas de anivers\u00e1rio do contrato, com a cobran\u00e7a iniciando em julho ou, no m\u00e1ximo, em agosto para os contratos que aniversariam em maio e junho, com retroatividade at\u00e9 o m\u00eas de anivers\u00e1rio do contrato.<\/p>\n<p>Para definir o porcentual de reajuste de 2024, a ANS utilizou uma metodologia de c\u00e1lculo adotada desde 2019, que leva em conta a varia\u00e7\u00e3o das despesas assistenciais e o \u00cdndice de Pre\u00e7os ao Consumidor Amplo (IPCA), excluindo o subitem Plano de Sa\u00fade. Alexandre Fioranelli, diretor de Normas e Habilita\u00e7\u00e3o dos Produtos da ANS, destacou que os dados para o reajuste foram validados pela Secretaria de Reformas Econ\u00f4micas do Minist\u00e9rio da Fazenda, que concordou com o c\u00e1lculo e enfatizou sua import\u00e2ncia para o equil\u00edbrio econ\u00f4mico-financeiro das operadoras.<\/p>\n<p>SAIBA MAIS<\/p>\n<p>Veja as cidades com risco de queda de temperatura no estado de SP<\/p>\n<h4 class=\"wp-block-heading\"><strong>FIQUE ON<\/strong><\/h4>\n<p>Fique ligado em tudo que acontece em Ribeir\u00e3o Preto e regi\u00e3o. Siga os perfis do\u00a0<strong>acidade on\u00a0<\/strong>no\u00a0<a href=\"https:\/\/www.instagram.com\/acidadeonribeirao\" target=\"_blank\" rel=\"noreferrer noopener\">Instagram<\/a>\u00a0e no\u00a0<a href=\"https:\/\/www.facebook.com\/acidadeonribeirao\" target=\"_blank\" rel=\"noreferrer noopener\">Facebook<\/a>.<\/p>\n<p>Receba not\u00edcias do acidade on no WhatsApp. Para entrar no grupo, basta\u00a0<a href=\"https:\/\/chat.whatsapp.com\/CdrZ6xrf7quD44Vw3WlPuZ\" target=\"_blank\" rel=\"noreferrer noopener\">clicar aqui<\/a>.<\/p>\n<p>Fa\u00e7a uma den\u00fancia ou sugira uma reportagem sobre Ribeir\u00e3o Preto e regi\u00e3o pelo WhatsApp: 16 99117 7802.<\/p>\n<p>VEJA TAMB\u00c9M<\/p>\n<p>Quem criou a PEC das praias?<\/p>\n<p><!-- AI CONTENT END 1 -->\n<\/div>\n<p><script async src=\"\/\/www.instagram.com\/embed.js\"><\/script><br \/>\n<br \/><br \/>\n<br \/><a href=\"https:\/\/www.acidadeon.com\/ribeiraopreto\/economia\/ans-autoriza-reajuste-de-ate-691-nos-planos-de-saude-individuais-entenda\/\">Source link <\/a><\/p>\n<div class='code-block code-block-4' style='margin: 8px auto 8px 0; text-align: left; display: block; clear: both;'>\n\ud83d\udce2 Aviso Legal\n\nO site ismaelcolosi.com.br atua apenas como um canal de divulga\u00e7\u00e3o de oportunidades de emprego e n\u00e3o se responsabiliza pelo processo seletivo, contrata\u00e7\u00e3o ou qualquer outra etapa relacionada \u00e0s vagas publicadas. Todas as informa\u00e7\u00f5es s\u00e3o de responsabilidade dos anunciantes.\n\n\u26a0\ufe0f Aten\u00e7\u00e3o! Nunca pague por promessas de emprego nem compre cursos que garantam contrata\u00e7\u00e3o. Desconfie de qualquer cobran\u00e7a para participar de sele\u00e7\u00f5es.\n\n\n\n<\/div>\n<!-- CONTENT END 1 -->\n","protected":false},"excerpt":{"rendered":"<p>A Ag\u00eancia Nacional de Sa\u00fade Suplementar (ANS) estabeleceu o limite de 6,91% para o reajuste anual dos planos de sa\u00fade individuais e familiares regulamentados, v\u00e1lidos&#8230;<\/p>\n","protected":false},"author":1,"featured_media":52153,"comment_status":"open","ping_status":"open","sticky":false,"template":"","format":"standard","meta":{"_uag_custom_page_level_css":"","advanced_seo_description":"","jetpack_seo_html_title":"","jetpack_seo_noindex":false,"jetpack_post_was_ever_published":false,"_jetpack_newsletter_access":"","_jetpack_dont_email_post_to_subs":false,"_jetpack_newsletter_tier_id":0,"_jetpack_memberships_contains_paywalled_content":false,"_jetpack_memberships_contains_paid_content":false,"footnotes":"","jetpack_publicize_message":"","jetpack_publicize_feature_enabled":true,"jetpack_social_post_already_shared":true,"jetpack_social_options":{"image_generator_settings":{"template":"highway","default_image_id":0,"font":"","enabled":false},"version":2}},"categories":[11],"tags":[],"class_list":["post-52152","post","type-post","status-publish","format-standard","has-post-thumbnail","hentry","category-noticias-de-ribeirao-preto-sp-e-regiao-ismael-colosi"],"jetpack_publicize_connections":[],"jetpack_featured_media_url":"https:\/\/i0.wp.com\/ismaelcolosi.com.br\/wp-content\/uploads\/2024\/06\/visita_ao_1024x576_09022021131056.jpg?fit=1024%2C576&ssl=1","uagb_featured_image_src":{"full":["https:\/\/i0.wp.com\/ismaelcolosi.com.br\/wp-content\/uploads\/2024\/06\/visita_ao_1024x576_09022021131056.jpg?fit=1024%2C576&ssl=1",1024,576,false],"thumbnail":["https:\/\/i0.wp.com\/ismaelcolosi.com.br\/wp-content\/uploads\/2024\/06\/visita_ao_1024x576_09022021131056.jpg?resize=150%2C150&ssl=1",150,150,true],"medium":["https:\/\/i0.wp.com\/ismaelcolosi.com.br\/wp-content\/uploads\/2024\/06\/visita_ao_1024x576_09022021131056.jpg?fit=300%2C169&ssl=1",300,169,true],"medium_large":["https:\/\/i0.wp.com\/ismaelcolosi.com.br\/wp-content\/uploads\/2024\/06\/visita_ao_1024x576_09022021131056.jpg?fit=768%2C432&ssl=1",768,432,true],"large":["https:\/\/i0.wp.com\/ismaelcolosi.com.br\/wp-content\/uploads\/2024\/06\/visita_ao_1024x576_09022021131056.jpg?fit=1024%2C576&ssl=1",1024,576,true],"1536x1536":["https:\/\/i0.wp.com\/ismaelcolosi.com.br\/wp-content\/uploads\/2024\/06\/visita_ao_1024x576_09022021131056.jpg?fit=1024%2C576&ssl=1",1024,576,true],"2048x2048":["https:\/\/i0.wp.com\/ismaelcolosi.com.br\/wp-content\/uploads\/2024\/06\/visita_ao_1024x576_09022021131056.jpg?fit=1024%2C576&ssl=1",1024,576,true],"really-simple-thumb":["https:\/\/i0.wp.com\/ismaelcolosi.com.br\/wp-content\/uploads\/2024\/06\/visita_ao_1024x576_09022021131056.jpg?resize=370%2C247&ssl=1",370,247,true]},"uagb_author_info":{"display_name":"ismaelcolosi.com.br","author_link":"https:\/\/ismaelcolosi.com.br\/index.php\/author\/vidareal-online\/"},"uagb_comment_info":0,"uagb_excerpt":"A Ag\u00eancia Nacional de Sa\u00fade Suplementar (ANS) estabeleceu o limite de 6,91% para o reajuste anual dos planos de sa\u00fade individuais e familiares regulamentados, v\u00e1lidos...","jetpack-related-posts":[{"id":21811,"url":"https:\/\/ismaelcolosi.com.br\/index.php\/2023\/12\/28\/reclamacoes-contra-planos-de-saude-cresceram-quase-50-em-2023\/","url_meta":{"origin":52152,"position":0},"title":"Reclama\u00e7\u00f5es contra planos de sa\u00fade cresceram quase 50% em 2023","author":"ismaelcolosi.com.br","date":"28 de December de 2023","format":false,"excerpt":"28 de dezembro de 2023 | 15:0027 de dezembro de 2023 | 15:29 0As reclama\u00e7\u00f5es de usu\u00e1rios de planos de sa\u00fade tiveram crescimento de 49,7% nos primeiros dez meses de 2023. Os dados foram divulgados nesta quarta-feira (27) pela Ag\u00eancia Nacional de Sa\u00fade Suplementar (ANS).\u00a0Segundo a ag\u00eancia reguladora, o n\u00famero\u2026","rel":"","context":"In &quot;Not\u00edcias de Ribeir\u00e3o Preto-SP e Regi\u00e3o&quot;","block_context":{"text":"Not\u00edcias de Ribeir\u00e3o Preto-SP e Regi\u00e3o","link":"https:\/\/ismaelcolosi.com.br\/index.php\/category\/noticias-de-ribeirao-preto-sp-e-regiao-ismael-colosi\/"},"img":{"alt_text":"","src":"https:\/\/i0.wp.com\/ismaelcolosi.com.br\/wp-content\/uploads\/2023\/12\/5c1defa3-8dc9-4eb2-80fa-55ca5a37853a-scaled.jpg?fit=967%2C645&ssl=1&resize=350%2C200","width":350,"height":200,"srcset":"https:\/\/i0.wp.com\/ismaelcolosi.com.br\/wp-content\/uploads\/2023\/12\/5c1defa3-8dc9-4eb2-80fa-55ca5a37853a-scaled.jpg?fit=967%2C645&ssl=1&resize=350%2C200 1x, https:\/\/i0.wp.com\/ismaelcolosi.com.br\/wp-content\/uploads\/2023\/12\/5c1defa3-8dc9-4eb2-80fa-55ca5a37853a-scaled.jpg?fit=967%2C645&ssl=1&resize=525%2C300 1.5x, https:\/\/i0.wp.com\/ismaelcolosi.com.br\/wp-content\/uploads\/2023\/12\/5c1defa3-8dc9-4eb2-80fa-55ca5a37853a-scaled.jpg?fit=967%2C645&ssl=1&resize=700%2C400 2x"},"classes":[]},{"id":44740,"url":"https:\/\/ismaelcolosi.com.br\/index.php\/2024\/03\/30\/teto-para-reajuste-de-medicamentos-em-2024-fica-em-45\/","url_meta":{"origin":52152,"position":1},"title":"Teto para reajuste de medicamentos em 2024 fica em 4,5%","author":"ismaelcolosi.com.br","date":"30 de March de 2024","format":false,"excerpt":"30 de mar\u00e7o de 2024 | 10:13 0 A C\u00e2mara de Regula\u00e7\u00e3o do Mercado de Medicamentos (CMED) fixou o teto de reajuste para rem\u00e9dios em 4,5% neste ano, informou nesta sexta-feira (29) o Minist\u00e9rio da Sa\u00fade (MS). O percentual de aumento, o menor desde 2020, poder\u00e1 ser aplicado a partir\u2026","rel":"","context":"In &quot;Not\u00edcias de Ribeir\u00e3o Preto-SP e Regi\u00e3o&quot;","block_context":{"text":"Not\u00edcias de Ribeir\u00e3o Preto-SP e Regi\u00e3o","link":"https:\/\/ismaelcolosi.com.br\/index.php\/category\/noticias-de-ribeirao-preto-sp-e-regiao-ismael-colosi\/"},"img":{"alt_text":"","src":"https:\/\/i0.wp.com\/ismaelcolosi.com.br\/wp-content\/uploads\/2024\/03\/precos-de-medicamentos-sofrem-reajuste-de-ate-10-8.jpg?fit=960%2C636&ssl=1&resize=350%2C200","width":350,"height":200,"srcset":"https:\/\/i0.wp.com\/ismaelcolosi.com.br\/wp-content\/uploads\/2024\/03\/precos-de-medicamentos-sofrem-reajuste-de-ate-10-8.jpg?fit=960%2C636&ssl=1&resize=350%2C200 1x, https:\/\/i0.wp.com\/ismaelcolosi.com.br\/wp-content\/uploads\/2024\/03\/precos-de-medicamentos-sofrem-reajuste-de-ate-10-8.jpg?fit=960%2C636&ssl=1&resize=525%2C300 1.5x, https:\/\/i0.wp.com\/ismaelcolosi.com.br\/wp-content\/uploads\/2024\/03\/precos-de-medicamentos-sofrem-reajuste-de-ate-10-8.jpg?fit=960%2C636&ssl=1&resize=700%2C400 2x"},"classes":[]},{"id":52158,"url":"https:\/\/ismaelcolosi.com.br\/index.php\/2024\/06\/04\/motorista-que-atropelou-e-matou-ciclista-em-delfinopolis-e-de-ribeirao-preto\/","url_meta":{"origin":52152,"position":2},"title":"Motorista que atropelou e matou ciclista em Delfin\u00f3polis \u00e9 de Ribeir\u00e3o Preto","author":"ismaelcolosi.com.br","date":"4 de June de 2024","format":false,"excerpt":"O motorista que atropelou e matou uma ciclista de 42 anos, em Delfin\u00f3polis (MG), \u00e9 de Ribeir\u00e3o Preto. Apesar de n\u00e3o ter a identidade do suspeito divulgada, a pol\u00edcia mineira informou que ele se apresentou de forma espont\u00e2nea, nesta segunda-feira (3). O suspeito foi ouvido e liberado. Lais Mendes Soares\u2026","rel":"","context":"In &quot;Not\u00edcias de Ribeir\u00e3o Preto-SP e Regi\u00e3o&quot;","block_context":{"text":"Not\u00edcias de Ribeir\u00e3o Preto-SP e Regi\u00e3o","link":"https:\/\/ismaelcolosi.com.br\/index.php\/category\/noticias-de-ribeirao-preto-sp-e-regiao-ismael-colosi\/"},"img":{"alt_text":"","src":"https:\/\/i0.wp.com\/ismaelcolosi.com.br\/wp-content\/uploads\/2024\/06\/Copia-de-Copia-de-TAMANHO-EXATO-PARA-FOTOS-NO-SISTEMA-NOVO-6_2024-06-04_15-51-14_jpg_2024-06-04_15-51-15.webp.webp?fit=1200%2C675&ssl=1&resize=350%2C200","width":350,"height":200,"srcset":"https:\/\/i0.wp.com\/ismaelcolosi.com.br\/wp-content\/uploads\/2024\/06\/Copia-de-Copia-de-TAMANHO-EXATO-PARA-FOTOS-NO-SISTEMA-NOVO-6_2024-06-04_15-51-14_jpg_2024-06-04_15-51-15.webp.webp?fit=1200%2C675&ssl=1&resize=350%2C200 1x, https:\/\/i0.wp.com\/ismaelcolosi.com.br\/wp-content\/uploads\/2024\/06\/Copia-de-Copia-de-TAMANHO-EXATO-PARA-FOTOS-NO-SISTEMA-NOVO-6_2024-06-04_15-51-14_jpg_2024-06-04_15-51-15.webp.webp?fit=1200%2C675&ssl=1&resize=525%2C300 1.5x, https:\/\/i0.wp.com\/ismaelcolosi.com.br\/wp-content\/uploads\/2024\/06\/Copia-de-Copia-de-TAMANHO-EXATO-PARA-FOTOS-NO-SISTEMA-NOVO-6_2024-06-04_15-51-14_jpg_2024-06-04_15-51-15.webp.webp?fit=1200%2C675&ssl=1&resize=700%2C400 2x, https:\/\/i0.wp.com\/ismaelcolosi.com.br\/wp-content\/uploads\/2024\/06\/Copia-de-Copia-de-TAMANHO-EXATO-PARA-FOTOS-NO-SISTEMA-NOVO-6_2024-06-04_15-51-14_jpg_2024-06-04_15-51-15.webp.webp?fit=1200%2C675&ssl=1&resize=1050%2C600 3x"},"classes":[]},{"id":32876,"url":"https:\/\/ismaelcolosi.com.br\/index.php\/2024\/01\/26\/metade-de-rp-tem-plano-de-saude\/","url_meta":{"origin":52152,"position":3},"title":"Metade de RP tem\u00a0plano de sa\u00fade\u00a0","author":"ismaelcolosi.com.br","date":"26 de January de 2024","format":false,"excerpt":"26 de janeiro de 2024 | 18:0026 de janeiro de 2024 | 12:32 0Segundo a Ag\u00eancia Nacional de Sa\u00fade Suplementar (ANS), Ribeir\u00e3o Preto fechou o ano passado com 332.952 usu\u00e1rios de planos de assist\u00eancia m\u00e9dica-hospitalar, alta de 1,47% e 4.821 benefici\u00e1rios a mais que os 328.131 de dezembro de 2022.\u2026","rel":"","context":"In &quot;Not\u00edcias de Ribeir\u00e3o Preto-SP e Regi\u00e3o&quot;","block_context":{"text":"Not\u00edcias de Ribeir\u00e3o Preto-SP e Regi\u00e3o","link":"https:\/\/ismaelcolosi.com.br\/index.php\/category\/noticias-de-ribeirao-preto-sp-e-regiao-ismael-colosi\/"},"img":{"alt_text":"","src":"https:\/\/i0.wp.com\/ismaelcolosi.com.br\/wp-content\/uploads\/2024\/01\/PlanoANS-Marcello-Casal-Jr.-Ag.Br_-scaled.jpg?fit=1000%2C598&ssl=1&resize=350%2C200","width":350,"height":200,"srcset":"https:\/\/i0.wp.com\/ismaelcolosi.com.br\/wp-content\/uploads\/2024\/01\/PlanoANS-Marcello-Casal-Jr.-Ag.Br_-scaled.jpg?fit=1000%2C598&ssl=1&resize=350%2C200 1x, https:\/\/i0.wp.com\/ismaelcolosi.com.br\/wp-content\/uploads\/2024\/01\/PlanoANS-Marcello-Casal-Jr.-Ag.Br_-scaled.jpg?fit=1000%2C598&ssl=1&resize=525%2C300 1.5x, https:\/\/i0.wp.com\/ismaelcolosi.com.br\/wp-content\/uploads\/2024\/01\/PlanoANS-Marcello-Casal-Jr.-Ag.Br_-scaled.jpg?fit=1000%2C598&ssl=1&resize=700%2C400 2x"},"classes":[]},{"id":32687,"url":"https:\/\/ismaelcolosi.com.br\/index.php\/2024\/01\/26\/numero-de-usuarios-de-planos-de-saude-passa-de-51-milhoes-em-2023\/","url_meta":{"origin":52152,"position":4},"title":"N\u00famero de usu\u00e1rios de planos de sa\u00fade passa de 51 milh\u00f5es em 2023","author":"ismaelcolosi.com.br","date":"26 de January de 2024","format":false,"excerpt":"25 de janeiro de 2024 | 14:0025 de janeiro de 2024 | 10:38 0Levantamento divulgado nesta quarta-feira (24) pela Ag\u00eancia Nacional de Sa\u00fade Suplementar (ANS) revela que o setor totalizou, em dezembro do ano passado, 51.081.018 usu\u00e1rios de planos de assist\u00eancia m\u00e9dica, superando, pela primeira vez, a marca de 51\u2026","rel":"","context":"In &quot;Not\u00edcias de Ribeir\u00e3o Preto-SP e Regi\u00e3o&quot;","block_context":{"text":"Not\u00edcias de Ribeir\u00e3o Preto-SP e Regi\u00e3o","link":"https:\/\/ismaelcolosi.com.br\/index.php\/category\/noticias-de-ribeirao-preto-sp-e-regiao-ismael-colosi\/"},"img":{"alt_text":"","src":"https:\/\/i0.wp.com\/ismaelcolosi.com.br\/wp-content\/uploads\/2024\/01\/9b8960ba-45c7-4867-92fa-3d2a6bf5aae5.jpg?fit=724%2C483&ssl=1&resize=350%2C200","width":350,"height":200,"srcset":"https:\/\/i0.wp.com\/ismaelcolosi.com.br\/wp-content\/uploads\/2024\/01\/9b8960ba-45c7-4867-92fa-3d2a6bf5aae5.jpg?fit=724%2C483&ssl=1&resize=350%2C200 1x, https:\/\/i0.wp.com\/ismaelcolosi.com.br\/wp-content\/uploads\/2024\/01\/9b8960ba-45c7-4867-92fa-3d2a6bf5aae5.jpg?fit=724%2C483&ssl=1&resize=525%2C300 1.5x, https:\/\/i0.wp.com\/ismaelcolosi.com.br\/wp-content\/uploads\/2024\/01\/9b8960ba-45c7-4867-92fa-3d2a6bf5aae5.jpg?fit=724%2C483&ssl=1&resize=700%2C400 2x"},"classes":[]},{"id":20625,"url":"https:\/\/ismaelcolosi.com.br\/index.php\/2023\/12\/26\/novo-calculo-proposto-pode-elevar-valor\/","url_meta":{"origin":52152,"position":5},"title":"novo c\u00e1lculo proposto pode elevar valor?","author":"ismaelcolosi.com.br","date":"26 de December de 2023","format":false,"excerpt":"Cr\u00e9ditos: Istock\/Andrzej Rostek Governo divulga novo sal\u00e1rio m\u00ednimo e valor IMPRESSIONA O reajuste do sal\u00e1rio m\u00ednimo \u00e9 um tema de extrema import\u00e2ncia para milh\u00f5es de brasileiros que dependem dessa remunera\u00e7\u00e3o como meio de sobreviv\u00eancia em meio aos desafios financeiros do pa\u00eds. Para o ano de 2024, o valor do sal\u00e1rio\u2026","rel":"","context":"In &quot;Variedades&quot;","block_context":{"text":"Variedades","link":"https:\/\/ismaelcolosi.com.br\/index.php\/category\/variedades\/"},"img":{"alt_text":"","src":"https:\/\/i0.wp.com\/ismaelcolosi.com.br\/wp-content\/uploads\/2023\/12\/1703583234_salario-minimo.jpg?fit=1200%2C638&ssl=1&resize=350%2C200","width":350,"height":200,"srcset":"https:\/\/i0.wp.com\/ismaelcolosi.com.br\/wp-content\/uploads\/2023\/12\/1703583234_salario-minimo.jpg?fit=1200%2C638&ssl=1&resize=350%2C200 1x, https:\/\/i0.wp.com\/ismaelcolosi.com.br\/wp-content\/uploads\/2023\/12\/1703583234_salario-minimo.jpg?fit=1200%2C638&ssl=1&resize=525%2C300 1.5x, https:\/\/i0.wp.com\/ismaelcolosi.com.br\/wp-content\/uploads\/2023\/12\/1703583234_salario-minimo.jpg?fit=1200%2C638&ssl=1&resize=700%2C400 2x, https:\/\/i0.wp.com\/ismaelcolosi.com.br\/wp-content\/uploads\/2023\/12\/1703583234_salario-minimo.jpg?fit=1200%2C638&ssl=1&resize=1050%2C600 3x"},"classes":[]}],"jetpack_sharing_enabled":true,"jetpack_shortlink":"https:\/\/wp.me\/pfMlyK-dza","_links":{"self":[{"href":"https:\/\/ismaelcolosi.com.br\/index.php\/wp-json\/wp\/v2\/posts\/52152","targetHints":{"allow":["GET"]}}],"collection":[{"href":"https:\/\/ismaelcolosi.com.br\/index.php\/wp-json\/wp\/v2\/posts"}],"about":[{"href":"https:\/\/ismaelcolosi.com.br\/index.php\/wp-json\/wp\/v2\/types\/post"}],"author":[{"embeddable":true,"href":"https:\/\/ismaelcolosi.com.br\/index.php\/wp-json\/wp\/v2\/users\/1"}],"replies":[{"embeddable":true,"href":"https:\/\/ismaelcolosi.com.br\/index.php\/wp-json\/wp\/v2\/comments?post=52152"}],"version-history":[{"count":0,"href":"https:\/\/ismaelcolosi.com.br\/index.php\/wp-json\/wp\/v2\/posts\/52152\/revisions"}],"wp:featuredmedia":[{"embeddable":true,"href":"https:\/\/ismaelcolosi.com.br\/index.php\/wp-json\/wp\/v2\/media\/52153"}],"wp:attachment":[{"href":"https:\/\/ismaelcolosi.com.br\/index.php\/wp-json\/wp\/v2\/media?parent=52152"}],"wp:term":[{"taxonomy":"category","embeddable":true,"href":"https:\/\/ismaelcolosi.com.br\/index.php\/wp-json\/wp\/v2\/categories?post=52152"},{"taxonomy":"post_tag","embeddable":true,"href":"https:\/\/ismaelcolosi.com.br\/index.php\/wp-json\/wp\/v2\/tags?post=52152"}],"curies":[{"name":"wp","href":"https:\/\/api.w.org\/{rel}","templated":true}]}}