{"id":52027,"date":"2024-06-03T13:29:52","date_gmt":"2024-06-03T16:29:52","guid":{"rendered":"https:\/\/ismaelcolosi.com.br\/index.php\/2024\/06\/03\/tj-sp-abre-inscricoes-para-concurso-publico-com-272-vagas-no-interior-de-sao-paulo\/"},"modified":"2024-06-03T13:29:52","modified_gmt":"2024-06-03T16:29:52","slug":"tj-sp-abre-inscricoes-para-concurso-publico-com-272-vagas-no-interior-de-sao-paulo","status":"publish","type":"post","link":"https:\/\/ismaelcolosi.com.br\/index.php\/2024\/06\/03\/tj-sp-abre-inscricoes-para-concurso-publico-com-272-vagas-no-interior-de-sao-paulo\/","title":{"rendered":"TJ-SP abre inscri\u00e7\u00f5es para concurso p\u00fablico com 272 vagas no interior de S\u00e3o Paulo"},"content":{"rendered":"<p> <br \/>\n<\/p>\n<div data-td-block-uid=\"tdi_101\">\n<div class=\"tdb-block-inner td-fix-index\">\n<p><span style=\"background-color:#f7cc62\" class=\"td_text_highlight_marker\"><mark style=\"background-color:rgba(0, 0, 0, 0)\" class=\"has-inline-color has-black-color\">O<strong> TJ-SP (Tribunal de Justi\u00e7a de S\u00e3o Paulo)<\/strong> abriu nesta <strong>segunda-feira<\/strong> (3) as <strong>inscri\u00e7\u00f5es<\/strong> para o <strong>concurso p\u00fablico com 572 vagas<\/strong> para <strong>escrevente t\u00e9cnico judici\u00e1rio<\/strong>, em todo <strong>estado de S\u00e3o Paulo<\/strong>, sendo<strong> 300 <\/strong>para <strong>capital <\/strong>e <strong>272 oportunidades<\/strong> para o <strong>interior de S\u00e3o Paulo<\/strong>.<\/mark><\/span><\/p>\n<p>Os <strong>interessados devem se inscrever<\/strong>, exclusivamente, pelo <strong>site da<\/strong> <strong>Vunesp<\/strong> (<strong><a href=\"https:\/\/www.vunesp.com.br\/TJSP2401\" target=\"_blank\" rel=\"noreferrer noopener nofollow\">clique aqui<\/a><\/strong>) at\u00e9 \u00e0s 23h59 de <strong>12 de julho<\/strong>. A <strong>taxa<\/strong> de inscri\u00e7\u00e3o \u00e9 de <strong>R$ 81<\/strong>.<\/p>\n<p>O <strong>sal\u00e1rio, para 40h de trabalho semanais, \u00e9 de 6.043,54<\/strong>, al\u00e9m de aux\u00edlio para alimenta\u00e7\u00e3o, sa\u00fade e transporte.<\/p>\n<p>Para a <strong>Regi\u00e3o Administrativa Judici\u00e1ria de Ribeir\u00e3o Preto<\/strong>, que compreende <strong>48 cidades<\/strong> (<a href=\"https:\/\/tjsp.jus.br\/QuemSomos\/QuemSomos\/RegioesAdministrativasJudiciarias\" target=\"_blank\" rel=\"noreferrer noopener nofollow\">clique aqui<\/a>), s\u00e3o <strong>39 vagas oferecidas<\/strong>.<\/p>\n<h2 class=\"wp-block-heading\"><strong>Provas<\/strong><\/h2>\n<p>A<strong> prova objetiva<\/strong>, que ter\u00e1 car\u00e1ter eliminat\u00f3rio e classificat\u00f3rio, acontecer\u00e1 no dia <strong>8 de setembro<\/strong>. J\u00e1, a <strong>prova pr\u00e1tica (digita\u00e7\u00e3o)<\/strong>, ainda <strong>n\u00e3o tem data definida<\/strong>.<\/p>\n<h3 class=\"wp-block-heading\"><strong>Cronograma do concurso<\/strong><\/h3>\n<ul>\n<li>In\u00edcio das inscri\u00e7\u00f5es \u2013 03\/06\/2024<\/li>\n<li>T\u00e9rmino das inscri\u00e7\u00f5es \u2013 12\/07\/2024<\/li>\n<li>Vencimento do boleto banc\u00e1rio \u2013 15\/07\/2024<\/li>\n<li>Divulga\u00e7\u00e3o no site da Vunesp sobre o recebimento da inscri\u00e7\u00e3o e respectivo pagamento \u2013 03 dias \u00fateis ap\u00f3s o pagamento do boleto<\/li>\n<li>Data prevista para aplica\u00e7\u00e3o da prova objetiva \u2013 08\/09\/2024<\/li>\n<li>Data prevista para a divulga\u00e7\u00e3o do gabarito \u2013 11\/09\/2024<\/li>\n<li>Datas previstas para a prova pr\u00e1tica \u2013 a definir<\/li>\n<li>Data da divulga\u00e7\u00e3o do resultado final \u2013 a definir<\/li>\n<\/ul>\n<p>Para conferir o <strong>edital completo<\/strong> do concurso p\u00fablico <strong><a href=\"https:\/\/documento.vunesp.com.br\/documento\/stream\/NTc3OTM3Mw%3d%3d\" target=\"_blank\" rel=\"noreferrer noopener nofollow\">clique aqui<\/a><\/strong>.<\/p>\n<p>SAIBA MAIS <\/p>\n<p>Veja o passo a passo de como se inscrever no Enem 2024<\/p>\n<h4 class=\"wp-block-heading\"><strong>FIQUE ON<\/strong><\/h4>\n<p>Fique ligado em tudo que acontece em Ribeir\u00e3o Preto e regi\u00e3o. Siga os perfis do\u00a0<strong>acidade on\u00a0<\/strong>no\u00a0<a href=\"https:\/\/www.instagram.com\/acidadeonribeirao\" target=\"_blank\" rel=\"noreferrer noopener\">Instagram<\/a>\u00a0e no\u00a0<a href=\"https:\/\/www.facebook.com\/acidadeonribeirao\" target=\"_blank\" rel=\"noreferrer noopener\">Facebook<\/a>.<\/p>\n<p>Receba not\u00edcias do acidade on no WhatsApp. Para entrar no grupo, basta\u00a0<a href=\"https:\/\/chat.whatsapp.com\/CdrZ6xrf7quD44Vw3WlPuZ\" target=\"_blank\" rel=\"noreferrer noopener\">clicar aqui<\/a>.<\/p>\n<p>Fa\u00e7a uma den\u00fancia ou sugira uma reportagem sobre Ribeir\u00e3o Preto e regi\u00e3o pelo WhatsApp: 16 99117 7802.<\/p>\n<p>VEJA TAMB\u00c9M<br \/>Vai ter o filme \u2018A M\u00famia 4\u2019?<\/p>\n<p><!-- AI CONTENT END 1 -->\n<\/div>\n<\/div>\n<p><script async src=\"\/\/www.instagram.com\/embed.js\"><\/script><br \/>\n<br \/><br \/>\n<br \/><a href=\"https:\/\/www.acidadeon.com\/ribeiraopreto\/economia\/tj-sp-abre-inscricoes-para-concurso-publico-com-272-vagas-no-interior-de-sao-paulo\/\">Source link <\/a><\/p>\n<div class='code-block code-block-4' style='margin: 8px auto 8px 0; text-align: left; display: block; clear: both;'>\n\ud83d\udce2 Aviso Legal\n\nO site ismaelcolosi.com.br atua apenas como um canal de divulga\u00e7\u00e3o de oportunidades de emprego e n\u00e3o se responsabiliza pelo processo seletivo, contrata\u00e7\u00e3o ou qualquer outra etapa relacionada \u00e0s vagas publicadas. Todas as informa\u00e7\u00f5es s\u00e3o de responsabilidade dos anunciantes.\n\n\u26a0\ufe0f Aten\u00e7\u00e3o! Nunca pague por promessas de emprego nem compre cursos que garantam contrata\u00e7\u00e3o. Desconfie de qualquer cobran\u00e7a para participar de sele\u00e7\u00f5es.\n\n\n\n<\/div>\n<!-- CONTENT END 1 -->\n","protected":false},"excerpt":{"rendered":"<p>O TJ-SP (Tribunal de Justi\u00e7a de S\u00e3o Paulo) abriu nesta segunda-feira (3) as inscri\u00e7\u00f5es para o concurso p\u00fablico com 572 vagas para escrevente t\u00e9cnico judici\u00e1rio,&#8230;<\/p>\n","protected":false},"author":1,"featured_media":49290,"comment_status":"open","ping_status":"open","sticky":false,"template":"","format":"standard","meta":{"_uag_custom_page_level_css":"","advanced_seo_description":"","jetpack_seo_html_title":"","jetpack_seo_noindex":false,"jetpack_post_was_ever_published":false,"_jetpack_newsletter_access":"","_jetpack_dont_email_post_to_subs":false,"_jetpack_newsletter_tier_id":0,"_jetpack_memberships_contains_paywalled_content":false,"_jetpack_memberships_contains_paid_content":false,"footnotes":"","jetpack_publicize_message":"","jetpack_publicize_feature_enabled":true,"jetpack_social_post_already_shared":true,"jetpack_social_options":{"image_generator_settings":{"template":"highway","default_image_id":0,"font":"","enabled":false},"version":2}},"categories":[11],"tags":[],"class_list":["post-52027","post","type-post","status-publish","format-standard","has-post-thumbnail","hentry","category-noticias-de-ribeirao-preto-sp-e-regiao-ismael-colosi"],"jetpack_publicize_connections":[],"jetpack_featured_media_url":"https:\/\/i0.wp.com\/ismaelcolosi.com.br\/wp-content\/uploads\/2024\/05\/concurso_publico_1-1024x683-1_2024-05-09_19-38-33_jpeg_2024-05-09_19-38-33.webp.webp?fit=1024%2C683&ssl=1","uagb_featured_image_src":{"full":["https:\/\/i0.wp.com\/ismaelcolosi.com.br\/wp-content\/uploads\/2024\/05\/concurso_publico_1-1024x683-1_2024-05-09_19-38-33_jpeg_2024-05-09_19-38-33.webp.webp?fit=1024%2C683&ssl=1",1024,683,false],"thumbnail":["https:\/\/i0.wp.com\/ismaelcolosi.com.br\/wp-content\/uploads\/2024\/05\/concurso_publico_1-1024x683-1_2024-05-09_19-38-33_jpeg_2024-05-09_19-38-33.webp.webp?resize=150%2C150&ssl=1",150,150,true],"medium":["https:\/\/i0.wp.com\/ismaelcolosi.com.br\/wp-content\/uploads\/2024\/05\/concurso_publico_1-1024x683-1_2024-05-09_19-38-33_jpeg_2024-05-09_19-38-33.webp.webp?fit=300%2C200&ssl=1",300,200,true],"medium_large":["https:\/\/i0.wp.com\/ismaelcolosi.com.br\/wp-content\/uploads\/2024\/05\/concurso_publico_1-1024x683-1_2024-05-09_19-38-33_jpeg_2024-05-09_19-38-33.webp.webp?fit=768%2C512&ssl=1",768,512,true],"large":["https:\/\/i0.wp.com\/ismaelcolosi.com.br\/wp-content\/uploads\/2024\/05\/concurso_publico_1-1024x683-1_2024-05-09_19-38-33_jpeg_2024-05-09_19-38-33.webp.webp?fit=1024%2C683&ssl=1",1024,683,true],"1536x1536":["https:\/\/i0.wp.com\/ismaelcolosi.com.br\/wp-content\/uploads\/2024\/05\/concurso_publico_1-1024x683-1_2024-05-09_19-38-33_jpeg_2024-05-09_19-38-33.webp.webp?fit=1024%2C683&ssl=1",1024,683,true],"2048x2048":["https:\/\/i0.wp.com\/ismaelcolosi.com.br\/wp-content\/uploads\/2024\/05\/concurso_publico_1-1024x683-1_2024-05-09_19-38-33_jpeg_2024-05-09_19-38-33.webp.webp?fit=1024%2C683&ssl=1",1024,683,true],"really-simple-thumb":["https:\/\/i0.wp.com\/ismaelcolosi.com.br\/wp-content\/uploads\/2024\/05\/concurso_publico_1-1024x683-1_2024-05-09_19-38-33_jpeg_2024-05-09_19-38-33.webp.webp?resize=370%2C247&ssl=1",370,247,true]},"uagb_author_info":{"display_name":"ismaelcolosi.com.br","author_link":"https:\/\/ismaelcolosi.com.br\/index.php\/author\/vidareal-online\/"},"uagb_comment_info":0,"uagb_excerpt":"O TJ-SP (Tribunal de Justi\u00e7a de S\u00e3o Paulo) abriu nesta segunda-feira (3) as inscri\u00e7\u00f5es para o concurso p\u00fablico com 572 vagas para escrevente t\u00e9cnico judici\u00e1rio,...","jetpack-related-posts":[{"id":52196,"url":"https:\/\/ismaelcolosi.com.br\/index.php\/2024\/06\/04\/prefeitura-no-interior-de-sp-tem-concurso-com-100-vagas-para-guarda-civil-municipal\/","url_meta":{"origin":52027,"position":0},"title":"Prefeitura no interior de SP tem concurso com 100 vagas para Guarda Civil Municipal","author":"ismaelcolosi.com.br","date":"4 de June de 2024","format":false,"excerpt":"A Prefeitura de S\u00e3o Jos\u00e9 do Rio Preto, no interior de S\u00e3o Paulo, publicou o edital de concurso p\u00fablico com 100 vagas para o cargo de Guarda Civil Municipal. O sal\u00e1rio para fun\u00e7\u00e3o \u00e9 de R$ 2.897,33 para escala 12\u00d736 ou 40 horas semanais. Al\u00e9m disso, a Administra\u00e7\u00e3o tamb\u00e9m oferece\u2026","rel":"","context":"In &quot;Not\u00edcias de Ribeir\u00e3o Preto-SP e Regi\u00e3o&quot;","block_context":{"text":"Not\u00edcias de Ribeir\u00e3o Preto-SP e Regi\u00e3o","link":"https:\/\/ismaelcolosi.com.br\/index.php\/category\/noticias-de-ribeirao-preto-sp-e-regiao-ismael-colosi\/"},"img":{"alt_text":"","src":"https:\/\/i0.wp.com\/ismaelcolosi.com.br\/wp-content\/uploads\/2024\/06\/Furto_de_Energia_Philadelpho_GCM_eb5eb2c70b_2024-06-04_19-36-33_png_2024-06-04_19-36-33.webp.webp?fit=1200%2C675&ssl=1&resize=350%2C200","width":350,"height":200,"srcset":"https:\/\/i0.wp.com\/ismaelcolosi.com.br\/wp-content\/uploads\/2024\/06\/Furto_de_Energia_Philadelpho_GCM_eb5eb2c70b_2024-06-04_19-36-33_png_2024-06-04_19-36-33.webp.webp?fit=1200%2C675&ssl=1&resize=350%2C200 1x, https:\/\/i0.wp.com\/ismaelcolosi.com.br\/wp-content\/uploads\/2024\/06\/Furto_de_Energia_Philadelpho_GCM_eb5eb2c70b_2024-06-04_19-36-33_png_2024-06-04_19-36-33.webp.webp?fit=1200%2C675&ssl=1&resize=525%2C300 1.5x, https:\/\/i0.wp.com\/ismaelcolosi.com.br\/wp-content\/uploads\/2024\/06\/Furto_de_Energia_Philadelpho_GCM_eb5eb2c70b_2024-06-04_19-36-33_png_2024-06-04_19-36-33.webp.webp?fit=1200%2C675&ssl=1&resize=700%2C400 2x, https:\/\/i0.wp.com\/ismaelcolosi.com.br\/wp-content\/uploads\/2024\/06\/Furto_de_Energia_Philadelpho_GCM_eb5eb2c70b_2024-06-04_19-36-33_png_2024-06-04_19-36-33.webp.webp?fit=1200%2C675&ssl=1&resize=1050%2C600 3x"},"classes":[]},{"id":51170,"url":"https:\/\/ismaelcolosi.com.br\/index.php\/2024\/05\/23\/tribunal-de-justica-de-sp-anuncia-concurso-publico-com-572-vagas-e-salario-de-r-6-mil\/","url_meta":{"origin":52027,"position":1},"title":"Tribunal de Justi\u00e7a de SP anuncia concurso p\u00fablico com 572 vagas e sal\u00e1rio de R$ 6 mil","author":"ismaelcolosi.com.br","date":"23 de May de 2024","format":false,"excerpt":"O Tribunal de Justi\u00e7a de S\u00e3o Paulo (TJ-SP) publicou o edital de um concurso com 572 vagas de escrevente t\u00e9cnico judici\u00e1rio para a Capital e outras nove Regi\u00f5es Administrativas Judici\u00e1rias (RAJs) no estado, incluindo Ribeir\u00e3o Preto. O sal\u00e1rio inicial do cargo \u00e9 de R$ 6.043,54, mais aux\u00edlios para alimenta\u00e7\u00e3o, sa\u00fade\u2026","rel":"","context":"In &quot;Not\u00edcias de Ribeir\u00e3o Preto-SP e Regi\u00e3o&quot;","block_context":{"text":"Not\u00edcias de Ribeir\u00e3o Preto-SP e Regi\u00e3o","link":"https:\/\/ismaelcolosi.com.br\/index.php\/category\/noticias-de-ribeirao-preto-sp-e-regiao-ismael-colosi\/"},"img":{"alt_text":"","src":"https:\/\/i0.wp.com\/ismaelcolosi.com.br\/wp-content\/uploads\/2024\/04\/AnyConv.com__concurso-publico-4.webp.webp?fit=1200%2C800&ssl=1&resize=350%2C200","width":350,"height":200,"srcset":"https:\/\/i0.wp.com\/ismaelcolosi.com.br\/wp-content\/uploads\/2024\/04\/AnyConv.com__concurso-publico-4.webp.webp?fit=1200%2C800&ssl=1&resize=350%2C200 1x, https:\/\/i0.wp.com\/ismaelcolosi.com.br\/wp-content\/uploads\/2024\/04\/AnyConv.com__concurso-publico-4.webp.webp?fit=1200%2C800&ssl=1&resize=525%2C300 1.5x, https:\/\/i0.wp.com\/ismaelcolosi.com.br\/wp-content\/uploads\/2024\/04\/AnyConv.com__concurso-publico-4.webp.webp?fit=1200%2C800&ssl=1&resize=700%2C400 2x, https:\/\/i0.wp.com\/ismaelcolosi.com.br\/wp-content\/uploads\/2024\/04\/AnyConv.com__concurso-publico-4.webp.webp?fit=1200%2C800&ssl=1&resize=1050%2C600 3x"},"classes":[]},{"id":58996,"url":"https:\/\/ismaelcolosi.com.br\/index.php\/2024\/08\/05\/tj-sp-abre-concurso-publico-com-237-vagas-e-salarios-de-r-32-mil\/","url_meta":{"origin":52027,"position":2},"title":"TJ-SP abre concurso p\u00fablico com 237 vagas e sal\u00e1rios de R$ 32 mil","author":"ismaelcolosi.com.br","date":"5 de August de 2024","format":false,"excerpt":"O TJ-SP (Tribunal de Justi\u00e7a de S\u00e3o Paulo) abriu concurso p\u00fablico para o ingresso na magistratura no cargo de juiz substituto com 237 vagas. Os sal\u00e1rios para o cargo s\u00e3o de R$ 32.350,05. As inscri\u00e7\u00f5es devem ser realizadas no site da Funda\u00e7\u00e3o Vunesp (clique aqui) no per\u00edodo de 5 de\u2026","rel":"","context":"In &quot;Not\u00edcias de Ribeir\u00e3o Preto-SP e Regi\u00e3o&quot;","block_context":{"text":"Not\u00edcias de Ribeir\u00e3o Preto-SP e Regi\u00e3o","link":"https:\/\/ismaelcolosi.com.br\/index.php\/category\/noticias-de-ribeirao-preto-sp-e-regiao-ismael-colosi\/"},"img":{"alt_text":"","src":"https:\/\/i0.wp.com\/ismaelcolosi.com.br\/wp-content\/uploads\/2024\/08\/concurso-publico.jpg?fit=1200%2C800&ssl=1&resize=350%2C200","width":350,"height":200,"srcset":"https:\/\/i0.wp.com\/ismaelcolosi.com.br\/wp-content\/uploads\/2024\/08\/concurso-publico.jpg?fit=1200%2C800&ssl=1&resize=350%2C200 1x, https:\/\/i0.wp.com\/ismaelcolosi.com.br\/wp-content\/uploads\/2024\/08\/concurso-publico.jpg?fit=1200%2C800&ssl=1&resize=525%2C300 1.5x, https:\/\/i0.wp.com\/ismaelcolosi.com.br\/wp-content\/uploads\/2024\/08\/concurso-publico.jpg?fit=1200%2C800&ssl=1&resize=700%2C400 2x, https:\/\/i0.wp.com\/ismaelcolosi.com.br\/wp-content\/uploads\/2024\/08\/concurso-publico.jpg?fit=1200%2C800&ssl=1&resize=1050%2C600 3x"},"classes":[]},{"id":85590,"url":"https:\/\/ismaelcolosi.com.br\/index.php\/2025\/05\/22\/tj-sp-abre-concurso-com-salario-inicial-de-r-81-mil-veja-vagas-2\/","url_meta":{"origin":52027,"position":3},"title":"TJ-SP abre concurso com sal\u00e1rio inicial de R$ 8,1 mil; veja vagas","author":"ismaelcolosi.com.br","date":"22 de May de 2025","format":false,"excerpt":"O Tribunal de Justi\u00e7a de S\u00e3o Paulo anunciou nesta segunda-feira, 10, a abertura de um novo concurso p\u00fablico para o cargo de analista de sistema judici\u00e1rio. Per\u00edodo de inscri\u00e7\u00f5es come\u00e7a nesta ter\u00e7a-feira, 11, e vai at\u00e9 18 de mar\u00e7o. +Inscri\u00e7\u00f5es para concurso do MPU est\u00e3o abertas at\u00e9 27 de fevereiro\u2026","rel":"","context":"In &quot;Empregos - Classificados&quot;","block_context":{"text":"Empregos - Classificados","link":"https:\/\/ismaelcolosi.com.br\/index.php\/category\/empregos-classificados-vagas-trabalho\/"},"img":{"alt_text":"","src":"","width":0,"height":0},"classes":[]},{"id":56383,"url":"https:\/\/ismaelcolosi.com.br\/index.php\/2024\/07\/11\/com-oportunidades-no-interior-de-sp-ifsp-abre-concurso-publico-com-41-vagas\/","url_meta":{"origin":52027,"position":4},"title":"Com oportunidades no interior de SP, IFSP abre concurso p\u00fablico com 41 vagas","author":"ismaelcolosi.com.br","date":"11 de July de 2024","format":false,"excerpt":"O IFSP (Instituto Federal de Educa\u00e7\u00e3o, Ci\u00eancia e Tecnologia de S\u00e3o Paulo) publicou edital de concurso p\u00fablico com 41 vagas para professores. H\u00e1 oportunidades para o interior de S\u00e3o Paulo. As inscri\u00e7\u00f5es devem ser realizadas no per\u00edodo entre os dias 18 de julho e 2 de setembro de 2024 pela\u2026","rel":"","context":"In &quot;Not\u00edcias de Ribeir\u00e3o Preto-SP e Regi\u00e3o&quot;","block_context":{"text":"Not\u00edcias de Ribeir\u00e3o Preto-SP e Regi\u00e3o","link":"https:\/\/ismaelcolosi.com.br\/index.php\/category\/noticias-de-ribeirao-preto-sp-e-regiao-ismael-colosi\/"},"img":{"alt_text":"","src":"https:\/\/i0.wp.com\/ismaelcolosi.com.br\/wp-content\/uploads\/2024\/07\/1720713075_prova-concurso-publico-3.jpg?fit=1200%2C800&ssl=1&resize=350%2C200","width":350,"height":200,"srcset":"https:\/\/i0.wp.com\/ismaelcolosi.com.br\/wp-content\/uploads\/2024\/07\/1720713075_prova-concurso-publico-3.jpg?fit=1200%2C800&ssl=1&resize=350%2C200 1x, https:\/\/i0.wp.com\/ismaelcolosi.com.br\/wp-content\/uploads\/2024\/07\/1720713075_prova-concurso-publico-3.jpg?fit=1200%2C800&ssl=1&resize=525%2C300 1.5x, https:\/\/i0.wp.com\/ismaelcolosi.com.br\/wp-content\/uploads\/2024\/07\/1720713075_prova-concurso-publico-3.jpg?fit=1200%2C800&ssl=1&resize=700%2C400 2x, https:\/\/i0.wp.com\/ismaelcolosi.com.br\/wp-content\/uploads\/2024\/07\/1720713075_prova-concurso-publico-3.jpg?fit=1200%2C800&ssl=1&resize=1050%2C600 3x"},"classes":[]},{"id":67327,"url":"https:\/\/ismaelcolosi.com.br\/index.php\/2024\/09\/22\/veja-sete-concursos-publicos-com-mais-de-200-vagas-no-interior-de-sp\/","url_meta":{"origin":52027,"position":5},"title":"Veja sete concursos p\u00fablicos com mais de 200 vagas no interior de SP","author":"ismaelcolosi.com.br","date":"22 de September de 2024","format":false,"excerpt":"Voc\u00ea procura por uma oportunidade de emprego no servi\u00e7o p\u00fablico? O acidade on Ribeir\u00e3o separou uma lista com sete concursos p\u00fablico que t\u00eam, somados, mais de 200 vagas dispon\u00edveis no interior de S\u00e3o Paulo. As vagas nos concursos p\u00fablicos s\u00e3o de n\u00edvel fundamental, m\u00e9dio, t\u00e9cnico e superior com sal\u00e1rios de\u2026","rel":"","context":"In &quot;Not\u00edcias de Ribeir\u00e3o Preto-SP e Regi\u00e3o&quot;","block_context":{"text":"Not\u00edcias de Ribeir\u00e3o Preto-SP e Regi\u00e3o","link":"https:\/\/ismaelcolosi.com.br\/index.php\/category\/noticias-de-ribeirao-preto-sp-e-regiao-ismael-colosi\/"},"img":{"alt_text":"","src":"https:\/\/i0.wp.com\/ismaelcolosi.com.br\/wp-content\/uploads\/2024\/05\/Copia-de-Copia-de-TAMANHO-EXATO-PARA-FOTOS-NO-SISTEMA-NOVO-33_2024-05-23_13-39-05_jpg_2024-05-23_13-39-05.webp.webp?fit=1200%2C675&ssl=1&resize=350%2C200","width":350,"height":200,"srcset":"https:\/\/i0.wp.com\/ismaelcolosi.com.br\/wp-content\/uploads\/2024\/05\/Copia-de-Copia-de-TAMANHO-EXATO-PARA-FOTOS-NO-SISTEMA-NOVO-33_2024-05-23_13-39-05_jpg_2024-05-23_13-39-05.webp.webp?fit=1200%2C675&ssl=1&resize=350%2C200 1x, https:\/\/i0.wp.com\/ismaelcolosi.com.br\/wp-content\/uploads\/2024\/05\/Copia-de-Copia-de-TAMANHO-EXATO-PARA-FOTOS-NO-SISTEMA-NOVO-33_2024-05-23_13-39-05_jpg_2024-05-23_13-39-05.webp.webp?fit=1200%2C675&ssl=1&resize=525%2C300 1.5x, https:\/\/i0.wp.com\/ismaelcolosi.com.br\/wp-content\/uploads\/2024\/05\/Copia-de-Copia-de-TAMANHO-EXATO-PARA-FOTOS-NO-SISTEMA-NOVO-33_2024-05-23_13-39-05_jpg_2024-05-23_13-39-05.webp.webp?fit=1200%2C675&ssl=1&resize=700%2C400 2x, https:\/\/i0.wp.com\/ismaelcolosi.com.br\/wp-content\/uploads\/2024\/05\/Copia-de-Copia-de-TAMANHO-EXATO-PARA-FOTOS-NO-SISTEMA-NOVO-33_2024-05-23_13-39-05_jpg_2024-05-23_13-39-05.webp.webp?fit=1200%2C675&ssl=1&resize=1050%2C600 3x"},"classes":[]}],"jetpack_sharing_enabled":true,"jetpack_shortlink":"https:\/\/wp.me\/pfMlyK-dx9","_links":{"self":[{"href":"https:\/\/ismaelcolosi.com.br\/index.php\/wp-json\/wp\/v2\/posts\/52027","targetHints":{"allow":["GET"]}}],"collection":[{"href":"https:\/\/ismaelcolosi.com.br\/index.php\/wp-json\/wp\/v2\/posts"}],"about":[{"href":"https:\/\/ismaelcolosi.com.br\/index.php\/wp-json\/wp\/v2\/types\/post"}],"author":[{"embeddable":true,"href":"https:\/\/ismaelcolosi.com.br\/index.php\/wp-json\/wp\/v2\/users\/1"}],"replies":[{"embeddable":true,"href":"https:\/\/ismaelcolosi.com.br\/index.php\/wp-json\/wp\/v2\/comments?post=52027"}],"version-history":[{"count":0,"href":"https:\/\/ismaelcolosi.com.br\/index.php\/wp-json\/wp\/v2\/posts\/52027\/revisions"}],"wp:featuredmedia":[{"embeddable":true,"href":"https:\/\/ismaelcolosi.com.br\/index.php\/wp-json\/wp\/v2\/media\/49290"}],"wp:attachment":[{"href":"https:\/\/ismaelcolosi.com.br\/index.php\/wp-json\/wp\/v2\/media?parent=52027"}],"wp:term":[{"taxonomy":"category","embeddable":true,"href":"https:\/\/ismaelcolosi.com.br\/index.php\/wp-json\/wp\/v2\/categories?post=52027"},{"taxonomy":"post_tag","embeddable":true,"href":"https:\/\/ismaelcolosi.com.br\/index.php\/wp-json\/wp\/v2\/tags?post=52027"}],"curies":[{"name":"wp","href":"https:\/\/api.w.org\/{rel}","templated":true}]}}