{"id":52021,"date":"2024-06-03T13:00:26","date_gmt":"2024-06-03T16:00:26","guid":{"rendered":"https:\/\/ismaelcolosi.com.br\/index.php\/2024\/06\/03\/motociclista-fica-ferido-apos-batida-de-moto-e-van-em-marginal-de-rodovia-em-ribeirao-preto\/"},"modified":"2024-06-03T13:00:26","modified_gmt":"2024-06-03T16:00:26","slug":"motociclista-fica-ferido-apos-batida-de-moto-e-van-em-marginal-de-rodovia-em-ribeirao-preto","status":"publish","type":"post","link":"https:\/\/ismaelcolosi.com.br\/index.php\/2024\/06\/03\/motociclista-fica-ferido-apos-batida-de-moto-e-van-em-marginal-de-rodovia-em-ribeirao-preto\/","title":{"rendered":"Motociclista fica ferido ap\u00f3s batida de moto e van em marginal de rodovia em Ribeir\u00e3o Preto"},"content":{"rendered":"<p> <br \/>\n<\/p>\n<div data-td-block-uid=\"tdi_101\">\n<div class=\"tdb-block-inner td-fix-index\">\n<p><strong>Um motociclista ficou ferido na manh\u00e3 desta segunda-feira (3), depois de se envolver em uma batida com uma van, na via marginal da rodovia Abr\u00e3o Assed (SP-333), em Ribeir\u00e3o Preto.<\/strong><\/p>\n<p>Segundo informa\u00e7\u00f5es, a moto seguia no sentido a Ribeir\u00e3o e a van vinha na pista contr\u00e1ria, quando ocorreu a colis\u00e3o frontal. A suspeita \u00e9 que o motociclista tenha invadido a faixa contr\u00e1ria.<\/p><div class='code-block code-block-8' style='margin: 8px auto; text-align: center; display: block; clear: both;'>\n<script>\n  atOptions = {\n    'key' : '66e2e2111ca34da796271819fc334058',\n    'format' : 'iframe',\n    'height' : 250,\n    'width' : 300,\n    'params' : {}\n  };\n<\/script>\n<script src=\"https:\/\/www.highperformanceformat.com\/66e2e2111ca34da796271819fc334058\/invoke.js\"><\/script>\n<\/div>\n\n<p>O estado de sa\u00fade dele, contudo, n\u00e3o foi informado.<\/p>\n<p>Na rodovia, pr\u00f3ximo ao local da batida, havia ocorrido um engavetamento momentos antes com tr\u00eas ve\u00edculos, entre os quais um caminh\u00e3o.<\/p>\n<p>A PMR (Pol\u00edcia Militar Rodovi\u00e1ria) foi acionada e as causas ainda dever\u00e3o ser apuradas.<\/p>\n<p>SAIBA MAIS<\/p>\n<p>Pol\u00edcia det\u00e9m suspeito de balear jovem ap\u00f3s confus\u00e3o em estacionamento de Ribeir\u00e3o Preto<\/p>\n<h4 class=\"wp-block-heading\"><strong>FIQUE ON<\/strong><\/h4>\n<p>Fique ligado em tudo que acontece em Ribeir\u00e3o Preto e regi\u00e3o. Siga os perfis do\u00a0<strong>acidade on\u00a0<\/strong>no\u00a0<a href=\"https:\/\/www.instagram.com\/acidadeonribeirao\" target=\"_blank\" rel=\"noreferrer noopener\">Instagram<\/a>\u00a0e no\u00a0<a href=\"https:\/\/www.facebook.com\/acidadeonribeirao\" target=\"_blank\" rel=\"noreferrer noopener\">Facebook<\/a>.<\/p>\n<p>Receba not\u00edcias do acidade on no WhatsApp. Para entrar no grupo, basta\u00a0<a href=\"https:\/\/chat.whatsapp.com\/CdrZ6xrf7quD44Vw3WlPuZ\" target=\"_blank\" rel=\"noreferrer noopener\">clicar aqui<\/a>.<\/p>\n<p>Fa\u00e7a uma den\u00fancia ou sugira uma reportagem sobre Ribeir\u00e3o Preto e regi\u00e3o pelo WhatsApp: 16 99117 7802.<\/p>\n<p>VEJA TAMB\u00c9M<\/p>\n<p>Parada do Orgulho LGBT+ leva verde e amarelo \u00e0 Av. Paulista<\/p>\n<p><!-- AI CONTENT END 3 -->\n<\/div>\n<\/div>\n<p><script async src=\"\/\/www.instagram.com\/embed.js\"><\/script><br \/>\n<br \/><br \/>\n<br \/><a href=\"https:\/\/www.acidadeon.com\/ribeiraopreto\/cotidiano\/motociclista-fica-ferido-apos-batida-de-moto-e-van-em-marginal-de-rodovia-em-ribeirao-preto\/\">Source link <\/a><\/p>\n<div class='code-block code-block-4' style='margin: 8px auto 8px 0; text-align: left; display: block; clear: both;'>\n\ud83d\udce2 Aviso Legal\n\nO site ismaelcolosi.com.br atua apenas como um canal de divulga\u00e7\u00e3o de oportunidades de emprego e n\u00e3o se responsabiliza pelo processo seletivo, contrata\u00e7\u00e3o ou qualquer outra etapa relacionada \u00e0s vagas publicadas. Todas as informa\u00e7\u00f5es s\u00e3o de responsabilidade dos anunciantes.\n\n\u26a0\ufe0f Aten\u00e7\u00e3o! Nunca pague por promessas de emprego nem compre cursos que garantam contrata\u00e7\u00e3o. Desconfie de qualquer cobran\u00e7a para participar de sele\u00e7\u00f5es.\n\n\n<div data-type=\"_mgwidget\" data-widget-id=\"2000896\">\n<\/div>\n<script>(function(w,q){w[q]=w[q]||[];w[q].push([\"_mgc.load\"])})(window,\"_mgq\");\n<\/script>\n<\/div>\n<!-- CONTENT END 1 -->\n","protected":false},"excerpt":{"rendered":"<p>Um motociclista ficou ferido na manh\u00e3 desta segunda-feira (3), depois de se envolver em uma batida com uma van, na via marginal da rodovia Abr\u00e3o&#8230;<\/p>\n","protected":false},"author":1,"featured_media":52022,"comment_status":"open","ping_status":"open","sticky":false,"template":"","format":"standard","meta":{"_uag_custom_page_level_css":"","jetpack_post_was_ever_published":false,"_jetpack_newsletter_access":"","_jetpack_dont_email_post_to_subs":false,"_jetpack_newsletter_tier_id":0,"_jetpack_memberships_contains_paywalled_content":false,"_jetpack_memberships_contains_paid_content":false,"footnotes":"","jetpack_publicize_message":"","jetpack_publicize_feature_enabled":true,"jetpack_social_post_already_shared":true,"jetpack_social_options":{"image_generator_settings":{"template":"highway","default_image_id":0,"font":"","enabled":false},"version":2}},"categories":[11],"tags":[],"class_list":["post-52021","post","type-post","status-publish","format-standard","has-post-thumbnail","hentry","category-noticias-de-ribeirao-preto-sp-e-regiao-ismael-colosi"],"aioseo_notices":[],"jetpack_publicize_connections":[],"jetpack_featured_media_url":"https:\/\/i0.wp.com\/ismaelcolosi.com.br\/wp-content\/uploads\/2024\/06\/WhatsApp-Image-2024-06-03-at-12.33.37_2024-06-03_15-43-36_jpeg_2024-06-03_15-43-37.webp.webp?fit=1599%2C1061&ssl=1","uagb_featured_image_src":{"full":["https:\/\/i0.wp.com\/ismaelcolosi.com.br\/wp-content\/uploads\/2024\/06\/WhatsApp-Image-2024-06-03-at-12.33.37_2024-06-03_15-43-36_jpeg_2024-06-03_15-43-37.webp.webp?fit=1599%2C1061&ssl=1",1599,1061,false],"thumbnail":["https:\/\/i0.wp.com\/ismaelcolosi.com.br\/wp-content\/uploads\/2024\/06\/WhatsApp-Image-2024-06-03-at-12.33.37_2024-06-03_15-43-36_jpeg_2024-06-03_15-43-37.webp.webp?resize=150%2C150&ssl=1",150,150,true],"medium":["https:\/\/i0.wp.com\/ismaelcolosi.com.br\/wp-content\/uploads\/2024\/06\/WhatsApp-Image-2024-06-03-at-12.33.37_2024-06-03_15-43-36_jpeg_2024-06-03_15-43-37.webp.webp?fit=300%2C199&ssl=1",300,199,true],"medium_large":["https:\/\/i0.wp.com\/ismaelcolosi.com.br\/wp-content\/uploads\/2024\/06\/WhatsApp-Image-2024-06-03-at-12.33.37_2024-06-03_15-43-36_jpeg_2024-06-03_15-43-37.webp.webp?fit=768%2C510&ssl=1",768,510,true],"large":["https:\/\/i0.wp.com\/ismaelcolosi.com.br\/wp-content\/uploads\/2024\/06\/WhatsApp-Image-2024-06-03-at-12.33.37_2024-06-03_15-43-36_jpeg_2024-06-03_15-43-37.webp.webp?fit=1024%2C679&ssl=1",1024,679,true],"1536x1536":["https:\/\/i0.wp.com\/ismaelcolosi.com.br\/wp-content\/uploads\/2024\/06\/WhatsApp-Image-2024-06-03-at-12.33.37_2024-06-03_15-43-36_jpeg_2024-06-03_15-43-37.webp.webp?fit=1536%2C1019&ssl=1",1536,1019,true],"2048x2048":["https:\/\/i0.wp.com\/ismaelcolosi.com.br\/wp-content\/uploads\/2024\/06\/WhatsApp-Image-2024-06-03-at-12.33.37_2024-06-03_15-43-36_jpeg_2024-06-03_15-43-37.webp.webp?fit=1599%2C1061&ssl=1",1599,1061,true],"really-simple-thumb":["https:\/\/i0.wp.com\/ismaelcolosi.com.br\/wp-content\/uploads\/2024\/06\/WhatsApp-Image-2024-06-03-at-12.33.37_2024-06-03_15-43-36_jpeg_2024-06-03_15-43-37.webp.webp?resize=370%2C247&ssl=1",370,247,true]},"uagb_author_info":{"display_name":"ismaelcolosi.com.br","author_link":"https:\/\/ismaelcolosi.com.br\/index.php\/author\/vidareal-online\/"},"uagb_comment_info":0,"uagb_excerpt":"Um motociclista ficou ferido na manh\u00e3 desta segunda-feira (3), depois de se envolver em uma batida com uma van, na via marginal da rodovia Abr\u00e3o...","jetpack-related-posts":[{"id":73862,"url":"https:\/\/ismaelcolosi.com.br\/index.php\/2024\/10\/29\/motociclista-fica-ferido-apos-batida-entre-moto-e-carro-na-zona-norte-de-ribeirao\/","url_meta":{"origin":52021,"position":0},"title":"Motociclista fica ferido ap\u00f3s batida entre moto e carro na zona Norte de Ribeir\u00e3o","author":"ismaelcolosi.com.br","date":"29 de October de 2024","format":false,"excerpt":"Um motociclista foi socorrido na manh\u00e3 desta ter\u00e7a-feira (29), depois de se envolver em uma batida entre moto e carro no bairro Ipiranga, zona Norte de Ribeir\u00e3o Preto. A colis\u00e3o ocorreu no cruzamento das ruas General C\u00e2mara e Rio Verde. Com o impacto, a moto foi parar na cal\u00e7ada de\u2026","rel":"","context":"In &quot;Not\u00edcias de Ribeir\u00e3o Preto-SP e Regi\u00e3o&quot;","block_context":{"text":"Not\u00edcias de Ribeir\u00e3o Preto-SP e Regi\u00e3o","link":"https:\/\/ismaelcolosi.com.br\/index.php\/category\/noticias-de-ribeirao-preto-sp-e-regiao-ismael-colosi\/"},"img":{"alt_text":"","src":"https:\/\/i0.wp.com\/ismaelcolosi.com.br\/wp-content\/uploads\/2024\/10\/MOTO_2024-10-29_11-46-00_jpg_2024-10-29_11-46-00.webp.webp?fit=1200%2C670&ssl=1&resize=350%2C200","width":350,"height":200,"srcset":"https:\/\/i0.wp.com\/ismaelcolosi.com.br\/wp-content\/uploads\/2024\/10\/MOTO_2024-10-29_11-46-00_jpg_2024-10-29_11-46-00.webp.webp?fit=1200%2C670&ssl=1&resize=350%2C200 1x, https:\/\/i0.wp.com\/ismaelcolosi.com.br\/wp-content\/uploads\/2024\/10\/MOTO_2024-10-29_11-46-00_jpg_2024-10-29_11-46-00.webp.webp?fit=1200%2C670&ssl=1&resize=525%2C300 1.5x, https:\/\/i0.wp.com\/ismaelcolosi.com.br\/wp-content\/uploads\/2024\/10\/MOTO_2024-10-29_11-46-00_jpg_2024-10-29_11-46-00.webp.webp?fit=1200%2C670&ssl=1&resize=700%2C400 2x, https:\/\/i0.wp.com\/ismaelcolosi.com.br\/wp-content\/uploads\/2024\/10\/MOTO_2024-10-29_11-46-00_jpg_2024-10-29_11-46-00.webp.webp?fit=1200%2C670&ssl=1&resize=1050%2C600 3x"},"classes":[]},{"id":51376,"url":"https:\/\/ismaelcolosi.com.br\/index.php\/2024\/05\/27\/identificado-motociclista-morto-apos-batida-na-avenida-dom-pedro-i-em-ribeirao-preto\/","url_meta":{"origin":52021,"position":1},"title":"Identificado motociclista morto ap\u00f3s batida na avenida Dom Pedro I em Ribeir\u00e3o Preto","author":"ismaelcolosi.com.br","date":"27 de May de 2024","format":false,"excerpt":"A Pol\u00edcia Civil identificou o motociclista que morreu na tarde deste domingo (26), depois de ter a moto atingida por um carro na avenida Dom Pedro I, no bairro Ipiranga, zona Norte de Ribeir\u00e3o Preto. \u00a0 Segundo o boletim de ocorr\u00eancia (BO), Manoel Neris de Oliveira tinha 48 anos e\u2026","rel":"","context":"In &quot;Not\u00edcias de Ribeir\u00e3o Preto-SP e Regi\u00e3o&quot;","block_context":{"text":"Not\u00edcias de Ribeir\u00e3o Preto-SP e Regi\u00e3o","link":"https:\/\/ismaelcolosi.com.br\/index.php\/category\/noticias-de-ribeirao-preto-sp-e-regiao-ismael-colosi\/"},"img":{"alt_text":"","src":"https:\/\/i0.wp.com\/ismaelcolosi.com.br\/wp-content\/uploads\/2024\/05\/ACIDENTE_2024-05-27_12-52-23_jpg_2024-05-27_12-52-24.webp.webp?fit=1200%2C737&ssl=1&resize=350%2C200","width":350,"height":200,"srcset":"https:\/\/i0.wp.com\/ismaelcolosi.com.br\/wp-content\/uploads\/2024\/05\/ACIDENTE_2024-05-27_12-52-23_jpg_2024-05-27_12-52-24.webp.webp?fit=1200%2C737&ssl=1&resize=350%2C200 1x, https:\/\/i0.wp.com\/ismaelcolosi.com.br\/wp-content\/uploads\/2024\/05\/ACIDENTE_2024-05-27_12-52-23_jpg_2024-05-27_12-52-24.webp.webp?fit=1200%2C737&ssl=1&resize=525%2C300 1.5x, https:\/\/i0.wp.com\/ismaelcolosi.com.br\/wp-content\/uploads\/2024\/05\/ACIDENTE_2024-05-27_12-52-23_jpg_2024-05-27_12-52-24.webp.webp?fit=1200%2C737&ssl=1&resize=700%2C400 2x, https:\/\/i0.wp.com\/ismaelcolosi.com.br\/wp-content\/uploads\/2024\/05\/ACIDENTE_2024-05-27_12-52-23_jpg_2024-05-27_12-52-24.webp.webp?fit=1200%2C737&ssl=1&resize=1050%2C600 3x"},"classes":[]},{"id":56635,"url":"https:\/\/ismaelcolosi.com.br\/index.php\/2024\/07\/13\/motociclista-fica-gravemente-ferido-apos-batida-com-caminhao-guincho-em-ribeirao-preto\/","url_meta":{"origin":52021,"position":2},"title":"Motociclista fica gravemente ferido ap\u00f3s batida com caminh\u00e3o guincho em Ribeir\u00e3o Preto","author":"ismaelcolosi.com.br","date":"13 de July de 2024","format":false,"excerpt":"Um motociclista ficou gravemente ferido na tarde deste s\u00e1bado (13), depois de se envolver em uma batida com um caminh\u00e3o guincho, no Planalto Verde, zona Oeste de Ribeir\u00e3o Preto. A colis\u00e3o ocorreu no cruzamento das ruas Maria Tereza Braga Cerri e Senador Teotonio Vilela. A v\u00edtima foi socorrida pelo Corpo\u2026","rel":"","context":"In &quot;Not\u00edcias de Ribeir\u00e3o Preto-SP e Regi\u00e3o&quot;","block_context":{"text":"Not\u00edcias de Ribeir\u00e3o Preto-SP e Regi\u00e3o","link":"https:\/\/ismaelcolosi.com.br\/index.php\/category\/noticias-de-ribeirao-preto-sp-e-regiao-ismael-colosi\/"},"img":{"alt_text":"","src":"https:\/\/i0.wp.com\/ismaelcolosi.com.br\/wp-content\/uploads\/2024\/05\/BOMBEIROS-1024x575-1_2024-05-31_13-44-44_jpg_2024-05-31_13-44-44.webp.webp?fit=1024%2C575&ssl=1&resize=350%2C200","width":350,"height":200,"srcset":"https:\/\/i0.wp.com\/ismaelcolosi.com.br\/wp-content\/uploads\/2024\/05\/BOMBEIROS-1024x575-1_2024-05-31_13-44-44_jpg_2024-05-31_13-44-44.webp.webp?fit=1024%2C575&ssl=1&resize=350%2C200 1x, https:\/\/i0.wp.com\/ismaelcolosi.com.br\/wp-content\/uploads\/2024\/05\/BOMBEIROS-1024x575-1_2024-05-31_13-44-44_jpg_2024-05-31_13-44-44.webp.webp?fit=1024%2C575&ssl=1&resize=525%2C300 1.5x, https:\/\/i0.wp.com\/ismaelcolosi.com.br\/wp-content\/uploads\/2024\/05\/BOMBEIROS-1024x575-1_2024-05-31_13-44-44_jpg_2024-05-31_13-44-44.webp.webp?fit=1024%2C575&ssl=1&resize=700%2C400 2x"},"classes":[]},{"id":65916,"url":"https:\/\/ismaelcolosi.com.br\/index.php\/2024\/09\/14\/entregador-fica-ferido-apos-batida-entre-moto-e-carro-em-ribeirao-preto-video\/","url_meta":{"origin":52021,"position":3},"title":"Entregador fica ferido ap\u00f3s batida entre moto e carro em Ribeir\u00e3o Preto; V\u00eddeo","author":"ismaelcolosi.com.br","date":"14 de September de 2024","format":false,"excerpt":"Um entregador de comida ficou ferido na noite desta sexta-feira (13), ap\u00f3s uma batida entre a moto que conduzia e um carro no bairro Monte Alegre, zona Oeste de Ribeir\u00e3o Preto. Assista ao v\u00eddeo abaixo. Ap\u00f3s a colis\u00e3o, o motorista do carro teria deixado o local sem prestar socorro \u00e0\u2026","rel":"","context":"In &quot;Not\u00edcias de Ribeir\u00e3o Preto-SP e Regi\u00e3o&quot;","block_context":{"text":"Not\u00edcias de Ribeir\u00e3o Preto-SP e Regi\u00e3o","link":"https:\/\/ismaelcolosi.com.br\/index.php\/category\/noticias-de-ribeirao-preto-sp-e-regiao-ismael-colosi\/"},"img":{"alt_text":"","src":"https:\/\/i0.wp.com\/ismaelcolosi.com.br\/wp-content\/uploads\/2024\/09\/WhatsApp-Image-2024-09-14-at-18.06.44_2024-09-14_21-07-27_jpeg_2024-09-14_21-07-28.webp.webp?fit=1200%2C927&ssl=1&resize=350%2C200","width":350,"height":200,"srcset":"https:\/\/i0.wp.com\/ismaelcolosi.com.br\/wp-content\/uploads\/2024\/09\/WhatsApp-Image-2024-09-14-at-18.06.44_2024-09-14_21-07-27_jpeg_2024-09-14_21-07-28.webp.webp?fit=1200%2C927&ssl=1&resize=350%2C200 1x, https:\/\/i0.wp.com\/ismaelcolosi.com.br\/wp-content\/uploads\/2024\/09\/WhatsApp-Image-2024-09-14-at-18.06.44_2024-09-14_21-07-27_jpeg_2024-09-14_21-07-28.webp.webp?fit=1200%2C927&ssl=1&resize=525%2C300 1.5x, https:\/\/i0.wp.com\/ismaelcolosi.com.br\/wp-content\/uploads\/2024\/09\/WhatsApp-Image-2024-09-14-at-18.06.44_2024-09-14_21-07-27_jpeg_2024-09-14_21-07-28.webp.webp?fit=1200%2C927&ssl=1&resize=700%2C400 2x, https:\/\/i0.wp.com\/ismaelcolosi.com.br\/wp-content\/uploads\/2024\/09\/WhatsApp-Image-2024-09-14-at-18.06.44_2024-09-14_21-07-27_jpeg_2024-09-14_21-07-28.webp.webp?fit=1200%2C927&ssl=1&resize=1050%2C600 3x"},"classes":[]},{"id":56909,"url":"https:\/\/ismaelcolosi.com.br\/index.php\/2024\/07\/16\/motociclista-morre-apos-acidente-em-rodovia-da-regiao-de-ribeirao-preto\/","url_meta":{"origin":52021,"position":4},"title":"Motociclista morre ap\u00f3s acidente em rodovia da regi\u00e3o de Ribeir\u00e3o Preto","author":"ismaelcolosi.com.br","date":"16 de July de 2024","format":false,"excerpt":"Um motociclista morreu horas depois de se envolver em um acidente no quil\u00f4metro 50 da rodovia Altino Arantes, em Batatais, na regi\u00e3o de Ribeir\u00e3o Preto. A batida entre moto e carro ocorreu na tarde de segunda-feira (15). Segundo o Corpo de Bombeiros de Batatais, Cleber de Oliveira Viana, de 33\u2026","rel":"","context":"In &quot;Not\u00edcias de Ribeir\u00e3o Preto-SP e Regi\u00e3o&quot;","block_context":{"text":"Not\u00edcias de Ribeir\u00e3o Preto-SP e Regi\u00e3o","link":"https:\/\/ismaelcolosi.com.br\/index.php\/category\/noticias-de-ribeirao-preto-sp-e-regiao-ismael-colosi\/"},"img":{"alt_text":"","src":"https:\/\/i0.wp.com\/ismaelcolosi.com.br\/wp-content\/uploads\/2024\/07\/Copia-de-Copia-de-TAMANHO-EXATO-PARA-FOTOS-NO-SISTEMA-NOVO-27_2024-07-16_15-05-30_jpg_2024-07-16_15-05-30.webp.webp?fit=1200%2C675&ssl=1&resize=350%2C200","width":350,"height":200,"srcset":"https:\/\/i0.wp.com\/ismaelcolosi.com.br\/wp-content\/uploads\/2024\/07\/Copia-de-Copia-de-TAMANHO-EXATO-PARA-FOTOS-NO-SISTEMA-NOVO-27_2024-07-16_15-05-30_jpg_2024-07-16_15-05-30.webp.webp?fit=1200%2C675&ssl=1&resize=350%2C200 1x, https:\/\/i0.wp.com\/ismaelcolosi.com.br\/wp-content\/uploads\/2024\/07\/Copia-de-Copia-de-TAMANHO-EXATO-PARA-FOTOS-NO-SISTEMA-NOVO-27_2024-07-16_15-05-30_jpg_2024-07-16_15-05-30.webp.webp?fit=1200%2C675&ssl=1&resize=525%2C300 1.5x, https:\/\/i0.wp.com\/ismaelcolosi.com.br\/wp-content\/uploads\/2024\/07\/Copia-de-Copia-de-TAMANHO-EXATO-PARA-FOTOS-NO-SISTEMA-NOVO-27_2024-07-16_15-05-30_jpg_2024-07-16_15-05-30.webp.webp?fit=1200%2C675&ssl=1&resize=700%2C400 2x, https:\/\/i0.wp.com\/ismaelcolosi.com.br\/wp-content\/uploads\/2024\/07\/Copia-de-Copia-de-TAMANHO-EXATO-PARA-FOTOS-NO-SISTEMA-NOVO-27_2024-07-16_15-05-30_jpg_2024-07-16_15-05-30.webp.webp?fit=1200%2C675&ssl=1&resize=1050%2C600 3x"},"classes":[]},{"id":73919,"url":"https:\/\/ismaelcolosi.com.br\/index.php\/2024\/10\/29\/motociclista-e-rendido-no-transito-de-ribeirao-e-obrigado-a-fazer-pix\/","url_meta":{"origin":52021,"position":5},"title":"Motociclista \u00e9 rendido no tr\u00e2nsito de Ribeir\u00e3o e obrigado a fazer Pix","author":"ismaelcolosi.com.br","date":"29 de October de 2024","format":false,"excerpt":"Um motociclista foi rendido por assaltantes na noite desta segunda-feira (28), no tr\u00e2nsito de Ribeir\u00e3o Preto, e obrigado a fazer um Pix. A v\u00edtima, que tem 27 anos e atua como supervisor de seguran\u00e7a, disse \u00e0 pol\u00edcia que havia parado sua moto no tr\u00e2nsito da avenida Adelmo Perdizza, quando dois\u2026","rel":"","context":"In &quot;Not\u00edcias de Ribeir\u00e3o Preto-SP e Regi\u00e3o&quot;","block_context":{"text":"Not\u00edcias de Ribeir\u00e3o Preto-SP e Regi\u00e3o","link":"https:\/\/ismaelcolosi.com.br\/index.php\/category\/noticias-de-ribeirao-preto-sp-e-regiao-ismael-colosi\/"},"img":{"alt_text":"","src":"https:\/\/i0.wp.com\/ismaelcolosi.com.br\/wp-content\/uploads\/2024\/10\/POLICIA.jpg?fit=1200%2C748&ssl=1&resize=350%2C200","width":350,"height":200,"srcset":"https:\/\/i0.wp.com\/ismaelcolosi.com.br\/wp-content\/uploads\/2024\/10\/POLICIA.jpg?fit=1200%2C748&ssl=1&resize=350%2C200 1x, https:\/\/i0.wp.com\/ismaelcolosi.com.br\/wp-content\/uploads\/2024\/10\/POLICIA.jpg?fit=1200%2C748&ssl=1&resize=525%2C300 1.5x, https:\/\/i0.wp.com\/ismaelcolosi.com.br\/wp-content\/uploads\/2024\/10\/POLICIA.jpg?fit=1200%2C748&ssl=1&resize=700%2C400 2x, https:\/\/i0.wp.com\/ismaelcolosi.com.br\/wp-content\/uploads\/2024\/10\/POLICIA.jpg?fit=1200%2C748&ssl=1&resize=1050%2C600 3x"},"classes":[]}],"jetpack_sharing_enabled":true,"jetpack_shortlink":"https:\/\/wp.me\/pfMlyK-dx3","_links":{"self":[{"href":"https:\/\/ismaelcolosi.com.br\/index.php\/wp-json\/wp\/v2\/posts\/52021","targetHints":{"allow":["GET"]}}],"collection":[{"href":"https:\/\/ismaelcolosi.com.br\/index.php\/wp-json\/wp\/v2\/posts"}],"about":[{"href":"https:\/\/ismaelcolosi.com.br\/index.php\/wp-json\/wp\/v2\/types\/post"}],"author":[{"embeddable":true,"href":"https:\/\/ismaelcolosi.com.br\/index.php\/wp-json\/wp\/v2\/users\/1"}],"replies":[{"embeddable":true,"href":"https:\/\/ismaelcolosi.com.br\/index.php\/wp-json\/wp\/v2\/comments?post=52021"}],"version-history":[{"count":0,"href":"https:\/\/ismaelcolosi.com.br\/index.php\/wp-json\/wp\/v2\/posts\/52021\/revisions"}],"wp:featuredmedia":[{"embeddable":true,"href":"https:\/\/ismaelcolosi.com.br\/index.php\/wp-json\/wp\/v2\/media\/52022"}],"wp:attachment":[{"href":"https:\/\/ismaelcolosi.com.br\/index.php\/wp-json\/wp\/v2\/media?parent=52021"}],"wp:term":[{"taxonomy":"category","embeddable":true,"href":"https:\/\/ismaelcolosi.com.br\/index.php\/wp-json\/wp\/v2\/categories?post=52021"},{"taxonomy":"post_tag","embeddable":true,"href":"https:\/\/ismaelcolosi.com.br\/index.php\/wp-json\/wp\/v2\/tags?post=52021"}],"curies":[{"name":"wp","href":"https:\/\/api.w.org\/{rel}","templated":true}]}}