{"id":52019,"date":"2024-06-03T12:43:53","date_gmt":"2024-06-03T15:43:53","guid":{"rendered":"https:\/\/ismaelcolosi.com.br\/index.php\/2024\/06\/03\/policia-detem-suspeito-de-balear-jovem-apos-confusao-em-estacionamento-de-ribeirao-preto\/"},"modified":"2024-06-03T12:43:53","modified_gmt":"2024-06-03T15:43:53","slug":"policia-detem-suspeito-de-balear-jovem-apos-confusao-em-estacionamento-de-ribeirao-preto","status":"publish","type":"post","link":"https:\/\/ismaelcolosi.com.br\/index.php\/2024\/06\/03\/policia-detem-suspeito-de-balear-jovem-apos-confusao-em-estacionamento-de-ribeirao-preto\/","title":{"rendered":"Pol\u00edcia det\u00e9m suspeito de balear jovem ap\u00f3s confus\u00e3o em estacionamento de Ribeir\u00e3o Preto"},"content":{"rendered":"<p> <br \/>\n<\/p>\n<div data-td-block-uid=\"tdi_101\">\n<div class=\"tdb-block-inner td-fix-index\">\n<p><strong>A Pol\u00edcia Civil deteve nesta segunda-feira (3) um suspeito de balear na cabe\u00e7a o jovem\u00a0Ruan C\u00e9sar Godoi, de 22 anos, depois de uma confus\u00e3o em um estacionamento de ve\u00edculos, ocorrida na madrugada deste domingo (2), na avenida Jer\u00f4nimo Gon\u00e7alves, regi\u00e3o central de Ribeir\u00e3o Preto.\u00a0<\/strong><\/p>\n<p>O <strong>suspeito <\/strong>presta esclarecimentos na <strong>3\u00aa Delegacia de Homic\u00eddios<\/strong>. Ele n\u00e3o teve o nome divulgado.<\/p>\n<p>De acordo com o apurado pela pol\u00edcia,\u00a0<mark><mark style=\"background-color:#fcb900\" class=\"has-inline-color has-black-color\">a v\u00edtima n\u00e3o estaria envolvida na confus\u00e3o, que teria come\u00e7ado por causa do\u00a0pagamento do estacionamento.<\/mark><\/mark><\/p>\n<p>Segundo a <strong>Pol\u00edcia Civil<\/strong>, o suspeito havia deixado o local na <strong>garupa <\/strong>de uma <strong>moto<\/strong>. <\/p>\n<p>O <strong>t\u00edquete\u00a0<\/strong>de <strong>estacionamento <\/strong>que seria do <strong>ve\u00edculo<\/strong> chegou a ser <strong>apreendido <\/strong>ainda na madrugada de domingo.<\/p>\n<p>A <strong>Pol\u00edcia Civil<\/strong> dever\u00e1 conceder entrevista coletiva \u00e0 imprensa na tarde desta segunda e passar mais detalhes sobre  caso.<\/p>\n<p>SAIBA MAIS<\/p>\n<p>O que se sabe sobre o caso do jovem baleado ap\u00f3s confus\u00e3o em estacionamento de Ribeir\u00e3o<\/p>\n<h4 class=\"wp-block-heading\"><strong>FIQUE ON<\/strong><\/h4>\n<p>Fique ligado em tudo que acontece em Ribeir\u00e3o Preto e regi\u00e3o. Siga os perfis do\u00a0<strong>acidade on\u00a0<\/strong>no\u00a0<a href=\"https:\/\/www.instagram.com\/acidadeonribeirao\" target=\"_blank\" rel=\"noreferrer noopener\">Instagram<\/a>\u00a0e no\u00a0<a href=\"https:\/\/www.facebook.com\/acidadeonribeirao\" target=\"_blank\" rel=\"noreferrer noopener\">Facebook<\/a>.<\/p>\n<p>Receba not\u00edcias do acidade on no WhatsApp. Para entrar no grupo, basta\u00a0<a href=\"https:\/\/chat.whatsapp.com\/CdrZ6xrf7quD44Vw3WlPuZ\" target=\"_blank\" rel=\"noreferrer noopener\">clicar aqui<\/a>.<\/p>\n<p>Fa\u00e7a uma den\u00fancia ou sugira uma reportagem sobre Ribeir\u00e3o Preto e regi\u00e3o pelo WhatsApp: 16 99117 7802.<\/p>\n<p>VEJA TAMB\u00c9M<\/p>\n<p>Parada do Orgulho LGBT+ leva verde e amarelo \u00e0 Av. Paulista<\/p>\n<p><!-- AI CONTENT END 1 -->\n<\/div>\n<\/div>\n<p><script async src=\"\/\/www.instagram.com\/embed.js\"><\/script><br \/>\n<br \/><br \/>\n<br \/><a href=\"https:\/\/www.acidadeon.com\/ribeiraopreto\/cotidiano\/policia-detem-suspeito-de-balear-jovem-apos-confusao-em-estacionamento-de-ribeirao-preto\/\">Source link <\/a><\/p>\n<div class='code-block code-block-4' style='margin: 8px auto 8px 0; text-align: left; display: block; clear: both;'>\n\ud83d\udce2 Aviso Legal\n\nO site ismaelcolosi.com.br atua apenas como um canal de divulga\u00e7\u00e3o de oportunidades de emprego e n\u00e3o se responsabiliza pelo processo seletivo, contrata\u00e7\u00e3o ou qualquer outra etapa relacionada \u00e0s vagas publicadas. Todas as informa\u00e7\u00f5es s\u00e3o de responsabilidade dos anunciantes.\n\n\u26a0\ufe0f Aten\u00e7\u00e3o! Nunca pague por promessas de emprego nem compre cursos que garantam contrata\u00e7\u00e3o. Desconfie de qualquer cobran\u00e7a para participar de sele\u00e7\u00f5es.\n\n\n\n<\/div>\n<!-- CONTENT END 1 -->\n","protected":false},"excerpt":{"rendered":"<p>A Pol\u00edcia Civil deteve nesta segunda-feira (3) um suspeito de balear na cabe\u00e7a o jovem\u00a0Ruan C\u00e9sar Godoi, de 22 anos, depois de uma confus\u00e3o em&#8230;<\/p>\n","protected":false},"author":1,"featured_media":52020,"comment_status":"open","ping_status":"open","sticky":false,"template":"","format":"standard","meta":{"_uag_custom_page_level_css":"","advanced_seo_description":"","jetpack_seo_html_title":"","jetpack_seo_noindex":false,"jetpack_post_was_ever_published":false,"_jetpack_newsletter_access":"","_jetpack_dont_email_post_to_subs":false,"_jetpack_newsletter_tier_id":0,"_jetpack_memberships_contains_paywalled_content":false,"_jetpack_memberships_contains_paid_content":false,"footnotes":"","jetpack_publicize_message":"","jetpack_publicize_feature_enabled":true,"jetpack_social_post_already_shared":true,"jetpack_social_options":{"image_generator_settings":{"template":"highway","default_image_id":0,"font":"","enabled":false},"version":2}},"categories":[11],"tags":[],"class_list":["post-52019","post","type-post","status-publish","format-standard","has-post-thumbnail","hentry","category-noticias-de-ribeirao-preto-sp-e-regiao-ismael-colosi"],"jetpack_publicize_connections":[],"jetpack_featured_media_url":"https:\/\/i0.wp.com\/ismaelcolosi.com.br\/wp-content\/uploads\/2024\/06\/cpj_policia_1024x576_21012021082231.jpg?fit=1024%2C576&ssl=1","uagb_featured_image_src":{"full":["https:\/\/i0.wp.com\/ismaelcolosi.com.br\/wp-content\/uploads\/2024\/06\/cpj_policia_1024x576_21012021082231.jpg?fit=1024%2C576&ssl=1",1024,576,false],"thumbnail":["https:\/\/i0.wp.com\/ismaelcolosi.com.br\/wp-content\/uploads\/2024\/06\/cpj_policia_1024x576_21012021082231.jpg?resize=150%2C150&ssl=1",150,150,true],"medium":["https:\/\/i0.wp.com\/ismaelcolosi.com.br\/wp-content\/uploads\/2024\/06\/cpj_policia_1024x576_21012021082231.jpg?fit=300%2C169&ssl=1",300,169,true],"medium_large":["https:\/\/i0.wp.com\/ismaelcolosi.com.br\/wp-content\/uploads\/2024\/06\/cpj_policia_1024x576_21012021082231.jpg?fit=768%2C432&ssl=1",768,432,true],"large":["https:\/\/i0.wp.com\/ismaelcolosi.com.br\/wp-content\/uploads\/2024\/06\/cpj_policia_1024x576_21012021082231.jpg?fit=1024%2C576&ssl=1",1024,576,true],"1536x1536":["https:\/\/i0.wp.com\/ismaelcolosi.com.br\/wp-content\/uploads\/2024\/06\/cpj_policia_1024x576_21012021082231.jpg?fit=1024%2C576&ssl=1",1024,576,true],"2048x2048":["https:\/\/i0.wp.com\/ismaelcolosi.com.br\/wp-content\/uploads\/2024\/06\/cpj_policia_1024x576_21012021082231.jpg?fit=1024%2C576&ssl=1",1024,576,true],"really-simple-thumb":["https:\/\/i0.wp.com\/ismaelcolosi.com.br\/wp-content\/uploads\/2024\/06\/cpj_policia_1024x576_21012021082231.jpg?resize=370%2C247&ssl=1",370,247,true]},"uagb_author_info":{"display_name":"ismaelcolosi.com.br","author_link":"https:\/\/ismaelcolosi.com.br\/index.php\/author\/vidareal-online\/"},"uagb_comment_info":0,"uagb_excerpt":"A Pol\u00edcia Civil deteve nesta segunda-feira (3) um suspeito de balear na cabe\u00e7a o jovem\u00a0Ruan C\u00e9sar Godoi, de 22 anos, depois de uma confus\u00e3o em...","jetpack-related-posts":[{"id":51965,"url":"https:\/\/ismaelcolosi.com.br\/index.php\/2024\/06\/03\/o-que-se-sabe-sobre-o-caso-do-jovem-baleado-apos-confusao-em-estacionamento-de-ribeirao\/","url_meta":{"origin":52019,"position":0},"title":"O que se sabe sobre o caso do jovem baleado ap\u00f3s confus\u00e3o em estacionamento de Ribeir\u00e3o","author":"ismaelcolosi.com.br","date":"3 de June de 2024","format":false,"excerpt":"A Pol\u00edcia Civil abriu inqu\u00e9rito para investigar a tentativa de homic\u00eddio contra um jovem de 22 anos na madrugada deste domingo (2), depois de uma confus\u00e3o em um estacionamento de ve\u00edculos, na avenida Jer\u00f4nimo Gon\u00e7alves, regi\u00e3o central de Ribeir\u00e3o Preto. Imagens de c\u00e2mera de seguran\u00e7a mostram a a\u00e7\u00e3o. Assista ao\u2026","rel":"","context":"In &quot;Not\u00edcias de Ribeir\u00e3o Preto-SP e Regi\u00e3o&quot;","block_context":{"text":"Not\u00edcias de Ribeir\u00e3o Preto-SP e Regi\u00e3o","link":"https:\/\/ismaelcolosi.com.br\/index.php\/category\/noticias-de-ribeirao-preto-sp-e-regiao-ismael-colosi\/"},"img":{"alt_text":"","src":"https:\/\/i0.wp.com\/ismaelcolosi.com.br\/wp-content\/uploads\/2024\/06\/BALEADFO_2024-06-03_10-17-45_jpg_2024-06-03_10-17-46.webp.webp?fit=1200%2C873&ssl=1&resize=350%2C200","width":350,"height":200,"srcset":"https:\/\/i0.wp.com\/ismaelcolosi.com.br\/wp-content\/uploads\/2024\/06\/BALEADFO_2024-06-03_10-17-45_jpg_2024-06-03_10-17-46.webp.webp?fit=1200%2C873&ssl=1&resize=350%2C200 1x, https:\/\/i0.wp.com\/ismaelcolosi.com.br\/wp-content\/uploads\/2024\/06\/BALEADFO_2024-06-03_10-17-45_jpg_2024-06-03_10-17-46.webp.webp?fit=1200%2C873&ssl=1&resize=525%2C300 1.5x, https:\/\/i0.wp.com\/ismaelcolosi.com.br\/wp-content\/uploads\/2024\/06\/BALEADFO_2024-06-03_10-17-45_jpg_2024-06-03_10-17-46.webp.webp?fit=1200%2C873&ssl=1&resize=700%2C400 2x, https:\/\/i0.wp.com\/ismaelcolosi.com.br\/wp-content\/uploads\/2024\/06\/BALEADFO_2024-06-03_10-17-45_jpg_2024-06-03_10-17-46.webp.webp?fit=1200%2C873&ssl=1&resize=1050%2C600 3x"},"classes":[]},{"id":51939,"url":"https:\/\/ismaelcolosi.com.br\/index.php\/2024\/06\/02\/jovem-e-baleado-na-cabeca-apos-confusao-em-estacionamento-no-centro-de-ribeirao\/","url_meta":{"origin":52019,"position":1},"title":"Jovem \u00e9 baleado na cabe\u00e7a ap\u00f3s confus\u00e3o em estacionamento no Centro de Ribeir\u00e3o","author":"ismaelcolosi.com.br","date":"2 de June de 2024","format":false,"excerpt":"Um jovem de 22 anos foi balado na cabe\u00e7a na madruga deste domingo (2), depois de uma confus\u00e3o em um estacionamento de ve\u00edculos, na avenida Jer\u00f4nimo Gon\u00e7alves, regi\u00e3o central de Ribeir\u00e3o Preto. O suspeito de ser o autor dos disparos fugiu e n\u00e3o havia sido identificado. Segundo o boletim de\u2026","rel":"","context":"In &quot;Not\u00edcias de Ribeir\u00e3o Preto-SP e Regi\u00e3o&quot;","block_context":{"text":"Not\u00edcias de Ribeir\u00e3o Preto-SP e Regi\u00e3o","link":"https:\/\/ismaelcolosi.com.br\/index.php\/category\/noticias-de-ribeirao-preto-sp-e-regiao-ismael-colosi\/"},"img":{"alt_text":"","src":"https:\/\/i0.wp.com\/ismaelcolosi.com.br\/wp-content\/uploads\/2024\/06\/policia_qru_1024x576_25052021184749.jpg?fit=1024%2C576&ssl=1&resize=350%2C200","width":350,"height":200,"srcset":"https:\/\/i0.wp.com\/ismaelcolosi.com.br\/wp-content\/uploads\/2024\/06\/policia_qru_1024x576_25052021184749.jpg?fit=1024%2C576&ssl=1&resize=350%2C200 1x, https:\/\/i0.wp.com\/ismaelcolosi.com.br\/wp-content\/uploads\/2024\/06\/policia_qru_1024x576_25052021184749.jpg?fit=1024%2C576&ssl=1&resize=525%2C300 1.5x, https:\/\/i0.wp.com\/ismaelcolosi.com.br\/wp-content\/uploads\/2024\/06\/policia_qru_1024x576_25052021184749.jpg?fit=1024%2C576&ssl=1&resize=700%2C400 2x"},"classes":[]},{"id":52212,"url":"https:\/\/ismaelcolosi.com.br\/index.php\/2024\/06\/04\/motociclista-envolvido-em-caso-de-jovem-baleado-em-ribeirao-presta-depoimento-a-policia\/","url_meta":{"origin":52019,"position":2},"title":"Motociclista envolvido em caso de jovem baleado em Ribeir\u00e3o presta depoimento \u00e0 pol\u00edcia","author":"ismaelcolosi.com.br","date":"4 de June de 2024","format":false,"excerpt":"A Pol\u00edcia Civil ouviu o motorista da motocicleta envolvida na confus\u00e3o em um estacionamento de ve\u00edculos, que terminou com um jovem de 22 anos baleado, no \u00faltimo final de semana, em Ribeir\u00e3o Preto. Em seu depoimento, Francisco Jos\u00e9 Mussi J\u00fanior, disse que foi coagido pelo amigo e autor dos disparos,\u2026","rel":"","context":"In &quot;Not\u00edcias de Ribeir\u00e3o Preto-SP e Regi\u00e3o&quot;","block_context":{"text":"Not\u00edcias de Ribeir\u00e3o Preto-SP e Regi\u00e3o","link":"https:\/\/ismaelcolosi.com.br\/index.php\/category\/noticias-de-ribeirao-preto-sp-e-regiao-ismael-colosi\/"},"img":{"alt_text":"","src":"https:\/\/i0.wp.com\/ismaelcolosi.com.br\/wp-content\/uploads\/2024\/06\/BALEADFO_2024-06-03_10-17-45_jpg_2024-06-03_10-17-46.webp.webp?fit=1200%2C873&ssl=1&resize=350%2C200","width":350,"height":200,"srcset":"https:\/\/i0.wp.com\/ismaelcolosi.com.br\/wp-content\/uploads\/2024\/06\/BALEADFO_2024-06-03_10-17-45_jpg_2024-06-03_10-17-46.webp.webp?fit=1200%2C873&ssl=1&resize=350%2C200 1x, https:\/\/i0.wp.com\/ismaelcolosi.com.br\/wp-content\/uploads\/2024\/06\/BALEADFO_2024-06-03_10-17-45_jpg_2024-06-03_10-17-46.webp.webp?fit=1200%2C873&ssl=1&resize=525%2C300 1.5x, https:\/\/i0.wp.com\/ismaelcolosi.com.br\/wp-content\/uploads\/2024\/06\/BALEADFO_2024-06-03_10-17-45_jpg_2024-06-03_10-17-46.webp.webp?fit=1200%2C873&ssl=1&resize=700%2C400 2x, https:\/\/i0.wp.com\/ismaelcolosi.com.br\/wp-content\/uploads\/2024\/06\/BALEADFO_2024-06-03_10-17-45_jpg_2024-06-03_10-17-46.webp.webp?fit=1200%2C873&ssl=1&resize=1050%2C600 3x"},"classes":[]},{"id":52219,"url":"https:\/\/ismaelcolosi.com.br\/index.php\/2024\/06\/04\/morre-jovem-baleado-por-engano-em-estacionamento-no-centro-de-ribeirao\/","url_meta":{"origin":52019,"position":3},"title":"Morre jovem baleado por engano em estacionamento no Centro de Ribeir\u00e3o","author":"ismaelcolosi.com.br","date":"4 de June de 2024","format":false,"excerpt":"Morreu na noite desta ter\u00e7a-feira (04), o jovem baleado por engano, ap\u00f3s uma confus\u00e3o em um estacionamento de ve\u00edculos, neste final de semana, em Ribeir\u00e3o Preto. A informa\u00e7\u00e3o foi confirmada pelo pai da v\u00edtima. Segundo o boletim de ocorr\u00eancia (BO), Ruan C\u00e9sar Godoi, de 22 anos, seria cliente do estacionamento\u2026","rel":"","context":"In &quot;Not\u00edcias de Ribeir\u00e3o Preto-SP e Regi\u00e3o&quot;","block_context":{"text":"Not\u00edcias de Ribeir\u00e3o Preto-SP e Regi\u00e3o","link":"https:\/\/ismaelcolosi.com.br\/index.php\/category\/noticias-de-ribeirao-preto-sp-e-regiao-ismael-colosi\/"},"img":{"alt_text":"","src":"https:\/\/i0.wp.com\/ismaelcolosi.com.br\/wp-content\/uploads\/2024\/06\/IMG_2453_2024-06-05_02-09-00_jpeg_2024-06-05_02-09-00.webp.webp?fit=611%2C340&ssl=1&resize=350%2C200","width":350,"height":200,"srcset":"https:\/\/i0.wp.com\/ismaelcolosi.com.br\/wp-content\/uploads\/2024\/06\/IMG_2453_2024-06-05_02-09-00_jpeg_2024-06-05_02-09-00.webp.webp?fit=611%2C340&ssl=1&resize=350%2C200 1x, https:\/\/i0.wp.com\/ismaelcolosi.com.br\/wp-content\/uploads\/2024\/06\/IMG_2453_2024-06-05_02-09-00_jpeg_2024-06-05_02-09-00.webp.webp?fit=611%2C340&ssl=1&resize=525%2C300 1.5x"},"classes":[]},{"id":52021,"url":"https:\/\/ismaelcolosi.com.br\/index.php\/2024\/06\/03\/motociclista-fica-ferido-apos-batida-de-moto-e-van-em-marginal-de-rodovia-em-ribeirao-preto\/","url_meta":{"origin":52019,"position":4},"title":"Motociclista fica ferido ap\u00f3s batida de moto e van em marginal de rodovia em Ribeir\u00e3o Preto","author":"ismaelcolosi.com.br","date":"3 de June de 2024","format":false,"excerpt":"Um motociclista ficou ferido na manh\u00e3 desta segunda-feira (3), depois de se envolver em uma batida com uma van, na via marginal da rodovia Abr\u00e3o Assed (SP-333), em Ribeir\u00e3o Preto. Segundo informa\u00e7\u00f5es, a moto seguia no sentido a Ribeir\u00e3o e a van vinha na pista contr\u00e1ria, quando ocorreu a colis\u00e3o\u2026","rel":"","context":"In &quot;Not\u00edcias de Ribeir\u00e3o Preto-SP e Regi\u00e3o&quot;","block_context":{"text":"Not\u00edcias de Ribeir\u00e3o Preto-SP e Regi\u00e3o","link":"https:\/\/ismaelcolosi.com.br\/index.php\/category\/noticias-de-ribeirao-preto-sp-e-regiao-ismael-colosi\/"},"img":{"alt_text":"","src":"https:\/\/i0.wp.com\/ismaelcolosi.com.br\/wp-content\/uploads\/2024\/06\/WhatsApp-Image-2024-06-03-at-12.33.37_2024-06-03_15-43-36_jpeg_2024-06-03_15-43-37.webp.webp?fit=1200%2C796&ssl=1&resize=350%2C200","width":350,"height":200,"srcset":"https:\/\/i0.wp.com\/ismaelcolosi.com.br\/wp-content\/uploads\/2024\/06\/WhatsApp-Image-2024-06-03-at-12.33.37_2024-06-03_15-43-36_jpeg_2024-06-03_15-43-37.webp.webp?fit=1200%2C796&ssl=1&resize=350%2C200 1x, https:\/\/i0.wp.com\/ismaelcolosi.com.br\/wp-content\/uploads\/2024\/06\/WhatsApp-Image-2024-06-03-at-12.33.37_2024-06-03_15-43-36_jpeg_2024-06-03_15-43-37.webp.webp?fit=1200%2C796&ssl=1&resize=525%2C300 1.5x, https:\/\/i0.wp.com\/ismaelcolosi.com.br\/wp-content\/uploads\/2024\/06\/WhatsApp-Image-2024-06-03-at-12.33.37_2024-06-03_15-43-36_jpeg_2024-06-03_15-43-37.webp.webp?fit=1200%2C796&ssl=1&resize=700%2C400 2x, https:\/\/i0.wp.com\/ismaelcolosi.com.br\/wp-content\/uploads\/2024\/06\/WhatsApp-Image-2024-06-03-at-12.33.37_2024-06-03_15-43-36_jpeg_2024-06-03_15-43-37.webp.webp?fit=1200%2C796&ssl=1&resize=1050%2C600 3x"},"classes":[]},{"id":55272,"url":"https:\/\/ismaelcolosi.com.br\/index.php\/2024\/07\/01\/decretada-prisao-preventiva-de-suspeito-de-matar-jovem-em-estacionamento-de-ribeirao\/","url_meta":{"origin":52019,"position":5},"title":"Decretada pris\u00e3o preventiva de suspeito de matar jovem em estacionamento de Ribeir\u00e3o","author":"ismaelcolosi.com.br","date":"1 de July de 2024","format":false,"excerpt":"O TJ-SP (Tribunal de Justi\u00e7a de S\u00e3o Paulo) decretou, nesta segunda-feira (1), a pris\u00e3o preventiva de Rafael Mazzucato, que atirou e matou, por engano, o jovem Ruan C\u00e9sar Godoi, de 22 anos. A decis\u00e3o foi baseada no pedido do MP-SP (Minist\u00e9rio P\u00fablico de S\u00e3o Paulo). Al\u00e9m de acatar o novo\u2026","rel":"","context":"In &quot;Not\u00edcias de Ribeir\u00e3o Preto-SP e Regi\u00e3o&quot;","block_context":{"text":"Not\u00edcias de Ribeir\u00e3o Preto-SP e Regi\u00e3o","link":"https:\/\/ismaelcolosi.com.br\/index.php\/category\/noticias-de-ribeirao-preto-sp-e-regiao-ismael-colosi\/"},"img":{"alt_text":"","src":"https:\/\/i0.wp.com\/ismaelcolosi.com.br\/wp-content\/uploads\/2024\/07\/Capturar_2024-07-01_21-26-08_jpg_2024-07-01_21-26-08.webp.webp?fit=851%2C482&ssl=1&resize=350%2C200","width":350,"height":200,"srcset":"https:\/\/i0.wp.com\/ismaelcolosi.com.br\/wp-content\/uploads\/2024\/07\/Capturar_2024-07-01_21-26-08_jpg_2024-07-01_21-26-08.webp.webp?fit=851%2C482&ssl=1&resize=350%2C200 1x, https:\/\/i0.wp.com\/ismaelcolosi.com.br\/wp-content\/uploads\/2024\/07\/Capturar_2024-07-01_21-26-08_jpg_2024-07-01_21-26-08.webp.webp?fit=851%2C482&ssl=1&resize=525%2C300 1.5x, https:\/\/i0.wp.com\/ismaelcolosi.com.br\/wp-content\/uploads\/2024\/07\/Capturar_2024-07-01_21-26-08_jpg_2024-07-01_21-26-08.webp.webp?fit=851%2C482&ssl=1&resize=700%2C400 2x"},"classes":[]}],"jetpack_sharing_enabled":true,"jetpack_shortlink":"https:\/\/wp.me\/pfMlyK-dx1","_links":{"self":[{"href":"https:\/\/ismaelcolosi.com.br\/index.php\/wp-json\/wp\/v2\/posts\/52019","targetHints":{"allow":["GET"]}}],"collection":[{"href":"https:\/\/ismaelcolosi.com.br\/index.php\/wp-json\/wp\/v2\/posts"}],"about":[{"href":"https:\/\/ismaelcolosi.com.br\/index.php\/wp-json\/wp\/v2\/types\/post"}],"author":[{"embeddable":true,"href":"https:\/\/ismaelcolosi.com.br\/index.php\/wp-json\/wp\/v2\/users\/1"}],"replies":[{"embeddable":true,"href":"https:\/\/ismaelcolosi.com.br\/index.php\/wp-json\/wp\/v2\/comments?post=52019"}],"version-history":[{"count":0,"href":"https:\/\/ismaelcolosi.com.br\/index.php\/wp-json\/wp\/v2\/posts\/52019\/revisions"}],"wp:featuredmedia":[{"embeddable":true,"href":"https:\/\/ismaelcolosi.com.br\/index.php\/wp-json\/wp\/v2\/media\/52020"}],"wp:attachment":[{"href":"https:\/\/ismaelcolosi.com.br\/index.php\/wp-json\/wp\/v2\/media?parent=52019"}],"wp:term":[{"taxonomy":"category","embeddable":true,"href":"https:\/\/ismaelcolosi.com.br\/index.php\/wp-json\/wp\/v2\/categories?post=52019"},{"taxonomy":"post_tag","embeddable":true,"href":"https:\/\/ismaelcolosi.com.br\/index.php\/wp-json\/wp\/v2\/tags?post=52019"}],"curies":[{"name":"wp","href":"https:\/\/api.w.org\/{rel}","templated":true}]}}