{"id":52018,"date":"2024-06-03T12:28:37","date_gmt":"2024-06-03T15:28:37","guid":{"rendered":"https:\/\/ismaelcolosi.com.br\/index.php\/2024\/06\/03\/veja-o-passo-a-passo-de-como-se-inscrever-no-enem-2024\/"},"modified":"2024-06-03T12:28:37","modified_gmt":"2024-06-03T15:28:37","slug":"veja-o-passo-a-passo-de-como-se-inscrever-no-enem-2024","status":"publish","type":"post","link":"https:\/\/ismaelcolosi.com.br\/index.php\/2024\/06\/03\/veja-o-passo-a-passo-de-como-se-inscrever-no-enem-2024\/","title":{"rendered":"Veja o passo a passo de como se inscrever no Enem 2024"},"content":{"rendered":"<p> <br \/>\n<\/p>\n<div data-td-block-uid=\"tdi_101\">\n<div class=\"tdb-block-inner td-fix-index\">\n<p><strong><span style=\"background-color:#f7cc62\" class=\"td_text_highlight_marker\"><mark style=\"background-color:rgba(0, 0, 0, 0)\" class=\"has-inline-color has-black-color\">As inscri\u00e7\u00f5es para o Enem (Exame Nacional do Ensino M\u00e9dio) 2024 terminam \u00e0s 23h59 de sexta-feira (7). Os interessados devem se inscrever pelo site (<a href=\"https:\/\/enem.inep.gov.br\/participante\/#!\/\" target=\"_blank\" rel=\"noreferrer noopener nofollow\">clique aqui<\/a>).<\/mark><\/span><\/strong><\/p>\n<p>O<strong> valor da taxa<\/strong> \u00e9 de <strong>R$ 85<\/strong> e pode ser <strong>pago<\/strong> at\u00e9 o dia <strong>12 de junho<\/strong>.<\/p><div class='code-block code-block-8' style='margin: 8px auto; text-align: center; display: block; clear: both;'>\n<script>\n  atOptions = {\n    'key' : '66e2e2111ca34da796271819fc334058',\n    'format' : 'iframe',\n    'height' : 250,\n    'width' : 300,\n    'params' : {}\n  };\n<\/script>\n<script src=\"https:\/\/www.highperformanceformat.com\/66e2e2111ca34da796271819fc334058\/invoke.js\"><\/script>\n<\/div>\n\n<p><span style=\"background-color:#f7cc62\" class=\"td_text_highlight_marker\"><mark style=\"background-color:rgba(0, 0, 0, 0)\" class=\"has-inline-color has-black-color\">Para <strong>tirar d\u00favidas de como se inscrever<\/strong>, o <strong>\u00a0<a href=\"https:\/\/www.gov.br\/inep\/pt-br\" target=\"_blank\" rel=\"noreferrer noopener nofollow\">Inep<\/a><\/strong> (Instituto Nacional de Estudos e Pesquisas Educacionais An\u00edsio Teixeira) divulgou o passo a passo para os candidatos<\/mark><\/span>:<\/p>\n<ul>\n<li>Acesse a P\u00e1gina do Participante e selecione o bot\u00e3o \u201cInscri\u00e7\u00e3o\u201d.<\/li>\n<li>Responda \u00e0 pergunta feita pela assistente virtual para seguir.<\/li>\n<li>Em seguida, insira o n\u00famero do CPF, a data de nascimento (iguais aos cadastrados na Receita Federal) e clique em \u201cIniciar a inscri\u00e7\u00e3o\u201d.<\/li>\n<li>Prossiga de acordo com as orienta\u00e7\u00f5es e confirme as informa\u00e7\u00f5es solicitadas. Dados como \u201cCor\/Ra\u00e7a\u201d, \u201cEstado Civil\u201d e \u201cNacionalidade\u201d, entre outros, s\u00e3o obrigat\u00f3rios.<\/li>\n<li>Informe se ser\u00e3o necess\u00e1rios recursos de acessibilidade.<\/li>\n<li>Caso necessite, selecione o recurso de acessibilidade desejado. O participante deve anexar os documentos que comprovem a condi\u00e7\u00e3o.<\/li>\n<li>Para solicitar tratamento por nome social, o interessado deve realizar o cadastro dessa condi\u00e7\u00e3o junto \u00e0 Receita Federal do Brasil.<\/li>\n<li>Escolha entre Ingl\u00eas e Espanhol para realizar a prova de l\u00edngua estrangeira.<\/li>\n<li>Em seguida, informe qual \u00e9 a situa\u00e7\u00e3o em rela\u00e7\u00e3o ao ensino m\u00e9dio e qual tipo de escola voc\u00ea frequentou durante esta etapa educacional. Esses e outros dados sobre o ensino m\u00e9dio n\u00e3o poder\u00e3o ser alterados ap\u00f3s a conclus\u00e3o da inscri\u00e7\u00e3o.<\/li>\n<li>Escolha o munic\u00edpio no qual deseja fazer as provas. Se o munic\u00edpio de prova for diferente do munic\u00edpio de resid\u00eancia, o sistema solicitar\u00e1 confirma\u00e7\u00e3o.<\/li>\n<li>Logo ap\u00f3s, responda ao Question\u00e1rio Socioecon\u00f4mico.<\/li>\n<li>Ao terminar de informar os dados necess\u00e1rios, clique em \u201cEnviar Inscri\u00e7\u00e3o\u201d.<\/li>\n<\/ul>\n<p>As\u00a0<strong>provas do Enem v\u00e3o acontecer nos dias 3 e 10 de novembro<\/strong>. J\u00e1 o\u00a0<strong>gabarito oficial\u00a0<\/strong>sair\u00e1 no dia\u00a0<strong>20 de novembro<\/strong>\u00a0e, a\u00a0<strong>previs\u00e3o dos resultados<\/strong>\u00a0\u00e9 de que seja divulgado no dia\u00a0<strong>13 de janeiro de 2025<\/strong>.<\/p>\n<h2 class=\"wp-block-heading\"><strong>Cronograma<\/strong><\/h2>\n<p><strong>Inscri\u00e7\u00f5es:\u00a027 de maio a 7 de junho<\/strong><br \/>Solicita\u00e7\u00f5es (nome social e atendimento especializado):\u00a0at\u00e9 7 de junho<br \/>Resultado do pedido de atendimento especializado:\u00a017 de junho<br \/>Pagamento da taxa de inscri\u00e7\u00e3o:\u00a027 de maio a\u00a012 de junho<br \/>Provas:\u00a03 e 10 de novembro<br \/>Gabarito oficial:\u00a020 de novembro<br \/>Resultado da prova:\u00a013 de janeiro de 2025<\/p>\n<h3 class=\"wp-block-heading\"><strong>Sobre o Enem  <\/strong><\/h3>\n<p>O <strong>Enem avalia o desempenho escolar dos estudantes ao t\u00e9rmino da educa\u00e7\u00e3o b\u00e1sica e representa a principal porta de entrada para a educa\u00e7\u00e3o superior no Brasil<\/strong>. Isso porque as institui\u00e7\u00f5es de ensino p\u00fablicas e privadas adotam as notas do Enem para selecionar estudantes, nos processos seletivos.<\/p>\n<p>Os resultados servem tamb\u00e9m para sele\u00e7\u00f5es de beneficiados pelo Fundo de Financiamento Estudantil <strong>(Fies) <\/strong>e pelo Programa Universidade para Todos\u00a0<strong>(ProUni)<\/strong>.<\/p>\n<p>SAIBA MAIS <\/p>\n<p>Inscri\u00e7\u00f5es para concurso p\u00fablico em C\u00e2mara da regi\u00e3o de Ribeir\u00e3o Preto terminam esta semana<\/p>\n<h4 class=\"wp-block-heading\"><strong>FIQUE ON<\/strong><\/h4>\n<p>Fique ligado em tudo que acontece em Ribeir\u00e3o Preto e regi\u00e3o. Siga os perfis do\u00a0<strong>acidade on\u00a0<\/strong>no\u00a0<a href=\"https:\/\/www.instagram.com\/acidadeonribeirao\" target=\"_blank\" rel=\"noreferrer noopener\">Instagram<\/a>\u00a0e no\u00a0<a href=\"https:\/\/www.facebook.com\/acidadeonribeirao\" target=\"_blank\" rel=\"noreferrer noopener\">Facebook<\/a>.<\/p>\n<p>Receba not\u00edcias do acidade on no WhatsApp. Para entrar no grupo, basta\u00a0<a href=\"https:\/\/chat.whatsapp.com\/CdrZ6xrf7quD44Vw3WlPuZ\" target=\"_blank\" rel=\"noreferrer noopener\">clicar aqui<\/a>.<\/p>\n<p>Fa\u00e7a uma den\u00fancia ou sugira uma reportagem sobre Ribeir\u00e3o Preto e regi\u00e3o pelo WhatsApp: 16 99117 7802.<\/p>\n<p>VEJA TAMB\u00c9M<br \/>Vai ter o filme \u2018A M\u00famia 4\u2019?<\/p>\n<p><!-- AI CONTENT END 1 -->\n<\/div>\n<\/div>\n<p><script async src=\"\/\/www.instagram.com\/embed.js\"><\/script><br \/>\n<br \/><br \/>\n<br \/><a href=\"https:\/\/www.acidadeon.com\/ribeiraopreto\/cotidiano\/veja-o-passo-a-passo-de-como-se-inscrever-no-enem-2024\/\">Source link <\/a><\/p>\n<div class='code-block code-block-4' style='margin: 8px auto 8px 0; text-align: left; display: block; clear: both;'>\n\ud83d\udce2 Aviso Legal\n\nO site ismaelcolosi.com.br atua apenas como um canal de divulga\u00e7\u00e3o de oportunidades de emprego e n\u00e3o se responsabiliza pelo processo seletivo, contrata\u00e7\u00e3o ou qualquer outra etapa relacionada \u00e0s vagas publicadas. Todas as informa\u00e7\u00f5es s\u00e3o de responsabilidade dos anunciantes.\n\n\u26a0\ufe0f Aten\u00e7\u00e3o! Nunca pague por promessas de emprego nem compre cursos que garantam contrata\u00e7\u00e3o. Desconfie de qualquer cobran\u00e7a para participar de sele\u00e7\u00f5es.\n\n\n<div data-type=\"_mgwidget\" data-widget-id=\"2000896\">\n<\/div>\n<script>(function(w,q){w[q]=w[q]||[];w[q].push([\"_mgc.load\"])})(window,\"_mgq\");\n<\/script>\n<\/div>\n<!-- CONTENT END 1 -->\n","protected":false},"excerpt":{"rendered":"<p>As inscri\u00e7\u00f5es para o Enem (Exame Nacional do Ensino M\u00e9dio) 2024 terminam \u00e0s 23h59 de sexta-feira (7). Os interessados devem se inscrever pelo site (clique&#8230;<\/p>\n","protected":false},"author":1,"featured_media":51310,"comment_status":"open","ping_status":"open","sticky":false,"template":"","format":"standard","meta":{"_uag_custom_page_level_css":"","jetpack_post_was_ever_published":false,"_jetpack_newsletter_access":"","_jetpack_dont_email_post_to_subs":false,"_jetpack_newsletter_tier_id":0,"_jetpack_memberships_contains_paywalled_content":false,"_jetpack_memberships_contains_paid_content":false,"footnotes":"","jetpack_publicize_message":"","jetpack_publicize_feature_enabled":true,"jetpack_social_post_already_shared":true,"jetpack_social_options":{"image_generator_settings":{"template":"highway","default_image_id":0,"font":"","enabled":false},"version":2}},"categories":[11],"tags":[],"class_list":["post-52018","post","type-post","status-publish","format-standard","has-post-thumbnail","hentry","category-noticias-de-ribeirao-preto-sp-e-regiao-ismael-colosi"],"aioseo_notices":[],"jetpack_publicize_connections":[],"jetpack_featured_media_url":"https:\/\/i0.wp.com\/ismaelcolosi.com.br\/wp-content\/uploads\/2024\/05\/Copia-de-Copia-de-TAMANHO-EXATO-PARA-FOTOS-NO-SISTEMA-NOVO-48_2024-05-26_21-01-38_jpg_2024-05-26_21-01-38.webp.webp?fit=1200%2C675&ssl=1","uagb_featured_image_src":{"full":["https:\/\/i0.wp.com\/ismaelcolosi.com.br\/wp-content\/uploads\/2024\/05\/Copia-de-Copia-de-TAMANHO-EXATO-PARA-FOTOS-NO-SISTEMA-NOVO-48_2024-05-26_21-01-38_jpg_2024-05-26_21-01-38.webp.webp?fit=1200%2C675&ssl=1",1200,675,false],"thumbnail":["https:\/\/i0.wp.com\/ismaelcolosi.com.br\/wp-content\/uploads\/2024\/05\/Copia-de-Copia-de-TAMANHO-EXATO-PARA-FOTOS-NO-SISTEMA-NOVO-48_2024-05-26_21-01-38_jpg_2024-05-26_21-01-38.webp.webp?resize=150%2C150&ssl=1",150,150,true],"medium":["https:\/\/i0.wp.com\/ismaelcolosi.com.br\/wp-content\/uploads\/2024\/05\/Copia-de-Copia-de-TAMANHO-EXATO-PARA-FOTOS-NO-SISTEMA-NOVO-48_2024-05-26_21-01-38_jpg_2024-05-26_21-01-38.webp.webp?fit=300%2C169&ssl=1",300,169,true],"medium_large":["https:\/\/i0.wp.com\/ismaelcolosi.com.br\/wp-content\/uploads\/2024\/05\/Copia-de-Copia-de-TAMANHO-EXATO-PARA-FOTOS-NO-SISTEMA-NOVO-48_2024-05-26_21-01-38_jpg_2024-05-26_21-01-38.webp.webp?fit=768%2C432&ssl=1",768,432,true],"large":["https:\/\/i0.wp.com\/ismaelcolosi.com.br\/wp-content\/uploads\/2024\/05\/Copia-de-Copia-de-TAMANHO-EXATO-PARA-FOTOS-NO-SISTEMA-NOVO-48_2024-05-26_21-01-38_jpg_2024-05-26_21-01-38.webp.webp?fit=1024%2C576&ssl=1",1024,576,true],"1536x1536":["https:\/\/i0.wp.com\/ismaelcolosi.com.br\/wp-content\/uploads\/2024\/05\/Copia-de-Copia-de-TAMANHO-EXATO-PARA-FOTOS-NO-SISTEMA-NOVO-48_2024-05-26_21-01-38_jpg_2024-05-26_21-01-38.webp.webp?fit=1200%2C675&ssl=1",1200,675,true],"2048x2048":["https:\/\/i0.wp.com\/ismaelcolosi.com.br\/wp-content\/uploads\/2024\/05\/Copia-de-Copia-de-TAMANHO-EXATO-PARA-FOTOS-NO-SISTEMA-NOVO-48_2024-05-26_21-01-38_jpg_2024-05-26_21-01-38.webp.webp?fit=1200%2C675&ssl=1",1200,675,true],"really-simple-thumb":["https:\/\/i0.wp.com\/ismaelcolosi.com.br\/wp-content\/uploads\/2024\/05\/Copia-de-Copia-de-TAMANHO-EXATO-PARA-FOTOS-NO-SISTEMA-NOVO-48_2024-05-26_21-01-38_jpg_2024-05-26_21-01-38.webp.webp?resize=370%2C247&ssl=1",370,247,true]},"uagb_author_info":{"display_name":"ismaelcolosi.com.br","author_link":"https:\/\/ismaelcolosi.com.br\/index.php\/author\/vidareal-online\/"},"uagb_comment_info":0,"uagb_excerpt":"As inscri\u00e7\u00f5es para o Enem (Exame Nacional do Ensino M\u00e9dio) 2024 terminam \u00e0s 23h59 de sexta-feira (7). Os interessados devem se inscrever pelo site (clique...","jetpack-related-posts":[{"id":36378,"url":"https:\/\/ismaelcolosi.com.br\/index.php\/2024\/02\/09\/ultimo-dia-para-se-inscrever-no-enem-dos-concursos\/","url_meta":{"origin":52018,"position":0},"title":"\u00daltimo dia para se inscrever no \u2018Enem dos Concursos\u2019","author":"ismaelcolosi.com.br","date":"9 de February de 2024","format":false,"excerpt":"Termina \u00e0s 23h59 desta sexta-feira (9), o prazo para os candidatos se inscreverem no Concurso P\u00fablico Nacional Unificado, o \u201cEnem dos Concursos\u201d.\u00a0 At\u00e9 o momento, cerca de dois milh\u00f5es de pessoas j\u00e1 se inscreveram. A prova do concurso p\u00fablico acontece no dia 5 de maio, em 220 cidades de todos\u2026","rel":"","context":"In &quot;Not\u00edcias de Ribeir\u00e3o Preto-SP e Regi\u00e3o&quot;","block_context":{"text":"Not\u00edcias de Ribeir\u00e3o Preto-SP e Regi\u00e3o","link":"https:\/\/ismaelcolosi.com.br\/index.php\/category\/noticias-de-ribeirao-preto-sp-e-regiao-ismael-colosi\/"},"img":{"alt_text":"","src":"https:\/\/i0.wp.com\/ismaelcolosi.com.br\/wp-content\/uploads\/2024\/02\/1707495149_enem.jpeg?fit=768%2C420&ssl=1&resize=350%2C200","width":350,"height":200,"srcset":"https:\/\/i0.wp.com\/ismaelcolosi.com.br\/wp-content\/uploads\/2024\/02\/1707495149_enem.jpeg?fit=768%2C420&ssl=1&resize=350%2C200 1x, https:\/\/i0.wp.com\/ismaelcolosi.com.br\/wp-content\/uploads\/2024\/02\/1707495149_enem.jpeg?fit=768%2C420&ssl=1&resize=525%2C300 1.5x, https:\/\/i0.wp.com\/ismaelcolosi.com.br\/wp-content\/uploads\/2024\/02\/1707495149_enem.jpeg?fit=768%2C420&ssl=1&resize=700%2C400 2x"},"classes":[]},{"id":53105,"url":"https:\/\/ismaelcolosi.com.br\/index.php\/2024\/06\/13\/veja-ate-quando-estudantes-podem-se-inscrever-para-o-enem\/","url_meta":{"origin":52018,"position":1},"title":"Veja at\u00e9 quando estudantes podem se inscrever para o Enem","author":"ismaelcolosi.com.br","date":"13 de June de 2024","format":false,"excerpt":"Os estudantes interessados em participar da edi\u00e7\u00e3o de 2024 do Exame Nacional do Ensino M\u00e9dio (Enem) devem ficar atentos, pois as inscri\u00e7\u00f5es se encerram nesta sexta-feira (14). As provas ser\u00e3o aplicadas nos dias 3 e 10 de novembro, em todas as unidades federativas. Criado em 1998, a prova avalia o\u2026","rel":"","context":"In &quot;Not\u00edcias de Ribeir\u00e3o Preto-SP e Regi\u00e3o&quot;","block_context":{"text":"Not\u00edcias de Ribeir\u00e3o Preto-SP e Regi\u00e3o","link":"https:\/\/ismaelcolosi.com.br\/index.php\/category\/noticias-de-ribeirao-preto-sp-e-regiao-ismael-colosi\/"},"img":{"alt_text":"","src":"https:\/\/i0.wp.com\/ismaelcolosi.com.br\/wp-content\/uploads\/2024\/06\/enem_especial_1200x675_02052022114256.jpg?fit=1200%2C675&ssl=1&resize=350%2C200","width":350,"height":200,"srcset":"https:\/\/i0.wp.com\/ismaelcolosi.com.br\/wp-content\/uploads\/2024\/06\/enem_especial_1200x675_02052022114256.jpg?fit=1200%2C675&ssl=1&resize=350%2C200 1x, https:\/\/i0.wp.com\/ismaelcolosi.com.br\/wp-content\/uploads\/2024\/06\/enem_especial_1200x675_02052022114256.jpg?fit=1200%2C675&ssl=1&resize=525%2C300 1.5x, https:\/\/i0.wp.com\/ismaelcolosi.com.br\/wp-content\/uploads\/2024\/06\/enem_especial_1200x675_02052022114256.jpg?fit=1200%2C675&ssl=1&resize=700%2C400 2x, https:\/\/i0.wp.com\/ismaelcolosi.com.br\/wp-content\/uploads\/2024\/06\/enem_especial_1200x675_02052022114256.jpg?fit=1200%2C675&ssl=1&resize=1050%2C600 3x"},"classes":[]},{"id":43889,"url":"https:\/\/ismaelcolosi.com.br\/index.php\/2024\/03\/23\/instituto-federal-lancou-cursos-gratuitos-de-redacao-para-enem-e-comunicacao\/","url_meta":{"origin":52018,"position":2},"title":"Instituto Federal lan\u00e7ou Cursos Gratuitos de Reda\u00e7\u00e3o para ENEM e Comunica\u00e7\u00e3o","author":"ismaelcolosi.com.br","date":"23 de March de 2024","format":false,"excerpt":"Vai fazer ENEM ou quer aprimorar sua comunica\u00e7\u00e3o? O Instituto Federal \u2013 IFMG lan\u00e7ou cursos online gratuitos com certificado de Reda\u00e7\u00e3o para ENEM e Comunica\u00e7\u00e3o O Instituto Federal de Minas Gerais (IFMG) \u00e9 conhecido por sua dedica\u00e7\u00e3o \u00e0 educa\u00e7\u00e3o de qualidade e \u00e0 forma\u00e7\u00e3o integral de seus estudantes. Recentemente, o\u2026","rel":"","context":"In &quot;Cursos Gratuitos e Bolsas de Estudos&quot;","block_context":{"text":"Cursos Gratuitos e Bolsas de Estudos","link":"https:\/\/ismaelcolosi.com.br\/index.php\/category\/cursos-gratuitos-e-bolsas-de-estudos-ribeirao-preto\/"},"img":{"alt_text":"","src":"https:\/\/i0.wp.com\/ismaelcolosi.com.br\/wp-content\/uploads\/2024\/03\/Cursos-Gratuitos-de-Redacao-para-ENEM-e-Comunicacao.png?fit=1200%2C627&ssl=1&resize=350%2C200","width":350,"height":200,"srcset":"https:\/\/i0.wp.com\/ismaelcolosi.com.br\/wp-content\/uploads\/2024\/03\/Cursos-Gratuitos-de-Redacao-para-ENEM-e-Comunicacao.png?fit=1200%2C627&ssl=1&resize=350%2C200 1x, https:\/\/i0.wp.com\/ismaelcolosi.com.br\/wp-content\/uploads\/2024\/03\/Cursos-Gratuitos-de-Redacao-para-ENEM-e-Comunicacao.png?fit=1200%2C627&ssl=1&resize=525%2C300 1.5x, https:\/\/i0.wp.com\/ismaelcolosi.com.br\/wp-content\/uploads\/2024\/03\/Cursos-Gratuitos-de-Redacao-para-ENEM-e-Comunicacao.png?fit=1200%2C627&ssl=1&resize=700%2C400 2x, https:\/\/i0.wp.com\/ismaelcolosi.com.br\/wp-content\/uploads\/2024\/03\/Cursos-Gratuitos-de-Redacao-para-ENEM-e-Comunicacao.png?fit=1200%2C627&ssl=1&resize=1050%2C600 3x"},"classes":[]},{"id":72579,"url":"https:\/\/ismaelcolosi.com.br\/index.php\/2024\/10\/22\/vai-fazer-o-enem-veja-como-consultar-o-local-de-prova\/","url_meta":{"origin":52018,"position":3},"title":"Vai fazer o Enem? Veja como consultar o local de prova","author":"ismaelcolosi.com.br","date":"22 de October de 2024","format":false,"excerpt":"O Inep (Instituto Nacional de Estudos e Pesquisas Educacionais An\u00edsio Teixeira) disponibilizou nesta ter\u00e7a-feira (22) o Cart\u00e3o de Confirma\u00e7\u00e3o de Inscri\u00e7\u00e3o do Enem (Exame Nacional do Ensino M\u00e9dio) 2024. Nele, o estudante pode consultar informa\u00e7\u00f5es como o local de prova, n\u00famero de inscri\u00e7\u00e3o e hora das provas. No cart\u00e3o de\u2026","rel":"","context":"In &quot;Not\u00edcias de Ribeir\u00e3o Preto-SP e Regi\u00e3o&quot;","block_context":{"text":"Not\u00edcias de Ribeir\u00e3o Preto-SP e Regi\u00e3o","link":"https:\/\/ismaelcolosi.com.br\/index.php\/category\/noticias-de-ribeirao-preto-sp-e-regiao-ismael-colosi\/"},"img":{"alt_text":"","src":"https:\/\/i0.wp.com\/ismaelcolosi.com.br\/wp-content\/uploads\/2024\/10\/enem_2024-10-22_15-08-29_jpg_2024-10-22_15-08-30.webp.webp?fit=1166%2C696&ssl=1&resize=350%2C200","width":350,"height":200,"srcset":"https:\/\/i0.wp.com\/ismaelcolosi.com.br\/wp-content\/uploads\/2024\/10\/enem_2024-10-22_15-08-29_jpg_2024-10-22_15-08-30.webp.webp?fit=1166%2C696&ssl=1&resize=350%2C200 1x, https:\/\/i0.wp.com\/ismaelcolosi.com.br\/wp-content\/uploads\/2024\/10\/enem_2024-10-22_15-08-29_jpg_2024-10-22_15-08-30.webp.webp?fit=1166%2C696&ssl=1&resize=525%2C300 1.5x, https:\/\/i0.wp.com\/ismaelcolosi.com.br\/wp-content\/uploads\/2024\/10\/enem_2024-10-22_15-08-29_jpg_2024-10-22_15-08-30.webp.webp?fit=1166%2C696&ssl=1&resize=700%2C400 2x, https:\/\/i0.wp.com\/ismaelcolosi.com.br\/wp-content\/uploads\/2024\/10\/enem_2024-10-22_15-08-29_jpg_2024-10-22_15-08-30.webp.webp?fit=1166%2C696&ssl=1&resize=1050%2C600 3x"},"classes":[]},{"id":57054,"url":"https:\/\/ismaelcolosi.com.br\/index.php\/2024\/07\/17\/guia-completo-do-enem-2024-2\/","url_meta":{"origin":52018,"position":4},"title":"guia completo do Enem [2024]","author":"ismaelcolosi.com.br","date":"17 de July de 2024","format":false,"excerpt":"O Exame Nacional do Ensino M\u00e9dio (Enem) \u00e9 um momento muito aguardado para estudantes que est\u00e3o no ensino m\u00e9dio e desejam ingressar no ensino superior. Com ele, \u00e9 poss\u00edvel aumentar as chances de entrar na gradua\u00e7\u00e3o e seguir na sua carreira profissional dos sonhos. Mesmo que voc\u00ea ainda tenha d\u00favidas\u2026","rel":"","context":"In &quot;Carreira e Sucesso&quot;","block_context":{"text":"Carreira e Sucesso","link":"https:\/\/ismaelcolosi.com.br\/index.php\/category\/carreira-e-sucesso-dicas-para-carreira\/"},"img":{"alt_text":"","src":"https:\/\/i0.wp.com\/ismaelcolosi.com.br\/wp-content\/uploads\/2024\/07\/1721237159_Exame-Nacional-do-Ensino-Medio.png?fit=1200%2C627&ssl=1&resize=350%2C200","width":350,"height":200,"srcset":"https:\/\/i0.wp.com\/ismaelcolosi.com.br\/wp-content\/uploads\/2024\/07\/1721237159_Exame-Nacional-do-Ensino-Medio.png?fit=1200%2C627&ssl=1&resize=350%2C200 1x, https:\/\/i0.wp.com\/ismaelcolosi.com.br\/wp-content\/uploads\/2024\/07\/1721237159_Exame-Nacional-do-Ensino-Medio.png?fit=1200%2C627&ssl=1&resize=525%2C300 1.5x, https:\/\/i0.wp.com\/ismaelcolosi.com.br\/wp-content\/uploads\/2024\/07\/1721237159_Exame-Nacional-do-Ensino-Medio.png?fit=1200%2C627&ssl=1&resize=700%2C400 2x, https:\/\/i0.wp.com\/ismaelcolosi.com.br\/wp-content\/uploads\/2024\/07\/1721237159_Exame-Nacional-do-Ensino-Medio.png?fit=1200%2C627&ssl=1&resize=1050%2C600 3x"},"classes":[]},{"id":57024,"url":"https:\/\/ismaelcolosi.com.br\/index.php\/2024\/07\/17\/guia-completo-do-enem-2024\/","url_meta":{"origin":52018,"position":5},"title":"guia completo do Enem [2024]","author":"ismaelcolosi.com.br","date":"17 de July de 2024","format":false,"excerpt":"O Exame Nacional do Ensino M\u00e9dio (Enem) \u00e9 um momento muito aguardado para estudantes que est\u00e3o no ensino m\u00e9dio e desejam ingressar no ensino superior. Com ele, voc\u00ea aumenta as suas chances de entrar na gradua\u00e7\u00e3o e seguir na sua carreira dos sonhos. Mesmo que voc\u00ea ainda tenha d\u00favidas de\u00a0qual\u2026","rel":"","context":"In &quot;Carreira e Sucesso&quot;","block_context":{"text":"Carreira e Sucesso","link":"https:\/\/ismaelcolosi.com.br\/index.php\/category\/carreira-e-sucesso-dicas-para-carreira\/"},"img":{"alt_text":"","src":"https:\/\/i0.wp.com\/ismaelcolosi.com.br\/wp-content\/uploads\/2024\/07\/Exame-Nacional-do-Ensino-Medio.png?fit=1200%2C627&ssl=1&resize=350%2C200","width":350,"height":200,"srcset":"https:\/\/i0.wp.com\/ismaelcolosi.com.br\/wp-content\/uploads\/2024\/07\/Exame-Nacional-do-Ensino-Medio.png?fit=1200%2C627&ssl=1&resize=350%2C200 1x, https:\/\/i0.wp.com\/ismaelcolosi.com.br\/wp-content\/uploads\/2024\/07\/Exame-Nacional-do-Ensino-Medio.png?fit=1200%2C627&ssl=1&resize=525%2C300 1.5x, https:\/\/i0.wp.com\/ismaelcolosi.com.br\/wp-content\/uploads\/2024\/07\/Exame-Nacional-do-Ensino-Medio.png?fit=1200%2C627&ssl=1&resize=700%2C400 2x, https:\/\/i0.wp.com\/ismaelcolosi.com.br\/wp-content\/uploads\/2024\/07\/Exame-Nacional-do-Ensino-Medio.png?fit=1200%2C627&ssl=1&resize=1050%2C600 3x"},"classes":[]}],"jetpack_sharing_enabled":true,"jetpack_shortlink":"https:\/\/wp.me\/pfMlyK-dx0","_links":{"self":[{"href":"https:\/\/ismaelcolosi.com.br\/index.php\/wp-json\/wp\/v2\/posts\/52018","targetHints":{"allow":["GET"]}}],"collection":[{"href":"https:\/\/ismaelcolosi.com.br\/index.php\/wp-json\/wp\/v2\/posts"}],"about":[{"href":"https:\/\/ismaelcolosi.com.br\/index.php\/wp-json\/wp\/v2\/types\/post"}],"author":[{"embeddable":true,"href":"https:\/\/ismaelcolosi.com.br\/index.php\/wp-json\/wp\/v2\/users\/1"}],"replies":[{"embeddable":true,"href":"https:\/\/ismaelcolosi.com.br\/index.php\/wp-json\/wp\/v2\/comments?post=52018"}],"version-history":[{"count":0,"href":"https:\/\/ismaelcolosi.com.br\/index.php\/wp-json\/wp\/v2\/posts\/52018\/revisions"}],"wp:featuredmedia":[{"embeddable":true,"href":"https:\/\/ismaelcolosi.com.br\/index.php\/wp-json\/wp\/v2\/media\/51310"}],"wp:attachment":[{"href":"https:\/\/ismaelcolosi.com.br\/index.php\/wp-json\/wp\/v2\/media?parent=52018"}],"wp:term":[{"taxonomy":"category","embeddable":true,"href":"https:\/\/ismaelcolosi.com.br\/index.php\/wp-json\/wp\/v2\/categories?post=52018"},{"taxonomy":"post_tag","embeddable":true,"href":"https:\/\/ismaelcolosi.com.br\/index.php\/wp-json\/wp\/v2\/tags?post=52018"}],"curies":[{"name":"wp","href":"https:\/\/api.w.org\/{rel}","templated":true}]}}